{"id":137131,"date":"2025-11-08T21:45:03","date_gmt":"2025-11-09T02:45:03","guid":{"rendered":"https:\/\/www.quebakan.com\/v15\/?p=137131"},"modified":"2025-11-08T21:45:03","modified_gmt":"2025-11-09T02:45:03","slug":"omni-hospital-impulsa-la-formacion-medica-continua-y-fortalece-el-desarrollo-profesional-del-sector-salud-en-ecuador-con-sus-xii-jornadas-medicas-2025","status":"publish","type":"post","link":"https:\/\/www.quebakan.com\/v15\/omni-hospital-impulsa-la-formacion-medica-continua-y-fortalece-el-desarrollo-profesional-del-sector-salud-en-ecuador-con-sus-xii-jornadas-medicas-2025\/","title":{"rendered":"Omni Hospital impulsa la formaci\u00f3n m\u00e9dica continua y fortalece el desarrollo profesional del sector salud en Ecuador con sus XII Jornadas M\u00e9dicas 2025"},"content":{"rendered":"<p><img fetchpriority=\"high\" decoding=\"async\" class=\"aligncenter size-full wp-image-137132\" src=\"https:\/\/www.quebakan.com\/v15\/wp-content\/uploads\/2025\/11\/01.jpg\" alt=\"\" width=\"700\" height=\"466\" \/><\/p>\n<p style=\"text-align: justify;\"><span style=\"color: #000000;\">Omni Hospital llev\u00f3 a cabo la XII edici\u00f3n de sus Jornadas M\u00e9dicas, un espacio acad\u00e9mico que reafirma su compromiso con la educaci\u00f3n continua y la actualizaci\u00f3n cient\u00edfica de los profesionales de la salud en Ecuador. El evento se realiz\u00f3 en las instalaciones del hospital promoviendo el acceso al conocimiento y el intercambio acad\u00e9mico en beneficio del sector salud del pa\u00eds.<\/span><\/p>\n<p style=\"text-align: justify;\"><span style=\"color: #000000;\">Durante cinco d\u00edas, las jornadas reunieron a destacados especialistas nacionales e internacionales, quienes compartieron sus conocimientos en conferencias, simposios, talleres pr\u00e1cticos y espacios de discusi\u00f3n cient\u00edfica. La agenda incluy\u00f3 charlas magistrales, mesas redondas, casos cl\u00ednicos e investigaciones, abordando algunas de las patolog\u00edas m\u00e1s relevantes en la pr\u00e1ctica m\u00e9dica actual.<\/span><\/p>\n<p style=\"text-align: justify;\"><span style=\"color: #000000;\">Entre los temas destacados se abordaron:<\/span><\/p>\n<ul style=\"text-align: justify;\">\n<li><span style=\"color: #000000;\"><strong>Enfermedad Hep\u00e1tica Esteat\u00f3sica (MASLD)<\/strong> y su actualizaci\u00f3n en la Red de Trasplante Hep\u00e1tico.<\/span><\/li>\n<li><span style=\"color: #000000;\"><strong>Inflamaci\u00f3n, metabolismo y m\u00fasculo<\/strong>: el desaf\u00edo cl\u00ednico de una longevidad saludable.<\/span><\/li>\n<li><span style=\"color: #000000;\"><strong>S\u00edndrome antifosfol\u00edpido<\/strong>: diagn\u00f3stico y manejo.<\/span><\/li>\n<li><span style=\"color: #000000;\"><strong>Litiasis renal<\/strong> con un enfoque multidisciplinario.<\/span><\/li>\n<li><span style=\"color: #000000;\"><strong>Infecciones osteoarticulares por <em>Mycobacterium fortuitum<\/em>.\n<p><\/strong><\/span><\/li>\n<li><span style=\"color: #000000;\"><strong>Innovaciones en cirug\u00eda tor\u00e1cica y digestiva<\/strong>: hernia incisional gigante, tuberculosis quir\u00fargica y seguridad del paciente.<\/span><\/li>\n<li><span style=\"color: #000000;\"><strong>Cardiolog\u00eda de vanguardia<\/strong>: hipertensi\u00f3n 2025, insuficiencia card\u00edaca, intervencionismo percut\u00e1neo y fibrilaci\u00f3n auricular.<\/span><\/li>\n<li><span style=\"color: #000000;\"><strong>Endometriosis y el aporte de la resonancia magn\u00e9tica<\/strong> para su diagn\u00f3stico.<\/span><\/li>\n<li><span style=\"color: #000000;\"><strong>Ginecolog\u00eda y obstetricia<\/strong>: uso de probi\u00f3ticos en mujeres embarazadas y nuevos enfoques para infecciones vaginales.<\/span><\/li>\n<\/ul>\n<p style=\"text-align: justify;\"><span style=\"color: #000000;\">Este a\u00f1o destac\u00f3 la participaci\u00f3n de <strong>110 expositores<\/strong> y la presentaci\u00f3n de investigaciones cient\u00edficas emergentes. Como un aporte a la formaci\u00f3n m\u00e9dica y a la generaci\u00f3n de conocimiento, se expusieron <strong>15 posters de investigaci\u00f3n<\/strong>, desarrollados por <strong>27 postgradistas<\/strong> de Omni Hospital y de otras instituciones acad\u00e9micas, quienes demostraron un alto nivel cient\u00edfico y acad\u00e9mico. Este espacio fortaleci\u00f3 el v\u00ednculo entre la pr\u00e1ctica m\u00e9dica y la investigaci\u00f3n, impulsando una cultura de ciencia aplicada y an\u00e1lisis cl\u00ednico avanzado.<\/span><\/p>\n<p style=\"text-align: justify;\"><span style=\"color: #000000;\">El evento recibi\u00f3 aproximadamente <strong>300 asistentes<\/strong>, consolidando este encuentro como uno de los espacios acad\u00e9micos m\u00e1s importantes del sector salud en Ecuador, evidenciando el inter\u00e9s y compromiso de la comunidad m\u00e9dica por continuar fortaleciendo sus conocimientos y su pr\u00e1ctica cl\u00ednica.<\/span><\/p>\n<p style=\"text-align: justify;\"><span style=\"color: #000000;\">\u201cEstas jornadas representaron un espacio de actualizaci\u00f3n de conocimientos m\u00e9dicos de primer nivel, donde los profesionales de la salud pudieron compartir experiencias y fortalecer la pr\u00e1ctica en beneficio de la comunidad\u201d, se\u00f1al\u00f3 Mauricio Navia, Gerente General de Omni Hospital.<\/span><\/p>\n<p style=\"text-align: justify;\"><span style=\"color: #000000;\">Omni Hospital reafirma su compromiso con la educaci\u00f3n m\u00e9dica continua, la excelencia cient\u00edfica y el desarrollo profesional del personal de salud, contribuyendo al fortalecimiento del sistema sanitario ecuatoriano.<\/span><\/p>\n<p><img decoding=\"async\" class=\"aligncenter size-full wp-image-137133\" src=\"https:\/\/www.quebakan.com\/v15\/wp-content\/uploads\/2025\/11\/02.jpg\" alt=\"\" width=\"466\" height=\"700\" \/><\/p>\n<p>&nbsp;<\/p>\n<p><img decoding=\"async\" class=\"aligncenter size-full wp-image-137134\" src=\"https:\/\/www.quebakan.com\/v15\/wp-content\/uploads\/2025\/11\/03.jpg\" alt=\"\" width=\"700\" height=\"466\" \/><\/p>\n<p>&nbsp;<\/p>\n<p><img loading=\"lazy\" decoding=\"async\" class=\"aligncenter size-full wp-image-137135\" src=\"https:\/\/www.quebakan.com\/v15\/wp-content\/uploads\/2025\/11\/04.jpg\" alt=\"\" width=\"700\" height=\"466\" \/><\/p>\n","protected":false},"excerpt":{"rendered":"<p>Omni Hospital llev\u00f3 a cabo la XII edici\u00f3n de sus Jornadas M\u00e9dicas, un espacio acad\u00e9mico que reafirma su compromiso con la educaci\u00f3n continua y la actualizaci\u00f3n cient\u00edfica de los profesionales de la salud en Ecuador. El evento se realiz\u00f3 en las instalaciones del hospital promoviendo el acceso al conocimiento y el intercambio acad\u00e9mico en beneficio [&hellip;]<\/p>\n","protected":false},"author":4,"featured_media":137132,"comment_status":"closed","ping_status":"closed","sticky":false,"template":"","format":"standard","meta":{"_bbp_topic_count":0,"_bbp_reply_count":0,"_bbp_total_topic_count":0,"_bbp_total_reply_count":0,"_bbp_voice_count":0,"_bbp_anonymous_reply_count":0,"_bbp_topic_count_hidden":0,"_bbp_reply_count_hidden":0,"_bbp_forum_subforum_count":0,"buzzeditor_post_format":"","footnotes":""},"categories":[2],"tags":[],"class_list":["post-137131","post","type-post","status-publish","format-standard","has-post-thumbnail","hentry","category-noticias"],"yoast_head":"<!-- This site is optimized with the Yoast SEO plugin v27.5 - https:\/\/yoast.com\/product\/yoast-seo-wordpress\/ -->\n<title>Omni Hospital impulsa la formaci\u00f3n m\u00e9dica continua y fortalece el desarrollo profesional del sector salud en Ecuador con sus XII Jornadas M\u00e9dicas 2025 &#8211; QUEBAKAN.COM 2026: Noticias, Eventos, Conciertos y mucho m\u00e1s....<\/title>\n<meta name=\"robots\" content=\"index, follow, max-snippet:-1, max-image-preview:large, max-video-preview:-1\" \/>\n<link rel=\"canonical\" href=\"https:\/\/www.quebakan.com\/v15\/omni-hospital-impulsa-la-formacion-medica-continua-y-fortalece-el-desarrollo-profesional-del-sector-salud-en-ecuador-con-sus-xii-jornadas-medicas-2025\/\" \/>\n<meta property=\"og:locale\" content=\"es_ES\" \/>\n<meta property=\"og:type\" content=\"article\" \/>\n<meta property=\"og:title\" content=\"Omni Hospital impulsa la formaci\u00f3n m\u00e9dica continua y fortalece el desarrollo profesional del sector salud en Ecuador con sus XII Jornadas M\u00e9dicas 2025 &#8211; QUEBAKAN.COM 2026: Noticias, Eventos, Conciertos y mucho m\u00e1s....\" \/>\n<meta property=\"og:description\" content=\"Omni Hospital llev\u00f3 a cabo la XII edici\u00f3n de sus Jornadas M\u00e9dicas, un espacio acad\u00e9mico que reafirma su compromiso con la educaci\u00f3n continua y la actualizaci\u00f3n cient\u00edfica de los profesionales de la salud en Ecuador. El evento se realiz\u00f3 en las instalaciones del hospital promoviendo el acceso al conocimiento y el intercambio acad\u00e9mico en beneficio [&hellip;]\" \/>\n<meta property=\"og:url\" content=\"https:\/\/www.quebakan.com\/v15\/omni-hospital-impulsa-la-formacion-medica-continua-y-fortalece-el-desarrollo-profesional-del-sector-salud-en-ecuador-con-sus-xii-jornadas-medicas-2025\/\" \/>\n<meta property=\"og:site_name\" content=\"QUEBAKAN.COM 2026: Noticias, Eventos, Conciertos y mucho m\u00e1s....\" \/>\n<meta property=\"article:publisher\" content=\"http:\/\/www.facebook.com\/quebakan\" \/>\n<meta property=\"article:published_time\" content=\"2025-11-09T02:45:03+00:00\" \/>\n<meta property=\"og:image\" content=\"https:\/\/www.quebakan.com\/v15\/wp-content\/uploads\/2025\/11\/01.jpg\" \/>\n\t<meta property=\"og:image:width\" content=\"700\" \/>\n\t<meta property=\"og:image:height\" content=\"466\" \/>\n\t<meta property=\"og:image:type\" content=\"image\/jpeg\" \/>\n<meta name=\"author\" content=\"Erick Villafuerte\" \/>\n<meta name=\"twitter:card\" content=\"summary_large_image\" \/>\n<meta name=\"twitter:creator\" content=\"@quebakanec\" \/>\n<meta name=\"twitter:site\" content=\"@quebakanec\" \/>\n<meta name=\"twitter:label1\" content=\"Escrito por\" \/>\n\t<meta name=\"twitter:data1\" content=\"Erick Villafuerte\" \/>\n\t<meta name=\"twitter:label2\" content=\"Tiempo de lectura\" \/>\n\t<meta name=\"twitter:data2\" content=\"3 minutos\" \/>\n<script type=\"application\/ld+json\" class=\"yoast-schema-graph\">{\"@context\":\"https:\\\/\\\/schema.org\",\"@graph\":[{\"@type\":\"Article\",\"@id\":\"https:\\\/\\\/www.quebakan.com\\\/v15\\\/omni-hospital-impulsa-la-formacion-medica-continua-y-fortalece-el-desarrollo-profesional-del-sector-salud-en-ecuador-con-sus-xii-jornadas-medicas-2025\\\/#article\",\"isPartOf\":{\"@id\":\"https:\\\/\\\/www.quebakan.com\\\/v15\\\/omni-hospital-impulsa-la-formacion-medica-continua-y-fortalece-el-desarrollo-profesional-del-sector-salud-en-ecuador-con-sus-xii-jornadas-medicas-2025\\\/\"},\"author\":{\"name\":\"Erick Villafuerte\",\"@id\":\"https:\\\/\\\/www.quebakan.com\\\/v15\\\/#\\\/schema\\\/person\\\/d90fa9f9cfa81eb8ace9811e5b7b9118\"},\"headline\":\"Omni Hospital impulsa la formaci\u00f3n m\u00e9dica continua y fortalece el desarrollo profesional del sector salud en Ecuador con sus XII Jornadas M\u00e9dicas 2025\",\"datePublished\":\"2025-11-09T02:45:03+00:00\",\"mainEntityOfPage\":{\"@id\":\"https:\\\/\\\/www.quebakan.com\\\/v15\\\/omni-hospital-impulsa-la-formacion-medica-continua-y-fortalece-el-desarrollo-profesional-del-sector-salud-en-ecuador-con-sus-xii-jornadas-medicas-2025\\\/\"},\"wordCount\":483,\"publisher\":{\"@id\":\"https:\\\/\\\/www.quebakan.com\\\/v15\\\/#organization\"},\"image\":{\"@id\":\"https:\\\/\\\/www.quebakan.com\\\/v15\\\/omni-hospital-impulsa-la-formacion-medica-continua-y-fortalece-el-desarrollo-profesional-del-sector-salud-en-ecuador-con-sus-xii-jornadas-medicas-2025\\\/#primaryimage\"},\"thumbnailUrl\":\"https:\\\/\\\/www.quebakan.com\\\/v15\\\/wp-content\\\/uploads\\\/2025\\\/11\\\/01.jpg\",\"articleSection\":[\"Noticias\"],\"inLanguage\":\"es\"},{\"@type\":\"WebPage\",\"@id\":\"https:\\\/\\\/www.quebakan.com\\\/v15\\\/omni-hospital-impulsa-la-formacion-medica-continua-y-fortalece-el-desarrollo-profesional-del-sector-salud-en-ecuador-con-sus-xii-jornadas-medicas-2025\\\/\",\"url\":\"https:\\\/\\\/www.quebakan.com\\\/v15\\\/omni-hospital-impulsa-la-formacion-medica-continua-y-fortalece-el-desarrollo-profesional-del-sector-salud-en-ecuador-con-sus-xii-jornadas-medicas-2025\\\/\",\"name\":\"Omni Hospital impulsa la formaci\u00f3n m\u00e9dica continua y fortalece el desarrollo profesional del sector salud en Ecuador con sus XII Jornadas M\u00e9dicas 2025 &#8211; QUEBAKAN.COM 2026: Noticias, Eventos, Conciertos y mucho m\u00e1s....\",\"isPartOf\":{\"@id\":\"https:\\\/\\\/www.quebakan.com\\\/v15\\\/#website\"},\"primaryImageOfPage\":{\"@id\":\"https:\\\/\\\/www.quebakan.com\\\/v15\\\/omni-hospital-impulsa-la-formacion-medica-continua-y-fortalece-el-desarrollo-profesional-del-sector-salud-en-ecuador-con-sus-xii-jornadas-medicas-2025\\\/#primaryimage\"},\"image\":{\"@id\":\"https:\\\/\\\/www.quebakan.com\\\/v15\\\/omni-hospital-impulsa-la-formacion-medica-continua-y-fortalece-el-desarrollo-profesional-del-sector-salud-en-ecuador-con-sus-xii-jornadas-medicas-2025\\\/#primaryimage\"},\"thumbnailUrl\":\"https:\\\/\\\/www.quebakan.com\\\/v15\\\/wp-content\\\/uploads\\\/2025\\\/11\\\/01.jpg\",\"datePublished\":\"2025-11-09T02:45:03+00:00\",\"breadcrumb\":{\"@id\":\"https:\\\/\\\/www.quebakan.com\\\/v15\\\/omni-hospital-impulsa-la-formacion-medica-continua-y-fortalece-el-desarrollo-profesional-del-sector-salud-en-ecuador-con-sus-xii-jornadas-medicas-2025\\\/#breadcrumb\"},\"inLanguage\":\"es\",\"potentialAction\":[{\"@type\":\"ReadAction\",\"target\":[\"https:\\\/\\\/www.quebakan.com\\\/v15\\\/omni-hospital-impulsa-la-formacion-medica-continua-y-fortalece-el-desarrollo-profesional-del-sector-salud-en-ecuador-con-sus-xii-jornadas-medicas-2025\\\/\"]}]},{\"@type\":\"ImageObject\",\"inLanguage\":\"es\",\"@id\":\"https:\\\/\\\/www.quebakan.com\\\/v15\\\/omni-hospital-impulsa-la-formacion-medica-continua-y-fortalece-el-desarrollo-profesional-del-sector-salud-en-ecuador-con-sus-xii-jornadas-medicas-2025\\\/#primaryimage\",\"url\":\"https:\\\/\\\/www.quebakan.com\\\/v15\\\/wp-content\\\/uploads\\\/2025\\\/11\\\/01.jpg\",\"contentUrl\":\"https:\\\/\\\/www.quebakan.com\\\/v15\\\/wp-content\\\/uploads\\\/2025\\\/11\\\/01.jpg\",\"width\":700,\"height\":466},{\"@type\":\"BreadcrumbList\",\"@id\":\"https:\\\/\\\/www.quebakan.com\\\/v15\\\/omni-hospital-impulsa-la-formacion-medica-continua-y-fortalece-el-desarrollo-profesional-del-sector-salud-en-ecuador-con-sus-xii-jornadas-medicas-2025\\\/#breadcrumb\",\"itemListElement\":[{\"@type\":\"ListItem\",\"position\":1,\"name\":\"Portada\",\"item\":\"https:\\\/\\\/www.quebakan.com\\\/v15\\\/\"},{\"@type\":\"ListItem\",\"position\":2,\"name\":\"Omni Hospital impulsa la formaci\u00f3n m\u00e9dica continua y fortalece el desarrollo profesional del sector salud en Ecuador con sus XII Jornadas M\u00e9dicas 2025\"}]},{\"@type\":\"WebSite\",\"@id\":\"https:\\\/\\\/www.quebakan.com\\\/v15\\\/#website\",\"url\":\"https:\\\/\\\/www.quebakan.com\\\/v15\\\/\",\"name\":\"QUEBAKAN\",\"description\":\"..\",\"publisher\":{\"@id\":\"https:\\\/\\\/www.quebakan.com\\\/v15\\\/#organization\"},\"potentialAction\":[{\"@type\":\"SearchAction\",\"target\":{\"@type\":\"EntryPoint\",\"urlTemplate\":\"https:\\\/\\\/www.quebakan.com\\\/v15\\\/?s={search_term_string}\"},\"query-input\":{\"@type\":\"PropertyValueSpecification\",\"valueRequired\":true,\"valueName\":\"search_term_string\"}}],\"inLanguage\":\"es\"},{\"@type\":\"Organization\",\"@id\":\"https:\\\/\\\/www.quebakan.com\\\/v15\\\/#organization\",\"name\":\"Quebakan.com\",\"url\":\"https:\\\/\\\/www.quebakan.com\\\/v15\\\/\",\"logo\":{\"@type\":\"ImageObject\",\"inLanguage\":\"es\",\"@id\":\"https:\\\/\\\/www.quebakan.com\\\/v15\\\/#\\\/schema\\\/logo\\\/image\\\/\",\"url\":\"https:\\\/\\\/www.quebakan.com\\\/v15\\\/wp-content\\\/uploads\\\/2023\\\/07\\\/logoquebakanenero2021.jpg\",\"contentUrl\":\"https:\\\/\\\/www.quebakan.com\\\/v15\\\/wp-content\\\/uploads\\\/2023\\\/07\\\/logoquebakanenero2021.jpg\",\"width\":1920,\"height\":1080,\"caption\":\"Quebakan.com\"},\"image\":{\"@id\":\"https:\\\/\\\/www.quebakan.com\\\/v15\\\/#\\\/schema\\\/logo\\\/image\\\/\"},\"sameAs\":[\"http:\\\/\\\/www.facebook.com\\\/quebakan\",\"https:\\\/\\\/x.com\\\/quebakanec\",\"http:\\\/\\\/www.instagram.com\\\/quebakan\",\"http:\\\/\\\/www.youtube.com\\\/quebakan1\"]},{\"@type\":\"Person\",\"@id\":\"https:\\\/\\\/www.quebakan.com\\\/v15\\\/#\\\/schema\\\/person\\\/d90fa9f9cfa81eb8ace9811e5b7b9118\",\"name\":\"Erick Villafuerte\",\"image\":{\"@type\":\"ImageObject\",\"inLanguage\":\"es\",\"@id\":\"https:\\\/\\\/www.quebakan.com\\\/v15\\\/wp-content\\\/uploads\\\/avatars\\\/4\\\/1731297654-bpfull.png\",\"url\":\"https:\\\/\\\/www.quebakan.com\\\/v15\\\/wp-content\\\/uploads\\\/avatars\\\/4\\\/1731297654-bpfull.png\",\"contentUrl\":\"https:\\\/\\\/www.quebakan.com\\\/v15\\\/wp-content\\\/uploads\\\/avatars\\\/4\\\/1731297654-bpfull.png\",\"caption\":\"Erick Villafuerte\"}}]}<\/script>\n<!-- \/ Yoast SEO plugin. -->","yoast_head_json":{"title":"Omni Hospital impulsa la formaci\u00f3n m\u00e9dica continua y fortalece el desarrollo profesional del sector salud en Ecuador con sus XII Jornadas M\u00e9dicas 2025 &#8211; QUEBAKAN.COM 2026: Noticias, Eventos, Conciertos y mucho m\u00e1s....","robots":{"index":"index","follow":"follow","max-snippet":"max-snippet:-1","max-image-preview":"max-image-preview:large","max-video-preview":"max-video-preview:-1"},"canonical":"https:\/\/www.quebakan.com\/v15\/omni-hospital-impulsa-la-formacion-medica-continua-y-fortalece-el-desarrollo-profesional-del-sector-salud-en-ecuador-con-sus-xii-jornadas-medicas-2025\/","og_locale":"es_ES","og_type":"article","og_title":"Omni Hospital impulsa la formaci\u00f3n m\u00e9dica continua y fortalece el desarrollo profesional del sector salud en Ecuador con sus XII Jornadas M\u00e9dicas 2025 &#8211; QUEBAKAN.COM 2026: Noticias, Eventos, Conciertos y mucho m\u00e1s....","og_description":"Omni Hospital llev\u00f3 a cabo la XII edici\u00f3n de sus Jornadas M\u00e9dicas, un espacio acad\u00e9mico que reafirma su compromiso con la educaci\u00f3n continua y la actualizaci\u00f3n cient\u00edfica de los profesionales de la salud en Ecuador. El evento se realiz\u00f3 en las instalaciones del hospital promoviendo el acceso al conocimiento y el intercambio acad\u00e9mico en beneficio [&hellip;]","og_url":"https:\/\/www.quebakan.com\/v15\/omni-hospital-impulsa-la-formacion-medica-continua-y-fortalece-el-desarrollo-profesional-del-sector-salud-en-ecuador-con-sus-xii-jornadas-medicas-2025\/","og_site_name":"QUEBAKAN.COM 2026: Noticias, Eventos, Conciertos y mucho m\u00e1s....","article_publisher":"http:\/\/www.facebook.com\/quebakan","article_published_time":"2025-11-09T02:45:03+00:00","og_image":[{"width":700,"height":466,"url":"https:\/\/www.quebakan.com\/v15\/wp-content\/uploads\/2025\/11\/01.jpg","type":"image\/jpeg"}],"author":"Erick Villafuerte","twitter_card":"summary_large_image","twitter_creator":"@quebakanec","twitter_site":"@quebakanec","twitter_misc":{"Escrito por":"Erick Villafuerte","Tiempo de lectura":"3 minutos"},"schema":{"@context":"https:\/\/schema.org","@graph":[{"@type":"Article","@id":"https:\/\/www.quebakan.com\/v15\/omni-hospital-impulsa-la-formacion-medica-continua-y-fortalece-el-desarrollo-profesional-del-sector-salud-en-ecuador-con-sus-xii-jornadas-medicas-2025\/#article","isPartOf":{"@id":"https:\/\/www.quebakan.com\/v15\/omni-hospital-impulsa-la-formacion-medica-continua-y-fortalece-el-desarrollo-profesional-del-sector-salud-en-ecuador-con-sus-xii-jornadas-medicas-2025\/"},"author":{"name":"Erick Villafuerte","@id":"https:\/\/www.quebakan.com\/v15\/#\/schema\/person\/d90fa9f9cfa81eb8ace9811e5b7b9118"},"headline":"Omni Hospital impulsa la formaci\u00f3n m\u00e9dica continua y fortalece el desarrollo profesional del sector salud en Ecuador con sus XII Jornadas M\u00e9dicas 2025","datePublished":"2025-11-09T02:45:03+00:00","mainEntityOfPage":{"@id":"https:\/\/www.quebakan.com\/v15\/omni-hospital-impulsa-la-formacion-medica-continua-y-fortalece-el-desarrollo-profesional-del-sector-salud-en-ecuador-con-sus-xii-jornadas-medicas-2025\/"},"wordCount":483,"publisher":{"@id":"https:\/\/www.quebakan.com\/v15\/#organization"},"image":{"@id":"https:\/\/www.quebakan.com\/v15\/omni-hospital-impulsa-la-formacion-medica-continua-y-fortalece-el-desarrollo-profesional-del-sector-salud-en-ecuador-con-sus-xii-jornadas-medicas-2025\/#primaryimage"},"thumbnailUrl":"https:\/\/www.quebakan.com\/v15\/wp-content\/uploads\/2025\/11\/01.jpg","articleSection":["Noticias"],"inLanguage":"es"},{"@type":"WebPage","@id":"https:\/\/www.quebakan.com\/v15\/omni-hospital-impulsa-la-formacion-medica-continua-y-fortalece-el-desarrollo-profesional-del-sector-salud-en-ecuador-con-sus-xii-jornadas-medicas-2025\/","url":"https:\/\/www.quebakan.com\/v15\/omni-hospital-impulsa-la-formacion-medica-continua-y-fortalece-el-desarrollo-profesional-del-sector-salud-en-ecuador-con-sus-xii-jornadas-medicas-2025\/","name":"Omni Hospital impulsa la formaci\u00f3n m\u00e9dica continua y fortalece el desarrollo profesional del sector salud en Ecuador con sus XII Jornadas M\u00e9dicas 2025 &#8211; QUEBAKAN.COM 2026: Noticias, Eventos, Conciertos y mucho m\u00e1s....","isPartOf":{"@id":"https:\/\/www.quebakan.com\/v15\/#website"},"primaryImageOfPage":{"@id":"https:\/\/www.quebakan.com\/v15\/omni-hospital-impulsa-la-formacion-medica-continua-y-fortalece-el-desarrollo-profesional-del-sector-salud-en-ecuador-con-sus-xii-jornadas-medicas-2025\/#primaryimage"},"image":{"@id":"https:\/\/www.quebakan.com\/v15\/omni-hospital-impulsa-la-formacion-medica-continua-y-fortalece-el-desarrollo-profesional-del-sector-salud-en-ecuador-con-sus-xii-jornadas-medicas-2025\/#primaryimage"},"thumbnailUrl":"https:\/\/www.quebakan.com\/v15\/wp-content\/uploads\/2025\/11\/01.jpg","datePublished":"2025-11-09T02:45:03+00:00","breadcrumb":{"@id":"https:\/\/www.quebakan.com\/v15\/omni-hospital-impulsa-la-formacion-medica-continua-y-fortalece-el-desarrollo-profesional-del-sector-salud-en-ecuador-con-sus-xii-jornadas-medicas-2025\/#breadcrumb"},"inLanguage":"es","potentialAction":[{"@type":"ReadAction","target":["https:\/\/www.quebakan.com\/v15\/omni-hospital-impulsa-la-formacion-medica-continua-y-fortalece-el-desarrollo-profesional-del-sector-salud-en-ecuador-con-sus-xii-jornadas-medicas-2025\/"]}]},{"@type":"ImageObject","inLanguage":"es","@id":"https:\/\/www.quebakan.com\/v15\/omni-hospital-impulsa-la-formacion-medica-continua-y-fortalece-el-desarrollo-profesional-del-sector-salud-en-ecuador-con-sus-xii-jornadas-medicas-2025\/#primaryimage","url":"https:\/\/www.quebakan.com\/v15\/wp-content\/uploads\/2025\/11\/01.jpg","contentUrl":"https:\/\/www.quebakan.com\/v15\/wp-content\/uploads\/2025\/11\/01.jpg","width":700,"height":466},{"@type":"BreadcrumbList","@id":"https:\/\/www.quebakan.com\/v15\/omni-hospital-impulsa-la-formacion-medica-continua-y-fortalece-el-desarrollo-profesional-del-sector-salud-en-ecuador-con-sus-xii-jornadas-medicas-2025\/#breadcrumb","itemListElement":[{"@type":"ListItem","position":1,"name":"Portada","item":"https:\/\/www.quebakan.com\/v15\/"},{"@type":"ListItem","position":2,"name":"Omni Hospital impulsa la formaci\u00f3n m\u00e9dica continua y fortalece el desarrollo profesional del sector salud en Ecuador con sus XII Jornadas M\u00e9dicas 2025"}]},{"@type":"WebSite","@id":"https:\/\/www.quebakan.com\/v15\/#website","url":"https:\/\/www.quebakan.com\/v15\/","name":"QUEBAKAN","description":"..","publisher":{"@id":"https:\/\/www.quebakan.com\/v15\/#organization"},"potentialAction":[{"@type":"SearchAction","target":{"@type":"EntryPoint","urlTemplate":"https:\/\/www.quebakan.com\/v15\/?s={search_term_string}"},"query-input":{"@type":"PropertyValueSpecification","valueRequired":true,"valueName":"search_term_string"}}],"inLanguage":"es"},{"@type":"Organization","@id":"https:\/\/www.quebakan.com\/v15\/#organization","name":"Quebakan.com","url":"https:\/\/www.quebakan.com\/v15\/","logo":{"@type":"ImageObject","inLanguage":"es","@id":"https:\/\/www.quebakan.com\/v15\/#\/schema\/logo\/image\/","url":"https:\/\/www.quebakan.com\/v15\/wp-content\/uploads\/2023\/07\/logoquebakanenero2021.jpg","contentUrl":"https:\/\/www.quebakan.com\/v15\/wp-content\/uploads\/2023\/07\/logoquebakanenero2021.jpg","width":1920,"height":1080,"caption":"Quebakan.com"},"image":{"@id":"https:\/\/www.quebakan.com\/v15\/#\/schema\/logo\/image\/"},"sameAs":["http:\/\/www.facebook.com\/quebakan","https:\/\/x.com\/quebakanec","http:\/\/www.instagram.com\/quebakan","http:\/\/www.youtube.com\/quebakan1"]},{"@type":"Person","@id":"https:\/\/www.quebakan.com\/v15\/#\/schema\/person\/d90fa9f9cfa81eb8ace9811e5b7b9118","name":"Erick Villafuerte","image":{"@type":"ImageObject","inLanguage":"es","@id":"https:\/\/www.quebakan.com\/v15\/wp-content\/uploads\/avatars\/4\/1731297654-bpfull.png","url":"https:\/\/www.quebakan.com\/v15\/wp-content\/uploads\/avatars\/4\/1731297654-bpfull.png","contentUrl":"https:\/\/www.quebakan.com\/v15\/wp-content\/uploads\/avatars\/4\/1731297654-bpfull.png","caption":"Erick Villafuerte"}}]}},"_links":{"self":[{"href":"https:\/\/www.quebakan.com\/v15\/wp-json\/wp\/v2\/posts\/137131","targetHints":{"allow":["GET"]}}],"collection":[{"href":"https:\/\/www.quebakan.com\/v15\/wp-json\/wp\/v2\/posts"}],"about":[{"href":"https:\/\/www.quebakan.com\/v15\/wp-json\/wp\/v2\/types\/post"}],"author":[{"embeddable":true,"href":"https:\/\/www.quebakan.com\/v15\/wp-json\/wp\/v2\/users\/4"}],"replies":[{"embeddable":true,"href":"https:\/\/www.quebakan.com\/v15\/wp-json\/wp\/v2\/comments?post=137131"}],"version-history":[{"count":1,"href":"https:\/\/www.quebakan.com\/v15\/wp-json\/wp\/v2\/posts\/137131\/revisions"}],"predecessor-version":[{"id":137136,"href":"https:\/\/www.quebakan.com\/v15\/wp-json\/wp\/v2\/posts\/137131\/revisions\/137136"}],"wp:featuredmedia":[{"embeddable":true,"href":"https:\/\/www.quebakan.com\/v15\/wp-json\/wp\/v2\/media\/137132"}],"wp:attachment":[{"href":"https:\/\/www.quebakan.com\/v15\/wp-json\/wp\/v2\/media?parent=137131"}],"wp:term":[{"taxonomy":"category","embeddable":true,"href":"https:\/\/www.quebakan.com\/v15\/wp-json\/wp\/v2\/categories?post=137131"},{"taxonomy":"post_tag","embeddable":true,"href":"https:\/\/www.quebakan.com\/v15\/wp-json\/wp\/v2\/tags?post=137131"}],"curies":[{"name":"wp","href":"https:\/\/api.w.org\/{rel}","templated":true}]}}