{"id":137137,"date":"2025-11-08T21:55:01","date_gmt":"2025-11-09T02:55:01","guid":{"rendered":"https:\/\/www.quebakan.com\/v15\/?p=137137"},"modified":"2025-11-08T21:55:01","modified_gmt":"2025-11-09T02:55:01","slug":"luis-loaiza-ceo-de-jelou-fue-keynote-speaker-en-el-aniversario-de-la-espol","status":"publish","type":"post","link":"https:\/\/www.quebakan.com\/v15\/luis-loaiza-ceo-de-jelou-fue-keynote-speaker-en-el-aniversario-de-la-espol\/","title":{"rendered":"Luis Loaiza, CEO de Jelou, fue keynote speaker en el aniversario de la Espol"},"content":{"rendered":"<p><img fetchpriority=\"high\" decoding=\"async\" class=\"aligncenter size-full wp-image-137138\" src=\"https:\/\/www.quebakan.com\/v15\/wp-content\/uploads\/2025\/11\/Fotos-Luis-Loaiza-Jelou-1.jpg\" alt=\"\" width=\"700\" height=\"509\" srcset=\"https:\/\/www.quebakan.com\/v15\/wp-content\/uploads\/2025\/11\/Fotos-Luis-Loaiza-Jelou-1.jpg 700w, https:\/\/www.quebakan.com\/v15\/wp-content\/uploads\/2025\/11\/Fotos-Luis-Loaiza-Jelou-1-120x86.jpg 120w\" sizes=\"(max-width: 700px) 100vw, 700px\" \/><\/p>\n<p style=\"text-align: justify;\"><span style=\"color: #000000;\"><b data-olk-copy-source=\"MessageBody\">De izquierda a derecha: <\/b>Carlos Monsalve, V<strong>icerrector de Investigaci\u00f3n, Desarrollo e Innovaci\u00f3n de la Espol; Marcela Aguinaga, Prefecta del Guayas; Cecilia Paredes, Rectora de la Espol; y, Luis Loaiza, CEO de Jelou y Alumni destacado de la instituci\u00f3n acad\u00e9mica<\/strong><\/span><\/p>\n<p style=\"text-align: justify;\"><span style=\"color: #000000;\"><em>Durante su intervenci\u00f3n, destac\u00f3 el poder transformador de la inteligencia artificial. <\/em><\/span><\/p>\n<p style=\"text-align: justify;\"><span style=\"color: #000000;\"><strong>Guayaquil, 2025.-<\/strong> Luis Loaiza, CEO y cofundador de Jelou, particip\u00f3 como <em>keynote speaker<\/em> en la sesi\u00f3n solemne que la Escuela Superior Polit\u00e9cnica del Litoral (Espol) organiz\u00f3 con motivo de su 67\u00ba aniversario. La ceremonia se desarroll\u00f3 en el auditorio del edificio STEM del campus Gustavo Galindo Velasco, y reuni\u00f3 a autoridades, empresarios, investigadores, docentes, estudiantes, <em>alumni<\/em>, entre otros.<\/span><\/p>\n<p style=\"text-align: justify;\"><span style=\"color: #000000;\">Durante su intervenci\u00f3n, Loaiza comparti\u00f3 su visi\u00f3n sobre el papel que la inteligencia artificial tiene en la transformaci\u00f3n de las empresas y destac\u00f3 la importancia de la innovaci\u00f3n, la educaci\u00f3n y el talento ecuatoriano como motores para impulsar el desarrollo tecnol\u00f3gico del pa\u00eds. Record\u00f3 sus inicios en la Espol, donde se gradu\u00f3 de ingeniero en Ciencias Computacionales en el 2009, y c\u00f3mo su formaci\u00f3n acad\u00e9mica y constante preparaci\u00f3n han sido claves para empujar una carrera orientada a la creaci\u00f3n de productos tecnol\u00f3gicos de alto impacto.<\/span><\/p>\n<p style=\"text-align: justify;\"><span style=\"color: #000000;\">Loaiza fund\u00f3 su primera empresa de <em>software<\/em> a los 20 a\u00f1os. La revista \u2018MIT Technology Review\u2019 lo reconoci\u00f3 como uno de los innovadores de menos de 30 a\u00f1os en Latinoam\u00e9rica e innovador del a\u00f1o 2015 en Ecuador. En el 2017, junto con Alberto Vera, fund\u00f3 la <em>startup <\/em>Jelou, que hoy opera en m\u00e1s de 13 pa\u00edses y es utilizada por bancos, cadenas de <em>retail<\/em>, compa\u00f1\u00edas de consumo masivo y peque\u00f1os negocios.<\/span><\/p>\n<p style=\"text-align: justify;\"><span style=\"color: #000000;\">Jelou marc\u00f3 un hito en Ecuador al ser la empresa de inteligencia artificial con mayor inversi\u00f3n extranjera que haya existido, con m\u00e1s de $ 10 millones de financiamiento de grandes grupos de Nueva York, California, M\u00e9xico y Per\u00fa. Con este potente impulso y las alianzas con Meta, Google, Huawei, Open AI y VTEX, se posiciona como la tecnolog\u00eda est\u00e1ndar que ayudar\u00e1 a la regi\u00f3n a acelerar su adopci\u00f3n de la inteligencia artificial.<\/span><\/p>\n<p><img decoding=\"async\" class=\"aligncenter size-full wp-image-137139\" src=\"https:\/\/www.quebakan.com\/v15\/wp-content\/uploads\/2025\/11\/Fotos-Luis-Loaiza-Jelou-7.jpg\" alt=\"\" width=\"700\" height=\"466\" \/><\/p>\n<p style=\"text-align: center;\"><span style=\"color: #000000;\" data-olk-copy-source=\"MessageBody\">Luis Loaiza, CEO de Jelou, particip\u00f3 como Keynote Speaker Alumni, en la Sesi\u00f3n Solemne del Aniversario N.67 de la Espol.<\/span><\/p>\n","protected":false},"excerpt":{"rendered":"<p>De izquierda a derecha: Carlos Monsalve, Vicerrector de Investigaci\u00f3n, Desarrollo e Innovaci\u00f3n de la Espol; Marcela Aguinaga, Prefecta del Guayas; Cecilia Paredes, Rectora de la Espol; y, Luis Loaiza, CEO de Jelou y Alumni destacado de la instituci\u00f3n acad\u00e9mica Durante su intervenci\u00f3n, destac\u00f3 el poder transformador de la inteligencia artificial. Guayaquil, 2025.- Luis Loaiza, CEO [&hellip;]<\/p>\n","protected":false},"author":4,"featured_media":137138,"comment_status":"closed","ping_status":"closed","sticky":false,"template":"","format":"standard","meta":{"_bbp_topic_count":0,"_bbp_reply_count":0,"_bbp_total_topic_count":0,"_bbp_total_reply_count":0,"_bbp_voice_count":0,"_bbp_anonymous_reply_count":0,"_bbp_topic_count_hidden":0,"_bbp_reply_count_hidden":0,"_bbp_forum_subforum_count":0,"buzzeditor_post_format":"","footnotes":""},"categories":[2],"tags":[],"class_list":["post-137137","post","type-post","status-publish","format-standard","has-post-thumbnail","hentry","category-noticias"],"yoast_head":"<!-- This site is optimized with the Yoast SEO plugin v27.5 - https:\/\/yoast.com\/product\/yoast-seo-wordpress\/ -->\n<title>Luis Loaiza, CEO de Jelou, fue keynote speaker en el aniversario de la Espol &#8211; QUEBAKAN.COM 2026: Noticias, Eventos, Conciertos y mucho m\u00e1s....<\/title>\n<meta name=\"robots\" content=\"index, follow, max-snippet:-1, max-image-preview:large, max-video-preview:-1\" \/>\n<link rel=\"canonical\" href=\"https:\/\/www.quebakan.com\/v15\/luis-loaiza-ceo-de-jelou-fue-keynote-speaker-en-el-aniversario-de-la-espol\/\" \/>\n<meta property=\"og:locale\" content=\"es_ES\" \/>\n<meta property=\"og:type\" content=\"article\" \/>\n<meta property=\"og:title\" content=\"Luis Loaiza, CEO de Jelou, fue keynote speaker en el aniversario de la Espol &#8211; QUEBAKAN.COM 2026: Noticias, Eventos, Conciertos y mucho m\u00e1s....\" \/>\n<meta property=\"og:description\" content=\"De izquierda a derecha: Carlos Monsalve, Vicerrector de Investigaci\u00f3n, Desarrollo e Innovaci\u00f3n de la Espol; Marcela Aguinaga, Prefecta del Guayas; Cecilia Paredes, Rectora de la Espol; y, Luis Loaiza, CEO de Jelou y Alumni destacado de la instituci\u00f3n acad\u00e9mica Durante su intervenci\u00f3n, destac\u00f3 el poder transformador de la inteligencia artificial. Guayaquil, 2025.- Luis Loaiza, CEO [&hellip;]\" \/>\n<meta property=\"og:url\" content=\"https:\/\/www.quebakan.com\/v15\/luis-loaiza-ceo-de-jelou-fue-keynote-speaker-en-el-aniversario-de-la-espol\/\" \/>\n<meta property=\"og:site_name\" content=\"QUEBAKAN.COM 2026: Noticias, Eventos, Conciertos y mucho m\u00e1s....\" \/>\n<meta property=\"article:publisher\" content=\"http:\/\/www.facebook.com\/quebakan\" \/>\n<meta property=\"article:published_time\" content=\"2025-11-09T02:55:01+00:00\" \/>\n<meta property=\"og:image\" content=\"https:\/\/www.quebakan.com\/v15\/wp-content\/uploads\/2025\/11\/Fotos-Luis-Loaiza-Jelou-1.jpg\" \/>\n\t<meta property=\"og:image:width\" content=\"700\" \/>\n\t<meta property=\"og:image:height\" content=\"509\" \/>\n\t<meta property=\"og:image:type\" content=\"image\/jpeg\" \/>\n<meta name=\"author\" content=\"Erick Villafuerte\" \/>\n<meta name=\"twitter:card\" content=\"summary_large_image\" \/>\n<meta name=\"twitter:creator\" content=\"@quebakanec\" \/>\n<meta name=\"twitter:site\" content=\"@quebakanec\" \/>\n<meta name=\"twitter:label1\" content=\"Escrito por\" \/>\n\t<meta name=\"twitter:data1\" content=\"Erick Villafuerte\" \/>\n\t<meta name=\"twitter:label2\" content=\"Tiempo de lectura\" \/>\n\t<meta name=\"twitter:data2\" content=\"3 minutos\" \/>\n<script type=\"application\/ld+json\" class=\"yoast-schema-graph\">{\"@context\":\"https:\\\/\\\/schema.org\",\"@graph\":[{\"@type\":\"Article\",\"@id\":\"https:\\\/\\\/www.quebakan.com\\\/v15\\\/luis-loaiza-ceo-de-jelou-fue-keynote-speaker-en-el-aniversario-de-la-espol\\\/#article\",\"isPartOf\":{\"@id\":\"https:\\\/\\\/www.quebakan.com\\\/v15\\\/luis-loaiza-ceo-de-jelou-fue-keynote-speaker-en-el-aniversario-de-la-espol\\\/\"},\"author\":{\"name\":\"Erick Villafuerte\",\"@id\":\"https:\\\/\\\/www.quebakan.com\\\/v15\\\/#\\\/schema\\\/person\\\/d90fa9f9cfa81eb8ace9811e5b7b9118\"},\"headline\":\"Luis Loaiza, CEO de Jelou, fue keynote speaker en el aniversario de la Espol\",\"datePublished\":\"2025-11-09T02:55:01+00:00\",\"mainEntityOfPage\":{\"@id\":\"https:\\\/\\\/www.quebakan.com\\\/v15\\\/luis-loaiza-ceo-de-jelou-fue-keynote-speaker-en-el-aniversario-de-la-espol\\\/\"},\"wordCount\":397,\"publisher\":{\"@id\":\"https:\\\/\\\/www.quebakan.com\\\/v15\\\/#organization\"},\"image\":{\"@id\":\"https:\\\/\\\/www.quebakan.com\\\/v15\\\/luis-loaiza-ceo-de-jelou-fue-keynote-speaker-en-el-aniversario-de-la-espol\\\/#primaryimage\"},\"thumbnailUrl\":\"https:\\\/\\\/www.quebakan.com\\\/v15\\\/wp-content\\\/uploads\\\/2025\\\/11\\\/Fotos-Luis-Loaiza-Jelou-1.jpg\",\"articleSection\":[\"Noticias\"],\"inLanguage\":\"es\"},{\"@type\":\"WebPage\",\"@id\":\"https:\\\/\\\/www.quebakan.com\\\/v15\\\/luis-loaiza-ceo-de-jelou-fue-keynote-speaker-en-el-aniversario-de-la-espol\\\/\",\"url\":\"https:\\\/\\\/www.quebakan.com\\\/v15\\\/luis-loaiza-ceo-de-jelou-fue-keynote-speaker-en-el-aniversario-de-la-espol\\\/\",\"name\":\"Luis Loaiza, CEO de Jelou, fue keynote speaker en el aniversario de la Espol &#8211; QUEBAKAN.COM 2026: Noticias, Eventos, Conciertos y mucho m\u00e1s....\",\"isPartOf\":{\"@id\":\"https:\\\/\\\/www.quebakan.com\\\/v15\\\/#website\"},\"primaryImageOfPage\":{\"@id\":\"https:\\\/\\\/www.quebakan.com\\\/v15\\\/luis-loaiza-ceo-de-jelou-fue-keynote-speaker-en-el-aniversario-de-la-espol\\\/#primaryimage\"},\"image\":{\"@id\":\"https:\\\/\\\/www.quebakan.com\\\/v15\\\/luis-loaiza-ceo-de-jelou-fue-keynote-speaker-en-el-aniversario-de-la-espol\\\/#primaryimage\"},\"thumbnailUrl\":\"https:\\\/\\\/www.quebakan.com\\\/v15\\\/wp-content\\\/uploads\\\/2025\\\/11\\\/Fotos-Luis-Loaiza-Jelou-1.jpg\",\"datePublished\":\"2025-11-09T02:55:01+00:00\",\"breadcrumb\":{\"@id\":\"https:\\\/\\\/www.quebakan.com\\\/v15\\\/luis-loaiza-ceo-de-jelou-fue-keynote-speaker-en-el-aniversario-de-la-espol\\\/#breadcrumb\"},\"inLanguage\":\"es\",\"potentialAction\":[{\"@type\":\"ReadAction\",\"target\":[\"https:\\\/\\\/www.quebakan.com\\\/v15\\\/luis-loaiza-ceo-de-jelou-fue-keynote-speaker-en-el-aniversario-de-la-espol\\\/\"]}]},{\"@type\":\"ImageObject\",\"inLanguage\":\"es\",\"@id\":\"https:\\\/\\\/www.quebakan.com\\\/v15\\\/luis-loaiza-ceo-de-jelou-fue-keynote-speaker-en-el-aniversario-de-la-espol\\\/#primaryimage\",\"url\":\"https:\\\/\\\/www.quebakan.com\\\/v15\\\/wp-content\\\/uploads\\\/2025\\\/11\\\/Fotos-Luis-Loaiza-Jelou-1.jpg\",\"contentUrl\":\"https:\\\/\\\/www.quebakan.com\\\/v15\\\/wp-content\\\/uploads\\\/2025\\\/11\\\/Fotos-Luis-Loaiza-Jelou-1.jpg\",\"width\":700,\"height\":509},{\"@type\":\"BreadcrumbList\",\"@id\":\"https:\\\/\\\/www.quebakan.com\\\/v15\\\/luis-loaiza-ceo-de-jelou-fue-keynote-speaker-en-el-aniversario-de-la-espol\\\/#breadcrumb\",\"itemListElement\":[{\"@type\":\"ListItem\",\"position\":1,\"name\":\"Portada\",\"item\":\"https:\\\/\\\/www.quebakan.com\\\/v15\\\/\"},{\"@type\":\"ListItem\",\"position\":2,\"name\":\"Luis Loaiza, CEO de Jelou, fue keynote speaker en el aniversario de la Espol\"}]},{\"@type\":\"WebSite\",\"@id\":\"https:\\\/\\\/www.quebakan.com\\\/v15\\\/#website\",\"url\":\"https:\\\/\\\/www.quebakan.com\\\/v15\\\/\",\"name\":\"QUEBAKAN\",\"description\":\"..\",\"publisher\":{\"@id\":\"https:\\\/\\\/www.quebakan.com\\\/v15\\\/#organization\"},\"potentialAction\":[{\"@type\":\"SearchAction\",\"target\":{\"@type\":\"EntryPoint\",\"urlTemplate\":\"https:\\\/\\\/www.quebakan.com\\\/v15\\\/?s={search_term_string}\"},\"query-input\":{\"@type\":\"PropertyValueSpecification\",\"valueRequired\":true,\"valueName\":\"search_term_string\"}}],\"inLanguage\":\"es\"},{\"@type\":\"Organization\",\"@id\":\"https:\\\/\\\/www.quebakan.com\\\/v15\\\/#organization\",\"name\":\"Quebakan.com\",\"url\":\"https:\\\/\\\/www.quebakan.com\\\/v15\\\/\",\"logo\":{\"@type\":\"ImageObject\",\"inLanguage\":\"es\",\"@id\":\"https:\\\/\\\/www.quebakan.com\\\/v15\\\/#\\\/schema\\\/logo\\\/image\\\/\",\"url\":\"https:\\\/\\\/www.quebakan.com\\\/v15\\\/wp-content\\\/uploads\\\/2023\\\/07\\\/logoquebakanenero2021.jpg\",\"contentUrl\":\"https:\\\/\\\/www.quebakan.com\\\/v15\\\/wp-content\\\/uploads\\\/2023\\\/07\\\/logoquebakanenero2021.jpg\",\"width\":1920,\"height\":1080,\"caption\":\"Quebakan.com\"},\"image\":{\"@id\":\"https:\\\/\\\/www.quebakan.com\\\/v15\\\/#\\\/schema\\\/logo\\\/image\\\/\"},\"sameAs\":[\"http:\\\/\\\/www.facebook.com\\\/quebakan\",\"https:\\\/\\\/x.com\\\/quebakanec\",\"http:\\\/\\\/www.instagram.com\\\/quebakan\",\"http:\\\/\\\/www.youtube.com\\\/quebakan1\"]},{\"@type\":\"Person\",\"@id\":\"https:\\\/\\\/www.quebakan.com\\\/v15\\\/#\\\/schema\\\/person\\\/d90fa9f9cfa81eb8ace9811e5b7b9118\",\"name\":\"Erick Villafuerte\",\"image\":{\"@type\":\"ImageObject\",\"inLanguage\":\"es\",\"@id\":\"https:\\\/\\\/www.quebakan.com\\\/v15\\\/wp-content\\\/uploads\\\/avatars\\\/4\\\/1731297654-bpfull.png\",\"url\":\"https:\\\/\\\/www.quebakan.com\\\/v15\\\/wp-content\\\/uploads\\\/avatars\\\/4\\\/1731297654-bpfull.png\",\"contentUrl\":\"https:\\\/\\\/www.quebakan.com\\\/v15\\\/wp-content\\\/uploads\\\/avatars\\\/4\\\/1731297654-bpfull.png\",\"caption\":\"Erick Villafuerte\"}}]}<\/script>\n<!-- \/ Yoast SEO plugin. -->","yoast_head_json":{"title":"Luis Loaiza, CEO de Jelou, fue keynote speaker en el aniversario de la Espol &#8211; QUEBAKAN.COM 2026: Noticias, Eventos, Conciertos y mucho m\u00e1s....","robots":{"index":"index","follow":"follow","max-snippet":"max-snippet:-1","max-image-preview":"max-image-preview:large","max-video-preview":"max-video-preview:-1"},"canonical":"https:\/\/www.quebakan.com\/v15\/luis-loaiza-ceo-de-jelou-fue-keynote-speaker-en-el-aniversario-de-la-espol\/","og_locale":"es_ES","og_type":"article","og_title":"Luis Loaiza, CEO de Jelou, fue keynote speaker en el aniversario de la Espol &#8211; QUEBAKAN.COM 2026: Noticias, Eventos, Conciertos y mucho m\u00e1s....","og_description":"De izquierda a derecha: Carlos Monsalve, Vicerrector de Investigaci\u00f3n, Desarrollo e Innovaci\u00f3n de la Espol; Marcela Aguinaga, Prefecta del Guayas; Cecilia Paredes, Rectora de la Espol; y, Luis Loaiza, CEO de Jelou y Alumni destacado de la instituci\u00f3n acad\u00e9mica Durante su intervenci\u00f3n, destac\u00f3 el poder transformador de la inteligencia artificial. Guayaquil, 2025.- Luis Loaiza, CEO [&hellip;]","og_url":"https:\/\/www.quebakan.com\/v15\/luis-loaiza-ceo-de-jelou-fue-keynote-speaker-en-el-aniversario-de-la-espol\/","og_site_name":"QUEBAKAN.COM 2026: Noticias, Eventos, Conciertos y mucho m\u00e1s....","article_publisher":"http:\/\/www.facebook.com\/quebakan","article_published_time":"2025-11-09T02:55:01+00:00","og_image":[{"width":700,"height":509,"url":"https:\/\/www.quebakan.com\/v15\/wp-content\/uploads\/2025\/11\/Fotos-Luis-Loaiza-Jelou-1.jpg","type":"image\/jpeg"}],"author":"Erick Villafuerte","twitter_card":"summary_large_image","twitter_creator":"@quebakanec","twitter_site":"@quebakanec","twitter_misc":{"Escrito por":"Erick Villafuerte","Tiempo de lectura":"3 minutos"},"schema":{"@context":"https:\/\/schema.org","@graph":[{"@type":"Article","@id":"https:\/\/www.quebakan.com\/v15\/luis-loaiza-ceo-de-jelou-fue-keynote-speaker-en-el-aniversario-de-la-espol\/#article","isPartOf":{"@id":"https:\/\/www.quebakan.com\/v15\/luis-loaiza-ceo-de-jelou-fue-keynote-speaker-en-el-aniversario-de-la-espol\/"},"author":{"name":"Erick Villafuerte","@id":"https:\/\/www.quebakan.com\/v15\/#\/schema\/person\/d90fa9f9cfa81eb8ace9811e5b7b9118"},"headline":"Luis Loaiza, CEO de Jelou, fue keynote speaker en el aniversario de la Espol","datePublished":"2025-11-09T02:55:01+00:00","mainEntityOfPage":{"@id":"https:\/\/www.quebakan.com\/v15\/luis-loaiza-ceo-de-jelou-fue-keynote-speaker-en-el-aniversario-de-la-espol\/"},"wordCount":397,"publisher":{"@id":"https:\/\/www.quebakan.com\/v15\/#organization"},"image":{"@id":"https:\/\/www.quebakan.com\/v15\/luis-loaiza-ceo-de-jelou-fue-keynote-speaker-en-el-aniversario-de-la-espol\/#primaryimage"},"thumbnailUrl":"https:\/\/www.quebakan.com\/v15\/wp-content\/uploads\/2025\/11\/Fotos-Luis-Loaiza-Jelou-1.jpg","articleSection":["Noticias"],"inLanguage":"es"},{"@type":"WebPage","@id":"https:\/\/www.quebakan.com\/v15\/luis-loaiza-ceo-de-jelou-fue-keynote-speaker-en-el-aniversario-de-la-espol\/","url":"https:\/\/www.quebakan.com\/v15\/luis-loaiza-ceo-de-jelou-fue-keynote-speaker-en-el-aniversario-de-la-espol\/","name":"Luis Loaiza, CEO de Jelou, fue keynote speaker en el aniversario de la Espol &#8211; QUEBAKAN.COM 2026: Noticias, Eventos, Conciertos y mucho m\u00e1s....","isPartOf":{"@id":"https:\/\/www.quebakan.com\/v15\/#website"},"primaryImageOfPage":{"@id":"https:\/\/www.quebakan.com\/v15\/luis-loaiza-ceo-de-jelou-fue-keynote-speaker-en-el-aniversario-de-la-espol\/#primaryimage"},"image":{"@id":"https:\/\/www.quebakan.com\/v15\/luis-loaiza-ceo-de-jelou-fue-keynote-speaker-en-el-aniversario-de-la-espol\/#primaryimage"},"thumbnailUrl":"https:\/\/www.quebakan.com\/v15\/wp-content\/uploads\/2025\/11\/Fotos-Luis-Loaiza-Jelou-1.jpg","datePublished":"2025-11-09T02:55:01+00:00","breadcrumb":{"@id":"https:\/\/www.quebakan.com\/v15\/luis-loaiza-ceo-de-jelou-fue-keynote-speaker-en-el-aniversario-de-la-espol\/#breadcrumb"},"inLanguage":"es","potentialAction":[{"@type":"ReadAction","target":["https:\/\/www.quebakan.com\/v15\/luis-loaiza-ceo-de-jelou-fue-keynote-speaker-en-el-aniversario-de-la-espol\/"]}]},{"@type":"ImageObject","inLanguage":"es","@id":"https:\/\/www.quebakan.com\/v15\/luis-loaiza-ceo-de-jelou-fue-keynote-speaker-en-el-aniversario-de-la-espol\/#primaryimage","url":"https:\/\/www.quebakan.com\/v15\/wp-content\/uploads\/2025\/11\/Fotos-Luis-Loaiza-Jelou-1.jpg","contentUrl":"https:\/\/www.quebakan.com\/v15\/wp-content\/uploads\/2025\/11\/Fotos-Luis-Loaiza-Jelou-1.jpg","width":700,"height":509},{"@type":"BreadcrumbList","@id":"https:\/\/www.quebakan.com\/v15\/luis-loaiza-ceo-de-jelou-fue-keynote-speaker-en-el-aniversario-de-la-espol\/#breadcrumb","itemListElement":[{"@type":"ListItem","position":1,"name":"Portada","item":"https:\/\/www.quebakan.com\/v15\/"},{"@type":"ListItem","position":2,"name":"Luis Loaiza, CEO de Jelou, fue keynote speaker en el aniversario de la Espol"}]},{"@type":"WebSite","@id":"https:\/\/www.quebakan.com\/v15\/#website","url":"https:\/\/www.quebakan.com\/v15\/","name":"QUEBAKAN","description":"..","publisher":{"@id":"https:\/\/www.quebakan.com\/v15\/#organization"},"potentialAction":[{"@type":"SearchAction","target":{"@type":"EntryPoint","urlTemplate":"https:\/\/www.quebakan.com\/v15\/?s={search_term_string}"},"query-input":{"@type":"PropertyValueSpecification","valueRequired":true,"valueName":"search_term_string"}}],"inLanguage":"es"},{"@type":"Organization","@id":"https:\/\/www.quebakan.com\/v15\/#organization","name":"Quebakan.com","url":"https:\/\/www.quebakan.com\/v15\/","logo":{"@type":"ImageObject","inLanguage":"es","@id":"https:\/\/www.quebakan.com\/v15\/#\/schema\/logo\/image\/","url":"https:\/\/www.quebakan.com\/v15\/wp-content\/uploads\/2023\/07\/logoquebakanenero2021.jpg","contentUrl":"https:\/\/www.quebakan.com\/v15\/wp-content\/uploads\/2023\/07\/logoquebakanenero2021.jpg","width":1920,"height":1080,"caption":"Quebakan.com"},"image":{"@id":"https:\/\/www.quebakan.com\/v15\/#\/schema\/logo\/image\/"},"sameAs":["http:\/\/www.facebook.com\/quebakan","https:\/\/x.com\/quebakanec","http:\/\/www.instagram.com\/quebakan","http:\/\/www.youtube.com\/quebakan1"]},{"@type":"Person","@id":"https:\/\/www.quebakan.com\/v15\/#\/schema\/person\/d90fa9f9cfa81eb8ace9811e5b7b9118","name":"Erick Villafuerte","image":{"@type":"ImageObject","inLanguage":"es","@id":"https:\/\/www.quebakan.com\/v15\/wp-content\/uploads\/avatars\/4\/1731297654-bpfull.png","url":"https:\/\/www.quebakan.com\/v15\/wp-content\/uploads\/avatars\/4\/1731297654-bpfull.png","contentUrl":"https:\/\/www.quebakan.com\/v15\/wp-content\/uploads\/avatars\/4\/1731297654-bpfull.png","caption":"Erick Villafuerte"}}]}},"_links":{"self":[{"href":"https:\/\/www.quebakan.com\/v15\/wp-json\/wp\/v2\/posts\/137137","targetHints":{"allow":["GET"]}}],"collection":[{"href":"https:\/\/www.quebakan.com\/v15\/wp-json\/wp\/v2\/posts"}],"about":[{"href":"https:\/\/www.quebakan.com\/v15\/wp-json\/wp\/v2\/types\/post"}],"author":[{"embeddable":true,"href":"https:\/\/www.quebakan.com\/v15\/wp-json\/wp\/v2\/users\/4"}],"replies":[{"embeddable":true,"href":"https:\/\/www.quebakan.com\/v15\/wp-json\/wp\/v2\/comments?post=137137"}],"version-history":[{"count":1,"href":"https:\/\/www.quebakan.com\/v15\/wp-json\/wp\/v2\/posts\/137137\/revisions"}],"predecessor-version":[{"id":137140,"href":"https:\/\/www.quebakan.com\/v15\/wp-json\/wp\/v2\/posts\/137137\/revisions\/137140"}],"wp:featuredmedia":[{"embeddable":true,"href":"https:\/\/www.quebakan.com\/v15\/wp-json\/wp\/v2\/media\/137138"}],"wp:attachment":[{"href":"https:\/\/www.quebakan.com\/v15\/wp-json\/wp\/v2\/media?parent=137137"}],"wp:term":[{"taxonomy":"category","embeddable":true,"href":"https:\/\/www.quebakan.com\/v15\/wp-json\/wp\/v2\/categories?post=137137"},{"taxonomy":"post_tag","embeddable":true,"href":"https:\/\/www.quebakan.com\/v15\/wp-json\/wp\/v2\/tags?post=137137"}],"curies":[{"name":"wp","href":"https:\/\/api.w.org\/{rel}","templated":true}]}}