{"id":137141,"date":"2025-11-08T23:50:11","date_gmt":"2025-11-09T04:50:11","guid":{"rendered":"https:\/\/www.quebakan.com\/v15\/?p=137141"},"modified":"2025-11-08T23:50:11","modified_gmt":"2025-11-09T04:50:11","slug":"guayaquil-sera-la-capital-de-la-salud-con-el-iii-congreso-nacional-e-internacional-denominado-innovaciones-quirurgicas-anestesiologia-e-intervencionismo-minimamente-invasivo-en-ninos-y-adult","status":"publish","type":"post","link":"https:\/\/www.quebakan.com\/v15\/guayaquil-sera-la-capital-de-la-salud-con-el-iii-congreso-nacional-e-internacional-denominado-innovaciones-quirurgicas-anestesiologia-e-intervencionismo-minimamente-invasivo-en-ninos-y-adult\/","title":{"rendered":"Guayaquil ser\u00e1 la capital de la salud con el III Congreso Nacional e Internacional denominado \u201cInnovaciones quir\u00fargicas, anestesiolog\u00eda e intervencionismo m\u00ednimamente invasivo en ni\u00f1os y adultos\u201d y ExpoSalud &#038; Bienestar 2025"},"content":{"rendered":"<p><img fetchpriority=\"high\" decoding=\"async\" class=\"aligncenter size-full wp-image-137142\" src=\"https:\/\/www.quebakan.com\/v15\/wp-content\/uploads\/2025\/11\/Inauguracion-ExpoSalud-y-Bienestar-2025.jpg\" alt=\"\" width=\"560\" height=\"700\" \/><\/p>\n<p style=\"margin: 0cm; text-align: justify;\"><span style=\"font-family: Calibri, sans-serif; color: #000000;\">El pr\u00f3ximo 13, 14 y 15 de noviembre, el Centro de Convenciones de Guayaquil abrir\u00e1 sus puertas a uno de los encuentros m\u00e1s esperados del a\u00f1o: el <b>III Congreso Nacional e Internacional, ExpoSalud &amp; Bienestar 2025<\/b>, organizado por la <b>Junta de Beneficencia (JBG)<\/b>.<\/span><\/p>\n<p style=\"margin: 0cm; text-align: justify;\"><span style=\"font-family: Calibri, sans-serif; color: #000000;\">\u00a0<\/span><\/p>\n<p style=\"margin: 0cm; text-align: justify;\"><span style=\"font-family: Calibri, sans-serif; color: #000000;\">El evento, considerado ya como el m\u00e1s importante en Ecuador en temas de <b>salud y bienestar<\/b>, reunir\u00e1 a m\u00e9dicos, investigadores, acad\u00e9micos, estudiantes, representantes de la industria m\u00e9dica y al p\u00fablico en general en un espacio de actualizaci\u00f3n cient\u00edfica, innovaci\u00f3n tecnol\u00f3gica y experiencias de vida saludable.<\/span><\/p>\n<p style=\"margin: 0cm; text-align: justify;\"><span style=\"font-family: Calibri, sans-serif; color: #000000;\">\u00a0<\/span><\/p>\n<p style=\"margin: 0cm; text-align: justify;\"><span style=\"color: #000000;\"><b><span style=\"font-family: 'Calibri',sans-serif;\">Un congreso con mirada global<\/span><\/b><\/span><\/p>\n<p style=\"margin: 0cm; text-align: justify;\"><span style=\"color: #000000;\"><b><span style=\"font-family: 'Calibri',sans-serif;\">\u00a0<\/span><\/b><\/span><\/p>\n<p style=\"margin: 0cm; text-align: justify;\"><span style=\"font-family: Calibri, sans-serif; color: #000000;\">Bajo el eje <b>\u201cInnovaciones quir\u00fargicas, anestesiolog\u00eda e intervencionismo m\u00ednimamente invasivo en ni\u00f1os y adultos\u201d<\/b>, el congreso contar\u00e1 con la participaci\u00f3n de <b>29 expositores internacionales y m\u00e1s de 100 nacionales<\/b>.<\/span><\/p>\n<p style=\"margin: 0cm; text-align: justify;\"><span style=\"font-family: Calibri, sans-serif; color: #000000;\">\u00a0<\/span><\/p>\n<p style=\"margin: 0cm; text-align: justify;\"><span style=\"font-family: Calibri, sans-serif; color: #000000;\">Durante tres d\u00edas se abordar\u00e1n especialidades clave como <b>nutrici\u00f3n, urolog\u00eda, trasplante, enfermer\u00eda, salud cardiovascular<\/b> y h\u00e1bitos de vida saludable. Conferencias, paneles y talleres brindar\u00e1n a los profesionales herramientas de actualizaci\u00f3n sobre patolog\u00edas y terapias emergentes, con un enfoque multidisciplinario.<\/span><\/p>\n<p style=\"margin: 0cm; text-align: justify;\"><span style=\"font-family: Calibri, sans-serif; color: #000000;\">\u00a0<\/span><\/p>\n<p style=\"margin: 0cm; text-align: justify;\"><span style=\"font-family: Calibri, sans-serif; color: #000000;\">\u201cEste congreso es una oportunidad para conectar el conocimiento global con las necesidades locales del Ecuador, generando acciones concretas que se traduzcan en calidad de vida para la poblaci\u00f3n\u201d, destac\u00f3 la JBG.<\/span><\/p>\n<p style=\"margin: 0cm; text-align: justify;\"><span style=\"font-family: Calibri, sans-serif; color: #000000;\">\u00a0<\/span><\/p>\n<p style=\"margin: 0cm; text-align: justify;\"><span style=\"color: #000000;\"><b><span style=\"font-family: 'Calibri',sans-serif;\">ExpoSalud: feria abierta al p\u00fablico<\/span><\/b><\/span><\/p>\n<p style=\"margin: 0cm; text-align: justify;\"><span style=\"color: #000000;\"><b><span style=\"font-family: 'Calibri',sans-serif;\">\u00a0<\/span><\/b><\/span><\/p>\n<p style=\"margin: 0cm; text-align: justify;\"><span style=\"font-family: Calibri, sans-serif; color: #000000;\">En paralelo, la <b>ExpoSalud &amp; Bienestar 2025<\/b>, con acceso gratuito, ofrecer\u00e1 un recorrido interactivo pensado para toda la familia. Los visitantes encontrar\u00e1n desde charlas sobre salud preventiva y bienestar emocional hasta pruebas r\u00e1pidas, chequeos b\u00e1sicos, talleres de cocina saludable, yoga para ejecutivos y actividades de fitness.<\/span><\/p>\n<p style=\"margin: 0cm; text-align: justify;\"><span style=\"font-family: Calibri, sans-serif; color: #000000;\">\u00a0<\/span><\/p>\n<p style=\"margin: 0cm; text-align: justify;\"><span style=\"font-family: Calibri, sans-serif; color: #000000;\">Adem\u00e1s, hospitales, laboratorios cl\u00ednicos, centros de salud y farmacias expondr\u00e1n sus productos y servicios innovadores, convirtiendo la feria en un <b>punto de encuentro entre proveedores y ciudadan\u00eda<\/b>.<\/span><\/p>\n<p style=\"margin: 0cm; text-align: justify;\"><span style=\"font-family: Calibri, sans-serif; color: #000000;\">\u00a0<\/span><\/p>\n<p style=\"margin: 0cm; text-align: justify;\"><span style=\"color: #000000;\"><b><span style=\"font-family: 'Calibri',sans-serif;\">M\u00e1s all\u00e1 de un evento acad\u00e9mico<\/span><\/b><\/span><\/p>\n<p style=\"margin: 0cm; text-align: justify;\"><span style=\"color: #000000;\"><b><span style=\"font-family: 'Calibri',sans-serif;\">\u00a0<\/span><\/b><\/span><\/p>\n<p style=\"margin: 0cm; text-align: justify;\"><span style=\"font-family: Calibri, sans-serif; color: #000000;\">La <b>JBG<\/b> busca que este congreso y feria de salud no solo fortalezcan el trabajo m\u00e9dico, sino que tambi\u00e9n <b>sensibilicen a la comunidad<\/b> sobre la importancia de la prevenci\u00f3n, el autocuidado y la construcci\u00f3n de una <b>cultura de bienestar sostenible<\/b>.<\/span><\/p>\n<p style=\"margin: 0cm; text-align: justify;\"><span style=\"font-family: Calibri, sans-serif; color: #000000;\">\u00a0<\/span><\/p>\n<p style=\"margin: 0cm; text-align: justify;\"><span style=\"font-family: Calibri, sans-serif; color: #000000;\">El evento ser\u00e1, adem\u00e1s, una plataforma de <b>networking para el ecosistema de la salud en Ecuador<\/b>, donde profesionales, empresas y ciudadanos podr\u00e1n interactuar directamente.<\/span><\/p>\n<p style=\"margin: 0cm; text-align: justify;\"><span style=\"font-family: Calibri, sans-serif; color: #000000;\">\u00a0<\/span><\/p>\n<p style=\"margin: 0cm; text-align: justify;\"><span style=\"color: #000000;\"><b><span style=\"font-family: 'Calibri',sans-serif;\">Detalles de acceso<\/span><\/b><\/span><\/p>\n<p style=\"margin: 0cm; text-align: justify;\"><span style=\"color: #000000;\"><b><span style=\"font-family: 'Calibri',sans-serif;\">\u00a0<\/span><\/b><\/span><\/p>\n<p style=\"margin: 0cm; text-align: justify;\"><span style=\"font-family: Calibri, sans-serif; color: #000000;\">El programa completo, as\u00ed como el proceso de registro al congreso, est\u00e1 disponible en el sitio oficial: <b>exposalud.jbg.med.ec<\/b>.<\/span><\/p>\n<p style=\"margin: 0cm; text-align: justify;\"><span style=\"font-family: Calibri, sans-serif; color: #000000;\">Con esta iniciativa, la Junta de Beneficencia reafirma su compromiso de m\u00e1s de 136 a\u00f1os con la salud y el bienestar de los ecuatorianos, proyectando un futuro en el que la prevenci\u00f3n y la innovaci\u00f3n m\u00e9dica vayan de la mano.<\/span><\/p>\n","protected":false},"excerpt":{"rendered":"<p>El pr\u00f3ximo 13, 14 y 15 de noviembre, el Centro de Convenciones de Guayaquil abrir\u00e1 sus puertas a uno de los encuentros m\u00e1s esperados del a\u00f1o: el III Congreso Nacional e Internacional, ExpoSalud &amp; Bienestar 2025, organizado por la Junta de Beneficencia (JBG). \u00a0 El evento, considerado ya como el m\u00e1s importante en Ecuador en [&hellip;]<\/p>\n","protected":false},"author":4,"featured_media":137142,"comment_status":"closed","ping_status":"closed","sticky":false,"template":"","format":"standard","meta":{"_bbp_topic_count":0,"_bbp_reply_count":0,"_bbp_total_topic_count":0,"_bbp_total_reply_count":0,"_bbp_voice_count":0,"_bbp_anonymous_reply_count":0,"_bbp_topic_count_hidden":0,"_bbp_reply_count_hidden":0,"_bbp_forum_subforum_count":0,"buzzeditor_post_format":"","footnotes":""},"categories":[2],"tags":[],"class_list":["post-137141","post","type-post","status-publish","format-standard","has-post-thumbnail","hentry","category-noticias"],"yoast_head":"<!-- This site is optimized with the Yoast SEO plugin v27.5 - https:\/\/yoast.com\/product\/yoast-seo-wordpress\/ -->\n<title>Guayaquil ser\u00e1 la capital de la salud con el III Congreso Nacional e Internacional denominado \u201cInnovaciones quir\u00fargicas, anestesiolog\u00eda e intervencionismo m\u00ednimamente invasivo en ni\u00f1os y adultos\u201d y ExpoSalud &amp; Bienestar 2025 &#8211; QUEBAKAN.COM 2026: Noticias, Eventos, Conciertos y mucho m\u00e1s....<\/title>\n<meta name=\"robots\" content=\"index, follow, max-snippet:-1, max-image-preview:large, max-video-preview:-1\" \/>\n<link rel=\"canonical\" href=\"https:\/\/www.quebakan.com\/v15\/guayaquil-sera-la-capital-de-la-salud-con-el-iii-congreso-nacional-e-internacional-denominado-innovaciones-quirurgicas-anestesiologia-e-intervencionismo-minimamente-invasivo-en-ninos-y-adult\/\" \/>\n<meta property=\"og:locale\" content=\"es_ES\" \/>\n<meta property=\"og:type\" content=\"article\" \/>\n<meta property=\"og:title\" content=\"Guayaquil ser\u00e1 la capital de la salud con el III Congreso Nacional e Internacional denominado \u201cInnovaciones quir\u00fargicas, anestesiolog\u00eda e intervencionismo m\u00ednimamente invasivo en ni\u00f1os y adultos\u201d y ExpoSalud &amp; Bienestar 2025 &#8211; QUEBAKAN.COM 2026: Noticias, Eventos, Conciertos y mucho m\u00e1s....\" \/>\n<meta property=\"og:description\" content=\"El pr\u00f3ximo 13, 14 y 15 de noviembre, el Centro de Convenciones de Guayaquil abrir\u00e1 sus puertas a uno de los encuentros m\u00e1s esperados del a\u00f1o: el III Congreso Nacional e Internacional, ExpoSalud &amp; Bienestar 2025, organizado por la Junta de Beneficencia (JBG). \u00a0 El evento, considerado ya como el m\u00e1s importante en Ecuador en [&hellip;]\" \/>\n<meta property=\"og:url\" content=\"https:\/\/www.quebakan.com\/v15\/guayaquil-sera-la-capital-de-la-salud-con-el-iii-congreso-nacional-e-internacional-denominado-innovaciones-quirurgicas-anestesiologia-e-intervencionismo-minimamente-invasivo-en-ninos-y-adult\/\" \/>\n<meta property=\"og:site_name\" content=\"QUEBAKAN.COM 2026: Noticias, Eventos, Conciertos y mucho m\u00e1s....\" \/>\n<meta property=\"article:publisher\" content=\"http:\/\/www.facebook.com\/quebakan\" \/>\n<meta property=\"article:published_time\" content=\"2025-11-09T04:50:11+00:00\" \/>\n<meta property=\"og:image\" content=\"https:\/\/www.quebakan.com\/v15\/wp-content\/uploads\/2025\/11\/Inauguracion-ExpoSalud-y-Bienestar-2025.jpg\" \/>\n\t<meta property=\"og:image:width\" content=\"560\" \/>\n\t<meta property=\"og:image:height\" content=\"700\" \/>\n\t<meta property=\"og:image:type\" content=\"image\/jpeg\" \/>\n<meta name=\"author\" content=\"Erick Villafuerte\" \/>\n<meta name=\"twitter:card\" content=\"summary_large_image\" \/>\n<meta name=\"twitter:creator\" content=\"@quebakanec\" \/>\n<meta name=\"twitter:site\" content=\"@quebakanec\" \/>\n<meta name=\"twitter:label1\" content=\"Escrito por\" \/>\n\t<meta name=\"twitter:data1\" content=\"Erick Villafuerte\" \/>\n\t<meta name=\"twitter:label2\" content=\"Tiempo de lectura\" \/>\n\t<meta name=\"twitter:data2\" content=\"3 minutos\" \/>\n<script type=\"application\/ld+json\" class=\"yoast-schema-graph\">{\"@context\":\"https:\\\/\\\/schema.org\",\"@graph\":[{\"@type\":\"Article\",\"@id\":\"https:\\\/\\\/www.quebakan.com\\\/v15\\\/guayaquil-sera-la-capital-de-la-salud-con-el-iii-congreso-nacional-e-internacional-denominado-innovaciones-quirurgicas-anestesiologia-e-intervencionismo-minimamente-invasivo-en-ninos-y-adult\\\/#article\",\"isPartOf\":{\"@id\":\"https:\\\/\\\/www.quebakan.com\\\/v15\\\/guayaquil-sera-la-capital-de-la-salud-con-el-iii-congreso-nacional-e-internacional-denominado-innovaciones-quirurgicas-anestesiologia-e-intervencionismo-minimamente-invasivo-en-ninos-y-adult\\\/\"},\"author\":{\"name\":\"Erick Villafuerte\",\"@id\":\"https:\\\/\\\/www.quebakan.com\\\/v15\\\/#\\\/schema\\\/person\\\/d90fa9f9cfa81eb8ace9811e5b7b9118\"},\"headline\":\"Guayaquil ser\u00e1 la capital de la salud con el III Congreso Nacional e Internacional denominado \u201cInnovaciones quir\u00fargicas, anestesiolog\u00eda e intervencionismo m\u00ednimamente invasivo en ni\u00f1os y adultos\u201d y ExpoSalud &#038; Bienestar 2025\",\"datePublished\":\"2025-11-09T04:50:11+00:00\",\"mainEntityOfPage\":{\"@id\":\"https:\\\/\\\/www.quebakan.com\\\/v15\\\/guayaquil-sera-la-capital-de-la-salud-con-el-iii-congreso-nacional-e-internacional-denominado-innovaciones-quirurgicas-anestesiologia-e-intervencionismo-minimamente-invasivo-en-ninos-y-adult\\\/\"},\"wordCount\":479,\"publisher\":{\"@id\":\"https:\\\/\\\/www.quebakan.com\\\/v15\\\/#organization\"},\"image\":{\"@id\":\"https:\\\/\\\/www.quebakan.com\\\/v15\\\/guayaquil-sera-la-capital-de-la-salud-con-el-iii-congreso-nacional-e-internacional-denominado-innovaciones-quirurgicas-anestesiologia-e-intervencionismo-minimamente-invasivo-en-ninos-y-adult\\\/#primaryimage\"},\"thumbnailUrl\":\"https:\\\/\\\/www.quebakan.com\\\/v15\\\/wp-content\\\/uploads\\\/2025\\\/11\\\/Inauguracion-ExpoSalud-y-Bienestar-2025.jpg\",\"articleSection\":[\"Noticias\"],\"inLanguage\":\"es\"},{\"@type\":\"WebPage\",\"@id\":\"https:\\\/\\\/www.quebakan.com\\\/v15\\\/guayaquil-sera-la-capital-de-la-salud-con-el-iii-congreso-nacional-e-internacional-denominado-innovaciones-quirurgicas-anestesiologia-e-intervencionismo-minimamente-invasivo-en-ninos-y-adult\\\/\",\"url\":\"https:\\\/\\\/www.quebakan.com\\\/v15\\\/guayaquil-sera-la-capital-de-la-salud-con-el-iii-congreso-nacional-e-internacional-denominado-innovaciones-quirurgicas-anestesiologia-e-intervencionismo-minimamente-invasivo-en-ninos-y-adult\\\/\",\"name\":\"Guayaquil ser\u00e1 la capital de la salud con el III Congreso Nacional e Internacional denominado \u201cInnovaciones quir\u00fargicas, anestesiolog\u00eda e intervencionismo m\u00ednimamente invasivo en ni\u00f1os y adultos\u201d y ExpoSalud & Bienestar 2025 &#8211; QUEBAKAN.COM 2026: Noticias, Eventos, Conciertos y mucho m\u00e1s....\",\"isPartOf\":{\"@id\":\"https:\\\/\\\/www.quebakan.com\\\/v15\\\/#website\"},\"primaryImageOfPage\":{\"@id\":\"https:\\\/\\\/www.quebakan.com\\\/v15\\\/guayaquil-sera-la-capital-de-la-salud-con-el-iii-congreso-nacional-e-internacional-denominado-innovaciones-quirurgicas-anestesiologia-e-intervencionismo-minimamente-invasivo-en-ninos-y-adult\\\/#primaryimage\"},\"image\":{\"@id\":\"https:\\\/\\\/www.quebakan.com\\\/v15\\\/guayaquil-sera-la-capital-de-la-salud-con-el-iii-congreso-nacional-e-internacional-denominado-innovaciones-quirurgicas-anestesiologia-e-intervencionismo-minimamente-invasivo-en-ninos-y-adult\\\/#primaryimage\"},\"thumbnailUrl\":\"https:\\\/\\\/www.quebakan.com\\\/v15\\\/wp-content\\\/uploads\\\/2025\\\/11\\\/Inauguracion-ExpoSalud-y-Bienestar-2025.jpg\",\"datePublished\":\"2025-11-09T04:50:11+00:00\",\"breadcrumb\":{\"@id\":\"https:\\\/\\\/www.quebakan.com\\\/v15\\\/guayaquil-sera-la-capital-de-la-salud-con-el-iii-congreso-nacional-e-internacional-denominado-innovaciones-quirurgicas-anestesiologia-e-intervencionismo-minimamente-invasivo-en-ninos-y-adult\\\/#breadcrumb\"},\"inLanguage\":\"es\",\"potentialAction\":[{\"@type\":\"ReadAction\",\"target\":[\"https:\\\/\\\/www.quebakan.com\\\/v15\\\/guayaquil-sera-la-capital-de-la-salud-con-el-iii-congreso-nacional-e-internacional-denominado-innovaciones-quirurgicas-anestesiologia-e-intervencionismo-minimamente-invasivo-en-ninos-y-adult\\\/\"]}]},{\"@type\":\"ImageObject\",\"inLanguage\":\"es\",\"@id\":\"https:\\\/\\\/www.quebakan.com\\\/v15\\\/guayaquil-sera-la-capital-de-la-salud-con-el-iii-congreso-nacional-e-internacional-denominado-innovaciones-quirurgicas-anestesiologia-e-intervencionismo-minimamente-invasivo-en-ninos-y-adult\\\/#primaryimage\",\"url\":\"https:\\\/\\\/www.quebakan.com\\\/v15\\\/wp-content\\\/uploads\\\/2025\\\/11\\\/Inauguracion-ExpoSalud-y-Bienestar-2025.jpg\",\"contentUrl\":\"https:\\\/\\\/www.quebakan.com\\\/v15\\\/wp-content\\\/uploads\\\/2025\\\/11\\\/Inauguracion-ExpoSalud-y-Bienestar-2025.jpg\",\"width\":560,\"height\":700},{\"@type\":\"BreadcrumbList\",\"@id\":\"https:\\\/\\\/www.quebakan.com\\\/v15\\\/guayaquil-sera-la-capital-de-la-salud-con-el-iii-congreso-nacional-e-internacional-denominado-innovaciones-quirurgicas-anestesiologia-e-intervencionismo-minimamente-invasivo-en-ninos-y-adult\\\/#breadcrumb\",\"itemListElement\":[{\"@type\":\"ListItem\",\"position\":1,\"name\":\"Portada\",\"item\":\"https:\\\/\\\/www.quebakan.com\\\/v15\\\/\"},{\"@type\":\"ListItem\",\"position\":2,\"name\":\"Guayaquil ser\u00e1 la capital de la salud con el III Congreso Nacional e Internacional denominado \u201cInnovaciones quir\u00fargicas, anestesiolog\u00eda e intervencionismo m\u00ednimamente invasivo en ni\u00f1os y adultos\u201d y ExpoSalud &#038; Bienestar 2025\"}]},{\"@type\":\"WebSite\",\"@id\":\"https:\\\/\\\/www.quebakan.com\\\/v15\\\/#website\",\"url\":\"https:\\\/\\\/www.quebakan.com\\\/v15\\\/\",\"name\":\"QUEBAKAN\",\"description\":\"..\",\"publisher\":{\"@id\":\"https:\\\/\\\/www.quebakan.com\\\/v15\\\/#organization\"},\"potentialAction\":[{\"@type\":\"SearchAction\",\"target\":{\"@type\":\"EntryPoint\",\"urlTemplate\":\"https:\\\/\\\/www.quebakan.com\\\/v15\\\/?s={search_term_string}\"},\"query-input\":{\"@type\":\"PropertyValueSpecification\",\"valueRequired\":true,\"valueName\":\"search_term_string\"}}],\"inLanguage\":\"es\"},{\"@type\":\"Organization\",\"@id\":\"https:\\\/\\\/www.quebakan.com\\\/v15\\\/#organization\",\"name\":\"Quebakan.com\",\"url\":\"https:\\\/\\\/www.quebakan.com\\\/v15\\\/\",\"logo\":{\"@type\":\"ImageObject\",\"inLanguage\":\"es\",\"@id\":\"https:\\\/\\\/www.quebakan.com\\\/v15\\\/#\\\/schema\\\/logo\\\/image\\\/\",\"url\":\"https:\\\/\\\/www.quebakan.com\\\/v15\\\/wp-content\\\/uploads\\\/2023\\\/07\\\/logoquebakanenero2021.jpg\",\"contentUrl\":\"https:\\\/\\\/www.quebakan.com\\\/v15\\\/wp-content\\\/uploads\\\/2023\\\/07\\\/logoquebakanenero2021.jpg\",\"width\":1920,\"height\":1080,\"caption\":\"Quebakan.com\"},\"image\":{\"@id\":\"https:\\\/\\\/www.quebakan.com\\\/v15\\\/#\\\/schema\\\/logo\\\/image\\\/\"},\"sameAs\":[\"http:\\\/\\\/www.facebook.com\\\/quebakan\",\"https:\\\/\\\/x.com\\\/quebakanec\",\"http:\\\/\\\/www.instagram.com\\\/quebakan\",\"http:\\\/\\\/www.youtube.com\\\/quebakan1\"]},{\"@type\":\"Person\",\"@id\":\"https:\\\/\\\/www.quebakan.com\\\/v15\\\/#\\\/schema\\\/person\\\/d90fa9f9cfa81eb8ace9811e5b7b9118\",\"name\":\"Erick Villafuerte\",\"image\":{\"@type\":\"ImageObject\",\"inLanguage\":\"es\",\"@id\":\"https:\\\/\\\/www.quebakan.com\\\/v15\\\/wp-content\\\/uploads\\\/avatars\\\/4\\\/1731297654-bpfull.png\",\"url\":\"https:\\\/\\\/www.quebakan.com\\\/v15\\\/wp-content\\\/uploads\\\/avatars\\\/4\\\/1731297654-bpfull.png\",\"contentUrl\":\"https:\\\/\\\/www.quebakan.com\\\/v15\\\/wp-content\\\/uploads\\\/avatars\\\/4\\\/1731297654-bpfull.png\",\"caption\":\"Erick Villafuerte\"}}]}<\/script>\n<!-- \/ Yoast SEO plugin. -->","yoast_head_json":{"title":"Guayaquil ser\u00e1 la capital de la salud con el III Congreso Nacional e Internacional denominado \u201cInnovaciones quir\u00fargicas, anestesiolog\u00eda e intervencionismo m\u00ednimamente invasivo en ni\u00f1os y adultos\u201d y ExpoSalud & Bienestar 2025 &#8211; QUEBAKAN.COM 2026: Noticias, Eventos, Conciertos y mucho m\u00e1s....","robots":{"index":"index","follow":"follow","max-snippet":"max-snippet:-1","max-image-preview":"max-image-preview:large","max-video-preview":"max-video-preview:-1"},"canonical":"https:\/\/www.quebakan.com\/v15\/guayaquil-sera-la-capital-de-la-salud-con-el-iii-congreso-nacional-e-internacional-denominado-innovaciones-quirurgicas-anestesiologia-e-intervencionismo-minimamente-invasivo-en-ninos-y-adult\/","og_locale":"es_ES","og_type":"article","og_title":"Guayaquil ser\u00e1 la capital de la salud con el III Congreso Nacional e Internacional denominado \u201cInnovaciones quir\u00fargicas, anestesiolog\u00eda e intervencionismo m\u00ednimamente invasivo en ni\u00f1os y adultos\u201d y ExpoSalud & Bienestar 2025 &#8211; QUEBAKAN.COM 2026: Noticias, Eventos, Conciertos y mucho m\u00e1s....","og_description":"El pr\u00f3ximo 13, 14 y 15 de noviembre, el Centro de Convenciones de Guayaquil abrir\u00e1 sus puertas a uno de los encuentros m\u00e1s esperados del a\u00f1o: el III Congreso Nacional e Internacional, ExpoSalud &amp; Bienestar 2025, organizado por la Junta de Beneficencia (JBG). \u00a0 El evento, considerado ya como el m\u00e1s importante en Ecuador en [&hellip;]","og_url":"https:\/\/www.quebakan.com\/v15\/guayaquil-sera-la-capital-de-la-salud-con-el-iii-congreso-nacional-e-internacional-denominado-innovaciones-quirurgicas-anestesiologia-e-intervencionismo-minimamente-invasivo-en-ninos-y-adult\/","og_site_name":"QUEBAKAN.COM 2026: Noticias, Eventos, Conciertos y mucho m\u00e1s....","article_publisher":"http:\/\/www.facebook.com\/quebakan","article_published_time":"2025-11-09T04:50:11+00:00","og_image":[{"width":560,"height":700,"url":"https:\/\/www.quebakan.com\/v15\/wp-content\/uploads\/2025\/11\/Inauguracion-ExpoSalud-y-Bienestar-2025.jpg","type":"image\/jpeg"}],"author":"Erick Villafuerte","twitter_card":"summary_large_image","twitter_creator":"@quebakanec","twitter_site":"@quebakanec","twitter_misc":{"Escrito por":"Erick Villafuerte","Tiempo de lectura":"3 minutos"},"schema":{"@context":"https:\/\/schema.org","@graph":[{"@type":"Article","@id":"https:\/\/www.quebakan.com\/v15\/guayaquil-sera-la-capital-de-la-salud-con-el-iii-congreso-nacional-e-internacional-denominado-innovaciones-quirurgicas-anestesiologia-e-intervencionismo-minimamente-invasivo-en-ninos-y-adult\/#article","isPartOf":{"@id":"https:\/\/www.quebakan.com\/v15\/guayaquil-sera-la-capital-de-la-salud-con-el-iii-congreso-nacional-e-internacional-denominado-innovaciones-quirurgicas-anestesiologia-e-intervencionismo-minimamente-invasivo-en-ninos-y-adult\/"},"author":{"name":"Erick Villafuerte","@id":"https:\/\/www.quebakan.com\/v15\/#\/schema\/person\/d90fa9f9cfa81eb8ace9811e5b7b9118"},"headline":"Guayaquil ser\u00e1 la capital de la salud con el III Congreso Nacional e Internacional denominado \u201cInnovaciones quir\u00fargicas, anestesiolog\u00eda e intervencionismo m\u00ednimamente invasivo en ni\u00f1os y adultos\u201d y ExpoSalud &#038; Bienestar 2025","datePublished":"2025-11-09T04:50:11+00:00","mainEntityOfPage":{"@id":"https:\/\/www.quebakan.com\/v15\/guayaquil-sera-la-capital-de-la-salud-con-el-iii-congreso-nacional-e-internacional-denominado-innovaciones-quirurgicas-anestesiologia-e-intervencionismo-minimamente-invasivo-en-ninos-y-adult\/"},"wordCount":479,"publisher":{"@id":"https:\/\/www.quebakan.com\/v15\/#organization"},"image":{"@id":"https:\/\/www.quebakan.com\/v15\/guayaquil-sera-la-capital-de-la-salud-con-el-iii-congreso-nacional-e-internacional-denominado-innovaciones-quirurgicas-anestesiologia-e-intervencionismo-minimamente-invasivo-en-ninos-y-adult\/#primaryimage"},"thumbnailUrl":"https:\/\/www.quebakan.com\/v15\/wp-content\/uploads\/2025\/11\/Inauguracion-ExpoSalud-y-Bienestar-2025.jpg","articleSection":["Noticias"],"inLanguage":"es"},{"@type":"WebPage","@id":"https:\/\/www.quebakan.com\/v15\/guayaquil-sera-la-capital-de-la-salud-con-el-iii-congreso-nacional-e-internacional-denominado-innovaciones-quirurgicas-anestesiologia-e-intervencionismo-minimamente-invasivo-en-ninos-y-adult\/","url":"https:\/\/www.quebakan.com\/v15\/guayaquil-sera-la-capital-de-la-salud-con-el-iii-congreso-nacional-e-internacional-denominado-innovaciones-quirurgicas-anestesiologia-e-intervencionismo-minimamente-invasivo-en-ninos-y-adult\/","name":"Guayaquil ser\u00e1 la capital de la salud con el III Congreso Nacional e Internacional denominado \u201cInnovaciones quir\u00fargicas, anestesiolog\u00eda e intervencionismo m\u00ednimamente invasivo en ni\u00f1os y adultos\u201d y ExpoSalud & Bienestar 2025 &#8211; QUEBAKAN.COM 2026: Noticias, Eventos, Conciertos y mucho m\u00e1s....","isPartOf":{"@id":"https:\/\/www.quebakan.com\/v15\/#website"},"primaryImageOfPage":{"@id":"https:\/\/www.quebakan.com\/v15\/guayaquil-sera-la-capital-de-la-salud-con-el-iii-congreso-nacional-e-internacional-denominado-innovaciones-quirurgicas-anestesiologia-e-intervencionismo-minimamente-invasivo-en-ninos-y-adult\/#primaryimage"},"image":{"@id":"https:\/\/www.quebakan.com\/v15\/guayaquil-sera-la-capital-de-la-salud-con-el-iii-congreso-nacional-e-internacional-denominado-innovaciones-quirurgicas-anestesiologia-e-intervencionismo-minimamente-invasivo-en-ninos-y-adult\/#primaryimage"},"thumbnailUrl":"https:\/\/www.quebakan.com\/v15\/wp-content\/uploads\/2025\/11\/Inauguracion-ExpoSalud-y-Bienestar-2025.jpg","datePublished":"2025-11-09T04:50:11+00:00","breadcrumb":{"@id":"https:\/\/www.quebakan.com\/v15\/guayaquil-sera-la-capital-de-la-salud-con-el-iii-congreso-nacional-e-internacional-denominado-innovaciones-quirurgicas-anestesiologia-e-intervencionismo-minimamente-invasivo-en-ninos-y-adult\/#breadcrumb"},"inLanguage":"es","potentialAction":[{"@type":"ReadAction","target":["https:\/\/www.quebakan.com\/v15\/guayaquil-sera-la-capital-de-la-salud-con-el-iii-congreso-nacional-e-internacional-denominado-innovaciones-quirurgicas-anestesiologia-e-intervencionismo-minimamente-invasivo-en-ninos-y-adult\/"]}]},{"@type":"ImageObject","inLanguage":"es","@id":"https:\/\/www.quebakan.com\/v15\/guayaquil-sera-la-capital-de-la-salud-con-el-iii-congreso-nacional-e-internacional-denominado-innovaciones-quirurgicas-anestesiologia-e-intervencionismo-minimamente-invasivo-en-ninos-y-adult\/#primaryimage","url":"https:\/\/www.quebakan.com\/v15\/wp-content\/uploads\/2025\/11\/Inauguracion-ExpoSalud-y-Bienestar-2025.jpg","contentUrl":"https:\/\/www.quebakan.com\/v15\/wp-content\/uploads\/2025\/11\/Inauguracion-ExpoSalud-y-Bienestar-2025.jpg","width":560,"height":700},{"@type":"BreadcrumbList","@id":"https:\/\/www.quebakan.com\/v15\/guayaquil-sera-la-capital-de-la-salud-con-el-iii-congreso-nacional-e-internacional-denominado-innovaciones-quirurgicas-anestesiologia-e-intervencionismo-minimamente-invasivo-en-ninos-y-adult\/#breadcrumb","itemListElement":[{"@type":"ListItem","position":1,"name":"Portada","item":"https:\/\/www.quebakan.com\/v15\/"},{"@type":"ListItem","position":2,"name":"Guayaquil ser\u00e1 la capital de la salud con el III Congreso Nacional e Internacional denominado \u201cInnovaciones quir\u00fargicas, anestesiolog\u00eda e intervencionismo m\u00ednimamente invasivo en ni\u00f1os y adultos\u201d y ExpoSalud &#038; Bienestar 2025"}]},{"@type":"WebSite","@id":"https:\/\/www.quebakan.com\/v15\/#website","url":"https:\/\/www.quebakan.com\/v15\/","name":"QUEBAKAN","description":"..","publisher":{"@id":"https:\/\/www.quebakan.com\/v15\/#organization"},"potentialAction":[{"@type":"SearchAction","target":{"@type":"EntryPoint","urlTemplate":"https:\/\/www.quebakan.com\/v15\/?s={search_term_string}"},"query-input":{"@type":"PropertyValueSpecification","valueRequired":true,"valueName":"search_term_string"}}],"inLanguage":"es"},{"@type":"Organization","@id":"https:\/\/www.quebakan.com\/v15\/#organization","name":"Quebakan.com","url":"https:\/\/www.quebakan.com\/v15\/","logo":{"@type":"ImageObject","inLanguage":"es","@id":"https:\/\/www.quebakan.com\/v15\/#\/schema\/logo\/image\/","url":"https:\/\/www.quebakan.com\/v15\/wp-content\/uploads\/2023\/07\/logoquebakanenero2021.jpg","contentUrl":"https:\/\/www.quebakan.com\/v15\/wp-content\/uploads\/2023\/07\/logoquebakanenero2021.jpg","width":1920,"height":1080,"caption":"Quebakan.com"},"image":{"@id":"https:\/\/www.quebakan.com\/v15\/#\/schema\/logo\/image\/"},"sameAs":["http:\/\/www.facebook.com\/quebakan","https:\/\/x.com\/quebakanec","http:\/\/www.instagram.com\/quebakan","http:\/\/www.youtube.com\/quebakan1"]},{"@type":"Person","@id":"https:\/\/www.quebakan.com\/v15\/#\/schema\/person\/d90fa9f9cfa81eb8ace9811e5b7b9118","name":"Erick Villafuerte","image":{"@type":"ImageObject","inLanguage":"es","@id":"https:\/\/www.quebakan.com\/v15\/wp-content\/uploads\/avatars\/4\/1731297654-bpfull.png","url":"https:\/\/www.quebakan.com\/v15\/wp-content\/uploads\/avatars\/4\/1731297654-bpfull.png","contentUrl":"https:\/\/www.quebakan.com\/v15\/wp-content\/uploads\/avatars\/4\/1731297654-bpfull.png","caption":"Erick Villafuerte"}}]}},"_links":{"self":[{"href":"https:\/\/www.quebakan.com\/v15\/wp-json\/wp\/v2\/posts\/137141","targetHints":{"allow":["GET"]}}],"collection":[{"href":"https:\/\/www.quebakan.com\/v15\/wp-json\/wp\/v2\/posts"}],"about":[{"href":"https:\/\/www.quebakan.com\/v15\/wp-json\/wp\/v2\/types\/post"}],"author":[{"embeddable":true,"href":"https:\/\/www.quebakan.com\/v15\/wp-json\/wp\/v2\/users\/4"}],"replies":[{"embeddable":true,"href":"https:\/\/www.quebakan.com\/v15\/wp-json\/wp\/v2\/comments?post=137141"}],"version-history":[{"count":1,"href":"https:\/\/www.quebakan.com\/v15\/wp-json\/wp\/v2\/posts\/137141\/revisions"}],"predecessor-version":[{"id":137143,"href":"https:\/\/www.quebakan.com\/v15\/wp-json\/wp\/v2\/posts\/137141\/revisions\/137143"}],"wp:featuredmedia":[{"embeddable":true,"href":"https:\/\/www.quebakan.com\/v15\/wp-json\/wp\/v2\/media\/137142"}],"wp:attachment":[{"href":"https:\/\/www.quebakan.com\/v15\/wp-json\/wp\/v2\/media?parent=137141"}],"wp:term":[{"taxonomy":"category","embeddable":true,"href":"https:\/\/www.quebakan.com\/v15\/wp-json\/wp\/v2\/categories?post=137141"},{"taxonomy":"post_tag","embeddable":true,"href":"https:\/\/www.quebakan.com\/v15\/wp-json\/wp\/v2\/tags?post=137141"}],"curies":[{"name":"wp","href":"https:\/\/api.w.org\/{rel}","templated":true}]}}