{"id":137145,"date":"2025-11-09T14:45:52","date_gmt":"2025-11-09T19:45:52","guid":{"rendered":"https:\/\/www.quebakan.com\/v15\/?p=137145"},"modified":"2025-11-09T14:45:52","modified_gmt":"2025-11-09T19:45:52","slug":"nuevas-disposiciones-tributarias-obligan-a-las-empresas-a-pagar-por-utilidades-no-distribuidas","status":"publish","type":"post","link":"https:\/\/www.quebakan.com\/v15\/nuevas-disposiciones-tributarias-obligan-a-las-empresas-a-pagar-por-utilidades-no-distribuidas\/","title":{"rendered":"Nuevas disposiciones tributarias obligan a las empresas a pagar por utilidades no distribuidas"},"content":{"rendered":"<p><img fetchpriority=\"high\" decoding=\"async\" class=\"aligncenter size-full wp-image-137146\" src=\"https:\/\/www.quebakan.com\/v15\/wp-content\/uploads\/2025\/11\/MG_3646-1.jpg\" alt=\"\" width=\"467\" height=\"700\" \/><\/p>\n<p style=\"text-align: justify;\"><span style=\"color: #000000;\"><strong>Ecuador, noviembre de 2025.<\/strong> El regreso del feriado llega acompa\u00f1ado de nuevas obligaciones para las empresas ecuatorianas. El Gobierno Nacional, mediante el Decreto Ejecutivo N.\u00ba 191, emitido el 25 de octubre de 2025, introdujo disposiciones al Reglamento General de la Ley Org\u00e1nica de Transparencia Social, incorporando medidas tributarias que afectan directamente a las sociedades sujetas al Impuesto a la Renta.<\/span><\/p>\n<p style=\"text-align: justify;\"><span style=\"color: #000000;\">Aunque el objetivo principal de la normativa es fortalecer la transparencia financiera y el control del uso de los recursos en las Organizaciones del Sector Social y sin Fines de Lucro (OSSFL), su Disposici\u00f3n Transitoria \u00danica ampl\u00eda el alcance hacia el sector empresarial, estableciendo la obligaci\u00f3n de declarar y pagar un anticipo sobre las utilidades no distribuidas correspondientes al ejercicio fiscal 2025.<\/span><\/p>\n<p style=\"text-align: justify;\"><span style=\"color: #000000;\">El pago deber\u00e1 realizarse por \u00fanica vez, en dos partes durante los meses de noviembre y diciembre, de acuerdo con lo dispuesto en el art\u00edculo 39.2.1 de la Ley de R\u00e9gimen Tributario Interno.<\/span><\/p>\n<p style=\"text-align: justify;\"><span style=\"color: #000000;\"><em>\u201cEsta disposici\u00f3n ha tomado por sorpresa a muchas empresas, especialmente a aquellas que hab\u00edan decidido reinvertir sus utilidades o mantener reservas de capital para el pr\u00f3ximo ejercicio. En la pr\u00e1ctica, implica un desembolso no previsto que puede afectar la liquidez en el cierre del a\u00f1o\u201d,<\/em> explic\u00f3 Gina Mac\u00edas, experta tributaria y CEO de Colmena ERP.<\/span><\/p>\n<p style=\"text-align: justify;\"><span style=\"color: #000000;\">Mac\u00edas advierte que esta medida, aunque se presenta como transitoria, genera un precedente relevante en materia de gesti\u00f3n tributaria:<\/span><\/p>\n<p style=\"text-align: justify;\"><span style=\"color: #000000;\"><em>\u201cEl mensaje que deja este decreto es claro: mantener utilidades sin distribuir puede representar un costo adicional. Las compa\u00f1\u00edas deber\u00e1n evaluar con mayor precisi\u00f3n sus estrategias de reparto y reinversi\u00f3n, equilibrando las obligaciones tributarias con su planificaci\u00f3n financiera\u201d.<\/em><\/span><\/p>\n<p style=\"text-align: justify;\"><span style=\"color: #000000;\"><em>\u201cM\u00e1s all\u00e1 del pago puntual, esta medida pone sobre la mesa la importancia de la planificaci\u00f3n tributaria estrat\u00e9gica. Hoy m\u00e1s que nunca, las empresas necesitan informaci\u00f3n en tiempo real y herramientas digitales que les permitan anticiparse a cambios regulatorios como este\u201d,<\/em> concluy\u00f3 Mac\u00edas.<\/span><\/p>\n<p style=\"text-align: justify;\"><span style=\"color: #000000;\">El Decreto Ejecutivo 191 marca as\u00ed un nuevo cap\u00edtulo en la relaci\u00f3n entre transparencia, responsabilidad fiscal y sostenibilidad empresarial, obligando a los contribuyentes a repensar sus decisiones sobre utilidades retenidas.<\/span><\/p>\n","protected":false},"excerpt":{"rendered":"<p>Ecuador, noviembre de 2025. El regreso del feriado llega acompa\u00f1ado de nuevas obligaciones para las empresas ecuatorianas. El Gobierno Nacional, mediante el Decreto Ejecutivo N.\u00ba 191, emitido el 25 de octubre de 2025, introdujo disposiciones al Reglamento General de la Ley Org\u00e1nica de Transparencia Social, incorporando medidas tributarias que afectan directamente a las sociedades sujetas [&hellip;]<\/p>\n","protected":false},"author":4,"featured_media":137146,"comment_status":"closed","ping_status":"closed","sticky":false,"template":"","format":"standard","meta":{"_bbp_topic_count":0,"_bbp_reply_count":0,"_bbp_total_topic_count":0,"_bbp_total_reply_count":0,"_bbp_voice_count":0,"_bbp_anonymous_reply_count":0,"_bbp_topic_count_hidden":0,"_bbp_reply_count_hidden":0,"_bbp_forum_subforum_count":0,"buzzeditor_post_format":"","footnotes":""},"categories":[2],"tags":[],"class_list":["post-137145","post","type-post","status-publish","format-standard","has-post-thumbnail","hentry","category-noticias"],"yoast_head":"<!-- This site is optimized with the Yoast SEO plugin v27.5 - https:\/\/yoast.com\/product\/yoast-seo-wordpress\/ -->\n<title>Nuevas disposiciones tributarias obligan a las empresas a pagar por utilidades no distribuidas &#8211; QUEBAKAN.COM 2026: Noticias, Eventos, Conciertos y mucho m\u00e1s....<\/title>\n<meta name=\"robots\" content=\"index, follow, max-snippet:-1, max-image-preview:large, max-video-preview:-1\" \/>\n<link rel=\"canonical\" href=\"https:\/\/www.quebakan.com\/v15\/nuevas-disposiciones-tributarias-obligan-a-las-empresas-a-pagar-por-utilidades-no-distribuidas\/\" \/>\n<meta property=\"og:locale\" content=\"es_ES\" \/>\n<meta property=\"og:type\" content=\"article\" \/>\n<meta property=\"og:title\" content=\"Nuevas disposiciones tributarias obligan a las empresas a pagar por utilidades no distribuidas &#8211; QUEBAKAN.COM 2026: Noticias, Eventos, Conciertos y mucho m\u00e1s....\" \/>\n<meta property=\"og:description\" content=\"Ecuador, noviembre de 2025. El regreso del feriado llega acompa\u00f1ado de nuevas obligaciones para las empresas ecuatorianas. El Gobierno Nacional, mediante el Decreto Ejecutivo N.\u00ba 191, emitido el 25 de octubre de 2025, introdujo disposiciones al Reglamento General de la Ley Org\u00e1nica de Transparencia Social, incorporando medidas tributarias que afectan directamente a las sociedades sujetas [&hellip;]\" \/>\n<meta property=\"og:url\" content=\"https:\/\/www.quebakan.com\/v15\/nuevas-disposiciones-tributarias-obligan-a-las-empresas-a-pagar-por-utilidades-no-distribuidas\/\" \/>\n<meta property=\"og:site_name\" content=\"QUEBAKAN.COM 2026: Noticias, Eventos, Conciertos y mucho m\u00e1s....\" \/>\n<meta property=\"article:publisher\" content=\"http:\/\/www.facebook.com\/quebakan\" \/>\n<meta property=\"article:published_time\" content=\"2025-11-09T19:45:52+00:00\" \/>\n<meta property=\"og:image\" content=\"https:\/\/www.quebakan.com\/v15\/wp-content\/uploads\/2025\/11\/MG_3646-1.jpg\" \/>\n\t<meta property=\"og:image:width\" content=\"467\" \/>\n\t<meta property=\"og:image:height\" content=\"700\" \/>\n\t<meta property=\"og:image:type\" content=\"image\/jpeg\" \/>\n<meta name=\"author\" content=\"Erick Villafuerte\" \/>\n<meta name=\"twitter:card\" content=\"summary_large_image\" \/>\n<meta name=\"twitter:creator\" content=\"@quebakanec\" \/>\n<meta name=\"twitter:site\" content=\"@quebakanec\" \/>\n<meta name=\"twitter:label1\" content=\"Escrito por\" \/>\n\t<meta name=\"twitter:data1\" content=\"Erick Villafuerte\" \/>\n\t<meta name=\"twitter:label2\" content=\"Tiempo de lectura\" \/>\n\t<meta name=\"twitter:data2\" content=\"2 minutos\" \/>\n<script type=\"application\/ld+json\" class=\"yoast-schema-graph\">{\"@context\":\"https:\\\/\\\/schema.org\",\"@graph\":[{\"@type\":\"Article\",\"@id\":\"https:\\\/\\\/www.quebakan.com\\\/v15\\\/nuevas-disposiciones-tributarias-obligan-a-las-empresas-a-pagar-por-utilidades-no-distribuidas\\\/#article\",\"isPartOf\":{\"@id\":\"https:\\\/\\\/www.quebakan.com\\\/v15\\\/nuevas-disposiciones-tributarias-obligan-a-las-empresas-a-pagar-por-utilidades-no-distribuidas\\\/\"},\"author\":{\"name\":\"Erick Villafuerte\",\"@id\":\"https:\\\/\\\/www.quebakan.com\\\/v15\\\/#\\\/schema\\\/person\\\/d90fa9f9cfa81eb8ace9811e5b7b9118\"},\"headline\":\"Nuevas disposiciones tributarias obligan a las empresas a pagar por utilidades no distribuidas\",\"datePublished\":\"2025-11-09T19:45:52+00:00\",\"mainEntityOfPage\":{\"@id\":\"https:\\\/\\\/www.quebakan.com\\\/v15\\\/nuevas-disposiciones-tributarias-obligan-a-las-empresas-a-pagar-por-utilidades-no-distribuidas\\\/\"},\"wordCount\":374,\"publisher\":{\"@id\":\"https:\\\/\\\/www.quebakan.com\\\/v15\\\/#organization\"},\"image\":{\"@id\":\"https:\\\/\\\/www.quebakan.com\\\/v15\\\/nuevas-disposiciones-tributarias-obligan-a-las-empresas-a-pagar-por-utilidades-no-distribuidas\\\/#primaryimage\"},\"thumbnailUrl\":\"https:\\\/\\\/www.quebakan.com\\\/v15\\\/wp-content\\\/uploads\\\/2025\\\/11\\\/MG_3646-1.jpg\",\"articleSection\":[\"Noticias\"],\"inLanguage\":\"es\"},{\"@type\":\"WebPage\",\"@id\":\"https:\\\/\\\/www.quebakan.com\\\/v15\\\/nuevas-disposiciones-tributarias-obligan-a-las-empresas-a-pagar-por-utilidades-no-distribuidas\\\/\",\"url\":\"https:\\\/\\\/www.quebakan.com\\\/v15\\\/nuevas-disposiciones-tributarias-obligan-a-las-empresas-a-pagar-por-utilidades-no-distribuidas\\\/\",\"name\":\"Nuevas disposiciones tributarias obligan a las empresas a pagar por utilidades no distribuidas &#8211; QUEBAKAN.COM 2026: Noticias, Eventos, Conciertos y mucho m\u00e1s....\",\"isPartOf\":{\"@id\":\"https:\\\/\\\/www.quebakan.com\\\/v15\\\/#website\"},\"primaryImageOfPage\":{\"@id\":\"https:\\\/\\\/www.quebakan.com\\\/v15\\\/nuevas-disposiciones-tributarias-obligan-a-las-empresas-a-pagar-por-utilidades-no-distribuidas\\\/#primaryimage\"},\"image\":{\"@id\":\"https:\\\/\\\/www.quebakan.com\\\/v15\\\/nuevas-disposiciones-tributarias-obligan-a-las-empresas-a-pagar-por-utilidades-no-distribuidas\\\/#primaryimage\"},\"thumbnailUrl\":\"https:\\\/\\\/www.quebakan.com\\\/v15\\\/wp-content\\\/uploads\\\/2025\\\/11\\\/MG_3646-1.jpg\",\"datePublished\":\"2025-11-09T19:45:52+00:00\",\"breadcrumb\":{\"@id\":\"https:\\\/\\\/www.quebakan.com\\\/v15\\\/nuevas-disposiciones-tributarias-obligan-a-las-empresas-a-pagar-por-utilidades-no-distribuidas\\\/#breadcrumb\"},\"inLanguage\":\"es\",\"potentialAction\":[{\"@type\":\"ReadAction\",\"target\":[\"https:\\\/\\\/www.quebakan.com\\\/v15\\\/nuevas-disposiciones-tributarias-obligan-a-las-empresas-a-pagar-por-utilidades-no-distribuidas\\\/\"]}]},{\"@type\":\"ImageObject\",\"inLanguage\":\"es\",\"@id\":\"https:\\\/\\\/www.quebakan.com\\\/v15\\\/nuevas-disposiciones-tributarias-obligan-a-las-empresas-a-pagar-por-utilidades-no-distribuidas\\\/#primaryimage\",\"url\":\"https:\\\/\\\/www.quebakan.com\\\/v15\\\/wp-content\\\/uploads\\\/2025\\\/11\\\/MG_3646-1.jpg\",\"contentUrl\":\"https:\\\/\\\/www.quebakan.com\\\/v15\\\/wp-content\\\/uploads\\\/2025\\\/11\\\/MG_3646-1.jpg\",\"width\":467,\"height\":700},{\"@type\":\"BreadcrumbList\",\"@id\":\"https:\\\/\\\/www.quebakan.com\\\/v15\\\/nuevas-disposiciones-tributarias-obligan-a-las-empresas-a-pagar-por-utilidades-no-distribuidas\\\/#breadcrumb\",\"itemListElement\":[{\"@type\":\"ListItem\",\"position\":1,\"name\":\"Portada\",\"item\":\"https:\\\/\\\/www.quebakan.com\\\/v15\\\/\"},{\"@type\":\"ListItem\",\"position\":2,\"name\":\"Nuevas disposiciones tributarias obligan a las empresas a pagar por utilidades no distribuidas\"}]},{\"@type\":\"WebSite\",\"@id\":\"https:\\\/\\\/www.quebakan.com\\\/v15\\\/#website\",\"url\":\"https:\\\/\\\/www.quebakan.com\\\/v15\\\/\",\"name\":\"QUEBAKAN\",\"description\":\"..\",\"publisher\":{\"@id\":\"https:\\\/\\\/www.quebakan.com\\\/v15\\\/#organization\"},\"potentialAction\":[{\"@type\":\"SearchAction\",\"target\":{\"@type\":\"EntryPoint\",\"urlTemplate\":\"https:\\\/\\\/www.quebakan.com\\\/v15\\\/?s={search_term_string}\"},\"query-input\":{\"@type\":\"PropertyValueSpecification\",\"valueRequired\":true,\"valueName\":\"search_term_string\"}}],\"inLanguage\":\"es\"},{\"@type\":\"Organization\",\"@id\":\"https:\\\/\\\/www.quebakan.com\\\/v15\\\/#organization\",\"name\":\"Quebakan.com\",\"url\":\"https:\\\/\\\/www.quebakan.com\\\/v15\\\/\",\"logo\":{\"@type\":\"ImageObject\",\"inLanguage\":\"es\",\"@id\":\"https:\\\/\\\/www.quebakan.com\\\/v15\\\/#\\\/schema\\\/logo\\\/image\\\/\",\"url\":\"https:\\\/\\\/www.quebakan.com\\\/v15\\\/wp-content\\\/uploads\\\/2023\\\/07\\\/logoquebakanenero2021.jpg\",\"contentUrl\":\"https:\\\/\\\/www.quebakan.com\\\/v15\\\/wp-content\\\/uploads\\\/2023\\\/07\\\/logoquebakanenero2021.jpg\",\"width\":1920,\"height\":1080,\"caption\":\"Quebakan.com\"},\"image\":{\"@id\":\"https:\\\/\\\/www.quebakan.com\\\/v15\\\/#\\\/schema\\\/logo\\\/image\\\/\"},\"sameAs\":[\"http:\\\/\\\/www.facebook.com\\\/quebakan\",\"https:\\\/\\\/x.com\\\/quebakanec\",\"http:\\\/\\\/www.instagram.com\\\/quebakan\",\"http:\\\/\\\/www.youtube.com\\\/quebakan1\"]},{\"@type\":\"Person\",\"@id\":\"https:\\\/\\\/www.quebakan.com\\\/v15\\\/#\\\/schema\\\/person\\\/d90fa9f9cfa81eb8ace9811e5b7b9118\",\"name\":\"Erick Villafuerte\",\"image\":{\"@type\":\"ImageObject\",\"inLanguage\":\"es\",\"@id\":\"https:\\\/\\\/www.quebakan.com\\\/v15\\\/wp-content\\\/uploads\\\/avatars\\\/4\\\/1731297654-bpfull.png\",\"url\":\"https:\\\/\\\/www.quebakan.com\\\/v15\\\/wp-content\\\/uploads\\\/avatars\\\/4\\\/1731297654-bpfull.png\",\"contentUrl\":\"https:\\\/\\\/www.quebakan.com\\\/v15\\\/wp-content\\\/uploads\\\/avatars\\\/4\\\/1731297654-bpfull.png\",\"caption\":\"Erick Villafuerte\"}}]}<\/script>\n<!-- \/ Yoast SEO plugin. -->","yoast_head_json":{"title":"Nuevas disposiciones tributarias obligan a las empresas a pagar por utilidades no distribuidas &#8211; QUEBAKAN.COM 2026: Noticias, Eventos, Conciertos y mucho m\u00e1s....","robots":{"index":"index","follow":"follow","max-snippet":"max-snippet:-1","max-image-preview":"max-image-preview:large","max-video-preview":"max-video-preview:-1"},"canonical":"https:\/\/www.quebakan.com\/v15\/nuevas-disposiciones-tributarias-obligan-a-las-empresas-a-pagar-por-utilidades-no-distribuidas\/","og_locale":"es_ES","og_type":"article","og_title":"Nuevas disposiciones tributarias obligan a las empresas a pagar por utilidades no distribuidas &#8211; QUEBAKAN.COM 2026: Noticias, Eventos, Conciertos y mucho m\u00e1s....","og_description":"Ecuador, noviembre de 2025. El regreso del feriado llega acompa\u00f1ado de nuevas obligaciones para las empresas ecuatorianas. El Gobierno Nacional, mediante el Decreto Ejecutivo N.\u00ba 191, emitido el 25 de octubre de 2025, introdujo disposiciones al Reglamento General de la Ley Org\u00e1nica de Transparencia Social, incorporando medidas tributarias que afectan directamente a las sociedades sujetas [&hellip;]","og_url":"https:\/\/www.quebakan.com\/v15\/nuevas-disposiciones-tributarias-obligan-a-las-empresas-a-pagar-por-utilidades-no-distribuidas\/","og_site_name":"QUEBAKAN.COM 2026: Noticias, Eventos, Conciertos y mucho m\u00e1s....","article_publisher":"http:\/\/www.facebook.com\/quebakan","article_published_time":"2025-11-09T19:45:52+00:00","og_image":[{"width":467,"height":700,"url":"https:\/\/www.quebakan.com\/v15\/wp-content\/uploads\/2025\/11\/MG_3646-1.jpg","type":"image\/jpeg"}],"author":"Erick Villafuerte","twitter_card":"summary_large_image","twitter_creator":"@quebakanec","twitter_site":"@quebakanec","twitter_misc":{"Escrito por":"Erick Villafuerte","Tiempo de lectura":"2 minutos"},"schema":{"@context":"https:\/\/schema.org","@graph":[{"@type":"Article","@id":"https:\/\/www.quebakan.com\/v15\/nuevas-disposiciones-tributarias-obligan-a-las-empresas-a-pagar-por-utilidades-no-distribuidas\/#article","isPartOf":{"@id":"https:\/\/www.quebakan.com\/v15\/nuevas-disposiciones-tributarias-obligan-a-las-empresas-a-pagar-por-utilidades-no-distribuidas\/"},"author":{"name":"Erick Villafuerte","@id":"https:\/\/www.quebakan.com\/v15\/#\/schema\/person\/d90fa9f9cfa81eb8ace9811e5b7b9118"},"headline":"Nuevas disposiciones tributarias obligan a las empresas a pagar por utilidades no distribuidas","datePublished":"2025-11-09T19:45:52+00:00","mainEntityOfPage":{"@id":"https:\/\/www.quebakan.com\/v15\/nuevas-disposiciones-tributarias-obligan-a-las-empresas-a-pagar-por-utilidades-no-distribuidas\/"},"wordCount":374,"publisher":{"@id":"https:\/\/www.quebakan.com\/v15\/#organization"},"image":{"@id":"https:\/\/www.quebakan.com\/v15\/nuevas-disposiciones-tributarias-obligan-a-las-empresas-a-pagar-por-utilidades-no-distribuidas\/#primaryimage"},"thumbnailUrl":"https:\/\/www.quebakan.com\/v15\/wp-content\/uploads\/2025\/11\/MG_3646-1.jpg","articleSection":["Noticias"],"inLanguage":"es"},{"@type":"WebPage","@id":"https:\/\/www.quebakan.com\/v15\/nuevas-disposiciones-tributarias-obligan-a-las-empresas-a-pagar-por-utilidades-no-distribuidas\/","url":"https:\/\/www.quebakan.com\/v15\/nuevas-disposiciones-tributarias-obligan-a-las-empresas-a-pagar-por-utilidades-no-distribuidas\/","name":"Nuevas disposiciones tributarias obligan a las empresas a pagar por utilidades no distribuidas &#8211; QUEBAKAN.COM 2026: Noticias, Eventos, Conciertos y mucho m\u00e1s....","isPartOf":{"@id":"https:\/\/www.quebakan.com\/v15\/#website"},"primaryImageOfPage":{"@id":"https:\/\/www.quebakan.com\/v15\/nuevas-disposiciones-tributarias-obligan-a-las-empresas-a-pagar-por-utilidades-no-distribuidas\/#primaryimage"},"image":{"@id":"https:\/\/www.quebakan.com\/v15\/nuevas-disposiciones-tributarias-obligan-a-las-empresas-a-pagar-por-utilidades-no-distribuidas\/#primaryimage"},"thumbnailUrl":"https:\/\/www.quebakan.com\/v15\/wp-content\/uploads\/2025\/11\/MG_3646-1.jpg","datePublished":"2025-11-09T19:45:52+00:00","breadcrumb":{"@id":"https:\/\/www.quebakan.com\/v15\/nuevas-disposiciones-tributarias-obligan-a-las-empresas-a-pagar-por-utilidades-no-distribuidas\/#breadcrumb"},"inLanguage":"es","potentialAction":[{"@type":"ReadAction","target":["https:\/\/www.quebakan.com\/v15\/nuevas-disposiciones-tributarias-obligan-a-las-empresas-a-pagar-por-utilidades-no-distribuidas\/"]}]},{"@type":"ImageObject","inLanguage":"es","@id":"https:\/\/www.quebakan.com\/v15\/nuevas-disposiciones-tributarias-obligan-a-las-empresas-a-pagar-por-utilidades-no-distribuidas\/#primaryimage","url":"https:\/\/www.quebakan.com\/v15\/wp-content\/uploads\/2025\/11\/MG_3646-1.jpg","contentUrl":"https:\/\/www.quebakan.com\/v15\/wp-content\/uploads\/2025\/11\/MG_3646-1.jpg","width":467,"height":700},{"@type":"BreadcrumbList","@id":"https:\/\/www.quebakan.com\/v15\/nuevas-disposiciones-tributarias-obligan-a-las-empresas-a-pagar-por-utilidades-no-distribuidas\/#breadcrumb","itemListElement":[{"@type":"ListItem","position":1,"name":"Portada","item":"https:\/\/www.quebakan.com\/v15\/"},{"@type":"ListItem","position":2,"name":"Nuevas disposiciones tributarias obligan a las empresas a pagar por utilidades no distribuidas"}]},{"@type":"WebSite","@id":"https:\/\/www.quebakan.com\/v15\/#website","url":"https:\/\/www.quebakan.com\/v15\/","name":"QUEBAKAN","description":"..","publisher":{"@id":"https:\/\/www.quebakan.com\/v15\/#organization"},"potentialAction":[{"@type":"SearchAction","target":{"@type":"EntryPoint","urlTemplate":"https:\/\/www.quebakan.com\/v15\/?s={search_term_string}"},"query-input":{"@type":"PropertyValueSpecification","valueRequired":true,"valueName":"search_term_string"}}],"inLanguage":"es"},{"@type":"Organization","@id":"https:\/\/www.quebakan.com\/v15\/#organization","name":"Quebakan.com","url":"https:\/\/www.quebakan.com\/v15\/","logo":{"@type":"ImageObject","inLanguage":"es","@id":"https:\/\/www.quebakan.com\/v15\/#\/schema\/logo\/image\/","url":"https:\/\/www.quebakan.com\/v15\/wp-content\/uploads\/2023\/07\/logoquebakanenero2021.jpg","contentUrl":"https:\/\/www.quebakan.com\/v15\/wp-content\/uploads\/2023\/07\/logoquebakanenero2021.jpg","width":1920,"height":1080,"caption":"Quebakan.com"},"image":{"@id":"https:\/\/www.quebakan.com\/v15\/#\/schema\/logo\/image\/"},"sameAs":["http:\/\/www.facebook.com\/quebakan","https:\/\/x.com\/quebakanec","http:\/\/www.instagram.com\/quebakan","http:\/\/www.youtube.com\/quebakan1"]},{"@type":"Person","@id":"https:\/\/www.quebakan.com\/v15\/#\/schema\/person\/d90fa9f9cfa81eb8ace9811e5b7b9118","name":"Erick Villafuerte","image":{"@type":"ImageObject","inLanguage":"es","@id":"https:\/\/www.quebakan.com\/v15\/wp-content\/uploads\/avatars\/4\/1731297654-bpfull.png","url":"https:\/\/www.quebakan.com\/v15\/wp-content\/uploads\/avatars\/4\/1731297654-bpfull.png","contentUrl":"https:\/\/www.quebakan.com\/v15\/wp-content\/uploads\/avatars\/4\/1731297654-bpfull.png","caption":"Erick Villafuerte"}}]}},"_links":{"self":[{"href":"https:\/\/www.quebakan.com\/v15\/wp-json\/wp\/v2\/posts\/137145","targetHints":{"allow":["GET"]}}],"collection":[{"href":"https:\/\/www.quebakan.com\/v15\/wp-json\/wp\/v2\/posts"}],"about":[{"href":"https:\/\/www.quebakan.com\/v15\/wp-json\/wp\/v2\/types\/post"}],"author":[{"embeddable":true,"href":"https:\/\/www.quebakan.com\/v15\/wp-json\/wp\/v2\/users\/4"}],"replies":[{"embeddable":true,"href":"https:\/\/www.quebakan.com\/v15\/wp-json\/wp\/v2\/comments?post=137145"}],"version-history":[{"count":1,"href":"https:\/\/www.quebakan.com\/v15\/wp-json\/wp\/v2\/posts\/137145\/revisions"}],"predecessor-version":[{"id":137147,"href":"https:\/\/www.quebakan.com\/v15\/wp-json\/wp\/v2\/posts\/137145\/revisions\/137147"}],"wp:featuredmedia":[{"embeddable":true,"href":"https:\/\/www.quebakan.com\/v15\/wp-json\/wp\/v2\/media\/137146"}],"wp:attachment":[{"href":"https:\/\/www.quebakan.com\/v15\/wp-json\/wp\/v2\/media?parent=137145"}],"wp:term":[{"taxonomy":"category","embeddable":true,"href":"https:\/\/www.quebakan.com\/v15\/wp-json\/wp\/v2\/categories?post=137145"},{"taxonomy":"post_tag","embeddable":true,"href":"https:\/\/www.quebakan.com\/v15\/wp-json\/wp\/v2\/tags?post=137145"}],"curies":[{"name":"wp","href":"https:\/\/api.w.org\/{rel}","templated":true}]}}