{"id":137148,"date":"2025-11-09T15:16:32","date_gmt":"2025-11-09T20:16:32","guid":{"rendered":"https:\/\/www.quebakan.com\/v15\/?p=137148"},"modified":"2025-11-09T15:16:32","modified_gmt":"2025-11-09T20:16:32","slug":"fepad-y-marathon-sports-presentan-el-uniforme-oficial-de-la-seleccion-ecuatoriana-de-padel-durante-el-primer-torneo-nacional-federado","status":"publish","type":"post","link":"https:\/\/www.quebakan.com\/v15\/fepad-y-marathon-sports-presentan-el-uniforme-oficial-de-la-seleccion-ecuatoriana-de-padel-durante-el-primer-torneo-nacional-federado\/","title":{"rendered":"FEPAD y Marathon Sports presentan el uniforme oficial de la Selecci\u00f3n Ecuatoriana de P\u00e1del durante el Primer Torneo Nacional Federado"},"content":{"rendered":"<ul>\n<li style=\"text-align: justify;\"><span style=\"color: #000000;\">El nuevo uniforme refleja el crecimiento y la proyecci\u00f3n del p\u00e1del ecuatoriano.<\/span><\/li>\n<li style=\"text-align: justify;\"><span style=\"color: #000000;\">El Primer Torneo Nacional Federado inaugura el sistema competitivo oficial de FEPAD.<\/span><\/li>\n<li style=\"text-align: justify;\"><span style=\"color: #000000;\">M\u00e1s de 200 deportistas de todo el pa\u00eds formaron parte de esta primera edici\u00f3n hist\u00f3rica.<\/span><\/li>\n<\/ul>\n<p style=\"text-align: justify;\"><strong> <img fetchpriority=\"high\" decoding=\"async\" class=\"aligncenter size-full wp-image-137149\" src=\"https:\/\/www.quebakan.com\/v15\/wp-content\/uploads\/2025\/11\/Foto1.jpg\" alt=\"\" width=\"700\" height=\"467\" \/><\/strong><\/p>\n<p style=\"text-align: center;\"><span style=\"color: #000000;\"><strong>En la fotograf\u00eda:<\/strong> Uniforme de la selecci\u00f3n ecuatoriana de Padel<\/span><\/p>\n<p><img decoding=\"async\" class=\"aligncenter size-full wp-image-137150\" src=\"https:\/\/www.quebakan.com\/v15\/wp-content\/uploads\/2025\/11\/Foto-oficial.jpg\" alt=\"\" width=\"700\" height=\"525\" \/><\/p>\n<p style=\"text-align: justify;\"><span style=\"color: #000000;\"><strong>En la fotograf\u00eda<\/strong><strong>: <\/strong>Andr\u00e9s G\u00f3mez de la Torre, vicepresidente de FEPAD; Jos\u00e9 David Jim\u00e9nez, viceministro de Deporte; y Mario \u00c1lvarez, presidente de FEPAD<\/span><\/p>\n<p style=\"text-align: justify;\"><span style=\"color: #000000;\">La Federaci\u00f3n Ecuatoriana de P\u00e1del (FEPAD) present\u00f3 oficialmente el uniforme que vestir\u00e1 la Selecci\u00f3n Ecuatoriana de P\u00e1del en sus pr\u00f3ximas competencias internacionales. El lanzamiento se realiz\u00f3 el s\u00e1bado 8 de noviembre en Guayaquil, en el marco del Primer Torneo Nacional Federado FEPAD 2025, desarrollado en las canchas de All P\u00e1del Club y P\u00e1del Ecuador.<\/span><\/p>\n<p style=\"text-align: justify;\"><span style=\"color: #000000;\">El uniforme fue dise\u00f1ado por Marathon Sports, auspiciante y marca oficial de indumentaria de la Federaci\u00f3n. Fabricado con tecnolog\u00eda de alto rendimiento, combina los colores del Ecuador y detalles geom\u00e9tricos que representan el dinamismo y el crecimiento del p\u00e1del nacional.<\/span><\/p>\n<p style=\"text-align: justify;\"><span style=\"color: #000000;\">La Selecci\u00f3n contar\u00e1 con una l\u00ednea completa de uniformes para acompa\u00f1ar a los jugadores en cada instancia del circuito internacional:<\/span><\/p>\n<table width=\"566\">\n<tbody>\n<tr>\n<td width=\"120\"><span style=\"color: #000000;\"><strong>Uniforme<\/strong><\/span><\/td>\n<td width=\"446\"><span style=\"color: #000000;\"><strong>Descripci\u00f3n<\/strong><\/span><\/td>\n<\/tr>\n<tr>\n<td width=\"120\"><span style=\"color: #000000;\"><strong>Uniforme Principal (titular)<\/strong><\/span><\/td>\n<td width=\"446\"><span style=\"color: #000000;\">Predominan los colores de la bandera nacional, con detalles geom\u00e9tricos que reflejan el movimiento del p\u00e1del. Fabricado en tela de alto rendimiento con tecnolog\u00eda de secado r\u00e1pido. Ser\u00e1 utilizado en los encuentros oficiales<\/span><\/td>\n<\/tr>\n<tr>\n<td width=\"120\"><span style=\"color: #000000;\"><strong>Uniforme alterno<\/strong><\/span><\/td>\n<td width=\"446\"><span style=\"color: #000000;\">Dise\u00f1o en tonos oscuros y sobrios, pensado para competencias donde se requiera diferenciaci\u00f3n visual.<\/span><\/td>\n<\/tr>\n<tr>\n<td width=\"120\"><span style=\"color: #000000;\"><strong>Uniforme de entrenamiento<\/strong><\/span><\/td>\n<td width=\"446\"><span style=\"color: #000000;\">Para concentraciones, entrenamientos previos y d\u00edas sin competencia oficial.<\/span><\/td>\n<\/tr>\n<tr>\n<td width=\"120\"><span style=\"color: #000000;\"><strong>Uniforme de Presentaci\u00f3n<\/strong><\/span><\/td>\n<td width=\"446\"><span style=\"color: #000000;\">Destinado a actos protocolares, presentaciones y eventos oficiales. Combina elegancia, identidad y orgullo nacional.<\/span><\/td>\n<\/tr>\n<\/tbody>\n<\/table>\n<p style=\"text-align: justify;\"><span style=\"color: #000000;\">La nueva indumentaria estar\u00e1 pr\u00f3ximamente disponible en todas las tiendas f\u00edsicas de <strong>Marathon Sports<\/strong> y en su tienda online oficial, en tallas para hombres, mujeres y juveniles.<\/span><\/p>\n<h3 style=\"text-align: justify;\"><span style=\"color: #000000;\">Inicio de una nueva etapa para el p\u00e1del ecuatoriano<\/span><\/h3>\n<p style=\"text-align: justify;\"><span style=\"color: #000000;\">El Primer Torneo Nacional Federado FEPAD 2025 reuni\u00f3 a m\u00e1s de 200 deportistas de distintas provincias del pa\u00eds.<\/span><\/p>\n<p style=\"text-align: justify;\"><span style=\"color: #000000;\">Participaron jugadores y jugadoras de las categor\u00edas Primera a Sexta, adem\u00e1s de las divisiones juveniles Sub-12, Sub-14, Sub-16 y Sub-18, con representantes de ciudades como Ibarra, Quito, Ambato, Latacunga, Riobamba, Cuenca, Santo Domingo, Chone, Manta, Portoviejo, Machala y Guayaquil.<\/span><\/p>\n<p style=\"text-align: justify;\"><span style=\"color: #000000;\">Este fue el primer torneo oficial organizado bajo el sistema competitivo de FEPAD, que servir\u00e1 como base para el Ranking Nacional 2026.<\/span><\/p>\n<p style=\"text-align: justify;\"><span style=\"color: #000000;\">\u201cCon este torneo y la presentaci\u00f3n de nuestro uniforme, el p\u00e1del ecuatoriano inicia una nueva etapa de profesionalizaci\u00f3n, identidad y sentido de pertenencia deportiva\u201d, expres\u00f3 <strong>Mario \u00c1lvarez<\/strong>, presidente de FEPAD.<\/span><\/p>\n","protected":false},"excerpt":{"rendered":"<p>El nuevo uniforme refleja el crecimiento y la proyecci\u00f3n del p\u00e1del ecuatoriano. El Primer Torneo Nacional Federado inaugura el sistema competitivo oficial de FEPAD. M\u00e1s de 200 deportistas de todo el pa\u00eds formaron parte de esta primera edici\u00f3n hist\u00f3rica. En la fotograf\u00eda: Uniforme de la selecci\u00f3n ecuatoriana de Padel En la fotograf\u00eda: Andr\u00e9s G\u00f3mez de [&hellip;]<\/p>\n","protected":false},"author":4,"featured_media":137149,"comment_status":"closed","ping_status":"closed","sticky":false,"template":"","format":"standard","meta":{"_bbp_topic_count":0,"_bbp_reply_count":0,"_bbp_total_topic_count":0,"_bbp_total_reply_count":0,"_bbp_voice_count":0,"_bbp_anonymous_reply_count":0,"_bbp_topic_count_hidden":0,"_bbp_reply_count_hidden":0,"_bbp_forum_subforum_count":0,"buzzeditor_post_format":"","footnotes":""},"categories":[2],"tags":[],"class_list":["post-137148","post","type-post","status-publish","format-standard","has-post-thumbnail","hentry","category-noticias"],"yoast_head":"<!-- This site is optimized with the Yoast SEO plugin v27.5 - https:\/\/yoast.com\/product\/yoast-seo-wordpress\/ -->\n<title>FEPAD y Marathon Sports presentan el uniforme oficial de la Selecci\u00f3n Ecuatoriana de P\u00e1del durante el Primer Torneo Nacional Federado &#8211; QUEBAKAN.COM 2026: Noticias, Eventos, Conciertos y mucho m\u00e1s....<\/title>\n<meta name=\"robots\" content=\"index, follow, max-snippet:-1, max-image-preview:large, max-video-preview:-1\" \/>\n<link rel=\"canonical\" href=\"https:\/\/www.quebakan.com\/v15\/fepad-y-marathon-sports-presentan-el-uniforme-oficial-de-la-seleccion-ecuatoriana-de-padel-durante-el-primer-torneo-nacional-federado\/\" \/>\n<meta property=\"og:locale\" content=\"es_ES\" \/>\n<meta property=\"og:type\" content=\"article\" \/>\n<meta property=\"og:title\" content=\"FEPAD y Marathon Sports presentan el uniforme oficial de la Selecci\u00f3n Ecuatoriana de P\u00e1del durante el Primer Torneo Nacional Federado &#8211; QUEBAKAN.COM 2026: Noticias, Eventos, Conciertos y mucho m\u00e1s....\" \/>\n<meta property=\"og:description\" content=\"El nuevo uniforme refleja el crecimiento y la proyecci\u00f3n del p\u00e1del ecuatoriano. El Primer Torneo Nacional Federado inaugura el sistema competitivo oficial de FEPAD. M\u00e1s de 200 deportistas de todo el pa\u00eds formaron parte de esta primera edici\u00f3n hist\u00f3rica. En la fotograf\u00eda: Uniforme de la selecci\u00f3n ecuatoriana de Padel En la fotograf\u00eda: Andr\u00e9s G\u00f3mez de [&hellip;]\" \/>\n<meta property=\"og:url\" content=\"https:\/\/www.quebakan.com\/v15\/fepad-y-marathon-sports-presentan-el-uniforme-oficial-de-la-seleccion-ecuatoriana-de-padel-durante-el-primer-torneo-nacional-federado\/\" \/>\n<meta property=\"og:site_name\" content=\"QUEBAKAN.COM 2026: Noticias, Eventos, Conciertos y mucho m\u00e1s....\" \/>\n<meta property=\"article:publisher\" content=\"http:\/\/www.facebook.com\/quebakan\" \/>\n<meta property=\"article:published_time\" content=\"2025-11-09T20:16:32+00:00\" \/>\n<meta property=\"og:image\" content=\"https:\/\/www.quebakan.com\/v15\/wp-content\/uploads\/2025\/11\/Foto1.jpg\" \/>\n\t<meta property=\"og:image:width\" content=\"700\" \/>\n\t<meta property=\"og:image:height\" content=\"467\" \/>\n\t<meta property=\"og:image:type\" content=\"image\/jpeg\" \/>\n<meta name=\"author\" content=\"Erick Villafuerte\" \/>\n<meta name=\"twitter:card\" content=\"summary_large_image\" \/>\n<meta name=\"twitter:creator\" content=\"@quebakanec\" \/>\n<meta name=\"twitter:site\" content=\"@quebakanec\" \/>\n<meta name=\"twitter:label1\" content=\"Escrito por\" \/>\n\t<meta name=\"twitter:data1\" content=\"Erick Villafuerte\" \/>\n\t<meta name=\"twitter:label2\" content=\"Tiempo de lectura\" \/>\n\t<meta name=\"twitter:data2\" content=\"3 minutos\" \/>\n<script type=\"application\/ld+json\" class=\"yoast-schema-graph\">{\"@context\":\"https:\\\/\\\/schema.org\",\"@graph\":[{\"@type\":\"Article\",\"@id\":\"https:\\\/\\\/www.quebakan.com\\\/v15\\\/fepad-y-marathon-sports-presentan-el-uniforme-oficial-de-la-seleccion-ecuatoriana-de-padel-durante-el-primer-torneo-nacional-federado\\\/#article\",\"isPartOf\":{\"@id\":\"https:\\\/\\\/www.quebakan.com\\\/v15\\\/fepad-y-marathon-sports-presentan-el-uniforme-oficial-de-la-seleccion-ecuatoriana-de-padel-durante-el-primer-torneo-nacional-federado\\\/\"},\"author\":{\"name\":\"Erick Villafuerte\",\"@id\":\"https:\\\/\\\/www.quebakan.com\\\/v15\\\/#\\\/schema\\\/person\\\/d90fa9f9cfa81eb8ace9811e5b7b9118\"},\"headline\":\"FEPAD y Marathon Sports presentan el uniforme oficial de la Selecci\u00f3n Ecuatoriana de P\u00e1del durante el Primer Torneo Nacional Federado\",\"datePublished\":\"2025-11-09T20:16:32+00:00\",\"mainEntityOfPage\":{\"@id\":\"https:\\\/\\\/www.quebakan.com\\\/v15\\\/fepad-y-marathon-sports-presentan-el-uniforme-oficial-de-la-seleccion-ecuatoriana-de-padel-durante-el-primer-torneo-nacional-federado\\\/\"},\"wordCount\":477,\"publisher\":{\"@id\":\"https:\\\/\\\/www.quebakan.com\\\/v15\\\/#organization\"},\"image\":{\"@id\":\"https:\\\/\\\/www.quebakan.com\\\/v15\\\/fepad-y-marathon-sports-presentan-el-uniforme-oficial-de-la-seleccion-ecuatoriana-de-padel-durante-el-primer-torneo-nacional-federado\\\/#primaryimage\"},\"thumbnailUrl\":\"https:\\\/\\\/www.quebakan.com\\\/v15\\\/wp-content\\\/uploads\\\/2025\\\/11\\\/Foto1.jpg\",\"articleSection\":[\"Noticias\"],\"inLanguage\":\"es\"},{\"@type\":\"WebPage\",\"@id\":\"https:\\\/\\\/www.quebakan.com\\\/v15\\\/fepad-y-marathon-sports-presentan-el-uniforme-oficial-de-la-seleccion-ecuatoriana-de-padel-durante-el-primer-torneo-nacional-federado\\\/\",\"url\":\"https:\\\/\\\/www.quebakan.com\\\/v15\\\/fepad-y-marathon-sports-presentan-el-uniforme-oficial-de-la-seleccion-ecuatoriana-de-padel-durante-el-primer-torneo-nacional-federado\\\/\",\"name\":\"FEPAD y Marathon Sports presentan el uniforme oficial de la Selecci\u00f3n Ecuatoriana de P\u00e1del durante el Primer Torneo Nacional Federado &#8211; QUEBAKAN.COM 2026: Noticias, Eventos, Conciertos y mucho m\u00e1s....\",\"isPartOf\":{\"@id\":\"https:\\\/\\\/www.quebakan.com\\\/v15\\\/#website\"},\"primaryImageOfPage\":{\"@id\":\"https:\\\/\\\/www.quebakan.com\\\/v15\\\/fepad-y-marathon-sports-presentan-el-uniforme-oficial-de-la-seleccion-ecuatoriana-de-padel-durante-el-primer-torneo-nacional-federado\\\/#primaryimage\"},\"image\":{\"@id\":\"https:\\\/\\\/www.quebakan.com\\\/v15\\\/fepad-y-marathon-sports-presentan-el-uniforme-oficial-de-la-seleccion-ecuatoriana-de-padel-durante-el-primer-torneo-nacional-federado\\\/#primaryimage\"},\"thumbnailUrl\":\"https:\\\/\\\/www.quebakan.com\\\/v15\\\/wp-content\\\/uploads\\\/2025\\\/11\\\/Foto1.jpg\",\"datePublished\":\"2025-11-09T20:16:32+00:00\",\"breadcrumb\":{\"@id\":\"https:\\\/\\\/www.quebakan.com\\\/v15\\\/fepad-y-marathon-sports-presentan-el-uniforme-oficial-de-la-seleccion-ecuatoriana-de-padel-durante-el-primer-torneo-nacional-federado\\\/#breadcrumb\"},\"inLanguage\":\"es\",\"potentialAction\":[{\"@type\":\"ReadAction\",\"target\":[\"https:\\\/\\\/www.quebakan.com\\\/v15\\\/fepad-y-marathon-sports-presentan-el-uniforme-oficial-de-la-seleccion-ecuatoriana-de-padel-durante-el-primer-torneo-nacional-federado\\\/\"]}]},{\"@type\":\"ImageObject\",\"inLanguage\":\"es\",\"@id\":\"https:\\\/\\\/www.quebakan.com\\\/v15\\\/fepad-y-marathon-sports-presentan-el-uniforme-oficial-de-la-seleccion-ecuatoriana-de-padel-durante-el-primer-torneo-nacional-federado\\\/#primaryimage\",\"url\":\"https:\\\/\\\/www.quebakan.com\\\/v15\\\/wp-content\\\/uploads\\\/2025\\\/11\\\/Foto1.jpg\",\"contentUrl\":\"https:\\\/\\\/www.quebakan.com\\\/v15\\\/wp-content\\\/uploads\\\/2025\\\/11\\\/Foto1.jpg\",\"width\":700,\"height\":467},{\"@type\":\"BreadcrumbList\",\"@id\":\"https:\\\/\\\/www.quebakan.com\\\/v15\\\/fepad-y-marathon-sports-presentan-el-uniforme-oficial-de-la-seleccion-ecuatoriana-de-padel-durante-el-primer-torneo-nacional-federado\\\/#breadcrumb\",\"itemListElement\":[{\"@type\":\"ListItem\",\"position\":1,\"name\":\"Portada\",\"item\":\"https:\\\/\\\/www.quebakan.com\\\/v15\\\/\"},{\"@type\":\"ListItem\",\"position\":2,\"name\":\"FEPAD y Marathon Sports presentan el uniforme oficial de la Selecci\u00f3n Ecuatoriana de P\u00e1del durante el Primer Torneo Nacional Federado\"}]},{\"@type\":\"WebSite\",\"@id\":\"https:\\\/\\\/www.quebakan.com\\\/v15\\\/#website\",\"url\":\"https:\\\/\\\/www.quebakan.com\\\/v15\\\/\",\"name\":\"QUEBAKAN\",\"description\":\"..\",\"publisher\":{\"@id\":\"https:\\\/\\\/www.quebakan.com\\\/v15\\\/#organization\"},\"potentialAction\":[{\"@type\":\"SearchAction\",\"target\":{\"@type\":\"EntryPoint\",\"urlTemplate\":\"https:\\\/\\\/www.quebakan.com\\\/v15\\\/?s={search_term_string}\"},\"query-input\":{\"@type\":\"PropertyValueSpecification\",\"valueRequired\":true,\"valueName\":\"search_term_string\"}}],\"inLanguage\":\"es\"},{\"@type\":\"Organization\",\"@id\":\"https:\\\/\\\/www.quebakan.com\\\/v15\\\/#organization\",\"name\":\"Quebakan.com\",\"url\":\"https:\\\/\\\/www.quebakan.com\\\/v15\\\/\",\"logo\":{\"@type\":\"ImageObject\",\"inLanguage\":\"es\",\"@id\":\"https:\\\/\\\/www.quebakan.com\\\/v15\\\/#\\\/schema\\\/logo\\\/image\\\/\",\"url\":\"https:\\\/\\\/www.quebakan.com\\\/v15\\\/wp-content\\\/uploads\\\/2023\\\/07\\\/logoquebakanenero2021.jpg\",\"contentUrl\":\"https:\\\/\\\/www.quebakan.com\\\/v15\\\/wp-content\\\/uploads\\\/2023\\\/07\\\/logoquebakanenero2021.jpg\",\"width\":1920,\"height\":1080,\"caption\":\"Quebakan.com\"},\"image\":{\"@id\":\"https:\\\/\\\/www.quebakan.com\\\/v15\\\/#\\\/schema\\\/logo\\\/image\\\/\"},\"sameAs\":[\"http:\\\/\\\/www.facebook.com\\\/quebakan\",\"https:\\\/\\\/x.com\\\/quebakanec\",\"http:\\\/\\\/www.instagram.com\\\/quebakan\",\"http:\\\/\\\/www.youtube.com\\\/quebakan1\"]},{\"@type\":\"Person\",\"@id\":\"https:\\\/\\\/www.quebakan.com\\\/v15\\\/#\\\/schema\\\/person\\\/d90fa9f9cfa81eb8ace9811e5b7b9118\",\"name\":\"Erick Villafuerte\",\"image\":{\"@type\":\"ImageObject\",\"inLanguage\":\"es\",\"@id\":\"https:\\\/\\\/www.quebakan.com\\\/v15\\\/wp-content\\\/uploads\\\/avatars\\\/4\\\/1731297654-bpfull.png\",\"url\":\"https:\\\/\\\/www.quebakan.com\\\/v15\\\/wp-content\\\/uploads\\\/avatars\\\/4\\\/1731297654-bpfull.png\",\"contentUrl\":\"https:\\\/\\\/www.quebakan.com\\\/v15\\\/wp-content\\\/uploads\\\/avatars\\\/4\\\/1731297654-bpfull.png\",\"caption\":\"Erick Villafuerte\"}}]}<\/script>\n<!-- \/ Yoast SEO plugin. -->","yoast_head_json":{"title":"FEPAD y Marathon Sports presentan el uniforme oficial de la Selecci\u00f3n Ecuatoriana de P\u00e1del durante el Primer Torneo Nacional Federado &#8211; QUEBAKAN.COM 2026: Noticias, Eventos, Conciertos y mucho m\u00e1s....","robots":{"index":"index","follow":"follow","max-snippet":"max-snippet:-1","max-image-preview":"max-image-preview:large","max-video-preview":"max-video-preview:-1"},"canonical":"https:\/\/www.quebakan.com\/v15\/fepad-y-marathon-sports-presentan-el-uniforme-oficial-de-la-seleccion-ecuatoriana-de-padel-durante-el-primer-torneo-nacional-federado\/","og_locale":"es_ES","og_type":"article","og_title":"FEPAD y Marathon Sports presentan el uniforme oficial de la Selecci\u00f3n Ecuatoriana de P\u00e1del durante el Primer Torneo Nacional Federado &#8211; QUEBAKAN.COM 2026: Noticias, Eventos, Conciertos y mucho m\u00e1s....","og_description":"El nuevo uniforme refleja el crecimiento y la proyecci\u00f3n del p\u00e1del ecuatoriano. El Primer Torneo Nacional Federado inaugura el sistema competitivo oficial de FEPAD. M\u00e1s de 200 deportistas de todo el pa\u00eds formaron parte de esta primera edici\u00f3n hist\u00f3rica. En la fotograf\u00eda: Uniforme de la selecci\u00f3n ecuatoriana de Padel En la fotograf\u00eda: Andr\u00e9s G\u00f3mez de [&hellip;]","og_url":"https:\/\/www.quebakan.com\/v15\/fepad-y-marathon-sports-presentan-el-uniforme-oficial-de-la-seleccion-ecuatoriana-de-padel-durante-el-primer-torneo-nacional-federado\/","og_site_name":"QUEBAKAN.COM 2026: Noticias, Eventos, Conciertos y mucho m\u00e1s....","article_publisher":"http:\/\/www.facebook.com\/quebakan","article_published_time":"2025-11-09T20:16:32+00:00","og_image":[{"width":700,"height":467,"url":"https:\/\/www.quebakan.com\/v15\/wp-content\/uploads\/2025\/11\/Foto1.jpg","type":"image\/jpeg"}],"author":"Erick Villafuerte","twitter_card":"summary_large_image","twitter_creator":"@quebakanec","twitter_site":"@quebakanec","twitter_misc":{"Escrito por":"Erick Villafuerte","Tiempo de lectura":"3 minutos"},"schema":{"@context":"https:\/\/schema.org","@graph":[{"@type":"Article","@id":"https:\/\/www.quebakan.com\/v15\/fepad-y-marathon-sports-presentan-el-uniforme-oficial-de-la-seleccion-ecuatoriana-de-padel-durante-el-primer-torneo-nacional-federado\/#article","isPartOf":{"@id":"https:\/\/www.quebakan.com\/v15\/fepad-y-marathon-sports-presentan-el-uniforme-oficial-de-la-seleccion-ecuatoriana-de-padel-durante-el-primer-torneo-nacional-federado\/"},"author":{"name":"Erick Villafuerte","@id":"https:\/\/www.quebakan.com\/v15\/#\/schema\/person\/d90fa9f9cfa81eb8ace9811e5b7b9118"},"headline":"FEPAD y Marathon Sports presentan el uniforme oficial de la Selecci\u00f3n Ecuatoriana de P\u00e1del durante el Primer Torneo Nacional Federado","datePublished":"2025-11-09T20:16:32+00:00","mainEntityOfPage":{"@id":"https:\/\/www.quebakan.com\/v15\/fepad-y-marathon-sports-presentan-el-uniforme-oficial-de-la-seleccion-ecuatoriana-de-padel-durante-el-primer-torneo-nacional-federado\/"},"wordCount":477,"publisher":{"@id":"https:\/\/www.quebakan.com\/v15\/#organization"},"image":{"@id":"https:\/\/www.quebakan.com\/v15\/fepad-y-marathon-sports-presentan-el-uniforme-oficial-de-la-seleccion-ecuatoriana-de-padel-durante-el-primer-torneo-nacional-federado\/#primaryimage"},"thumbnailUrl":"https:\/\/www.quebakan.com\/v15\/wp-content\/uploads\/2025\/11\/Foto1.jpg","articleSection":["Noticias"],"inLanguage":"es"},{"@type":"WebPage","@id":"https:\/\/www.quebakan.com\/v15\/fepad-y-marathon-sports-presentan-el-uniforme-oficial-de-la-seleccion-ecuatoriana-de-padel-durante-el-primer-torneo-nacional-federado\/","url":"https:\/\/www.quebakan.com\/v15\/fepad-y-marathon-sports-presentan-el-uniforme-oficial-de-la-seleccion-ecuatoriana-de-padel-durante-el-primer-torneo-nacional-federado\/","name":"FEPAD y Marathon Sports presentan el uniforme oficial de la Selecci\u00f3n Ecuatoriana de P\u00e1del durante el Primer Torneo Nacional Federado &#8211; QUEBAKAN.COM 2026: Noticias, Eventos, Conciertos y mucho m\u00e1s....","isPartOf":{"@id":"https:\/\/www.quebakan.com\/v15\/#website"},"primaryImageOfPage":{"@id":"https:\/\/www.quebakan.com\/v15\/fepad-y-marathon-sports-presentan-el-uniforme-oficial-de-la-seleccion-ecuatoriana-de-padel-durante-el-primer-torneo-nacional-federado\/#primaryimage"},"image":{"@id":"https:\/\/www.quebakan.com\/v15\/fepad-y-marathon-sports-presentan-el-uniforme-oficial-de-la-seleccion-ecuatoriana-de-padel-durante-el-primer-torneo-nacional-federado\/#primaryimage"},"thumbnailUrl":"https:\/\/www.quebakan.com\/v15\/wp-content\/uploads\/2025\/11\/Foto1.jpg","datePublished":"2025-11-09T20:16:32+00:00","breadcrumb":{"@id":"https:\/\/www.quebakan.com\/v15\/fepad-y-marathon-sports-presentan-el-uniforme-oficial-de-la-seleccion-ecuatoriana-de-padel-durante-el-primer-torneo-nacional-federado\/#breadcrumb"},"inLanguage":"es","potentialAction":[{"@type":"ReadAction","target":["https:\/\/www.quebakan.com\/v15\/fepad-y-marathon-sports-presentan-el-uniforme-oficial-de-la-seleccion-ecuatoriana-de-padel-durante-el-primer-torneo-nacional-federado\/"]}]},{"@type":"ImageObject","inLanguage":"es","@id":"https:\/\/www.quebakan.com\/v15\/fepad-y-marathon-sports-presentan-el-uniforme-oficial-de-la-seleccion-ecuatoriana-de-padel-durante-el-primer-torneo-nacional-federado\/#primaryimage","url":"https:\/\/www.quebakan.com\/v15\/wp-content\/uploads\/2025\/11\/Foto1.jpg","contentUrl":"https:\/\/www.quebakan.com\/v15\/wp-content\/uploads\/2025\/11\/Foto1.jpg","width":700,"height":467},{"@type":"BreadcrumbList","@id":"https:\/\/www.quebakan.com\/v15\/fepad-y-marathon-sports-presentan-el-uniforme-oficial-de-la-seleccion-ecuatoriana-de-padel-durante-el-primer-torneo-nacional-federado\/#breadcrumb","itemListElement":[{"@type":"ListItem","position":1,"name":"Portada","item":"https:\/\/www.quebakan.com\/v15\/"},{"@type":"ListItem","position":2,"name":"FEPAD y Marathon Sports presentan el uniforme oficial de la Selecci\u00f3n Ecuatoriana de P\u00e1del durante el Primer Torneo Nacional Federado"}]},{"@type":"WebSite","@id":"https:\/\/www.quebakan.com\/v15\/#website","url":"https:\/\/www.quebakan.com\/v15\/","name":"QUEBAKAN","description":"..","publisher":{"@id":"https:\/\/www.quebakan.com\/v15\/#organization"},"potentialAction":[{"@type":"SearchAction","target":{"@type":"EntryPoint","urlTemplate":"https:\/\/www.quebakan.com\/v15\/?s={search_term_string}"},"query-input":{"@type":"PropertyValueSpecification","valueRequired":true,"valueName":"search_term_string"}}],"inLanguage":"es"},{"@type":"Organization","@id":"https:\/\/www.quebakan.com\/v15\/#organization","name":"Quebakan.com","url":"https:\/\/www.quebakan.com\/v15\/","logo":{"@type":"ImageObject","inLanguage":"es","@id":"https:\/\/www.quebakan.com\/v15\/#\/schema\/logo\/image\/","url":"https:\/\/www.quebakan.com\/v15\/wp-content\/uploads\/2023\/07\/logoquebakanenero2021.jpg","contentUrl":"https:\/\/www.quebakan.com\/v15\/wp-content\/uploads\/2023\/07\/logoquebakanenero2021.jpg","width":1920,"height":1080,"caption":"Quebakan.com"},"image":{"@id":"https:\/\/www.quebakan.com\/v15\/#\/schema\/logo\/image\/"},"sameAs":["http:\/\/www.facebook.com\/quebakan","https:\/\/x.com\/quebakanec","http:\/\/www.instagram.com\/quebakan","http:\/\/www.youtube.com\/quebakan1"]},{"@type":"Person","@id":"https:\/\/www.quebakan.com\/v15\/#\/schema\/person\/d90fa9f9cfa81eb8ace9811e5b7b9118","name":"Erick Villafuerte","image":{"@type":"ImageObject","inLanguage":"es","@id":"https:\/\/www.quebakan.com\/v15\/wp-content\/uploads\/avatars\/4\/1731297654-bpfull.png","url":"https:\/\/www.quebakan.com\/v15\/wp-content\/uploads\/avatars\/4\/1731297654-bpfull.png","contentUrl":"https:\/\/www.quebakan.com\/v15\/wp-content\/uploads\/avatars\/4\/1731297654-bpfull.png","caption":"Erick Villafuerte"}}]}},"_links":{"self":[{"href":"https:\/\/www.quebakan.com\/v15\/wp-json\/wp\/v2\/posts\/137148","targetHints":{"allow":["GET"]}}],"collection":[{"href":"https:\/\/www.quebakan.com\/v15\/wp-json\/wp\/v2\/posts"}],"about":[{"href":"https:\/\/www.quebakan.com\/v15\/wp-json\/wp\/v2\/types\/post"}],"author":[{"embeddable":true,"href":"https:\/\/www.quebakan.com\/v15\/wp-json\/wp\/v2\/users\/4"}],"replies":[{"embeddable":true,"href":"https:\/\/www.quebakan.com\/v15\/wp-json\/wp\/v2\/comments?post=137148"}],"version-history":[{"count":1,"href":"https:\/\/www.quebakan.com\/v15\/wp-json\/wp\/v2\/posts\/137148\/revisions"}],"predecessor-version":[{"id":137151,"href":"https:\/\/www.quebakan.com\/v15\/wp-json\/wp\/v2\/posts\/137148\/revisions\/137151"}],"wp:featuredmedia":[{"embeddable":true,"href":"https:\/\/www.quebakan.com\/v15\/wp-json\/wp\/v2\/media\/137149"}],"wp:attachment":[{"href":"https:\/\/www.quebakan.com\/v15\/wp-json\/wp\/v2\/media?parent=137148"}],"wp:term":[{"taxonomy":"category","embeddable":true,"href":"https:\/\/www.quebakan.com\/v15\/wp-json\/wp\/v2\/categories?post=137148"},{"taxonomy":"post_tag","embeddable":true,"href":"https:\/\/www.quebakan.com\/v15\/wp-json\/wp\/v2\/tags?post=137148"}],"curies":[{"name":"wp","href":"https:\/\/api.w.org\/{rel}","templated":true}]}}