{"id":137152,"date":"2025-11-09T15:19:23","date_gmt":"2025-11-09T20:19:23","guid":{"rendered":"https:\/\/www.quebakan.com\/v15\/?p=137152"},"modified":"2025-11-09T15:19:23","modified_gmt":"2025-11-09T20:19:23","slug":"agenda-2030-como-reducir-emisiones-desde-tu-auto-y-convertirte-en-un-conductor-mas-consciente-con-el-planeta","status":"publish","type":"post","link":"https:\/\/www.quebakan.com\/v15\/agenda-2030-como-reducir-emisiones-desde-tu-auto-y-convertirte-en-un-conductor-mas-consciente-con-el-planeta\/","title":{"rendered":"Agenda 2030: C\u00f3mo reducir emisiones desde tu auto y convertirte en un conductor m\u00e1s consciente con el planeta"},"content":{"rendered":"<p><img fetchpriority=\"high\" decoding=\"async\" class=\"aligncenter size-full wp-image-137153\" src=\"https:\/\/www.quebakan.com\/v15\/wp-content\/uploads\/2025\/11\/251107_FotoAM_ReduceEmisionesDesdeTuAuto.jpg\" alt=\"\" width=\"700\" height=\"466\" \/><\/p>\n<p style=\"text-align: justify;\"><span style=\"color: #000000;\">En la carrera hacia el cumplimiento de los Objetivos de Desarrollo Sostenible (ODS) de la Agenda 2030 de la ONU, reducir las emisiones del transporte terrestre es uno de los mayores desaf\u00edos. Aunque muchos creen que solo las grandes industrias tienen impacto, lo cierto es que el uso cotidiano del autom\u00f3vil representa una fuente importante de emisiones de CO\u2082.<\/span><\/p>\n<p style=\"text-align: justify;\"><span style=\"color: #000000;\">Pero no todo est\u00e1 perdido. Hay muchas acciones que los ciudadanos pueden emprender desde sus propios veh\u00edculos para marcar la diferencia. Y no se trata solo de conducir menos, sino de conducir mejor. Con peque\u00f1os cambios de h\u00e1bitos, mantenimientos adecuados y la elecci\u00f3n correcta de productos, cualquier conductor puede reducir significativamente su huella ambiental.<\/span><\/p>\n<p style=\"text-align: justify;\"><span style=\"color: #000000;\">Por eso, a continuaci\u00f3n se exponen 8 claves pr\u00e1cticas para reducir el impacto ambiental desde la conducci\u00f3n diaria:<\/span><\/p>\n<ol style=\"text-align: justify;\">\n<li><span style=\"color: #000000;\"><strong>Conduce con inteligencia, no con prisa: <\/strong>La conducci\u00f3n agresiva \u2014aceleraciones bruscas, frenadas fuertes o exceso de velocidad\u2014 puede incrementar el consumo de combustible hasta en un 40%. Adoptar un estilo de manejo m\u00e1s suave, anticipando el tr\u00e1fico y manteniendo una velocidad constante, reduce emisiones y prolonga la vida \u00fatil del motor. <em>\u201cUno de los pilares para fomentar una movilidad m\u00e1s sostenible es precisamente la educaci\u00f3n vial responsable, que comienza con h\u00e1bitos conscientes detr\u00e1s del volante\u201d<\/em>, afirma Priscila Villalba, Jefe Senior de Gesti\u00f3n Humana y Asuntos Corporativos de Terpel Lubricantes.<\/span><\/li>\n<li><span style=\"color: #000000;\"><strong>El mantenimiento no es opcional, es ambiental:<\/strong> Un veh\u00edculo mal mantenido emite m\u00e1s contaminantes y consume m\u00e1s combustible. <em>\u201cRevisar el sistema de inyecci\u00f3n, cambiar los filtros de aire y mantener los neum\u00e1ticos con la presi\u00f3n adecuada puede significar una gran diferencia en las emisiones de CO\u2082\u201d<\/em>, explica Esteban Faini, Ingeniero de Lubricaci\u00f3n de Terpel Lubricantes. Adem\u00e1s, recomienda realizar un diagn\u00f3stico preventivo del motor y sistemas del veh\u00edculo cada 6 meses para anticiparse a fallas que puedan aumentar el impacto ambiental.<\/span><\/li>\n<li><span style=\"color: #000000;\"><strong>Lo que cargas tambi\u00e9n contamina: <\/strong>Lo que llevas en el maletero podr\u00eda estar aumentando tus emisiones sin que te des cuenta. Muchos conductores circulan diariamente con peso innecesario en el veh\u00edculo \u2014herramientas, maletas, cajas, e incluso bicicletas que no se usan\u2014, lo que obliga al motor a trabajar m\u00e1s y consumir m\u00e1s combustible. De hecho, por cada 50 kilos extra, el consumo puede aumentar hasta un 2%. Liberar el ba\u00fal de lo que no necesitas, revisar el equipaje antes de un viaje o evitar accesorios externos como portaequipajes cuando no est\u00e1n en uso, puede marcar una diferencia real en la eficiencia del auto y en su impacto ambiental.<\/span><\/li>\n<li><span style=\"color: #000000;\"><strong>Usa el aire acondicionado con conciencia ambiental: <\/strong>El aire acondicionado es uno de los sistemas que m\u00e1s exige al motor, especialmente en climas c\u00e1lidos. Usarlo de forma excesiva puede incrementar el consumo de combustible hasta en un 10%, seg\u00fan estudios de eficiencia energ\u00e9tica en veh\u00edculos. Pero no se trata de renunciar a la comodidad, sino de hacer un uso m\u00e1s inteligente: abrir las ventanas unos minutos antes de encender el aire para liberar el calor acumulado, mantener el sistema en buen estado y utilizarlo a temperaturas moderadas puede mejorar la eficiencia del auto y reducir emisiones innecesarias. Adem\u00e1s, se recomienda revisar regularmente el estado del compresor y los filtros del sistema de climatizaci\u00f3n, ya que un mal funcionamiento tambi\u00e9n puede elevar el consumo.<\/span><\/li>\n<li><span style=\"color: #000000;\"><strong>Elegir lubricantes de calidad ayuda a reducir emisiones invisibles:<\/strong> Los lubricantes no solo protegen el motor; tambi\u00e9n pueden influir directamente en la eficiencia energ\u00e9tica del veh\u00edculo. Los lubricantes de alta gama est\u00e1n formulados para reducir la fricci\u00f3n y mejorar la eficiencia del motor, lo cual se traduce en menos emisiones por kil\u00f3metro recorrido. Adem\u00e1s, al disminuir el desgaste del motor, se reduce la necesidad de reemplazo de piezas \u2014un beneficio ambiental menos obvio pero significativo. <em>\u201cUn lubricante de baja calidad genera m\u00e1s fricci\u00f3n interna, m\u00e1s esfuerzo del motor y por tanto, m\u00e1s consumo de combustible\u201d<\/em>, detalla Faini.<\/span><\/li>\n<li><span style=\"color: #000000;\"><strong>La calidad del combustible tambi\u00e9n impacta en el medioambiente:<\/strong> El tipo de combustible que utilizas tiene una relaci\u00f3n directa con las emisiones que genera tu veh\u00edculo. Un combustible de calidad deficiente puede provocar una combusti\u00f3n incompleta, lo que incrementa la liberaci\u00f3n de part\u00edculas contaminantes y afecta el rendimiento del motor. Por eso, elegir estaciones que mantengan controles rigurosos sobre la calidad del producto y que ofrezcan trazabilidad en su distribuci\u00f3n es una decisi\u00f3n responsable tanto para tu veh\u00edculo como para el planeta.<\/span><\/li>\n<li><span style=\"color: #000000;\"><strong>Conduce con datos, no solo con instinto: <\/strong>Muchos veh\u00edculos actuales, incluso aquellos que no son h\u00edbridos ni el\u00e9ctricos, ya incorporan sistemas que permiten monitorear en tiempo real indicadores clave como el consumo de combustible, la presi\u00f3n de los neum\u00e1ticos o el estado general del motor. Prestar atenci\u00f3n a esta informaci\u00f3n y aprender a interpretarla puede ayudarte a ajustar tus h\u00e1bitos de conducci\u00f3n, prevenir fallas mec\u00e1nicas y reducir emisiones de manera efectiva. A esto se suman aplicaciones y dispositivos complementarios que permiten analizar en detalle el comportamiento del veh\u00edculo, identificar patrones de conducci\u00f3n ineficientes y recibir recomendaciones personalizadas para mejorar el rendimiento. Estas herramientas convierten al conductor en un actor m\u00e1s informado y consciente, capaz de tomar decisiones cotidianas con un impacto ambiental positivo.<\/span><\/li>\n<li><span style=\"color: #000000;\"><strong>Transforma tu auto en una plataforma de sostenibilidad:<\/strong> Convertir tu veh\u00edculo en una herramienta para cuidar el planeta implica adoptar una mentalidad sostenible en cada uso diario. Compartir el auto con otras personas \u2014carpooling\u2014 ayuda a reducir significativamente las emisiones por persona y descongestiona las ciudades. Tambi\u00e9n es importante evitar dejar el motor encendido mientras est\u00e1s detenido, ya que esto representa un consumo innecesario y emisiones invisibles. Otro gesto esencial es desechar el aceite usado en puntos de recolecci\u00f3n autorizados, donde puede ser tratado adecuadamente para evitar la contaminaci\u00f3n del suelo o del agua. Un solo litro de aceite mal desechado puede contaminar miles de litros de agua. Finalmente, utilizar aplicaciones que optimicen rutas y reduzcan el tiempo en carretera contribuye a un menor consumo de combustible. Peque\u00f1as decisiones conscientes pueden hacer de cada trayecto un aporte real a la sostenibilidad.<\/span><\/li>\n<\/ol>\n<p style=\"text-align: justify;\"><span style=\"color: #000000;\">La Agenda 2030 no es solo un compromiso de gobiernos y grandes empresas. Tambi\u00e9n es una invitaci\u00f3n para que cada persona, desde su d\u00eda a d\u00eda, contribuya a construir un planeta m\u00e1s saludable y resiliente. <em>\u201cLa sostenibilidad no es una moda, es una responsabilidad. Como marca comprometida con el pa\u00eds y el planeta, queremos brindar soluciones que impulsen el cambio desde acciones cotidianas<\/em>\u201d, asegura Villalba.<\/span><\/p>\n","protected":false},"excerpt":{"rendered":"<p>En la carrera hacia el cumplimiento de los Objetivos de Desarrollo Sostenible (ODS) de la Agenda 2030 de la ONU, reducir las emisiones del transporte terrestre es uno de los mayores desaf\u00edos. Aunque muchos creen que solo las grandes industrias tienen impacto, lo cierto es que el uso cotidiano del autom\u00f3vil representa una fuente importante [&hellip;]<\/p>\n","protected":false},"author":4,"featured_media":137153,"comment_status":"closed","ping_status":"closed","sticky":false,"template":"","format":"standard","meta":{"_bbp_topic_count":0,"_bbp_reply_count":0,"_bbp_total_topic_count":0,"_bbp_total_reply_count":0,"_bbp_voice_count":0,"_bbp_anonymous_reply_count":0,"_bbp_topic_count_hidden":0,"_bbp_reply_count_hidden":0,"_bbp_forum_subforum_count":0,"buzzeditor_post_format":"","footnotes":""},"categories":[2],"tags":[],"class_list":["post-137152","post","type-post","status-publish","format-standard","has-post-thumbnail","hentry","category-noticias"],"yoast_head":"<!-- This site is optimized with the Yoast SEO plugin v27.5 - https:\/\/yoast.com\/product\/yoast-seo-wordpress\/ -->\n<title>Agenda 2030: C\u00f3mo reducir emisiones desde tu auto y convertirte en un conductor m\u00e1s consciente con el planeta &#8211; QUEBAKAN.COM 2026: Noticias, Eventos, Conciertos y mucho m\u00e1s....<\/title>\n<meta name=\"robots\" content=\"index, follow, max-snippet:-1, max-image-preview:large, max-video-preview:-1\" \/>\n<link rel=\"canonical\" href=\"https:\/\/www.quebakan.com\/v15\/agenda-2030-como-reducir-emisiones-desde-tu-auto-y-convertirte-en-un-conductor-mas-consciente-con-el-planeta\/\" \/>\n<meta property=\"og:locale\" content=\"es_ES\" \/>\n<meta property=\"og:type\" content=\"article\" \/>\n<meta property=\"og:title\" content=\"Agenda 2030: C\u00f3mo reducir emisiones desde tu auto y convertirte en un conductor m\u00e1s consciente con el planeta &#8211; QUEBAKAN.COM 2026: Noticias, Eventos, Conciertos y mucho m\u00e1s....\" \/>\n<meta property=\"og:description\" content=\"En la carrera hacia el cumplimiento de los Objetivos de Desarrollo Sostenible (ODS) de la Agenda 2030 de la ONU, reducir las emisiones del transporte terrestre es uno de los mayores desaf\u00edos. Aunque muchos creen que solo las grandes industrias tienen impacto, lo cierto es que el uso cotidiano del autom\u00f3vil representa una fuente importante [&hellip;]\" \/>\n<meta property=\"og:url\" content=\"https:\/\/www.quebakan.com\/v15\/agenda-2030-como-reducir-emisiones-desde-tu-auto-y-convertirte-en-un-conductor-mas-consciente-con-el-planeta\/\" \/>\n<meta property=\"og:site_name\" content=\"QUEBAKAN.COM 2026: Noticias, Eventos, Conciertos y mucho m\u00e1s....\" \/>\n<meta property=\"article:publisher\" content=\"http:\/\/www.facebook.com\/quebakan\" \/>\n<meta property=\"article:published_time\" content=\"2025-11-09T20:19:23+00:00\" \/>\n<meta property=\"og:image\" content=\"https:\/\/www.quebakan.com\/v15\/wp-content\/uploads\/2025\/11\/251107_FotoAM_ReduceEmisionesDesdeTuAuto.jpg\" \/>\n\t<meta property=\"og:image:width\" content=\"700\" \/>\n\t<meta property=\"og:image:height\" content=\"466\" \/>\n\t<meta property=\"og:image:type\" content=\"image\/jpeg\" \/>\n<meta name=\"author\" content=\"Erick Villafuerte\" \/>\n<meta name=\"twitter:card\" content=\"summary_large_image\" \/>\n<meta name=\"twitter:creator\" content=\"@quebakanec\" \/>\n<meta name=\"twitter:site\" content=\"@quebakanec\" \/>\n<meta name=\"twitter:label1\" content=\"Escrito por\" \/>\n\t<meta name=\"twitter:data1\" content=\"Erick Villafuerte\" \/>\n\t<meta name=\"twitter:label2\" content=\"Tiempo de lectura\" \/>\n\t<meta name=\"twitter:data2\" content=\"6 minutos\" \/>\n<script type=\"application\/ld+json\" class=\"yoast-schema-graph\">{\"@context\":\"https:\\\/\\\/schema.org\",\"@graph\":[{\"@type\":\"Article\",\"@id\":\"https:\\\/\\\/www.quebakan.com\\\/v15\\\/agenda-2030-como-reducir-emisiones-desde-tu-auto-y-convertirte-en-un-conductor-mas-consciente-con-el-planeta\\\/#article\",\"isPartOf\":{\"@id\":\"https:\\\/\\\/www.quebakan.com\\\/v15\\\/agenda-2030-como-reducir-emisiones-desde-tu-auto-y-convertirte-en-un-conductor-mas-consciente-con-el-planeta\\\/\"},\"author\":{\"name\":\"Erick Villafuerte\",\"@id\":\"https:\\\/\\\/www.quebakan.com\\\/v15\\\/#\\\/schema\\\/person\\\/d90fa9f9cfa81eb8ace9811e5b7b9118\"},\"headline\":\"Agenda 2030: C\u00f3mo reducir emisiones desde tu auto y convertirte en un conductor m\u00e1s consciente con el planeta\",\"datePublished\":\"2025-11-09T20:19:23+00:00\",\"mainEntityOfPage\":{\"@id\":\"https:\\\/\\\/www.quebakan.com\\\/v15\\\/agenda-2030-como-reducir-emisiones-desde-tu-auto-y-convertirte-en-un-conductor-mas-consciente-con-el-planeta\\\/\"},\"wordCount\":1138,\"publisher\":{\"@id\":\"https:\\\/\\\/www.quebakan.com\\\/v15\\\/#organization\"},\"image\":{\"@id\":\"https:\\\/\\\/www.quebakan.com\\\/v15\\\/agenda-2030-como-reducir-emisiones-desde-tu-auto-y-convertirte-en-un-conductor-mas-consciente-con-el-planeta\\\/#primaryimage\"},\"thumbnailUrl\":\"https:\\\/\\\/www.quebakan.com\\\/v15\\\/wp-content\\\/uploads\\\/2025\\\/11\\\/251107_FotoAM_ReduceEmisionesDesdeTuAuto.jpg\",\"articleSection\":[\"Noticias\"],\"inLanguage\":\"es\"},{\"@type\":\"WebPage\",\"@id\":\"https:\\\/\\\/www.quebakan.com\\\/v15\\\/agenda-2030-como-reducir-emisiones-desde-tu-auto-y-convertirte-en-un-conductor-mas-consciente-con-el-planeta\\\/\",\"url\":\"https:\\\/\\\/www.quebakan.com\\\/v15\\\/agenda-2030-como-reducir-emisiones-desde-tu-auto-y-convertirte-en-un-conductor-mas-consciente-con-el-planeta\\\/\",\"name\":\"Agenda 2030: C\u00f3mo reducir emisiones desde tu auto y convertirte en un conductor m\u00e1s consciente con el planeta &#8211; QUEBAKAN.COM 2026: Noticias, Eventos, Conciertos y mucho m\u00e1s....\",\"isPartOf\":{\"@id\":\"https:\\\/\\\/www.quebakan.com\\\/v15\\\/#website\"},\"primaryImageOfPage\":{\"@id\":\"https:\\\/\\\/www.quebakan.com\\\/v15\\\/agenda-2030-como-reducir-emisiones-desde-tu-auto-y-convertirte-en-un-conductor-mas-consciente-con-el-planeta\\\/#primaryimage\"},\"image\":{\"@id\":\"https:\\\/\\\/www.quebakan.com\\\/v15\\\/agenda-2030-como-reducir-emisiones-desde-tu-auto-y-convertirte-en-un-conductor-mas-consciente-con-el-planeta\\\/#primaryimage\"},\"thumbnailUrl\":\"https:\\\/\\\/www.quebakan.com\\\/v15\\\/wp-content\\\/uploads\\\/2025\\\/11\\\/251107_FotoAM_ReduceEmisionesDesdeTuAuto.jpg\",\"datePublished\":\"2025-11-09T20:19:23+00:00\",\"breadcrumb\":{\"@id\":\"https:\\\/\\\/www.quebakan.com\\\/v15\\\/agenda-2030-como-reducir-emisiones-desde-tu-auto-y-convertirte-en-un-conductor-mas-consciente-con-el-planeta\\\/#breadcrumb\"},\"inLanguage\":\"es\",\"potentialAction\":[{\"@type\":\"ReadAction\",\"target\":[\"https:\\\/\\\/www.quebakan.com\\\/v15\\\/agenda-2030-como-reducir-emisiones-desde-tu-auto-y-convertirte-en-un-conductor-mas-consciente-con-el-planeta\\\/\"]}]},{\"@type\":\"ImageObject\",\"inLanguage\":\"es\",\"@id\":\"https:\\\/\\\/www.quebakan.com\\\/v15\\\/agenda-2030-como-reducir-emisiones-desde-tu-auto-y-convertirte-en-un-conductor-mas-consciente-con-el-planeta\\\/#primaryimage\",\"url\":\"https:\\\/\\\/www.quebakan.com\\\/v15\\\/wp-content\\\/uploads\\\/2025\\\/11\\\/251107_FotoAM_ReduceEmisionesDesdeTuAuto.jpg\",\"contentUrl\":\"https:\\\/\\\/www.quebakan.com\\\/v15\\\/wp-content\\\/uploads\\\/2025\\\/11\\\/251107_FotoAM_ReduceEmisionesDesdeTuAuto.jpg\",\"width\":700,\"height\":466},{\"@type\":\"BreadcrumbList\",\"@id\":\"https:\\\/\\\/www.quebakan.com\\\/v15\\\/agenda-2030-como-reducir-emisiones-desde-tu-auto-y-convertirte-en-un-conductor-mas-consciente-con-el-planeta\\\/#breadcrumb\",\"itemListElement\":[{\"@type\":\"ListItem\",\"position\":1,\"name\":\"Portada\",\"item\":\"https:\\\/\\\/www.quebakan.com\\\/v15\\\/\"},{\"@type\":\"ListItem\",\"position\":2,\"name\":\"Agenda 2030: C\u00f3mo reducir emisiones desde tu auto y convertirte en un conductor m\u00e1s consciente con el planeta\"}]},{\"@type\":\"WebSite\",\"@id\":\"https:\\\/\\\/www.quebakan.com\\\/v15\\\/#website\",\"url\":\"https:\\\/\\\/www.quebakan.com\\\/v15\\\/\",\"name\":\"QUEBAKAN\",\"description\":\"..\",\"publisher\":{\"@id\":\"https:\\\/\\\/www.quebakan.com\\\/v15\\\/#organization\"},\"potentialAction\":[{\"@type\":\"SearchAction\",\"target\":{\"@type\":\"EntryPoint\",\"urlTemplate\":\"https:\\\/\\\/www.quebakan.com\\\/v15\\\/?s={search_term_string}\"},\"query-input\":{\"@type\":\"PropertyValueSpecification\",\"valueRequired\":true,\"valueName\":\"search_term_string\"}}],\"inLanguage\":\"es\"},{\"@type\":\"Organization\",\"@id\":\"https:\\\/\\\/www.quebakan.com\\\/v15\\\/#organization\",\"name\":\"Quebakan.com\",\"url\":\"https:\\\/\\\/www.quebakan.com\\\/v15\\\/\",\"logo\":{\"@type\":\"ImageObject\",\"inLanguage\":\"es\",\"@id\":\"https:\\\/\\\/www.quebakan.com\\\/v15\\\/#\\\/schema\\\/logo\\\/image\\\/\",\"url\":\"https:\\\/\\\/www.quebakan.com\\\/v15\\\/wp-content\\\/uploads\\\/2023\\\/07\\\/logoquebakanenero2021.jpg\",\"contentUrl\":\"https:\\\/\\\/www.quebakan.com\\\/v15\\\/wp-content\\\/uploads\\\/2023\\\/07\\\/logoquebakanenero2021.jpg\",\"width\":1920,\"height\":1080,\"caption\":\"Quebakan.com\"},\"image\":{\"@id\":\"https:\\\/\\\/www.quebakan.com\\\/v15\\\/#\\\/schema\\\/logo\\\/image\\\/\"},\"sameAs\":[\"http:\\\/\\\/www.facebook.com\\\/quebakan\",\"https:\\\/\\\/x.com\\\/quebakanec\",\"http:\\\/\\\/www.instagram.com\\\/quebakan\",\"http:\\\/\\\/www.youtube.com\\\/quebakan1\"]},{\"@type\":\"Person\",\"@id\":\"https:\\\/\\\/www.quebakan.com\\\/v15\\\/#\\\/schema\\\/person\\\/d90fa9f9cfa81eb8ace9811e5b7b9118\",\"name\":\"Erick Villafuerte\",\"image\":{\"@type\":\"ImageObject\",\"inLanguage\":\"es\",\"@id\":\"https:\\\/\\\/www.quebakan.com\\\/v15\\\/wp-content\\\/uploads\\\/avatars\\\/4\\\/1731297654-bpfull.png\",\"url\":\"https:\\\/\\\/www.quebakan.com\\\/v15\\\/wp-content\\\/uploads\\\/avatars\\\/4\\\/1731297654-bpfull.png\",\"contentUrl\":\"https:\\\/\\\/www.quebakan.com\\\/v15\\\/wp-content\\\/uploads\\\/avatars\\\/4\\\/1731297654-bpfull.png\",\"caption\":\"Erick Villafuerte\"}}]}<\/script>\n<!-- \/ Yoast SEO plugin. -->","yoast_head_json":{"title":"Agenda 2030: C\u00f3mo reducir emisiones desde tu auto y convertirte en un conductor m\u00e1s consciente con el planeta &#8211; QUEBAKAN.COM 2026: Noticias, Eventos, Conciertos y mucho m\u00e1s....","robots":{"index":"index","follow":"follow","max-snippet":"max-snippet:-1","max-image-preview":"max-image-preview:large","max-video-preview":"max-video-preview:-1"},"canonical":"https:\/\/www.quebakan.com\/v15\/agenda-2030-como-reducir-emisiones-desde-tu-auto-y-convertirte-en-un-conductor-mas-consciente-con-el-planeta\/","og_locale":"es_ES","og_type":"article","og_title":"Agenda 2030: C\u00f3mo reducir emisiones desde tu auto y convertirte en un conductor m\u00e1s consciente con el planeta &#8211; QUEBAKAN.COM 2026: Noticias, Eventos, Conciertos y mucho m\u00e1s....","og_description":"En la carrera hacia el cumplimiento de los Objetivos de Desarrollo Sostenible (ODS) de la Agenda 2030 de la ONU, reducir las emisiones del transporte terrestre es uno de los mayores desaf\u00edos. Aunque muchos creen que solo las grandes industrias tienen impacto, lo cierto es que el uso cotidiano del autom\u00f3vil representa una fuente importante [&hellip;]","og_url":"https:\/\/www.quebakan.com\/v15\/agenda-2030-como-reducir-emisiones-desde-tu-auto-y-convertirte-en-un-conductor-mas-consciente-con-el-planeta\/","og_site_name":"QUEBAKAN.COM 2026: Noticias, Eventos, Conciertos y mucho m\u00e1s....","article_publisher":"http:\/\/www.facebook.com\/quebakan","article_published_time":"2025-11-09T20:19:23+00:00","og_image":[{"width":700,"height":466,"url":"https:\/\/www.quebakan.com\/v15\/wp-content\/uploads\/2025\/11\/251107_FotoAM_ReduceEmisionesDesdeTuAuto.jpg","type":"image\/jpeg"}],"author":"Erick Villafuerte","twitter_card":"summary_large_image","twitter_creator":"@quebakanec","twitter_site":"@quebakanec","twitter_misc":{"Escrito por":"Erick Villafuerte","Tiempo de lectura":"6 minutos"},"schema":{"@context":"https:\/\/schema.org","@graph":[{"@type":"Article","@id":"https:\/\/www.quebakan.com\/v15\/agenda-2030-como-reducir-emisiones-desde-tu-auto-y-convertirte-en-un-conductor-mas-consciente-con-el-planeta\/#article","isPartOf":{"@id":"https:\/\/www.quebakan.com\/v15\/agenda-2030-como-reducir-emisiones-desde-tu-auto-y-convertirte-en-un-conductor-mas-consciente-con-el-planeta\/"},"author":{"name":"Erick Villafuerte","@id":"https:\/\/www.quebakan.com\/v15\/#\/schema\/person\/d90fa9f9cfa81eb8ace9811e5b7b9118"},"headline":"Agenda 2030: C\u00f3mo reducir emisiones desde tu auto y convertirte en un conductor m\u00e1s consciente con el planeta","datePublished":"2025-11-09T20:19:23+00:00","mainEntityOfPage":{"@id":"https:\/\/www.quebakan.com\/v15\/agenda-2030-como-reducir-emisiones-desde-tu-auto-y-convertirte-en-un-conductor-mas-consciente-con-el-planeta\/"},"wordCount":1138,"publisher":{"@id":"https:\/\/www.quebakan.com\/v15\/#organization"},"image":{"@id":"https:\/\/www.quebakan.com\/v15\/agenda-2030-como-reducir-emisiones-desde-tu-auto-y-convertirte-en-un-conductor-mas-consciente-con-el-planeta\/#primaryimage"},"thumbnailUrl":"https:\/\/www.quebakan.com\/v15\/wp-content\/uploads\/2025\/11\/251107_FotoAM_ReduceEmisionesDesdeTuAuto.jpg","articleSection":["Noticias"],"inLanguage":"es"},{"@type":"WebPage","@id":"https:\/\/www.quebakan.com\/v15\/agenda-2030-como-reducir-emisiones-desde-tu-auto-y-convertirte-en-un-conductor-mas-consciente-con-el-planeta\/","url":"https:\/\/www.quebakan.com\/v15\/agenda-2030-como-reducir-emisiones-desde-tu-auto-y-convertirte-en-un-conductor-mas-consciente-con-el-planeta\/","name":"Agenda 2030: C\u00f3mo reducir emisiones desde tu auto y convertirte en un conductor m\u00e1s consciente con el planeta &#8211; QUEBAKAN.COM 2026: Noticias, Eventos, Conciertos y mucho m\u00e1s....","isPartOf":{"@id":"https:\/\/www.quebakan.com\/v15\/#website"},"primaryImageOfPage":{"@id":"https:\/\/www.quebakan.com\/v15\/agenda-2030-como-reducir-emisiones-desde-tu-auto-y-convertirte-en-un-conductor-mas-consciente-con-el-planeta\/#primaryimage"},"image":{"@id":"https:\/\/www.quebakan.com\/v15\/agenda-2030-como-reducir-emisiones-desde-tu-auto-y-convertirte-en-un-conductor-mas-consciente-con-el-planeta\/#primaryimage"},"thumbnailUrl":"https:\/\/www.quebakan.com\/v15\/wp-content\/uploads\/2025\/11\/251107_FotoAM_ReduceEmisionesDesdeTuAuto.jpg","datePublished":"2025-11-09T20:19:23+00:00","breadcrumb":{"@id":"https:\/\/www.quebakan.com\/v15\/agenda-2030-como-reducir-emisiones-desde-tu-auto-y-convertirte-en-un-conductor-mas-consciente-con-el-planeta\/#breadcrumb"},"inLanguage":"es","potentialAction":[{"@type":"ReadAction","target":["https:\/\/www.quebakan.com\/v15\/agenda-2030-como-reducir-emisiones-desde-tu-auto-y-convertirte-en-un-conductor-mas-consciente-con-el-planeta\/"]}]},{"@type":"ImageObject","inLanguage":"es","@id":"https:\/\/www.quebakan.com\/v15\/agenda-2030-como-reducir-emisiones-desde-tu-auto-y-convertirte-en-un-conductor-mas-consciente-con-el-planeta\/#primaryimage","url":"https:\/\/www.quebakan.com\/v15\/wp-content\/uploads\/2025\/11\/251107_FotoAM_ReduceEmisionesDesdeTuAuto.jpg","contentUrl":"https:\/\/www.quebakan.com\/v15\/wp-content\/uploads\/2025\/11\/251107_FotoAM_ReduceEmisionesDesdeTuAuto.jpg","width":700,"height":466},{"@type":"BreadcrumbList","@id":"https:\/\/www.quebakan.com\/v15\/agenda-2030-como-reducir-emisiones-desde-tu-auto-y-convertirte-en-un-conductor-mas-consciente-con-el-planeta\/#breadcrumb","itemListElement":[{"@type":"ListItem","position":1,"name":"Portada","item":"https:\/\/www.quebakan.com\/v15\/"},{"@type":"ListItem","position":2,"name":"Agenda 2030: C\u00f3mo reducir emisiones desde tu auto y convertirte en un conductor m\u00e1s consciente con el planeta"}]},{"@type":"WebSite","@id":"https:\/\/www.quebakan.com\/v15\/#website","url":"https:\/\/www.quebakan.com\/v15\/","name":"QUEBAKAN","description":"..","publisher":{"@id":"https:\/\/www.quebakan.com\/v15\/#organization"},"potentialAction":[{"@type":"SearchAction","target":{"@type":"EntryPoint","urlTemplate":"https:\/\/www.quebakan.com\/v15\/?s={search_term_string}"},"query-input":{"@type":"PropertyValueSpecification","valueRequired":true,"valueName":"search_term_string"}}],"inLanguage":"es"},{"@type":"Organization","@id":"https:\/\/www.quebakan.com\/v15\/#organization","name":"Quebakan.com","url":"https:\/\/www.quebakan.com\/v15\/","logo":{"@type":"ImageObject","inLanguage":"es","@id":"https:\/\/www.quebakan.com\/v15\/#\/schema\/logo\/image\/","url":"https:\/\/www.quebakan.com\/v15\/wp-content\/uploads\/2023\/07\/logoquebakanenero2021.jpg","contentUrl":"https:\/\/www.quebakan.com\/v15\/wp-content\/uploads\/2023\/07\/logoquebakanenero2021.jpg","width":1920,"height":1080,"caption":"Quebakan.com"},"image":{"@id":"https:\/\/www.quebakan.com\/v15\/#\/schema\/logo\/image\/"},"sameAs":["http:\/\/www.facebook.com\/quebakan","https:\/\/x.com\/quebakanec","http:\/\/www.instagram.com\/quebakan","http:\/\/www.youtube.com\/quebakan1"]},{"@type":"Person","@id":"https:\/\/www.quebakan.com\/v15\/#\/schema\/person\/d90fa9f9cfa81eb8ace9811e5b7b9118","name":"Erick Villafuerte","image":{"@type":"ImageObject","inLanguage":"es","@id":"https:\/\/www.quebakan.com\/v15\/wp-content\/uploads\/avatars\/4\/1731297654-bpfull.png","url":"https:\/\/www.quebakan.com\/v15\/wp-content\/uploads\/avatars\/4\/1731297654-bpfull.png","contentUrl":"https:\/\/www.quebakan.com\/v15\/wp-content\/uploads\/avatars\/4\/1731297654-bpfull.png","caption":"Erick Villafuerte"}}]}},"_links":{"self":[{"href":"https:\/\/www.quebakan.com\/v15\/wp-json\/wp\/v2\/posts\/137152","targetHints":{"allow":["GET"]}}],"collection":[{"href":"https:\/\/www.quebakan.com\/v15\/wp-json\/wp\/v2\/posts"}],"about":[{"href":"https:\/\/www.quebakan.com\/v15\/wp-json\/wp\/v2\/types\/post"}],"author":[{"embeddable":true,"href":"https:\/\/www.quebakan.com\/v15\/wp-json\/wp\/v2\/users\/4"}],"replies":[{"embeddable":true,"href":"https:\/\/www.quebakan.com\/v15\/wp-json\/wp\/v2\/comments?post=137152"}],"version-history":[{"count":1,"href":"https:\/\/www.quebakan.com\/v15\/wp-json\/wp\/v2\/posts\/137152\/revisions"}],"predecessor-version":[{"id":137154,"href":"https:\/\/www.quebakan.com\/v15\/wp-json\/wp\/v2\/posts\/137152\/revisions\/137154"}],"wp:featuredmedia":[{"embeddable":true,"href":"https:\/\/www.quebakan.com\/v15\/wp-json\/wp\/v2\/media\/137153"}],"wp:attachment":[{"href":"https:\/\/www.quebakan.com\/v15\/wp-json\/wp\/v2\/media?parent=137152"}],"wp:term":[{"taxonomy":"category","embeddable":true,"href":"https:\/\/www.quebakan.com\/v15\/wp-json\/wp\/v2\/categories?post=137152"},{"taxonomy":"post_tag","embeddable":true,"href":"https:\/\/www.quebakan.com\/v15\/wp-json\/wp\/v2\/tags?post=137152"}],"curies":[{"name":"wp","href":"https:\/\/api.w.org\/{rel}","templated":true}]}}