{"id":137240,"date":"2025-11-12T01:53:29","date_gmt":"2025-11-12T06:53:29","guid":{"rendered":"https:\/\/www.quebakan.com\/v15\/?p=137240"},"modified":"2025-11-12T01:53:29","modified_gmt":"2025-11-12T06:53:29","slug":"artefacta-recibe-effie-bronce-por-su-campana-el-poder-esta-en-ti","status":"publish","type":"post","link":"https:\/\/www.quebakan.com\/v15\/artefacta-recibe-effie-bronce-por-su-campana-el-poder-esta-en-ti\/","title":{"rendered":"Artefacta recibe Effie Bronce por su campa\u00f1a \u201cEl poder est\u00e1 en ti\u201d"},"content":{"rendered":"<p><img fetchpriority=\"high\" decoding=\"async\" class=\"aligncenter size-full wp-image-137241\" src=\"https:\/\/www.quebakan.com\/v15\/wp-content\/uploads\/2025\/11\/EFFIE-2025.jpg\" alt=\"\" width=\"700\" height=\"419\" \/><\/p>\n<p style=\"text-align: justify;\"><span style=\"color: #000000;\"><strong><em>Pie de foto: <\/em><\/strong><em>\u00a0Roger Jim\u00e9nez, gerente de marketing, Vivianne Aguirre, Jefa de Marca; Nicolas S\u00e1nchez coordinador de marca, Charly Zambrano, Jefe de Merchandising; Patricia Baque Asistente de Merchandising; Alan Alvarado, Jefe de Medios Digitales; Judaiza Gonzalez, Asistente de Merchandising<\/em><\/span><\/p>\n<ul style=\"text-align: justify;\">\n<li><span style=\"color: #000000;\"><em>El reconocimiento representa el compromiso de Artefacta por conectar con las verdaderas necesidades de las personas.<\/em><\/span><\/li>\n<\/ul>\n<p style=\"text-align: justify;\"><span style=\"color: #000000;\"><strong>Ecuador, noviembre del 2025.-<\/strong> <strong>Artefacta<\/strong>, una de las marcas l\u00edderes del <strong>Grupo Unicomer<\/strong>, fue reconocida con el <strong>Effie Bronce en la categor\u00eda \u201cCambio de Direcci\u00f3n\u201d<\/strong> por su campa\u00f1a <strong>\u201cEl Poder est\u00e1 en Ti\u201d<\/strong>. Este galard\u00f3n destaca la efectividad y creatividad de las estrategias de marketing que logran resultados reales y generan impacto positivo en las personas.<\/span><\/p>\n<p style=\"text-align: justify;\"><span style=\"color: #000000;\">Este reconocimiento, otorgado en el marco de los <strong>Effie Awards Ecuador<\/strong>, consolida el compromiso de Artefacta por <strong>evolucionar junto a sus clientes<\/strong>, entendiendo sus verdaderas necesidades y conectando con ellas desde un prop\u00f3sito inspirador: empoderar a las familias ecuatorianas para alcanzar sus metas a trav\u00e9s de la tecnolog\u00eda, el hogar y el cr\u00e9dito directo.<\/span><\/p>\n<p style=\"text-align: justify;\"><span style=\"color: #000000;\"><em>\u201cEste Effie representa un logro colectivo que refleja el proceso de transformaci\u00f3n que venimos impulsando como marca. En Artefacta creemos que el poder de cambiar est\u00e1 en cada persona, y esa idea gu\u00eda nuestra forma de comunicar, de innovar y de servir<\/em>\u201d, se\u00f1al\u00f3 Roger Jim\u00e9nez, gerente de marketing de Grupo Unicomer.<\/span><\/p>\n<p style=\"text-align: justify;\"><span style=\"color: #000000;\">El premio reafirma el <strong>liderazgo, la innovaci\u00f3n y la excelencia<\/strong> de Artefacta en el mercado ecuatoriano, y motiva a su equipo a seguir construyendo experiencias que <strong>inspiran, transforman y mejoran la vida de los ecuatorianos<\/strong>.<\/span><\/p>\n<p style=\"text-align: justify;\"><span style=\"color: #000000;\">Los Effie Awards son uno de los reconocimientos m\u00e1s prestigiosos de la industria publicitaria, que premian la efectividad de las estrategias de marketing y comunicaci\u00f3n que logran resultados tangibles en los negocios y en las audiencias.<\/span><\/p>\n","protected":false},"excerpt":{"rendered":"<p>Pie de foto: \u00a0Roger Jim\u00e9nez, gerente de marketing, Vivianne Aguirre, Jefa de Marca; Nicolas S\u00e1nchez coordinador de marca, Charly Zambrano, Jefe de Merchandising; Patricia Baque Asistente de Merchandising; Alan Alvarado, Jefe de Medios Digitales; Judaiza Gonzalez, Asistente de Merchandising El reconocimiento representa el compromiso de Artefacta por conectar con las verdaderas necesidades de las personas. [&hellip;]<\/p>\n","protected":false},"author":4,"featured_media":137241,"comment_status":"closed","ping_status":"closed","sticky":false,"template":"","format":"standard","meta":{"_bbp_topic_count":0,"_bbp_reply_count":0,"_bbp_total_topic_count":0,"_bbp_total_reply_count":0,"_bbp_voice_count":0,"_bbp_anonymous_reply_count":0,"_bbp_topic_count_hidden":0,"_bbp_reply_count_hidden":0,"_bbp_forum_subforum_count":0,"buzzeditor_post_format":"","footnotes":""},"categories":[2],"tags":[],"class_list":["post-137240","post","type-post","status-publish","format-standard","has-post-thumbnail","hentry","category-noticias"],"yoast_head":"<!-- This site is optimized with the Yoast SEO plugin v27.5 - https:\/\/yoast.com\/product\/yoast-seo-wordpress\/ -->\n<title>Artefacta recibe Effie Bronce por su campa\u00f1a \u201cEl poder est\u00e1 en ti\u201d &#8211; QUEBAKAN.COM 2026: Noticias, Eventos, Conciertos y mucho m\u00e1s....<\/title>\n<meta name=\"robots\" content=\"index, follow, max-snippet:-1, max-image-preview:large, max-video-preview:-1\" \/>\n<link rel=\"canonical\" href=\"https:\/\/www.quebakan.com\/v15\/artefacta-recibe-effie-bronce-por-su-campana-el-poder-esta-en-ti\/\" \/>\n<meta property=\"og:locale\" content=\"es_ES\" \/>\n<meta property=\"og:type\" content=\"article\" \/>\n<meta property=\"og:title\" content=\"Artefacta recibe Effie Bronce por su campa\u00f1a \u201cEl poder est\u00e1 en ti\u201d &#8211; QUEBAKAN.COM 2026: Noticias, Eventos, Conciertos y mucho m\u00e1s....\" \/>\n<meta property=\"og:description\" content=\"Pie de foto: \u00a0Roger Jim\u00e9nez, gerente de marketing, Vivianne Aguirre, Jefa de Marca; Nicolas S\u00e1nchez coordinador de marca, Charly Zambrano, Jefe de Merchandising; Patricia Baque Asistente de Merchandising; Alan Alvarado, Jefe de Medios Digitales; Judaiza Gonzalez, Asistente de Merchandising El reconocimiento representa el compromiso de Artefacta por conectar con las verdaderas necesidades de las personas. [&hellip;]\" \/>\n<meta property=\"og:url\" content=\"https:\/\/www.quebakan.com\/v15\/artefacta-recibe-effie-bronce-por-su-campana-el-poder-esta-en-ti\/\" \/>\n<meta property=\"og:site_name\" content=\"QUEBAKAN.COM 2026: Noticias, Eventos, Conciertos y mucho m\u00e1s....\" \/>\n<meta property=\"article:publisher\" content=\"http:\/\/www.facebook.com\/quebakan\" \/>\n<meta property=\"article:published_time\" content=\"2025-11-12T06:53:29+00:00\" \/>\n<meta property=\"og:image\" content=\"https:\/\/www.quebakan.com\/v15\/wp-content\/uploads\/2025\/11\/EFFIE-2025.jpg\" \/>\n\t<meta property=\"og:image:width\" content=\"700\" \/>\n\t<meta property=\"og:image:height\" content=\"419\" \/>\n\t<meta property=\"og:image:type\" content=\"image\/jpeg\" \/>\n<meta name=\"author\" content=\"Erick Villafuerte\" \/>\n<meta name=\"twitter:card\" content=\"summary_large_image\" \/>\n<meta name=\"twitter:creator\" content=\"@quebakanec\" \/>\n<meta name=\"twitter:site\" content=\"@quebakanec\" \/>\n<meta name=\"twitter:label1\" content=\"Escrito por\" \/>\n\t<meta name=\"twitter:data1\" content=\"Erick Villafuerte\" \/>\n\t<meta name=\"twitter:label2\" content=\"Tiempo de lectura\" \/>\n\t<meta name=\"twitter:data2\" content=\"2 minutos\" \/>\n<script type=\"application\/ld+json\" class=\"yoast-schema-graph\">{\"@context\":\"https:\\\/\\\/schema.org\",\"@graph\":[{\"@type\":\"Article\",\"@id\":\"https:\\\/\\\/www.quebakan.com\\\/v15\\\/artefacta-recibe-effie-bronce-por-su-campana-el-poder-esta-en-ti\\\/#article\",\"isPartOf\":{\"@id\":\"https:\\\/\\\/www.quebakan.com\\\/v15\\\/artefacta-recibe-effie-bronce-por-su-campana-el-poder-esta-en-ti\\\/\"},\"author\":{\"name\":\"Erick Villafuerte\",\"@id\":\"https:\\\/\\\/www.quebakan.com\\\/v15\\\/#\\\/schema\\\/person\\\/d90fa9f9cfa81eb8ace9811e5b7b9118\"},\"headline\":\"Artefacta recibe Effie Bronce por su campa\u00f1a \u201cEl poder est\u00e1 en ti\u201d\",\"datePublished\":\"2025-11-12T06:53:29+00:00\",\"mainEntityOfPage\":{\"@id\":\"https:\\\/\\\/www.quebakan.com\\\/v15\\\/artefacta-recibe-effie-bronce-por-su-campana-el-poder-esta-en-ti\\\/\"},\"wordCount\":318,\"publisher\":{\"@id\":\"https:\\\/\\\/www.quebakan.com\\\/v15\\\/#organization\"},\"image\":{\"@id\":\"https:\\\/\\\/www.quebakan.com\\\/v15\\\/artefacta-recibe-effie-bronce-por-su-campana-el-poder-esta-en-ti\\\/#primaryimage\"},\"thumbnailUrl\":\"https:\\\/\\\/www.quebakan.com\\\/v15\\\/wp-content\\\/uploads\\\/2025\\\/11\\\/EFFIE-2025.jpg\",\"articleSection\":[\"Noticias\"],\"inLanguage\":\"es\"},{\"@type\":\"WebPage\",\"@id\":\"https:\\\/\\\/www.quebakan.com\\\/v15\\\/artefacta-recibe-effie-bronce-por-su-campana-el-poder-esta-en-ti\\\/\",\"url\":\"https:\\\/\\\/www.quebakan.com\\\/v15\\\/artefacta-recibe-effie-bronce-por-su-campana-el-poder-esta-en-ti\\\/\",\"name\":\"Artefacta recibe Effie Bronce por su campa\u00f1a \u201cEl poder est\u00e1 en ti\u201d &#8211; QUEBAKAN.COM 2026: Noticias, Eventos, Conciertos y mucho m\u00e1s....\",\"isPartOf\":{\"@id\":\"https:\\\/\\\/www.quebakan.com\\\/v15\\\/#website\"},\"primaryImageOfPage\":{\"@id\":\"https:\\\/\\\/www.quebakan.com\\\/v15\\\/artefacta-recibe-effie-bronce-por-su-campana-el-poder-esta-en-ti\\\/#primaryimage\"},\"image\":{\"@id\":\"https:\\\/\\\/www.quebakan.com\\\/v15\\\/artefacta-recibe-effie-bronce-por-su-campana-el-poder-esta-en-ti\\\/#primaryimage\"},\"thumbnailUrl\":\"https:\\\/\\\/www.quebakan.com\\\/v15\\\/wp-content\\\/uploads\\\/2025\\\/11\\\/EFFIE-2025.jpg\",\"datePublished\":\"2025-11-12T06:53:29+00:00\",\"breadcrumb\":{\"@id\":\"https:\\\/\\\/www.quebakan.com\\\/v15\\\/artefacta-recibe-effie-bronce-por-su-campana-el-poder-esta-en-ti\\\/#breadcrumb\"},\"inLanguage\":\"es\",\"potentialAction\":[{\"@type\":\"ReadAction\",\"target\":[\"https:\\\/\\\/www.quebakan.com\\\/v15\\\/artefacta-recibe-effie-bronce-por-su-campana-el-poder-esta-en-ti\\\/\"]}]},{\"@type\":\"ImageObject\",\"inLanguage\":\"es\",\"@id\":\"https:\\\/\\\/www.quebakan.com\\\/v15\\\/artefacta-recibe-effie-bronce-por-su-campana-el-poder-esta-en-ti\\\/#primaryimage\",\"url\":\"https:\\\/\\\/www.quebakan.com\\\/v15\\\/wp-content\\\/uploads\\\/2025\\\/11\\\/EFFIE-2025.jpg\",\"contentUrl\":\"https:\\\/\\\/www.quebakan.com\\\/v15\\\/wp-content\\\/uploads\\\/2025\\\/11\\\/EFFIE-2025.jpg\",\"width\":700,\"height\":419},{\"@type\":\"BreadcrumbList\",\"@id\":\"https:\\\/\\\/www.quebakan.com\\\/v15\\\/artefacta-recibe-effie-bronce-por-su-campana-el-poder-esta-en-ti\\\/#breadcrumb\",\"itemListElement\":[{\"@type\":\"ListItem\",\"position\":1,\"name\":\"Portada\",\"item\":\"https:\\\/\\\/www.quebakan.com\\\/v15\\\/\"},{\"@type\":\"ListItem\",\"position\":2,\"name\":\"Artefacta recibe Effie Bronce por su campa\u00f1a \u201cEl poder est\u00e1 en ti\u201d\"}]},{\"@type\":\"WebSite\",\"@id\":\"https:\\\/\\\/www.quebakan.com\\\/v15\\\/#website\",\"url\":\"https:\\\/\\\/www.quebakan.com\\\/v15\\\/\",\"name\":\"QUEBAKAN\",\"description\":\"..\",\"publisher\":{\"@id\":\"https:\\\/\\\/www.quebakan.com\\\/v15\\\/#organization\"},\"potentialAction\":[{\"@type\":\"SearchAction\",\"target\":{\"@type\":\"EntryPoint\",\"urlTemplate\":\"https:\\\/\\\/www.quebakan.com\\\/v15\\\/?s={search_term_string}\"},\"query-input\":{\"@type\":\"PropertyValueSpecification\",\"valueRequired\":true,\"valueName\":\"search_term_string\"}}],\"inLanguage\":\"es\"},{\"@type\":\"Organization\",\"@id\":\"https:\\\/\\\/www.quebakan.com\\\/v15\\\/#organization\",\"name\":\"Quebakan.com\",\"url\":\"https:\\\/\\\/www.quebakan.com\\\/v15\\\/\",\"logo\":{\"@type\":\"ImageObject\",\"inLanguage\":\"es\",\"@id\":\"https:\\\/\\\/www.quebakan.com\\\/v15\\\/#\\\/schema\\\/logo\\\/image\\\/\",\"url\":\"https:\\\/\\\/www.quebakan.com\\\/v15\\\/wp-content\\\/uploads\\\/2023\\\/07\\\/logoquebakanenero2021.jpg\",\"contentUrl\":\"https:\\\/\\\/www.quebakan.com\\\/v15\\\/wp-content\\\/uploads\\\/2023\\\/07\\\/logoquebakanenero2021.jpg\",\"width\":1920,\"height\":1080,\"caption\":\"Quebakan.com\"},\"image\":{\"@id\":\"https:\\\/\\\/www.quebakan.com\\\/v15\\\/#\\\/schema\\\/logo\\\/image\\\/\"},\"sameAs\":[\"http:\\\/\\\/www.facebook.com\\\/quebakan\",\"https:\\\/\\\/x.com\\\/quebakanec\",\"http:\\\/\\\/www.instagram.com\\\/quebakan\",\"http:\\\/\\\/www.youtube.com\\\/quebakan1\"]},{\"@type\":\"Person\",\"@id\":\"https:\\\/\\\/www.quebakan.com\\\/v15\\\/#\\\/schema\\\/person\\\/d90fa9f9cfa81eb8ace9811e5b7b9118\",\"name\":\"Erick Villafuerte\",\"image\":{\"@type\":\"ImageObject\",\"inLanguage\":\"es\",\"@id\":\"https:\\\/\\\/www.quebakan.com\\\/v15\\\/wp-content\\\/uploads\\\/avatars\\\/4\\\/1731297654-bpfull.png\",\"url\":\"https:\\\/\\\/www.quebakan.com\\\/v15\\\/wp-content\\\/uploads\\\/avatars\\\/4\\\/1731297654-bpfull.png\",\"contentUrl\":\"https:\\\/\\\/www.quebakan.com\\\/v15\\\/wp-content\\\/uploads\\\/avatars\\\/4\\\/1731297654-bpfull.png\",\"caption\":\"Erick Villafuerte\"}}]}<\/script>\n<!-- \/ Yoast SEO plugin. -->","yoast_head_json":{"title":"Artefacta recibe Effie Bronce por su campa\u00f1a \u201cEl poder est\u00e1 en ti\u201d &#8211; QUEBAKAN.COM 2026: Noticias, Eventos, Conciertos y mucho m\u00e1s....","robots":{"index":"index","follow":"follow","max-snippet":"max-snippet:-1","max-image-preview":"max-image-preview:large","max-video-preview":"max-video-preview:-1"},"canonical":"https:\/\/www.quebakan.com\/v15\/artefacta-recibe-effie-bronce-por-su-campana-el-poder-esta-en-ti\/","og_locale":"es_ES","og_type":"article","og_title":"Artefacta recibe Effie Bronce por su campa\u00f1a \u201cEl poder est\u00e1 en ti\u201d &#8211; QUEBAKAN.COM 2026: Noticias, Eventos, Conciertos y mucho m\u00e1s....","og_description":"Pie de foto: \u00a0Roger Jim\u00e9nez, gerente de marketing, Vivianne Aguirre, Jefa de Marca; Nicolas S\u00e1nchez coordinador de marca, Charly Zambrano, Jefe de Merchandising; Patricia Baque Asistente de Merchandising; Alan Alvarado, Jefe de Medios Digitales; Judaiza Gonzalez, Asistente de Merchandising El reconocimiento representa el compromiso de Artefacta por conectar con las verdaderas necesidades de las personas. [&hellip;]","og_url":"https:\/\/www.quebakan.com\/v15\/artefacta-recibe-effie-bronce-por-su-campana-el-poder-esta-en-ti\/","og_site_name":"QUEBAKAN.COM 2026: Noticias, Eventos, Conciertos y mucho m\u00e1s....","article_publisher":"http:\/\/www.facebook.com\/quebakan","article_published_time":"2025-11-12T06:53:29+00:00","og_image":[{"width":700,"height":419,"url":"https:\/\/www.quebakan.com\/v15\/wp-content\/uploads\/2025\/11\/EFFIE-2025.jpg","type":"image\/jpeg"}],"author":"Erick Villafuerte","twitter_card":"summary_large_image","twitter_creator":"@quebakanec","twitter_site":"@quebakanec","twitter_misc":{"Escrito por":"Erick Villafuerte","Tiempo de lectura":"2 minutos"},"schema":{"@context":"https:\/\/schema.org","@graph":[{"@type":"Article","@id":"https:\/\/www.quebakan.com\/v15\/artefacta-recibe-effie-bronce-por-su-campana-el-poder-esta-en-ti\/#article","isPartOf":{"@id":"https:\/\/www.quebakan.com\/v15\/artefacta-recibe-effie-bronce-por-su-campana-el-poder-esta-en-ti\/"},"author":{"name":"Erick Villafuerte","@id":"https:\/\/www.quebakan.com\/v15\/#\/schema\/person\/d90fa9f9cfa81eb8ace9811e5b7b9118"},"headline":"Artefacta recibe Effie Bronce por su campa\u00f1a \u201cEl poder est\u00e1 en ti\u201d","datePublished":"2025-11-12T06:53:29+00:00","mainEntityOfPage":{"@id":"https:\/\/www.quebakan.com\/v15\/artefacta-recibe-effie-bronce-por-su-campana-el-poder-esta-en-ti\/"},"wordCount":318,"publisher":{"@id":"https:\/\/www.quebakan.com\/v15\/#organization"},"image":{"@id":"https:\/\/www.quebakan.com\/v15\/artefacta-recibe-effie-bronce-por-su-campana-el-poder-esta-en-ti\/#primaryimage"},"thumbnailUrl":"https:\/\/www.quebakan.com\/v15\/wp-content\/uploads\/2025\/11\/EFFIE-2025.jpg","articleSection":["Noticias"],"inLanguage":"es"},{"@type":"WebPage","@id":"https:\/\/www.quebakan.com\/v15\/artefacta-recibe-effie-bronce-por-su-campana-el-poder-esta-en-ti\/","url":"https:\/\/www.quebakan.com\/v15\/artefacta-recibe-effie-bronce-por-su-campana-el-poder-esta-en-ti\/","name":"Artefacta recibe Effie Bronce por su campa\u00f1a \u201cEl poder est\u00e1 en ti\u201d &#8211; QUEBAKAN.COM 2026: Noticias, Eventos, Conciertos y mucho m\u00e1s....","isPartOf":{"@id":"https:\/\/www.quebakan.com\/v15\/#website"},"primaryImageOfPage":{"@id":"https:\/\/www.quebakan.com\/v15\/artefacta-recibe-effie-bronce-por-su-campana-el-poder-esta-en-ti\/#primaryimage"},"image":{"@id":"https:\/\/www.quebakan.com\/v15\/artefacta-recibe-effie-bronce-por-su-campana-el-poder-esta-en-ti\/#primaryimage"},"thumbnailUrl":"https:\/\/www.quebakan.com\/v15\/wp-content\/uploads\/2025\/11\/EFFIE-2025.jpg","datePublished":"2025-11-12T06:53:29+00:00","breadcrumb":{"@id":"https:\/\/www.quebakan.com\/v15\/artefacta-recibe-effie-bronce-por-su-campana-el-poder-esta-en-ti\/#breadcrumb"},"inLanguage":"es","potentialAction":[{"@type":"ReadAction","target":["https:\/\/www.quebakan.com\/v15\/artefacta-recibe-effie-bronce-por-su-campana-el-poder-esta-en-ti\/"]}]},{"@type":"ImageObject","inLanguage":"es","@id":"https:\/\/www.quebakan.com\/v15\/artefacta-recibe-effie-bronce-por-su-campana-el-poder-esta-en-ti\/#primaryimage","url":"https:\/\/www.quebakan.com\/v15\/wp-content\/uploads\/2025\/11\/EFFIE-2025.jpg","contentUrl":"https:\/\/www.quebakan.com\/v15\/wp-content\/uploads\/2025\/11\/EFFIE-2025.jpg","width":700,"height":419},{"@type":"BreadcrumbList","@id":"https:\/\/www.quebakan.com\/v15\/artefacta-recibe-effie-bronce-por-su-campana-el-poder-esta-en-ti\/#breadcrumb","itemListElement":[{"@type":"ListItem","position":1,"name":"Portada","item":"https:\/\/www.quebakan.com\/v15\/"},{"@type":"ListItem","position":2,"name":"Artefacta recibe Effie Bronce por su campa\u00f1a \u201cEl poder est\u00e1 en ti\u201d"}]},{"@type":"WebSite","@id":"https:\/\/www.quebakan.com\/v15\/#website","url":"https:\/\/www.quebakan.com\/v15\/","name":"QUEBAKAN","description":"..","publisher":{"@id":"https:\/\/www.quebakan.com\/v15\/#organization"},"potentialAction":[{"@type":"SearchAction","target":{"@type":"EntryPoint","urlTemplate":"https:\/\/www.quebakan.com\/v15\/?s={search_term_string}"},"query-input":{"@type":"PropertyValueSpecification","valueRequired":true,"valueName":"search_term_string"}}],"inLanguage":"es"},{"@type":"Organization","@id":"https:\/\/www.quebakan.com\/v15\/#organization","name":"Quebakan.com","url":"https:\/\/www.quebakan.com\/v15\/","logo":{"@type":"ImageObject","inLanguage":"es","@id":"https:\/\/www.quebakan.com\/v15\/#\/schema\/logo\/image\/","url":"https:\/\/www.quebakan.com\/v15\/wp-content\/uploads\/2023\/07\/logoquebakanenero2021.jpg","contentUrl":"https:\/\/www.quebakan.com\/v15\/wp-content\/uploads\/2023\/07\/logoquebakanenero2021.jpg","width":1920,"height":1080,"caption":"Quebakan.com"},"image":{"@id":"https:\/\/www.quebakan.com\/v15\/#\/schema\/logo\/image\/"},"sameAs":["http:\/\/www.facebook.com\/quebakan","https:\/\/x.com\/quebakanec","http:\/\/www.instagram.com\/quebakan","http:\/\/www.youtube.com\/quebakan1"]},{"@type":"Person","@id":"https:\/\/www.quebakan.com\/v15\/#\/schema\/person\/d90fa9f9cfa81eb8ace9811e5b7b9118","name":"Erick Villafuerte","image":{"@type":"ImageObject","inLanguage":"es","@id":"https:\/\/www.quebakan.com\/v15\/wp-content\/uploads\/avatars\/4\/1731297654-bpfull.png","url":"https:\/\/www.quebakan.com\/v15\/wp-content\/uploads\/avatars\/4\/1731297654-bpfull.png","contentUrl":"https:\/\/www.quebakan.com\/v15\/wp-content\/uploads\/avatars\/4\/1731297654-bpfull.png","caption":"Erick Villafuerte"}}]}},"_links":{"self":[{"href":"https:\/\/www.quebakan.com\/v15\/wp-json\/wp\/v2\/posts\/137240","targetHints":{"allow":["GET"]}}],"collection":[{"href":"https:\/\/www.quebakan.com\/v15\/wp-json\/wp\/v2\/posts"}],"about":[{"href":"https:\/\/www.quebakan.com\/v15\/wp-json\/wp\/v2\/types\/post"}],"author":[{"embeddable":true,"href":"https:\/\/www.quebakan.com\/v15\/wp-json\/wp\/v2\/users\/4"}],"replies":[{"embeddable":true,"href":"https:\/\/www.quebakan.com\/v15\/wp-json\/wp\/v2\/comments?post=137240"}],"version-history":[{"count":1,"href":"https:\/\/www.quebakan.com\/v15\/wp-json\/wp\/v2\/posts\/137240\/revisions"}],"predecessor-version":[{"id":137242,"href":"https:\/\/www.quebakan.com\/v15\/wp-json\/wp\/v2\/posts\/137240\/revisions\/137242"}],"wp:featuredmedia":[{"embeddable":true,"href":"https:\/\/www.quebakan.com\/v15\/wp-json\/wp\/v2\/media\/137241"}],"wp:attachment":[{"href":"https:\/\/www.quebakan.com\/v15\/wp-json\/wp\/v2\/media?parent=137240"}],"wp:term":[{"taxonomy":"category","embeddable":true,"href":"https:\/\/www.quebakan.com\/v15\/wp-json\/wp\/v2\/categories?post=137240"},{"taxonomy":"post_tag","embeddable":true,"href":"https:\/\/www.quebakan.com\/v15\/wp-json\/wp\/v2\/tags?post=137240"}],"curies":[{"name":"wp","href":"https:\/\/api.w.org\/{rel}","templated":true}]}}