{"id":137249,"date":"2025-11-12T16:22:49","date_gmt":"2025-11-12T21:22:49","guid":{"rendered":"https:\/\/www.quebakan.com\/v15\/?p=137249"},"modified":"2025-11-12T16:22:49","modified_gmt":"2025-11-12T21:22:49","slug":"expo-contador-2025-encuentro-que-impulsa-la-evolucion-del-profesional-contable-en-ecuador","status":"publish","type":"post","link":"https:\/\/www.quebakan.com\/v15\/expo-contador-2025-encuentro-que-impulsa-la-evolucion-del-profesional-contable-en-ecuador\/","title":{"rendered":"EXPO CONTADOR 2025: ENCUENTRO QUE IMPULSA LA EVOLUCI\u00d3N DEL PROFESIONAL CONTABLE EN ECUADOR"},"content":{"rendered":"<p><img fetchpriority=\"high\" decoding=\"async\" class=\"aligncenter size-full wp-image-137250\" src=\"https:\/\/www.quebakan.com\/v15\/wp-content\/uploads\/2025\/11\/EXPOCONTADOR-PRESS-1-.jpg\" alt=\"\" width=\"700\" height=\"467\" \/><\/p>\n<p style=\"text-align: justify;\"><span style=\"font-weight: 400; color: #000000;\">Foto referencial de Freepik\u00a0<\/span><\/p>\n<p style=\"font-weight: 400; text-align: justify;\"><span style=\"color: #000000;\"><em>CON LA PARTICIPACI\u00d3N DESTACADA DEL SRI, ABORDAR\u00c1 NOVEDADES CLAVE PARA LA GESTI\u00d3N CONTABLE Y TRIBUTARIA EN ECUADOR\u00a0<\/em><\/span><\/p>\n<p style=\"font-weight: 400; text-align: justify;\"><span style=\"color: #000000;\">Noviembre es el mes del contador en Ecuador y representa una oportunidad para fortalecer conocimientos, compartir experiencias y reconocer la relevancia de esta profesi\u00f3n en el desarrollo econ\u00f3mico del pa\u00eds. En ese contexto, el aprendizaje continuo y la actualizaci\u00f3n se vuelven esenciales para responder a los nuevos desaf\u00edos de la gesti\u00f3n financiera y tributaria.<\/span><\/p>\n<p style=\"font-weight: 400; text-align: justify;\"><span style=\"color: #000000;\">Por ello,\u00a0<strong>Siigo Cont\u00edfico<\/strong>\u00a0llevar\u00e1 a cabo la\u00a0<strong>EXPO CONTADOR 2025<\/strong>\u00a0el\u00a0<strong>20 de noviembre a las 17h00<\/strong>, en formato\u00a0<strong>virtual, gratuito y con certificado digital de participaci\u00f3n<\/strong>. La jornada reunir\u00e1 a expertos que abordar\u00e1n temas como la transformaci\u00f3n del rol contable de operativo a estrat\u00e9gico, casos reales de \u00e9xito, claves para un cierre eficiente, nuevas tendencias aplicadas a la pr\u00e1ctica diaria y el uso de herramientas que impulsan la productividad y el reconocimiento profesional.<\/span><\/p>\n<p style=\"font-weight: 400; text-align: justify;\"><span style=\"color: #000000;\"><em>\u201cEl contador es una pieza esencial en la toma de decisiones y en la sostenibilidad de las empresas. Expo Contador busca reconocer ese papel y acompa\u00f1ar su evoluci\u00f3n hacia una pr\u00e1ctica m\u00e1s estrat\u00e9gica y humana\u201d,<\/em>\u00a0se\u00f1al\u00f3\u00a0<strong>David Ortiz<\/strong>, CEO de\u00a0<strong>Siigo Cont\u00edfico<\/strong>.<\/span><\/p>\n<p style=\"font-weight: 400; text-align: justify;\"><span style=\"color: #000000;\">La apertura estar\u00e1 a cargo de\u00a0<strong>Cristina Trujillo<\/strong>\u00a0(TC Audit\u2013Nexia) con\u00a0<em>\u201cTodo Cuenta: el rol del contador que transforma negocios y vidas\u201d<\/em>, una mirada a c\u00f3mo la profesi\u00f3n pas\u00f3 de registrar a decidir.\u00a0<strong>Ver\u00f3nica Velazco<\/strong>\u00a0(SRI, Zonal 9) desarrollar\u00e1\u00a0<em>\u201cContabilidad en evoluci\u00f3n: novedades clave para tu gesti\u00f3n\u201d<\/em>, con insumos pr\u00e1cticos para el cierre del a\u00f1o. Y un representante de\u00a0<strong>Siigo Cont\u00edfico<\/strong>\u00a0presentar\u00e1\u00a0<em>\u201cTu aliado digital: herramientas que liberan tu tiempo\u201d<\/em>, una gu\u00eda para aplicar el\u00a0<strong>Plan Contador<\/strong>\u00a0con casos, beneficios y plantillas.<\/span><\/p>\n<p style=\"font-weight: 400; text-align: justify;\"><span style=\"color: #000000;\">Adem\u00e1s de inspirar, la jornada promete entregables concretos: I<strong>ncentivos y beneficios tributarios<\/strong>\u00a0, t\u00e9cnicas y tendencias para el d\u00eda a d\u00eda, uso del Plan Contador con ejercicios, y herramientas del ecosistema\u00a0<strong>Partners<\/strong>\u00a0para potenciar productividad y reconocimiento profesional.<\/span><\/p>\n<p style=\"font-weight: 400; text-align: justify;\"><span style=\"color: #000000;\"><strong>EXPO CONTADOR 2025<\/strong>\u00a0busca consolidar comunidad, reconocimiento y mejores pr\u00e1cticas en un momento clave del calendario contable. Quienes est\u00e9n interesados en ser parte de esta nueva edici\u00f3n de Expo Contador, pueden registrarse a trav\u00e9s del siguiente enlace:\u00a0<a style=\"color: #000000;\" href=\"https:\/\/share.hsforms.com\/1-htRxzqqSsKbGtRpyuOGSA1egbw\/?utm_campaign=PR_ECU\" data-saferedirecturl=\"https:\/\/www.google.com\/url?q=https:\/\/share.hsforms.com\/1-htRxzqqSsKbGtRpyuOGSA1egbw\/?utm_campaign%3DPR_ECU&amp;source=gmail&amp;ust=1763057381556000&amp;usg=AOvVaw2t4n5syS4fJZo9i7N49Ssx\">https:\/\/share.hsforms.com\/1-htRxzqqSsKbGtRpyuOGSA1egbw\/?utm_campaign=PR_ECU<\/a><\/span><\/p>\n<p><img decoding=\"async\" class=\"aligncenter size-full wp-image-137252\" src=\"https:\/\/www.quebakan.com\/v15\/wp-content\/uploads\/2025\/11\/Agenda-Expocontador_Mesa-de-trabajo-1.jpg\" alt=\"\" width=\"640\" height=\"800\" \/><\/p>\n","protected":false},"excerpt":{"rendered":"<p>Foto referencial de Freepik\u00a0 CON LA PARTICIPACI\u00d3N DESTACADA DEL SRI, ABORDAR\u00c1 NOVEDADES CLAVE PARA LA GESTI\u00d3N CONTABLE Y TRIBUTARIA EN ECUADOR\u00a0 Noviembre es el mes del contador en Ecuador y representa una oportunidad para fortalecer conocimientos, compartir experiencias y reconocer la relevancia de esta profesi\u00f3n en el desarrollo econ\u00f3mico del pa\u00eds. En ese contexto, el [&hellip;]<\/p>\n","protected":false},"author":4,"featured_media":137252,"comment_status":"closed","ping_status":"closed","sticky":false,"template":"","format":"standard","meta":{"_bbp_topic_count":0,"_bbp_reply_count":0,"_bbp_total_topic_count":0,"_bbp_total_reply_count":0,"_bbp_voice_count":0,"_bbp_anonymous_reply_count":0,"_bbp_topic_count_hidden":0,"_bbp_reply_count_hidden":0,"_bbp_forum_subforum_count":0,"buzzeditor_post_format":"","footnotes":""},"categories":[2],"tags":[],"class_list":["post-137249","post","type-post","status-publish","format-standard","has-post-thumbnail","hentry","category-noticias"],"yoast_head":"<!-- This site is optimized with the Yoast SEO plugin v27.5 - https:\/\/yoast.com\/product\/yoast-seo-wordpress\/ -->\n<title>EXPO CONTADOR 2025: ENCUENTRO QUE IMPULSA LA EVOLUCI\u00d3N DEL PROFESIONAL CONTABLE EN ECUADOR &#8211; QUEBAKAN.COM 2026: Noticias, Eventos, Conciertos y mucho m\u00e1s....<\/title>\n<meta name=\"robots\" content=\"index, follow, max-snippet:-1, max-image-preview:large, max-video-preview:-1\" \/>\n<link rel=\"canonical\" href=\"https:\/\/www.quebakan.com\/v15\/expo-contador-2025-encuentro-que-impulsa-la-evolucion-del-profesional-contable-en-ecuador\/\" \/>\n<meta property=\"og:locale\" content=\"es_ES\" \/>\n<meta property=\"og:type\" content=\"article\" \/>\n<meta property=\"og:title\" content=\"EXPO CONTADOR 2025: ENCUENTRO QUE IMPULSA LA EVOLUCI\u00d3N DEL PROFESIONAL CONTABLE EN ECUADOR &#8211; QUEBAKAN.COM 2026: Noticias, Eventos, Conciertos y mucho m\u00e1s....\" \/>\n<meta property=\"og:description\" content=\"Foto referencial de Freepik\u00a0 CON LA PARTICIPACI\u00d3N DESTACADA DEL SRI, ABORDAR\u00c1 NOVEDADES CLAVE PARA LA GESTI\u00d3N CONTABLE Y TRIBUTARIA EN ECUADOR\u00a0 Noviembre es el mes del contador en Ecuador y representa una oportunidad para fortalecer conocimientos, compartir experiencias y reconocer la relevancia de esta profesi\u00f3n en el desarrollo econ\u00f3mico del pa\u00eds. En ese contexto, el [&hellip;]\" \/>\n<meta property=\"og:url\" content=\"https:\/\/www.quebakan.com\/v15\/expo-contador-2025-encuentro-que-impulsa-la-evolucion-del-profesional-contable-en-ecuador\/\" \/>\n<meta property=\"og:site_name\" content=\"QUEBAKAN.COM 2026: Noticias, Eventos, Conciertos y mucho m\u00e1s....\" \/>\n<meta property=\"article:publisher\" content=\"http:\/\/www.facebook.com\/quebakan\" \/>\n<meta property=\"article:published_time\" content=\"2025-11-12T21:22:49+00:00\" \/>\n<meta property=\"og:image\" content=\"https:\/\/www.quebakan.com\/v15\/wp-content\/uploads\/2025\/11\/Agenda-Expocontador_Mesa-de-trabajo-1.jpg\" \/>\n\t<meta property=\"og:image:width\" content=\"640\" \/>\n\t<meta property=\"og:image:height\" content=\"800\" \/>\n\t<meta property=\"og:image:type\" content=\"image\/jpeg\" \/>\n<meta name=\"author\" content=\"Erick Villafuerte\" \/>\n<meta name=\"twitter:card\" content=\"summary_large_image\" \/>\n<meta name=\"twitter:creator\" content=\"@quebakanec\" \/>\n<meta name=\"twitter:site\" content=\"@quebakanec\" \/>\n<meta name=\"twitter:label1\" content=\"Escrito por\" \/>\n\t<meta name=\"twitter:data1\" content=\"Erick Villafuerte\" \/>\n\t<meta name=\"twitter:label2\" content=\"Tiempo de lectura\" \/>\n\t<meta name=\"twitter:data2\" content=\"3 minutos\" \/>\n<script type=\"application\/ld+json\" class=\"yoast-schema-graph\">{\"@context\":\"https:\\\/\\\/schema.org\",\"@graph\":[{\"@type\":\"Article\",\"@id\":\"https:\\\/\\\/www.quebakan.com\\\/v15\\\/expo-contador-2025-encuentro-que-impulsa-la-evolucion-del-profesional-contable-en-ecuador\\\/#article\",\"isPartOf\":{\"@id\":\"https:\\\/\\\/www.quebakan.com\\\/v15\\\/expo-contador-2025-encuentro-que-impulsa-la-evolucion-del-profesional-contable-en-ecuador\\\/\"},\"author\":{\"name\":\"Erick Villafuerte\",\"@id\":\"https:\\\/\\\/www.quebakan.com\\\/v15\\\/#\\\/schema\\\/person\\\/d90fa9f9cfa81eb8ace9811e5b7b9118\"},\"headline\":\"EXPO CONTADOR 2025: ENCUENTRO QUE IMPULSA LA EVOLUCI\u00d3N DEL PROFESIONAL CONTABLE EN ECUADOR\",\"datePublished\":\"2025-11-12T21:22:49+00:00\",\"mainEntityOfPage\":{\"@id\":\"https:\\\/\\\/www.quebakan.com\\\/v15\\\/expo-contador-2025-encuentro-que-impulsa-la-evolucion-del-profesional-contable-en-ecuador\\\/\"},\"wordCount\":406,\"publisher\":{\"@id\":\"https:\\\/\\\/www.quebakan.com\\\/v15\\\/#organization\"},\"image\":{\"@id\":\"https:\\\/\\\/www.quebakan.com\\\/v15\\\/expo-contador-2025-encuentro-que-impulsa-la-evolucion-del-profesional-contable-en-ecuador\\\/#primaryimage\"},\"thumbnailUrl\":\"https:\\\/\\\/www.quebakan.com\\\/v15\\\/wp-content\\\/uploads\\\/2025\\\/11\\\/Agenda-Expocontador_Mesa-de-trabajo-1.jpg\",\"articleSection\":[\"Noticias\"],\"inLanguage\":\"es\"},{\"@type\":\"WebPage\",\"@id\":\"https:\\\/\\\/www.quebakan.com\\\/v15\\\/expo-contador-2025-encuentro-que-impulsa-la-evolucion-del-profesional-contable-en-ecuador\\\/\",\"url\":\"https:\\\/\\\/www.quebakan.com\\\/v15\\\/expo-contador-2025-encuentro-que-impulsa-la-evolucion-del-profesional-contable-en-ecuador\\\/\",\"name\":\"EXPO CONTADOR 2025: ENCUENTRO QUE IMPULSA LA EVOLUCI\u00d3N DEL PROFESIONAL CONTABLE EN ECUADOR &#8211; QUEBAKAN.COM 2026: Noticias, Eventos, Conciertos y mucho m\u00e1s....\",\"isPartOf\":{\"@id\":\"https:\\\/\\\/www.quebakan.com\\\/v15\\\/#website\"},\"primaryImageOfPage\":{\"@id\":\"https:\\\/\\\/www.quebakan.com\\\/v15\\\/expo-contador-2025-encuentro-que-impulsa-la-evolucion-del-profesional-contable-en-ecuador\\\/#primaryimage\"},\"image\":{\"@id\":\"https:\\\/\\\/www.quebakan.com\\\/v15\\\/expo-contador-2025-encuentro-que-impulsa-la-evolucion-del-profesional-contable-en-ecuador\\\/#primaryimage\"},\"thumbnailUrl\":\"https:\\\/\\\/www.quebakan.com\\\/v15\\\/wp-content\\\/uploads\\\/2025\\\/11\\\/Agenda-Expocontador_Mesa-de-trabajo-1.jpg\",\"datePublished\":\"2025-11-12T21:22:49+00:00\",\"breadcrumb\":{\"@id\":\"https:\\\/\\\/www.quebakan.com\\\/v15\\\/expo-contador-2025-encuentro-que-impulsa-la-evolucion-del-profesional-contable-en-ecuador\\\/#breadcrumb\"},\"inLanguage\":\"es\",\"potentialAction\":[{\"@type\":\"ReadAction\",\"target\":[\"https:\\\/\\\/www.quebakan.com\\\/v15\\\/expo-contador-2025-encuentro-que-impulsa-la-evolucion-del-profesional-contable-en-ecuador\\\/\"]}]},{\"@type\":\"ImageObject\",\"inLanguage\":\"es\",\"@id\":\"https:\\\/\\\/www.quebakan.com\\\/v15\\\/expo-contador-2025-encuentro-que-impulsa-la-evolucion-del-profesional-contable-en-ecuador\\\/#primaryimage\",\"url\":\"https:\\\/\\\/www.quebakan.com\\\/v15\\\/wp-content\\\/uploads\\\/2025\\\/11\\\/Agenda-Expocontador_Mesa-de-trabajo-1.jpg\",\"contentUrl\":\"https:\\\/\\\/www.quebakan.com\\\/v15\\\/wp-content\\\/uploads\\\/2025\\\/11\\\/Agenda-Expocontador_Mesa-de-trabajo-1.jpg\",\"width\":640,\"height\":800},{\"@type\":\"BreadcrumbList\",\"@id\":\"https:\\\/\\\/www.quebakan.com\\\/v15\\\/expo-contador-2025-encuentro-que-impulsa-la-evolucion-del-profesional-contable-en-ecuador\\\/#breadcrumb\",\"itemListElement\":[{\"@type\":\"ListItem\",\"position\":1,\"name\":\"Portada\",\"item\":\"https:\\\/\\\/www.quebakan.com\\\/v15\\\/\"},{\"@type\":\"ListItem\",\"position\":2,\"name\":\"EXPO CONTADOR 2025: ENCUENTRO QUE IMPULSA LA EVOLUCI\u00d3N DEL PROFESIONAL CONTABLE EN ECUADOR\"}]},{\"@type\":\"WebSite\",\"@id\":\"https:\\\/\\\/www.quebakan.com\\\/v15\\\/#website\",\"url\":\"https:\\\/\\\/www.quebakan.com\\\/v15\\\/\",\"name\":\"QUEBAKAN\",\"description\":\"..\",\"publisher\":{\"@id\":\"https:\\\/\\\/www.quebakan.com\\\/v15\\\/#organization\"},\"potentialAction\":[{\"@type\":\"SearchAction\",\"target\":{\"@type\":\"EntryPoint\",\"urlTemplate\":\"https:\\\/\\\/www.quebakan.com\\\/v15\\\/?s={search_term_string}\"},\"query-input\":{\"@type\":\"PropertyValueSpecification\",\"valueRequired\":true,\"valueName\":\"search_term_string\"}}],\"inLanguage\":\"es\"},{\"@type\":\"Organization\",\"@id\":\"https:\\\/\\\/www.quebakan.com\\\/v15\\\/#organization\",\"name\":\"Quebakan.com\",\"url\":\"https:\\\/\\\/www.quebakan.com\\\/v15\\\/\",\"logo\":{\"@type\":\"ImageObject\",\"inLanguage\":\"es\",\"@id\":\"https:\\\/\\\/www.quebakan.com\\\/v15\\\/#\\\/schema\\\/logo\\\/image\\\/\",\"url\":\"https:\\\/\\\/www.quebakan.com\\\/v15\\\/wp-content\\\/uploads\\\/2023\\\/07\\\/logoquebakanenero2021.jpg\",\"contentUrl\":\"https:\\\/\\\/www.quebakan.com\\\/v15\\\/wp-content\\\/uploads\\\/2023\\\/07\\\/logoquebakanenero2021.jpg\",\"width\":1920,\"height\":1080,\"caption\":\"Quebakan.com\"},\"image\":{\"@id\":\"https:\\\/\\\/www.quebakan.com\\\/v15\\\/#\\\/schema\\\/logo\\\/image\\\/\"},\"sameAs\":[\"http:\\\/\\\/www.facebook.com\\\/quebakan\",\"https:\\\/\\\/x.com\\\/quebakanec\",\"http:\\\/\\\/www.instagram.com\\\/quebakan\",\"http:\\\/\\\/www.youtube.com\\\/quebakan1\"]},{\"@type\":\"Person\",\"@id\":\"https:\\\/\\\/www.quebakan.com\\\/v15\\\/#\\\/schema\\\/person\\\/d90fa9f9cfa81eb8ace9811e5b7b9118\",\"name\":\"Erick Villafuerte\",\"image\":{\"@type\":\"ImageObject\",\"inLanguage\":\"es\",\"@id\":\"https:\\\/\\\/www.quebakan.com\\\/v15\\\/wp-content\\\/uploads\\\/avatars\\\/4\\\/1731297654-bpfull.png\",\"url\":\"https:\\\/\\\/www.quebakan.com\\\/v15\\\/wp-content\\\/uploads\\\/avatars\\\/4\\\/1731297654-bpfull.png\",\"contentUrl\":\"https:\\\/\\\/www.quebakan.com\\\/v15\\\/wp-content\\\/uploads\\\/avatars\\\/4\\\/1731297654-bpfull.png\",\"caption\":\"Erick Villafuerte\"}}]}<\/script>\n<!-- \/ Yoast SEO plugin. -->","yoast_head_json":{"title":"EXPO CONTADOR 2025: ENCUENTRO QUE IMPULSA LA EVOLUCI\u00d3N DEL PROFESIONAL CONTABLE EN ECUADOR &#8211; QUEBAKAN.COM 2026: Noticias, Eventos, Conciertos y mucho m\u00e1s....","robots":{"index":"index","follow":"follow","max-snippet":"max-snippet:-1","max-image-preview":"max-image-preview:large","max-video-preview":"max-video-preview:-1"},"canonical":"https:\/\/www.quebakan.com\/v15\/expo-contador-2025-encuentro-que-impulsa-la-evolucion-del-profesional-contable-en-ecuador\/","og_locale":"es_ES","og_type":"article","og_title":"EXPO CONTADOR 2025: ENCUENTRO QUE IMPULSA LA EVOLUCI\u00d3N DEL PROFESIONAL CONTABLE EN ECUADOR &#8211; QUEBAKAN.COM 2026: Noticias, Eventos, Conciertos y mucho m\u00e1s....","og_description":"Foto referencial de Freepik\u00a0 CON LA PARTICIPACI\u00d3N DESTACADA DEL SRI, ABORDAR\u00c1 NOVEDADES CLAVE PARA LA GESTI\u00d3N CONTABLE Y TRIBUTARIA EN ECUADOR\u00a0 Noviembre es el mes del contador en Ecuador y representa una oportunidad para fortalecer conocimientos, compartir experiencias y reconocer la relevancia de esta profesi\u00f3n en el desarrollo econ\u00f3mico del pa\u00eds. En ese contexto, el [&hellip;]","og_url":"https:\/\/www.quebakan.com\/v15\/expo-contador-2025-encuentro-que-impulsa-la-evolucion-del-profesional-contable-en-ecuador\/","og_site_name":"QUEBAKAN.COM 2026: Noticias, Eventos, Conciertos y mucho m\u00e1s....","article_publisher":"http:\/\/www.facebook.com\/quebakan","article_published_time":"2025-11-12T21:22:49+00:00","og_image":[{"width":640,"height":800,"url":"https:\/\/www.quebakan.com\/v15\/wp-content\/uploads\/2025\/11\/Agenda-Expocontador_Mesa-de-trabajo-1.jpg","type":"image\/jpeg"}],"author":"Erick Villafuerte","twitter_card":"summary_large_image","twitter_creator":"@quebakanec","twitter_site":"@quebakanec","twitter_misc":{"Escrito por":"Erick Villafuerte","Tiempo de lectura":"3 minutos"},"schema":{"@context":"https:\/\/schema.org","@graph":[{"@type":"Article","@id":"https:\/\/www.quebakan.com\/v15\/expo-contador-2025-encuentro-que-impulsa-la-evolucion-del-profesional-contable-en-ecuador\/#article","isPartOf":{"@id":"https:\/\/www.quebakan.com\/v15\/expo-contador-2025-encuentro-que-impulsa-la-evolucion-del-profesional-contable-en-ecuador\/"},"author":{"name":"Erick Villafuerte","@id":"https:\/\/www.quebakan.com\/v15\/#\/schema\/person\/d90fa9f9cfa81eb8ace9811e5b7b9118"},"headline":"EXPO CONTADOR 2025: ENCUENTRO QUE IMPULSA LA EVOLUCI\u00d3N DEL PROFESIONAL CONTABLE EN ECUADOR","datePublished":"2025-11-12T21:22:49+00:00","mainEntityOfPage":{"@id":"https:\/\/www.quebakan.com\/v15\/expo-contador-2025-encuentro-que-impulsa-la-evolucion-del-profesional-contable-en-ecuador\/"},"wordCount":406,"publisher":{"@id":"https:\/\/www.quebakan.com\/v15\/#organization"},"image":{"@id":"https:\/\/www.quebakan.com\/v15\/expo-contador-2025-encuentro-que-impulsa-la-evolucion-del-profesional-contable-en-ecuador\/#primaryimage"},"thumbnailUrl":"https:\/\/www.quebakan.com\/v15\/wp-content\/uploads\/2025\/11\/Agenda-Expocontador_Mesa-de-trabajo-1.jpg","articleSection":["Noticias"],"inLanguage":"es"},{"@type":"WebPage","@id":"https:\/\/www.quebakan.com\/v15\/expo-contador-2025-encuentro-que-impulsa-la-evolucion-del-profesional-contable-en-ecuador\/","url":"https:\/\/www.quebakan.com\/v15\/expo-contador-2025-encuentro-que-impulsa-la-evolucion-del-profesional-contable-en-ecuador\/","name":"EXPO CONTADOR 2025: ENCUENTRO QUE IMPULSA LA EVOLUCI\u00d3N DEL PROFESIONAL CONTABLE EN ECUADOR &#8211; QUEBAKAN.COM 2026: Noticias, Eventos, Conciertos y mucho m\u00e1s....","isPartOf":{"@id":"https:\/\/www.quebakan.com\/v15\/#website"},"primaryImageOfPage":{"@id":"https:\/\/www.quebakan.com\/v15\/expo-contador-2025-encuentro-que-impulsa-la-evolucion-del-profesional-contable-en-ecuador\/#primaryimage"},"image":{"@id":"https:\/\/www.quebakan.com\/v15\/expo-contador-2025-encuentro-que-impulsa-la-evolucion-del-profesional-contable-en-ecuador\/#primaryimage"},"thumbnailUrl":"https:\/\/www.quebakan.com\/v15\/wp-content\/uploads\/2025\/11\/Agenda-Expocontador_Mesa-de-trabajo-1.jpg","datePublished":"2025-11-12T21:22:49+00:00","breadcrumb":{"@id":"https:\/\/www.quebakan.com\/v15\/expo-contador-2025-encuentro-que-impulsa-la-evolucion-del-profesional-contable-en-ecuador\/#breadcrumb"},"inLanguage":"es","potentialAction":[{"@type":"ReadAction","target":["https:\/\/www.quebakan.com\/v15\/expo-contador-2025-encuentro-que-impulsa-la-evolucion-del-profesional-contable-en-ecuador\/"]}]},{"@type":"ImageObject","inLanguage":"es","@id":"https:\/\/www.quebakan.com\/v15\/expo-contador-2025-encuentro-que-impulsa-la-evolucion-del-profesional-contable-en-ecuador\/#primaryimage","url":"https:\/\/www.quebakan.com\/v15\/wp-content\/uploads\/2025\/11\/Agenda-Expocontador_Mesa-de-trabajo-1.jpg","contentUrl":"https:\/\/www.quebakan.com\/v15\/wp-content\/uploads\/2025\/11\/Agenda-Expocontador_Mesa-de-trabajo-1.jpg","width":640,"height":800},{"@type":"BreadcrumbList","@id":"https:\/\/www.quebakan.com\/v15\/expo-contador-2025-encuentro-que-impulsa-la-evolucion-del-profesional-contable-en-ecuador\/#breadcrumb","itemListElement":[{"@type":"ListItem","position":1,"name":"Portada","item":"https:\/\/www.quebakan.com\/v15\/"},{"@type":"ListItem","position":2,"name":"EXPO CONTADOR 2025: ENCUENTRO QUE IMPULSA LA EVOLUCI\u00d3N DEL PROFESIONAL CONTABLE EN ECUADOR"}]},{"@type":"WebSite","@id":"https:\/\/www.quebakan.com\/v15\/#website","url":"https:\/\/www.quebakan.com\/v15\/","name":"QUEBAKAN","description":"..","publisher":{"@id":"https:\/\/www.quebakan.com\/v15\/#organization"},"potentialAction":[{"@type":"SearchAction","target":{"@type":"EntryPoint","urlTemplate":"https:\/\/www.quebakan.com\/v15\/?s={search_term_string}"},"query-input":{"@type":"PropertyValueSpecification","valueRequired":true,"valueName":"search_term_string"}}],"inLanguage":"es"},{"@type":"Organization","@id":"https:\/\/www.quebakan.com\/v15\/#organization","name":"Quebakan.com","url":"https:\/\/www.quebakan.com\/v15\/","logo":{"@type":"ImageObject","inLanguage":"es","@id":"https:\/\/www.quebakan.com\/v15\/#\/schema\/logo\/image\/","url":"https:\/\/www.quebakan.com\/v15\/wp-content\/uploads\/2023\/07\/logoquebakanenero2021.jpg","contentUrl":"https:\/\/www.quebakan.com\/v15\/wp-content\/uploads\/2023\/07\/logoquebakanenero2021.jpg","width":1920,"height":1080,"caption":"Quebakan.com"},"image":{"@id":"https:\/\/www.quebakan.com\/v15\/#\/schema\/logo\/image\/"},"sameAs":["http:\/\/www.facebook.com\/quebakan","https:\/\/x.com\/quebakanec","http:\/\/www.instagram.com\/quebakan","http:\/\/www.youtube.com\/quebakan1"]},{"@type":"Person","@id":"https:\/\/www.quebakan.com\/v15\/#\/schema\/person\/d90fa9f9cfa81eb8ace9811e5b7b9118","name":"Erick Villafuerte","image":{"@type":"ImageObject","inLanguage":"es","@id":"https:\/\/www.quebakan.com\/v15\/wp-content\/uploads\/avatars\/4\/1731297654-bpfull.png","url":"https:\/\/www.quebakan.com\/v15\/wp-content\/uploads\/avatars\/4\/1731297654-bpfull.png","contentUrl":"https:\/\/www.quebakan.com\/v15\/wp-content\/uploads\/avatars\/4\/1731297654-bpfull.png","caption":"Erick Villafuerte"}}]}},"_links":{"self":[{"href":"https:\/\/www.quebakan.com\/v15\/wp-json\/wp\/v2\/posts\/137249","targetHints":{"allow":["GET"]}}],"collection":[{"href":"https:\/\/www.quebakan.com\/v15\/wp-json\/wp\/v2\/posts"}],"about":[{"href":"https:\/\/www.quebakan.com\/v15\/wp-json\/wp\/v2\/types\/post"}],"author":[{"embeddable":true,"href":"https:\/\/www.quebakan.com\/v15\/wp-json\/wp\/v2\/users\/4"}],"replies":[{"embeddable":true,"href":"https:\/\/www.quebakan.com\/v15\/wp-json\/wp\/v2\/comments?post=137249"}],"version-history":[{"count":1,"href":"https:\/\/www.quebakan.com\/v15\/wp-json\/wp\/v2\/posts\/137249\/revisions"}],"predecessor-version":[{"id":137253,"href":"https:\/\/www.quebakan.com\/v15\/wp-json\/wp\/v2\/posts\/137249\/revisions\/137253"}],"wp:featuredmedia":[{"embeddable":true,"href":"https:\/\/www.quebakan.com\/v15\/wp-json\/wp\/v2\/media\/137252"}],"wp:attachment":[{"href":"https:\/\/www.quebakan.com\/v15\/wp-json\/wp\/v2\/media?parent=137249"}],"wp:term":[{"taxonomy":"category","embeddable":true,"href":"https:\/\/www.quebakan.com\/v15\/wp-json\/wp\/v2\/categories?post=137249"},{"taxonomy":"post_tag","embeddable":true,"href":"https:\/\/www.quebakan.com\/v15\/wp-json\/wp\/v2\/tags?post=137249"}],"curies":[{"name":"wp","href":"https:\/\/api.w.org\/{rel}","templated":true}]}}