{"id":137254,"date":"2025-11-12T16:25:52","date_gmt":"2025-11-12T21:25:52","guid":{"rendered":"https:\/\/www.quebakan.com\/v15\/?p=137254"},"modified":"2025-11-12T22:24:09","modified_gmt":"2025-11-13T03:24:09","slug":"expo-multisectorial-2025-reunira-a-las-pymes-que-representan-el-80-de-eje-de-la-produccion-nacional","status":"publish","type":"post","link":"https:\/\/www.quebakan.com\/v15\/expo-multisectorial-2025-reunira-a-las-pymes-que-representan-el-80-de-eje-de-la-produccion-nacional\/","title":{"rendered":"EXPO MULTISECTORIAL 2025, reunir\u00e1 a las PYMES que representan el 80% de eje de la producci\u00f3n nacional."},"content":{"rendered":"<p><img fetchpriority=\"high\" decoding=\"async\" class=\"aligncenter size-full wp-image-137255\" src=\"https:\/\/www.quebakan.com\/v15\/wp-content\/uploads\/2025\/11\/FOTO-EMPRESARIAL.jpg\" alt=\"\" width=\"700\" height=\"394\" \/><\/p>\n<div style=\"text-align: center;\"><span style=\"color: #000000;\">De izq. a Derecha: Dr. Francisco Vergara Ortiz, presidente de CAPEIPI; \u00a0MSc. Karina Escobar directora ejecutiva CAPEIPI y Dra. Lorena Cabezas Ortiz vicepresidenta de CAPEIPI.<\/span><\/div>\n<div><\/div>\n<p style=\"text-align: justify;\"><span style=\"color: #000000;\"><strong>Quito, Ecuador \u2013<\/strong> 12 de noviembre de 2025. La C\u00e1mara de la Peque\u00f1a y Mediana Empresa de Pichincha (CAPEIPI) anunci\u00f3 la realizaci\u00f3n de la segunda edici\u00f3n de la EXPO MULTISECTORIAL 2025, el encuentro empresarial m\u00e1s importante del pa\u00eds, que se llevar\u00e1 a cabo del 27 al 30 de noviembre de 2025 en el Centro de Exposiciones Quito (CEQ). La feria ser\u00e1 de entrada gratuita y busca fortalecer el tejido productivo nacional, promoviendo el desarrollo, la innovaci\u00f3n y la internacionalizaci\u00f3n de las PYMES ecuatorianas.<\/span><\/p>\n<p style=\"text-align: justify;\"><span style=\"color: #000000;\">Las peque\u00f1as y medianas empresas (PYMES) representan el 80% del empleo formal y aportan m\u00e1s del 40% al Producto Interno Bruto (PIB) del pa\u00eds. Son el eje de la producci\u00f3n nacional y el pilar de la reactivaci\u00f3n econ\u00f3mica del Ecuador.<\/span><\/p>\n<p style=\"text-align: justify;\"><span style=\"color: #000000;\">Con este contexto, la EXPO MULTISECTORIAL 2025 se lanza bajo un nuevo concepto:<\/span><br \/>\n<span style=\"color: #000000;\">\u201cHecho en Ecuador, perfecto para el mundo\u201d, reafirmando el compromiso de impulsar la visibilidad, internacionalizaci\u00f3n y competitividad de las PYMES en mercados locales e internacionales.<\/span><\/p>\n<p style=\"text-align: justify;\"><span style=\"color: #000000;\">El evento reunir\u00e1 a los ocho sectores productivos que integran CAPEIPI:<\/span><br \/>\n<span style=\"color: #000000;\">metalmec\u00e1nico, el\u00e9ctrico y electr\u00f3nico; textil; eventos y servicios; alimenticio; construcci\u00f3n; gr\u00e1fico; qu\u00edmico y maderero. Durante los cuatro d\u00edas de feria, empresarios, emprendedores y consumidores podr\u00e1n interactuar directamente, generando oportunidades reales de crecimiento y alianzas estrat\u00e9gicas para un mejor futuro del pa\u00eds.<\/span><\/p>\n<p style=\"text-align: justify;\"><span style=\"color: #000000;\">Adem\u00e1s, los visitantes podr\u00e1n comprar directamente al productor, accediendo a precios de f\u00e1brica, descuentos especiales y productos aut\u00e9nticos, fortaleciendo el v\u00ednculo entre las PYMES ecuatorianas y el consumidor final.<\/span><\/p>\n<p style=\"text-align: justify;\"><span style=\"color: #000000;\">La feria ofrecer\u00e1 un espacio integral donde nacen oportunidades, crecen sue\u00f1os y se proyectan productos nacionales al mundo, con actividades como:<\/span><\/p>\n<ul style=\"text-align: justify;\">\n<li><span style=\"color: #000000;\">Compra directa: trato cara a cara con fabricantes y PYMES.<\/span><\/li>\n<li><span style=\"color: #000000;\">Pol\u00edtica de precios especiales y ofertas permanentes.<\/span><\/li>\n<li><span style=\"color: #000000;\">Rueda de negocios y vitrinas sectoriales para compras institucionales y comerciales.<\/span><\/li>\n<li><span style=\"color: #000000;\">Programa cultural con reconocidos artistas nacionales como <em>La Vagancia, Azuquito, Coro Pichincha<\/em> y <em>Don Medardo y sus Players<\/em>.<\/span><\/li>\n<li><span style=\"color: #000000;\">Experiencia para todo p\u00fablico: demostraciones, degustaciones y actividades familiares.<\/span><\/li>\n<\/ul>\n<p style=\"text-align: justify;\"><span style=\"color: #000000;\">En su edici\u00f3n anterior, la EXPO MULTISECTORIAL reuni\u00f3 a 154 empresas y 45 emprendimientos, consolid\u00e1ndose como una vitrina del potencial productivo nacional.<\/span><br \/>\n<span style=\"color: #000000;\">Para 2025, CAPEIPI y el CEQ proyectan la asistencia de m\u00e1s de 15.000 visitantes, reafirmando su papel como el principal punto de encuentro del ecosistema productivo ecuatoriano, en un mes clave para la dinamizaci\u00f3n comercial global.<\/span><\/p>\n","protected":false},"excerpt":{"rendered":"<p>De izq. a Derecha: Dr. Francisco Vergara Ortiz, presidente de CAPEIPI; \u00a0MSc. Karina Escobar directora ejecutiva CAPEIPI y Dra. Lorena Cabezas Ortiz vicepresidenta de CAPEIPI. Quito, Ecuador \u2013 12 de noviembre de 2025. La C\u00e1mara de la Peque\u00f1a y Mediana Empresa de Pichincha (CAPEIPI) anunci\u00f3 la realizaci\u00f3n de la segunda edici\u00f3n de la EXPO MULTISECTORIAL [&hellip;]<\/p>\n","protected":false},"author":4,"featured_media":137255,"comment_status":"closed","ping_status":"closed","sticky":false,"template":"","format":"standard","meta":{"_bbp_topic_count":0,"_bbp_reply_count":0,"_bbp_total_topic_count":0,"_bbp_total_reply_count":0,"_bbp_voice_count":0,"_bbp_anonymous_reply_count":0,"_bbp_topic_count_hidden":0,"_bbp_reply_count_hidden":0,"_bbp_forum_subforum_count":0,"buzzeditor_post_format":"","footnotes":""},"categories":[2],"tags":[],"class_list":["post-137254","post","type-post","status-publish","format-standard","has-post-thumbnail","hentry","category-noticias"],"yoast_head":"<!-- This site is optimized with the Yoast SEO plugin v27.5 - https:\/\/yoast.com\/product\/yoast-seo-wordpress\/ -->\n<title>EXPO MULTISECTORIAL 2025, reunir\u00e1 a las PYMES que representan el 80% de eje de la producci\u00f3n nacional. &#8211; QUEBAKAN.COM 2026: Noticias, Eventos, Conciertos y mucho m\u00e1s....<\/title>\n<meta name=\"robots\" content=\"index, follow, max-snippet:-1, max-image-preview:large, max-video-preview:-1\" \/>\n<link rel=\"canonical\" href=\"https:\/\/www.quebakan.com\/v15\/expo-multisectorial-2025-reunira-a-las-pymes-que-representan-el-80-de-eje-de-la-produccion-nacional\/\" \/>\n<meta property=\"og:locale\" content=\"es_ES\" \/>\n<meta property=\"og:type\" content=\"article\" \/>\n<meta property=\"og:title\" content=\"EXPO MULTISECTORIAL 2025, reunir\u00e1 a las PYMES que representan el 80% de eje de la producci\u00f3n nacional. &#8211; QUEBAKAN.COM 2026: Noticias, Eventos, Conciertos y mucho m\u00e1s....\" \/>\n<meta property=\"og:description\" content=\"De izq. a Derecha: Dr. Francisco Vergara Ortiz, presidente de CAPEIPI; \u00a0MSc. Karina Escobar directora ejecutiva CAPEIPI y Dra. Lorena Cabezas Ortiz vicepresidenta de CAPEIPI. Quito, Ecuador \u2013 12 de noviembre de 2025. La C\u00e1mara de la Peque\u00f1a y Mediana Empresa de Pichincha (CAPEIPI) anunci\u00f3 la realizaci\u00f3n de la segunda edici\u00f3n de la EXPO MULTISECTORIAL [&hellip;]\" \/>\n<meta property=\"og:url\" content=\"https:\/\/www.quebakan.com\/v15\/expo-multisectorial-2025-reunira-a-las-pymes-que-representan-el-80-de-eje-de-la-produccion-nacional\/\" \/>\n<meta property=\"og:site_name\" content=\"QUEBAKAN.COM 2026: Noticias, Eventos, Conciertos y mucho m\u00e1s....\" \/>\n<meta property=\"article:publisher\" content=\"http:\/\/www.facebook.com\/quebakan\" \/>\n<meta property=\"article:published_time\" content=\"2025-11-12T21:25:52+00:00\" \/>\n<meta property=\"article:modified_time\" content=\"2025-11-13T03:24:09+00:00\" \/>\n<meta property=\"og:image\" content=\"https:\/\/www.quebakan.com\/v15\/wp-content\/uploads\/2025\/11\/FOTO-EMPRESARIAL.jpg\" \/>\n\t<meta property=\"og:image:width\" content=\"700\" \/>\n\t<meta property=\"og:image:height\" content=\"394\" \/>\n\t<meta property=\"og:image:type\" content=\"image\/jpeg\" \/>\n<meta name=\"author\" content=\"Erick Villafuerte\" \/>\n<meta name=\"twitter:card\" content=\"summary_large_image\" \/>\n<meta name=\"twitter:creator\" content=\"@quebakanec\" \/>\n<meta name=\"twitter:site\" content=\"@quebakanec\" \/>\n<meta name=\"twitter:label1\" content=\"Escrito por\" \/>\n\t<meta name=\"twitter:data1\" content=\"Erick Villafuerte\" \/>\n\t<meta name=\"twitter:label2\" content=\"Tiempo de lectura\" \/>\n\t<meta name=\"twitter:data2\" content=\"3 minutos\" \/>\n<script type=\"application\/ld+json\" class=\"yoast-schema-graph\">{\"@context\":\"https:\\\/\\\/schema.org\",\"@graph\":[{\"@type\":\"Article\",\"@id\":\"https:\\\/\\\/www.quebakan.com\\\/v15\\\/expo-multisectorial-2025-reunira-a-las-pymes-que-representan-el-80-de-eje-de-la-produccion-nacional\\\/#article\",\"isPartOf\":{\"@id\":\"https:\\\/\\\/www.quebakan.com\\\/v15\\\/expo-multisectorial-2025-reunira-a-las-pymes-que-representan-el-80-de-eje-de-la-produccion-nacional\\\/\"},\"author\":{\"name\":\"Erick Villafuerte\",\"@id\":\"https:\\\/\\\/www.quebakan.com\\\/v15\\\/#\\\/schema\\\/person\\\/d90fa9f9cfa81eb8ace9811e5b7b9118\"},\"headline\":\"EXPO MULTISECTORIAL 2025, reunir\u00e1 a las PYMES que representan el 80% de eje de la producci\u00f3n nacional.\",\"datePublished\":\"2025-11-12T21:25:52+00:00\",\"dateModified\":\"2025-11-13T03:24:09+00:00\",\"mainEntityOfPage\":{\"@id\":\"https:\\\/\\\/www.quebakan.com\\\/v15\\\/expo-multisectorial-2025-reunira-a-las-pymes-que-representan-el-80-de-eje-de-la-produccion-nacional\\\/\"},\"wordCount\":440,\"publisher\":{\"@id\":\"https:\\\/\\\/www.quebakan.com\\\/v15\\\/#organization\"},\"image\":{\"@id\":\"https:\\\/\\\/www.quebakan.com\\\/v15\\\/expo-multisectorial-2025-reunira-a-las-pymes-que-representan-el-80-de-eje-de-la-produccion-nacional\\\/#primaryimage\"},\"thumbnailUrl\":\"https:\\\/\\\/www.quebakan.com\\\/v15\\\/wp-content\\\/uploads\\\/2025\\\/11\\\/FOTO-EMPRESARIAL.jpg\",\"articleSection\":[\"Noticias\"],\"inLanguage\":\"es\"},{\"@type\":\"WebPage\",\"@id\":\"https:\\\/\\\/www.quebakan.com\\\/v15\\\/expo-multisectorial-2025-reunira-a-las-pymes-que-representan-el-80-de-eje-de-la-produccion-nacional\\\/\",\"url\":\"https:\\\/\\\/www.quebakan.com\\\/v15\\\/expo-multisectorial-2025-reunira-a-las-pymes-que-representan-el-80-de-eje-de-la-produccion-nacional\\\/\",\"name\":\"EXPO MULTISECTORIAL 2025, reunir\u00e1 a las PYMES que representan el 80% de eje de la producci\u00f3n nacional. &#8211; QUEBAKAN.COM 2026: Noticias, Eventos, Conciertos y mucho m\u00e1s....\",\"isPartOf\":{\"@id\":\"https:\\\/\\\/www.quebakan.com\\\/v15\\\/#website\"},\"primaryImageOfPage\":{\"@id\":\"https:\\\/\\\/www.quebakan.com\\\/v15\\\/expo-multisectorial-2025-reunira-a-las-pymes-que-representan-el-80-de-eje-de-la-produccion-nacional\\\/#primaryimage\"},\"image\":{\"@id\":\"https:\\\/\\\/www.quebakan.com\\\/v15\\\/expo-multisectorial-2025-reunira-a-las-pymes-que-representan-el-80-de-eje-de-la-produccion-nacional\\\/#primaryimage\"},\"thumbnailUrl\":\"https:\\\/\\\/www.quebakan.com\\\/v15\\\/wp-content\\\/uploads\\\/2025\\\/11\\\/FOTO-EMPRESARIAL.jpg\",\"datePublished\":\"2025-11-12T21:25:52+00:00\",\"dateModified\":\"2025-11-13T03:24:09+00:00\",\"breadcrumb\":{\"@id\":\"https:\\\/\\\/www.quebakan.com\\\/v15\\\/expo-multisectorial-2025-reunira-a-las-pymes-que-representan-el-80-de-eje-de-la-produccion-nacional\\\/#breadcrumb\"},\"inLanguage\":\"es\",\"potentialAction\":[{\"@type\":\"ReadAction\",\"target\":[\"https:\\\/\\\/www.quebakan.com\\\/v15\\\/expo-multisectorial-2025-reunira-a-las-pymes-que-representan-el-80-de-eje-de-la-produccion-nacional\\\/\"]}]},{\"@type\":\"ImageObject\",\"inLanguage\":\"es\",\"@id\":\"https:\\\/\\\/www.quebakan.com\\\/v15\\\/expo-multisectorial-2025-reunira-a-las-pymes-que-representan-el-80-de-eje-de-la-produccion-nacional\\\/#primaryimage\",\"url\":\"https:\\\/\\\/www.quebakan.com\\\/v15\\\/wp-content\\\/uploads\\\/2025\\\/11\\\/FOTO-EMPRESARIAL.jpg\",\"contentUrl\":\"https:\\\/\\\/www.quebakan.com\\\/v15\\\/wp-content\\\/uploads\\\/2025\\\/11\\\/FOTO-EMPRESARIAL.jpg\",\"width\":700,\"height\":394},{\"@type\":\"BreadcrumbList\",\"@id\":\"https:\\\/\\\/www.quebakan.com\\\/v15\\\/expo-multisectorial-2025-reunira-a-las-pymes-que-representan-el-80-de-eje-de-la-produccion-nacional\\\/#breadcrumb\",\"itemListElement\":[{\"@type\":\"ListItem\",\"position\":1,\"name\":\"Portada\",\"item\":\"https:\\\/\\\/www.quebakan.com\\\/v15\\\/\"},{\"@type\":\"ListItem\",\"position\":2,\"name\":\"EXPO MULTISECTORIAL 2025, reunir\u00e1 a las PYMES que representan el 80% de eje de la producci\u00f3n nacional.\"}]},{\"@type\":\"WebSite\",\"@id\":\"https:\\\/\\\/www.quebakan.com\\\/v15\\\/#website\",\"url\":\"https:\\\/\\\/www.quebakan.com\\\/v15\\\/\",\"name\":\"QUEBAKAN\",\"description\":\"..\",\"publisher\":{\"@id\":\"https:\\\/\\\/www.quebakan.com\\\/v15\\\/#organization\"},\"potentialAction\":[{\"@type\":\"SearchAction\",\"target\":{\"@type\":\"EntryPoint\",\"urlTemplate\":\"https:\\\/\\\/www.quebakan.com\\\/v15\\\/?s={search_term_string}\"},\"query-input\":{\"@type\":\"PropertyValueSpecification\",\"valueRequired\":true,\"valueName\":\"search_term_string\"}}],\"inLanguage\":\"es\"},{\"@type\":\"Organization\",\"@id\":\"https:\\\/\\\/www.quebakan.com\\\/v15\\\/#organization\",\"name\":\"Quebakan.com\",\"url\":\"https:\\\/\\\/www.quebakan.com\\\/v15\\\/\",\"logo\":{\"@type\":\"ImageObject\",\"inLanguage\":\"es\",\"@id\":\"https:\\\/\\\/www.quebakan.com\\\/v15\\\/#\\\/schema\\\/logo\\\/image\\\/\",\"url\":\"https:\\\/\\\/www.quebakan.com\\\/v15\\\/wp-content\\\/uploads\\\/2023\\\/07\\\/logoquebakanenero2021.jpg\",\"contentUrl\":\"https:\\\/\\\/www.quebakan.com\\\/v15\\\/wp-content\\\/uploads\\\/2023\\\/07\\\/logoquebakanenero2021.jpg\",\"width\":1920,\"height\":1080,\"caption\":\"Quebakan.com\"},\"image\":{\"@id\":\"https:\\\/\\\/www.quebakan.com\\\/v15\\\/#\\\/schema\\\/logo\\\/image\\\/\"},\"sameAs\":[\"http:\\\/\\\/www.facebook.com\\\/quebakan\",\"https:\\\/\\\/x.com\\\/quebakanec\",\"http:\\\/\\\/www.instagram.com\\\/quebakan\",\"http:\\\/\\\/www.youtube.com\\\/quebakan1\"]},{\"@type\":\"Person\",\"@id\":\"https:\\\/\\\/www.quebakan.com\\\/v15\\\/#\\\/schema\\\/person\\\/d90fa9f9cfa81eb8ace9811e5b7b9118\",\"name\":\"Erick Villafuerte\",\"image\":{\"@type\":\"ImageObject\",\"inLanguage\":\"es\",\"@id\":\"https:\\\/\\\/www.quebakan.com\\\/v15\\\/wp-content\\\/uploads\\\/avatars\\\/4\\\/1731297654-bpfull.png\",\"url\":\"https:\\\/\\\/www.quebakan.com\\\/v15\\\/wp-content\\\/uploads\\\/avatars\\\/4\\\/1731297654-bpfull.png\",\"contentUrl\":\"https:\\\/\\\/www.quebakan.com\\\/v15\\\/wp-content\\\/uploads\\\/avatars\\\/4\\\/1731297654-bpfull.png\",\"caption\":\"Erick Villafuerte\"}}]}<\/script>\n<!-- \/ Yoast SEO plugin. -->","yoast_head_json":{"title":"EXPO MULTISECTORIAL 2025, reunir\u00e1 a las PYMES que representan el 80% de eje de la producci\u00f3n nacional. &#8211; QUEBAKAN.COM 2026: Noticias, Eventos, Conciertos y mucho m\u00e1s....","robots":{"index":"index","follow":"follow","max-snippet":"max-snippet:-1","max-image-preview":"max-image-preview:large","max-video-preview":"max-video-preview:-1"},"canonical":"https:\/\/www.quebakan.com\/v15\/expo-multisectorial-2025-reunira-a-las-pymes-que-representan-el-80-de-eje-de-la-produccion-nacional\/","og_locale":"es_ES","og_type":"article","og_title":"EXPO MULTISECTORIAL 2025, reunir\u00e1 a las PYMES que representan el 80% de eje de la producci\u00f3n nacional. &#8211; QUEBAKAN.COM 2026: Noticias, Eventos, Conciertos y mucho m\u00e1s....","og_description":"De izq. a Derecha: Dr. Francisco Vergara Ortiz, presidente de CAPEIPI; \u00a0MSc. Karina Escobar directora ejecutiva CAPEIPI y Dra. Lorena Cabezas Ortiz vicepresidenta de CAPEIPI. Quito, Ecuador \u2013 12 de noviembre de 2025. La C\u00e1mara de la Peque\u00f1a y Mediana Empresa de Pichincha (CAPEIPI) anunci\u00f3 la realizaci\u00f3n de la segunda edici\u00f3n de la EXPO MULTISECTORIAL [&hellip;]","og_url":"https:\/\/www.quebakan.com\/v15\/expo-multisectorial-2025-reunira-a-las-pymes-que-representan-el-80-de-eje-de-la-produccion-nacional\/","og_site_name":"QUEBAKAN.COM 2026: Noticias, Eventos, Conciertos y mucho m\u00e1s....","article_publisher":"http:\/\/www.facebook.com\/quebakan","article_published_time":"2025-11-12T21:25:52+00:00","article_modified_time":"2025-11-13T03:24:09+00:00","og_image":[{"width":700,"height":394,"url":"https:\/\/www.quebakan.com\/v15\/wp-content\/uploads\/2025\/11\/FOTO-EMPRESARIAL.jpg","type":"image\/jpeg"}],"author":"Erick Villafuerte","twitter_card":"summary_large_image","twitter_creator":"@quebakanec","twitter_site":"@quebakanec","twitter_misc":{"Escrito por":"Erick Villafuerte","Tiempo de lectura":"3 minutos"},"schema":{"@context":"https:\/\/schema.org","@graph":[{"@type":"Article","@id":"https:\/\/www.quebakan.com\/v15\/expo-multisectorial-2025-reunira-a-las-pymes-que-representan-el-80-de-eje-de-la-produccion-nacional\/#article","isPartOf":{"@id":"https:\/\/www.quebakan.com\/v15\/expo-multisectorial-2025-reunira-a-las-pymes-que-representan-el-80-de-eje-de-la-produccion-nacional\/"},"author":{"name":"Erick Villafuerte","@id":"https:\/\/www.quebakan.com\/v15\/#\/schema\/person\/d90fa9f9cfa81eb8ace9811e5b7b9118"},"headline":"EXPO MULTISECTORIAL 2025, reunir\u00e1 a las PYMES que representan el 80% de eje de la producci\u00f3n nacional.","datePublished":"2025-11-12T21:25:52+00:00","dateModified":"2025-11-13T03:24:09+00:00","mainEntityOfPage":{"@id":"https:\/\/www.quebakan.com\/v15\/expo-multisectorial-2025-reunira-a-las-pymes-que-representan-el-80-de-eje-de-la-produccion-nacional\/"},"wordCount":440,"publisher":{"@id":"https:\/\/www.quebakan.com\/v15\/#organization"},"image":{"@id":"https:\/\/www.quebakan.com\/v15\/expo-multisectorial-2025-reunira-a-las-pymes-que-representan-el-80-de-eje-de-la-produccion-nacional\/#primaryimage"},"thumbnailUrl":"https:\/\/www.quebakan.com\/v15\/wp-content\/uploads\/2025\/11\/FOTO-EMPRESARIAL.jpg","articleSection":["Noticias"],"inLanguage":"es"},{"@type":"WebPage","@id":"https:\/\/www.quebakan.com\/v15\/expo-multisectorial-2025-reunira-a-las-pymes-que-representan-el-80-de-eje-de-la-produccion-nacional\/","url":"https:\/\/www.quebakan.com\/v15\/expo-multisectorial-2025-reunira-a-las-pymes-que-representan-el-80-de-eje-de-la-produccion-nacional\/","name":"EXPO MULTISECTORIAL 2025, reunir\u00e1 a las PYMES que representan el 80% de eje de la producci\u00f3n nacional. &#8211; QUEBAKAN.COM 2026: Noticias, Eventos, Conciertos y mucho m\u00e1s....","isPartOf":{"@id":"https:\/\/www.quebakan.com\/v15\/#website"},"primaryImageOfPage":{"@id":"https:\/\/www.quebakan.com\/v15\/expo-multisectorial-2025-reunira-a-las-pymes-que-representan-el-80-de-eje-de-la-produccion-nacional\/#primaryimage"},"image":{"@id":"https:\/\/www.quebakan.com\/v15\/expo-multisectorial-2025-reunira-a-las-pymes-que-representan-el-80-de-eje-de-la-produccion-nacional\/#primaryimage"},"thumbnailUrl":"https:\/\/www.quebakan.com\/v15\/wp-content\/uploads\/2025\/11\/FOTO-EMPRESARIAL.jpg","datePublished":"2025-11-12T21:25:52+00:00","dateModified":"2025-11-13T03:24:09+00:00","breadcrumb":{"@id":"https:\/\/www.quebakan.com\/v15\/expo-multisectorial-2025-reunira-a-las-pymes-que-representan-el-80-de-eje-de-la-produccion-nacional\/#breadcrumb"},"inLanguage":"es","potentialAction":[{"@type":"ReadAction","target":["https:\/\/www.quebakan.com\/v15\/expo-multisectorial-2025-reunira-a-las-pymes-que-representan-el-80-de-eje-de-la-produccion-nacional\/"]}]},{"@type":"ImageObject","inLanguage":"es","@id":"https:\/\/www.quebakan.com\/v15\/expo-multisectorial-2025-reunira-a-las-pymes-que-representan-el-80-de-eje-de-la-produccion-nacional\/#primaryimage","url":"https:\/\/www.quebakan.com\/v15\/wp-content\/uploads\/2025\/11\/FOTO-EMPRESARIAL.jpg","contentUrl":"https:\/\/www.quebakan.com\/v15\/wp-content\/uploads\/2025\/11\/FOTO-EMPRESARIAL.jpg","width":700,"height":394},{"@type":"BreadcrumbList","@id":"https:\/\/www.quebakan.com\/v15\/expo-multisectorial-2025-reunira-a-las-pymes-que-representan-el-80-de-eje-de-la-produccion-nacional\/#breadcrumb","itemListElement":[{"@type":"ListItem","position":1,"name":"Portada","item":"https:\/\/www.quebakan.com\/v15\/"},{"@type":"ListItem","position":2,"name":"EXPO MULTISECTORIAL 2025, reunir\u00e1 a las PYMES que representan el 80% de eje de la producci\u00f3n nacional."}]},{"@type":"WebSite","@id":"https:\/\/www.quebakan.com\/v15\/#website","url":"https:\/\/www.quebakan.com\/v15\/","name":"QUEBAKAN","description":"..","publisher":{"@id":"https:\/\/www.quebakan.com\/v15\/#organization"},"potentialAction":[{"@type":"SearchAction","target":{"@type":"EntryPoint","urlTemplate":"https:\/\/www.quebakan.com\/v15\/?s={search_term_string}"},"query-input":{"@type":"PropertyValueSpecification","valueRequired":true,"valueName":"search_term_string"}}],"inLanguage":"es"},{"@type":"Organization","@id":"https:\/\/www.quebakan.com\/v15\/#organization","name":"Quebakan.com","url":"https:\/\/www.quebakan.com\/v15\/","logo":{"@type":"ImageObject","inLanguage":"es","@id":"https:\/\/www.quebakan.com\/v15\/#\/schema\/logo\/image\/","url":"https:\/\/www.quebakan.com\/v15\/wp-content\/uploads\/2023\/07\/logoquebakanenero2021.jpg","contentUrl":"https:\/\/www.quebakan.com\/v15\/wp-content\/uploads\/2023\/07\/logoquebakanenero2021.jpg","width":1920,"height":1080,"caption":"Quebakan.com"},"image":{"@id":"https:\/\/www.quebakan.com\/v15\/#\/schema\/logo\/image\/"},"sameAs":["http:\/\/www.facebook.com\/quebakan","https:\/\/x.com\/quebakanec","http:\/\/www.instagram.com\/quebakan","http:\/\/www.youtube.com\/quebakan1"]},{"@type":"Person","@id":"https:\/\/www.quebakan.com\/v15\/#\/schema\/person\/d90fa9f9cfa81eb8ace9811e5b7b9118","name":"Erick Villafuerte","image":{"@type":"ImageObject","inLanguage":"es","@id":"https:\/\/www.quebakan.com\/v15\/wp-content\/uploads\/avatars\/4\/1731297654-bpfull.png","url":"https:\/\/www.quebakan.com\/v15\/wp-content\/uploads\/avatars\/4\/1731297654-bpfull.png","contentUrl":"https:\/\/www.quebakan.com\/v15\/wp-content\/uploads\/avatars\/4\/1731297654-bpfull.png","caption":"Erick Villafuerte"}}]}},"_links":{"self":[{"href":"https:\/\/www.quebakan.com\/v15\/wp-json\/wp\/v2\/posts\/137254","targetHints":{"allow":["GET"]}}],"collection":[{"href":"https:\/\/www.quebakan.com\/v15\/wp-json\/wp\/v2\/posts"}],"about":[{"href":"https:\/\/www.quebakan.com\/v15\/wp-json\/wp\/v2\/types\/post"}],"author":[{"embeddable":true,"href":"https:\/\/www.quebakan.com\/v15\/wp-json\/wp\/v2\/users\/4"}],"replies":[{"embeddable":true,"href":"https:\/\/www.quebakan.com\/v15\/wp-json\/wp\/v2\/comments?post=137254"}],"version-history":[{"count":2,"href":"https:\/\/www.quebakan.com\/v15\/wp-json\/wp\/v2\/posts\/137254\/revisions"}],"predecessor-version":[{"id":137274,"href":"https:\/\/www.quebakan.com\/v15\/wp-json\/wp\/v2\/posts\/137254\/revisions\/137274"}],"wp:featuredmedia":[{"embeddable":true,"href":"https:\/\/www.quebakan.com\/v15\/wp-json\/wp\/v2\/media\/137255"}],"wp:attachment":[{"href":"https:\/\/www.quebakan.com\/v15\/wp-json\/wp\/v2\/media?parent=137254"}],"wp:term":[{"taxonomy":"category","embeddable":true,"href":"https:\/\/www.quebakan.com\/v15\/wp-json\/wp\/v2\/categories?post=137254"},{"taxonomy":"post_tag","embeddable":true,"href":"https:\/\/www.quebakan.com\/v15\/wp-json\/wp\/v2\/tags?post=137254"}],"curies":[{"name":"wp","href":"https:\/\/api.w.org\/{rel}","templated":true}]}}