{"id":137336,"date":"2025-11-13T23:37:52","date_gmt":"2025-11-14T04:37:52","guid":{"rendered":"https:\/\/www.quebakan.com\/v15\/?p=137336"},"modified":"2025-11-13T23:37:52","modified_gmt":"2025-11-14T04:37:52","slug":"en-ecuador-ya-circula-el-suv-que-transforma-su-interior-y-redefine-la-forma-de-viajar","status":"publish","type":"post","link":"https:\/\/www.quebakan.com\/v15\/en-ecuador-ya-circula-el-suv-que-transforma-su-interior-y-redefine-la-forma-de-viajar\/","title":{"rendered":"EN ECUADOR YA CIRCULA EL SUV QUE TRANSFORMA SU INTERIOR Y REDEFINE LA FORMA DE VIAJAR"},"content":{"rendered":"<p><img fetchpriority=\"high\" decoding=\"async\" class=\"aligncenter size-full wp-image-137337\" src=\"https:\/\/www.quebakan.com\/v15\/wp-content\/uploads\/2025\/11\/Imagen1.jpg\" alt=\"\" width=\"700\" height=\"430\" \/><\/p>\n<p class=\"x_MsoNormal\" style=\"text-align: justify;\"><span style=\"color: #000000;\"><b>Ecuador, 27 de octubre de 2025.- <\/b>En un mundo donde las personas buscan experiencias m\u00e1s aut\u00e9nticas y productos que se adapten a su ritmo de vida, el concepto de movilidad tambi\u00e9n est\u00e1 experimentando una transformaci\u00f3n. Hoy, un veh\u00edculo no se elige solo por su potencia o dise\u00f1o, sino tambi\u00e9n por su capacidad de integrarse al d\u00eda a d\u00eda y acompa\u00f1ar diferentes momentos: desde las escapadas al aire libre hasta las pausas necesarias en medio del camino.<\/span><\/p>\n<p class=\"x_MsoNormal\" style=\"text-align: justify;\"><span style=\"color: #000000;\">En Ecuador, esta tendencia se refleja en la llegada de veh\u00edculos con interiores m\u00e1s funcionales y vers\u00e1tiles. Algunos modelos incorporan soluciones que permiten aprovechar mejor el espacio, ofreciendo atributos y accesorios que se cumplan con las expectativas del usuario. En este contexto, el BAIC BJ30 h\u00edbrido reci\u00e9n incorporado al mercado ecuatoriano con el respaldo de Automotores y Anexos S.A., destaca por incluir una\u00a0<b>superficie tipo cama y una mesa de picnic<\/b>, atributos que redefinen la experiencia de conducir y disfrutar del camino.<\/span><\/p>\n<p class=\"x_MsoNormal\" style=\"text-align: justify;\"><span style=\"color: #000000;\">Gracias a su dise\u00f1o inteligente, los asientos traseros se abaten completamente para crear un espacio amplio y confortable, donde dos personas pueden acomodarse con facilidad y disfrutar de un momento diferente, pr\u00e1ctico y vers\u00e1til.<\/span><\/p>\n<p class=\"x_MsoNormal\" style=\"text-align: justify;\"><span style=\"color: #000000;\">A ello se suma una mesa de picnic que se despliega desde la parte posterior del maletero, fabricada con materiales resistentes y de f\u00e1cil limpieza, convirti\u00e9ndose en una base estable para improvisar un picnic, disfrutar una comida o simplemente compartir una pausa frente al paisaje.<\/span><\/p>\n<p class=\"x_MsoNormal\" style=\"text-align: justify;\"><span style=\"color: #000000;\">M\u00e1s all\u00e1 de estas funciones, el BJ30 h\u00edbrido se adapta tambi\u00e9n a quienes buscan eficiencia y rendimiento sin renunciar a la emoci\u00f3n de conducir. Su tecnolog\u00eda h\u00edbrida combina un motor 1.5 turbo a gasolina con un sistema el\u00e9ctrico que, en conjunto, generan 403 HP y tracci\u00f3n 4&#215;4, brindando la potencia necesaria para desplazarse con confianza en distintos entornos: desde la ciudad hasta los caminos m\u00e1s desafiantes. Este equilibrio entre potencia y sostenibilidad responde a un estilo de vida moderno, que valora la responsabilidad ambiental.<\/span><\/p>\n<p class=\"x_MsoNormal\" style=\"text-align: justify;\"><span style=\"color: #000000;\">En materia de seguridad, el modelo incorpora airbags frontales, laterales y de cortina, frenado aut\u00f3nomo de emergencia con detecci\u00f3n de peatones (AEB-P) y control antivuelco, caracter\u00edsticas que refuerzan la idea de disfrutar con tranquilidad. As\u00ed, cada trayecto se convierte en una experiencia segura y confiable, sin importar el destino.<\/span><\/p>\n<p class=\"x_MsoNormal\" style=\"text-align: justify;\"><span style=\"color: #000000;\">El interior del BJ30 h\u00edbrido refleja una visi\u00f3n centrada en el bienestar y la conectividad. Su pantalla multimedia de 14.6\u201d, WiFi integrado, carga inal\u00e1mbrica para smartphones y techo panor\u00e1mico crean un entorno acogedor que acompa\u00f1a los distintos momentos del d\u00eda: trabajar desde cualquier lugar, conectarse con la familia o simplemente disfrutar del paisaje en silencio.<\/span><\/p>\n<p class=\"x_MsoNormal\" style=\"text-align: justify;\"><span style=\"color: #000000;\">El BAIC BJ30 h\u00edbrido responde a una tendencia global: veh\u00edculos que combinan movilidad, ocio y dise\u00f1o funcional. En un contexto donde viajar y desconectarse se ha vuelto un lujo, este modelo demuestra que la aventura puede comenzar dentro del veh\u00edculo.<\/span><\/p>\n<p><img decoding=\"async\" class=\"aligncenter size-full wp-image-137338\" src=\"https:\/\/www.quebakan.com\/v15\/wp-content\/uploads\/2025\/11\/Imagen2.jpg\" alt=\"\" width=\"700\" height=\"394\" \/><\/p>\n","protected":false},"excerpt":{"rendered":"<p>Ecuador, 27 de octubre de 2025.- En un mundo donde las personas buscan experiencias m\u00e1s aut\u00e9nticas y productos que se adapten a su ritmo de vida, el concepto de movilidad tambi\u00e9n est\u00e1 experimentando una transformaci\u00f3n. Hoy, un veh\u00edculo no se elige solo por su potencia o dise\u00f1o, sino tambi\u00e9n por su capacidad de integrarse al [&hellip;]<\/p>\n","protected":false},"author":4,"featured_media":137337,"comment_status":"closed","ping_status":"closed","sticky":false,"template":"","format":"standard","meta":{"_bbp_topic_count":0,"_bbp_reply_count":0,"_bbp_total_topic_count":0,"_bbp_total_reply_count":0,"_bbp_voice_count":0,"_bbp_anonymous_reply_count":0,"_bbp_topic_count_hidden":0,"_bbp_reply_count_hidden":0,"_bbp_forum_subforum_count":0,"buzzeditor_post_format":"","footnotes":""},"categories":[2],"tags":[],"class_list":["post-137336","post","type-post","status-publish","format-standard","has-post-thumbnail","hentry","category-noticias"],"yoast_head":"<!-- This site is optimized with the Yoast SEO plugin v27.5 - https:\/\/yoast.com\/product\/yoast-seo-wordpress\/ -->\n<title>EN ECUADOR YA CIRCULA EL SUV QUE TRANSFORMA SU INTERIOR Y REDEFINE LA FORMA DE VIAJAR &#8211; QUEBAKAN.COM 2026: Noticias, Eventos, Conciertos y mucho m\u00e1s....<\/title>\n<meta name=\"robots\" content=\"index, follow, max-snippet:-1, max-image-preview:large, max-video-preview:-1\" \/>\n<link rel=\"canonical\" href=\"https:\/\/www.quebakan.com\/v15\/en-ecuador-ya-circula-el-suv-que-transforma-su-interior-y-redefine-la-forma-de-viajar\/\" \/>\n<meta property=\"og:locale\" content=\"es_ES\" \/>\n<meta property=\"og:type\" content=\"article\" \/>\n<meta property=\"og:title\" content=\"EN ECUADOR YA CIRCULA EL SUV QUE TRANSFORMA SU INTERIOR Y REDEFINE LA FORMA DE VIAJAR &#8211; QUEBAKAN.COM 2026: Noticias, Eventos, Conciertos y mucho m\u00e1s....\" \/>\n<meta property=\"og:description\" content=\"Ecuador, 27 de octubre de 2025.- En un mundo donde las personas buscan experiencias m\u00e1s aut\u00e9nticas y productos que se adapten a su ritmo de vida, el concepto de movilidad tambi\u00e9n est\u00e1 experimentando una transformaci\u00f3n. Hoy, un veh\u00edculo no se elige solo por su potencia o dise\u00f1o, sino tambi\u00e9n por su capacidad de integrarse al [&hellip;]\" \/>\n<meta property=\"og:url\" content=\"https:\/\/www.quebakan.com\/v15\/en-ecuador-ya-circula-el-suv-que-transforma-su-interior-y-redefine-la-forma-de-viajar\/\" \/>\n<meta property=\"og:site_name\" content=\"QUEBAKAN.COM 2026: Noticias, Eventos, Conciertos y mucho m\u00e1s....\" \/>\n<meta property=\"article:publisher\" content=\"http:\/\/www.facebook.com\/quebakan\" \/>\n<meta property=\"article:published_time\" content=\"2025-11-14T04:37:52+00:00\" \/>\n<meta property=\"og:image\" content=\"https:\/\/www.quebakan.com\/v15\/wp-content\/uploads\/2025\/11\/Imagen1.jpg\" \/>\n\t<meta property=\"og:image:width\" content=\"700\" \/>\n\t<meta property=\"og:image:height\" content=\"430\" \/>\n\t<meta property=\"og:image:type\" content=\"image\/jpeg\" \/>\n<meta name=\"author\" content=\"Erick Villafuerte\" \/>\n<meta name=\"twitter:card\" content=\"summary_large_image\" \/>\n<meta name=\"twitter:creator\" content=\"@quebakanec\" \/>\n<meta name=\"twitter:site\" content=\"@quebakanec\" \/>\n<meta name=\"twitter:label1\" content=\"Escrito por\" \/>\n\t<meta name=\"twitter:data1\" content=\"Erick Villafuerte\" \/>\n\t<meta name=\"twitter:label2\" content=\"Tiempo de lectura\" \/>\n\t<meta name=\"twitter:data2\" content=\"3 minutos\" \/>\n<script type=\"application\/ld+json\" class=\"yoast-schema-graph\">{\"@context\":\"https:\\\/\\\/schema.org\",\"@graph\":[{\"@type\":\"Article\",\"@id\":\"https:\\\/\\\/www.quebakan.com\\\/v15\\\/en-ecuador-ya-circula-el-suv-que-transforma-su-interior-y-redefine-la-forma-de-viajar\\\/#article\",\"isPartOf\":{\"@id\":\"https:\\\/\\\/www.quebakan.com\\\/v15\\\/en-ecuador-ya-circula-el-suv-que-transforma-su-interior-y-redefine-la-forma-de-viajar\\\/\"},\"author\":{\"name\":\"Erick Villafuerte\",\"@id\":\"https:\\\/\\\/www.quebakan.com\\\/v15\\\/#\\\/schema\\\/person\\\/d90fa9f9cfa81eb8ace9811e5b7b9118\"},\"headline\":\"EN ECUADOR YA CIRCULA EL SUV QUE TRANSFORMA SU INTERIOR Y REDEFINE LA FORMA DE VIAJAR\",\"datePublished\":\"2025-11-14T04:37:52+00:00\",\"mainEntityOfPage\":{\"@id\":\"https:\\\/\\\/www.quebakan.com\\\/v15\\\/en-ecuador-ya-circula-el-suv-que-transforma-su-interior-y-redefine-la-forma-de-viajar\\\/\"},\"wordCount\":520,\"publisher\":{\"@id\":\"https:\\\/\\\/www.quebakan.com\\\/v15\\\/#organization\"},\"image\":{\"@id\":\"https:\\\/\\\/www.quebakan.com\\\/v15\\\/en-ecuador-ya-circula-el-suv-que-transforma-su-interior-y-redefine-la-forma-de-viajar\\\/#primaryimage\"},\"thumbnailUrl\":\"https:\\\/\\\/www.quebakan.com\\\/v15\\\/wp-content\\\/uploads\\\/2025\\\/11\\\/Imagen1.jpg\",\"articleSection\":[\"Noticias\"],\"inLanguage\":\"es\"},{\"@type\":\"WebPage\",\"@id\":\"https:\\\/\\\/www.quebakan.com\\\/v15\\\/en-ecuador-ya-circula-el-suv-que-transforma-su-interior-y-redefine-la-forma-de-viajar\\\/\",\"url\":\"https:\\\/\\\/www.quebakan.com\\\/v15\\\/en-ecuador-ya-circula-el-suv-que-transforma-su-interior-y-redefine-la-forma-de-viajar\\\/\",\"name\":\"EN ECUADOR YA CIRCULA EL SUV QUE TRANSFORMA SU INTERIOR Y REDEFINE LA FORMA DE VIAJAR &#8211; QUEBAKAN.COM 2026: Noticias, Eventos, Conciertos y mucho m\u00e1s....\",\"isPartOf\":{\"@id\":\"https:\\\/\\\/www.quebakan.com\\\/v15\\\/#website\"},\"primaryImageOfPage\":{\"@id\":\"https:\\\/\\\/www.quebakan.com\\\/v15\\\/en-ecuador-ya-circula-el-suv-que-transforma-su-interior-y-redefine-la-forma-de-viajar\\\/#primaryimage\"},\"image\":{\"@id\":\"https:\\\/\\\/www.quebakan.com\\\/v15\\\/en-ecuador-ya-circula-el-suv-que-transforma-su-interior-y-redefine-la-forma-de-viajar\\\/#primaryimage\"},\"thumbnailUrl\":\"https:\\\/\\\/www.quebakan.com\\\/v15\\\/wp-content\\\/uploads\\\/2025\\\/11\\\/Imagen1.jpg\",\"datePublished\":\"2025-11-14T04:37:52+00:00\",\"breadcrumb\":{\"@id\":\"https:\\\/\\\/www.quebakan.com\\\/v15\\\/en-ecuador-ya-circula-el-suv-que-transforma-su-interior-y-redefine-la-forma-de-viajar\\\/#breadcrumb\"},\"inLanguage\":\"es\",\"potentialAction\":[{\"@type\":\"ReadAction\",\"target\":[\"https:\\\/\\\/www.quebakan.com\\\/v15\\\/en-ecuador-ya-circula-el-suv-que-transforma-su-interior-y-redefine-la-forma-de-viajar\\\/\"]}]},{\"@type\":\"ImageObject\",\"inLanguage\":\"es\",\"@id\":\"https:\\\/\\\/www.quebakan.com\\\/v15\\\/en-ecuador-ya-circula-el-suv-que-transforma-su-interior-y-redefine-la-forma-de-viajar\\\/#primaryimage\",\"url\":\"https:\\\/\\\/www.quebakan.com\\\/v15\\\/wp-content\\\/uploads\\\/2025\\\/11\\\/Imagen1.jpg\",\"contentUrl\":\"https:\\\/\\\/www.quebakan.com\\\/v15\\\/wp-content\\\/uploads\\\/2025\\\/11\\\/Imagen1.jpg\",\"width\":700,\"height\":430},{\"@type\":\"BreadcrumbList\",\"@id\":\"https:\\\/\\\/www.quebakan.com\\\/v15\\\/en-ecuador-ya-circula-el-suv-que-transforma-su-interior-y-redefine-la-forma-de-viajar\\\/#breadcrumb\",\"itemListElement\":[{\"@type\":\"ListItem\",\"position\":1,\"name\":\"Portada\",\"item\":\"https:\\\/\\\/www.quebakan.com\\\/v15\\\/\"},{\"@type\":\"ListItem\",\"position\":2,\"name\":\"EN ECUADOR YA CIRCULA EL SUV QUE TRANSFORMA SU INTERIOR Y REDEFINE LA FORMA DE VIAJAR\"}]},{\"@type\":\"WebSite\",\"@id\":\"https:\\\/\\\/www.quebakan.com\\\/v15\\\/#website\",\"url\":\"https:\\\/\\\/www.quebakan.com\\\/v15\\\/\",\"name\":\"QUEBAKAN\",\"description\":\"..\",\"publisher\":{\"@id\":\"https:\\\/\\\/www.quebakan.com\\\/v15\\\/#organization\"},\"potentialAction\":[{\"@type\":\"SearchAction\",\"target\":{\"@type\":\"EntryPoint\",\"urlTemplate\":\"https:\\\/\\\/www.quebakan.com\\\/v15\\\/?s={search_term_string}\"},\"query-input\":{\"@type\":\"PropertyValueSpecification\",\"valueRequired\":true,\"valueName\":\"search_term_string\"}}],\"inLanguage\":\"es\"},{\"@type\":\"Organization\",\"@id\":\"https:\\\/\\\/www.quebakan.com\\\/v15\\\/#organization\",\"name\":\"Quebakan.com\",\"url\":\"https:\\\/\\\/www.quebakan.com\\\/v15\\\/\",\"logo\":{\"@type\":\"ImageObject\",\"inLanguage\":\"es\",\"@id\":\"https:\\\/\\\/www.quebakan.com\\\/v15\\\/#\\\/schema\\\/logo\\\/image\\\/\",\"url\":\"https:\\\/\\\/www.quebakan.com\\\/v15\\\/wp-content\\\/uploads\\\/2023\\\/07\\\/logoquebakanenero2021.jpg\",\"contentUrl\":\"https:\\\/\\\/www.quebakan.com\\\/v15\\\/wp-content\\\/uploads\\\/2023\\\/07\\\/logoquebakanenero2021.jpg\",\"width\":1920,\"height\":1080,\"caption\":\"Quebakan.com\"},\"image\":{\"@id\":\"https:\\\/\\\/www.quebakan.com\\\/v15\\\/#\\\/schema\\\/logo\\\/image\\\/\"},\"sameAs\":[\"http:\\\/\\\/www.facebook.com\\\/quebakan\",\"https:\\\/\\\/x.com\\\/quebakanec\",\"http:\\\/\\\/www.instagram.com\\\/quebakan\",\"http:\\\/\\\/www.youtube.com\\\/quebakan1\"]},{\"@type\":\"Person\",\"@id\":\"https:\\\/\\\/www.quebakan.com\\\/v15\\\/#\\\/schema\\\/person\\\/d90fa9f9cfa81eb8ace9811e5b7b9118\",\"name\":\"Erick Villafuerte\",\"image\":{\"@type\":\"ImageObject\",\"inLanguage\":\"es\",\"@id\":\"https:\\\/\\\/www.quebakan.com\\\/v15\\\/wp-content\\\/uploads\\\/avatars\\\/4\\\/1731297654-bpfull.png\",\"url\":\"https:\\\/\\\/www.quebakan.com\\\/v15\\\/wp-content\\\/uploads\\\/avatars\\\/4\\\/1731297654-bpfull.png\",\"contentUrl\":\"https:\\\/\\\/www.quebakan.com\\\/v15\\\/wp-content\\\/uploads\\\/avatars\\\/4\\\/1731297654-bpfull.png\",\"caption\":\"Erick Villafuerte\"}}]}<\/script>\n<!-- \/ Yoast SEO plugin. -->","yoast_head_json":{"title":"EN ECUADOR YA CIRCULA EL SUV QUE TRANSFORMA SU INTERIOR Y REDEFINE LA FORMA DE VIAJAR &#8211; QUEBAKAN.COM 2026: Noticias, Eventos, Conciertos y mucho m\u00e1s....","robots":{"index":"index","follow":"follow","max-snippet":"max-snippet:-1","max-image-preview":"max-image-preview:large","max-video-preview":"max-video-preview:-1"},"canonical":"https:\/\/www.quebakan.com\/v15\/en-ecuador-ya-circula-el-suv-que-transforma-su-interior-y-redefine-la-forma-de-viajar\/","og_locale":"es_ES","og_type":"article","og_title":"EN ECUADOR YA CIRCULA EL SUV QUE TRANSFORMA SU INTERIOR Y REDEFINE LA FORMA DE VIAJAR &#8211; QUEBAKAN.COM 2026: Noticias, Eventos, Conciertos y mucho m\u00e1s....","og_description":"Ecuador, 27 de octubre de 2025.- En un mundo donde las personas buscan experiencias m\u00e1s aut\u00e9nticas y productos que se adapten a su ritmo de vida, el concepto de movilidad tambi\u00e9n est\u00e1 experimentando una transformaci\u00f3n. Hoy, un veh\u00edculo no se elige solo por su potencia o dise\u00f1o, sino tambi\u00e9n por su capacidad de integrarse al [&hellip;]","og_url":"https:\/\/www.quebakan.com\/v15\/en-ecuador-ya-circula-el-suv-que-transforma-su-interior-y-redefine-la-forma-de-viajar\/","og_site_name":"QUEBAKAN.COM 2026: Noticias, Eventos, Conciertos y mucho m\u00e1s....","article_publisher":"http:\/\/www.facebook.com\/quebakan","article_published_time":"2025-11-14T04:37:52+00:00","og_image":[{"width":700,"height":430,"url":"https:\/\/www.quebakan.com\/v15\/wp-content\/uploads\/2025\/11\/Imagen1.jpg","type":"image\/jpeg"}],"author":"Erick Villafuerte","twitter_card":"summary_large_image","twitter_creator":"@quebakanec","twitter_site":"@quebakanec","twitter_misc":{"Escrito por":"Erick Villafuerte","Tiempo de lectura":"3 minutos"},"schema":{"@context":"https:\/\/schema.org","@graph":[{"@type":"Article","@id":"https:\/\/www.quebakan.com\/v15\/en-ecuador-ya-circula-el-suv-que-transforma-su-interior-y-redefine-la-forma-de-viajar\/#article","isPartOf":{"@id":"https:\/\/www.quebakan.com\/v15\/en-ecuador-ya-circula-el-suv-que-transforma-su-interior-y-redefine-la-forma-de-viajar\/"},"author":{"name":"Erick Villafuerte","@id":"https:\/\/www.quebakan.com\/v15\/#\/schema\/person\/d90fa9f9cfa81eb8ace9811e5b7b9118"},"headline":"EN ECUADOR YA CIRCULA EL SUV QUE TRANSFORMA SU INTERIOR Y REDEFINE LA FORMA DE VIAJAR","datePublished":"2025-11-14T04:37:52+00:00","mainEntityOfPage":{"@id":"https:\/\/www.quebakan.com\/v15\/en-ecuador-ya-circula-el-suv-que-transforma-su-interior-y-redefine-la-forma-de-viajar\/"},"wordCount":520,"publisher":{"@id":"https:\/\/www.quebakan.com\/v15\/#organization"},"image":{"@id":"https:\/\/www.quebakan.com\/v15\/en-ecuador-ya-circula-el-suv-que-transforma-su-interior-y-redefine-la-forma-de-viajar\/#primaryimage"},"thumbnailUrl":"https:\/\/www.quebakan.com\/v15\/wp-content\/uploads\/2025\/11\/Imagen1.jpg","articleSection":["Noticias"],"inLanguage":"es"},{"@type":"WebPage","@id":"https:\/\/www.quebakan.com\/v15\/en-ecuador-ya-circula-el-suv-que-transforma-su-interior-y-redefine-la-forma-de-viajar\/","url":"https:\/\/www.quebakan.com\/v15\/en-ecuador-ya-circula-el-suv-que-transforma-su-interior-y-redefine-la-forma-de-viajar\/","name":"EN ECUADOR YA CIRCULA EL SUV QUE TRANSFORMA SU INTERIOR Y REDEFINE LA FORMA DE VIAJAR &#8211; QUEBAKAN.COM 2026: Noticias, Eventos, Conciertos y mucho m\u00e1s....","isPartOf":{"@id":"https:\/\/www.quebakan.com\/v15\/#website"},"primaryImageOfPage":{"@id":"https:\/\/www.quebakan.com\/v15\/en-ecuador-ya-circula-el-suv-que-transforma-su-interior-y-redefine-la-forma-de-viajar\/#primaryimage"},"image":{"@id":"https:\/\/www.quebakan.com\/v15\/en-ecuador-ya-circula-el-suv-que-transforma-su-interior-y-redefine-la-forma-de-viajar\/#primaryimage"},"thumbnailUrl":"https:\/\/www.quebakan.com\/v15\/wp-content\/uploads\/2025\/11\/Imagen1.jpg","datePublished":"2025-11-14T04:37:52+00:00","breadcrumb":{"@id":"https:\/\/www.quebakan.com\/v15\/en-ecuador-ya-circula-el-suv-que-transforma-su-interior-y-redefine-la-forma-de-viajar\/#breadcrumb"},"inLanguage":"es","potentialAction":[{"@type":"ReadAction","target":["https:\/\/www.quebakan.com\/v15\/en-ecuador-ya-circula-el-suv-que-transforma-su-interior-y-redefine-la-forma-de-viajar\/"]}]},{"@type":"ImageObject","inLanguage":"es","@id":"https:\/\/www.quebakan.com\/v15\/en-ecuador-ya-circula-el-suv-que-transforma-su-interior-y-redefine-la-forma-de-viajar\/#primaryimage","url":"https:\/\/www.quebakan.com\/v15\/wp-content\/uploads\/2025\/11\/Imagen1.jpg","contentUrl":"https:\/\/www.quebakan.com\/v15\/wp-content\/uploads\/2025\/11\/Imagen1.jpg","width":700,"height":430},{"@type":"BreadcrumbList","@id":"https:\/\/www.quebakan.com\/v15\/en-ecuador-ya-circula-el-suv-que-transforma-su-interior-y-redefine-la-forma-de-viajar\/#breadcrumb","itemListElement":[{"@type":"ListItem","position":1,"name":"Portada","item":"https:\/\/www.quebakan.com\/v15\/"},{"@type":"ListItem","position":2,"name":"EN ECUADOR YA CIRCULA EL SUV QUE TRANSFORMA SU INTERIOR Y REDEFINE LA FORMA DE VIAJAR"}]},{"@type":"WebSite","@id":"https:\/\/www.quebakan.com\/v15\/#website","url":"https:\/\/www.quebakan.com\/v15\/","name":"QUEBAKAN","description":"..","publisher":{"@id":"https:\/\/www.quebakan.com\/v15\/#organization"},"potentialAction":[{"@type":"SearchAction","target":{"@type":"EntryPoint","urlTemplate":"https:\/\/www.quebakan.com\/v15\/?s={search_term_string}"},"query-input":{"@type":"PropertyValueSpecification","valueRequired":true,"valueName":"search_term_string"}}],"inLanguage":"es"},{"@type":"Organization","@id":"https:\/\/www.quebakan.com\/v15\/#organization","name":"Quebakan.com","url":"https:\/\/www.quebakan.com\/v15\/","logo":{"@type":"ImageObject","inLanguage":"es","@id":"https:\/\/www.quebakan.com\/v15\/#\/schema\/logo\/image\/","url":"https:\/\/www.quebakan.com\/v15\/wp-content\/uploads\/2023\/07\/logoquebakanenero2021.jpg","contentUrl":"https:\/\/www.quebakan.com\/v15\/wp-content\/uploads\/2023\/07\/logoquebakanenero2021.jpg","width":1920,"height":1080,"caption":"Quebakan.com"},"image":{"@id":"https:\/\/www.quebakan.com\/v15\/#\/schema\/logo\/image\/"},"sameAs":["http:\/\/www.facebook.com\/quebakan","https:\/\/x.com\/quebakanec","http:\/\/www.instagram.com\/quebakan","http:\/\/www.youtube.com\/quebakan1"]},{"@type":"Person","@id":"https:\/\/www.quebakan.com\/v15\/#\/schema\/person\/d90fa9f9cfa81eb8ace9811e5b7b9118","name":"Erick Villafuerte","image":{"@type":"ImageObject","inLanguage":"es","@id":"https:\/\/www.quebakan.com\/v15\/wp-content\/uploads\/avatars\/4\/1731297654-bpfull.png","url":"https:\/\/www.quebakan.com\/v15\/wp-content\/uploads\/avatars\/4\/1731297654-bpfull.png","contentUrl":"https:\/\/www.quebakan.com\/v15\/wp-content\/uploads\/avatars\/4\/1731297654-bpfull.png","caption":"Erick Villafuerte"}}]}},"_links":{"self":[{"href":"https:\/\/www.quebakan.com\/v15\/wp-json\/wp\/v2\/posts\/137336","targetHints":{"allow":["GET"]}}],"collection":[{"href":"https:\/\/www.quebakan.com\/v15\/wp-json\/wp\/v2\/posts"}],"about":[{"href":"https:\/\/www.quebakan.com\/v15\/wp-json\/wp\/v2\/types\/post"}],"author":[{"embeddable":true,"href":"https:\/\/www.quebakan.com\/v15\/wp-json\/wp\/v2\/users\/4"}],"replies":[{"embeddable":true,"href":"https:\/\/www.quebakan.com\/v15\/wp-json\/wp\/v2\/comments?post=137336"}],"version-history":[{"count":1,"href":"https:\/\/www.quebakan.com\/v15\/wp-json\/wp\/v2\/posts\/137336\/revisions"}],"predecessor-version":[{"id":137339,"href":"https:\/\/www.quebakan.com\/v15\/wp-json\/wp\/v2\/posts\/137336\/revisions\/137339"}],"wp:featuredmedia":[{"embeddable":true,"href":"https:\/\/www.quebakan.com\/v15\/wp-json\/wp\/v2\/media\/137337"}],"wp:attachment":[{"href":"https:\/\/www.quebakan.com\/v15\/wp-json\/wp\/v2\/media?parent=137336"}],"wp:term":[{"taxonomy":"category","embeddable":true,"href":"https:\/\/www.quebakan.com\/v15\/wp-json\/wp\/v2\/categories?post=137336"},{"taxonomy":"post_tag","embeddable":true,"href":"https:\/\/www.quebakan.com\/v15\/wp-json\/wp\/v2\/tags?post=137336"}],"curies":[{"name":"wp","href":"https:\/\/api.w.org\/{rel}","templated":true}]}}