{"id":137340,"date":"2025-11-13T23:47:01","date_gmt":"2025-11-14T04:47:01","guid":{"rendered":"https:\/\/www.quebakan.com\/v15\/?p=137340"},"modified":"2025-11-13T23:47:01","modified_gmt":"2025-11-14T04:47:01","slug":"caf-suscribe-prestamo-a-b-de-75-millones-con-banco-internacional-s-a-para-financiar-pymes-lideradas-por-mujeres-y-proyectos-de-sostenibilidad-ambiental-en-ecuador","status":"publish","type":"post","link":"https:\/\/www.quebakan.com\/v15\/caf-suscribe-prestamo-a-b-de-75-millones-con-banco-internacional-s-a-para-financiar-pymes-lideradas-por-mujeres-y-proyectos-de-sostenibilidad-ambiental-en-ecuador\/","title":{"rendered":"CAF suscribe pr\u00e9stamo A\/B de $ 75 millones con Banco Internacional S.A. para financiar PYMEs lideradas por mujeres y proyectos de sostenibilidad ambiental en Ecuador"},"content":{"rendered":"<p><img fetchpriority=\"high\" decoding=\"async\" class=\"aligncenter size-full wp-image-137341\" src=\"https:\/\/www.quebakan.com\/v15\/wp-content\/uploads\/2025\/11\/BI-FOTO-MATRIZ_NOCHE-2.jpg\" alt=\"\" width=\"653\" height=\"700\" \/><\/p>\n<ul>\n<li style=\"text-align: justify;\"><span style=\"color: #000000;\"><em>Esta es la tercera operaci\u00f3n A\/B realizada por CAF en instituciones financieras de Ecuador y la primera con Banco Internacional en los \u00faltimos 5 a\u00f1os. <\/em><\/span><\/li>\n<li style=\"text-align: justify;\"><span style=\"color: #000000;\"><em>La operaci\u00f3n permiti\u00f3 movilizar recursos de seis reconocidas entidades regionales e internacionales, quienes actuaron como Participantes B: Banco Continental S.A.E.C.A., Banco de Occidente (Panam\u00e1), S.A., Banco Latinoamericano de Comercio Exterior, S.A. (BLADEX), BlueOrchard Microfinance Fund, Eco.Business Fund y responsAbility; contribuyendo conjuntamente un monto total de $ 60 millones.<\/em><\/span><\/li>\n<\/ul>\n<p style=\"text-align: justify;\"><span style=\"color: #000000;\"><strong>Quito, noviembre de 2025.-<\/strong> CAF &#8211; Banco de desarrollo de Am\u00e9rica Latina y el Caribe- lider\u00f3 la estructuraci\u00f3n y sindicaci\u00f3n de un pr\u00e9stamo A\/B para Banco internacional S.A. por un monto total de $ 75 millones con el objetivo de impulsar el crecimiento inclusivo y sostenible en el sector productivo de Ecuador. Los recursos estar\u00e1n destinados principalmente a financiar PYMEs lideradas por mujeres y proyectos de sostenibilidad ambiental.<\/span><\/p>\n<p style=\"text-align: justify;\"><span style=\"color: #000000;\">La operaci\u00f3n marca un hito para Banco Internacional S.A., al tratarse de su primera participaci\u00f3n en una estructura A\/B con CAF. Adem\u00e1s, reafirma el compromiso de CAF con la movilizaci\u00f3n de capital privado, al lograr atraer $ 60 millones de seis entidades financieras internacionales, alcanzando una ratio de movilizaci\u00f3n de 4:1.<\/span><\/p>\n<p style=\"text-align: justify;\"><span style=\"color: #000000;\">Este financiamiento se enmarca en la estrategia de CAF de promover iniciativas que generen empleo, fortalezcan la producci\u00f3n sostenible y mejoren la competitividad de las PYMEs, as\u00ed como el desarrollo de proyectos verdes con alto impacto. En particular, se priorizar\u00e1 el apoyo a PYMEs lideradas por mujeres, con el fin de ampliar sus oportunidades de crecimiento, fomentar su autonom\u00eda econ\u00f3mica y cerrar brechas estructurales.<\/span><\/p>\n<p style=\"text-align: justify;\"><span style=\"color: #000000;\">La alianza entre CAF y Banco Internacional S.A. evidencia una visi\u00f3n compartida de desarrollo inclusivo y sostenible, que busca fortalecer la resiliencia econ\u00f3mica del Ecuador mediante el acceso al cr\u00e9dito para sectores cr\u00edticos, entre los cuales destacan las PYMEs y los proyectos relacionados a negocios verdes.<\/span><\/p>\n<p style=\"text-align: justify;\"><span style=\"color: #000000;\"><em>Antonio Silveira, Vicepresidente de Sector Privado de CAF, afirm\u00f3 \u201cEsta operaci\u00f3n refleja el compromiso de CAF con el fortalecimiento de las PYMEs como motor clave del desarrollo econ\u00f3mico. Al canalizar recursos hacia empresas lideradas por mujeres y proyectos verdes, demostramos que es posible promover simult\u00e1neamente la inclusi\u00f3n social y la sostenibilidad ambiental. Adem\u00e1s, la incorporaci\u00f3n de seis aliados financieros internacionales subraya el impulso a la movilizaci\u00f3n de capital privado hacia sectores estrat\u00e9gicos, ampliando el impacto de nuestras acciones en Ecuador.\u201d.<\/em><\/span><\/p>\n<p style=\"text-align: justify;\"><span style=\"color: #000000;\"><em>Por su parte, Francisco Naranjo Mart\u00ednez, Presidente Ejecutivo de Banco Internacional, destac\u00f3: \u201cPara Banco Internacional es importante mantener nuestra posici\u00f3n de liderazgo en el financiamiento del sector productivo aportando nuestra experiencia, solidez, calidad y compromiso ambiental al momento de invertir en el sector empresarial ecuatoriano. Adem\u00e1s, nos permitir\u00e1 seguir contribuyendo al desarrollo econ\u00f3mico del pa\u00eds, penetrando en el segmento Pymes\u201d.<\/em><\/span><\/p>\n<p style=\"text-align: justify;\"><span style=\"color: #000000;\">Banco Internacional evoluciona permanentemente para marcar una diferencia en el sector financiero ecuatoriano al destinar m\u00e1s del 80% de su cartera crediticia al sector comercial \/ empresarial.<\/span><\/p>\n<p style=\"text-align: justify;\"><span style=\"color: #000000;\">En definitiva, esta operaci\u00f3n representa una alianza estrat\u00e9gica entre CAF y el sector financiero privado, destacando el potencial de las estructuras A\/B para ampliar el acceso a financiamiento y canalizar recursos hacia proyectos con alto impacto social y ambiental.<\/span><\/p>\n","protected":false},"excerpt":{"rendered":"<p>Esta es la tercera operaci\u00f3n A\/B realizada por CAF en instituciones financieras de Ecuador y la primera con Banco Internacional en los \u00faltimos 5 a\u00f1os. La operaci\u00f3n permiti\u00f3 movilizar recursos de seis reconocidas entidades regionales e internacionales, quienes actuaron como Participantes B: Banco Continental S.A.E.C.A., Banco de Occidente (Panam\u00e1), S.A., Banco Latinoamericano de Comercio Exterior, [&hellip;]<\/p>\n","protected":false},"author":4,"featured_media":137341,"comment_status":"closed","ping_status":"closed","sticky":false,"template":"","format":"standard","meta":{"_bbp_topic_count":0,"_bbp_reply_count":0,"_bbp_total_topic_count":0,"_bbp_total_reply_count":0,"_bbp_voice_count":0,"_bbp_anonymous_reply_count":0,"_bbp_topic_count_hidden":0,"_bbp_reply_count_hidden":0,"_bbp_forum_subforum_count":0,"buzzeditor_post_format":"","footnotes":""},"categories":[2],"tags":[],"class_list":["post-137340","post","type-post","status-publish","format-standard","has-post-thumbnail","hentry","category-noticias"],"yoast_head":"<!-- This site is optimized with the Yoast SEO plugin v27.5 - https:\/\/yoast.com\/product\/yoast-seo-wordpress\/ -->\n<title>CAF suscribe pr\u00e9stamo A\/B de $ 75 millones con Banco Internacional S.A. para financiar PYMEs lideradas por mujeres y proyectos de sostenibilidad ambiental en Ecuador &#8211; QUEBAKAN.COM 2026: Noticias, Eventos, Conciertos y mucho m\u00e1s....<\/title>\n<meta name=\"robots\" content=\"index, follow, max-snippet:-1, max-image-preview:large, max-video-preview:-1\" \/>\n<link rel=\"canonical\" href=\"https:\/\/www.quebakan.com\/v15\/caf-suscribe-prestamo-a-b-de-75-millones-con-banco-internacional-s-a-para-financiar-pymes-lideradas-por-mujeres-y-proyectos-de-sostenibilidad-ambiental-en-ecuador\/\" \/>\n<meta property=\"og:locale\" content=\"es_ES\" \/>\n<meta property=\"og:type\" content=\"article\" \/>\n<meta property=\"og:title\" content=\"CAF suscribe pr\u00e9stamo A\/B de $ 75 millones con Banco Internacional S.A. para financiar PYMEs lideradas por mujeres y proyectos de sostenibilidad ambiental en Ecuador &#8211; QUEBAKAN.COM 2026: Noticias, Eventos, Conciertos y mucho m\u00e1s....\" \/>\n<meta property=\"og:description\" content=\"Esta es la tercera operaci\u00f3n A\/B realizada por CAF en instituciones financieras de Ecuador y la primera con Banco Internacional en los \u00faltimos 5 a\u00f1os. La operaci\u00f3n permiti\u00f3 movilizar recursos de seis reconocidas entidades regionales e internacionales, quienes actuaron como Participantes B: Banco Continental S.A.E.C.A., Banco de Occidente (Panam\u00e1), S.A., Banco Latinoamericano de Comercio Exterior, [&hellip;]\" \/>\n<meta property=\"og:url\" content=\"https:\/\/www.quebakan.com\/v15\/caf-suscribe-prestamo-a-b-de-75-millones-con-banco-internacional-s-a-para-financiar-pymes-lideradas-por-mujeres-y-proyectos-de-sostenibilidad-ambiental-en-ecuador\/\" \/>\n<meta property=\"og:site_name\" content=\"QUEBAKAN.COM 2026: Noticias, Eventos, Conciertos y mucho m\u00e1s....\" \/>\n<meta property=\"article:publisher\" content=\"http:\/\/www.facebook.com\/quebakan\" \/>\n<meta property=\"article:published_time\" content=\"2025-11-14T04:47:01+00:00\" \/>\n<meta property=\"og:image\" content=\"https:\/\/www.quebakan.com\/v15\/wp-content\/uploads\/2025\/11\/BI-FOTO-MATRIZ_NOCHE-2.jpg\" \/>\n\t<meta property=\"og:image:width\" content=\"653\" \/>\n\t<meta property=\"og:image:height\" content=\"700\" \/>\n\t<meta property=\"og:image:type\" content=\"image\/jpeg\" \/>\n<meta name=\"author\" content=\"Erick Villafuerte\" \/>\n<meta name=\"twitter:card\" content=\"summary_large_image\" \/>\n<meta name=\"twitter:creator\" content=\"@quebakanec\" \/>\n<meta name=\"twitter:site\" content=\"@quebakanec\" \/>\n<meta name=\"twitter:label1\" content=\"Escrito por\" \/>\n\t<meta name=\"twitter:data1\" content=\"Erick Villafuerte\" \/>\n\t<meta name=\"twitter:label2\" content=\"Tiempo de lectura\" \/>\n\t<meta name=\"twitter:data2\" content=\"3 minutos\" \/>\n<script type=\"application\/ld+json\" class=\"yoast-schema-graph\">{\"@context\":\"https:\\\/\\\/schema.org\",\"@graph\":[{\"@type\":\"Article\",\"@id\":\"https:\\\/\\\/www.quebakan.com\\\/v15\\\/caf-suscribe-prestamo-a-b-de-75-millones-con-banco-internacional-s-a-para-financiar-pymes-lideradas-por-mujeres-y-proyectos-de-sostenibilidad-ambiental-en-ecuador\\\/#article\",\"isPartOf\":{\"@id\":\"https:\\\/\\\/www.quebakan.com\\\/v15\\\/caf-suscribe-prestamo-a-b-de-75-millones-con-banco-internacional-s-a-para-financiar-pymes-lideradas-por-mujeres-y-proyectos-de-sostenibilidad-ambiental-en-ecuador\\\/\"},\"author\":{\"name\":\"Erick Villafuerte\",\"@id\":\"https:\\\/\\\/www.quebakan.com\\\/v15\\\/#\\\/schema\\\/person\\\/d90fa9f9cfa81eb8ace9811e5b7b9118\"},\"headline\":\"CAF suscribe pr\u00e9stamo A\\\/B de $ 75 millones con Banco Internacional S.A. para financiar PYMEs lideradas por mujeres y proyectos de sostenibilidad ambiental en Ecuador\",\"datePublished\":\"2025-11-14T04:47:01+00:00\",\"mainEntityOfPage\":{\"@id\":\"https:\\\/\\\/www.quebakan.com\\\/v15\\\/caf-suscribe-prestamo-a-b-de-75-millones-con-banco-internacional-s-a-para-financiar-pymes-lideradas-por-mujeres-y-proyectos-de-sostenibilidad-ambiental-en-ecuador\\\/\"},\"wordCount\":574,\"publisher\":{\"@id\":\"https:\\\/\\\/www.quebakan.com\\\/v15\\\/#organization\"},\"image\":{\"@id\":\"https:\\\/\\\/www.quebakan.com\\\/v15\\\/caf-suscribe-prestamo-a-b-de-75-millones-con-banco-internacional-s-a-para-financiar-pymes-lideradas-por-mujeres-y-proyectos-de-sostenibilidad-ambiental-en-ecuador\\\/#primaryimage\"},\"thumbnailUrl\":\"https:\\\/\\\/www.quebakan.com\\\/v15\\\/wp-content\\\/uploads\\\/2025\\\/11\\\/BI-FOTO-MATRIZ_NOCHE-2.jpg\",\"articleSection\":[\"Noticias\"],\"inLanguage\":\"es\"},{\"@type\":\"WebPage\",\"@id\":\"https:\\\/\\\/www.quebakan.com\\\/v15\\\/caf-suscribe-prestamo-a-b-de-75-millones-con-banco-internacional-s-a-para-financiar-pymes-lideradas-por-mujeres-y-proyectos-de-sostenibilidad-ambiental-en-ecuador\\\/\",\"url\":\"https:\\\/\\\/www.quebakan.com\\\/v15\\\/caf-suscribe-prestamo-a-b-de-75-millones-con-banco-internacional-s-a-para-financiar-pymes-lideradas-por-mujeres-y-proyectos-de-sostenibilidad-ambiental-en-ecuador\\\/\",\"name\":\"CAF suscribe pr\u00e9stamo A\\\/B de $ 75 millones con Banco Internacional S.A. para financiar PYMEs lideradas por mujeres y proyectos de sostenibilidad ambiental en Ecuador &#8211; QUEBAKAN.COM 2026: Noticias, Eventos, Conciertos y mucho m\u00e1s....\",\"isPartOf\":{\"@id\":\"https:\\\/\\\/www.quebakan.com\\\/v15\\\/#website\"},\"primaryImageOfPage\":{\"@id\":\"https:\\\/\\\/www.quebakan.com\\\/v15\\\/caf-suscribe-prestamo-a-b-de-75-millones-con-banco-internacional-s-a-para-financiar-pymes-lideradas-por-mujeres-y-proyectos-de-sostenibilidad-ambiental-en-ecuador\\\/#primaryimage\"},\"image\":{\"@id\":\"https:\\\/\\\/www.quebakan.com\\\/v15\\\/caf-suscribe-prestamo-a-b-de-75-millones-con-banco-internacional-s-a-para-financiar-pymes-lideradas-por-mujeres-y-proyectos-de-sostenibilidad-ambiental-en-ecuador\\\/#primaryimage\"},\"thumbnailUrl\":\"https:\\\/\\\/www.quebakan.com\\\/v15\\\/wp-content\\\/uploads\\\/2025\\\/11\\\/BI-FOTO-MATRIZ_NOCHE-2.jpg\",\"datePublished\":\"2025-11-14T04:47:01+00:00\",\"breadcrumb\":{\"@id\":\"https:\\\/\\\/www.quebakan.com\\\/v15\\\/caf-suscribe-prestamo-a-b-de-75-millones-con-banco-internacional-s-a-para-financiar-pymes-lideradas-por-mujeres-y-proyectos-de-sostenibilidad-ambiental-en-ecuador\\\/#breadcrumb\"},\"inLanguage\":\"es\",\"potentialAction\":[{\"@type\":\"ReadAction\",\"target\":[\"https:\\\/\\\/www.quebakan.com\\\/v15\\\/caf-suscribe-prestamo-a-b-de-75-millones-con-banco-internacional-s-a-para-financiar-pymes-lideradas-por-mujeres-y-proyectos-de-sostenibilidad-ambiental-en-ecuador\\\/\"]}]},{\"@type\":\"ImageObject\",\"inLanguage\":\"es\",\"@id\":\"https:\\\/\\\/www.quebakan.com\\\/v15\\\/caf-suscribe-prestamo-a-b-de-75-millones-con-banco-internacional-s-a-para-financiar-pymes-lideradas-por-mujeres-y-proyectos-de-sostenibilidad-ambiental-en-ecuador\\\/#primaryimage\",\"url\":\"https:\\\/\\\/www.quebakan.com\\\/v15\\\/wp-content\\\/uploads\\\/2025\\\/11\\\/BI-FOTO-MATRIZ_NOCHE-2.jpg\",\"contentUrl\":\"https:\\\/\\\/www.quebakan.com\\\/v15\\\/wp-content\\\/uploads\\\/2025\\\/11\\\/BI-FOTO-MATRIZ_NOCHE-2.jpg\",\"width\":653,\"height\":700},{\"@type\":\"BreadcrumbList\",\"@id\":\"https:\\\/\\\/www.quebakan.com\\\/v15\\\/caf-suscribe-prestamo-a-b-de-75-millones-con-banco-internacional-s-a-para-financiar-pymes-lideradas-por-mujeres-y-proyectos-de-sostenibilidad-ambiental-en-ecuador\\\/#breadcrumb\",\"itemListElement\":[{\"@type\":\"ListItem\",\"position\":1,\"name\":\"Portada\",\"item\":\"https:\\\/\\\/www.quebakan.com\\\/v15\\\/\"},{\"@type\":\"ListItem\",\"position\":2,\"name\":\"CAF suscribe pr\u00e9stamo A\\\/B de $ 75 millones con Banco Internacional S.A. para financiar PYMEs lideradas por mujeres y proyectos de sostenibilidad ambiental en Ecuador\"}]},{\"@type\":\"WebSite\",\"@id\":\"https:\\\/\\\/www.quebakan.com\\\/v15\\\/#website\",\"url\":\"https:\\\/\\\/www.quebakan.com\\\/v15\\\/\",\"name\":\"QUEBAKAN\",\"description\":\"..\",\"publisher\":{\"@id\":\"https:\\\/\\\/www.quebakan.com\\\/v15\\\/#organization\"},\"potentialAction\":[{\"@type\":\"SearchAction\",\"target\":{\"@type\":\"EntryPoint\",\"urlTemplate\":\"https:\\\/\\\/www.quebakan.com\\\/v15\\\/?s={search_term_string}\"},\"query-input\":{\"@type\":\"PropertyValueSpecification\",\"valueRequired\":true,\"valueName\":\"search_term_string\"}}],\"inLanguage\":\"es\"},{\"@type\":\"Organization\",\"@id\":\"https:\\\/\\\/www.quebakan.com\\\/v15\\\/#organization\",\"name\":\"Quebakan.com\",\"url\":\"https:\\\/\\\/www.quebakan.com\\\/v15\\\/\",\"logo\":{\"@type\":\"ImageObject\",\"inLanguage\":\"es\",\"@id\":\"https:\\\/\\\/www.quebakan.com\\\/v15\\\/#\\\/schema\\\/logo\\\/image\\\/\",\"url\":\"https:\\\/\\\/www.quebakan.com\\\/v15\\\/wp-content\\\/uploads\\\/2023\\\/07\\\/logoquebakanenero2021.jpg\",\"contentUrl\":\"https:\\\/\\\/www.quebakan.com\\\/v15\\\/wp-content\\\/uploads\\\/2023\\\/07\\\/logoquebakanenero2021.jpg\",\"width\":1920,\"height\":1080,\"caption\":\"Quebakan.com\"},\"image\":{\"@id\":\"https:\\\/\\\/www.quebakan.com\\\/v15\\\/#\\\/schema\\\/logo\\\/image\\\/\"},\"sameAs\":[\"http:\\\/\\\/www.facebook.com\\\/quebakan\",\"https:\\\/\\\/x.com\\\/quebakanec\",\"http:\\\/\\\/www.instagram.com\\\/quebakan\",\"http:\\\/\\\/www.youtube.com\\\/quebakan1\"]},{\"@type\":\"Person\",\"@id\":\"https:\\\/\\\/www.quebakan.com\\\/v15\\\/#\\\/schema\\\/person\\\/d90fa9f9cfa81eb8ace9811e5b7b9118\",\"name\":\"Erick Villafuerte\",\"image\":{\"@type\":\"ImageObject\",\"inLanguage\":\"es\",\"@id\":\"https:\\\/\\\/www.quebakan.com\\\/v15\\\/wp-content\\\/uploads\\\/avatars\\\/4\\\/1731297654-bpfull.png\",\"url\":\"https:\\\/\\\/www.quebakan.com\\\/v15\\\/wp-content\\\/uploads\\\/avatars\\\/4\\\/1731297654-bpfull.png\",\"contentUrl\":\"https:\\\/\\\/www.quebakan.com\\\/v15\\\/wp-content\\\/uploads\\\/avatars\\\/4\\\/1731297654-bpfull.png\",\"caption\":\"Erick Villafuerte\"}}]}<\/script>\n<!-- \/ Yoast SEO plugin. -->","yoast_head_json":{"title":"CAF suscribe pr\u00e9stamo A\/B de $ 75 millones con Banco Internacional S.A. para financiar PYMEs lideradas por mujeres y proyectos de sostenibilidad ambiental en Ecuador &#8211; QUEBAKAN.COM 2026: Noticias, Eventos, Conciertos y mucho m\u00e1s....","robots":{"index":"index","follow":"follow","max-snippet":"max-snippet:-1","max-image-preview":"max-image-preview:large","max-video-preview":"max-video-preview:-1"},"canonical":"https:\/\/www.quebakan.com\/v15\/caf-suscribe-prestamo-a-b-de-75-millones-con-banco-internacional-s-a-para-financiar-pymes-lideradas-por-mujeres-y-proyectos-de-sostenibilidad-ambiental-en-ecuador\/","og_locale":"es_ES","og_type":"article","og_title":"CAF suscribe pr\u00e9stamo A\/B de $ 75 millones con Banco Internacional S.A. para financiar PYMEs lideradas por mujeres y proyectos de sostenibilidad ambiental en Ecuador &#8211; QUEBAKAN.COM 2026: Noticias, Eventos, Conciertos y mucho m\u00e1s....","og_description":"Esta es la tercera operaci\u00f3n A\/B realizada por CAF en instituciones financieras de Ecuador y la primera con Banco Internacional en los \u00faltimos 5 a\u00f1os. La operaci\u00f3n permiti\u00f3 movilizar recursos de seis reconocidas entidades regionales e internacionales, quienes actuaron como Participantes B: Banco Continental S.A.E.C.A., Banco de Occidente (Panam\u00e1), S.A., Banco Latinoamericano de Comercio Exterior, [&hellip;]","og_url":"https:\/\/www.quebakan.com\/v15\/caf-suscribe-prestamo-a-b-de-75-millones-con-banco-internacional-s-a-para-financiar-pymes-lideradas-por-mujeres-y-proyectos-de-sostenibilidad-ambiental-en-ecuador\/","og_site_name":"QUEBAKAN.COM 2026: Noticias, Eventos, Conciertos y mucho m\u00e1s....","article_publisher":"http:\/\/www.facebook.com\/quebakan","article_published_time":"2025-11-14T04:47:01+00:00","og_image":[{"width":653,"height":700,"url":"https:\/\/www.quebakan.com\/v15\/wp-content\/uploads\/2025\/11\/BI-FOTO-MATRIZ_NOCHE-2.jpg","type":"image\/jpeg"}],"author":"Erick Villafuerte","twitter_card":"summary_large_image","twitter_creator":"@quebakanec","twitter_site":"@quebakanec","twitter_misc":{"Escrito por":"Erick Villafuerte","Tiempo de lectura":"3 minutos"},"schema":{"@context":"https:\/\/schema.org","@graph":[{"@type":"Article","@id":"https:\/\/www.quebakan.com\/v15\/caf-suscribe-prestamo-a-b-de-75-millones-con-banco-internacional-s-a-para-financiar-pymes-lideradas-por-mujeres-y-proyectos-de-sostenibilidad-ambiental-en-ecuador\/#article","isPartOf":{"@id":"https:\/\/www.quebakan.com\/v15\/caf-suscribe-prestamo-a-b-de-75-millones-con-banco-internacional-s-a-para-financiar-pymes-lideradas-por-mujeres-y-proyectos-de-sostenibilidad-ambiental-en-ecuador\/"},"author":{"name":"Erick Villafuerte","@id":"https:\/\/www.quebakan.com\/v15\/#\/schema\/person\/d90fa9f9cfa81eb8ace9811e5b7b9118"},"headline":"CAF suscribe pr\u00e9stamo A\/B de $ 75 millones con Banco Internacional S.A. para financiar PYMEs lideradas por mujeres y proyectos de sostenibilidad ambiental en Ecuador","datePublished":"2025-11-14T04:47:01+00:00","mainEntityOfPage":{"@id":"https:\/\/www.quebakan.com\/v15\/caf-suscribe-prestamo-a-b-de-75-millones-con-banco-internacional-s-a-para-financiar-pymes-lideradas-por-mujeres-y-proyectos-de-sostenibilidad-ambiental-en-ecuador\/"},"wordCount":574,"publisher":{"@id":"https:\/\/www.quebakan.com\/v15\/#organization"},"image":{"@id":"https:\/\/www.quebakan.com\/v15\/caf-suscribe-prestamo-a-b-de-75-millones-con-banco-internacional-s-a-para-financiar-pymes-lideradas-por-mujeres-y-proyectos-de-sostenibilidad-ambiental-en-ecuador\/#primaryimage"},"thumbnailUrl":"https:\/\/www.quebakan.com\/v15\/wp-content\/uploads\/2025\/11\/BI-FOTO-MATRIZ_NOCHE-2.jpg","articleSection":["Noticias"],"inLanguage":"es"},{"@type":"WebPage","@id":"https:\/\/www.quebakan.com\/v15\/caf-suscribe-prestamo-a-b-de-75-millones-con-banco-internacional-s-a-para-financiar-pymes-lideradas-por-mujeres-y-proyectos-de-sostenibilidad-ambiental-en-ecuador\/","url":"https:\/\/www.quebakan.com\/v15\/caf-suscribe-prestamo-a-b-de-75-millones-con-banco-internacional-s-a-para-financiar-pymes-lideradas-por-mujeres-y-proyectos-de-sostenibilidad-ambiental-en-ecuador\/","name":"CAF suscribe pr\u00e9stamo A\/B de $ 75 millones con Banco Internacional S.A. para financiar PYMEs lideradas por mujeres y proyectos de sostenibilidad ambiental en Ecuador &#8211; QUEBAKAN.COM 2026: Noticias, Eventos, Conciertos y mucho m\u00e1s....","isPartOf":{"@id":"https:\/\/www.quebakan.com\/v15\/#website"},"primaryImageOfPage":{"@id":"https:\/\/www.quebakan.com\/v15\/caf-suscribe-prestamo-a-b-de-75-millones-con-banco-internacional-s-a-para-financiar-pymes-lideradas-por-mujeres-y-proyectos-de-sostenibilidad-ambiental-en-ecuador\/#primaryimage"},"image":{"@id":"https:\/\/www.quebakan.com\/v15\/caf-suscribe-prestamo-a-b-de-75-millones-con-banco-internacional-s-a-para-financiar-pymes-lideradas-por-mujeres-y-proyectos-de-sostenibilidad-ambiental-en-ecuador\/#primaryimage"},"thumbnailUrl":"https:\/\/www.quebakan.com\/v15\/wp-content\/uploads\/2025\/11\/BI-FOTO-MATRIZ_NOCHE-2.jpg","datePublished":"2025-11-14T04:47:01+00:00","breadcrumb":{"@id":"https:\/\/www.quebakan.com\/v15\/caf-suscribe-prestamo-a-b-de-75-millones-con-banco-internacional-s-a-para-financiar-pymes-lideradas-por-mujeres-y-proyectos-de-sostenibilidad-ambiental-en-ecuador\/#breadcrumb"},"inLanguage":"es","potentialAction":[{"@type":"ReadAction","target":["https:\/\/www.quebakan.com\/v15\/caf-suscribe-prestamo-a-b-de-75-millones-con-banco-internacional-s-a-para-financiar-pymes-lideradas-por-mujeres-y-proyectos-de-sostenibilidad-ambiental-en-ecuador\/"]}]},{"@type":"ImageObject","inLanguage":"es","@id":"https:\/\/www.quebakan.com\/v15\/caf-suscribe-prestamo-a-b-de-75-millones-con-banco-internacional-s-a-para-financiar-pymes-lideradas-por-mujeres-y-proyectos-de-sostenibilidad-ambiental-en-ecuador\/#primaryimage","url":"https:\/\/www.quebakan.com\/v15\/wp-content\/uploads\/2025\/11\/BI-FOTO-MATRIZ_NOCHE-2.jpg","contentUrl":"https:\/\/www.quebakan.com\/v15\/wp-content\/uploads\/2025\/11\/BI-FOTO-MATRIZ_NOCHE-2.jpg","width":653,"height":700},{"@type":"BreadcrumbList","@id":"https:\/\/www.quebakan.com\/v15\/caf-suscribe-prestamo-a-b-de-75-millones-con-banco-internacional-s-a-para-financiar-pymes-lideradas-por-mujeres-y-proyectos-de-sostenibilidad-ambiental-en-ecuador\/#breadcrumb","itemListElement":[{"@type":"ListItem","position":1,"name":"Portada","item":"https:\/\/www.quebakan.com\/v15\/"},{"@type":"ListItem","position":2,"name":"CAF suscribe pr\u00e9stamo A\/B de $ 75 millones con Banco Internacional S.A. para financiar PYMEs lideradas por mujeres y proyectos de sostenibilidad ambiental en Ecuador"}]},{"@type":"WebSite","@id":"https:\/\/www.quebakan.com\/v15\/#website","url":"https:\/\/www.quebakan.com\/v15\/","name":"QUEBAKAN","description":"..","publisher":{"@id":"https:\/\/www.quebakan.com\/v15\/#organization"},"potentialAction":[{"@type":"SearchAction","target":{"@type":"EntryPoint","urlTemplate":"https:\/\/www.quebakan.com\/v15\/?s={search_term_string}"},"query-input":{"@type":"PropertyValueSpecification","valueRequired":true,"valueName":"search_term_string"}}],"inLanguage":"es"},{"@type":"Organization","@id":"https:\/\/www.quebakan.com\/v15\/#organization","name":"Quebakan.com","url":"https:\/\/www.quebakan.com\/v15\/","logo":{"@type":"ImageObject","inLanguage":"es","@id":"https:\/\/www.quebakan.com\/v15\/#\/schema\/logo\/image\/","url":"https:\/\/www.quebakan.com\/v15\/wp-content\/uploads\/2023\/07\/logoquebakanenero2021.jpg","contentUrl":"https:\/\/www.quebakan.com\/v15\/wp-content\/uploads\/2023\/07\/logoquebakanenero2021.jpg","width":1920,"height":1080,"caption":"Quebakan.com"},"image":{"@id":"https:\/\/www.quebakan.com\/v15\/#\/schema\/logo\/image\/"},"sameAs":["http:\/\/www.facebook.com\/quebakan","https:\/\/x.com\/quebakanec","http:\/\/www.instagram.com\/quebakan","http:\/\/www.youtube.com\/quebakan1"]},{"@type":"Person","@id":"https:\/\/www.quebakan.com\/v15\/#\/schema\/person\/d90fa9f9cfa81eb8ace9811e5b7b9118","name":"Erick Villafuerte","image":{"@type":"ImageObject","inLanguage":"es","@id":"https:\/\/www.quebakan.com\/v15\/wp-content\/uploads\/avatars\/4\/1731297654-bpfull.png","url":"https:\/\/www.quebakan.com\/v15\/wp-content\/uploads\/avatars\/4\/1731297654-bpfull.png","contentUrl":"https:\/\/www.quebakan.com\/v15\/wp-content\/uploads\/avatars\/4\/1731297654-bpfull.png","caption":"Erick Villafuerte"}}]}},"_links":{"self":[{"href":"https:\/\/www.quebakan.com\/v15\/wp-json\/wp\/v2\/posts\/137340","targetHints":{"allow":["GET"]}}],"collection":[{"href":"https:\/\/www.quebakan.com\/v15\/wp-json\/wp\/v2\/posts"}],"about":[{"href":"https:\/\/www.quebakan.com\/v15\/wp-json\/wp\/v2\/types\/post"}],"author":[{"embeddable":true,"href":"https:\/\/www.quebakan.com\/v15\/wp-json\/wp\/v2\/users\/4"}],"replies":[{"embeddable":true,"href":"https:\/\/www.quebakan.com\/v15\/wp-json\/wp\/v2\/comments?post=137340"}],"version-history":[{"count":1,"href":"https:\/\/www.quebakan.com\/v15\/wp-json\/wp\/v2\/posts\/137340\/revisions"}],"predecessor-version":[{"id":137342,"href":"https:\/\/www.quebakan.com\/v15\/wp-json\/wp\/v2\/posts\/137340\/revisions\/137342"}],"wp:featuredmedia":[{"embeddable":true,"href":"https:\/\/www.quebakan.com\/v15\/wp-json\/wp\/v2\/media\/137341"}],"wp:attachment":[{"href":"https:\/\/www.quebakan.com\/v15\/wp-json\/wp\/v2\/media?parent=137340"}],"wp:term":[{"taxonomy":"category","embeddable":true,"href":"https:\/\/www.quebakan.com\/v15\/wp-json\/wp\/v2\/categories?post=137340"},{"taxonomy":"post_tag","embeddable":true,"href":"https:\/\/www.quebakan.com\/v15\/wp-json\/wp\/v2\/tags?post=137340"}],"curies":[{"name":"wp","href":"https:\/\/api.w.org\/{rel}","templated":true}]}}