{"id":137346,"date":"2025-11-13T23:59:56","date_gmt":"2025-11-14T04:59:56","guid":{"rendered":"https:\/\/www.quebakan.com\/v15\/?p=137346"},"modified":"2025-11-13T23:59:56","modified_gmt":"2025-11-14T04:59:56","slug":"el-documental-ecuatoriano-eco-de-luz-redefine-las-representaciones-de-lo-masculino-en-el-cine-latinoamericano","status":"publish","type":"post","link":"https:\/\/www.quebakan.com\/v15\/el-documental-ecuatoriano-eco-de-luz-redefine-las-representaciones-de-lo-masculino-en-el-cine-latinoamericano\/","title":{"rendered":"El documental ecuatoriano ECO DE LUZ redefine las representaciones de lo masculino en el cine latinoamericano"},"content":{"rendered":"<p><img decoding=\"async\" class=\"aligncenter size-full wp-image-137347\" src=\"https:\/\/www.quebakan.com\/v15\/wp-content\/uploads\/2025\/11\/ecodeluz.jpg\" alt=\"\" width=\"242\" height=\"122\" \/><\/p>\n<p style=\"text-align: justify;\"><span style=\"color: #000000;\"><strong data-olk-copy-source=\"MessageBody\">Quito, 12 de noviembre de 2025.<\/strong>&#8211; Hoy, en el Cine Ocho y Medio de Quito, se llev\u00f3 a cabo la rueda de prensa y foro de la pel\u00edcula ECO DE LUZ, previo a su estreno como pel\u00edcula inaugural del Festival EQUIS 2025 y su estreno en salas en Ecuador.<\/span><\/p>\n<p style=\"text-align: justify;\"><span style=\"color: #000000;\">El encuentro reuni\u00f3 a medios de comunicaci\u00f3n, creadores de contenido y representantes del \u00e1mbito acad\u00e9mico y cultural en una conversaci\u00f3n sobre cine, identidades masculinas y transformaci\u00f3n social.<\/span><\/p>\n<p style=\"text-align: justify;\"><span style=\"color: #000000;\">Durante el di\u00e1logo, el director Misha Vallejo Prut y la productora Mayfe Ortega Haboud compartieron las motivaciones detr\u00e1s de una obra que propone una mirada \u00edntima y po\u00e9tica sobre las formas de ser y sentirse hombre en el mundo contempor\u00e1neo.<\/span><\/p>\n<p style=\"text-align: justify;\"><span style=\"color: #000000;\">Vallejo explic\u00f3 que<em>\u00a0\u201cECO DE LUZ naci\u00f3 de lo que hoy entiendo era un vac\u00edo en mi vida: la ausencia de fotograf\u00edas que contaran la historia de mi abuela y mi padre, pese a que mi abuelo fue fot\u00f3grafo. A partir de esa paradoja, la pel\u00edcula explora c\u00f3mo la imagen -y su ausencia- moldean la memoria familiar. Lo que comenz\u00f3 como una historia \u00edntima se convirti\u00f3 en un espejo de una herida colectiva: la ausencia paterna, una realidad que resuena mucho m\u00e1s all\u00e1 de mi familia\u201d.<\/em><\/span><\/p>\n<p style=\"text-align: justify;\"><span style=\"color: #000000;\">La acad\u00e9mica Mar\u00eda Paz Guarderas aport\u00f3 una lectura cr\u00edtica sobre los procesos emocionales y sociales que atraviesan la pel\u00edcula, subrayando su potencial como herramienta de reflexi\u00f3n y mediaci\u00f3n en espacios educativos y psicosociales.<\/span><\/p>\n<p style=\"text-align: justify;\"><span style=\"color: #000000;\"><strong>Una pel\u00edcula reconocida internacionalmente<\/strong><\/span><\/p>\n<p style=\"text-align: justify;\"><span style=\"color: #000000;\">ECO DE LUZ llega a Quito tras su estreno mundial en el IDFA (International Documentary Film Festival de \u00c1msterdam) donde estuvo nominada a Mejor \u00d3pera Prima y un vasto recorrido internacional destacando con galardones a mejor pel\u00edcula, mejor direcci\u00f3n, mejor montaje, mejor guion, premios de la cr\u00edtica y del p\u00fablico en festivales de Francia, Italia, M\u00e9xico y Brasil, Su trayectoria consolida a esta producci\u00f3n ecuatoriana como una de las voces m\u00e1s potentes del documental latinoamericano actual, tanto por su rigor cinematogr\u00e1fico como por su profundidad tem\u00e1tica.<\/span><\/p>\n<p style=\"text-align: justify;\"><span style=\"color: #000000;\"><strong>Una obra que trasciende la pantalla<\/strong><\/span><\/p>\n<p style=\"text-align: justify;\"><span style=\"color: #000000;\">M\u00e1s all\u00e1 de su valor cinematogr\u00e1fico, ECO DE LUZ se proyecta como una herramienta de di\u00e1logo social. El equipo anunci\u00f3 el desarrollo de un programa de mediaci\u00f3n y la creaci\u00f3n de fichas educativas que acompa\u00f1ar\u00e1n las futuras proyecciones del documental, con el fin de promover espacios de conversaci\u00f3n sobre la construcci\u00f3n de v\u00ednculos no violentos frente a temas recurrentes como los secretos de familia y las ausencias paternas.<\/span><\/p>\n<p style=\"text-align: justify;\"><span style=\"color: #000000;\">El estreno de esta pel\u00edcula se planific\u00f3 intencionalmente para la temporada de los 16 d\u00edas de activismo por la eliminaci\u00f3n de la violencia contra las mujeres y la lucha por los derechos humanos (25 de noviembre \u2013 10 de diciembre), ofreciendo una forma alternativa de vivir este periodo de concientizaci\u00f3n: a trav\u00e9s del arte, la empat\u00eda y la reflexi\u00f3n colectiva.<\/span><\/p>\n<p style=\"text-align: justify;\"><span style=\"color: #000000;\"><strong>Sitio web:<\/strong>\u00a0<a style=\"color: #000000;\" title=\"Protegido por Outlook: https:\/\/u7061146.ct.sendgrid.net\/ls\/click?upn=u001.gqh-2BaxUzlo7XKIuSly0rC-2Bu3qfQVmHPUTKCgkLBSeu-2BZczUwJhT96wETE4XTSwv7Tjfc_oGZiRXAhrPjJeT-2Br1h-2FFzEgWGNlssqwLv24eonVyWIQ8-2F8TYDon4n9hYmcwODWA-2BS7gWPUnrFToTH3xis9QDbquC3nqaF4pWJn8A61d71PAdJO-2B6czp-2BOjFMMECDvv47EMjTsD8cebxmBvxzEY8V05EkWEMNgp8RzOOhs4LExF-2BsF2l6Y1C9UpIopsEv8hT-2FJwXWX5thuoaY7L5FGOzUcuhRqUDUy-2Bt3GIbsyHCyINir3xBnZySZuHga4DwM7GmWRlF51Sl08WJDZiera4z4Zg6J7oqH4q6hHvNWQl2tvvTeI-2BkJoo-2Bz57eWS7W0lyl4G7cOQQh-2BGEktnPf5-2B72agg-3D-3D. Haga clic o pulse para seguir el v\u00ednculo.\" href=\"https:\/\/na01.safelinks.protection.outlook.com\/?url=https%3A%2F%2Fu7061146.ct.sendgrid.net%2Fls%2Fclick%3Fupn%3Du001.gqh-2BaxUzlo7XKIuSly0rC-2Bu3qfQVmHPUTKCgkLBSeu-2BZczUwJhT96wETE4XTSwv7Tjfc_oGZiRXAhrPjJeT-2Br1h-2FFzEgWGNlssqwLv24eonVyWIQ8-2F8TYDon4n9hYmcwODWA-2BS7gWPUnrFToTH3xis9QDbquC3nqaF4pWJn8A61d71PAdJO-2B6czp-2BOjFMMECDvv47EMjTsD8cebxmBvxzEY8V05EkWEMNgp8RzOOhs4LExF-2BsF2l6Y1C9UpIopsEv8hT-2FJwXWX5thuoaY7L5FGOzUcuhRqUDUy-2Bt3GIbsyHCyINir3xBnZySZuHga4DwM7GmWRlF51Sl08WJDZiera4z4Zg6J7oqH4q6hHvNWQl2tvvTeI-2BkJoo-2Bz57eWS7W0lyl4G7cOQQh-2BGEktnPf5-2B72agg-3D-3D&amp;data=05%7C02%7C%7C5a41e26011f74e2076e008de22048dc5%7C84df9e7fe9f640afb435aaaaaaaaaaaa%7C1%7C0%7C638985600248611457%7CUnknown%7CTWFpbGZsb3d8eyJFbXB0eU1hcGkiOnRydWUsIlYiOiIwLjAuMDAwMCIsIlAiOiJXaW4zMiIsIkFOIjoiTWFpbCIsIldUIjoyfQ%3D%3D%7C0%7C%7C%7C&amp;sdata=n7k5HgG0s0gVEwz%2FvLTaRHSZLEXJ%2BWNpnV70lz%2BcHi4%3D&amp;reserved=0\" target=\"_blank\" rel=\"noopener noreferrer\" data-auth=\"NotApplicable\" data-linkindex=\"2\">www.ecodeluz.info<\/a><\/span><\/p>\n","protected":false},"excerpt":{"rendered":"<p>Quito, 12 de noviembre de 2025.&#8211; Hoy, en el Cine Ocho y Medio de Quito, se llev\u00f3 a cabo la rueda de prensa y foro de la pel\u00edcula ECO DE LUZ, previo a su estreno como pel\u00edcula inaugural del Festival EQUIS 2025 y su estreno en salas en Ecuador. El encuentro reuni\u00f3 a medios de [&hellip;]<\/p>\n","protected":false},"author":4,"featured_media":137347,"comment_status":"closed","ping_status":"closed","sticky":false,"template":"","format":"standard","meta":{"_bbp_topic_count":0,"_bbp_reply_count":0,"_bbp_total_topic_count":0,"_bbp_total_reply_count":0,"_bbp_voice_count":0,"_bbp_anonymous_reply_count":0,"_bbp_topic_count_hidden":0,"_bbp_reply_count_hidden":0,"_bbp_forum_subforum_count":0,"buzzeditor_post_format":"","footnotes":""},"categories":[2],"tags":[],"class_list":["post-137346","post","type-post","status-publish","format-standard","has-post-thumbnail","hentry","category-noticias"],"yoast_head":"<!-- This site is optimized with the Yoast SEO plugin v27.5 - https:\/\/yoast.com\/product\/yoast-seo-wordpress\/ -->\n<title>El documental ecuatoriano ECO DE LUZ redefine las representaciones de lo masculino en el cine latinoamericano &#8211; QUEBAKAN.COM 2026: Noticias, Eventos, Conciertos y mucho m\u00e1s....<\/title>\n<meta name=\"robots\" content=\"index, follow, max-snippet:-1, max-image-preview:large, max-video-preview:-1\" \/>\n<link rel=\"canonical\" href=\"https:\/\/www.quebakan.com\/v15\/el-documental-ecuatoriano-eco-de-luz-redefine-las-representaciones-de-lo-masculino-en-el-cine-latinoamericano\/\" \/>\n<meta property=\"og:locale\" content=\"es_ES\" \/>\n<meta property=\"og:type\" content=\"article\" \/>\n<meta property=\"og:title\" content=\"El documental ecuatoriano ECO DE LUZ redefine las representaciones de lo masculino en el cine latinoamericano &#8211; QUEBAKAN.COM 2026: Noticias, Eventos, Conciertos y mucho m\u00e1s....\" \/>\n<meta property=\"og:description\" content=\"Quito, 12 de noviembre de 2025.&#8211; Hoy, en el Cine Ocho y Medio de Quito, se llev\u00f3 a cabo la rueda de prensa y foro de la pel\u00edcula ECO DE LUZ, previo a su estreno como pel\u00edcula inaugural del Festival EQUIS 2025 y su estreno en salas en Ecuador. El encuentro reuni\u00f3 a medios de [&hellip;]\" \/>\n<meta property=\"og:url\" content=\"https:\/\/www.quebakan.com\/v15\/el-documental-ecuatoriano-eco-de-luz-redefine-las-representaciones-de-lo-masculino-en-el-cine-latinoamericano\/\" \/>\n<meta property=\"og:site_name\" content=\"QUEBAKAN.COM 2026: Noticias, Eventos, Conciertos y mucho m\u00e1s....\" \/>\n<meta property=\"article:publisher\" content=\"http:\/\/www.facebook.com\/quebakan\" \/>\n<meta property=\"article:published_time\" content=\"2025-11-14T04:59:56+00:00\" \/>\n<meta property=\"og:image\" content=\"https:\/\/www.quebakan.com\/v15\/wp-content\/uploads\/2025\/11\/ecodeluz.jpg\" \/>\n\t<meta property=\"og:image:width\" content=\"242\" \/>\n\t<meta property=\"og:image:height\" content=\"122\" \/>\n\t<meta property=\"og:image:type\" content=\"image\/jpeg\" \/>\n<meta name=\"author\" content=\"Erick Villafuerte\" \/>\n<meta name=\"twitter:card\" content=\"summary_large_image\" \/>\n<meta name=\"twitter:creator\" content=\"@quebakanec\" \/>\n<meta name=\"twitter:site\" content=\"@quebakanec\" \/>\n<meta name=\"twitter:label1\" content=\"Escrito por\" \/>\n\t<meta name=\"twitter:data1\" content=\"Erick Villafuerte\" \/>\n\t<meta name=\"twitter:label2\" content=\"Tiempo de lectura\" \/>\n\t<meta name=\"twitter:data2\" content=\"3 minutos\" \/>\n<script type=\"application\/ld+json\" class=\"yoast-schema-graph\">{\"@context\":\"https:\\\/\\\/schema.org\",\"@graph\":[{\"@type\":\"Article\",\"@id\":\"https:\\\/\\\/www.quebakan.com\\\/v15\\\/el-documental-ecuatoriano-eco-de-luz-redefine-las-representaciones-de-lo-masculino-en-el-cine-latinoamericano\\\/#article\",\"isPartOf\":{\"@id\":\"https:\\\/\\\/www.quebakan.com\\\/v15\\\/el-documental-ecuatoriano-eco-de-luz-redefine-las-representaciones-de-lo-masculino-en-el-cine-latinoamericano\\\/\"},\"author\":{\"name\":\"Erick Villafuerte\",\"@id\":\"https:\\\/\\\/www.quebakan.com\\\/v15\\\/#\\\/schema\\\/person\\\/d90fa9f9cfa81eb8ace9811e5b7b9118\"},\"headline\":\"El documental ecuatoriano ECO DE LUZ redefine las representaciones de lo masculino en el cine latinoamericano\",\"datePublished\":\"2025-11-14T04:59:56+00:00\",\"mainEntityOfPage\":{\"@id\":\"https:\\\/\\\/www.quebakan.com\\\/v15\\\/el-documental-ecuatoriano-eco-de-luz-redefine-las-representaciones-de-lo-masculino-en-el-cine-latinoamericano\\\/\"},\"wordCount\":523,\"publisher\":{\"@id\":\"https:\\\/\\\/www.quebakan.com\\\/v15\\\/#organization\"},\"image\":{\"@id\":\"https:\\\/\\\/www.quebakan.com\\\/v15\\\/el-documental-ecuatoriano-eco-de-luz-redefine-las-representaciones-de-lo-masculino-en-el-cine-latinoamericano\\\/#primaryimage\"},\"thumbnailUrl\":\"https:\\\/\\\/www.quebakan.com\\\/v15\\\/wp-content\\\/uploads\\\/2025\\\/11\\\/ecodeluz.jpg\",\"articleSection\":[\"Noticias\"],\"inLanguage\":\"es\"},{\"@type\":\"WebPage\",\"@id\":\"https:\\\/\\\/www.quebakan.com\\\/v15\\\/el-documental-ecuatoriano-eco-de-luz-redefine-las-representaciones-de-lo-masculino-en-el-cine-latinoamericano\\\/\",\"url\":\"https:\\\/\\\/www.quebakan.com\\\/v15\\\/el-documental-ecuatoriano-eco-de-luz-redefine-las-representaciones-de-lo-masculino-en-el-cine-latinoamericano\\\/\",\"name\":\"El documental ecuatoriano ECO DE LUZ redefine las representaciones de lo masculino en el cine latinoamericano &#8211; QUEBAKAN.COM 2026: Noticias, Eventos, Conciertos y mucho m\u00e1s....\",\"isPartOf\":{\"@id\":\"https:\\\/\\\/www.quebakan.com\\\/v15\\\/#website\"},\"primaryImageOfPage\":{\"@id\":\"https:\\\/\\\/www.quebakan.com\\\/v15\\\/el-documental-ecuatoriano-eco-de-luz-redefine-las-representaciones-de-lo-masculino-en-el-cine-latinoamericano\\\/#primaryimage\"},\"image\":{\"@id\":\"https:\\\/\\\/www.quebakan.com\\\/v15\\\/el-documental-ecuatoriano-eco-de-luz-redefine-las-representaciones-de-lo-masculino-en-el-cine-latinoamericano\\\/#primaryimage\"},\"thumbnailUrl\":\"https:\\\/\\\/www.quebakan.com\\\/v15\\\/wp-content\\\/uploads\\\/2025\\\/11\\\/ecodeluz.jpg\",\"datePublished\":\"2025-11-14T04:59:56+00:00\",\"breadcrumb\":{\"@id\":\"https:\\\/\\\/www.quebakan.com\\\/v15\\\/el-documental-ecuatoriano-eco-de-luz-redefine-las-representaciones-de-lo-masculino-en-el-cine-latinoamericano\\\/#breadcrumb\"},\"inLanguage\":\"es\",\"potentialAction\":[{\"@type\":\"ReadAction\",\"target\":[\"https:\\\/\\\/www.quebakan.com\\\/v15\\\/el-documental-ecuatoriano-eco-de-luz-redefine-las-representaciones-de-lo-masculino-en-el-cine-latinoamericano\\\/\"]}]},{\"@type\":\"ImageObject\",\"inLanguage\":\"es\",\"@id\":\"https:\\\/\\\/www.quebakan.com\\\/v15\\\/el-documental-ecuatoriano-eco-de-luz-redefine-las-representaciones-de-lo-masculino-en-el-cine-latinoamericano\\\/#primaryimage\",\"url\":\"https:\\\/\\\/www.quebakan.com\\\/v15\\\/wp-content\\\/uploads\\\/2025\\\/11\\\/ecodeluz.jpg\",\"contentUrl\":\"https:\\\/\\\/www.quebakan.com\\\/v15\\\/wp-content\\\/uploads\\\/2025\\\/11\\\/ecodeluz.jpg\",\"width\":242,\"height\":122},{\"@type\":\"BreadcrumbList\",\"@id\":\"https:\\\/\\\/www.quebakan.com\\\/v15\\\/el-documental-ecuatoriano-eco-de-luz-redefine-las-representaciones-de-lo-masculino-en-el-cine-latinoamericano\\\/#breadcrumb\",\"itemListElement\":[{\"@type\":\"ListItem\",\"position\":1,\"name\":\"Portada\",\"item\":\"https:\\\/\\\/www.quebakan.com\\\/v15\\\/\"},{\"@type\":\"ListItem\",\"position\":2,\"name\":\"El documental ecuatoriano ECO DE LUZ redefine las representaciones de lo masculino en el cine latinoamericano\"}]},{\"@type\":\"WebSite\",\"@id\":\"https:\\\/\\\/www.quebakan.com\\\/v15\\\/#website\",\"url\":\"https:\\\/\\\/www.quebakan.com\\\/v15\\\/\",\"name\":\"QUEBAKAN\",\"description\":\"..\",\"publisher\":{\"@id\":\"https:\\\/\\\/www.quebakan.com\\\/v15\\\/#organization\"},\"potentialAction\":[{\"@type\":\"SearchAction\",\"target\":{\"@type\":\"EntryPoint\",\"urlTemplate\":\"https:\\\/\\\/www.quebakan.com\\\/v15\\\/?s={search_term_string}\"},\"query-input\":{\"@type\":\"PropertyValueSpecification\",\"valueRequired\":true,\"valueName\":\"search_term_string\"}}],\"inLanguage\":\"es\"},{\"@type\":\"Organization\",\"@id\":\"https:\\\/\\\/www.quebakan.com\\\/v15\\\/#organization\",\"name\":\"Quebakan.com\",\"url\":\"https:\\\/\\\/www.quebakan.com\\\/v15\\\/\",\"logo\":{\"@type\":\"ImageObject\",\"inLanguage\":\"es\",\"@id\":\"https:\\\/\\\/www.quebakan.com\\\/v15\\\/#\\\/schema\\\/logo\\\/image\\\/\",\"url\":\"https:\\\/\\\/www.quebakan.com\\\/v15\\\/wp-content\\\/uploads\\\/2023\\\/07\\\/logoquebakanenero2021.jpg\",\"contentUrl\":\"https:\\\/\\\/www.quebakan.com\\\/v15\\\/wp-content\\\/uploads\\\/2023\\\/07\\\/logoquebakanenero2021.jpg\",\"width\":1920,\"height\":1080,\"caption\":\"Quebakan.com\"},\"image\":{\"@id\":\"https:\\\/\\\/www.quebakan.com\\\/v15\\\/#\\\/schema\\\/logo\\\/image\\\/\"},\"sameAs\":[\"http:\\\/\\\/www.facebook.com\\\/quebakan\",\"https:\\\/\\\/x.com\\\/quebakanec\",\"http:\\\/\\\/www.instagram.com\\\/quebakan\",\"http:\\\/\\\/www.youtube.com\\\/quebakan1\"]},{\"@type\":\"Person\",\"@id\":\"https:\\\/\\\/www.quebakan.com\\\/v15\\\/#\\\/schema\\\/person\\\/d90fa9f9cfa81eb8ace9811e5b7b9118\",\"name\":\"Erick Villafuerte\",\"image\":{\"@type\":\"ImageObject\",\"inLanguage\":\"es\",\"@id\":\"https:\\\/\\\/www.quebakan.com\\\/v15\\\/wp-content\\\/uploads\\\/avatars\\\/4\\\/1731297654-bpfull.png\",\"url\":\"https:\\\/\\\/www.quebakan.com\\\/v15\\\/wp-content\\\/uploads\\\/avatars\\\/4\\\/1731297654-bpfull.png\",\"contentUrl\":\"https:\\\/\\\/www.quebakan.com\\\/v15\\\/wp-content\\\/uploads\\\/avatars\\\/4\\\/1731297654-bpfull.png\",\"caption\":\"Erick Villafuerte\"}}]}<\/script>\n<!-- \/ Yoast SEO plugin. -->","yoast_head_json":{"title":"El documental ecuatoriano ECO DE LUZ redefine las representaciones de lo masculino en el cine latinoamericano &#8211; QUEBAKAN.COM 2026: Noticias, Eventos, Conciertos y mucho m\u00e1s....","robots":{"index":"index","follow":"follow","max-snippet":"max-snippet:-1","max-image-preview":"max-image-preview:large","max-video-preview":"max-video-preview:-1"},"canonical":"https:\/\/www.quebakan.com\/v15\/el-documental-ecuatoriano-eco-de-luz-redefine-las-representaciones-de-lo-masculino-en-el-cine-latinoamericano\/","og_locale":"es_ES","og_type":"article","og_title":"El documental ecuatoriano ECO DE LUZ redefine las representaciones de lo masculino en el cine latinoamericano &#8211; QUEBAKAN.COM 2026: Noticias, Eventos, Conciertos y mucho m\u00e1s....","og_description":"Quito, 12 de noviembre de 2025.&#8211; Hoy, en el Cine Ocho y Medio de Quito, se llev\u00f3 a cabo la rueda de prensa y foro de la pel\u00edcula ECO DE LUZ, previo a su estreno como pel\u00edcula inaugural del Festival EQUIS 2025 y su estreno en salas en Ecuador. El encuentro reuni\u00f3 a medios de [&hellip;]","og_url":"https:\/\/www.quebakan.com\/v15\/el-documental-ecuatoriano-eco-de-luz-redefine-las-representaciones-de-lo-masculino-en-el-cine-latinoamericano\/","og_site_name":"QUEBAKAN.COM 2026: Noticias, Eventos, Conciertos y mucho m\u00e1s....","article_publisher":"http:\/\/www.facebook.com\/quebakan","article_published_time":"2025-11-14T04:59:56+00:00","og_image":[{"width":242,"height":122,"url":"https:\/\/www.quebakan.com\/v15\/wp-content\/uploads\/2025\/11\/ecodeluz.jpg","type":"image\/jpeg"}],"author":"Erick Villafuerte","twitter_card":"summary_large_image","twitter_creator":"@quebakanec","twitter_site":"@quebakanec","twitter_misc":{"Escrito por":"Erick Villafuerte","Tiempo de lectura":"3 minutos"},"schema":{"@context":"https:\/\/schema.org","@graph":[{"@type":"Article","@id":"https:\/\/www.quebakan.com\/v15\/el-documental-ecuatoriano-eco-de-luz-redefine-las-representaciones-de-lo-masculino-en-el-cine-latinoamericano\/#article","isPartOf":{"@id":"https:\/\/www.quebakan.com\/v15\/el-documental-ecuatoriano-eco-de-luz-redefine-las-representaciones-de-lo-masculino-en-el-cine-latinoamericano\/"},"author":{"name":"Erick Villafuerte","@id":"https:\/\/www.quebakan.com\/v15\/#\/schema\/person\/d90fa9f9cfa81eb8ace9811e5b7b9118"},"headline":"El documental ecuatoriano ECO DE LUZ redefine las representaciones de lo masculino en el cine latinoamericano","datePublished":"2025-11-14T04:59:56+00:00","mainEntityOfPage":{"@id":"https:\/\/www.quebakan.com\/v15\/el-documental-ecuatoriano-eco-de-luz-redefine-las-representaciones-de-lo-masculino-en-el-cine-latinoamericano\/"},"wordCount":523,"publisher":{"@id":"https:\/\/www.quebakan.com\/v15\/#organization"},"image":{"@id":"https:\/\/www.quebakan.com\/v15\/el-documental-ecuatoriano-eco-de-luz-redefine-las-representaciones-de-lo-masculino-en-el-cine-latinoamericano\/#primaryimage"},"thumbnailUrl":"https:\/\/www.quebakan.com\/v15\/wp-content\/uploads\/2025\/11\/ecodeluz.jpg","articleSection":["Noticias"],"inLanguage":"es"},{"@type":"WebPage","@id":"https:\/\/www.quebakan.com\/v15\/el-documental-ecuatoriano-eco-de-luz-redefine-las-representaciones-de-lo-masculino-en-el-cine-latinoamericano\/","url":"https:\/\/www.quebakan.com\/v15\/el-documental-ecuatoriano-eco-de-luz-redefine-las-representaciones-de-lo-masculino-en-el-cine-latinoamericano\/","name":"El documental ecuatoriano ECO DE LUZ redefine las representaciones de lo masculino en el cine latinoamericano &#8211; QUEBAKAN.COM 2026: Noticias, Eventos, Conciertos y mucho m\u00e1s....","isPartOf":{"@id":"https:\/\/www.quebakan.com\/v15\/#website"},"primaryImageOfPage":{"@id":"https:\/\/www.quebakan.com\/v15\/el-documental-ecuatoriano-eco-de-luz-redefine-las-representaciones-de-lo-masculino-en-el-cine-latinoamericano\/#primaryimage"},"image":{"@id":"https:\/\/www.quebakan.com\/v15\/el-documental-ecuatoriano-eco-de-luz-redefine-las-representaciones-de-lo-masculino-en-el-cine-latinoamericano\/#primaryimage"},"thumbnailUrl":"https:\/\/www.quebakan.com\/v15\/wp-content\/uploads\/2025\/11\/ecodeluz.jpg","datePublished":"2025-11-14T04:59:56+00:00","breadcrumb":{"@id":"https:\/\/www.quebakan.com\/v15\/el-documental-ecuatoriano-eco-de-luz-redefine-las-representaciones-de-lo-masculino-en-el-cine-latinoamericano\/#breadcrumb"},"inLanguage":"es","potentialAction":[{"@type":"ReadAction","target":["https:\/\/www.quebakan.com\/v15\/el-documental-ecuatoriano-eco-de-luz-redefine-las-representaciones-de-lo-masculino-en-el-cine-latinoamericano\/"]}]},{"@type":"ImageObject","inLanguage":"es","@id":"https:\/\/www.quebakan.com\/v15\/el-documental-ecuatoriano-eco-de-luz-redefine-las-representaciones-de-lo-masculino-en-el-cine-latinoamericano\/#primaryimage","url":"https:\/\/www.quebakan.com\/v15\/wp-content\/uploads\/2025\/11\/ecodeluz.jpg","contentUrl":"https:\/\/www.quebakan.com\/v15\/wp-content\/uploads\/2025\/11\/ecodeluz.jpg","width":242,"height":122},{"@type":"BreadcrumbList","@id":"https:\/\/www.quebakan.com\/v15\/el-documental-ecuatoriano-eco-de-luz-redefine-las-representaciones-de-lo-masculino-en-el-cine-latinoamericano\/#breadcrumb","itemListElement":[{"@type":"ListItem","position":1,"name":"Portada","item":"https:\/\/www.quebakan.com\/v15\/"},{"@type":"ListItem","position":2,"name":"El documental ecuatoriano ECO DE LUZ redefine las representaciones de lo masculino en el cine latinoamericano"}]},{"@type":"WebSite","@id":"https:\/\/www.quebakan.com\/v15\/#website","url":"https:\/\/www.quebakan.com\/v15\/","name":"QUEBAKAN","description":"..","publisher":{"@id":"https:\/\/www.quebakan.com\/v15\/#organization"},"potentialAction":[{"@type":"SearchAction","target":{"@type":"EntryPoint","urlTemplate":"https:\/\/www.quebakan.com\/v15\/?s={search_term_string}"},"query-input":{"@type":"PropertyValueSpecification","valueRequired":true,"valueName":"search_term_string"}}],"inLanguage":"es"},{"@type":"Organization","@id":"https:\/\/www.quebakan.com\/v15\/#organization","name":"Quebakan.com","url":"https:\/\/www.quebakan.com\/v15\/","logo":{"@type":"ImageObject","inLanguage":"es","@id":"https:\/\/www.quebakan.com\/v15\/#\/schema\/logo\/image\/","url":"https:\/\/www.quebakan.com\/v15\/wp-content\/uploads\/2023\/07\/logoquebakanenero2021.jpg","contentUrl":"https:\/\/www.quebakan.com\/v15\/wp-content\/uploads\/2023\/07\/logoquebakanenero2021.jpg","width":1920,"height":1080,"caption":"Quebakan.com"},"image":{"@id":"https:\/\/www.quebakan.com\/v15\/#\/schema\/logo\/image\/"},"sameAs":["http:\/\/www.facebook.com\/quebakan","https:\/\/x.com\/quebakanec","http:\/\/www.instagram.com\/quebakan","http:\/\/www.youtube.com\/quebakan1"]},{"@type":"Person","@id":"https:\/\/www.quebakan.com\/v15\/#\/schema\/person\/d90fa9f9cfa81eb8ace9811e5b7b9118","name":"Erick Villafuerte","image":{"@type":"ImageObject","inLanguage":"es","@id":"https:\/\/www.quebakan.com\/v15\/wp-content\/uploads\/avatars\/4\/1731297654-bpfull.png","url":"https:\/\/www.quebakan.com\/v15\/wp-content\/uploads\/avatars\/4\/1731297654-bpfull.png","contentUrl":"https:\/\/www.quebakan.com\/v15\/wp-content\/uploads\/avatars\/4\/1731297654-bpfull.png","caption":"Erick Villafuerte"}}]}},"_links":{"self":[{"href":"https:\/\/www.quebakan.com\/v15\/wp-json\/wp\/v2\/posts\/137346","targetHints":{"allow":["GET"]}}],"collection":[{"href":"https:\/\/www.quebakan.com\/v15\/wp-json\/wp\/v2\/posts"}],"about":[{"href":"https:\/\/www.quebakan.com\/v15\/wp-json\/wp\/v2\/types\/post"}],"author":[{"embeddable":true,"href":"https:\/\/www.quebakan.com\/v15\/wp-json\/wp\/v2\/users\/4"}],"replies":[{"embeddable":true,"href":"https:\/\/www.quebakan.com\/v15\/wp-json\/wp\/v2\/comments?post=137346"}],"version-history":[{"count":1,"href":"https:\/\/www.quebakan.com\/v15\/wp-json\/wp\/v2\/posts\/137346\/revisions"}],"predecessor-version":[{"id":137348,"href":"https:\/\/www.quebakan.com\/v15\/wp-json\/wp\/v2\/posts\/137346\/revisions\/137348"}],"wp:featuredmedia":[{"embeddable":true,"href":"https:\/\/www.quebakan.com\/v15\/wp-json\/wp\/v2\/media\/137347"}],"wp:attachment":[{"href":"https:\/\/www.quebakan.com\/v15\/wp-json\/wp\/v2\/media?parent=137346"}],"wp:term":[{"taxonomy":"category","embeddable":true,"href":"https:\/\/www.quebakan.com\/v15\/wp-json\/wp\/v2\/categories?post=137346"},{"taxonomy":"post_tag","embeddable":true,"href":"https:\/\/www.quebakan.com\/v15\/wp-json\/wp\/v2\/tags?post=137346"}],"curies":[{"name":"wp","href":"https:\/\/api.w.org\/{rel}","templated":true}]}}