{"id":137360,"date":"2025-11-14T21:48:10","date_gmt":"2025-11-15T02:48:10","guid":{"rendered":"https:\/\/www.quebakan.com\/v15\/?p=137360"},"modified":"2025-11-14T21:48:10","modified_gmt":"2025-11-15T02:48:10","slug":"este-dia-mundial-de-la-diabetes-celebremos-las-decisiones-que-nos-acercan-al-bienestar","status":"publish","type":"post","link":"https:\/\/www.quebakan.com\/v15\/este-dia-mundial-de-la-diabetes-celebremos-las-decisiones-que-nos-acercan-al-bienestar\/","title":{"rendered":"Este D\u00eda Mundial de la Diabetes, celebremos las decisiones que nos acercan al bienestar"},"content":{"rendered":"<p><img fetchpriority=\"high\" decoding=\"async\" class=\"aligncenter size-full wp-image-137361\" src=\"https:\/\/www.quebakan.com\/v15\/wp-content\/uploads\/2025\/11\/Dia-Mundial-de-la-Diabetes_2.jpg\" alt=\"\" width=\"700\" height=\"467\" \/><\/p>\n<ul>\n<li style=\"text-align: justify;\"><span style=\"color: #000000;\">En Am\u00e9rica Latina, m\u00e1s de 62 millones de personas viven con diabetes tipo 2, y de acuerdo con la Federaci\u00f3n Internacional de Diabetes (2021), cuatro de cada diez a\u00fan no lo saben.<\/span><\/li>\n<li style=\"text-align: justify;\"><span style=\"color: #000000;\">Detr\u00e1s de cada cifra hay personas que trabajan, cuidan de sus familias y buscan sentirse bien; personas que, como todos, quieren disfrutar de lo que les da felicidad, pero hacerlo con conciencia.<\/span><\/li>\n<\/ul>\n<p style=\"text-align: justify;\"><span style=\"color: #000000;\"><strong>Ecuador, 14 de noviembre de 2025.-<\/strong> El D\u00eda Mundial de la Diabetes busca inspirar cambios positivos, record\u00e1ndonos que el autocuidado tambi\u00e9n puede vivirse con optimismo y sabor. Hablar de prevenci\u00f3n es hablar de equilibrio: moverse m\u00e1s, comer mejor, descansar, y, sobre todo, elegir de forma m\u00e1s consciente aquello que nos hace sentir bien.<\/span><\/p>\n<p style=\"text-align: justify;\"><span style=\"color: #000000;\">Splenda\u00ae cree que el bienestar empieza con peque\u00f1as decisiones. Por eso, su prop\u00f3sito es ayudar a las personas a reducir el consumo de az\u00facar y acompa\u00f1arlas a disfrutar lo dulce de la vida de una forma m\u00e1s consciente. La marca promueve una nueva forma de entender el bienestar: una en la que el cuidado personal no est\u00e1 hecho de sacrificios, sino de elecciones que nos acercan al equilibrio.<\/span><\/p>\n<p style=\"text-align: justify;\"><span style=\"color: #000000;\">Con cada acci\u00f3n, Splenda\u00ae reafirma su compromiso de inspirar h\u00e1bitos m\u00e1s saludables y accesibles, alentando a las personas a cuidar su salud sin dejar de disfrutar lo que aman. <\/span><span style=\"color: #000000;\">Este D\u00eda Mundial de la Diabetes, Splenda\u00ae acompa\u00f1a las decisiones que nos acercan al equilibrio y nos invita a seguir construyendo una vida m\u00e1s equilibrada, paso a paso, con sabor y optimismo.<\/span><\/p>\n","protected":false},"excerpt":{"rendered":"<p>En Am\u00e9rica Latina, m\u00e1s de 62 millones de personas viven con diabetes tipo 2, y de acuerdo con la Federaci\u00f3n Internacional de Diabetes (2021), cuatro de cada diez a\u00fan no lo saben. Detr\u00e1s de cada cifra hay personas que trabajan, cuidan de sus familias y buscan sentirse bien; personas que, como todos, quieren disfrutar de [&hellip;]<\/p>\n","protected":false},"author":4,"featured_media":137361,"comment_status":"closed","ping_status":"closed","sticky":false,"template":"","format":"standard","meta":{"_bbp_topic_count":0,"_bbp_reply_count":0,"_bbp_total_topic_count":0,"_bbp_total_reply_count":0,"_bbp_voice_count":0,"_bbp_anonymous_reply_count":0,"_bbp_topic_count_hidden":0,"_bbp_reply_count_hidden":0,"_bbp_forum_subforum_count":0,"buzzeditor_post_format":"","footnotes":""},"categories":[2],"tags":[],"class_list":["post-137360","post","type-post","status-publish","format-standard","has-post-thumbnail","hentry","category-noticias"],"yoast_head":"<!-- This site is optimized with the Yoast SEO plugin v27.5 - https:\/\/yoast.com\/product\/yoast-seo-wordpress\/ -->\n<title>Este D\u00eda Mundial de la Diabetes, celebremos las decisiones que nos acercan al bienestar &#8211; QUEBAKAN.COM 2026: Noticias, Eventos, Conciertos y mucho m\u00e1s....<\/title>\n<meta name=\"robots\" content=\"index, follow, max-snippet:-1, max-image-preview:large, max-video-preview:-1\" \/>\n<link rel=\"canonical\" href=\"https:\/\/www.quebakan.com\/v15\/este-dia-mundial-de-la-diabetes-celebremos-las-decisiones-que-nos-acercan-al-bienestar\/\" \/>\n<meta property=\"og:locale\" content=\"es_ES\" \/>\n<meta property=\"og:type\" content=\"article\" \/>\n<meta property=\"og:title\" content=\"Este D\u00eda Mundial de la Diabetes, celebremos las decisiones que nos acercan al bienestar &#8211; QUEBAKAN.COM 2026: Noticias, Eventos, Conciertos y mucho m\u00e1s....\" \/>\n<meta property=\"og:description\" content=\"En Am\u00e9rica Latina, m\u00e1s de 62 millones de personas viven con diabetes tipo 2, y de acuerdo con la Federaci\u00f3n Internacional de Diabetes (2021), cuatro de cada diez a\u00fan no lo saben. Detr\u00e1s de cada cifra hay personas que trabajan, cuidan de sus familias y buscan sentirse bien; personas que, como todos, quieren disfrutar de [&hellip;]\" \/>\n<meta property=\"og:url\" content=\"https:\/\/www.quebakan.com\/v15\/este-dia-mundial-de-la-diabetes-celebremos-las-decisiones-que-nos-acercan-al-bienestar\/\" \/>\n<meta property=\"og:site_name\" content=\"QUEBAKAN.COM 2026: Noticias, Eventos, Conciertos y mucho m\u00e1s....\" \/>\n<meta property=\"article:publisher\" content=\"http:\/\/www.facebook.com\/quebakan\" \/>\n<meta property=\"article:published_time\" content=\"2025-11-15T02:48:10+00:00\" \/>\n<meta property=\"og:image\" content=\"https:\/\/www.quebakan.com\/v15\/wp-content\/uploads\/2025\/11\/Dia-Mundial-de-la-Diabetes_2.jpg\" \/>\n\t<meta property=\"og:image:width\" content=\"700\" \/>\n\t<meta property=\"og:image:height\" content=\"467\" \/>\n\t<meta property=\"og:image:type\" content=\"image\/jpeg\" \/>\n<meta name=\"author\" content=\"Erick Villafuerte\" \/>\n<meta name=\"twitter:card\" content=\"summary_large_image\" \/>\n<meta name=\"twitter:creator\" content=\"@quebakanec\" \/>\n<meta name=\"twitter:site\" content=\"@quebakanec\" \/>\n<meta name=\"twitter:label1\" content=\"Escrito por\" \/>\n\t<meta name=\"twitter:data1\" content=\"Erick Villafuerte\" \/>\n\t<meta name=\"twitter:label2\" content=\"Tiempo de lectura\" \/>\n\t<meta name=\"twitter:data2\" content=\"2 minutos\" \/>\n<script type=\"application\/ld+json\" class=\"yoast-schema-graph\">{\"@context\":\"https:\\\/\\\/schema.org\",\"@graph\":[{\"@type\":\"Article\",\"@id\":\"https:\\\/\\\/www.quebakan.com\\\/v15\\\/este-dia-mundial-de-la-diabetes-celebremos-las-decisiones-que-nos-acercan-al-bienestar\\\/#article\",\"isPartOf\":{\"@id\":\"https:\\\/\\\/www.quebakan.com\\\/v15\\\/este-dia-mundial-de-la-diabetes-celebremos-las-decisiones-que-nos-acercan-al-bienestar\\\/\"},\"author\":{\"name\":\"Erick Villafuerte\",\"@id\":\"https:\\\/\\\/www.quebakan.com\\\/v15\\\/#\\\/schema\\\/person\\\/d90fa9f9cfa81eb8ace9811e5b7b9118\"},\"headline\":\"Este D\u00eda Mundial de la Diabetes, celebremos las decisiones que nos acercan al bienestar\",\"datePublished\":\"2025-11-15T02:48:10+00:00\",\"mainEntityOfPage\":{\"@id\":\"https:\\\/\\\/www.quebakan.com\\\/v15\\\/este-dia-mundial-de-la-diabetes-celebremos-las-decisiones-que-nos-acercan-al-bienestar\\\/\"},\"wordCount\":279,\"publisher\":{\"@id\":\"https:\\\/\\\/www.quebakan.com\\\/v15\\\/#organization\"},\"image\":{\"@id\":\"https:\\\/\\\/www.quebakan.com\\\/v15\\\/este-dia-mundial-de-la-diabetes-celebremos-las-decisiones-que-nos-acercan-al-bienestar\\\/#primaryimage\"},\"thumbnailUrl\":\"https:\\\/\\\/www.quebakan.com\\\/v15\\\/wp-content\\\/uploads\\\/2025\\\/11\\\/Dia-Mundial-de-la-Diabetes_2.jpg\",\"articleSection\":[\"Noticias\"],\"inLanguage\":\"es\"},{\"@type\":\"WebPage\",\"@id\":\"https:\\\/\\\/www.quebakan.com\\\/v15\\\/este-dia-mundial-de-la-diabetes-celebremos-las-decisiones-que-nos-acercan-al-bienestar\\\/\",\"url\":\"https:\\\/\\\/www.quebakan.com\\\/v15\\\/este-dia-mundial-de-la-diabetes-celebremos-las-decisiones-que-nos-acercan-al-bienestar\\\/\",\"name\":\"Este D\u00eda Mundial de la Diabetes, celebremos las decisiones que nos acercan al bienestar &#8211; QUEBAKAN.COM 2026: Noticias, Eventos, Conciertos y mucho m\u00e1s....\",\"isPartOf\":{\"@id\":\"https:\\\/\\\/www.quebakan.com\\\/v15\\\/#website\"},\"primaryImageOfPage\":{\"@id\":\"https:\\\/\\\/www.quebakan.com\\\/v15\\\/este-dia-mundial-de-la-diabetes-celebremos-las-decisiones-que-nos-acercan-al-bienestar\\\/#primaryimage\"},\"image\":{\"@id\":\"https:\\\/\\\/www.quebakan.com\\\/v15\\\/este-dia-mundial-de-la-diabetes-celebremos-las-decisiones-que-nos-acercan-al-bienestar\\\/#primaryimage\"},\"thumbnailUrl\":\"https:\\\/\\\/www.quebakan.com\\\/v15\\\/wp-content\\\/uploads\\\/2025\\\/11\\\/Dia-Mundial-de-la-Diabetes_2.jpg\",\"datePublished\":\"2025-11-15T02:48:10+00:00\",\"breadcrumb\":{\"@id\":\"https:\\\/\\\/www.quebakan.com\\\/v15\\\/este-dia-mundial-de-la-diabetes-celebremos-las-decisiones-que-nos-acercan-al-bienestar\\\/#breadcrumb\"},\"inLanguage\":\"es\",\"potentialAction\":[{\"@type\":\"ReadAction\",\"target\":[\"https:\\\/\\\/www.quebakan.com\\\/v15\\\/este-dia-mundial-de-la-diabetes-celebremos-las-decisiones-que-nos-acercan-al-bienestar\\\/\"]}]},{\"@type\":\"ImageObject\",\"inLanguage\":\"es\",\"@id\":\"https:\\\/\\\/www.quebakan.com\\\/v15\\\/este-dia-mundial-de-la-diabetes-celebremos-las-decisiones-que-nos-acercan-al-bienestar\\\/#primaryimage\",\"url\":\"https:\\\/\\\/www.quebakan.com\\\/v15\\\/wp-content\\\/uploads\\\/2025\\\/11\\\/Dia-Mundial-de-la-Diabetes_2.jpg\",\"contentUrl\":\"https:\\\/\\\/www.quebakan.com\\\/v15\\\/wp-content\\\/uploads\\\/2025\\\/11\\\/Dia-Mundial-de-la-Diabetes_2.jpg\",\"width\":700,\"height\":467},{\"@type\":\"BreadcrumbList\",\"@id\":\"https:\\\/\\\/www.quebakan.com\\\/v15\\\/este-dia-mundial-de-la-diabetes-celebremos-las-decisiones-que-nos-acercan-al-bienestar\\\/#breadcrumb\",\"itemListElement\":[{\"@type\":\"ListItem\",\"position\":1,\"name\":\"Portada\",\"item\":\"https:\\\/\\\/www.quebakan.com\\\/v15\\\/\"},{\"@type\":\"ListItem\",\"position\":2,\"name\":\"Este D\u00eda Mundial de la Diabetes, celebremos las decisiones que nos acercan al bienestar\"}]},{\"@type\":\"WebSite\",\"@id\":\"https:\\\/\\\/www.quebakan.com\\\/v15\\\/#website\",\"url\":\"https:\\\/\\\/www.quebakan.com\\\/v15\\\/\",\"name\":\"QUEBAKAN\",\"description\":\"..\",\"publisher\":{\"@id\":\"https:\\\/\\\/www.quebakan.com\\\/v15\\\/#organization\"},\"potentialAction\":[{\"@type\":\"SearchAction\",\"target\":{\"@type\":\"EntryPoint\",\"urlTemplate\":\"https:\\\/\\\/www.quebakan.com\\\/v15\\\/?s={search_term_string}\"},\"query-input\":{\"@type\":\"PropertyValueSpecification\",\"valueRequired\":true,\"valueName\":\"search_term_string\"}}],\"inLanguage\":\"es\"},{\"@type\":\"Organization\",\"@id\":\"https:\\\/\\\/www.quebakan.com\\\/v15\\\/#organization\",\"name\":\"Quebakan.com\",\"url\":\"https:\\\/\\\/www.quebakan.com\\\/v15\\\/\",\"logo\":{\"@type\":\"ImageObject\",\"inLanguage\":\"es\",\"@id\":\"https:\\\/\\\/www.quebakan.com\\\/v15\\\/#\\\/schema\\\/logo\\\/image\\\/\",\"url\":\"https:\\\/\\\/www.quebakan.com\\\/v15\\\/wp-content\\\/uploads\\\/2023\\\/07\\\/logoquebakanenero2021.jpg\",\"contentUrl\":\"https:\\\/\\\/www.quebakan.com\\\/v15\\\/wp-content\\\/uploads\\\/2023\\\/07\\\/logoquebakanenero2021.jpg\",\"width\":1920,\"height\":1080,\"caption\":\"Quebakan.com\"},\"image\":{\"@id\":\"https:\\\/\\\/www.quebakan.com\\\/v15\\\/#\\\/schema\\\/logo\\\/image\\\/\"},\"sameAs\":[\"http:\\\/\\\/www.facebook.com\\\/quebakan\",\"https:\\\/\\\/x.com\\\/quebakanec\",\"http:\\\/\\\/www.instagram.com\\\/quebakan\",\"http:\\\/\\\/www.youtube.com\\\/quebakan1\"]},{\"@type\":\"Person\",\"@id\":\"https:\\\/\\\/www.quebakan.com\\\/v15\\\/#\\\/schema\\\/person\\\/d90fa9f9cfa81eb8ace9811e5b7b9118\",\"name\":\"Erick Villafuerte\",\"image\":{\"@type\":\"ImageObject\",\"inLanguage\":\"es\",\"@id\":\"https:\\\/\\\/www.quebakan.com\\\/v15\\\/wp-content\\\/uploads\\\/avatars\\\/4\\\/1731297654-bpfull.png\",\"url\":\"https:\\\/\\\/www.quebakan.com\\\/v15\\\/wp-content\\\/uploads\\\/avatars\\\/4\\\/1731297654-bpfull.png\",\"contentUrl\":\"https:\\\/\\\/www.quebakan.com\\\/v15\\\/wp-content\\\/uploads\\\/avatars\\\/4\\\/1731297654-bpfull.png\",\"caption\":\"Erick Villafuerte\"}}]}<\/script>\n<!-- \/ Yoast SEO plugin. -->","yoast_head_json":{"title":"Este D\u00eda Mundial de la Diabetes, celebremos las decisiones que nos acercan al bienestar &#8211; QUEBAKAN.COM 2026: Noticias, Eventos, Conciertos y mucho m\u00e1s....","robots":{"index":"index","follow":"follow","max-snippet":"max-snippet:-1","max-image-preview":"max-image-preview:large","max-video-preview":"max-video-preview:-1"},"canonical":"https:\/\/www.quebakan.com\/v15\/este-dia-mundial-de-la-diabetes-celebremos-las-decisiones-que-nos-acercan-al-bienestar\/","og_locale":"es_ES","og_type":"article","og_title":"Este D\u00eda Mundial de la Diabetes, celebremos las decisiones que nos acercan al bienestar &#8211; QUEBAKAN.COM 2026: Noticias, Eventos, Conciertos y mucho m\u00e1s....","og_description":"En Am\u00e9rica Latina, m\u00e1s de 62 millones de personas viven con diabetes tipo 2, y de acuerdo con la Federaci\u00f3n Internacional de Diabetes (2021), cuatro de cada diez a\u00fan no lo saben. Detr\u00e1s de cada cifra hay personas que trabajan, cuidan de sus familias y buscan sentirse bien; personas que, como todos, quieren disfrutar de [&hellip;]","og_url":"https:\/\/www.quebakan.com\/v15\/este-dia-mundial-de-la-diabetes-celebremos-las-decisiones-que-nos-acercan-al-bienestar\/","og_site_name":"QUEBAKAN.COM 2026: Noticias, Eventos, Conciertos y mucho m\u00e1s....","article_publisher":"http:\/\/www.facebook.com\/quebakan","article_published_time":"2025-11-15T02:48:10+00:00","og_image":[{"width":700,"height":467,"url":"https:\/\/www.quebakan.com\/v15\/wp-content\/uploads\/2025\/11\/Dia-Mundial-de-la-Diabetes_2.jpg","type":"image\/jpeg"}],"author":"Erick Villafuerte","twitter_card":"summary_large_image","twitter_creator":"@quebakanec","twitter_site":"@quebakanec","twitter_misc":{"Escrito por":"Erick Villafuerte","Tiempo de lectura":"2 minutos"},"schema":{"@context":"https:\/\/schema.org","@graph":[{"@type":"Article","@id":"https:\/\/www.quebakan.com\/v15\/este-dia-mundial-de-la-diabetes-celebremos-las-decisiones-que-nos-acercan-al-bienestar\/#article","isPartOf":{"@id":"https:\/\/www.quebakan.com\/v15\/este-dia-mundial-de-la-diabetes-celebremos-las-decisiones-que-nos-acercan-al-bienestar\/"},"author":{"name":"Erick Villafuerte","@id":"https:\/\/www.quebakan.com\/v15\/#\/schema\/person\/d90fa9f9cfa81eb8ace9811e5b7b9118"},"headline":"Este D\u00eda Mundial de la Diabetes, celebremos las decisiones que nos acercan al bienestar","datePublished":"2025-11-15T02:48:10+00:00","mainEntityOfPage":{"@id":"https:\/\/www.quebakan.com\/v15\/este-dia-mundial-de-la-diabetes-celebremos-las-decisiones-que-nos-acercan-al-bienestar\/"},"wordCount":279,"publisher":{"@id":"https:\/\/www.quebakan.com\/v15\/#organization"},"image":{"@id":"https:\/\/www.quebakan.com\/v15\/este-dia-mundial-de-la-diabetes-celebremos-las-decisiones-que-nos-acercan-al-bienestar\/#primaryimage"},"thumbnailUrl":"https:\/\/www.quebakan.com\/v15\/wp-content\/uploads\/2025\/11\/Dia-Mundial-de-la-Diabetes_2.jpg","articleSection":["Noticias"],"inLanguage":"es"},{"@type":"WebPage","@id":"https:\/\/www.quebakan.com\/v15\/este-dia-mundial-de-la-diabetes-celebremos-las-decisiones-que-nos-acercan-al-bienestar\/","url":"https:\/\/www.quebakan.com\/v15\/este-dia-mundial-de-la-diabetes-celebremos-las-decisiones-que-nos-acercan-al-bienestar\/","name":"Este D\u00eda Mundial de la Diabetes, celebremos las decisiones que nos acercan al bienestar &#8211; QUEBAKAN.COM 2026: Noticias, Eventos, Conciertos y mucho m\u00e1s....","isPartOf":{"@id":"https:\/\/www.quebakan.com\/v15\/#website"},"primaryImageOfPage":{"@id":"https:\/\/www.quebakan.com\/v15\/este-dia-mundial-de-la-diabetes-celebremos-las-decisiones-que-nos-acercan-al-bienestar\/#primaryimage"},"image":{"@id":"https:\/\/www.quebakan.com\/v15\/este-dia-mundial-de-la-diabetes-celebremos-las-decisiones-que-nos-acercan-al-bienestar\/#primaryimage"},"thumbnailUrl":"https:\/\/www.quebakan.com\/v15\/wp-content\/uploads\/2025\/11\/Dia-Mundial-de-la-Diabetes_2.jpg","datePublished":"2025-11-15T02:48:10+00:00","breadcrumb":{"@id":"https:\/\/www.quebakan.com\/v15\/este-dia-mundial-de-la-diabetes-celebremos-las-decisiones-que-nos-acercan-al-bienestar\/#breadcrumb"},"inLanguage":"es","potentialAction":[{"@type":"ReadAction","target":["https:\/\/www.quebakan.com\/v15\/este-dia-mundial-de-la-diabetes-celebremos-las-decisiones-que-nos-acercan-al-bienestar\/"]}]},{"@type":"ImageObject","inLanguage":"es","@id":"https:\/\/www.quebakan.com\/v15\/este-dia-mundial-de-la-diabetes-celebremos-las-decisiones-que-nos-acercan-al-bienestar\/#primaryimage","url":"https:\/\/www.quebakan.com\/v15\/wp-content\/uploads\/2025\/11\/Dia-Mundial-de-la-Diabetes_2.jpg","contentUrl":"https:\/\/www.quebakan.com\/v15\/wp-content\/uploads\/2025\/11\/Dia-Mundial-de-la-Diabetes_2.jpg","width":700,"height":467},{"@type":"BreadcrumbList","@id":"https:\/\/www.quebakan.com\/v15\/este-dia-mundial-de-la-diabetes-celebremos-las-decisiones-que-nos-acercan-al-bienestar\/#breadcrumb","itemListElement":[{"@type":"ListItem","position":1,"name":"Portada","item":"https:\/\/www.quebakan.com\/v15\/"},{"@type":"ListItem","position":2,"name":"Este D\u00eda Mundial de la Diabetes, celebremos las decisiones que nos acercan al bienestar"}]},{"@type":"WebSite","@id":"https:\/\/www.quebakan.com\/v15\/#website","url":"https:\/\/www.quebakan.com\/v15\/","name":"QUEBAKAN","description":"..","publisher":{"@id":"https:\/\/www.quebakan.com\/v15\/#organization"},"potentialAction":[{"@type":"SearchAction","target":{"@type":"EntryPoint","urlTemplate":"https:\/\/www.quebakan.com\/v15\/?s={search_term_string}"},"query-input":{"@type":"PropertyValueSpecification","valueRequired":true,"valueName":"search_term_string"}}],"inLanguage":"es"},{"@type":"Organization","@id":"https:\/\/www.quebakan.com\/v15\/#organization","name":"Quebakan.com","url":"https:\/\/www.quebakan.com\/v15\/","logo":{"@type":"ImageObject","inLanguage":"es","@id":"https:\/\/www.quebakan.com\/v15\/#\/schema\/logo\/image\/","url":"https:\/\/www.quebakan.com\/v15\/wp-content\/uploads\/2023\/07\/logoquebakanenero2021.jpg","contentUrl":"https:\/\/www.quebakan.com\/v15\/wp-content\/uploads\/2023\/07\/logoquebakanenero2021.jpg","width":1920,"height":1080,"caption":"Quebakan.com"},"image":{"@id":"https:\/\/www.quebakan.com\/v15\/#\/schema\/logo\/image\/"},"sameAs":["http:\/\/www.facebook.com\/quebakan","https:\/\/x.com\/quebakanec","http:\/\/www.instagram.com\/quebakan","http:\/\/www.youtube.com\/quebakan1"]},{"@type":"Person","@id":"https:\/\/www.quebakan.com\/v15\/#\/schema\/person\/d90fa9f9cfa81eb8ace9811e5b7b9118","name":"Erick Villafuerte","image":{"@type":"ImageObject","inLanguage":"es","@id":"https:\/\/www.quebakan.com\/v15\/wp-content\/uploads\/avatars\/4\/1731297654-bpfull.png","url":"https:\/\/www.quebakan.com\/v15\/wp-content\/uploads\/avatars\/4\/1731297654-bpfull.png","contentUrl":"https:\/\/www.quebakan.com\/v15\/wp-content\/uploads\/avatars\/4\/1731297654-bpfull.png","caption":"Erick Villafuerte"}}]}},"_links":{"self":[{"href":"https:\/\/www.quebakan.com\/v15\/wp-json\/wp\/v2\/posts\/137360","targetHints":{"allow":["GET"]}}],"collection":[{"href":"https:\/\/www.quebakan.com\/v15\/wp-json\/wp\/v2\/posts"}],"about":[{"href":"https:\/\/www.quebakan.com\/v15\/wp-json\/wp\/v2\/types\/post"}],"author":[{"embeddable":true,"href":"https:\/\/www.quebakan.com\/v15\/wp-json\/wp\/v2\/users\/4"}],"replies":[{"embeddable":true,"href":"https:\/\/www.quebakan.com\/v15\/wp-json\/wp\/v2\/comments?post=137360"}],"version-history":[{"count":1,"href":"https:\/\/www.quebakan.com\/v15\/wp-json\/wp\/v2\/posts\/137360\/revisions"}],"predecessor-version":[{"id":137362,"href":"https:\/\/www.quebakan.com\/v15\/wp-json\/wp\/v2\/posts\/137360\/revisions\/137362"}],"wp:featuredmedia":[{"embeddable":true,"href":"https:\/\/www.quebakan.com\/v15\/wp-json\/wp\/v2\/media\/137361"}],"wp:attachment":[{"href":"https:\/\/www.quebakan.com\/v15\/wp-json\/wp\/v2\/media?parent=137360"}],"wp:term":[{"taxonomy":"category","embeddable":true,"href":"https:\/\/www.quebakan.com\/v15\/wp-json\/wp\/v2\/categories?post=137360"},{"taxonomy":"post_tag","embeddable":true,"href":"https:\/\/www.quebakan.com\/v15\/wp-json\/wp\/v2\/tags?post=137360"}],"curies":[{"name":"wp","href":"https:\/\/api.w.org\/{rel}","templated":true}]}}