{"id":137363,"date":"2025-11-14T22:12:18","date_gmt":"2025-11-15T03:12:18","guid":{"rendered":"https:\/\/www.quebakan.com\/v15\/?p=137363"},"modified":"2025-11-14T22:12:18","modified_gmt":"2025-11-15T03:12:18","slug":"copa-davis-2025-por-directv-cuando-y-donde-ver-la-definicion-del-certamen","status":"publish","type":"post","link":"https:\/\/www.quebakan.com\/v15\/copa-davis-2025-por-directv-cuando-y-donde-ver-la-definicion-del-certamen\/","title":{"rendered":"Copa Davis 2025 por DIRECTV: cu\u00e1ndo y d\u00f3nde ver la definici\u00f3n del certamen"},"content":{"rendered":"<p><img fetchpriority=\"high\" decoding=\"async\" class=\"aligncenter size-full wp-image-137364\" src=\"https:\/\/www.quebakan.com\/v15\/wp-content\/uploads\/2025\/11\/COPA-DAVIS-2025-por-DIRECTV.jpg\" alt=\"\" width=\"525\" height=\"700\" \/><\/p>\n<p style=\"text-align: justify;\"><span style=\"color: #000000;\"><em>La se\u00f1al DSPORTS, disponible en el servicio de televisi\u00f3n satelital y la plataforma de streaming DGO, transmitir\u00e1 el Final 8 que se desarrollar\u00e1 en Bolonia, Italia, a partir del pr\u00f3ximo martes 18 de noviembre. <\/em><\/span><\/p>\n<p style=\"text-align: justify;\"><span style=\"color: #000000;\"><strong>Quito, 14 de noviembre de 2025<\/strong> \u2013 Ocho pa\u00edses participar\u00e1n de los playoffs en busca de la emblem\u00e1tica ensaladera de plata. La acci\u00f3n comenzar\u00e1 el martes 18 de noviembre cuando Francia se enfrente a B\u00e9lgica. Durante los siguientes cinco d\u00edas, las principales estrellas del tenis luchar\u00e1n para coronarse en la Copa Davis 2025. DSPORTS, 610 \/ 1610 HD de la grilla de programaci\u00f3n de DIRECTV, y la plataforma de streaming DGO transmitir\u00e1n todos los partidos.<\/span><\/p>\n<table>\n<tbody>\n<tr>\n<td colspan=\"6\" width=\"566\"><span style=\"color: #000000;\"><strong>COPA DAVIS 2025 \u2013 FINAL 8 <\/strong><\/span><\/td>\n<\/tr>\n<tr>\n<td width=\"53\"><span style=\"color: #000000;\">D\u00cdA<\/span><\/td>\n<td width=\"60\"><span style=\"color: #000000;\">HORA<\/span><\/td>\n<td width=\"89\"><span style=\"color: #000000;\">FASE<\/span><\/td>\n<td width=\"176\"><span style=\"color: #000000;\">PARTIDO<\/span><\/td>\n<td width=\"104\"><span style=\"color: #000000;\">SE\u00d1AL<\/span><\/td>\n<td rowspan=\"8\" width=\"85\"><span style=\"color: #000000;\">Disponible <\/span><br \/>\n<span style=\"color: #000000;\">en DGO<\/span><\/td>\n<\/tr>\n<tr>\n<td width=\"53\"><span style=\"color: #000000;\">18\/11<\/span><\/td>\n<td width=\"60\"><span style=\"color: #000000;\">10:00<\/span><\/td>\n<td rowspan=\"4\" width=\"89\"><span style=\"color: #000000;\">4tos de<\/span><\/p>\n<p><span style=\"color: #000000;\">Final<\/span><\/td>\n<td width=\"176\"><span style=\"color: #000000;\">Francia vs. B\u00e9lgica<\/span><\/td>\n<td rowspan=\"7\" width=\"104\"><span style=\"color: #000000;\">DSPORTS<\/span><\/p>\n<p><span style=\"color: #000000;\">610\/1610 HD<\/span><\/td>\n<\/tr>\n<tr>\n<td width=\"53\"><span style=\"color: #000000;\">19\/11<\/span><\/td>\n<td width=\"60\"><span style=\"color: #000000;\">10:00<\/span><\/td>\n<td width=\"176\"><span style=\"color: #000000;\">Italia vs. Austria<\/span><\/td>\n<\/tr>\n<tr>\n<td rowspan=\"2\" width=\"53\"><span style=\"color: #000000;\">20\/11<\/span><\/td>\n<td width=\"60\"><span style=\"color: #000000;\">04:00<\/span><\/td>\n<td width=\"176\"><span style=\"color: #000000;\">Espa\u00f1a vs. Rep. Checa<\/span><\/td>\n<\/tr>\n<tr>\n<td width=\"60\"><span style=\"color: #000000;\">11:00<\/span><\/td>\n<td width=\"176\"><span style=\"color: #000000;\">Argentina vs. Alemania<\/span><\/td>\n<\/tr>\n<tr>\n<td width=\"53\"><span style=\"color: #000000;\">21\/11<\/span><\/td>\n<td width=\"60\"><span style=\"color: #000000;\">10:00<\/span><\/td>\n<td rowspan=\"2\" width=\"89\"><span style=\"color: #000000;\">Semifinales<\/span><\/td>\n<td width=\"176\">&nbsp;<\/td>\n<\/tr>\n<tr>\n<td width=\"53\"><span style=\"color: #000000;\">22\/11<\/span><\/td>\n<td width=\"60\"><span style=\"color: #000000;\">06:00<\/span><\/td>\n<td width=\"176\">&nbsp;<\/td>\n<\/tr>\n<tr>\n<td width=\"53\"><span style=\"color: #000000;\">23\/11<\/span><\/td>\n<td width=\"60\"><span style=\"color: #000000;\">09:00<\/span><\/td>\n<td width=\"89\"><span style=\"color: #000000;\">FINAL<\/span><\/td>\n<td width=\"176\">&nbsp;<\/td>\n<\/tr>\n<\/tbody>\n<\/table>\n<p style=\"text-align: justify;\"><span style=\"color: #000000;\">Alcaraz y Zverev, dos de los mejores tenistas del ranking ATP, entre otros, animar\u00e1n la fiesta del tenis que se desarrollar\u00e1 desde el 18 hasta el 23 de noviembre. Italia, actual bicampe\u00f3n de la Copa Davis tras ganar el t\u00edtulo en 2023 y 2024, chocar\u00e1 con Austria el pr\u00f3ximo mi\u00e9rcoles y, al d\u00eda siguiente, ser\u00e1 el turno de los cruces entre Espa\u00f1a-Rep\u00fablica Checa y Argentina-Alemania.<\/span><\/p>\n<p style=\"text-align: justify;\"><span style=\"color: #000000;\">Los ganadores de esta fase disputar\u00e1n las semifinales. Cada emparejamiento ser\u00e1 al mejor de tres partidos (dos singles y un dobles) y la gran final ser\u00e1 el domingo 23 a partir de las 9. La cobertura del Final 8 ser\u00e1 a trav\u00e9s de DSPORTS (610\/1610HD) y DGO en exclusiva.<\/span><\/p>\n","protected":false},"excerpt":{"rendered":"<p>La se\u00f1al DSPORTS, disponible en el servicio de televisi\u00f3n satelital y la plataforma de streaming DGO, transmitir\u00e1 el Final 8 que se desarrollar\u00e1 en Bolonia, Italia, a partir del pr\u00f3ximo martes 18 de noviembre. Quito, 14 de noviembre de 2025 \u2013 Ocho pa\u00edses participar\u00e1n de los playoffs en busca de la emblem\u00e1tica ensaladera de plata. [&hellip;]<\/p>\n","protected":false},"author":4,"featured_media":137364,"comment_status":"closed","ping_status":"closed","sticky":false,"template":"","format":"standard","meta":{"_bbp_topic_count":0,"_bbp_reply_count":0,"_bbp_total_topic_count":0,"_bbp_total_reply_count":0,"_bbp_voice_count":0,"_bbp_anonymous_reply_count":0,"_bbp_topic_count_hidden":0,"_bbp_reply_count_hidden":0,"_bbp_forum_subforum_count":0,"buzzeditor_post_format":"","footnotes":""},"categories":[2],"tags":[],"class_list":["post-137363","post","type-post","status-publish","format-standard","has-post-thumbnail","hentry","category-noticias"],"yoast_head":"<!-- This site is optimized with the Yoast SEO plugin v27.5 - https:\/\/yoast.com\/product\/yoast-seo-wordpress\/ -->\n<title>Copa Davis 2025 por DIRECTV: cu\u00e1ndo y d\u00f3nde ver la definici\u00f3n del certamen &#8211; QUEBAKAN.COM 2026: Noticias, Eventos, Conciertos y mucho m\u00e1s....<\/title>\n<meta name=\"robots\" content=\"index, follow, max-snippet:-1, max-image-preview:large, max-video-preview:-1\" \/>\n<link rel=\"canonical\" href=\"https:\/\/www.quebakan.com\/v15\/copa-davis-2025-por-directv-cuando-y-donde-ver-la-definicion-del-certamen\/\" \/>\n<meta property=\"og:locale\" content=\"es_ES\" \/>\n<meta property=\"og:type\" content=\"article\" \/>\n<meta property=\"og:title\" content=\"Copa Davis 2025 por DIRECTV: cu\u00e1ndo y d\u00f3nde ver la definici\u00f3n del certamen &#8211; QUEBAKAN.COM 2026: Noticias, Eventos, Conciertos y mucho m\u00e1s....\" \/>\n<meta property=\"og:description\" content=\"La se\u00f1al DSPORTS, disponible en el servicio de televisi\u00f3n satelital y la plataforma de streaming DGO, transmitir\u00e1 el Final 8 que se desarrollar\u00e1 en Bolonia, Italia, a partir del pr\u00f3ximo martes 18 de noviembre. Quito, 14 de noviembre de 2025 \u2013 Ocho pa\u00edses participar\u00e1n de los playoffs en busca de la emblem\u00e1tica ensaladera de plata. [&hellip;]\" \/>\n<meta property=\"og:url\" content=\"https:\/\/www.quebakan.com\/v15\/copa-davis-2025-por-directv-cuando-y-donde-ver-la-definicion-del-certamen\/\" \/>\n<meta property=\"og:site_name\" content=\"QUEBAKAN.COM 2026: Noticias, Eventos, Conciertos y mucho m\u00e1s....\" \/>\n<meta property=\"article:publisher\" content=\"http:\/\/www.facebook.com\/quebakan\" \/>\n<meta property=\"article:published_time\" content=\"2025-11-15T03:12:18+00:00\" \/>\n<meta property=\"og:image\" content=\"https:\/\/www.quebakan.com\/v15\/wp-content\/uploads\/2025\/11\/COPA-DAVIS-2025-por-DIRECTV.jpg\" \/>\n\t<meta property=\"og:image:width\" content=\"525\" \/>\n\t<meta property=\"og:image:height\" content=\"700\" \/>\n\t<meta property=\"og:image:type\" content=\"image\/jpeg\" \/>\n<meta name=\"author\" content=\"Erick Villafuerte\" \/>\n<meta name=\"twitter:card\" content=\"summary_large_image\" \/>\n<meta name=\"twitter:creator\" content=\"@quebakanec\" \/>\n<meta name=\"twitter:site\" content=\"@quebakanec\" \/>\n<meta name=\"twitter:label1\" content=\"Escrito por\" \/>\n\t<meta name=\"twitter:data1\" content=\"Erick Villafuerte\" \/>\n\t<meta name=\"twitter:label2\" content=\"Tiempo de lectura\" \/>\n\t<meta name=\"twitter:data2\" content=\"2 minutos\" \/>\n<script type=\"application\/ld+json\" class=\"yoast-schema-graph\">{\"@context\":\"https:\\\/\\\/schema.org\",\"@graph\":[{\"@type\":\"Article\",\"@id\":\"https:\\\/\\\/www.quebakan.com\\\/v15\\\/copa-davis-2025-por-directv-cuando-y-donde-ver-la-definicion-del-certamen\\\/#article\",\"isPartOf\":{\"@id\":\"https:\\\/\\\/www.quebakan.com\\\/v15\\\/copa-davis-2025-por-directv-cuando-y-donde-ver-la-definicion-del-certamen\\\/\"},\"author\":{\"name\":\"Erick Villafuerte\",\"@id\":\"https:\\\/\\\/www.quebakan.com\\\/v15\\\/#\\\/schema\\\/person\\\/d90fa9f9cfa81eb8ace9811e5b7b9118\"},\"headline\":\"Copa Davis 2025 por DIRECTV: cu\u00e1ndo y d\u00f3nde ver la definici\u00f3n del certamen\",\"datePublished\":\"2025-11-15T03:12:18+00:00\",\"mainEntityOfPage\":{\"@id\":\"https:\\\/\\\/www.quebakan.com\\\/v15\\\/copa-davis-2025-por-directv-cuando-y-donde-ver-la-definicion-del-certamen\\\/\"},\"wordCount\":281,\"publisher\":{\"@id\":\"https:\\\/\\\/www.quebakan.com\\\/v15\\\/#organization\"},\"image\":{\"@id\":\"https:\\\/\\\/www.quebakan.com\\\/v15\\\/copa-davis-2025-por-directv-cuando-y-donde-ver-la-definicion-del-certamen\\\/#primaryimage\"},\"thumbnailUrl\":\"https:\\\/\\\/www.quebakan.com\\\/v15\\\/wp-content\\\/uploads\\\/2025\\\/11\\\/COPA-DAVIS-2025-por-DIRECTV.jpg\",\"articleSection\":[\"Noticias\"],\"inLanguage\":\"es\"},{\"@type\":\"WebPage\",\"@id\":\"https:\\\/\\\/www.quebakan.com\\\/v15\\\/copa-davis-2025-por-directv-cuando-y-donde-ver-la-definicion-del-certamen\\\/\",\"url\":\"https:\\\/\\\/www.quebakan.com\\\/v15\\\/copa-davis-2025-por-directv-cuando-y-donde-ver-la-definicion-del-certamen\\\/\",\"name\":\"Copa Davis 2025 por DIRECTV: cu\u00e1ndo y d\u00f3nde ver la definici\u00f3n del certamen &#8211; QUEBAKAN.COM 2026: Noticias, Eventos, Conciertos y mucho m\u00e1s....\",\"isPartOf\":{\"@id\":\"https:\\\/\\\/www.quebakan.com\\\/v15\\\/#website\"},\"primaryImageOfPage\":{\"@id\":\"https:\\\/\\\/www.quebakan.com\\\/v15\\\/copa-davis-2025-por-directv-cuando-y-donde-ver-la-definicion-del-certamen\\\/#primaryimage\"},\"image\":{\"@id\":\"https:\\\/\\\/www.quebakan.com\\\/v15\\\/copa-davis-2025-por-directv-cuando-y-donde-ver-la-definicion-del-certamen\\\/#primaryimage\"},\"thumbnailUrl\":\"https:\\\/\\\/www.quebakan.com\\\/v15\\\/wp-content\\\/uploads\\\/2025\\\/11\\\/COPA-DAVIS-2025-por-DIRECTV.jpg\",\"datePublished\":\"2025-11-15T03:12:18+00:00\",\"breadcrumb\":{\"@id\":\"https:\\\/\\\/www.quebakan.com\\\/v15\\\/copa-davis-2025-por-directv-cuando-y-donde-ver-la-definicion-del-certamen\\\/#breadcrumb\"},\"inLanguage\":\"es\",\"potentialAction\":[{\"@type\":\"ReadAction\",\"target\":[\"https:\\\/\\\/www.quebakan.com\\\/v15\\\/copa-davis-2025-por-directv-cuando-y-donde-ver-la-definicion-del-certamen\\\/\"]}]},{\"@type\":\"ImageObject\",\"inLanguage\":\"es\",\"@id\":\"https:\\\/\\\/www.quebakan.com\\\/v15\\\/copa-davis-2025-por-directv-cuando-y-donde-ver-la-definicion-del-certamen\\\/#primaryimage\",\"url\":\"https:\\\/\\\/www.quebakan.com\\\/v15\\\/wp-content\\\/uploads\\\/2025\\\/11\\\/COPA-DAVIS-2025-por-DIRECTV.jpg\",\"contentUrl\":\"https:\\\/\\\/www.quebakan.com\\\/v15\\\/wp-content\\\/uploads\\\/2025\\\/11\\\/COPA-DAVIS-2025-por-DIRECTV.jpg\",\"width\":525,\"height\":700},{\"@type\":\"BreadcrumbList\",\"@id\":\"https:\\\/\\\/www.quebakan.com\\\/v15\\\/copa-davis-2025-por-directv-cuando-y-donde-ver-la-definicion-del-certamen\\\/#breadcrumb\",\"itemListElement\":[{\"@type\":\"ListItem\",\"position\":1,\"name\":\"Portada\",\"item\":\"https:\\\/\\\/www.quebakan.com\\\/v15\\\/\"},{\"@type\":\"ListItem\",\"position\":2,\"name\":\"Copa Davis 2025 por DIRECTV: cu\u00e1ndo y d\u00f3nde ver la definici\u00f3n del certamen\"}]},{\"@type\":\"WebSite\",\"@id\":\"https:\\\/\\\/www.quebakan.com\\\/v15\\\/#website\",\"url\":\"https:\\\/\\\/www.quebakan.com\\\/v15\\\/\",\"name\":\"QUEBAKAN\",\"description\":\"..\",\"publisher\":{\"@id\":\"https:\\\/\\\/www.quebakan.com\\\/v15\\\/#organization\"},\"potentialAction\":[{\"@type\":\"SearchAction\",\"target\":{\"@type\":\"EntryPoint\",\"urlTemplate\":\"https:\\\/\\\/www.quebakan.com\\\/v15\\\/?s={search_term_string}\"},\"query-input\":{\"@type\":\"PropertyValueSpecification\",\"valueRequired\":true,\"valueName\":\"search_term_string\"}}],\"inLanguage\":\"es\"},{\"@type\":\"Organization\",\"@id\":\"https:\\\/\\\/www.quebakan.com\\\/v15\\\/#organization\",\"name\":\"Quebakan.com\",\"url\":\"https:\\\/\\\/www.quebakan.com\\\/v15\\\/\",\"logo\":{\"@type\":\"ImageObject\",\"inLanguage\":\"es\",\"@id\":\"https:\\\/\\\/www.quebakan.com\\\/v15\\\/#\\\/schema\\\/logo\\\/image\\\/\",\"url\":\"https:\\\/\\\/www.quebakan.com\\\/v15\\\/wp-content\\\/uploads\\\/2023\\\/07\\\/logoquebakanenero2021.jpg\",\"contentUrl\":\"https:\\\/\\\/www.quebakan.com\\\/v15\\\/wp-content\\\/uploads\\\/2023\\\/07\\\/logoquebakanenero2021.jpg\",\"width\":1920,\"height\":1080,\"caption\":\"Quebakan.com\"},\"image\":{\"@id\":\"https:\\\/\\\/www.quebakan.com\\\/v15\\\/#\\\/schema\\\/logo\\\/image\\\/\"},\"sameAs\":[\"http:\\\/\\\/www.facebook.com\\\/quebakan\",\"https:\\\/\\\/x.com\\\/quebakanec\",\"http:\\\/\\\/www.instagram.com\\\/quebakan\",\"http:\\\/\\\/www.youtube.com\\\/quebakan1\"]},{\"@type\":\"Person\",\"@id\":\"https:\\\/\\\/www.quebakan.com\\\/v15\\\/#\\\/schema\\\/person\\\/d90fa9f9cfa81eb8ace9811e5b7b9118\",\"name\":\"Erick Villafuerte\",\"image\":{\"@type\":\"ImageObject\",\"inLanguage\":\"es\",\"@id\":\"https:\\\/\\\/www.quebakan.com\\\/v15\\\/wp-content\\\/uploads\\\/avatars\\\/4\\\/1731297654-bpfull.png\",\"url\":\"https:\\\/\\\/www.quebakan.com\\\/v15\\\/wp-content\\\/uploads\\\/avatars\\\/4\\\/1731297654-bpfull.png\",\"contentUrl\":\"https:\\\/\\\/www.quebakan.com\\\/v15\\\/wp-content\\\/uploads\\\/avatars\\\/4\\\/1731297654-bpfull.png\",\"caption\":\"Erick Villafuerte\"}}]}<\/script>\n<!-- \/ Yoast SEO plugin. -->","yoast_head_json":{"title":"Copa Davis 2025 por DIRECTV: cu\u00e1ndo y d\u00f3nde ver la definici\u00f3n del certamen &#8211; QUEBAKAN.COM 2026: Noticias, Eventos, Conciertos y mucho m\u00e1s....","robots":{"index":"index","follow":"follow","max-snippet":"max-snippet:-1","max-image-preview":"max-image-preview:large","max-video-preview":"max-video-preview:-1"},"canonical":"https:\/\/www.quebakan.com\/v15\/copa-davis-2025-por-directv-cuando-y-donde-ver-la-definicion-del-certamen\/","og_locale":"es_ES","og_type":"article","og_title":"Copa Davis 2025 por DIRECTV: cu\u00e1ndo y d\u00f3nde ver la definici\u00f3n del certamen &#8211; QUEBAKAN.COM 2026: Noticias, Eventos, Conciertos y mucho m\u00e1s....","og_description":"La se\u00f1al DSPORTS, disponible en el servicio de televisi\u00f3n satelital y la plataforma de streaming DGO, transmitir\u00e1 el Final 8 que se desarrollar\u00e1 en Bolonia, Italia, a partir del pr\u00f3ximo martes 18 de noviembre. Quito, 14 de noviembre de 2025 \u2013 Ocho pa\u00edses participar\u00e1n de los playoffs en busca de la emblem\u00e1tica ensaladera de plata. [&hellip;]","og_url":"https:\/\/www.quebakan.com\/v15\/copa-davis-2025-por-directv-cuando-y-donde-ver-la-definicion-del-certamen\/","og_site_name":"QUEBAKAN.COM 2026: Noticias, Eventos, Conciertos y mucho m\u00e1s....","article_publisher":"http:\/\/www.facebook.com\/quebakan","article_published_time":"2025-11-15T03:12:18+00:00","og_image":[{"width":525,"height":700,"url":"https:\/\/www.quebakan.com\/v15\/wp-content\/uploads\/2025\/11\/COPA-DAVIS-2025-por-DIRECTV.jpg","type":"image\/jpeg"}],"author":"Erick Villafuerte","twitter_card":"summary_large_image","twitter_creator":"@quebakanec","twitter_site":"@quebakanec","twitter_misc":{"Escrito por":"Erick Villafuerte","Tiempo de lectura":"2 minutos"},"schema":{"@context":"https:\/\/schema.org","@graph":[{"@type":"Article","@id":"https:\/\/www.quebakan.com\/v15\/copa-davis-2025-por-directv-cuando-y-donde-ver-la-definicion-del-certamen\/#article","isPartOf":{"@id":"https:\/\/www.quebakan.com\/v15\/copa-davis-2025-por-directv-cuando-y-donde-ver-la-definicion-del-certamen\/"},"author":{"name":"Erick Villafuerte","@id":"https:\/\/www.quebakan.com\/v15\/#\/schema\/person\/d90fa9f9cfa81eb8ace9811e5b7b9118"},"headline":"Copa Davis 2025 por DIRECTV: cu\u00e1ndo y d\u00f3nde ver la definici\u00f3n del certamen","datePublished":"2025-11-15T03:12:18+00:00","mainEntityOfPage":{"@id":"https:\/\/www.quebakan.com\/v15\/copa-davis-2025-por-directv-cuando-y-donde-ver-la-definicion-del-certamen\/"},"wordCount":281,"publisher":{"@id":"https:\/\/www.quebakan.com\/v15\/#organization"},"image":{"@id":"https:\/\/www.quebakan.com\/v15\/copa-davis-2025-por-directv-cuando-y-donde-ver-la-definicion-del-certamen\/#primaryimage"},"thumbnailUrl":"https:\/\/www.quebakan.com\/v15\/wp-content\/uploads\/2025\/11\/COPA-DAVIS-2025-por-DIRECTV.jpg","articleSection":["Noticias"],"inLanguage":"es"},{"@type":"WebPage","@id":"https:\/\/www.quebakan.com\/v15\/copa-davis-2025-por-directv-cuando-y-donde-ver-la-definicion-del-certamen\/","url":"https:\/\/www.quebakan.com\/v15\/copa-davis-2025-por-directv-cuando-y-donde-ver-la-definicion-del-certamen\/","name":"Copa Davis 2025 por DIRECTV: cu\u00e1ndo y d\u00f3nde ver la definici\u00f3n del certamen &#8211; QUEBAKAN.COM 2026: Noticias, Eventos, Conciertos y mucho m\u00e1s....","isPartOf":{"@id":"https:\/\/www.quebakan.com\/v15\/#website"},"primaryImageOfPage":{"@id":"https:\/\/www.quebakan.com\/v15\/copa-davis-2025-por-directv-cuando-y-donde-ver-la-definicion-del-certamen\/#primaryimage"},"image":{"@id":"https:\/\/www.quebakan.com\/v15\/copa-davis-2025-por-directv-cuando-y-donde-ver-la-definicion-del-certamen\/#primaryimage"},"thumbnailUrl":"https:\/\/www.quebakan.com\/v15\/wp-content\/uploads\/2025\/11\/COPA-DAVIS-2025-por-DIRECTV.jpg","datePublished":"2025-11-15T03:12:18+00:00","breadcrumb":{"@id":"https:\/\/www.quebakan.com\/v15\/copa-davis-2025-por-directv-cuando-y-donde-ver-la-definicion-del-certamen\/#breadcrumb"},"inLanguage":"es","potentialAction":[{"@type":"ReadAction","target":["https:\/\/www.quebakan.com\/v15\/copa-davis-2025-por-directv-cuando-y-donde-ver-la-definicion-del-certamen\/"]}]},{"@type":"ImageObject","inLanguage":"es","@id":"https:\/\/www.quebakan.com\/v15\/copa-davis-2025-por-directv-cuando-y-donde-ver-la-definicion-del-certamen\/#primaryimage","url":"https:\/\/www.quebakan.com\/v15\/wp-content\/uploads\/2025\/11\/COPA-DAVIS-2025-por-DIRECTV.jpg","contentUrl":"https:\/\/www.quebakan.com\/v15\/wp-content\/uploads\/2025\/11\/COPA-DAVIS-2025-por-DIRECTV.jpg","width":525,"height":700},{"@type":"BreadcrumbList","@id":"https:\/\/www.quebakan.com\/v15\/copa-davis-2025-por-directv-cuando-y-donde-ver-la-definicion-del-certamen\/#breadcrumb","itemListElement":[{"@type":"ListItem","position":1,"name":"Portada","item":"https:\/\/www.quebakan.com\/v15\/"},{"@type":"ListItem","position":2,"name":"Copa Davis 2025 por DIRECTV: cu\u00e1ndo y d\u00f3nde ver la definici\u00f3n del certamen"}]},{"@type":"WebSite","@id":"https:\/\/www.quebakan.com\/v15\/#website","url":"https:\/\/www.quebakan.com\/v15\/","name":"QUEBAKAN","description":"..","publisher":{"@id":"https:\/\/www.quebakan.com\/v15\/#organization"},"potentialAction":[{"@type":"SearchAction","target":{"@type":"EntryPoint","urlTemplate":"https:\/\/www.quebakan.com\/v15\/?s={search_term_string}"},"query-input":{"@type":"PropertyValueSpecification","valueRequired":true,"valueName":"search_term_string"}}],"inLanguage":"es"},{"@type":"Organization","@id":"https:\/\/www.quebakan.com\/v15\/#organization","name":"Quebakan.com","url":"https:\/\/www.quebakan.com\/v15\/","logo":{"@type":"ImageObject","inLanguage":"es","@id":"https:\/\/www.quebakan.com\/v15\/#\/schema\/logo\/image\/","url":"https:\/\/www.quebakan.com\/v15\/wp-content\/uploads\/2023\/07\/logoquebakanenero2021.jpg","contentUrl":"https:\/\/www.quebakan.com\/v15\/wp-content\/uploads\/2023\/07\/logoquebakanenero2021.jpg","width":1920,"height":1080,"caption":"Quebakan.com"},"image":{"@id":"https:\/\/www.quebakan.com\/v15\/#\/schema\/logo\/image\/"},"sameAs":["http:\/\/www.facebook.com\/quebakan","https:\/\/x.com\/quebakanec","http:\/\/www.instagram.com\/quebakan","http:\/\/www.youtube.com\/quebakan1"]},{"@type":"Person","@id":"https:\/\/www.quebakan.com\/v15\/#\/schema\/person\/d90fa9f9cfa81eb8ace9811e5b7b9118","name":"Erick Villafuerte","image":{"@type":"ImageObject","inLanguage":"es","@id":"https:\/\/www.quebakan.com\/v15\/wp-content\/uploads\/avatars\/4\/1731297654-bpfull.png","url":"https:\/\/www.quebakan.com\/v15\/wp-content\/uploads\/avatars\/4\/1731297654-bpfull.png","contentUrl":"https:\/\/www.quebakan.com\/v15\/wp-content\/uploads\/avatars\/4\/1731297654-bpfull.png","caption":"Erick Villafuerte"}}]}},"_links":{"self":[{"href":"https:\/\/www.quebakan.com\/v15\/wp-json\/wp\/v2\/posts\/137363","targetHints":{"allow":["GET"]}}],"collection":[{"href":"https:\/\/www.quebakan.com\/v15\/wp-json\/wp\/v2\/posts"}],"about":[{"href":"https:\/\/www.quebakan.com\/v15\/wp-json\/wp\/v2\/types\/post"}],"author":[{"embeddable":true,"href":"https:\/\/www.quebakan.com\/v15\/wp-json\/wp\/v2\/users\/4"}],"replies":[{"embeddable":true,"href":"https:\/\/www.quebakan.com\/v15\/wp-json\/wp\/v2\/comments?post=137363"}],"version-history":[{"count":1,"href":"https:\/\/www.quebakan.com\/v15\/wp-json\/wp\/v2\/posts\/137363\/revisions"}],"predecessor-version":[{"id":137365,"href":"https:\/\/www.quebakan.com\/v15\/wp-json\/wp\/v2\/posts\/137363\/revisions\/137365"}],"wp:featuredmedia":[{"embeddable":true,"href":"https:\/\/www.quebakan.com\/v15\/wp-json\/wp\/v2\/media\/137364"}],"wp:attachment":[{"href":"https:\/\/www.quebakan.com\/v15\/wp-json\/wp\/v2\/media?parent=137363"}],"wp:term":[{"taxonomy":"category","embeddable":true,"href":"https:\/\/www.quebakan.com\/v15\/wp-json\/wp\/v2\/categories?post=137363"},{"taxonomy":"post_tag","embeddable":true,"href":"https:\/\/www.quebakan.com\/v15\/wp-json\/wp\/v2\/tags?post=137363"}],"curies":[{"name":"wp","href":"https:\/\/api.w.org\/{rel}","templated":true}]}}