{"id":137366,"date":"2025-11-14T22:35:49","date_gmt":"2025-11-15T03:35:49","guid":{"rendered":"https:\/\/www.quebakan.com\/v15\/?p=137366"},"modified":"2025-11-14T22:35:49","modified_gmt":"2025-11-15T03:35:49","slug":"lg-ilumina-el-black-friday-con-experiencias-visuales-unicas-lg-oled-evo-y-lg-qned-con-precios-especiales","status":"publish","type":"post","link":"https:\/\/www.quebakan.com\/v15\/lg-ilumina-el-black-friday-con-experiencias-visuales-unicas-lg-oled-evo-y-lg-qned-con-precios-especiales\/","title":{"rendered":"LG ilumina el Black Friday con experiencias visuales \u00fanicas:  LG OLED evo y LG QNED con precios especiales"},"content":{"rendered":"<p><img fetchpriority=\"high\" decoding=\"async\" class=\"aligncenter size-full wp-image-137367\" src=\"https:\/\/www.quebakan.com\/v15\/wp-content\/uploads\/2025\/11\/boletin-65QNED70ASA.jpg\" alt=\"\" width=\"700\" height=\"467\" \/><\/p>\n<p style=\"text-align: justify;\"><span style=\"color: #000000;\"><em>Televisores premium con tecnolog\u00eda de \u00faltima generaci\u00f3n y descuentos exclusivos en cadenas de retails y LG Shop<\/em><\/span><\/p>\n<p style=\"text-align: justify;\"><span style=\"color: #000000;\"><strong>Ecuador, 13 de noviembre de 2025<\/strong> \u2013 Este Black Friday, <strong>LG Electronics <\/strong>presenta una oportunidad imperdible para transformar cada espacio en un centro de entretenimiento de primer nivel. Con <strong>precios \u00fanicos<\/strong> en su l\u00ednea de televisores <strong>LG OLED evo y LG QNED<\/strong>, la marca invita a los ecuatorianos a vivir una experiencia audiovisual sin precedentes, disponible en <strong>todos los retails del pa\u00eds y en la tienda online de LG <\/strong><a style=\"color: #000000;\" href=\"http:\/\/lgshop.ec\"><strong>LGShop.ec<\/strong><\/a>.<\/span><\/p>\n<p style=\"text-align: justify;\"><span style=\"color: #000000;\">La nueva serie <strong>LG OLED evo C5<\/strong> redefine la experiencia visual con p\u00edxeles autoiluminados que ofrecen negros perfectos, contraste infinito y colores vibrantes en cada escena. Su dise\u00f1o ultradelgado y elegante se integra naturalmente en cualquier ambiente, mientras que el <strong>procesador \u03b19 AI Gen8<\/strong>, uno de los chips m\u00e1s avanzados de LG para la categor\u00eda OLED, eleva la inteligencia artificial del televisor a un nuevo nivel.<\/span><\/p>\n<p style=\"text-align: justify;\"><span style=\"color: #000000;\">Gracias a esta tecnolog\u00eda, la TV <strong>aprende de los h\u00e1bitos de uso y del contenido que el usuario consume<\/strong>, optimizando autom\u00e1ticamente imagen y sonido en tiempo real para ofrecer una experiencia totalmente personalizada. Adem\u00e1s, la l\u00ednea incorpora la tecnolog\u00eda <strong>Brightness Booster<\/strong>, que incrementa la luminosidad de cada p\u00edxel y mejora la claridad incluso en espacios bien iluminados. El resultado es un televisor que combina <strong>potencia, innovaci\u00f3n y practicidad<\/strong>, con un dise\u00f1o tan fino y sofisticado que se integra con total armon\u00eda en cualquier espacio del hogar.<\/span><\/p>\n<p style=\"text-align: justify;\"><span style=\"color: #000000;\">Por su parte, los modelos <strong>LG QNED 70 2025<\/strong>, disponibles en versiones desde 55\u201d hasta 75\u201d, ofrecen im\u00e1genes con detalles realistas y una paleta de colores excepcional. Su tasa de actualizaci\u00f3n fluida y compatibilidad con HDR convierten a esta l\u00ednea en la opci\u00f3n perfecta para quienes disfrutan de pel\u00edculas, videojuegos y contenidos deportivos con la mejor calidad.<\/span><\/p>\n<p style=\"text-align: justify;\"><span style=\"color: #000000;\">A partir de 2025, LG diversifica las soluciones de color aplicadas a sus televisores QNED, incorporando la innovadora <strong>tecnolog\u00eda Dynamic QNED Color Solution<\/strong>, una evoluci\u00f3n patentada que ampl\u00eda la gama crom\u00e1tica y mejora la precisi\u00f3n del color sin depender \u00fanicamente de la tecnolog\u00eda QD. Gracias a este avance, los nuevos televisores LG QNED logran un <strong>rendimiento de color optimizado y un volumen de color del 100 % certificado<\/strong>, lo que garantiza tonalidades vivas, intensas y coherentes incluso en escenas muy brillantes u oscuras.<\/span><\/p>\n<p style=\"text-align: justify;\"><span style=\"color: #000000;\">Esta tecnolog\u00eda reproduce los colores con una pureza excepcional, permitiendo ver rojos, verdes y azules tan reales como en la vida cotidiana, sin distorsi\u00f3n o p\u00e9rdida de brillo. Adem\u00e1s, asegura una <strong>consistencia del color del 100 % desde cualquier \u00e1ngulo<\/strong>, de modo que la imagen mantiene su claridad y fidelidad crom\u00e1tica sin importar la posici\u00f3n del espectador. En conjunto, la l\u00ednea LG QNED 2025 ofrece una experiencia visual inmersiva, m\u00e1s brillante y precisa, impulsada por inteligencia artificial y una ingenier\u00eda de color \u00fanica en su categor\u00eda.<\/span><\/p>\n<p style=\"text-align: justify;\"><span style=\"color: #000000;\">Tanto los modelos <strong>LG OLED evo<\/strong> como <strong>LG QNED<\/strong> integran el <strong>control Magic Remote con inteligencia artificial<\/strong>, que permite a los usuarios <strong>navegar, buscar contenido o ajustar configuraciones mediante comandos de voz<\/strong>, disfrutando de una <strong>experiencia m\u00e1s intuitiva, r\u00e1pida y personalizada.<\/strong><\/span><\/p>\n<p style=\"text-align: justify;\"><span style=\"color: #000000;\">Con esta campa\u00f1a, LG reafirma su compromiso con la innovaci\u00f3n y el acceso a tecnolog\u00eda premium. Los descuentos estar\u00e1n <strong>vigentes durante todo noviembre<\/strong> o hasta agotar stock, en las principales cadenas comerciales y en <a style=\"color: #000000;\" href=\"http:\/\/lgshop.ec\"><strong>LGShop.ec<\/strong><\/a>, con el respaldo y garant\u00eda oficial de LG Ecuador.<\/span><\/p>\n<p style=\"text-align: justify;\"><span style=\"color: #000000;\">Para obtener m\u00e1s informaci\u00f3n, visite el sitio web oficial de LG: <a style=\"color: #000000;\" href=\"https:\/\/www.lg.com\/ec\">https:\/\/www.lg.com\/ec<\/a> y siga las redes sociales de la marca: Instagram: <a style=\"color: #000000;\" href=\"https:\/\/www.instagram.com\/lg_ecuador\/\">LGEcuador<\/a>, Facebook: <a style=\"color: #000000;\" href=\"https:\/\/www.facebook.com\/LGEcuador\">LGEcuador<\/a>, YouTube: <a style=\"color: #000000;\" href=\"https:\/\/www.youtube.com\/@LGEcuador\">LGEcuador<\/a>.<\/span><\/p>\n<p><img decoding=\"async\" class=\"aligncenter size-full wp-image-137368\" src=\"https:\/\/www.quebakan.com\/v15\/wp-content\/uploads\/2025\/11\/boletin-OLED.jpg\" alt=\"\" width=\"700\" height=\"467\" \/><\/p>\n","protected":false},"excerpt":{"rendered":"<p>Televisores premium con tecnolog\u00eda de \u00faltima generaci\u00f3n y descuentos exclusivos en cadenas de retails y LG Shop Ecuador, 13 de noviembre de 2025 \u2013 Este Black Friday, LG Electronics presenta una oportunidad imperdible para transformar cada espacio en un centro de entretenimiento de primer nivel. Con precios \u00fanicos en su l\u00ednea de televisores LG OLED [&hellip;]<\/p>\n","protected":false},"author":4,"featured_media":137367,"comment_status":"closed","ping_status":"closed","sticky":false,"template":"","format":"standard","meta":{"_bbp_topic_count":0,"_bbp_reply_count":0,"_bbp_total_topic_count":0,"_bbp_total_reply_count":0,"_bbp_voice_count":0,"_bbp_anonymous_reply_count":0,"_bbp_topic_count_hidden":0,"_bbp_reply_count_hidden":0,"_bbp_forum_subforum_count":0,"buzzeditor_post_format":"","footnotes":""},"categories":[2],"tags":[],"class_list":["post-137366","post","type-post","status-publish","format-standard","has-post-thumbnail","hentry","category-noticias"],"yoast_head":"<!-- This site is optimized with the Yoast SEO plugin v27.5 - https:\/\/yoast.com\/product\/yoast-seo-wordpress\/ -->\n<title>LG ilumina el Black Friday con experiencias visuales \u00fanicas: LG OLED evo y LG QNED con precios especiales &#8211; QUEBAKAN.COM 2026: Noticias, Eventos, Conciertos y mucho m\u00e1s....<\/title>\n<meta name=\"robots\" content=\"index, follow, max-snippet:-1, max-image-preview:large, max-video-preview:-1\" \/>\n<link rel=\"canonical\" href=\"https:\/\/www.quebakan.com\/v15\/lg-ilumina-el-black-friday-con-experiencias-visuales-unicas-lg-oled-evo-y-lg-qned-con-precios-especiales\/\" \/>\n<meta property=\"og:locale\" content=\"es_ES\" \/>\n<meta property=\"og:type\" content=\"article\" \/>\n<meta property=\"og:title\" content=\"LG ilumina el Black Friday con experiencias visuales \u00fanicas: LG OLED evo y LG QNED con precios especiales &#8211; QUEBAKAN.COM 2026: Noticias, Eventos, Conciertos y mucho m\u00e1s....\" \/>\n<meta property=\"og:description\" content=\"Televisores premium con tecnolog\u00eda de \u00faltima generaci\u00f3n y descuentos exclusivos en cadenas de retails y LG Shop Ecuador, 13 de noviembre de 2025 \u2013 Este Black Friday, LG Electronics presenta una oportunidad imperdible para transformar cada espacio en un centro de entretenimiento de primer nivel. Con precios \u00fanicos en su l\u00ednea de televisores LG OLED [&hellip;]\" \/>\n<meta property=\"og:url\" content=\"https:\/\/www.quebakan.com\/v15\/lg-ilumina-el-black-friday-con-experiencias-visuales-unicas-lg-oled-evo-y-lg-qned-con-precios-especiales\/\" \/>\n<meta property=\"og:site_name\" content=\"QUEBAKAN.COM 2026: Noticias, Eventos, Conciertos y mucho m\u00e1s....\" \/>\n<meta property=\"article:publisher\" content=\"http:\/\/www.facebook.com\/quebakan\" \/>\n<meta property=\"article:published_time\" content=\"2025-11-15T03:35:49+00:00\" \/>\n<meta property=\"og:image\" content=\"https:\/\/www.quebakan.com\/v15\/wp-content\/uploads\/2025\/11\/boletin-65QNED70ASA.jpg\" \/>\n\t<meta property=\"og:image:width\" content=\"700\" \/>\n\t<meta property=\"og:image:height\" content=\"467\" \/>\n\t<meta property=\"og:image:type\" content=\"image\/jpeg\" \/>\n<meta name=\"author\" content=\"Erick Villafuerte\" \/>\n<meta name=\"twitter:card\" content=\"summary_large_image\" \/>\n<meta name=\"twitter:creator\" content=\"@quebakanec\" \/>\n<meta name=\"twitter:site\" content=\"@quebakanec\" \/>\n<meta name=\"twitter:label1\" content=\"Escrito por\" \/>\n\t<meta name=\"twitter:data1\" content=\"Erick Villafuerte\" \/>\n\t<meta name=\"twitter:label2\" content=\"Tiempo de lectura\" \/>\n\t<meta name=\"twitter:data2\" content=\"4 minutos\" \/>\n<script type=\"application\/ld+json\" class=\"yoast-schema-graph\">{\"@context\":\"https:\\\/\\\/schema.org\",\"@graph\":[{\"@type\":\"Article\",\"@id\":\"https:\\\/\\\/www.quebakan.com\\\/v15\\\/lg-ilumina-el-black-friday-con-experiencias-visuales-unicas-lg-oled-evo-y-lg-qned-con-precios-especiales\\\/#article\",\"isPartOf\":{\"@id\":\"https:\\\/\\\/www.quebakan.com\\\/v15\\\/lg-ilumina-el-black-friday-con-experiencias-visuales-unicas-lg-oled-evo-y-lg-qned-con-precios-especiales\\\/\"},\"author\":{\"name\":\"Erick Villafuerte\",\"@id\":\"https:\\\/\\\/www.quebakan.com\\\/v15\\\/#\\\/schema\\\/person\\\/d90fa9f9cfa81eb8ace9811e5b7b9118\"},\"headline\":\"LG ilumina el Black Friday con experiencias visuales \u00fanicas: LG OLED evo y LG QNED con precios especiales\",\"datePublished\":\"2025-11-15T03:35:49+00:00\",\"mainEntityOfPage\":{\"@id\":\"https:\\\/\\\/www.quebakan.com\\\/v15\\\/lg-ilumina-el-black-friday-con-experiencias-visuales-unicas-lg-oled-evo-y-lg-qned-con-precios-especiales\\\/\"},\"wordCount\":634,\"publisher\":{\"@id\":\"https:\\\/\\\/www.quebakan.com\\\/v15\\\/#organization\"},\"image\":{\"@id\":\"https:\\\/\\\/www.quebakan.com\\\/v15\\\/lg-ilumina-el-black-friday-con-experiencias-visuales-unicas-lg-oled-evo-y-lg-qned-con-precios-especiales\\\/#primaryimage\"},\"thumbnailUrl\":\"https:\\\/\\\/www.quebakan.com\\\/v15\\\/wp-content\\\/uploads\\\/2025\\\/11\\\/boletin-65QNED70ASA.jpg\",\"articleSection\":[\"Noticias\"],\"inLanguage\":\"es\"},{\"@type\":\"WebPage\",\"@id\":\"https:\\\/\\\/www.quebakan.com\\\/v15\\\/lg-ilumina-el-black-friday-con-experiencias-visuales-unicas-lg-oled-evo-y-lg-qned-con-precios-especiales\\\/\",\"url\":\"https:\\\/\\\/www.quebakan.com\\\/v15\\\/lg-ilumina-el-black-friday-con-experiencias-visuales-unicas-lg-oled-evo-y-lg-qned-con-precios-especiales\\\/\",\"name\":\"LG ilumina el Black Friday con experiencias visuales \u00fanicas: LG OLED evo y LG QNED con precios especiales &#8211; QUEBAKAN.COM 2026: Noticias, Eventos, Conciertos y mucho m\u00e1s....\",\"isPartOf\":{\"@id\":\"https:\\\/\\\/www.quebakan.com\\\/v15\\\/#website\"},\"primaryImageOfPage\":{\"@id\":\"https:\\\/\\\/www.quebakan.com\\\/v15\\\/lg-ilumina-el-black-friday-con-experiencias-visuales-unicas-lg-oled-evo-y-lg-qned-con-precios-especiales\\\/#primaryimage\"},\"image\":{\"@id\":\"https:\\\/\\\/www.quebakan.com\\\/v15\\\/lg-ilumina-el-black-friday-con-experiencias-visuales-unicas-lg-oled-evo-y-lg-qned-con-precios-especiales\\\/#primaryimage\"},\"thumbnailUrl\":\"https:\\\/\\\/www.quebakan.com\\\/v15\\\/wp-content\\\/uploads\\\/2025\\\/11\\\/boletin-65QNED70ASA.jpg\",\"datePublished\":\"2025-11-15T03:35:49+00:00\",\"breadcrumb\":{\"@id\":\"https:\\\/\\\/www.quebakan.com\\\/v15\\\/lg-ilumina-el-black-friday-con-experiencias-visuales-unicas-lg-oled-evo-y-lg-qned-con-precios-especiales\\\/#breadcrumb\"},\"inLanguage\":\"es\",\"potentialAction\":[{\"@type\":\"ReadAction\",\"target\":[\"https:\\\/\\\/www.quebakan.com\\\/v15\\\/lg-ilumina-el-black-friday-con-experiencias-visuales-unicas-lg-oled-evo-y-lg-qned-con-precios-especiales\\\/\"]}]},{\"@type\":\"ImageObject\",\"inLanguage\":\"es\",\"@id\":\"https:\\\/\\\/www.quebakan.com\\\/v15\\\/lg-ilumina-el-black-friday-con-experiencias-visuales-unicas-lg-oled-evo-y-lg-qned-con-precios-especiales\\\/#primaryimage\",\"url\":\"https:\\\/\\\/www.quebakan.com\\\/v15\\\/wp-content\\\/uploads\\\/2025\\\/11\\\/boletin-65QNED70ASA.jpg\",\"contentUrl\":\"https:\\\/\\\/www.quebakan.com\\\/v15\\\/wp-content\\\/uploads\\\/2025\\\/11\\\/boletin-65QNED70ASA.jpg\",\"width\":700,\"height\":467},{\"@type\":\"BreadcrumbList\",\"@id\":\"https:\\\/\\\/www.quebakan.com\\\/v15\\\/lg-ilumina-el-black-friday-con-experiencias-visuales-unicas-lg-oled-evo-y-lg-qned-con-precios-especiales\\\/#breadcrumb\",\"itemListElement\":[{\"@type\":\"ListItem\",\"position\":1,\"name\":\"Portada\",\"item\":\"https:\\\/\\\/www.quebakan.com\\\/v15\\\/\"},{\"@type\":\"ListItem\",\"position\":2,\"name\":\"LG ilumina el Black Friday con experiencias visuales \u00fanicas: LG OLED evo y LG QNED con precios especiales\"}]},{\"@type\":\"WebSite\",\"@id\":\"https:\\\/\\\/www.quebakan.com\\\/v15\\\/#website\",\"url\":\"https:\\\/\\\/www.quebakan.com\\\/v15\\\/\",\"name\":\"QUEBAKAN\",\"description\":\"..\",\"publisher\":{\"@id\":\"https:\\\/\\\/www.quebakan.com\\\/v15\\\/#organization\"},\"potentialAction\":[{\"@type\":\"SearchAction\",\"target\":{\"@type\":\"EntryPoint\",\"urlTemplate\":\"https:\\\/\\\/www.quebakan.com\\\/v15\\\/?s={search_term_string}\"},\"query-input\":{\"@type\":\"PropertyValueSpecification\",\"valueRequired\":true,\"valueName\":\"search_term_string\"}}],\"inLanguage\":\"es\"},{\"@type\":\"Organization\",\"@id\":\"https:\\\/\\\/www.quebakan.com\\\/v15\\\/#organization\",\"name\":\"Quebakan.com\",\"url\":\"https:\\\/\\\/www.quebakan.com\\\/v15\\\/\",\"logo\":{\"@type\":\"ImageObject\",\"inLanguage\":\"es\",\"@id\":\"https:\\\/\\\/www.quebakan.com\\\/v15\\\/#\\\/schema\\\/logo\\\/image\\\/\",\"url\":\"https:\\\/\\\/www.quebakan.com\\\/v15\\\/wp-content\\\/uploads\\\/2023\\\/07\\\/logoquebakanenero2021.jpg\",\"contentUrl\":\"https:\\\/\\\/www.quebakan.com\\\/v15\\\/wp-content\\\/uploads\\\/2023\\\/07\\\/logoquebakanenero2021.jpg\",\"width\":1920,\"height\":1080,\"caption\":\"Quebakan.com\"},\"image\":{\"@id\":\"https:\\\/\\\/www.quebakan.com\\\/v15\\\/#\\\/schema\\\/logo\\\/image\\\/\"},\"sameAs\":[\"http:\\\/\\\/www.facebook.com\\\/quebakan\",\"https:\\\/\\\/x.com\\\/quebakanec\",\"http:\\\/\\\/www.instagram.com\\\/quebakan\",\"http:\\\/\\\/www.youtube.com\\\/quebakan1\"]},{\"@type\":\"Person\",\"@id\":\"https:\\\/\\\/www.quebakan.com\\\/v15\\\/#\\\/schema\\\/person\\\/d90fa9f9cfa81eb8ace9811e5b7b9118\",\"name\":\"Erick Villafuerte\",\"image\":{\"@type\":\"ImageObject\",\"inLanguage\":\"es\",\"@id\":\"https:\\\/\\\/www.quebakan.com\\\/v15\\\/wp-content\\\/uploads\\\/avatars\\\/4\\\/1731297654-bpfull.png\",\"url\":\"https:\\\/\\\/www.quebakan.com\\\/v15\\\/wp-content\\\/uploads\\\/avatars\\\/4\\\/1731297654-bpfull.png\",\"contentUrl\":\"https:\\\/\\\/www.quebakan.com\\\/v15\\\/wp-content\\\/uploads\\\/avatars\\\/4\\\/1731297654-bpfull.png\",\"caption\":\"Erick Villafuerte\"}}]}<\/script>\n<!-- \/ Yoast SEO plugin. -->","yoast_head_json":{"title":"LG ilumina el Black Friday con experiencias visuales \u00fanicas: LG OLED evo y LG QNED con precios especiales &#8211; QUEBAKAN.COM 2026: Noticias, Eventos, Conciertos y mucho m\u00e1s....","robots":{"index":"index","follow":"follow","max-snippet":"max-snippet:-1","max-image-preview":"max-image-preview:large","max-video-preview":"max-video-preview:-1"},"canonical":"https:\/\/www.quebakan.com\/v15\/lg-ilumina-el-black-friday-con-experiencias-visuales-unicas-lg-oled-evo-y-lg-qned-con-precios-especiales\/","og_locale":"es_ES","og_type":"article","og_title":"LG ilumina el Black Friday con experiencias visuales \u00fanicas: LG OLED evo y LG QNED con precios especiales &#8211; QUEBAKAN.COM 2026: Noticias, Eventos, Conciertos y mucho m\u00e1s....","og_description":"Televisores premium con tecnolog\u00eda de \u00faltima generaci\u00f3n y descuentos exclusivos en cadenas de retails y LG Shop Ecuador, 13 de noviembre de 2025 \u2013 Este Black Friday, LG Electronics presenta una oportunidad imperdible para transformar cada espacio en un centro de entretenimiento de primer nivel. Con precios \u00fanicos en su l\u00ednea de televisores LG OLED [&hellip;]","og_url":"https:\/\/www.quebakan.com\/v15\/lg-ilumina-el-black-friday-con-experiencias-visuales-unicas-lg-oled-evo-y-lg-qned-con-precios-especiales\/","og_site_name":"QUEBAKAN.COM 2026: Noticias, Eventos, Conciertos y mucho m\u00e1s....","article_publisher":"http:\/\/www.facebook.com\/quebakan","article_published_time":"2025-11-15T03:35:49+00:00","og_image":[{"width":700,"height":467,"url":"https:\/\/www.quebakan.com\/v15\/wp-content\/uploads\/2025\/11\/boletin-65QNED70ASA.jpg","type":"image\/jpeg"}],"author":"Erick Villafuerte","twitter_card":"summary_large_image","twitter_creator":"@quebakanec","twitter_site":"@quebakanec","twitter_misc":{"Escrito por":"Erick Villafuerte","Tiempo de lectura":"4 minutos"},"schema":{"@context":"https:\/\/schema.org","@graph":[{"@type":"Article","@id":"https:\/\/www.quebakan.com\/v15\/lg-ilumina-el-black-friday-con-experiencias-visuales-unicas-lg-oled-evo-y-lg-qned-con-precios-especiales\/#article","isPartOf":{"@id":"https:\/\/www.quebakan.com\/v15\/lg-ilumina-el-black-friday-con-experiencias-visuales-unicas-lg-oled-evo-y-lg-qned-con-precios-especiales\/"},"author":{"name":"Erick Villafuerte","@id":"https:\/\/www.quebakan.com\/v15\/#\/schema\/person\/d90fa9f9cfa81eb8ace9811e5b7b9118"},"headline":"LG ilumina el Black Friday con experiencias visuales \u00fanicas: LG OLED evo y LG QNED con precios especiales","datePublished":"2025-11-15T03:35:49+00:00","mainEntityOfPage":{"@id":"https:\/\/www.quebakan.com\/v15\/lg-ilumina-el-black-friday-con-experiencias-visuales-unicas-lg-oled-evo-y-lg-qned-con-precios-especiales\/"},"wordCount":634,"publisher":{"@id":"https:\/\/www.quebakan.com\/v15\/#organization"},"image":{"@id":"https:\/\/www.quebakan.com\/v15\/lg-ilumina-el-black-friday-con-experiencias-visuales-unicas-lg-oled-evo-y-lg-qned-con-precios-especiales\/#primaryimage"},"thumbnailUrl":"https:\/\/www.quebakan.com\/v15\/wp-content\/uploads\/2025\/11\/boletin-65QNED70ASA.jpg","articleSection":["Noticias"],"inLanguage":"es"},{"@type":"WebPage","@id":"https:\/\/www.quebakan.com\/v15\/lg-ilumina-el-black-friday-con-experiencias-visuales-unicas-lg-oled-evo-y-lg-qned-con-precios-especiales\/","url":"https:\/\/www.quebakan.com\/v15\/lg-ilumina-el-black-friday-con-experiencias-visuales-unicas-lg-oled-evo-y-lg-qned-con-precios-especiales\/","name":"LG ilumina el Black Friday con experiencias visuales \u00fanicas: LG OLED evo y LG QNED con precios especiales &#8211; QUEBAKAN.COM 2026: Noticias, Eventos, Conciertos y mucho m\u00e1s....","isPartOf":{"@id":"https:\/\/www.quebakan.com\/v15\/#website"},"primaryImageOfPage":{"@id":"https:\/\/www.quebakan.com\/v15\/lg-ilumina-el-black-friday-con-experiencias-visuales-unicas-lg-oled-evo-y-lg-qned-con-precios-especiales\/#primaryimage"},"image":{"@id":"https:\/\/www.quebakan.com\/v15\/lg-ilumina-el-black-friday-con-experiencias-visuales-unicas-lg-oled-evo-y-lg-qned-con-precios-especiales\/#primaryimage"},"thumbnailUrl":"https:\/\/www.quebakan.com\/v15\/wp-content\/uploads\/2025\/11\/boletin-65QNED70ASA.jpg","datePublished":"2025-11-15T03:35:49+00:00","breadcrumb":{"@id":"https:\/\/www.quebakan.com\/v15\/lg-ilumina-el-black-friday-con-experiencias-visuales-unicas-lg-oled-evo-y-lg-qned-con-precios-especiales\/#breadcrumb"},"inLanguage":"es","potentialAction":[{"@type":"ReadAction","target":["https:\/\/www.quebakan.com\/v15\/lg-ilumina-el-black-friday-con-experiencias-visuales-unicas-lg-oled-evo-y-lg-qned-con-precios-especiales\/"]}]},{"@type":"ImageObject","inLanguage":"es","@id":"https:\/\/www.quebakan.com\/v15\/lg-ilumina-el-black-friday-con-experiencias-visuales-unicas-lg-oled-evo-y-lg-qned-con-precios-especiales\/#primaryimage","url":"https:\/\/www.quebakan.com\/v15\/wp-content\/uploads\/2025\/11\/boletin-65QNED70ASA.jpg","contentUrl":"https:\/\/www.quebakan.com\/v15\/wp-content\/uploads\/2025\/11\/boletin-65QNED70ASA.jpg","width":700,"height":467},{"@type":"BreadcrumbList","@id":"https:\/\/www.quebakan.com\/v15\/lg-ilumina-el-black-friday-con-experiencias-visuales-unicas-lg-oled-evo-y-lg-qned-con-precios-especiales\/#breadcrumb","itemListElement":[{"@type":"ListItem","position":1,"name":"Portada","item":"https:\/\/www.quebakan.com\/v15\/"},{"@type":"ListItem","position":2,"name":"LG ilumina el Black Friday con experiencias visuales \u00fanicas: LG OLED evo y LG QNED con precios especiales"}]},{"@type":"WebSite","@id":"https:\/\/www.quebakan.com\/v15\/#website","url":"https:\/\/www.quebakan.com\/v15\/","name":"QUEBAKAN","description":"..","publisher":{"@id":"https:\/\/www.quebakan.com\/v15\/#organization"},"potentialAction":[{"@type":"SearchAction","target":{"@type":"EntryPoint","urlTemplate":"https:\/\/www.quebakan.com\/v15\/?s={search_term_string}"},"query-input":{"@type":"PropertyValueSpecification","valueRequired":true,"valueName":"search_term_string"}}],"inLanguage":"es"},{"@type":"Organization","@id":"https:\/\/www.quebakan.com\/v15\/#organization","name":"Quebakan.com","url":"https:\/\/www.quebakan.com\/v15\/","logo":{"@type":"ImageObject","inLanguage":"es","@id":"https:\/\/www.quebakan.com\/v15\/#\/schema\/logo\/image\/","url":"https:\/\/www.quebakan.com\/v15\/wp-content\/uploads\/2023\/07\/logoquebakanenero2021.jpg","contentUrl":"https:\/\/www.quebakan.com\/v15\/wp-content\/uploads\/2023\/07\/logoquebakanenero2021.jpg","width":1920,"height":1080,"caption":"Quebakan.com"},"image":{"@id":"https:\/\/www.quebakan.com\/v15\/#\/schema\/logo\/image\/"},"sameAs":["http:\/\/www.facebook.com\/quebakan","https:\/\/x.com\/quebakanec","http:\/\/www.instagram.com\/quebakan","http:\/\/www.youtube.com\/quebakan1"]},{"@type":"Person","@id":"https:\/\/www.quebakan.com\/v15\/#\/schema\/person\/d90fa9f9cfa81eb8ace9811e5b7b9118","name":"Erick Villafuerte","image":{"@type":"ImageObject","inLanguage":"es","@id":"https:\/\/www.quebakan.com\/v15\/wp-content\/uploads\/avatars\/4\/1731297654-bpfull.png","url":"https:\/\/www.quebakan.com\/v15\/wp-content\/uploads\/avatars\/4\/1731297654-bpfull.png","contentUrl":"https:\/\/www.quebakan.com\/v15\/wp-content\/uploads\/avatars\/4\/1731297654-bpfull.png","caption":"Erick Villafuerte"}}]}},"_links":{"self":[{"href":"https:\/\/www.quebakan.com\/v15\/wp-json\/wp\/v2\/posts\/137366","targetHints":{"allow":["GET"]}}],"collection":[{"href":"https:\/\/www.quebakan.com\/v15\/wp-json\/wp\/v2\/posts"}],"about":[{"href":"https:\/\/www.quebakan.com\/v15\/wp-json\/wp\/v2\/types\/post"}],"author":[{"embeddable":true,"href":"https:\/\/www.quebakan.com\/v15\/wp-json\/wp\/v2\/users\/4"}],"replies":[{"embeddable":true,"href":"https:\/\/www.quebakan.com\/v15\/wp-json\/wp\/v2\/comments?post=137366"}],"version-history":[{"count":1,"href":"https:\/\/www.quebakan.com\/v15\/wp-json\/wp\/v2\/posts\/137366\/revisions"}],"predecessor-version":[{"id":137369,"href":"https:\/\/www.quebakan.com\/v15\/wp-json\/wp\/v2\/posts\/137366\/revisions\/137369"}],"wp:featuredmedia":[{"embeddable":true,"href":"https:\/\/www.quebakan.com\/v15\/wp-json\/wp\/v2\/media\/137367"}],"wp:attachment":[{"href":"https:\/\/www.quebakan.com\/v15\/wp-json\/wp\/v2\/media?parent=137366"}],"wp:term":[{"taxonomy":"category","embeddable":true,"href":"https:\/\/www.quebakan.com\/v15\/wp-json\/wp\/v2\/categories?post=137366"},{"taxonomy":"post_tag","embeddable":true,"href":"https:\/\/www.quebakan.com\/v15\/wp-json\/wp\/v2\/tags?post=137366"}],"curies":[{"name":"wp","href":"https:\/\/api.w.org\/{rel}","templated":true}]}}