{"id":137370,"date":"2025-11-14T22:53:36","date_gmt":"2025-11-15T03:53:36","guid":{"rendered":"https:\/\/www.quebakan.com\/v15\/?p=137370"},"modified":"2025-11-14T22:53:36","modified_gmt":"2025-11-15T03:53:36","slug":"continental-tire-andina-presenta-la-iniciativa-black-weeks-2025-para-fortalecer-la-movilidad-segura-y-responsable-en-ecuador","status":"publish","type":"post","link":"https:\/\/www.quebakan.com\/v15\/continental-tire-andina-presenta-la-iniciativa-black-weeks-2025-para-fortalecer-la-movilidad-segura-y-responsable-en-ecuador\/","title":{"rendered":"Continental Tire Andina presenta la iniciativa Black Weeks 2025 para fortalecer la movilidad segura y responsable en Ecuador"},"content":{"rendered":"<p><img fetchpriority=\"high\" decoding=\"async\" class=\"aligncenter size-full wp-image-137371\" src=\"https:\/\/www.quebakan.com\/v15\/wp-content\/uploads\/2025\/11\/BANNER-ERCO-BW.jpg\" alt=\"\" width=\"700\" height=\"394\" \/><\/p>\n<p style=\"text-align: justify;\"><span style=\"color: #000000;\"><strong><span style=\"font-size: 11.0pt; font-family: 'Arial',sans-serif;\">Quito, 14 de noviembre de 2025.<\/span><\/strong><span style=\"font-size: 11.0pt; font-family: 'Arial',sans-serif;\"> \u2013 Continental Tire Andina anunci\u00f3 el inicio de la campa\u00f1a Black Weeks 2025, que se desarrollar\u00e1 del 1 al 30 de noviembre en m\u00e1s de 90 puntos de venta de la red Erco Tires a nivel nacional. La iniciativa busca facilitar el acceso a productos de alta tecnolog\u00eda y contribuir a la seguridad vial, promoviendo la renovaci\u00f3n oportuna de neum\u00e1ticos con est\u00e1ndares internacionales de desempe\u00f1o y confiabilidad.<b><\/b><\/span><\/span><\/p>\n<p style=\"text-align: justify;\"><span style=\"color: #000000;\"><span style=\"font-size: 11.0pt; font-family: 'Arial',sans-serif;\">Como parte de este esfuerzo, la compa\u00f1\u00eda y su red de aliados ofrecer\u00e1n condiciones preferenciales para la adquisici\u00f3n de m\u00e1s de 90 referencias de neum\u00e1ticos para autos, SUV y camionetas. Estas condiciones incluyen beneficios econ\u00f3micos como descuentos en la segunda llanta y facilidades de financiamiento de hasta 12 meses sin intereses, disponibles tanto en tiendas f\u00edsicas como en la plataforma digital <\/span><a style=\"color: #000000;\" href=\"http:\/\/www.ercotires.com\" target=\"_new\"><span style=\"font-size: 11.0pt; font-family: 'Arial',sans-serif;\">www.ercotires.com<\/span><\/a><span style=\"font-size: 11.0pt; font-family: 'Arial',sans-serif;\">.<\/span><\/span><\/p>\n<p style=\"text-align: justify;\"><span style=\"font-size: 11pt; font-family: Arial, sans-serif; color: #000000;\">Ecuador desempe\u00f1a un rol estrat\u00e9gico dentro de la operaci\u00f3n regional de Continental, al contar con una planta de producci\u00f3n en Cuenca que abastece al mercado local y exporta a otros pa\u00edses de la regi\u00f3n. Asimismo, la red Erco Tires se ha consolidado como uno de los canales de distribuci\u00f3n m\u00e1s s\u00f3lidos de la marca en Sudam\u00e9rica, contribuyendo al posicionamiento de Continental como referente en el segmento de neum\u00e1ticos premium.<\/span><\/p>\n<p style=\"text-align: justify;\"><span style=\"color: #000000;\"><i><span style=\"font-size: 11.0pt; font-family: 'Arial',sans-serif;\">\u201cEsta campa\u00f1a responde a nuestro compromiso de impulsar una movilidad m\u00e1s segura, eficiente y sostenible\u201d<\/span><\/i><span style=\"font-size: 11.0pt; font-family: 'Arial',sans-serif;\">, se\u00f1al\u00f3 <strong><span style=\"font-family: 'Arial',sans-serif;\">Santiago Chiriboga, Gerente de Marketing de la Regi\u00f3n Andina de Continental Tire<\/span><\/strong>. <i>\u201cAdem\u00e1s de ofrecer soluciones tecnol\u00f3gicas desarrolladas bajo est\u00e1ndares alemanes, trabajamos de la mano con nuestros aliados para acompa\u00f1ar a los conductores en la toma de decisiones informadas\u201d.<\/i><\/span><\/span><\/p>\n<p style=\"text-align: justify;\"><span style=\"font-size: 11pt; font-family: Arial, sans-serif; color: #000000;\">Durante el mes de campa\u00f1a, se llevar\u00e1n a cabo asesor\u00edas t\u00e9cnicas, demostraciones y actividades informativas en varios puntos de venta del pa\u00eds, con el objetivo de reforzar la cultura de mantenimiento preventivo y destacar la importancia del estado de los neum\u00e1ticos en la seguridad vial.<\/span><\/p>\n<p style=\"text-align: justify;\"><span style=\"font-size: 11pt; font-family: Arial, sans-serif; color: #000000;\">En l\u00ednea con su prop\u00f3sito global de <em><span style=\"font-family: 'Arial',sans-serif;\">hacer de la movilidad una experiencia m\u00e1s segura, limpia e inteligente<\/span><\/em>, Continental Tire Andina reafirma su compromiso con el pa\u00eds, la industria automotriz y los conductores ecuatorianos, promoviendo soluciones que combinan innovaci\u00f3n, sostenibilidad y responsabilidad.<\/span><\/p>\n","protected":false},"excerpt":{"rendered":"<p>Quito, 14 de noviembre de 2025. \u2013 Continental Tire Andina anunci\u00f3 el inicio de la campa\u00f1a Black Weeks 2025, que se desarrollar\u00e1 del 1 al 30 de noviembre en m\u00e1s de 90 puntos de venta de la red Erco Tires a nivel nacional. La iniciativa busca facilitar el acceso a productos de alta tecnolog\u00eda y [&hellip;]<\/p>\n","protected":false},"author":4,"featured_media":137371,"comment_status":"closed","ping_status":"closed","sticky":false,"template":"","format":"standard","meta":{"_bbp_topic_count":0,"_bbp_reply_count":0,"_bbp_total_topic_count":0,"_bbp_total_reply_count":0,"_bbp_voice_count":0,"_bbp_anonymous_reply_count":0,"_bbp_topic_count_hidden":0,"_bbp_reply_count_hidden":0,"_bbp_forum_subforum_count":0,"buzzeditor_post_format":"","footnotes":""},"categories":[2],"tags":[],"class_list":["post-137370","post","type-post","status-publish","format-standard","has-post-thumbnail","hentry","category-noticias"],"yoast_head":"<!-- This site is optimized with the Yoast SEO plugin v27.5 - https:\/\/yoast.com\/product\/yoast-seo-wordpress\/ -->\n<title>Continental Tire Andina presenta la iniciativa Black Weeks 2025 para fortalecer la movilidad segura y responsable en Ecuador &#8211; QUEBAKAN.COM 2026: Noticias, Eventos, Conciertos y mucho m\u00e1s....<\/title>\n<meta name=\"robots\" content=\"index, follow, max-snippet:-1, max-image-preview:large, max-video-preview:-1\" \/>\n<link rel=\"canonical\" href=\"https:\/\/www.quebakan.com\/v15\/continental-tire-andina-presenta-la-iniciativa-black-weeks-2025-para-fortalecer-la-movilidad-segura-y-responsable-en-ecuador\/\" \/>\n<meta property=\"og:locale\" content=\"es_ES\" \/>\n<meta property=\"og:type\" content=\"article\" \/>\n<meta property=\"og:title\" content=\"Continental Tire Andina presenta la iniciativa Black Weeks 2025 para fortalecer la movilidad segura y responsable en Ecuador &#8211; QUEBAKAN.COM 2026: Noticias, Eventos, Conciertos y mucho m\u00e1s....\" \/>\n<meta property=\"og:description\" content=\"Quito, 14 de noviembre de 2025. \u2013 Continental Tire Andina anunci\u00f3 el inicio de la campa\u00f1a Black Weeks 2025, que se desarrollar\u00e1 del 1 al 30 de noviembre en m\u00e1s de 90 puntos de venta de la red Erco Tires a nivel nacional. La iniciativa busca facilitar el acceso a productos de alta tecnolog\u00eda y [&hellip;]\" \/>\n<meta property=\"og:url\" content=\"https:\/\/www.quebakan.com\/v15\/continental-tire-andina-presenta-la-iniciativa-black-weeks-2025-para-fortalecer-la-movilidad-segura-y-responsable-en-ecuador\/\" \/>\n<meta property=\"og:site_name\" content=\"QUEBAKAN.COM 2026: Noticias, Eventos, Conciertos y mucho m\u00e1s....\" \/>\n<meta property=\"article:publisher\" content=\"http:\/\/www.facebook.com\/quebakan\" \/>\n<meta property=\"article:published_time\" content=\"2025-11-15T03:53:36+00:00\" \/>\n<meta property=\"og:image\" content=\"https:\/\/www.quebakan.com\/v15\/wp-content\/uploads\/2025\/11\/BANNER-ERCO-BW.jpg\" \/>\n\t<meta property=\"og:image:width\" content=\"700\" \/>\n\t<meta property=\"og:image:height\" content=\"394\" \/>\n\t<meta property=\"og:image:type\" content=\"image\/jpeg\" \/>\n<meta name=\"author\" content=\"Erick Villafuerte\" \/>\n<meta name=\"twitter:card\" content=\"summary_large_image\" \/>\n<meta name=\"twitter:creator\" content=\"@quebakanec\" \/>\n<meta name=\"twitter:site\" content=\"@quebakanec\" \/>\n<meta name=\"twitter:label1\" content=\"Escrito por\" \/>\n\t<meta name=\"twitter:data1\" content=\"Erick Villafuerte\" \/>\n\t<meta name=\"twitter:label2\" content=\"Tiempo de lectura\" \/>\n\t<meta name=\"twitter:data2\" content=\"2 minutos\" \/>\n<script type=\"application\/ld+json\" class=\"yoast-schema-graph\">{\"@context\":\"https:\\\/\\\/schema.org\",\"@graph\":[{\"@type\":\"Article\",\"@id\":\"https:\\\/\\\/www.quebakan.com\\\/v15\\\/continental-tire-andina-presenta-la-iniciativa-black-weeks-2025-para-fortalecer-la-movilidad-segura-y-responsable-en-ecuador\\\/#article\",\"isPartOf\":{\"@id\":\"https:\\\/\\\/www.quebakan.com\\\/v15\\\/continental-tire-andina-presenta-la-iniciativa-black-weeks-2025-para-fortalecer-la-movilidad-segura-y-responsable-en-ecuador\\\/\"},\"author\":{\"name\":\"Erick Villafuerte\",\"@id\":\"https:\\\/\\\/www.quebakan.com\\\/v15\\\/#\\\/schema\\\/person\\\/d90fa9f9cfa81eb8ace9811e5b7b9118\"},\"headline\":\"Continental Tire Andina presenta la iniciativa Black Weeks 2025 para fortalecer la movilidad segura y responsable en Ecuador\",\"datePublished\":\"2025-11-15T03:53:36+00:00\",\"mainEntityOfPage\":{\"@id\":\"https:\\\/\\\/www.quebakan.com\\\/v15\\\/continental-tire-andina-presenta-la-iniciativa-black-weeks-2025-para-fortalecer-la-movilidad-segura-y-responsable-en-ecuador\\\/\"},\"wordCount\":400,\"publisher\":{\"@id\":\"https:\\\/\\\/www.quebakan.com\\\/v15\\\/#organization\"},\"image\":{\"@id\":\"https:\\\/\\\/www.quebakan.com\\\/v15\\\/continental-tire-andina-presenta-la-iniciativa-black-weeks-2025-para-fortalecer-la-movilidad-segura-y-responsable-en-ecuador\\\/#primaryimage\"},\"thumbnailUrl\":\"https:\\\/\\\/www.quebakan.com\\\/v15\\\/wp-content\\\/uploads\\\/2025\\\/11\\\/BANNER-ERCO-BW.jpg\",\"articleSection\":[\"Noticias\"],\"inLanguage\":\"es\"},{\"@type\":\"WebPage\",\"@id\":\"https:\\\/\\\/www.quebakan.com\\\/v15\\\/continental-tire-andina-presenta-la-iniciativa-black-weeks-2025-para-fortalecer-la-movilidad-segura-y-responsable-en-ecuador\\\/\",\"url\":\"https:\\\/\\\/www.quebakan.com\\\/v15\\\/continental-tire-andina-presenta-la-iniciativa-black-weeks-2025-para-fortalecer-la-movilidad-segura-y-responsable-en-ecuador\\\/\",\"name\":\"Continental Tire Andina presenta la iniciativa Black Weeks 2025 para fortalecer la movilidad segura y responsable en Ecuador &#8211; QUEBAKAN.COM 2026: Noticias, Eventos, Conciertos y mucho m\u00e1s....\",\"isPartOf\":{\"@id\":\"https:\\\/\\\/www.quebakan.com\\\/v15\\\/#website\"},\"primaryImageOfPage\":{\"@id\":\"https:\\\/\\\/www.quebakan.com\\\/v15\\\/continental-tire-andina-presenta-la-iniciativa-black-weeks-2025-para-fortalecer-la-movilidad-segura-y-responsable-en-ecuador\\\/#primaryimage\"},\"image\":{\"@id\":\"https:\\\/\\\/www.quebakan.com\\\/v15\\\/continental-tire-andina-presenta-la-iniciativa-black-weeks-2025-para-fortalecer-la-movilidad-segura-y-responsable-en-ecuador\\\/#primaryimage\"},\"thumbnailUrl\":\"https:\\\/\\\/www.quebakan.com\\\/v15\\\/wp-content\\\/uploads\\\/2025\\\/11\\\/BANNER-ERCO-BW.jpg\",\"datePublished\":\"2025-11-15T03:53:36+00:00\",\"breadcrumb\":{\"@id\":\"https:\\\/\\\/www.quebakan.com\\\/v15\\\/continental-tire-andina-presenta-la-iniciativa-black-weeks-2025-para-fortalecer-la-movilidad-segura-y-responsable-en-ecuador\\\/#breadcrumb\"},\"inLanguage\":\"es\",\"potentialAction\":[{\"@type\":\"ReadAction\",\"target\":[\"https:\\\/\\\/www.quebakan.com\\\/v15\\\/continental-tire-andina-presenta-la-iniciativa-black-weeks-2025-para-fortalecer-la-movilidad-segura-y-responsable-en-ecuador\\\/\"]}]},{\"@type\":\"ImageObject\",\"inLanguage\":\"es\",\"@id\":\"https:\\\/\\\/www.quebakan.com\\\/v15\\\/continental-tire-andina-presenta-la-iniciativa-black-weeks-2025-para-fortalecer-la-movilidad-segura-y-responsable-en-ecuador\\\/#primaryimage\",\"url\":\"https:\\\/\\\/www.quebakan.com\\\/v15\\\/wp-content\\\/uploads\\\/2025\\\/11\\\/BANNER-ERCO-BW.jpg\",\"contentUrl\":\"https:\\\/\\\/www.quebakan.com\\\/v15\\\/wp-content\\\/uploads\\\/2025\\\/11\\\/BANNER-ERCO-BW.jpg\",\"width\":700,\"height\":394},{\"@type\":\"BreadcrumbList\",\"@id\":\"https:\\\/\\\/www.quebakan.com\\\/v15\\\/continental-tire-andina-presenta-la-iniciativa-black-weeks-2025-para-fortalecer-la-movilidad-segura-y-responsable-en-ecuador\\\/#breadcrumb\",\"itemListElement\":[{\"@type\":\"ListItem\",\"position\":1,\"name\":\"Portada\",\"item\":\"https:\\\/\\\/www.quebakan.com\\\/v15\\\/\"},{\"@type\":\"ListItem\",\"position\":2,\"name\":\"Continental Tire Andina presenta la iniciativa Black Weeks 2025 para fortalecer la movilidad segura y responsable en Ecuador\"}]},{\"@type\":\"WebSite\",\"@id\":\"https:\\\/\\\/www.quebakan.com\\\/v15\\\/#website\",\"url\":\"https:\\\/\\\/www.quebakan.com\\\/v15\\\/\",\"name\":\"QUEBAKAN\",\"description\":\"..\",\"publisher\":{\"@id\":\"https:\\\/\\\/www.quebakan.com\\\/v15\\\/#organization\"},\"potentialAction\":[{\"@type\":\"SearchAction\",\"target\":{\"@type\":\"EntryPoint\",\"urlTemplate\":\"https:\\\/\\\/www.quebakan.com\\\/v15\\\/?s={search_term_string}\"},\"query-input\":{\"@type\":\"PropertyValueSpecification\",\"valueRequired\":true,\"valueName\":\"search_term_string\"}}],\"inLanguage\":\"es\"},{\"@type\":\"Organization\",\"@id\":\"https:\\\/\\\/www.quebakan.com\\\/v15\\\/#organization\",\"name\":\"Quebakan.com\",\"url\":\"https:\\\/\\\/www.quebakan.com\\\/v15\\\/\",\"logo\":{\"@type\":\"ImageObject\",\"inLanguage\":\"es\",\"@id\":\"https:\\\/\\\/www.quebakan.com\\\/v15\\\/#\\\/schema\\\/logo\\\/image\\\/\",\"url\":\"https:\\\/\\\/www.quebakan.com\\\/v15\\\/wp-content\\\/uploads\\\/2023\\\/07\\\/logoquebakanenero2021.jpg\",\"contentUrl\":\"https:\\\/\\\/www.quebakan.com\\\/v15\\\/wp-content\\\/uploads\\\/2023\\\/07\\\/logoquebakanenero2021.jpg\",\"width\":1920,\"height\":1080,\"caption\":\"Quebakan.com\"},\"image\":{\"@id\":\"https:\\\/\\\/www.quebakan.com\\\/v15\\\/#\\\/schema\\\/logo\\\/image\\\/\"},\"sameAs\":[\"http:\\\/\\\/www.facebook.com\\\/quebakan\",\"https:\\\/\\\/x.com\\\/quebakanec\",\"http:\\\/\\\/www.instagram.com\\\/quebakan\",\"http:\\\/\\\/www.youtube.com\\\/quebakan1\"]},{\"@type\":\"Person\",\"@id\":\"https:\\\/\\\/www.quebakan.com\\\/v15\\\/#\\\/schema\\\/person\\\/d90fa9f9cfa81eb8ace9811e5b7b9118\",\"name\":\"Erick Villafuerte\",\"image\":{\"@type\":\"ImageObject\",\"inLanguage\":\"es\",\"@id\":\"https:\\\/\\\/www.quebakan.com\\\/v15\\\/wp-content\\\/uploads\\\/avatars\\\/4\\\/1731297654-bpfull.png\",\"url\":\"https:\\\/\\\/www.quebakan.com\\\/v15\\\/wp-content\\\/uploads\\\/avatars\\\/4\\\/1731297654-bpfull.png\",\"contentUrl\":\"https:\\\/\\\/www.quebakan.com\\\/v15\\\/wp-content\\\/uploads\\\/avatars\\\/4\\\/1731297654-bpfull.png\",\"caption\":\"Erick Villafuerte\"}}]}<\/script>\n<!-- \/ Yoast SEO plugin. -->","yoast_head_json":{"title":"Continental Tire Andina presenta la iniciativa Black Weeks 2025 para fortalecer la movilidad segura y responsable en Ecuador &#8211; QUEBAKAN.COM 2026: Noticias, Eventos, Conciertos y mucho m\u00e1s....","robots":{"index":"index","follow":"follow","max-snippet":"max-snippet:-1","max-image-preview":"max-image-preview:large","max-video-preview":"max-video-preview:-1"},"canonical":"https:\/\/www.quebakan.com\/v15\/continental-tire-andina-presenta-la-iniciativa-black-weeks-2025-para-fortalecer-la-movilidad-segura-y-responsable-en-ecuador\/","og_locale":"es_ES","og_type":"article","og_title":"Continental Tire Andina presenta la iniciativa Black Weeks 2025 para fortalecer la movilidad segura y responsable en Ecuador &#8211; QUEBAKAN.COM 2026: Noticias, Eventos, Conciertos y mucho m\u00e1s....","og_description":"Quito, 14 de noviembre de 2025. \u2013 Continental Tire Andina anunci\u00f3 el inicio de la campa\u00f1a Black Weeks 2025, que se desarrollar\u00e1 del 1 al 30 de noviembre en m\u00e1s de 90 puntos de venta de la red Erco Tires a nivel nacional. La iniciativa busca facilitar el acceso a productos de alta tecnolog\u00eda y [&hellip;]","og_url":"https:\/\/www.quebakan.com\/v15\/continental-tire-andina-presenta-la-iniciativa-black-weeks-2025-para-fortalecer-la-movilidad-segura-y-responsable-en-ecuador\/","og_site_name":"QUEBAKAN.COM 2026: Noticias, Eventos, Conciertos y mucho m\u00e1s....","article_publisher":"http:\/\/www.facebook.com\/quebakan","article_published_time":"2025-11-15T03:53:36+00:00","og_image":[{"width":700,"height":394,"url":"https:\/\/www.quebakan.com\/v15\/wp-content\/uploads\/2025\/11\/BANNER-ERCO-BW.jpg","type":"image\/jpeg"}],"author":"Erick Villafuerte","twitter_card":"summary_large_image","twitter_creator":"@quebakanec","twitter_site":"@quebakanec","twitter_misc":{"Escrito por":"Erick Villafuerte","Tiempo de lectura":"2 minutos"},"schema":{"@context":"https:\/\/schema.org","@graph":[{"@type":"Article","@id":"https:\/\/www.quebakan.com\/v15\/continental-tire-andina-presenta-la-iniciativa-black-weeks-2025-para-fortalecer-la-movilidad-segura-y-responsable-en-ecuador\/#article","isPartOf":{"@id":"https:\/\/www.quebakan.com\/v15\/continental-tire-andina-presenta-la-iniciativa-black-weeks-2025-para-fortalecer-la-movilidad-segura-y-responsable-en-ecuador\/"},"author":{"name":"Erick Villafuerte","@id":"https:\/\/www.quebakan.com\/v15\/#\/schema\/person\/d90fa9f9cfa81eb8ace9811e5b7b9118"},"headline":"Continental Tire Andina presenta la iniciativa Black Weeks 2025 para fortalecer la movilidad segura y responsable en Ecuador","datePublished":"2025-11-15T03:53:36+00:00","mainEntityOfPage":{"@id":"https:\/\/www.quebakan.com\/v15\/continental-tire-andina-presenta-la-iniciativa-black-weeks-2025-para-fortalecer-la-movilidad-segura-y-responsable-en-ecuador\/"},"wordCount":400,"publisher":{"@id":"https:\/\/www.quebakan.com\/v15\/#organization"},"image":{"@id":"https:\/\/www.quebakan.com\/v15\/continental-tire-andina-presenta-la-iniciativa-black-weeks-2025-para-fortalecer-la-movilidad-segura-y-responsable-en-ecuador\/#primaryimage"},"thumbnailUrl":"https:\/\/www.quebakan.com\/v15\/wp-content\/uploads\/2025\/11\/BANNER-ERCO-BW.jpg","articleSection":["Noticias"],"inLanguage":"es"},{"@type":"WebPage","@id":"https:\/\/www.quebakan.com\/v15\/continental-tire-andina-presenta-la-iniciativa-black-weeks-2025-para-fortalecer-la-movilidad-segura-y-responsable-en-ecuador\/","url":"https:\/\/www.quebakan.com\/v15\/continental-tire-andina-presenta-la-iniciativa-black-weeks-2025-para-fortalecer-la-movilidad-segura-y-responsable-en-ecuador\/","name":"Continental Tire Andina presenta la iniciativa Black Weeks 2025 para fortalecer la movilidad segura y responsable en Ecuador &#8211; QUEBAKAN.COM 2026: Noticias, Eventos, Conciertos y mucho m\u00e1s....","isPartOf":{"@id":"https:\/\/www.quebakan.com\/v15\/#website"},"primaryImageOfPage":{"@id":"https:\/\/www.quebakan.com\/v15\/continental-tire-andina-presenta-la-iniciativa-black-weeks-2025-para-fortalecer-la-movilidad-segura-y-responsable-en-ecuador\/#primaryimage"},"image":{"@id":"https:\/\/www.quebakan.com\/v15\/continental-tire-andina-presenta-la-iniciativa-black-weeks-2025-para-fortalecer-la-movilidad-segura-y-responsable-en-ecuador\/#primaryimage"},"thumbnailUrl":"https:\/\/www.quebakan.com\/v15\/wp-content\/uploads\/2025\/11\/BANNER-ERCO-BW.jpg","datePublished":"2025-11-15T03:53:36+00:00","breadcrumb":{"@id":"https:\/\/www.quebakan.com\/v15\/continental-tire-andina-presenta-la-iniciativa-black-weeks-2025-para-fortalecer-la-movilidad-segura-y-responsable-en-ecuador\/#breadcrumb"},"inLanguage":"es","potentialAction":[{"@type":"ReadAction","target":["https:\/\/www.quebakan.com\/v15\/continental-tire-andina-presenta-la-iniciativa-black-weeks-2025-para-fortalecer-la-movilidad-segura-y-responsable-en-ecuador\/"]}]},{"@type":"ImageObject","inLanguage":"es","@id":"https:\/\/www.quebakan.com\/v15\/continental-tire-andina-presenta-la-iniciativa-black-weeks-2025-para-fortalecer-la-movilidad-segura-y-responsable-en-ecuador\/#primaryimage","url":"https:\/\/www.quebakan.com\/v15\/wp-content\/uploads\/2025\/11\/BANNER-ERCO-BW.jpg","contentUrl":"https:\/\/www.quebakan.com\/v15\/wp-content\/uploads\/2025\/11\/BANNER-ERCO-BW.jpg","width":700,"height":394},{"@type":"BreadcrumbList","@id":"https:\/\/www.quebakan.com\/v15\/continental-tire-andina-presenta-la-iniciativa-black-weeks-2025-para-fortalecer-la-movilidad-segura-y-responsable-en-ecuador\/#breadcrumb","itemListElement":[{"@type":"ListItem","position":1,"name":"Portada","item":"https:\/\/www.quebakan.com\/v15\/"},{"@type":"ListItem","position":2,"name":"Continental Tire Andina presenta la iniciativa Black Weeks 2025 para fortalecer la movilidad segura y responsable en Ecuador"}]},{"@type":"WebSite","@id":"https:\/\/www.quebakan.com\/v15\/#website","url":"https:\/\/www.quebakan.com\/v15\/","name":"QUEBAKAN","description":"..","publisher":{"@id":"https:\/\/www.quebakan.com\/v15\/#organization"},"potentialAction":[{"@type":"SearchAction","target":{"@type":"EntryPoint","urlTemplate":"https:\/\/www.quebakan.com\/v15\/?s={search_term_string}"},"query-input":{"@type":"PropertyValueSpecification","valueRequired":true,"valueName":"search_term_string"}}],"inLanguage":"es"},{"@type":"Organization","@id":"https:\/\/www.quebakan.com\/v15\/#organization","name":"Quebakan.com","url":"https:\/\/www.quebakan.com\/v15\/","logo":{"@type":"ImageObject","inLanguage":"es","@id":"https:\/\/www.quebakan.com\/v15\/#\/schema\/logo\/image\/","url":"https:\/\/www.quebakan.com\/v15\/wp-content\/uploads\/2023\/07\/logoquebakanenero2021.jpg","contentUrl":"https:\/\/www.quebakan.com\/v15\/wp-content\/uploads\/2023\/07\/logoquebakanenero2021.jpg","width":1920,"height":1080,"caption":"Quebakan.com"},"image":{"@id":"https:\/\/www.quebakan.com\/v15\/#\/schema\/logo\/image\/"},"sameAs":["http:\/\/www.facebook.com\/quebakan","https:\/\/x.com\/quebakanec","http:\/\/www.instagram.com\/quebakan","http:\/\/www.youtube.com\/quebakan1"]},{"@type":"Person","@id":"https:\/\/www.quebakan.com\/v15\/#\/schema\/person\/d90fa9f9cfa81eb8ace9811e5b7b9118","name":"Erick Villafuerte","image":{"@type":"ImageObject","inLanguage":"es","@id":"https:\/\/www.quebakan.com\/v15\/wp-content\/uploads\/avatars\/4\/1731297654-bpfull.png","url":"https:\/\/www.quebakan.com\/v15\/wp-content\/uploads\/avatars\/4\/1731297654-bpfull.png","contentUrl":"https:\/\/www.quebakan.com\/v15\/wp-content\/uploads\/avatars\/4\/1731297654-bpfull.png","caption":"Erick Villafuerte"}}]}},"_links":{"self":[{"href":"https:\/\/www.quebakan.com\/v15\/wp-json\/wp\/v2\/posts\/137370","targetHints":{"allow":["GET"]}}],"collection":[{"href":"https:\/\/www.quebakan.com\/v15\/wp-json\/wp\/v2\/posts"}],"about":[{"href":"https:\/\/www.quebakan.com\/v15\/wp-json\/wp\/v2\/types\/post"}],"author":[{"embeddable":true,"href":"https:\/\/www.quebakan.com\/v15\/wp-json\/wp\/v2\/users\/4"}],"replies":[{"embeddable":true,"href":"https:\/\/www.quebakan.com\/v15\/wp-json\/wp\/v2\/comments?post=137370"}],"version-history":[{"count":1,"href":"https:\/\/www.quebakan.com\/v15\/wp-json\/wp\/v2\/posts\/137370\/revisions"}],"predecessor-version":[{"id":137372,"href":"https:\/\/www.quebakan.com\/v15\/wp-json\/wp\/v2\/posts\/137370\/revisions\/137372"}],"wp:featuredmedia":[{"embeddable":true,"href":"https:\/\/www.quebakan.com\/v15\/wp-json\/wp\/v2\/media\/137371"}],"wp:attachment":[{"href":"https:\/\/www.quebakan.com\/v15\/wp-json\/wp\/v2\/media?parent=137370"}],"wp:term":[{"taxonomy":"category","embeddable":true,"href":"https:\/\/www.quebakan.com\/v15\/wp-json\/wp\/v2\/categories?post=137370"},{"taxonomy":"post_tag","embeddable":true,"href":"https:\/\/www.quebakan.com\/v15\/wp-json\/wp\/v2\/tags?post=137370"}],"curies":[{"name":"wp","href":"https:\/\/api.w.org\/{rel}","templated":true}]}}