{"id":137373,"date":"2025-11-14T22:57:58","date_gmt":"2025-11-15T03:57:58","guid":{"rendered":"https:\/\/www.quebakan.com\/v15\/?p=137373"},"modified":"2025-11-14T22:57:58","modified_gmt":"2025-11-15T03:57:58","slug":"cuando-el-motor-calla-el-ahorro-habla-el-crecimiento-de-la-movilidad-electrica-en-el-ecuador","status":"publish","type":"post","link":"https:\/\/www.quebakan.com\/v15\/cuando-el-motor-calla-el-ahorro-habla-el-crecimiento-de-la-movilidad-electrica-en-el-ecuador\/","title":{"rendered":"Cuando el motor calla el ahorro habla: EL CRECIMIENTO DE LA MOVILIDAD EL\u00c9CTRICA EN EL ECUADOR"},"content":{"rendered":"<p><img fetchpriority=\"high\" decoding=\"async\" class=\"aligncenter size-full wp-image-137374\" src=\"https:\/\/www.quebakan.com\/v15\/wp-content\/uploads\/2025\/11\/251113_Ahorro_BYD.png\" alt=\"\" width=\"612\" height=\"408\" \/><\/p>\n<p style=\"text-align: justify;\"><span style=\"color: #000000;\">En medio de una realidad local marcada por la eliminaci\u00f3n de subsidios, el alza de los precios de los combustibles y la necesidad urgente de reducir las emisiones para mitigar el cambio clim\u00e1tico, cada vez m\u00e1s ecuatorianos est\u00e1n optando por la movilidad el\u00e9ctrica. Esta transici\u00f3n no solo representa una acci\u00f3n ambiental consciente, sino tambi\u00e9n una oportunidad concreta de ahorro familiar.<\/span><\/p>\n<p style=\"text-align: justify;\"><span style=\"color: #000000;\">De acuerdo con el \u00faltimo <em>Global EV Outlook<\/em> de la Agencia Internacional de Energ\u00eda, m\u00e1s del 60% de los autos vendidos en Am\u00e9rica Latina ser\u00e1n el\u00e9ctricos o h\u00edbridos hacia 2030. En Ecuador, el cambio ya es evidente: solo entre enero y septiembre de 2025, la categor\u00eda de autos el\u00e9ctricos ha crecido un 180% en comparaci\u00f3n con el mismo per\u00edodo del a\u00f1o anterior, seg\u00fan datos de la Asociaci\u00f3n de Empresas Automotrices del Ecuador (AEADE).<\/span><\/p>\n<p style=\"text-align: justify;\"><span style=\"color: #000000;\"><strong>Un alivio tangible para el bolsillo de los ciudadanos<\/strong><\/span><\/p>\n<ul style=\"text-align: justify;\">\n<li><span style=\"color: #000000;\">Seg\u00fan Sim\u00f3n P\u00e9rez, Gerente General de Andor Corp, que maneja la marca BYD en Ecuador, una de las formas m\u00e1s claras de percibir el alivio econ\u00f3mico que representa optar por un auto el\u00e9ctrico radica en el costo diario de moverse. Cargar un veh\u00edculo de este tipo cuesta entre 4 y 10 d\u00f3lares por la carga completa, frente a los m\u00e1s de 30 d\u00f3lares que puede implicar llenar un tanque de gasolina, con lo cual el ahorro es claro.<\/span><\/li>\n<li><span style=\"color: #000000;\">A esto se suma el menor costo de mantenimiento: los autos el\u00e9ctricos no requieren la misma cantidad de cambios de aceite, y tienen menos piezas m\u00f3viles, lo que reduce el desgaste. Esto puede traducirse entre un 40% a un 60% de ahorro econ\u00f3mico en servicios t\u00e9cnicos. En un auto el\u00e9ctrico, como el caso de un BYD, el mantenimiento se realiza cada 20,000 km ofreciendo una ventaja de ahorro importante.<\/span><\/li>\n<li><span style=\"color: #000000;\">Mientras el precio de los combustibles fluct\u00faa por factores externos, el valor de la electricidad en Ecuador se mantiene estable. Adem\u00e1s, quienes ya tienen un veh\u00edculo el\u00e9ctrico acceden a tarifas reducidas entre las 22:00 y las 06:00.<\/span><\/li>\n<li><span style=\"color: #000000;\">Pero, m\u00e1s all\u00e1 del costo por carga, existen otros incentivos que fortalecen a\u00fan m\u00e1s la decisi\u00f3n de pasarse a un auto el\u00e9ctrico. Algunos de ellos generan ahorros desde el primer d\u00eda y otros se sienten mes a mes.<\/span><\/li>\n<\/ul>\n<p style=\"text-align: justify;\"><strong><span style=\"color: #000000;\">Beneficios adicionales que hacen la diferencia<\/span><\/strong><\/p>\n<ul style=\"text-align: justify;\">\n<li><span style=\"color: #000000;\"><strong>Precio m\u00e1s accesible desde la compra<\/strong>: exenci\u00f3n de IVA, ICE y aranceles de importaci\u00f3n.<\/span><\/li>\n<li><span style=\"color: #000000;\"><strong>Ahorro acumulado cada a\u00f1o<\/strong>: no pagan el Impuesto Anual a la Propiedad Vehicular.<\/span><\/li>\n<li><span style=\"color: #000000;\"><strong>Matriculaci\u00f3n preferencial<\/strong>: propuesta de USD 10 anuales, frente a los valores tradicionales entre USD 30 y USD 100.<\/span><\/li>\n<li><span style=\"color: #000000;\"><strong>Exoneraci\u00f3n del pago en zonas tarifadas<\/strong>: como la zona azul en Quito.<\/span><\/li>\n<li><span style=\"color: #000000;\"><strong>Libre circulaci\u00f3n todos los d\u00edas<\/strong>: exenci\u00f3n del \u201cPico y Placa\u201d en ciudades como Quito, lo que reduce la necesidad de tener un segundo veh\u00edculo.<\/span><\/li>\n<\/ul>\n<p style=\"text-align: justify;\"><span style=\"color: #000000;\">Estos beneficios se complementan con una tecnolog\u00eda como la que ofrece BYD, dise\u00f1ada no solo para durar, sino tambi\u00e9n para brindar una experiencia de conducci\u00f3n m\u00e1s c\u00f3moda, segura y silenciosa.<\/span><\/p>\n<p style=\"text-align: justify;\"><strong><span style=\"color: #000000;\">Tecnolog\u00eda confiable y duradera<\/span><\/strong><\/p>\n<ul style=\"text-align: justify;\">\n<li><span style=\"color: #000000;\">Las bater\u00edas de \u00faltima generaci\u00f3n, como la Blade Battery de BYD, ofrecen hasta 5.000 ciclos de carga, equivalentes a varios a\u00f1os de uso continuo. Adem\u00e1s, cuentan con sistemas inteligentes que gestionan la temperatura y el rendimiento para alargar su vida \u00fatil, lo que se traduce tambi\u00e9n en una optimizaci\u00f3n de recursos.<\/span><\/li>\n<li><span style=\"color: #000000;\">A esto se suman beneficios de comodidad: cabinas aisladas del ruido, conducci\u00f3n suave y asistencias tecnol\u00f3gicas como sensores de carril, que aportan a una experiencia segura y relajada.<\/span><\/li>\n<\/ul>\n<p style=\"text-align: justify;\"><span style=\"color: #000000;\">La movilidad el\u00e9ctrica ya forma parte del presente de muchas familias en Ecuador, porque representa menos gastos, menos restricciones y m\u00e1s libertad para planificar. Sin embargo, seguir impulsando esta transformaci\u00f3n requiere tecnolog\u00eda accesible, incentivos claros e informaci\u00f3n transparente.<\/span><\/p>\n<p style=\"text-align: justify;\"><span style=\"color: #000000;\">Marcas comprometidas con la sostenibilidad, como BYD, juegan un rol clave al ofrecer soluciones integrales que combinan veh\u00edculos eficientes, redes de carga, alianzas estrat\u00e9gicas y programas educativos. Porque quienes ya dejaron la gasolina saben que el cambio es silencioso, pero el impacto es profundo.<\/span><\/p>\n","protected":false},"excerpt":{"rendered":"<p>En medio de una realidad local marcada por la eliminaci\u00f3n de subsidios, el alza de los precios de los combustibles y la necesidad urgente de reducir las emisiones para mitigar el cambio clim\u00e1tico, cada vez m\u00e1s ecuatorianos est\u00e1n optando por la movilidad el\u00e9ctrica. Esta transici\u00f3n no solo representa una acci\u00f3n ambiental consciente, sino tambi\u00e9n una [&hellip;]<\/p>\n","protected":false},"author":4,"featured_media":137374,"comment_status":"closed","ping_status":"closed","sticky":false,"template":"","format":"standard","meta":{"_bbp_topic_count":0,"_bbp_reply_count":0,"_bbp_total_topic_count":0,"_bbp_total_reply_count":0,"_bbp_voice_count":0,"_bbp_anonymous_reply_count":0,"_bbp_topic_count_hidden":0,"_bbp_reply_count_hidden":0,"_bbp_forum_subforum_count":0,"buzzeditor_post_format":"","footnotes":""},"categories":[2],"tags":[],"class_list":["post-137373","post","type-post","status-publish","format-standard","has-post-thumbnail","hentry","category-noticias"],"yoast_head":"<!-- This site is optimized with the Yoast SEO plugin v27.5 - https:\/\/yoast.com\/product\/yoast-seo-wordpress\/ -->\n<title>Cuando el motor calla el ahorro habla: EL CRECIMIENTO DE LA MOVILIDAD EL\u00c9CTRICA EN EL ECUADOR &#8211; QUEBAKAN.COM 2026: Noticias, Eventos, Conciertos y mucho m\u00e1s....<\/title>\n<meta name=\"robots\" content=\"index, follow, max-snippet:-1, max-image-preview:large, max-video-preview:-1\" \/>\n<link rel=\"canonical\" href=\"https:\/\/www.quebakan.com\/v15\/cuando-el-motor-calla-el-ahorro-habla-el-crecimiento-de-la-movilidad-electrica-en-el-ecuador\/\" \/>\n<meta property=\"og:locale\" content=\"es_ES\" \/>\n<meta property=\"og:type\" content=\"article\" \/>\n<meta property=\"og:title\" content=\"Cuando el motor calla el ahorro habla: EL CRECIMIENTO DE LA MOVILIDAD EL\u00c9CTRICA EN EL ECUADOR &#8211; QUEBAKAN.COM 2026: Noticias, Eventos, Conciertos y mucho m\u00e1s....\" \/>\n<meta property=\"og:description\" content=\"En medio de una realidad local marcada por la eliminaci\u00f3n de subsidios, el alza de los precios de los combustibles y la necesidad urgente de reducir las emisiones para mitigar el cambio clim\u00e1tico, cada vez m\u00e1s ecuatorianos est\u00e1n optando por la movilidad el\u00e9ctrica. Esta transici\u00f3n no solo representa una acci\u00f3n ambiental consciente, sino tambi\u00e9n una [&hellip;]\" \/>\n<meta property=\"og:url\" content=\"https:\/\/www.quebakan.com\/v15\/cuando-el-motor-calla-el-ahorro-habla-el-crecimiento-de-la-movilidad-electrica-en-el-ecuador\/\" \/>\n<meta property=\"og:site_name\" content=\"QUEBAKAN.COM 2026: Noticias, Eventos, Conciertos y mucho m\u00e1s....\" \/>\n<meta property=\"article:publisher\" content=\"http:\/\/www.facebook.com\/quebakan\" \/>\n<meta property=\"article:published_time\" content=\"2025-11-15T03:57:58+00:00\" \/>\n<meta property=\"og:image\" content=\"https:\/\/www.quebakan.com\/v15\/wp-content\/uploads\/2025\/11\/251113_Ahorro_BYD.png\" \/>\n\t<meta property=\"og:image:width\" content=\"612\" \/>\n\t<meta property=\"og:image:height\" content=\"408\" \/>\n\t<meta property=\"og:image:type\" content=\"image\/png\" \/>\n<meta name=\"author\" content=\"Erick Villafuerte\" \/>\n<meta name=\"twitter:card\" content=\"summary_large_image\" \/>\n<meta name=\"twitter:creator\" content=\"@quebakanec\" \/>\n<meta name=\"twitter:site\" content=\"@quebakanec\" \/>\n<meta name=\"twitter:label1\" content=\"Escrito por\" \/>\n\t<meta name=\"twitter:data1\" content=\"Erick Villafuerte\" \/>\n\t<meta name=\"twitter:label2\" content=\"Tiempo de lectura\" \/>\n\t<meta name=\"twitter:data2\" content=\"4 minutos\" \/>\n<script type=\"application\/ld+json\" class=\"yoast-schema-graph\">{\"@context\":\"https:\\\/\\\/schema.org\",\"@graph\":[{\"@type\":\"Article\",\"@id\":\"https:\\\/\\\/www.quebakan.com\\\/v15\\\/cuando-el-motor-calla-el-ahorro-habla-el-crecimiento-de-la-movilidad-electrica-en-el-ecuador\\\/#article\",\"isPartOf\":{\"@id\":\"https:\\\/\\\/www.quebakan.com\\\/v15\\\/cuando-el-motor-calla-el-ahorro-habla-el-crecimiento-de-la-movilidad-electrica-en-el-ecuador\\\/\"},\"author\":{\"name\":\"Erick Villafuerte\",\"@id\":\"https:\\\/\\\/www.quebakan.com\\\/v15\\\/#\\\/schema\\\/person\\\/d90fa9f9cfa81eb8ace9811e5b7b9118\"},\"headline\":\"Cuando el motor calla el ahorro habla: EL CRECIMIENTO DE LA MOVILIDAD EL\u00c9CTRICA EN EL ECUADOR\",\"datePublished\":\"2025-11-15T03:57:58+00:00\",\"mainEntityOfPage\":{\"@id\":\"https:\\\/\\\/www.quebakan.com\\\/v15\\\/cuando-el-motor-calla-el-ahorro-habla-el-crecimiento-de-la-movilidad-electrica-en-el-ecuador\\\/\"},\"wordCount\":725,\"publisher\":{\"@id\":\"https:\\\/\\\/www.quebakan.com\\\/v15\\\/#organization\"},\"image\":{\"@id\":\"https:\\\/\\\/www.quebakan.com\\\/v15\\\/cuando-el-motor-calla-el-ahorro-habla-el-crecimiento-de-la-movilidad-electrica-en-el-ecuador\\\/#primaryimage\"},\"thumbnailUrl\":\"https:\\\/\\\/www.quebakan.com\\\/v15\\\/wp-content\\\/uploads\\\/2025\\\/11\\\/251113_Ahorro_BYD.png\",\"articleSection\":[\"Noticias\"],\"inLanguage\":\"es\"},{\"@type\":\"WebPage\",\"@id\":\"https:\\\/\\\/www.quebakan.com\\\/v15\\\/cuando-el-motor-calla-el-ahorro-habla-el-crecimiento-de-la-movilidad-electrica-en-el-ecuador\\\/\",\"url\":\"https:\\\/\\\/www.quebakan.com\\\/v15\\\/cuando-el-motor-calla-el-ahorro-habla-el-crecimiento-de-la-movilidad-electrica-en-el-ecuador\\\/\",\"name\":\"Cuando el motor calla el ahorro habla: EL CRECIMIENTO DE LA MOVILIDAD EL\u00c9CTRICA EN EL ECUADOR &#8211; QUEBAKAN.COM 2026: Noticias, Eventos, Conciertos y mucho m\u00e1s....\",\"isPartOf\":{\"@id\":\"https:\\\/\\\/www.quebakan.com\\\/v15\\\/#website\"},\"primaryImageOfPage\":{\"@id\":\"https:\\\/\\\/www.quebakan.com\\\/v15\\\/cuando-el-motor-calla-el-ahorro-habla-el-crecimiento-de-la-movilidad-electrica-en-el-ecuador\\\/#primaryimage\"},\"image\":{\"@id\":\"https:\\\/\\\/www.quebakan.com\\\/v15\\\/cuando-el-motor-calla-el-ahorro-habla-el-crecimiento-de-la-movilidad-electrica-en-el-ecuador\\\/#primaryimage\"},\"thumbnailUrl\":\"https:\\\/\\\/www.quebakan.com\\\/v15\\\/wp-content\\\/uploads\\\/2025\\\/11\\\/251113_Ahorro_BYD.png\",\"datePublished\":\"2025-11-15T03:57:58+00:00\",\"breadcrumb\":{\"@id\":\"https:\\\/\\\/www.quebakan.com\\\/v15\\\/cuando-el-motor-calla-el-ahorro-habla-el-crecimiento-de-la-movilidad-electrica-en-el-ecuador\\\/#breadcrumb\"},\"inLanguage\":\"es\",\"potentialAction\":[{\"@type\":\"ReadAction\",\"target\":[\"https:\\\/\\\/www.quebakan.com\\\/v15\\\/cuando-el-motor-calla-el-ahorro-habla-el-crecimiento-de-la-movilidad-electrica-en-el-ecuador\\\/\"]}]},{\"@type\":\"ImageObject\",\"inLanguage\":\"es\",\"@id\":\"https:\\\/\\\/www.quebakan.com\\\/v15\\\/cuando-el-motor-calla-el-ahorro-habla-el-crecimiento-de-la-movilidad-electrica-en-el-ecuador\\\/#primaryimage\",\"url\":\"https:\\\/\\\/www.quebakan.com\\\/v15\\\/wp-content\\\/uploads\\\/2025\\\/11\\\/251113_Ahorro_BYD.png\",\"contentUrl\":\"https:\\\/\\\/www.quebakan.com\\\/v15\\\/wp-content\\\/uploads\\\/2025\\\/11\\\/251113_Ahorro_BYD.png\",\"width\":612,\"height\":408},{\"@type\":\"BreadcrumbList\",\"@id\":\"https:\\\/\\\/www.quebakan.com\\\/v15\\\/cuando-el-motor-calla-el-ahorro-habla-el-crecimiento-de-la-movilidad-electrica-en-el-ecuador\\\/#breadcrumb\",\"itemListElement\":[{\"@type\":\"ListItem\",\"position\":1,\"name\":\"Portada\",\"item\":\"https:\\\/\\\/www.quebakan.com\\\/v15\\\/\"},{\"@type\":\"ListItem\",\"position\":2,\"name\":\"Cuando el motor calla el ahorro habla: EL CRECIMIENTO DE LA MOVILIDAD EL\u00c9CTRICA EN EL ECUADOR\"}]},{\"@type\":\"WebSite\",\"@id\":\"https:\\\/\\\/www.quebakan.com\\\/v15\\\/#website\",\"url\":\"https:\\\/\\\/www.quebakan.com\\\/v15\\\/\",\"name\":\"QUEBAKAN\",\"description\":\"..\",\"publisher\":{\"@id\":\"https:\\\/\\\/www.quebakan.com\\\/v15\\\/#organization\"},\"potentialAction\":[{\"@type\":\"SearchAction\",\"target\":{\"@type\":\"EntryPoint\",\"urlTemplate\":\"https:\\\/\\\/www.quebakan.com\\\/v15\\\/?s={search_term_string}\"},\"query-input\":{\"@type\":\"PropertyValueSpecification\",\"valueRequired\":true,\"valueName\":\"search_term_string\"}}],\"inLanguage\":\"es\"},{\"@type\":\"Organization\",\"@id\":\"https:\\\/\\\/www.quebakan.com\\\/v15\\\/#organization\",\"name\":\"Quebakan.com\",\"url\":\"https:\\\/\\\/www.quebakan.com\\\/v15\\\/\",\"logo\":{\"@type\":\"ImageObject\",\"inLanguage\":\"es\",\"@id\":\"https:\\\/\\\/www.quebakan.com\\\/v15\\\/#\\\/schema\\\/logo\\\/image\\\/\",\"url\":\"https:\\\/\\\/www.quebakan.com\\\/v15\\\/wp-content\\\/uploads\\\/2023\\\/07\\\/logoquebakanenero2021.jpg\",\"contentUrl\":\"https:\\\/\\\/www.quebakan.com\\\/v15\\\/wp-content\\\/uploads\\\/2023\\\/07\\\/logoquebakanenero2021.jpg\",\"width\":1920,\"height\":1080,\"caption\":\"Quebakan.com\"},\"image\":{\"@id\":\"https:\\\/\\\/www.quebakan.com\\\/v15\\\/#\\\/schema\\\/logo\\\/image\\\/\"},\"sameAs\":[\"http:\\\/\\\/www.facebook.com\\\/quebakan\",\"https:\\\/\\\/x.com\\\/quebakanec\",\"http:\\\/\\\/www.instagram.com\\\/quebakan\",\"http:\\\/\\\/www.youtube.com\\\/quebakan1\"]},{\"@type\":\"Person\",\"@id\":\"https:\\\/\\\/www.quebakan.com\\\/v15\\\/#\\\/schema\\\/person\\\/d90fa9f9cfa81eb8ace9811e5b7b9118\",\"name\":\"Erick Villafuerte\",\"image\":{\"@type\":\"ImageObject\",\"inLanguage\":\"es\",\"@id\":\"https:\\\/\\\/www.quebakan.com\\\/v15\\\/wp-content\\\/uploads\\\/avatars\\\/4\\\/1731297654-bpfull.png\",\"url\":\"https:\\\/\\\/www.quebakan.com\\\/v15\\\/wp-content\\\/uploads\\\/avatars\\\/4\\\/1731297654-bpfull.png\",\"contentUrl\":\"https:\\\/\\\/www.quebakan.com\\\/v15\\\/wp-content\\\/uploads\\\/avatars\\\/4\\\/1731297654-bpfull.png\",\"caption\":\"Erick Villafuerte\"}}]}<\/script>\n<!-- \/ Yoast SEO plugin. -->","yoast_head_json":{"title":"Cuando el motor calla el ahorro habla: EL CRECIMIENTO DE LA MOVILIDAD EL\u00c9CTRICA EN EL ECUADOR &#8211; QUEBAKAN.COM 2026: Noticias, Eventos, Conciertos y mucho m\u00e1s....","robots":{"index":"index","follow":"follow","max-snippet":"max-snippet:-1","max-image-preview":"max-image-preview:large","max-video-preview":"max-video-preview:-1"},"canonical":"https:\/\/www.quebakan.com\/v15\/cuando-el-motor-calla-el-ahorro-habla-el-crecimiento-de-la-movilidad-electrica-en-el-ecuador\/","og_locale":"es_ES","og_type":"article","og_title":"Cuando el motor calla el ahorro habla: EL CRECIMIENTO DE LA MOVILIDAD EL\u00c9CTRICA EN EL ECUADOR &#8211; QUEBAKAN.COM 2026: Noticias, Eventos, Conciertos y mucho m\u00e1s....","og_description":"En medio de una realidad local marcada por la eliminaci\u00f3n de subsidios, el alza de los precios de los combustibles y la necesidad urgente de reducir las emisiones para mitigar el cambio clim\u00e1tico, cada vez m\u00e1s ecuatorianos est\u00e1n optando por la movilidad el\u00e9ctrica. Esta transici\u00f3n no solo representa una acci\u00f3n ambiental consciente, sino tambi\u00e9n una [&hellip;]","og_url":"https:\/\/www.quebakan.com\/v15\/cuando-el-motor-calla-el-ahorro-habla-el-crecimiento-de-la-movilidad-electrica-en-el-ecuador\/","og_site_name":"QUEBAKAN.COM 2026: Noticias, Eventos, Conciertos y mucho m\u00e1s....","article_publisher":"http:\/\/www.facebook.com\/quebakan","article_published_time":"2025-11-15T03:57:58+00:00","og_image":[{"width":612,"height":408,"url":"https:\/\/www.quebakan.com\/v15\/wp-content\/uploads\/2025\/11\/251113_Ahorro_BYD.png","type":"image\/png"}],"author":"Erick Villafuerte","twitter_card":"summary_large_image","twitter_creator":"@quebakanec","twitter_site":"@quebakanec","twitter_misc":{"Escrito por":"Erick Villafuerte","Tiempo de lectura":"4 minutos"},"schema":{"@context":"https:\/\/schema.org","@graph":[{"@type":"Article","@id":"https:\/\/www.quebakan.com\/v15\/cuando-el-motor-calla-el-ahorro-habla-el-crecimiento-de-la-movilidad-electrica-en-el-ecuador\/#article","isPartOf":{"@id":"https:\/\/www.quebakan.com\/v15\/cuando-el-motor-calla-el-ahorro-habla-el-crecimiento-de-la-movilidad-electrica-en-el-ecuador\/"},"author":{"name":"Erick Villafuerte","@id":"https:\/\/www.quebakan.com\/v15\/#\/schema\/person\/d90fa9f9cfa81eb8ace9811e5b7b9118"},"headline":"Cuando el motor calla el ahorro habla: EL CRECIMIENTO DE LA MOVILIDAD EL\u00c9CTRICA EN EL ECUADOR","datePublished":"2025-11-15T03:57:58+00:00","mainEntityOfPage":{"@id":"https:\/\/www.quebakan.com\/v15\/cuando-el-motor-calla-el-ahorro-habla-el-crecimiento-de-la-movilidad-electrica-en-el-ecuador\/"},"wordCount":725,"publisher":{"@id":"https:\/\/www.quebakan.com\/v15\/#organization"},"image":{"@id":"https:\/\/www.quebakan.com\/v15\/cuando-el-motor-calla-el-ahorro-habla-el-crecimiento-de-la-movilidad-electrica-en-el-ecuador\/#primaryimage"},"thumbnailUrl":"https:\/\/www.quebakan.com\/v15\/wp-content\/uploads\/2025\/11\/251113_Ahorro_BYD.png","articleSection":["Noticias"],"inLanguage":"es"},{"@type":"WebPage","@id":"https:\/\/www.quebakan.com\/v15\/cuando-el-motor-calla-el-ahorro-habla-el-crecimiento-de-la-movilidad-electrica-en-el-ecuador\/","url":"https:\/\/www.quebakan.com\/v15\/cuando-el-motor-calla-el-ahorro-habla-el-crecimiento-de-la-movilidad-electrica-en-el-ecuador\/","name":"Cuando el motor calla el ahorro habla: EL CRECIMIENTO DE LA MOVILIDAD EL\u00c9CTRICA EN EL ECUADOR &#8211; QUEBAKAN.COM 2026: Noticias, Eventos, Conciertos y mucho m\u00e1s....","isPartOf":{"@id":"https:\/\/www.quebakan.com\/v15\/#website"},"primaryImageOfPage":{"@id":"https:\/\/www.quebakan.com\/v15\/cuando-el-motor-calla-el-ahorro-habla-el-crecimiento-de-la-movilidad-electrica-en-el-ecuador\/#primaryimage"},"image":{"@id":"https:\/\/www.quebakan.com\/v15\/cuando-el-motor-calla-el-ahorro-habla-el-crecimiento-de-la-movilidad-electrica-en-el-ecuador\/#primaryimage"},"thumbnailUrl":"https:\/\/www.quebakan.com\/v15\/wp-content\/uploads\/2025\/11\/251113_Ahorro_BYD.png","datePublished":"2025-11-15T03:57:58+00:00","breadcrumb":{"@id":"https:\/\/www.quebakan.com\/v15\/cuando-el-motor-calla-el-ahorro-habla-el-crecimiento-de-la-movilidad-electrica-en-el-ecuador\/#breadcrumb"},"inLanguage":"es","potentialAction":[{"@type":"ReadAction","target":["https:\/\/www.quebakan.com\/v15\/cuando-el-motor-calla-el-ahorro-habla-el-crecimiento-de-la-movilidad-electrica-en-el-ecuador\/"]}]},{"@type":"ImageObject","inLanguage":"es","@id":"https:\/\/www.quebakan.com\/v15\/cuando-el-motor-calla-el-ahorro-habla-el-crecimiento-de-la-movilidad-electrica-en-el-ecuador\/#primaryimage","url":"https:\/\/www.quebakan.com\/v15\/wp-content\/uploads\/2025\/11\/251113_Ahorro_BYD.png","contentUrl":"https:\/\/www.quebakan.com\/v15\/wp-content\/uploads\/2025\/11\/251113_Ahorro_BYD.png","width":612,"height":408},{"@type":"BreadcrumbList","@id":"https:\/\/www.quebakan.com\/v15\/cuando-el-motor-calla-el-ahorro-habla-el-crecimiento-de-la-movilidad-electrica-en-el-ecuador\/#breadcrumb","itemListElement":[{"@type":"ListItem","position":1,"name":"Portada","item":"https:\/\/www.quebakan.com\/v15\/"},{"@type":"ListItem","position":2,"name":"Cuando el motor calla el ahorro habla: EL CRECIMIENTO DE LA MOVILIDAD EL\u00c9CTRICA EN EL ECUADOR"}]},{"@type":"WebSite","@id":"https:\/\/www.quebakan.com\/v15\/#website","url":"https:\/\/www.quebakan.com\/v15\/","name":"QUEBAKAN","description":"..","publisher":{"@id":"https:\/\/www.quebakan.com\/v15\/#organization"},"potentialAction":[{"@type":"SearchAction","target":{"@type":"EntryPoint","urlTemplate":"https:\/\/www.quebakan.com\/v15\/?s={search_term_string}"},"query-input":{"@type":"PropertyValueSpecification","valueRequired":true,"valueName":"search_term_string"}}],"inLanguage":"es"},{"@type":"Organization","@id":"https:\/\/www.quebakan.com\/v15\/#organization","name":"Quebakan.com","url":"https:\/\/www.quebakan.com\/v15\/","logo":{"@type":"ImageObject","inLanguage":"es","@id":"https:\/\/www.quebakan.com\/v15\/#\/schema\/logo\/image\/","url":"https:\/\/www.quebakan.com\/v15\/wp-content\/uploads\/2023\/07\/logoquebakanenero2021.jpg","contentUrl":"https:\/\/www.quebakan.com\/v15\/wp-content\/uploads\/2023\/07\/logoquebakanenero2021.jpg","width":1920,"height":1080,"caption":"Quebakan.com"},"image":{"@id":"https:\/\/www.quebakan.com\/v15\/#\/schema\/logo\/image\/"},"sameAs":["http:\/\/www.facebook.com\/quebakan","https:\/\/x.com\/quebakanec","http:\/\/www.instagram.com\/quebakan","http:\/\/www.youtube.com\/quebakan1"]},{"@type":"Person","@id":"https:\/\/www.quebakan.com\/v15\/#\/schema\/person\/d90fa9f9cfa81eb8ace9811e5b7b9118","name":"Erick Villafuerte","image":{"@type":"ImageObject","inLanguage":"es","@id":"https:\/\/www.quebakan.com\/v15\/wp-content\/uploads\/avatars\/4\/1731297654-bpfull.png","url":"https:\/\/www.quebakan.com\/v15\/wp-content\/uploads\/avatars\/4\/1731297654-bpfull.png","contentUrl":"https:\/\/www.quebakan.com\/v15\/wp-content\/uploads\/avatars\/4\/1731297654-bpfull.png","caption":"Erick Villafuerte"}}]}},"_links":{"self":[{"href":"https:\/\/www.quebakan.com\/v15\/wp-json\/wp\/v2\/posts\/137373","targetHints":{"allow":["GET"]}}],"collection":[{"href":"https:\/\/www.quebakan.com\/v15\/wp-json\/wp\/v2\/posts"}],"about":[{"href":"https:\/\/www.quebakan.com\/v15\/wp-json\/wp\/v2\/types\/post"}],"author":[{"embeddable":true,"href":"https:\/\/www.quebakan.com\/v15\/wp-json\/wp\/v2\/users\/4"}],"replies":[{"embeddable":true,"href":"https:\/\/www.quebakan.com\/v15\/wp-json\/wp\/v2\/comments?post=137373"}],"version-history":[{"count":1,"href":"https:\/\/www.quebakan.com\/v15\/wp-json\/wp\/v2\/posts\/137373\/revisions"}],"predecessor-version":[{"id":137375,"href":"https:\/\/www.quebakan.com\/v15\/wp-json\/wp\/v2\/posts\/137373\/revisions\/137375"}],"wp:featuredmedia":[{"embeddable":true,"href":"https:\/\/www.quebakan.com\/v15\/wp-json\/wp\/v2\/media\/137374"}],"wp:attachment":[{"href":"https:\/\/www.quebakan.com\/v15\/wp-json\/wp\/v2\/media?parent=137373"}],"wp:term":[{"taxonomy":"category","embeddable":true,"href":"https:\/\/www.quebakan.com\/v15\/wp-json\/wp\/v2\/categories?post=137373"},{"taxonomy":"post_tag","embeddable":true,"href":"https:\/\/www.quebakan.com\/v15\/wp-json\/wp\/v2\/tags?post=137373"}],"curies":[{"name":"wp","href":"https:\/\/api.w.org\/{rel}","templated":true}]}}