{"id":137849,"date":"2025-11-26T16:57:18","date_gmt":"2025-11-26T21:57:18","guid":{"rendered":"https:\/\/www.quebakan.com\/v15\/?p=137849"},"modified":"2025-11-26T16:57:18","modified_gmt":"2025-11-26T21:57:18","slug":"mg-motor-impulsa-su-expansion-en-ecuador-con-dos-nuevos-suv","status":"publish","type":"post","link":"https:\/\/www.quebakan.com\/v15\/mg-motor-impulsa-su-expansion-en-ecuador-con-dos-nuevos-suv\/","title":{"rendered":"MG Motor impulsa su expansi\u00f3n en Ecuador con dos nuevos SUV"},"content":{"rendered":"<div><img fetchpriority=\"high\" decoding=\"async\" class=\"aligncenter size-full wp-image-137850\" src=\"https:\/\/www.quebakan.com\/v15\/wp-content\/uploads\/2025\/11\/image.jpg\" alt=\"\" width=\"700\" height=\"529\" \/><\/div>\n<div style=\"text-align: justify;\"><span style=\"color: #000000;\"><strong>De izquierda a derecha:<\/strong> Ricardo Schneidewind, Subgerente de MG Motor Ecuador, Daniel Wiener, Gerente General de MG Motor Ecuador, Arturo C\u00e1rdenas, Gerente General de Autofenix, Daniela C\u00e1rdenas, Gerente de Operaci\u00f3n Autofenix. Cristina Gonz\u00e1lez, Coordinadora PR Inducorp.<\/span><\/div>\n<ul style=\"text-align: justify;\">\n<li><span style=\"color: #000000;\">MG Motor inaugur\u00f3 su nuevo concesionario Autofenix en Tumbaco y present\u00f3 dos nuevos modelos: MG ZS HEV y MG RX9.<\/span><\/li>\n<li><span style=\"color: #000000;\">Para 2026 MG Motor Ecuador proyecta un crecimiento del 155% en ventas, impulsado por una red m\u00e1s s\u00f3lida y una estrategia m\u00e1s clara.<\/span><\/li>\n<li><span style=\"color: #000000;\">MG Motor Ecuador cuenta con 13 concesionarios, como parte de su s\u00f3lida apuesta por la expansi\u00f3n y cobertura de la marca a nivel nacional.<\/span><\/li>\n<\/ul>\n<div style=\"text-align: justify;\"><span style=\"color: #000000;\"><b>Quito, noviembre de 2025<\/b>.- MG Motor Ecuador impulsa su expansi\u00f3n en el mercado automotriz con una inversi\u00f3n estrat\u00e9gica, la apertura de un nuevo punto de venta y la incorporaci\u00f3n de dos SUV clave a su portafolio. Para 2026, la marca proyecta un crecimiento del 155% en ventas, respaldado por una red m\u00e1s robusta y una estrategia comercial fortalecida. Esta ofensiva consolida su compromiso con soluciones de movilidad innovadoras, eficientes y alineadas a las nuevas necesidades del consumidor ecuatoriano.<\/span><\/div>\n<div><\/div>\n<div style=\"text-align: justify;\"><span style=\"color: #000000;\">Como parte de su plan de crecimiento y expansi\u00f3n a nivel nacional (Quito, Guayaquil, Ambato, Manta, Cuenca, Ibarra), la marca consolid\u00f3 su red de 13 concesionarios\u00a0con la inauguraci\u00f3n oficial de Autofenix en Tumbaco. Este evento estrat\u00e9gico fue el escenario para la presentaci\u00f3n de sus nuevos SUV: el MG ZS HEV y el MG RX9. Ambos modelos impulsan la evoluci\u00f3n tecnol\u00f3gica de la marca, marcando su entrada al segmento h\u00edbrido y fortaleciendo su portafolio premium en Ecuador.<\/span><\/div>\n<div><\/div>\n<div style=\"text-align: justify;\"><span style=\"color: #000000;\">El MG ZS HEV, primer SUV h\u00edbrido auto-recargable de la marca en Ecuador, combina eficiencia energ\u00e9tica, desempe\u00f1o y confort. Su sistema h\u00edbrido de 1.5L con motor el\u00e9ctrico de 1.83 kWh ofrece una potencia de 191 HP, tres modos de manejo (ECO, NORMAL y SPORT) y tecnolog\u00eda de seguridad avanzada MG Pilot ADAS, que incluye asistencias como frenado aut\u00f3nomo, mantenimiento de carril y control crucero adaptativo.<\/span><\/div>\n<div><\/div>\n<div style=\"text-align: justify;\"><span style=\"color: #000000;\">Por su parte, el MG RX9 se consolida como el SUV insignia de la marca, con motor 2.0 Turbo de 238 HP, transmisi\u00f3n ZF de 9 velocidades, tracci\u00f3n 2WD o 4WD, y un interior premium de siete plazas con climatizador de tres zonas, techo panor\u00e1mico y sistema de audio BOSE de 12 parlantes, que refuerza su propuesta de lujo, espacio y tecnolog\u00eda para familias modernas.<\/span><\/div>\n<div><\/div>\n<div style=\"text-align: justify;\"><span style=\"color: #000000;\">\u201cEstos lanzamientos refuerzan la apuesta de MG por el crecimiento sostenido en Ecuador. La llegada del MG ZS HEV y el MG RX9 ampl\u00eda nuestra oferta de movilidad moderna y c\u00f3moda para las familias ecuatorianas, combinando tecnolog\u00eda, seguridad y dise\u00f1o en cada detalle. Este es un paso clave dentro del proceso de expansi\u00f3n nacional que lideramos desde MG Motor\u201d, se\u00f1al\u00f3 Santiago Merch\u00e1n, Gerente Comercial de MG Motor Ecuador.<\/span><\/div>\n<div><\/div>\n<div style=\"text-align: justify;\"><span style=\"color: #000000;\">Con el respaldo de Induwagen, parte del s\u00f3lido grupo empresarial ecuatoriano Inducorp con m\u00e1s de 60 a\u00f1os de trayectoria en el sector automotriz e industrial, MG Motor consolida su posici\u00f3n como una marca global con visi\u00f3n de futuro. Su presencia creciente en el pa\u00eds refleja una estrategia s\u00f3lida orientada a la innovaci\u00f3n, sostenibilidad y excelencia en la experiencia del cliente, pilares que impulsan el desarrollo del portafolio de la marca en Ecuador y la regi\u00f3n.<\/span><\/div>\n","protected":false},"excerpt":{"rendered":"<p>De izquierda a derecha: Ricardo Schneidewind, Subgerente de MG Motor Ecuador, Daniel Wiener, Gerente General de MG Motor Ecuador, Arturo C\u00e1rdenas, Gerente General de Autofenix, Daniela C\u00e1rdenas, Gerente de Operaci\u00f3n Autofenix. Cristina Gonz\u00e1lez, Coordinadora PR Inducorp. MG Motor inaugur\u00f3 su nuevo concesionario Autofenix en Tumbaco y present\u00f3 dos nuevos modelos: MG ZS HEV y MG [&hellip;]<\/p>\n","protected":false},"author":4,"featured_media":137850,"comment_status":"closed","ping_status":"closed","sticky":false,"template":"","format":"standard","meta":{"_bbp_topic_count":0,"_bbp_reply_count":0,"_bbp_total_topic_count":0,"_bbp_total_reply_count":0,"_bbp_voice_count":0,"_bbp_anonymous_reply_count":0,"_bbp_topic_count_hidden":0,"_bbp_reply_count_hidden":0,"_bbp_forum_subforum_count":0,"buzzeditor_post_format":"","footnotes":""},"categories":[2],"tags":[],"class_list":["post-137849","post","type-post","status-publish","format-standard","has-post-thumbnail","hentry","category-noticias"],"yoast_head":"<!-- This site is optimized with the Yoast SEO plugin v27.4 - https:\/\/yoast.com\/product\/yoast-seo-wordpress\/ -->\n<title>MG Motor impulsa su expansi\u00f3n en Ecuador con dos nuevos SUV &#8211; QUEBAKAN.COM 2026: Noticias, Eventos, Conciertos y mucho m\u00e1s....<\/title>\n<meta name=\"robots\" content=\"index, follow, max-snippet:-1, max-image-preview:large, max-video-preview:-1\" \/>\n<link rel=\"canonical\" href=\"https:\/\/www.quebakan.com\/v15\/mg-motor-impulsa-su-expansion-en-ecuador-con-dos-nuevos-suv\/\" \/>\n<meta property=\"og:locale\" content=\"es_ES\" \/>\n<meta property=\"og:type\" content=\"article\" \/>\n<meta property=\"og:title\" content=\"MG Motor impulsa su expansi\u00f3n en Ecuador con dos nuevos SUV &#8211; QUEBAKAN.COM 2026: Noticias, Eventos, Conciertos y mucho m\u00e1s....\" \/>\n<meta property=\"og:description\" content=\"De izquierda a derecha: Ricardo Schneidewind, Subgerente de MG Motor Ecuador, Daniel Wiener, Gerente General de MG Motor Ecuador, Arturo C\u00e1rdenas, Gerente General de Autofenix, Daniela C\u00e1rdenas, Gerente de Operaci\u00f3n Autofenix. Cristina Gonz\u00e1lez, Coordinadora PR Inducorp. MG Motor inaugur\u00f3 su nuevo concesionario Autofenix en Tumbaco y present\u00f3 dos nuevos modelos: MG ZS HEV y MG [&hellip;]\" \/>\n<meta property=\"og:url\" content=\"https:\/\/www.quebakan.com\/v15\/mg-motor-impulsa-su-expansion-en-ecuador-con-dos-nuevos-suv\/\" \/>\n<meta property=\"og:site_name\" content=\"QUEBAKAN.COM 2026: Noticias, Eventos, Conciertos y mucho m\u00e1s....\" \/>\n<meta property=\"article:publisher\" content=\"http:\/\/www.facebook.com\/quebakan\" \/>\n<meta property=\"article:published_time\" content=\"2025-11-26T21:57:18+00:00\" \/>\n<meta property=\"og:image\" content=\"https:\/\/www.quebakan.com\/v15\/wp-content\/uploads\/2025\/11\/image.jpg\" \/>\n\t<meta property=\"og:image:width\" content=\"700\" \/>\n\t<meta property=\"og:image:height\" content=\"529\" \/>\n\t<meta property=\"og:image:type\" content=\"image\/jpeg\" \/>\n<meta name=\"author\" content=\"Erick Villafuerte\" \/>\n<meta name=\"twitter:card\" content=\"summary_large_image\" \/>\n<meta name=\"twitter:creator\" content=\"@quebakanec\" \/>\n<meta name=\"twitter:site\" content=\"@quebakanec\" \/>\n<meta name=\"twitter:label1\" content=\"Escrito por\" \/>\n\t<meta name=\"twitter:data1\" content=\"Erick Villafuerte\" \/>\n\t<meta name=\"twitter:label2\" content=\"Tiempo de lectura\" \/>\n\t<meta name=\"twitter:data2\" content=\"3 minutos\" \/>\n<script type=\"application\/ld+json\" class=\"yoast-schema-graph\">{\"@context\":\"https:\\\/\\\/schema.org\",\"@graph\":[{\"@type\":\"Article\",\"@id\":\"https:\\\/\\\/www.quebakan.com\\\/v15\\\/mg-motor-impulsa-su-expansion-en-ecuador-con-dos-nuevos-suv\\\/#article\",\"isPartOf\":{\"@id\":\"https:\\\/\\\/www.quebakan.com\\\/v15\\\/mg-motor-impulsa-su-expansion-en-ecuador-con-dos-nuevos-suv\\\/\"},\"author\":{\"name\":\"Erick Villafuerte\",\"@id\":\"https:\\\/\\\/www.quebakan.com\\\/v15\\\/#\\\/schema\\\/person\\\/d90fa9f9cfa81eb8ace9811e5b7b9118\"},\"headline\":\"MG Motor impulsa su expansi\u00f3n en Ecuador con dos nuevos SUV\",\"datePublished\":\"2025-11-26T21:57:18+00:00\",\"mainEntityOfPage\":{\"@id\":\"https:\\\/\\\/www.quebakan.com\\\/v15\\\/mg-motor-impulsa-su-expansion-en-ecuador-con-dos-nuevos-suv\\\/\"},\"wordCount\":578,\"publisher\":{\"@id\":\"https:\\\/\\\/www.quebakan.com\\\/v15\\\/#organization\"},\"image\":{\"@id\":\"https:\\\/\\\/www.quebakan.com\\\/v15\\\/mg-motor-impulsa-su-expansion-en-ecuador-con-dos-nuevos-suv\\\/#primaryimage\"},\"thumbnailUrl\":\"https:\\\/\\\/www.quebakan.com\\\/v15\\\/wp-content\\\/uploads\\\/2025\\\/11\\\/image.jpg\",\"articleSection\":[\"Noticias\"],\"inLanguage\":\"es\"},{\"@type\":\"WebPage\",\"@id\":\"https:\\\/\\\/www.quebakan.com\\\/v15\\\/mg-motor-impulsa-su-expansion-en-ecuador-con-dos-nuevos-suv\\\/\",\"url\":\"https:\\\/\\\/www.quebakan.com\\\/v15\\\/mg-motor-impulsa-su-expansion-en-ecuador-con-dos-nuevos-suv\\\/\",\"name\":\"MG Motor impulsa su expansi\u00f3n en Ecuador con dos nuevos SUV &#8211; QUEBAKAN.COM 2026: Noticias, Eventos, Conciertos y mucho m\u00e1s....\",\"isPartOf\":{\"@id\":\"https:\\\/\\\/www.quebakan.com\\\/v15\\\/#website\"},\"primaryImageOfPage\":{\"@id\":\"https:\\\/\\\/www.quebakan.com\\\/v15\\\/mg-motor-impulsa-su-expansion-en-ecuador-con-dos-nuevos-suv\\\/#primaryimage\"},\"image\":{\"@id\":\"https:\\\/\\\/www.quebakan.com\\\/v15\\\/mg-motor-impulsa-su-expansion-en-ecuador-con-dos-nuevos-suv\\\/#primaryimage\"},\"thumbnailUrl\":\"https:\\\/\\\/www.quebakan.com\\\/v15\\\/wp-content\\\/uploads\\\/2025\\\/11\\\/image.jpg\",\"datePublished\":\"2025-11-26T21:57:18+00:00\",\"breadcrumb\":{\"@id\":\"https:\\\/\\\/www.quebakan.com\\\/v15\\\/mg-motor-impulsa-su-expansion-en-ecuador-con-dos-nuevos-suv\\\/#breadcrumb\"},\"inLanguage\":\"es\",\"potentialAction\":[{\"@type\":\"ReadAction\",\"target\":[\"https:\\\/\\\/www.quebakan.com\\\/v15\\\/mg-motor-impulsa-su-expansion-en-ecuador-con-dos-nuevos-suv\\\/\"]}]},{\"@type\":\"ImageObject\",\"inLanguage\":\"es\",\"@id\":\"https:\\\/\\\/www.quebakan.com\\\/v15\\\/mg-motor-impulsa-su-expansion-en-ecuador-con-dos-nuevos-suv\\\/#primaryimage\",\"url\":\"https:\\\/\\\/www.quebakan.com\\\/v15\\\/wp-content\\\/uploads\\\/2025\\\/11\\\/image.jpg\",\"contentUrl\":\"https:\\\/\\\/www.quebakan.com\\\/v15\\\/wp-content\\\/uploads\\\/2025\\\/11\\\/image.jpg\",\"width\":700,\"height\":529},{\"@type\":\"BreadcrumbList\",\"@id\":\"https:\\\/\\\/www.quebakan.com\\\/v15\\\/mg-motor-impulsa-su-expansion-en-ecuador-con-dos-nuevos-suv\\\/#breadcrumb\",\"itemListElement\":[{\"@type\":\"ListItem\",\"position\":1,\"name\":\"Portada\",\"item\":\"https:\\\/\\\/www.quebakan.com\\\/v15\\\/\"},{\"@type\":\"ListItem\",\"position\":2,\"name\":\"MG Motor impulsa su expansi\u00f3n en Ecuador con dos nuevos SUV\"}]},{\"@type\":\"WebSite\",\"@id\":\"https:\\\/\\\/www.quebakan.com\\\/v15\\\/#website\",\"url\":\"https:\\\/\\\/www.quebakan.com\\\/v15\\\/\",\"name\":\"QUEBAKAN\",\"description\":\"..\",\"publisher\":{\"@id\":\"https:\\\/\\\/www.quebakan.com\\\/v15\\\/#organization\"},\"potentialAction\":[{\"@type\":\"SearchAction\",\"target\":{\"@type\":\"EntryPoint\",\"urlTemplate\":\"https:\\\/\\\/www.quebakan.com\\\/v15\\\/?s={search_term_string}\"},\"query-input\":{\"@type\":\"PropertyValueSpecification\",\"valueRequired\":true,\"valueName\":\"search_term_string\"}}],\"inLanguage\":\"es\"},{\"@type\":\"Organization\",\"@id\":\"https:\\\/\\\/www.quebakan.com\\\/v15\\\/#organization\",\"name\":\"Quebakan.com\",\"url\":\"https:\\\/\\\/www.quebakan.com\\\/v15\\\/\",\"logo\":{\"@type\":\"ImageObject\",\"inLanguage\":\"es\",\"@id\":\"https:\\\/\\\/www.quebakan.com\\\/v15\\\/#\\\/schema\\\/logo\\\/image\\\/\",\"url\":\"https:\\\/\\\/www.quebakan.com\\\/v15\\\/wp-content\\\/uploads\\\/2023\\\/07\\\/logoquebakanenero2021.jpg\",\"contentUrl\":\"https:\\\/\\\/www.quebakan.com\\\/v15\\\/wp-content\\\/uploads\\\/2023\\\/07\\\/logoquebakanenero2021.jpg\",\"width\":1920,\"height\":1080,\"caption\":\"Quebakan.com\"},\"image\":{\"@id\":\"https:\\\/\\\/www.quebakan.com\\\/v15\\\/#\\\/schema\\\/logo\\\/image\\\/\"},\"sameAs\":[\"http:\\\/\\\/www.facebook.com\\\/quebakan\",\"https:\\\/\\\/x.com\\\/quebakanec\",\"http:\\\/\\\/www.instagram.com\\\/quebakan\",\"http:\\\/\\\/www.youtube.com\\\/quebakan1\"]},{\"@type\":\"Person\",\"@id\":\"https:\\\/\\\/www.quebakan.com\\\/v15\\\/#\\\/schema\\\/person\\\/d90fa9f9cfa81eb8ace9811e5b7b9118\",\"name\":\"Erick Villafuerte\",\"image\":{\"@type\":\"ImageObject\",\"inLanguage\":\"es\",\"@id\":\"https:\\\/\\\/www.quebakan.com\\\/v15\\\/wp-content\\\/uploads\\\/avatars\\\/4\\\/1731297654-bpfull.png\",\"url\":\"https:\\\/\\\/www.quebakan.com\\\/v15\\\/wp-content\\\/uploads\\\/avatars\\\/4\\\/1731297654-bpfull.png\",\"contentUrl\":\"https:\\\/\\\/www.quebakan.com\\\/v15\\\/wp-content\\\/uploads\\\/avatars\\\/4\\\/1731297654-bpfull.png\",\"caption\":\"Erick Villafuerte\"}}]}<\/script>\n<!-- \/ Yoast SEO plugin. -->","yoast_head_json":{"title":"MG Motor impulsa su expansi\u00f3n en Ecuador con dos nuevos SUV &#8211; QUEBAKAN.COM 2026: Noticias, Eventos, Conciertos y mucho m\u00e1s....","robots":{"index":"index","follow":"follow","max-snippet":"max-snippet:-1","max-image-preview":"max-image-preview:large","max-video-preview":"max-video-preview:-1"},"canonical":"https:\/\/www.quebakan.com\/v15\/mg-motor-impulsa-su-expansion-en-ecuador-con-dos-nuevos-suv\/","og_locale":"es_ES","og_type":"article","og_title":"MG Motor impulsa su expansi\u00f3n en Ecuador con dos nuevos SUV &#8211; QUEBAKAN.COM 2026: Noticias, Eventos, Conciertos y mucho m\u00e1s....","og_description":"De izquierda a derecha: Ricardo Schneidewind, Subgerente de MG Motor Ecuador, Daniel Wiener, Gerente General de MG Motor Ecuador, Arturo C\u00e1rdenas, Gerente General de Autofenix, Daniela C\u00e1rdenas, Gerente de Operaci\u00f3n Autofenix. Cristina Gonz\u00e1lez, Coordinadora PR Inducorp. MG Motor inaugur\u00f3 su nuevo concesionario Autofenix en Tumbaco y present\u00f3 dos nuevos modelos: MG ZS HEV y MG [&hellip;]","og_url":"https:\/\/www.quebakan.com\/v15\/mg-motor-impulsa-su-expansion-en-ecuador-con-dos-nuevos-suv\/","og_site_name":"QUEBAKAN.COM 2026: Noticias, Eventos, Conciertos y mucho m\u00e1s....","article_publisher":"http:\/\/www.facebook.com\/quebakan","article_published_time":"2025-11-26T21:57:18+00:00","og_image":[{"width":700,"height":529,"url":"https:\/\/www.quebakan.com\/v15\/wp-content\/uploads\/2025\/11\/image.jpg","type":"image\/jpeg"}],"author":"Erick Villafuerte","twitter_card":"summary_large_image","twitter_creator":"@quebakanec","twitter_site":"@quebakanec","twitter_misc":{"Escrito por":"Erick Villafuerte","Tiempo de lectura":"3 minutos"},"schema":{"@context":"https:\/\/schema.org","@graph":[{"@type":"Article","@id":"https:\/\/www.quebakan.com\/v15\/mg-motor-impulsa-su-expansion-en-ecuador-con-dos-nuevos-suv\/#article","isPartOf":{"@id":"https:\/\/www.quebakan.com\/v15\/mg-motor-impulsa-su-expansion-en-ecuador-con-dos-nuevos-suv\/"},"author":{"name":"Erick Villafuerte","@id":"https:\/\/www.quebakan.com\/v15\/#\/schema\/person\/d90fa9f9cfa81eb8ace9811e5b7b9118"},"headline":"MG Motor impulsa su expansi\u00f3n en Ecuador con dos nuevos SUV","datePublished":"2025-11-26T21:57:18+00:00","mainEntityOfPage":{"@id":"https:\/\/www.quebakan.com\/v15\/mg-motor-impulsa-su-expansion-en-ecuador-con-dos-nuevos-suv\/"},"wordCount":578,"publisher":{"@id":"https:\/\/www.quebakan.com\/v15\/#organization"},"image":{"@id":"https:\/\/www.quebakan.com\/v15\/mg-motor-impulsa-su-expansion-en-ecuador-con-dos-nuevos-suv\/#primaryimage"},"thumbnailUrl":"https:\/\/www.quebakan.com\/v15\/wp-content\/uploads\/2025\/11\/image.jpg","articleSection":["Noticias"],"inLanguage":"es"},{"@type":"WebPage","@id":"https:\/\/www.quebakan.com\/v15\/mg-motor-impulsa-su-expansion-en-ecuador-con-dos-nuevos-suv\/","url":"https:\/\/www.quebakan.com\/v15\/mg-motor-impulsa-su-expansion-en-ecuador-con-dos-nuevos-suv\/","name":"MG Motor impulsa su expansi\u00f3n en Ecuador con dos nuevos SUV &#8211; QUEBAKAN.COM 2026: Noticias, Eventos, Conciertos y mucho m\u00e1s....","isPartOf":{"@id":"https:\/\/www.quebakan.com\/v15\/#website"},"primaryImageOfPage":{"@id":"https:\/\/www.quebakan.com\/v15\/mg-motor-impulsa-su-expansion-en-ecuador-con-dos-nuevos-suv\/#primaryimage"},"image":{"@id":"https:\/\/www.quebakan.com\/v15\/mg-motor-impulsa-su-expansion-en-ecuador-con-dos-nuevos-suv\/#primaryimage"},"thumbnailUrl":"https:\/\/www.quebakan.com\/v15\/wp-content\/uploads\/2025\/11\/image.jpg","datePublished":"2025-11-26T21:57:18+00:00","breadcrumb":{"@id":"https:\/\/www.quebakan.com\/v15\/mg-motor-impulsa-su-expansion-en-ecuador-con-dos-nuevos-suv\/#breadcrumb"},"inLanguage":"es","potentialAction":[{"@type":"ReadAction","target":["https:\/\/www.quebakan.com\/v15\/mg-motor-impulsa-su-expansion-en-ecuador-con-dos-nuevos-suv\/"]}]},{"@type":"ImageObject","inLanguage":"es","@id":"https:\/\/www.quebakan.com\/v15\/mg-motor-impulsa-su-expansion-en-ecuador-con-dos-nuevos-suv\/#primaryimage","url":"https:\/\/www.quebakan.com\/v15\/wp-content\/uploads\/2025\/11\/image.jpg","contentUrl":"https:\/\/www.quebakan.com\/v15\/wp-content\/uploads\/2025\/11\/image.jpg","width":700,"height":529},{"@type":"BreadcrumbList","@id":"https:\/\/www.quebakan.com\/v15\/mg-motor-impulsa-su-expansion-en-ecuador-con-dos-nuevos-suv\/#breadcrumb","itemListElement":[{"@type":"ListItem","position":1,"name":"Portada","item":"https:\/\/www.quebakan.com\/v15\/"},{"@type":"ListItem","position":2,"name":"MG Motor impulsa su expansi\u00f3n en Ecuador con dos nuevos SUV"}]},{"@type":"WebSite","@id":"https:\/\/www.quebakan.com\/v15\/#website","url":"https:\/\/www.quebakan.com\/v15\/","name":"QUEBAKAN","description":"..","publisher":{"@id":"https:\/\/www.quebakan.com\/v15\/#organization"},"potentialAction":[{"@type":"SearchAction","target":{"@type":"EntryPoint","urlTemplate":"https:\/\/www.quebakan.com\/v15\/?s={search_term_string}"},"query-input":{"@type":"PropertyValueSpecification","valueRequired":true,"valueName":"search_term_string"}}],"inLanguage":"es"},{"@type":"Organization","@id":"https:\/\/www.quebakan.com\/v15\/#organization","name":"Quebakan.com","url":"https:\/\/www.quebakan.com\/v15\/","logo":{"@type":"ImageObject","inLanguage":"es","@id":"https:\/\/www.quebakan.com\/v15\/#\/schema\/logo\/image\/","url":"https:\/\/www.quebakan.com\/v15\/wp-content\/uploads\/2023\/07\/logoquebakanenero2021.jpg","contentUrl":"https:\/\/www.quebakan.com\/v15\/wp-content\/uploads\/2023\/07\/logoquebakanenero2021.jpg","width":1920,"height":1080,"caption":"Quebakan.com"},"image":{"@id":"https:\/\/www.quebakan.com\/v15\/#\/schema\/logo\/image\/"},"sameAs":["http:\/\/www.facebook.com\/quebakan","https:\/\/x.com\/quebakanec","http:\/\/www.instagram.com\/quebakan","http:\/\/www.youtube.com\/quebakan1"]},{"@type":"Person","@id":"https:\/\/www.quebakan.com\/v15\/#\/schema\/person\/d90fa9f9cfa81eb8ace9811e5b7b9118","name":"Erick Villafuerte","image":{"@type":"ImageObject","inLanguage":"es","@id":"https:\/\/www.quebakan.com\/v15\/wp-content\/uploads\/avatars\/4\/1731297654-bpfull.png","url":"https:\/\/www.quebakan.com\/v15\/wp-content\/uploads\/avatars\/4\/1731297654-bpfull.png","contentUrl":"https:\/\/www.quebakan.com\/v15\/wp-content\/uploads\/avatars\/4\/1731297654-bpfull.png","caption":"Erick Villafuerte"}}]}},"_links":{"self":[{"href":"https:\/\/www.quebakan.com\/v15\/wp-json\/wp\/v2\/posts\/137849","targetHints":{"allow":["GET"]}}],"collection":[{"href":"https:\/\/www.quebakan.com\/v15\/wp-json\/wp\/v2\/posts"}],"about":[{"href":"https:\/\/www.quebakan.com\/v15\/wp-json\/wp\/v2\/types\/post"}],"author":[{"embeddable":true,"href":"https:\/\/www.quebakan.com\/v15\/wp-json\/wp\/v2\/users\/4"}],"replies":[{"embeddable":true,"href":"https:\/\/www.quebakan.com\/v15\/wp-json\/wp\/v2\/comments?post=137849"}],"version-history":[{"count":1,"href":"https:\/\/www.quebakan.com\/v15\/wp-json\/wp\/v2\/posts\/137849\/revisions"}],"predecessor-version":[{"id":137851,"href":"https:\/\/www.quebakan.com\/v15\/wp-json\/wp\/v2\/posts\/137849\/revisions\/137851"}],"wp:featuredmedia":[{"embeddable":true,"href":"https:\/\/www.quebakan.com\/v15\/wp-json\/wp\/v2\/media\/137850"}],"wp:attachment":[{"href":"https:\/\/www.quebakan.com\/v15\/wp-json\/wp\/v2\/media?parent=137849"}],"wp:term":[{"taxonomy":"category","embeddable":true,"href":"https:\/\/www.quebakan.com\/v15\/wp-json\/wp\/v2\/categories?post=137849"},{"taxonomy":"post_tag","embeddable":true,"href":"https:\/\/www.quebakan.com\/v15\/wp-json\/wp\/v2\/tags?post=137849"}],"curies":[{"name":"wp","href":"https:\/\/api.w.org\/{rel}","templated":true}]}}