{"id":137907,"date":"2025-11-28T23:18:48","date_gmt":"2025-11-29T04:18:48","guid":{"rendered":"https:\/\/www.quebakan.com\/v15\/?p=137907"},"modified":"2025-11-28T23:18:48","modified_gmt":"2025-11-29T04:18:48","slug":"columbia-continua-su-expansion-en-ecuador-con-una-inversion-de-350-000-presentando-su-nueva-tienda-en-riocentro-los-ceibos","status":"publish","type":"post","link":"https:\/\/www.quebakan.com\/v15\/columbia-continua-su-expansion-en-ecuador-con-una-inversion-de-350-000-presentando-su-nueva-tienda-en-riocentro-los-ceibos\/","title":{"rendered":"COLUMBIA CONTIN\u00daA SU EXPANSI\u00d3N EN ECUADOR CON UNA INVERSI\u00d3N DE $350.000, PRESENTANDO SU NUEVA TIENDA EN RIOCENTRO LOS CEIBOS"},"content":{"rendered":"<p><img fetchpriority=\"high\" decoding=\"async\" class=\"aligncenter size-full wp-image-137908\" src=\"https:\/\/www.quebakan.com\/v15\/wp-content\/uploads\/2025\/11\/columbia.jpg\" alt=\"\" width=\"525\" height=\"700\" \/><\/p>\n<ul>\n<li style=\"text-align: justify;\"><span style=\"color: #000000;\">Columbia Inaugur\u00f3 Su Quinta Tienda En Ecuador<\/span><\/li>\n<li style=\"text-align: justify;\"><span style=\"color: #000000;\">Las marcas internacionales apuestan por Ecuador como un mercado estrat\u00e9gico<\/span><\/li>\n<\/ul>\n<p style=\"text-align: justify;\"><span style=\"color: #000000;\">Columbia, reconocida marca internacional especializada en vestimenta y calzado outdoor, inaugura su quinta tienda en Ecuador, ubicada en el centro comercial <strong>Riocentro Los Ceibos<\/strong>, consolidando su presencia en la Costa tras la exitosa apertura de su primer local en Guayaquil el pasado marzo. La nueva tienda representa una inversi\u00f3n aproximada de <strong>USD 350.000<\/strong>, destinada a ofrecer una experiencia integral a los amantes de la aventura y la vida al aire libre.<\/span><\/p>\n<p style=\"text-align: justify;\"><span style=\"color: #000000;\"><strong>Columbia se uni\u00f3 a la Ruco Ultra Trail<\/strong>, que se llev\u00f3 a cabo el pasado <strong>12 de octubre en Quito<\/strong>. Fiel a su ADN y a su compromiso con la vida al aire libre, la marca respald\u00f3 esta competencia que desafi\u00f3 a corredores nacionales e internacionales a conquistar uno de los \u00edconos de la capital, el <strong>Ruco Pichincha<\/strong>. Esta alianza se alinea directamente con la identidad de Columbia: inspirar a superar l\u00edmites, explorar territorios desafiantes y vivir la aventura outdoor en todas sus formas. Con ello, la marca refuerza su papel como referente natural en trail running y en experiencias aut\u00e9nticas de monta\u00f1a.<\/span><\/p>\n<p style=\"text-align: justify;\"><strong><span style=\"color: #000000;\">La experiencia Columbia en el centro comercial Riocentro Los Ceibos<\/span><\/strong><\/p>\n<p style=\"text-align: justify;\"><span style=\"color: #000000;\">El nuevo espacio ofrece un portafolio de m\u00e1s de 200 estilos que incluyen las colecciones de outdoor, hiking, trail running, casual y accesorios, adem\u00e1s de las \u00faltimas innovaciones tecnol\u00f3gicas:<\/span><\/p>\n<ul style=\"text-align: justify;\">\n<li><span style=\"color: #000000;\">Omni-Heat\u2122 Infinity: sistema de puntos met\u00e1licos que refleja y retiene el calor corporal.<\/span><\/li>\n<li><span style=\"color: #000000;\">Omni-Freeze\u2122 Zero Ice: enfriamiento activado por la transpiraci\u00f3n.<\/span><\/li>\n<li><span style=\"color: #000000;\">Omni-Wick\u2122: secado r\u00e1pido que mantiene al usuario seco y c\u00f3modo.<\/span><\/li>\n<li><span style=\"color: #000000;\">Omni-Shield\u2122: repelencia avanzada a l\u00edquidos y manchas.<\/span><\/li>\n<li><span style=\"color: #000000;\">Omni-Tech\u2122: protecci\u00f3n impermeable y respirable en prendas.<\/span><\/li>\n<li><span style=\"color: #000000;\">OutDry\u2122: impermeabilizaci\u00f3n avanzada en calzado y chaquetas.<\/span><\/li>\n<\/ul>\n<p><span style=\"color: #000000;\"><strong>Estrategia: Engineered for Whatever<\/strong><\/span><\/p>\n<p style=\"text-align: justify;\"><span style=\"color: #000000;\">La tienda se enmarca dentro de la campa\u00f1a global \u201cEngineered for Whatever\u201d, que conecta con la diversidad geogr\u00e1fica de Ecuador y refuerza el ADN innovador de la marca. Desde la Costa hasta la Sierra y la Amazon\u00eda, cada prenda est\u00e1 dise\u00f1ada para responder a cualquier clima o condici\u00f3n, inspirando a consumidores, exploradores y deportistas urbanos a vivir la filosof\u00eda Columbia<\/span><\/p>\n<p style=\"text-align: justify;\"><strong><span style=\"color: #000000;\">Proyecci\u00f3n y compromiso<\/span><\/strong><\/p>\n<p style=\"text-align: justify;\"><span style=\"color: #000000;\">Desde su llegada a Guayaquil, la respuesta del consumidor ha sido positiva, con especial preferencia por las camisas insignia <strong>Tamiami\u2122 y Bahama\u2122<\/strong>, ideales para el clima de la Costa. Con esta apertura, Columbia busca cerrar el 2025 con un <strong>crecimiento del 125% en ventas<\/strong> respecto al a\u00f1o anterior y continuar su plan de expansi\u00f3n hacia nuevas ciudades estrat\u00e9gicas del pa\u00eds.<\/span><\/p>\n<p style=\"text-align: justify;\"><span style=\"color: #000000;\">Adem\u00e1s, la marca mantiene un firme compromiso con la sostenibilidad, integrando materiales reciclados, procesos de eficiencia energ\u00e9tica y su adhesi\u00f3n al <strong>Sustainable Apparel Coalition<\/strong>, alineando sus operaciones con los retos ambientales globales.<\/span><\/p>\n","protected":false},"excerpt":{"rendered":"<p>Columbia Inaugur\u00f3 Su Quinta Tienda En Ecuador Las marcas internacionales apuestan por Ecuador como un mercado estrat\u00e9gico Columbia, reconocida marca internacional especializada en vestimenta y calzado outdoor, inaugura su quinta tienda en Ecuador, ubicada en el centro comercial Riocentro Los Ceibos, consolidando su presencia en la Costa tras la exitosa apertura de su primer local [&hellip;]<\/p>\n","protected":false},"author":4,"featured_media":137908,"comment_status":"closed","ping_status":"closed","sticky":false,"template":"","format":"standard","meta":{"_bbp_topic_count":0,"_bbp_reply_count":0,"_bbp_total_topic_count":0,"_bbp_total_reply_count":0,"_bbp_voice_count":0,"_bbp_anonymous_reply_count":0,"_bbp_topic_count_hidden":0,"_bbp_reply_count_hidden":0,"_bbp_forum_subforum_count":0,"buzzeditor_post_format":"","footnotes":""},"categories":[2],"tags":[],"class_list":["post-137907","post","type-post","status-publish","format-standard","has-post-thumbnail","hentry","category-noticias"],"yoast_head":"<!-- This site is optimized with the Yoast SEO plugin v27.5 - https:\/\/yoast.com\/product\/yoast-seo-wordpress\/ -->\n<title>COLUMBIA CONTIN\u00daA SU EXPANSI\u00d3N EN ECUADOR CON UNA INVERSI\u00d3N DE $350.000, PRESENTANDO SU NUEVA TIENDA EN RIOCENTRO LOS CEIBOS &#8211; QUEBAKAN.COM 2026: Noticias, Eventos, Conciertos y mucho m\u00e1s....<\/title>\n<meta name=\"robots\" content=\"index, follow, max-snippet:-1, max-image-preview:large, max-video-preview:-1\" \/>\n<link rel=\"canonical\" href=\"https:\/\/www.quebakan.com\/v15\/columbia-continua-su-expansion-en-ecuador-con-una-inversion-de-350-000-presentando-su-nueva-tienda-en-riocentro-los-ceibos\/\" \/>\n<meta property=\"og:locale\" content=\"es_ES\" \/>\n<meta property=\"og:type\" content=\"article\" \/>\n<meta property=\"og:title\" content=\"COLUMBIA CONTIN\u00daA SU EXPANSI\u00d3N EN ECUADOR CON UNA INVERSI\u00d3N DE $350.000, PRESENTANDO SU NUEVA TIENDA EN RIOCENTRO LOS CEIBOS &#8211; QUEBAKAN.COM 2026: Noticias, Eventos, Conciertos y mucho m\u00e1s....\" \/>\n<meta property=\"og:description\" content=\"Columbia Inaugur\u00f3 Su Quinta Tienda En Ecuador Las marcas internacionales apuestan por Ecuador como un mercado estrat\u00e9gico Columbia, reconocida marca internacional especializada en vestimenta y calzado outdoor, inaugura su quinta tienda en Ecuador, ubicada en el centro comercial Riocentro Los Ceibos, consolidando su presencia en la Costa tras la exitosa apertura de su primer local [&hellip;]\" \/>\n<meta property=\"og:url\" content=\"https:\/\/www.quebakan.com\/v15\/columbia-continua-su-expansion-en-ecuador-con-una-inversion-de-350-000-presentando-su-nueva-tienda-en-riocentro-los-ceibos\/\" \/>\n<meta property=\"og:site_name\" content=\"QUEBAKAN.COM 2026: Noticias, Eventos, Conciertos y mucho m\u00e1s....\" \/>\n<meta property=\"article:publisher\" content=\"http:\/\/www.facebook.com\/quebakan\" \/>\n<meta property=\"article:published_time\" content=\"2025-11-29T04:18:48+00:00\" \/>\n<meta property=\"og:image\" content=\"https:\/\/www.quebakan.com\/v15\/wp-content\/uploads\/2025\/11\/columbia.jpg\" \/>\n\t<meta property=\"og:image:width\" content=\"525\" \/>\n\t<meta property=\"og:image:height\" content=\"700\" \/>\n\t<meta property=\"og:image:type\" content=\"image\/jpeg\" \/>\n<meta name=\"author\" content=\"Erick Villafuerte\" \/>\n<meta name=\"twitter:card\" content=\"summary_large_image\" \/>\n<meta name=\"twitter:creator\" content=\"@quebakanec\" \/>\n<meta name=\"twitter:site\" content=\"@quebakanec\" \/>\n<meta name=\"twitter:label1\" content=\"Escrito por\" \/>\n\t<meta name=\"twitter:data1\" content=\"Erick Villafuerte\" \/>\n\t<meta name=\"twitter:label2\" content=\"Tiempo de lectura\" \/>\n\t<meta name=\"twitter:data2\" content=\"3 minutos\" \/>\n<script type=\"application\/ld+json\" class=\"yoast-schema-graph\">{\"@context\":\"https:\\\/\\\/schema.org\",\"@graph\":[{\"@type\":\"Article\",\"@id\":\"https:\\\/\\\/www.quebakan.com\\\/v15\\\/columbia-continua-su-expansion-en-ecuador-con-una-inversion-de-350-000-presentando-su-nueva-tienda-en-riocentro-los-ceibos\\\/#article\",\"isPartOf\":{\"@id\":\"https:\\\/\\\/www.quebakan.com\\\/v15\\\/columbia-continua-su-expansion-en-ecuador-con-una-inversion-de-350-000-presentando-su-nueva-tienda-en-riocentro-los-ceibos\\\/\"},\"author\":{\"name\":\"Erick Villafuerte\",\"@id\":\"https:\\\/\\\/www.quebakan.com\\\/v15\\\/#\\\/schema\\\/person\\\/d90fa9f9cfa81eb8ace9811e5b7b9118\"},\"headline\":\"COLUMBIA CONTIN\u00daA SU EXPANSI\u00d3N EN ECUADOR CON UNA INVERSI\u00d3N DE $350.000, PRESENTANDO SU NUEVA TIENDA EN RIOCENTRO LOS CEIBOS\",\"datePublished\":\"2025-11-29T04:18:48+00:00\",\"mainEntityOfPage\":{\"@id\":\"https:\\\/\\\/www.quebakan.com\\\/v15\\\/columbia-continua-su-expansion-en-ecuador-con-una-inversion-de-350-000-presentando-su-nueva-tienda-en-riocentro-los-ceibos\\\/\"},\"wordCount\":486,\"publisher\":{\"@id\":\"https:\\\/\\\/www.quebakan.com\\\/v15\\\/#organization\"},\"image\":{\"@id\":\"https:\\\/\\\/www.quebakan.com\\\/v15\\\/columbia-continua-su-expansion-en-ecuador-con-una-inversion-de-350-000-presentando-su-nueva-tienda-en-riocentro-los-ceibos\\\/#primaryimage\"},\"thumbnailUrl\":\"https:\\\/\\\/www.quebakan.com\\\/v15\\\/wp-content\\\/uploads\\\/2025\\\/11\\\/columbia.jpg\",\"articleSection\":[\"Noticias\"],\"inLanguage\":\"es\"},{\"@type\":\"WebPage\",\"@id\":\"https:\\\/\\\/www.quebakan.com\\\/v15\\\/columbia-continua-su-expansion-en-ecuador-con-una-inversion-de-350-000-presentando-su-nueva-tienda-en-riocentro-los-ceibos\\\/\",\"url\":\"https:\\\/\\\/www.quebakan.com\\\/v15\\\/columbia-continua-su-expansion-en-ecuador-con-una-inversion-de-350-000-presentando-su-nueva-tienda-en-riocentro-los-ceibos\\\/\",\"name\":\"COLUMBIA CONTIN\u00daA SU EXPANSI\u00d3N EN ECUADOR CON UNA INVERSI\u00d3N DE $350.000, PRESENTANDO SU NUEVA TIENDA EN RIOCENTRO LOS CEIBOS &#8211; QUEBAKAN.COM 2026: Noticias, Eventos, Conciertos y mucho m\u00e1s....\",\"isPartOf\":{\"@id\":\"https:\\\/\\\/www.quebakan.com\\\/v15\\\/#website\"},\"primaryImageOfPage\":{\"@id\":\"https:\\\/\\\/www.quebakan.com\\\/v15\\\/columbia-continua-su-expansion-en-ecuador-con-una-inversion-de-350-000-presentando-su-nueva-tienda-en-riocentro-los-ceibos\\\/#primaryimage\"},\"image\":{\"@id\":\"https:\\\/\\\/www.quebakan.com\\\/v15\\\/columbia-continua-su-expansion-en-ecuador-con-una-inversion-de-350-000-presentando-su-nueva-tienda-en-riocentro-los-ceibos\\\/#primaryimage\"},\"thumbnailUrl\":\"https:\\\/\\\/www.quebakan.com\\\/v15\\\/wp-content\\\/uploads\\\/2025\\\/11\\\/columbia.jpg\",\"datePublished\":\"2025-11-29T04:18:48+00:00\",\"breadcrumb\":{\"@id\":\"https:\\\/\\\/www.quebakan.com\\\/v15\\\/columbia-continua-su-expansion-en-ecuador-con-una-inversion-de-350-000-presentando-su-nueva-tienda-en-riocentro-los-ceibos\\\/#breadcrumb\"},\"inLanguage\":\"es\",\"potentialAction\":[{\"@type\":\"ReadAction\",\"target\":[\"https:\\\/\\\/www.quebakan.com\\\/v15\\\/columbia-continua-su-expansion-en-ecuador-con-una-inversion-de-350-000-presentando-su-nueva-tienda-en-riocentro-los-ceibos\\\/\"]}]},{\"@type\":\"ImageObject\",\"inLanguage\":\"es\",\"@id\":\"https:\\\/\\\/www.quebakan.com\\\/v15\\\/columbia-continua-su-expansion-en-ecuador-con-una-inversion-de-350-000-presentando-su-nueva-tienda-en-riocentro-los-ceibos\\\/#primaryimage\",\"url\":\"https:\\\/\\\/www.quebakan.com\\\/v15\\\/wp-content\\\/uploads\\\/2025\\\/11\\\/columbia.jpg\",\"contentUrl\":\"https:\\\/\\\/www.quebakan.com\\\/v15\\\/wp-content\\\/uploads\\\/2025\\\/11\\\/columbia.jpg\",\"width\":525,\"height\":700},{\"@type\":\"BreadcrumbList\",\"@id\":\"https:\\\/\\\/www.quebakan.com\\\/v15\\\/columbia-continua-su-expansion-en-ecuador-con-una-inversion-de-350-000-presentando-su-nueva-tienda-en-riocentro-los-ceibos\\\/#breadcrumb\",\"itemListElement\":[{\"@type\":\"ListItem\",\"position\":1,\"name\":\"Portada\",\"item\":\"https:\\\/\\\/www.quebakan.com\\\/v15\\\/\"},{\"@type\":\"ListItem\",\"position\":2,\"name\":\"COLUMBIA CONTIN\u00daA SU EXPANSI\u00d3N EN ECUADOR CON UNA INVERSI\u00d3N DE $350.000, PRESENTANDO SU NUEVA TIENDA EN RIOCENTRO LOS CEIBOS\"}]},{\"@type\":\"WebSite\",\"@id\":\"https:\\\/\\\/www.quebakan.com\\\/v15\\\/#website\",\"url\":\"https:\\\/\\\/www.quebakan.com\\\/v15\\\/\",\"name\":\"QUEBAKAN\",\"description\":\"..\",\"publisher\":{\"@id\":\"https:\\\/\\\/www.quebakan.com\\\/v15\\\/#organization\"},\"potentialAction\":[{\"@type\":\"SearchAction\",\"target\":{\"@type\":\"EntryPoint\",\"urlTemplate\":\"https:\\\/\\\/www.quebakan.com\\\/v15\\\/?s={search_term_string}\"},\"query-input\":{\"@type\":\"PropertyValueSpecification\",\"valueRequired\":true,\"valueName\":\"search_term_string\"}}],\"inLanguage\":\"es\"},{\"@type\":\"Organization\",\"@id\":\"https:\\\/\\\/www.quebakan.com\\\/v15\\\/#organization\",\"name\":\"Quebakan.com\",\"url\":\"https:\\\/\\\/www.quebakan.com\\\/v15\\\/\",\"logo\":{\"@type\":\"ImageObject\",\"inLanguage\":\"es\",\"@id\":\"https:\\\/\\\/www.quebakan.com\\\/v15\\\/#\\\/schema\\\/logo\\\/image\\\/\",\"url\":\"https:\\\/\\\/www.quebakan.com\\\/v15\\\/wp-content\\\/uploads\\\/2023\\\/07\\\/logoquebakanenero2021.jpg\",\"contentUrl\":\"https:\\\/\\\/www.quebakan.com\\\/v15\\\/wp-content\\\/uploads\\\/2023\\\/07\\\/logoquebakanenero2021.jpg\",\"width\":1920,\"height\":1080,\"caption\":\"Quebakan.com\"},\"image\":{\"@id\":\"https:\\\/\\\/www.quebakan.com\\\/v15\\\/#\\\/schema\\\/logo\\\/image\\\/\"},\"sameAs\":[\"http:\\\/\\\/www.facebook.com\\\/quebakan\",\"https:\\\/\\\/x.com\\\/quebakanec\",\"http:\\\/\\\/www.instagram.com\\\/quebakan\",\"http:\\\/\\\/www.youtube.com\\\/quebakan1\"]},{\"@type\":\"Person\",\"@id\":\"https:\\\/\\\/www.quebakan.com\\\/v15\\\/#\\\/schema\\\/person\\\/d90fa9f9cfa81eb8ace9811e5b7b9118\",\"name\":\"Erick Villafuerte\",\"image\":{\"@type\":\"ImageObject\",\"inLanguage\":\"es\",\"@id\":\"https:\\\/\\\/www.quebakan.com\\\/v15\\\/wp-content\\\/uploads\\\/avatars\\\/4\\\/1731297654-bpfull.png\",\"url\":\"https:\\\/\\\/www.quebakan.com\\\/v15\\\/wp-content\\\/uploads\\\/avatars\\\/4\\\/1731297654-bpfull.png\",\"contentUrl\":\"https:\\\/\\\/www.quebakan.com\\\/v15\\\/wp-content\\\/uploads\\\/avatars\\\/4\\\/1731297654-bpfull.png\",\"caption\":\"Erick Villafuerte\"}}]}<\/script>\n<!-- \/ Yoast SEO plugin. -->","yoast_head_json":{"title":"COLUMBIA CONTIN\u00daA SU EXPANSI\u00d3N EN ECUADOR CON UNA INVERSI\u00d3N DE $350.000, PRESENTANDO SU NUEVA TIENDA EN RIOCENTRO LOS CEIBOS &#8211; QUEBAKAN.COM 2026: Noticias, Eventos, Conciertos y mucho m\u00e1s....","robots":{"index":"index","follow":"follow","max-snippet":"max-snippet:-1","max-image-preview":"max-image-preview:large","max-video-preview":"max-video-preview:-1"},"canonical":"https:\/\/www.quebakan.com\/v15\/columbia-continua-su-expansion-en-ecuador-con-una-inversion-de-350-000-presentando-su-nueva-tienda-en-riocentro-los-ceibos\/","og_locale":"es_ES","og_type":"article","og_title":"COLUMBIA CONTIN\u00daA SU EXPANSI\u00d3N EN ECUADOR CON UNA INVERSI\u00d3N DE $350.000, PRESENTANDO SU NUEVA TIENDA EN RIOCENTRO LOS CEIBOS &#8211; QUEBAKAN.COM 2026: Noticias, Eventos, Conciertos y mucho m\u00e1s....","og_description":"Columbia Inaugur\u00f3 Su Quinta Tienda En Ecuador Las marcas internacionales apuestan por Ecuador como un mercado estrat\u00e9gico Columbia, reconocida marca internacional especializada en vestimenta y calzado outdoor, inaugura su quinta tienda en Ecuador, ubicada en el centro comercial Riocentro Los Ceibos, consolidando su presencia en la Costa tras la exitosa apertura de su primer local [&hellip;]","og_url":"https:\/\/www.quebakan.com\/v15\/columbia-continua-su-expansion-en-ecuador-con-una-inversion-de-350-000-presentando-su-nueva-tienda-en-riocentro-los-ceibos\/","og_site_name":"QUEBAKAN.COM 2026: Noticias, Eventos, Conciertos y mucho m\u00e1s....","article_publisher":"http:\/\/www.facebook.com\/quebakan","article_published_time":"2025-11-29T04:18:48+00:00","og_image":[{"width":525,"height":700,"url":"https:\/\/www.quebakan.com\/v15\/wp-content\/uploads\/2025\/11\/columbia.jpg","type":"image\/jpeg"}],"author":"Erick Villafuerte","twitter_card":"summary_large_image","twitter_creator":"@quebakanec","twitter_site":"@quebakanec","twitter_misc":{"Escrito por":"Erick Villafuerte","Tiempo de lectura":"3 minutos"},"schema":{"@context":"https:\/\/schema.org","@graph":[{"@type":"Article","@id":"https:\/\/www.quebakan.com\/v15\/columbia-continua-su-expansion-en-ecuador-con-una-inversion-de-350-000-presentando-su-nueva-tienda-en-riocentro-los-ceibos\/#article","isPartOf":{"@id":"https:\/\/www.quebakan.com\/v15\/columbia-continua-su-expansion-en-ecuador-con-una-inversion-de-350-000-presentando-su-nueva-tienda-en-riocentro-los-ceibos\/"},"author":{"name":"Erick Villafuerte","@id":"https:\/\/www.quebakan.com\/v15\/#\/schema\/person\/d90fa9f9cfa81eb8ace9811e5b7b9118"},"headline":"COLUMBIA CONTIN\u00daA SU EXPANSI\u00d3N EN ECUADOR CON UNA INVERSI\u00d3N DE $350.000, PRESENTANDO SU NUEVA TIENDA EN RIOCENTRO LOS CEIBOS","datePublished":"2025-11-29T04:18:48+00:00","mainEntityOfPage":{"@id":"https:\/\/www.quebakan.com\/v15\/columbia-continua-su-expansion-en-ecuador-con-una-inversion-de-350-000-presentando-su-nueva-tienda-en-riocentro-los-ceibos\/"},"wordCount":486,"publisher":{"@id":"https:\/\/www.quebakan.com\/v15\/#organization"},"image":{"@id":"https:\/\/www.quebakan.com\/v15\/columbia-continua-su-expansion-en-ecuador-con-una-inversion-de-350-000-presentando-su-nueva-tienda-en-riocentro-los-ceibos\/#primaryimage"},"thumbnailUrl":"https:\/\/www.quebakan.com\/v15\/wp-content\/uploads\/2025\/11\/columbia.jpg","articleSection":["Noticias"],"inLanguage":"es"},{"@type":"WebPage","@id":"https:\/\/www.quebakan.com\/v15\/columbia-continua-su-expansion-en-ecuador-con-una-inversion-de-350-000-presentando-su-nueva-tienda-en-riocentro-los-ceibos\/","url":"https:\/\/www.quebakan.com\/v15\/columbia-continua-su-expansion-en-ecuador-con-una-inversion-de-350-000-presentando-su-nueva-tienda-en-riocentro-los-ceibos\/","name":"COLUMBIA CONTIN\u00daA SU EXPANSI\u00d3N EN ECUADOR CON UNA INVERSI\u00d3N DE $350.000, PRESENTANDO SU NUEVA TIENDA EN RIOCENTRO LOS CEIBOS &#8211; QUEBAKAN.COM 2026: Noticias, Eventos, Conciertos y mucho m\u00e1s....","isPartOf":{"@id":"https:\/\/www.quebakan.com\/v15\/#website"},"primaryImageOfPage":{"@id":"https:\/\/www.quebakan.com\/v15\/columbia-continua-su-expansion-en-ecuador-con-una-inversion-de-350-000-presentando-su-nueva-tienda-en-riocentro-los-ceibos\/#primaryimage"},"image":{"@id":"https:\/\/www.quebakan.com\/v15\/columbia-continua-su-expansion-en-ecuador-con-una-inversion-de-350-000-presentando-su-nueva-tienda-en-riocentro-los-ceibos\/#primaryimage"},"thumbnailUrl":"https:\/\/www.quebakan.com\/v15\/wp-content\/uploads\/2025\/11\/columbia.jpg","datePublished":"2025-11-29T04:18:48+00:00","breadcrumb":{"@id":"https:\/\/www.quebakan.com\/v15\/columbia-continua-su-expansion-en-ecuador-con-una-inversion-de-350-000-presentando-su-nueva-tienda-en-riocentro-los-ceibos\/#breadcrumb"},"inLanguage":"es","potentialAction":[{"@type":"ReadAction","target":["https:\/\/www.quebakan.com\/v15\/columbia-continua-su-expansion-en-ecuador-con-una-inversion-de-350-000-presentando-su-nueva-tienda-en-riocentro-los-ceibos\/"]}]},{"@type":"ImageObject","inLanguage":"es","@id":"https:\/\/www.quebakan.com\/v15\/columbia-continua-su-expansion-en-ecuador-con-una-inversion-de-350-000-presentando-su-nueva-tienda-en-riocentro-los-ceibos\/#primaryimage","url":"https:\/\/www.quebakan.com\/v15\/wp-content\/uploads\/2025\/11\/columbia.jpg","contentUrl":"https:\/\/www.quebakan.com\/v15\/wp-content\/uploads\/2025\/11\/columbia.jpg","width":525,"height":700},{"@type":"BreadcrumbList","@id":"https:\/\/www.quebakan.com\/v15\/columbia-continua-su-expansion-en-ecuador-con-una-inversion-de-350-000-presentando-su-nueva-tienda-en-riocentro-los-ceibos\/#breadcrumb","itemListElement":[{"@type":"ListItem","position":1,"name":"Portada","item":"https:\/\/www.quebakan.com\/v15\/"},{"@type":"ListItem","position":2,"name":"COLUMBIA CONTIN\u00daA SU EXPANSI\u00d3N EN ECUADOR CON UNA INVERSI\u00d3N DE $350.000, PRESENTANDO SU NUEVA TIENDA EN RIOCENTRO LOS CEIBOS"}]},{"@type":"WebSite","@id":"https:\/\/www.quebakan.com\/v15\/#website","url":"https:\/\/www.quebakan.com\/v15\/","name":"QUEBAKAN","description":"..","publisher":{"@id":"https:\/\/www.quebakan.com\/v15\/#organization"},"potentialAction":[{"@type":"SearchAction","target":{"@type":"EntryPoint","urlTemplate":"https:\/\/www.quebakan.com\/v15\/?s={search_term_string}"},"query-input":{"@type":"PropertyValueSpecification","valueRequired":true,"valueName":"search_term_string"}}],"inLanguage":"es"},{"@type":"Organization","@id":"https:\/\/www.quebakan.com\/v15\/#organization","name":"Quebakan.com","url":"https:\/\/www.quebakan.com\/v15\/","logo":{"@type":"ImageObject","inLanguage":"es","@id":"https:\/\/www.quebakan.com\/v15\/#\/schema\/logo\/image\/","url":"https:\/\/www.quebakan.com\/v15\/wp-content\/uploads\/2023\/07\/logoquebakanenero2021.jpg","contentUrl":"https:\/\/www.quebakan.com\/v15\/wp-content\/uploads\/2023\/07\/logoquebakanenero2021.jpg","width":1920,"height":1080,"caption":"Quebakan.com"},"image":{"@id":"https:\/\/www.quebakan.com\/v15\/#\/schema\/logo\/image\/"},"sameAs":["http:\/\/www.facebook.com\/quebakan","https:\/\/x.com\/quebakanec","http:\/\/www.instagram.com\/quebakan","http:\/\/www.youtube.com\/quebakan1"]},{"@type":"Person","@id":"https:\/\/www.quebakan.com\/v15\/#\/schema\/person\/d90fa9f9cfa81eb8ace9811e5b7b9118","name":"Erick Villafuerte","image":{"@type":"ImageObject","inLanguage":"es","@id":"https:\/\/www.quebakan.com\/v15\/wp-content\/uploads\/avatars\/4\/1731297654-bpfull.png","url":"https:\/\/www.quebakan.com\/v15\/wp-content\/uploads\/avatars\/4\/1731297654-bpfull.png","contentUrl":"https:\/\/www.quebakan.com\/v15\/wp-content\/uploads\/avatars\/4\/1731297654-bpfull.png","caption":"Erick Villafuerte"}}]}},"_links":{"self":[{"href":"https:\/\/www.quebakan.com\/v15\/wp-json\/wp\/v2\/posts\/137907","targetHints":{"allow":["GET"]}}],"collection":[{"href":"https:\/\/www.quebakan.com\/v15\/wp-json\/wp\/v2\/posts"}],"about":[{"href":"https:\/\/www.quebakan.com\/v15\/wp-json\/wp\/v2\/types\/post"}],"author":[{"embeddable":true,"href":"https:\/\/www.quebakan.com\/v15\/wp-json\/wp\/v2\/users\/4"}],"replies":[{"embeddable":true,"href":"https:\/\/www.quebakan.com\/v15\/wp-json\/wp\/v2\/comments?post=137907"}],"version-history":[{"count":1,"href":"https:\/\/www.quebakan.com\/v15\/wp-json\/wp\/v2\/posts\/137907\/revisions"}],"predecessor-version":[{"id":137909,"href":"https:\/\/www.quebakan.com\/v15\/wp-json\/wp\/v2\/posts\/137907\/revisions\/137909"}],"wp:featuredmedia":[{"embeddable":true,"href":"https:\/\/www.quebakan.com\/v15\/wp-json\/wp\/v2\/media\/137908"}],"wp:attachment":[{"href":"https:\/\/www.quebakan.com\/v15\/wp-json\/wp\/v2\/media?parent=137907"}],"wp:term":[{"taxonomy":"category","embeddable":true,"href":"https:\/\/www.quebakan.com\/v15\/wp-json\/wp\/v2\/categories?post=137907"},{"taxonomy":"post_tag","embeddable":true,"href":"https:\/\/www.quebakan.com\/v15\/wp-json\/wp\/v2\/tags?post=137907"}],"curies":[{"name":"wp","href":"https:\/\/api.w.org\/{rel}","templated":true}]}}