{"id":137910,"date":"2025-11-28T23:23:00","date_gmt":"2025-11-29T04:23:00","guid":{"rendered":"https:\/\/www.quebakan.com\/v15\/?p=137910"},"modified":"2025-11-28T23:23:00","modified_gmt":"2025-11-29T04:23:00","slug":"pronobis-y-coloncorp-dan-inicio-a-acqua-gardens-el-nuevo-polo-urbano-que-transformara-el-desarrollo-comercial-y-turistico-de-guayaquil","status":"publish","type":"post","link":"https:\/\/www.quebakan.com\/v15\/pronobis-y-coloncorp-dan-inicio-a-acqua-gardens-el-nuevo-polo-urbano-que-transformara-el-desarrollo-comercial-y-turistico-de-guayaquil\/","title":{"rendered":"PRONOBIS y COLONCORP dan inicio a ACQUA GARDENS: el nuevo Polo Urbano que transformar\u00e1 el desarrollo comercial y tur\u00edstico de Guayaquil"},"content":{"rendered":"<p><img fetchpriority=\"high\" decoding=\"async\" class=\"aligncenter size-full wp-image-137912\" src=\"https:\/\/www.quebakan.com\/v15\/wp-content\/uploads\/2025\/11\/acqua2.jpg\" alt=\"\" width=\"700\" height=\"466\" \/><\/p>\n<p style=\"text-align: justify;\"><span style=\"color: #000000;\">Un proyecto de uso mixto que impulsa el dinamismo comercial, tur\u00edstico y urbano de Los Ceibos, con una proyecci\u00f3n\u00a0 en ventas de USD 77.7 millones s\u00f3lo en su primera fase, el proyecto generar\u00e1 m\u00e1s de 400 empleos y consolidar\u00e1 a\u00a0 Los Ceibos como un punto estrat\u00e9gico de crecimiento.<\/span><\/p>\n<p style=\"text-align: justify;\"><span style=\"color: #000000;\">Con un acto o\ufb01cial que marc\u00f3 el inicio de su etapa constructiva, Pronobis y Coloncorp dieron paso a una nueva etapa de Acqua Gardens, un desarrollo de uso mixto que se proyecta como uno de los m\u00e1s relevantes de la ciudad. Esta primera fase comprende la Torre 1 de Departamentos, la Torre 1 de O\ufb01cinas y Acqua Shops, una plaza comercial de alto impacto que potenciar\u00e1 la oferta urbana, econ\u00f3mica y tur\u00edstica de Los Ceibos. La sinergia estrat\u00e9gica entre ambas promotoras rea\ufb01rma su compromiso con un modelo de ciudad moderno, vibrante y sostenible, que impulsa la calidad de vida y dinamiza la actividad econ\u00f3mica.<\/span><\/p>\n<p style=\"text-align: justify;\"><strong><span style=\"color: #000000;\">UNA UBICACI\u00d3N PRIVILEGIADA EN EL CORAZ\u00d3N DE LOS CEIBOS<\/span><\/strong><\/p>\n<p style=\"text-align: justify;\"><span style=\"color: #000000;\">Situado en una zona estrat\u00e9gica, con m\u00e1s de 100.000 habitantes y gran proyecci\u00f3n residencial y comercial de Guayaquil, Acqua Gardens se desarrolla en un punto clave que integra vivienda, comercio, o\ufb01cinas, entretenimiento y naturaleza. Su posici\u00f3n privilegiada en Los Ceibos lo consolida como un nuevo polo de desarrollo moderno, conectado y de alta plusval\u00eda, rodeado de servicios, movilidad y un entorno seguro y en crecimiento continuo.<\/span><\/p>\n<p style=\"text-align: justify;\"><strong><span style=\"color: #000000;\">APORTE AL DESARROLLO COMERCIAL Y TUR\u00cdSTICO DE GUAYAQUIL<\/span><\/strong><\/p>\n<p style=\"text-align: justify;\"><span style=\"color: #000000;\">Con una inversi\u00f3n total de USD 144 millones, esta fase de Acqua Gardens se convierte en un motor para el\u00a0 crecimiento econ\u00f3mico, comercial sector, contribuyendo de manera directa transformaci\u00f3n urbana de la ciudad.<\/span><\/p>\n<p style=\"text-align: justify;\"><span style=\"color: #000000;\">Adem\u00e1s, la obra generar\u00e1 m\u00e1s de 400 empleos directos y 1.600 indirectos, dinamizando la cadena productiva y\u00a0 fortaleciendo la actividad de proveedores locales, servicios especializados y comercios de la zona.<\/span><\/p>\n<p style=\"text-align: justify;\"><span style=\"color: #000000;\">La primera etapa de Acqua Gardens incorpora la Torre 1 de Departamentos, un edi\ufb01cio de 18 pisos con ambiente que\u00a0 integra\u00a0 productividad con opciones de 1, 2 y 3 dormitorios que ofrece vistas panor\u00e1micas de la ciudad, acabados de\u00a0 lujo y espacios modernos rodeados de naturaleza y servicios cercanos.<\/span><\/p>\n<p style=\"text-align: justify;\"><span style=\"color: #000000;\">Este componente residencial propone un estilo de vida equilibrado entre bienestar y urbanidad, invitando a sus\u00a0 residentes a Conectar, Crear y Crecer.<\/span><\/p>\n<p style=\"text-align: justify;\"><span style=\"color: #000000;\">Integrado al proyecto, Acqua Shops se consolida como la plaza comercial con mayor proyecci\u00f3n de plusval\u00eda y\u00a0 a\ufb02uencia en Los Ceibos. Con un modelo de administraci\u00f3n profesional libre de gestiones operativas, ofrece una\u00a0 propuesta de inversi\u00f3n segura y\u00a0 rentable. Su dise\u00f1o incluye m\u00e1s de 5.200 m\u00b2 de gastronom\u00eda, 3.000 m\u00b2 de bienestar, 2.000 m\u00b2 de Servicios, 5.200 m\u00b2 de conveniencia y retail, para un total de 15.400 m\u00b2 de \u00e1rea comercial destinados a maximizar la rentabilidad, convirti\u00e9ndose en un motor econ\u00f3mico y de entretenimiento para la ciudad.<\/span><\/p>\n<p style=\"text-align: justify;\"><span style=\"color: #000000;\">A esto se suma la Torre 1 de O\ufb01cinas, con espacios desde 50 m\u00b2 en un entorno moderno, seguro y rodeado de \u00e1reas verdes, ideal para profesionales y empresas que buscan e\ufb01ciencia, proyecci\u00f3n y un ambiente que integra productividad con conexi\u00f3n a la naturaleza.<\/span><\/p>\n<p style=\"text-align: justify;\"><span style=\"color: #000000;\"><strong>ACQUA GARDENS<\/strong> es un proyecto de uso mixto de alto impacto, con amenidades de clase mundial: profesional, piscinas, \u00e1reas rooftop verdes, lounge, coworking, gimnasio salas especializadas, zonas deportivas y m\u00e1s. Este dise\u00f1o integral fortalece la visi\u00f3n de crear entornos donde vivir, trabajar y disfrutar se conectan a pocos pasos, siguiendo tendencias globales de sostenibilidad.<\/span><\/p>\n<p style=\"text-align: justify;\"><span style=\"color: #000000;\">M\u00e1s informaci\u00f3n acquagardens.pronobis.coloncorp.com<\/span><\/p>\n<p><img decoding=\"async\" class=\"aligncenter size-full wp-image-137911\" src=\"https:\/\/www.quebakan.com\/v15\/wp-content\/uploads\/2025\/11\/acqua1.jpg\" alt=\"\" width=\"700\" height=\"466\" \/><\/p>\n","protected":false},"excerpt":{"rendered":"<p>Un proyecto de uso mixto que impulsa el dinamismo comercial, tur\u00edstico y urbano de Los Ceibos, con una proyecci\u00f3n\u00a0 en ventas de USD 77.7 millones s\u00f3lo en su primera fase, el proyecto generar\u00e1 m\u00e1s de 400 empleos y consolidar\u00e1 a\u00a0 Los Ceibos como un punto estrat\u00e9gico de crecimiento. Con un acto o\ufb01cial que marc\u00f3 el [&hellip;]<\/p>\n","protected":false},"author":4,"featured_media":137912,"comment_status":"closed","ping_status":"closed","sticky":false,"template":"","format":"standard","meta":{"_bbp_topic_count":0,"_bbp_reply_count":0,"_bbp_total_topic_count":0,"_bbp_total_reply_count":0,"_bbp_voice_count":0,"_bbp_anonymous_reply_count":0,"_bbp_topic_count_hidden":0,"_bbp_reply_count_hidden":0,"_bbp_forum_subforum_count":0,"buzzeditor_post_format":"","footnotes":""},"categories":[2],"tags":[],"class_list":["post-137910","post","type-post","status-publish","format-standard","has-post-thumbnail","hentry","category-noticias"],"yoast_head":"<!-- This site is optimized with the Yoast SEO plugin v27.5 - https:\/\/yoast.com\/product\/yoast-seo-wordpress\/ -->\n<title>PRONOBIS y COLONCORP dan inicio a ACQUA GARDENS: el nuevo Polo Urbano que transformar\u00e1 el desarrollo comercial y tur\u00edstico de Guayaquil &#8211; QUEBAKAN.COM 2026: Noticias, Eventos, Conciertos y mucho m\u00e1s....<\/title>\n<meta name=\"robots\" content=\"index, follow, max-snippet:-1, max-image-preview:large, max-video-preview:-1\" \/>\n<link rel=\"canonical\" href=\"https:\/\/www.quebakan.com\/v15\/pronobis-y-coloncorp-dan-inicio-a-acqua-gardens-el-nuevo-polo-urbano-que-transformara-el-desarrollo-comercial-y-turistico-de-guayaquil\/\" \/>\n<meta property=\"og:locale\" content=\"es_ES\" \/>\n<meta property=\"og:type\" content=\"article\" \/>\n<meta property=\"og:title\" content=\"PRONOBIS y COLONCORP dan inicio a ACQUA GARDENS: el nuevo Polo Urbano que transformar\u00e1 el desarrollo comercial y tur\u00edstico de Guayaquil &#8211; QUEBAKAN.COM 2026: Noticias, Eventos, Conciertos y mucho m\u00e1s....\" \/>\n<meta property=\"og:description\" content=\"Un proyecto de uso mixto que impulsa el dinamismo comercial, tur\u00edstico y urbano de Los Ceibos, con una proyecci\u00f3n\u00a0 en ventas de USD 77.7 millones s\u00f3lo en su primera fase, el proyecto generar\u00e1 m\u00e1s de 400 empleos y consolidar\u00e1 a\u00a0 Los Ceibos como un punto estrat\u00e9gico de crecimiento. Con un acto o\ufb01cial que marc\u00f3 el [&hellip;]\" \/>\n<meta property=\"og:url\" content=\"https:\/\/www.quebakan.com\/v15\/pronobis-y-coloncorp-dan-inicio-a-acqua-gardens-el-nuevo-polo-urbano-que-transformara-el-desarrollo-comercial-y-turistico-de-guayaquil\/\" \/>\n<meta property=\"og:site_name\" content=\"QUEBAKAN.COM 2026: Noticias, Eventos, Conciertos y mucho m\u00e1s....\" \/>\n<meta property=\"article:publisher\" content=\"http:\/\/www.facebook.com\/quebakan\" \/>\n<meta property=\"article:published_time\" content=\"2025-11-29T04:23:00+00:00\" \/>\n<meta property=\"og:image\" content=\"https:\/\/www.quebakan.com\/v15\/wp-content\/uploads\/2025\/11\/acqua2.jpg\" \/>\n\t<meta property=\"og:image:width\" content=\"700\" \/>\n\t<meta property=\"og:image:height\" content=\"466\" \/>\n\t<meta property=\"og:image:type\" content=\"image\/jpeg\" \/>\n<meta name=\"author\" content=\"Erick Villafuerte\" \/>\n<meta name=\"twitter:card\" content=\"summary_large_image\" \/>\n<meta name=\"twitter:creator\" content=\"@quebakanec\" \/>\n<meta name=\"twitter:site\" content=\"@quebakanec\" \/>\n<meta name=\"twitter:label1\" content=\"Escrito por\" \/>\n\t<meta name=\"twitter:data1\" content=\"Erick Villafuerte\" \/>\n\t<meta name=\"twitter:label2\" content=\"Tiempo de lectura\" \/>\n\t<meta name=\"twitter:data2\" content=\"4 minutos\" \/>\n<script type=\"application\/ld+json\" class=\"yoast-schema-graph\">{\"@context\":\"https:\\\/\\\/schema.org\",\"@graph\":[{\"@type\":\"Article\",\"@id\":\"https:\\\/\\\/www.quebakan.com\\\/v15\\\/pronobis-y-coloncorp-dan-inicio-a-acqua-gardens-el-nuevo-polo-urbano-que-transformara-el-desarrollo-comercial-y-turistico-de-guayaquil\\\/#article\",\"isPartOf\":{\"@id\":\"https:\\\/\\\/www.quebakan.com\\\/v15\\\/pronobis-y-coloncorp-dan-inicio-a-acqua-gardens-el-nuevo-polo-urbano-que-transformara-el-desarrollo-comercial-y-turistico-de-guayaquil\\\/\"},\"author\":{\"name\":\"Erick Villafuerte\",\"@id\":\"https:\\\/\\\/www.quebakan.com\\\/v15\\\/#\\\/schema\\\/person\\\/d90fa9f9cfa81eb8ace9811e5b7b9118\"},\"headline\":\"PRONOBIS y COLONCORP dan inicio a ACQUA GARDENS: el nuevo Polo Urbano que transformar\u00e1 el desarrollo comercial y tur\u00edstico de Guayaquil\",\"datePublished\":\"2025-11-29T04:23:00+00:00\",\"mainEntityOfPage\":{\"@id\":\"https:\\\/\\\/www.quebakan.com\\\/v15\\\/pronobis-y-coloncorp-dan-inicio-a-acqua-gardens-el-nuevo-polo-urbano-que-transformara-el-desarrollo-comercial-y-turistico-de-guayaquil\\\/\"},\"wordCount\":610,\"publisher\":{\"@id\":\"https:\\\/\\\/www.quebakan.com\\\/v15\\\/#organization\"},\"image\":{\"@id\":\"https:\\\/\\\/www.quebakan.com\\\/v15\\\/pronobis-y-coloncorp-dan-inicio-a-acqua-gardens-el-nuevo-polo-urbano-que-transformara-el-desarrollo-comercial-y-turistico-de-guayaquil\\\/#primaryimage\"},\"thumbnailUrl\":\"https:\\\/\\\/www.quebakan.com\\\/v15\\\/wp-content\\\/uploads\\\/2025\\\/11\\\/acqua2.jpg\",\"articleSection\":[\"Noticias\"],\"inLanguage\":\"es\"},{\"@type\":\"WebPage\",\"@id\":\"https:\\\/\\\/www.quebakan.com\\\/v15\\\/pronobis-y-coloncorp-dan-inicio-a-acqua-gardens-el-nuevo-polo-urbano-que-transformara-el-desarrollo-comercial-y-turistico-de-guayaquil\\\/\",\"url\":\"https:\\\/\\\/www.quebakan.com\\\/v15\\\/pronobis-y-coloncorp-dan-inicio-a-acqua-gardens-el-nuevo-polo-urbano-que-transformara-el-desarrollo-comercial-y-turistico-de-guayaquil\\\/\",\"name\":\"PRONOBIS y COLONCORP dan inicio a ACQUA GARDENS: el nuevo Polo Urbano que transformar\u00e1 el desarrollo comercial y tur\u00edstico de Guayaquil &#8211; QUEBAKAN.COM 2026: Noticias, Eventos, Conciertos y mucho m\u00e1s....\",\"isPartOf\":{\"@id\":\"https:\\\/\\\/www.quebakan.com\\\/v15\\\/#website\"},\"primaryImageOfPage\":{\"@id\":\"https:\\\/\\\/www.quebakan.com\\\/v15\\\/pronobis-y-coloncorp-dan-inicio-a-acqua-gardens-el-nuevo-polo-urbano-que-transformara-el-desarrollo-comercial-y-turistico-de-guayaquil\\\/#primaryimage\"},\"image\":{\"@id\":\"https:\\\/\\\/www.quebakan.com\\\/v15\\\/pronobis-y-coloncorp-dan-inicio-a-acqua-gardens-el-nuevo-polo-urbano-que-transformara-el-desarrollo-comercial-y-turistico-de-guayaquil\\\/#primaryimage\"},\"thumbnailUrl\":\"https:\\\/\\\/www.quebakan.com\\\/v15\\\/wp-content\\\/uploads\\\/2025\\\/11\\\/acqua2.jpg\",\"datePublished\":\"2025-11-29T04:23:00+00:00\",\"breadcrumb\":{\"@id\":\"https:\\\/\\\/www.quebakan.com\\\/v15\\\/pronobis-y-coloncorp-dan-inicio-a-acqua-gardens-el-nuevo-polo-urbano-que-transformara-el-desarrollo-comercial-y-turistico-de-guayaquil\\\/#breadcrumb\"},\"inLanguage\":\"es\",\"potentialAction\":[{\"@type\":\"ReadAction\",\"target\":[\"https:\\\/\\\/www.quebakan.com\\\/v15\\\/pronobis-y-coloncorp-dan-inicio-a-acqua-gardens-el-nuevo-polo-urbano-que-transformara-el-desarrollo-comercial-y-turistico-de-guayaquil\\\/\"]}]},{\"@type\":\"ImageObject\",\"inLanguage\":\"es\",\"@id\":\"https:\\\/\\\/www.quebakan.com\\\/v15\\\/pronobis-y-coloncorp-dan-inicio-a-acqua-gardens-el-nuevo-polo-urbano-que-transformara-el-desarrollo-comercial-y-turistico-de-guayaquil\\\/#primaryimage\",\"url\":\"https:\\\/\\\/www.quebakan.com\\\/v15\\\/wp-content\\\/uploads\\\/2025\\\/11\\\/acqua2.jpg\",\"contentUrl\":\"https:\\\/\\\/www.quebakan.com\\\/v15\\\/wp-content\\\/uploads\\\/2025\\\/11\\\/acqua2.jpg\",\"width\":700,\"height\":466},{\"@type\":\"BreadcrumbList\",\"@id\":\"https:\\\/\\\/www.quebakan.com\\\/v15\\\/pronobis-y-coloncorp-dan-inicio-a-acqua-gardens-el-nuevo-polo-urbano-que-transformara-el-desarrollo-comercial-y-turistico-de-guayaquil\\\/#breadcrumb\",\"itemListElement\":[{\"@type\":\"ListItem\",\"position\":1,\"name\":\"Portada\",\"item\":\"https:\\\/\\\/www.quebakan.com\\\/v15\\\/\"},{\"@type\":\"ListItem\",\"position\":2,\"name\":\"PRONOBIS y COLONCORP dan inicio a ACQUA GARDENS: el nuevo Polo Urbano que transformar\u00e1 el desarrollo comercial y tur\u00edstico de Guayaquil\"}]},{\"@type\":\"WebSite\",\"@id\":\"https:\\\/\\\/www.quebakan.com\\\/v15\\\/#website\",\"url\":\"https:\\\/\\\/www.quebakan.com\\\/v15\\\/\",\"name\":\"QUEBAKAN\",\"description\":\"..\",\"publisher\":{\"@id\":\"https:\\\/\\\/www.quebakan.com\\\/v15\\\/#organization\"},\"potentialAction\":[{\"@type\":\"SearchAction\",\"target\":{\"@type\":\"EntryPoint\",\"urlTemplate\":\"https:\\\/\\\/www.quebakan.com\\\/v15\\\/?s={search_term_string}\"},\"query-input\":{\"@type\":\"PropertyValueSpecification\",\"valueRequired\":true,\"valueName\":\"search_term_string\"}}],\"inLanguage\":\"es\"},{\"@type\":\"Organization\",\"@id\":\"https:\\\/\\\/www.quebakan.com\\\/v15\\\/#organization\",\"name\":\"Quebakan.com\",\"url\":\"https:\\\/\\\/www.quebakan.com\\\/v15\\\/\",\"logo\":{\"@type\":\"ImageObject\",\"inLanguage\":\"es\",\"@id\":\"https:\\\/\\\/www.quebakan.com\\\/v15\\\/#\\\/schema\\\/logo\\\/image\\\/\",\"url\":\"https:\\\/\\\/www.quebakan.com\\\/v15\\\/wp-content\\\/uploads\\\/2023\\\/07\\\/logoquebakanenero2021.jpg\",\"contentUrl\":\"https:\\\/\\\/www.quebakan.com\\\/v15\\\/wp-content\\\/uploads\\\/2023\\\/07\\\/logoquebakanenero2021.jpg\",\"width\":1920,\"height\":1080,\"caption\":\"Quebakan.com\"},\"image\":{\"@id\":\"https:\\\/\\\/www.quebakan.com\\\/v15\\\/#\\\/schema\\\/logo\\\/image\\\/\"},\"sameAs\":[\"http:\\\/\\\/www.facebook.com\\\/quebakan\",\"https:\\\/\\\/x.com\\\/quebakanec\",\"http:\\\/\\\/www.instagram.com\\\/quebakan\",\"http:\\\/\\\/www.youtube.com\\\/quebakan1\"]},{\"@type\":\"Person\",\"@id\":\"https:\\\/\\\/www.quebakan.com\\\/v15\\\/#\\\/schema\\\/person\\\/d90fa9f9cfa81eb8ace9811e5b7b9118\",\"name\":\"Erick Villafuerte\",\"image\":{\"@type\":\"ImageObject\",\"inLanguage\":\"es\",\"@id\":\"https:\\\/\\\/www.quebakan.com\\\/v15\\\/wp-content\\\/uploads\\\/avatars\\\/4\\\/1731297654-bpfull.png\",\"url\":\"https:\\\/\\\/www.quebakan.com\\\/v15\\\/wp-content\\\/uploads\\\/avatars\\\/4\\\/1731297654-bpfull.png\",\"contentUrl\":\"https:\\\/\\\/www.quebakan.com\\\/v15\\\/wp-content\\\/uploads\\\/avatars\\\/4\\\/1731297654-bpfull.png\",\"caption\":\"Erick Villafuerte\"}}]}<\/script>\n<!-- \/ Yoast SEO plugin. -->","yoast_head_json":{"title":"PRONOBIS y COLONCORP dan inicio a ACQUA GARDENS: el nuevo Polo Urbano que transformar\u00e1 el desarrollo comercial y tur\u00edstico de Guayaquil &#8211; QUEBAKAN.COM 2026: Noticias, Eventos, Conciertos y mucho m\u00e1s....","robots":{"index":"index","follow":"follow","max-snippet":"max-snippet:-1","max-image-preview":"max-image-preview:large","max-video-preview":"max-video-preview:-1"},"canonical":"https:\/\/www.quebakan.com\/v15\/pronobis-y-coloncorp-dan-inicio-a-acqua-gardens-el-nuevo-polo-urbano-que-transformara-el-desarrollo-comercial-y-turistico-de-guayaquil\/","og_locale":"es_ES","og_type":"article","og_title":"PRONOBIS y COLONCORP dan inicio a ACQUA GARDENS: el nuevo Polo Urbano que transformar\u00e1 el desarrollo comercial y tur\u00edstico de Guayaquil &#8211; QUEBAKAN.COM 2026: Noticias, Eventos, Conciertos y mucho m\u00e1s....","og_description":"Un proyecto de uso mixto que impulsa el dinamismo comercial, tur\u00edstico y urbano de Los Ceibos, con una proyecci\u00f3n\u00a0 en ventas de USD 77.7 millones s\u00f3lo en su primera fase, el proyecto generar\u00e1 m\u00e1s de 400 empleos y consolidar\u00e1 a\u00a0 Los Ceibos como un punto estrat\u00e9gico de crecimiento. Con un acto o\ufb01cial que marc\u00f3 el [&hellip;]","og_url":"https:\/\/www.quebakan.com\/v15\/pronobis-y-coloncorp-dan-inicio-a-acqua-gardens-el-nuevo-polo-urbano-que-transformara-el-desarrollo-comercial-y-turistico-de-guayaquil\/","og_site_name":"QUEBAKAN.COM 2026: Noticias, Eventos, Conciertos y mucho m\u00e1s....","article_publisher":"http:\/\/www.facebook.com\/quebakan","article_published_time":"2025-11-29T04:23:00+00:00","og_image":[{"width":700,"height":466,"url":"https:\/\/www.quebakan.com\/v15\/wp-content\/uploads\/2025\/11\/acqua2.jpg","type":"image\/jpeg"}],"author":"Erick Villafuerte","twitter_card":"summary_large_image","twitter_creator":"@quebakanec","twitter_site":"@quebakanec","twitter_misc":{"Escrito por":"Erick Villafuerte","Tiempo de lectura":"4 minutos"},"schema":{"@context":"https:\/\/schema.org","@graph":[{"@type":"Article","@id":"https:\/\/www.quebakan.com\/v15\/pronobis-y-coloncorp-dan-inicio-a-acqua-gardens-el-nuevo-polo-urbano-que-transformara-el-desarrollo-comercial-y-turistico-de-guayaquil\/#article","isPartOf":{"@id":"https:\/\/www.quebakan.com\/v15\/pronobis-y-coloncorp-dan-inicio-a-acqua-gardens-el-nuevo-polo-urbano-que-transformara-el-desarrollo-comercial-y-turistico-de-guayaquil\/"},"author":{"name":"Erick Villafuerte","@id":"https:\/\/www.quebakan.com\/v15\/#\/schema\/person\/d90fa9f9cfa81eb8ace9811e5b7b9118"},"headline":"PRONOBIS y COLONCORP dan inicio a ACQUA GARDENS: el nuevo Polo Urbano que transformar\u00e1 el desarrollo comercial y tur\u00edstico de Guayaquil","datePublished":"2025-11-29T04:23:00+00:00","mainEntityOfPage":{"@id":"https:\/\/www.quebakan.com\/v15\/pronobis-y-coloncorp-dan-inicio-a-acqua-gardens-el-nuevo-polo-urbano-que-transformara-el-desarrollo-comercial-y-turistico-de-guayaquil\/"},"wordCount":610,"publisher":{"@id":"https:\/\/www.quebakan.com\/v15\/#organization"},"image":{"@id":"https:\/\/www.quebakan.com\/v15\/pronobis-y-coloncorp-dan-inicio-a-acqua-gardens-el-nuevo-polo-urbano-que-transformara-el-desarrollo-comercial-y-turistico-de-guayaquil\/#primaryimage"},"thumbnailUrl":"https:\/\/www.quebakan.com\/v15\/wp-content\/uploads\/2025\/11\/acqua2.jpg","articleSection":["Noticias"],"inLanguage":"es"},{"@type":"WebPage","@id":"https:\/\/www.quebakan.com\/v15\/pronobis-y-coloncorp-dan-inicio-a-acqua-gardens-el-nuevo-polo-urbano-que-transformara-el-desarrollo-comercial-y-turistico-de-guayaquil\/","url":"https:\/\/www.quebakan.com\/v15\/pronobis-y-coloncorp-dan-inicio-a-acqua-gardens-el-nuevo-polo-urbano-que-transformara-el-desarrollo-comercial-y-turistico-de-guayaquil\/","name":"PRONOBIS y COLONCORP dan inicio a ACQUA GARDENS: el nuevo Polo Urbano que transformar\u00e1 el desarrollo comercial y tur\u00edstico de Guayaquil &#8211; QUEBAKAN.COM 2026: Noticias, Eventos, Conciertos y mucho m\u00e1s....","isPartOf":{"@id":"https:\/\/www.quebakan.com\/v15\/#website"},"primaryImageOfPage":{"@id":"https:\/\/www.quebakan.com\/v15\/pronobis-y-coloncorp-dan-inicio-a-acqua-gardens-el-nuevo-polo-urbano-que-transformara-el-desarrollo-comercial-y-turistico-de-guayaquil\/#primaryimage"},"image":{"@id":"https:\/\/www.quebakan.com\/v15\/pronobis-y-coloncorp-dan-inicio-a-acqua-gardens-el-nuevo-polo-urbano-que-transformara-el-desarrollo-comercial-y-turistico-de-guayaquil\/#primaryimage"},"thumbnailUrl":"https:\/\/www.quebakan.com\/v15\/wp-content\/uploads\/2025\/11\/acqua2.jpg","datePublished":"2025-11-29T04:23:00+00:00","breadcrumb":{"@id":"https:\/\/www.quebakan.com\/v15\/pronobis-y-coloncorp-dan-inicio-a-acqua-gardens-el-nuevo-polo-urbano-que-transformara-el-desarrollo-comercial-y-turistico-de-guayaquil\/#breadcrumb"},"inLanguage":"es","potentialAction":[{"@type":"ReadAction","target":["https:\/\/www.quebakan.com\/v15\/pronobis-y-coloncorp-dan-inicio-a-acqua-gardens-el-nuevo-polo-urbano-que-transformara-el-desarrollo-comercial-y-turistico-de-guayaquil\/"]}]},{"@type":"ImageObject","inLanguage":"es","@id":"https:\/\/www.quebakan.com\/v15\/pronobis-y-coloncorp-dan-inicio-a-acqua-gardens-el-nuevo-polo-urbano-que-transformara-el-desarrollo-comercial-y-turistico-de-guayaquil\/#primaryimage","url":"https:\/\/www.quebakan.com\/v15\/wp-content\/uploads\/2025\/11\/acqua2.jpg","contentUrl":"https:\/\/www.quebakan.com\/v15\/wp-content\/uploads\/2025\/11\/acqua2.jpg","width":700,"height":466},{"@type":"BreadcrumbList","@id":"https:\/\/www.quebakan.com\/v15\/pronobis-y-coloncorp-dan-inicio-a-acqua-gardens-el-nuevo-polo-urbano-que-transformara-el-desarrollo-comercial-y-turistico-de-guayaquil\/#breadcrumb","itemListElement":[{"@type":"ListItem","position":1,"name":"Portada","item":"https:\/\/www.quebakan.com\/v15\/"},{"@type":"ListItem","position":2,"name":"PRONOBIS y COLONCORP dan inicio a ACQUA GARDENS: el nuevo Polo Urbano que transformar\u00e1 el desarrollo comercial y tur\u00edstico de Guayaquil"}]},{"@type":"WebSite","@id":"https:\/\/www.quebakan.com\/v15\/#website","url":"https:\/\/www.quebakan.com\/v15\/","name":"QUEBAKAN","description":"..","publisher":{"@id":"https:\/\/www.quebakan.com\/v15\/#organization"},"potentialAction":[{"@type":"SearchAction","target":{"@type":"EntryPoint","urlTemplate":"https:\/\/www.quebakan.com\/v15\/?s={search_term_string}"},"query-input":{"@type":"PropertyValueSpecification","valueRequired":true,"valueName":"search_term_string"}}],"inLanguage":"es"},{"@type":"Organization","@id":"https:\/\/www.quebakan.com\/v15\/#organization","name":"Quebakan.com","url":"https:\/\/www.quebakan.com\/v15\/","logo":{"@type":"ImageObject","inLanguage":"es","@id":"https:\/\/www.quebakan.com\/v15\/#\/schema\/logo\/image\/","url":"https:\/\/www.quebakan.com\/v15\/wp-content\/uploads\/2023\/07\/logoquebakanenero2021.jpg","contentUrl":"https:\/\/www.quebakan.com\/v15\/wp-content\/uploads\/2023\/07\/logoquebakanenero2021.jpg","width":1920,"height":1080,"caption":"Quebakan.com"},"image":{"@id":"https:\/\/www.quebakan.com\/v15\/#\/schema\/logo\/image\/"},"sameAs":["http:\/\/www.facebook.com\/quebakan","https:\/\/x.com\/quebakanec","http:\/\/www.instagram.com\/quebakan","http:\/\/www.youtube.com\/quebakan1"]},{"@type":"Person","@id":"https:\/\/www.quebakan.com\/v15\/#\/schema\/person\/d90fa9f9cfa81eb8ace9811e5b7b9118","name":"Erick Villafuerte","image":{"@type":"ImageObject","inLanguage":"es","@id":"https:\/\/www.quebakan.com\/v15\/wp-content\/uploads\/avatars\/4\/1731297654-bpfull.png","url":"https:\/\/www.quebakan.com\/v15\/wp-content\/uploads\/avatars\/4\/1731297654-bpfull.png","contentUrl":"https:\/\/www.quebakan.com\/v15\/wp-content\/uploads\/avatars\/4\/1731297654-bpfull.png","caption":"Erick Villafuerte"}}]}},"_links":{"self":[{"href":"https:\/\/www.quebakan.com\/v15\/wp-json\/wp\/v2\/posts\/137910","targetHints":{"allow":["GET"]}}],"collection":[{"href":"https:\/\/www.quebakan.com\/v15\/wp-json\/wp\/v2\/posts"}],"about":[{"href":"https:\/\/www.quebakan.com\/v15\/wp-json\/wp\/v2\/types\/post"}],"author":[{"embeddable":true,"href":"https:\/\/www.quebakan.com\/v15\/wp-json\/wp\/v2\/users\/4"}],"replies":[{"embeddable":true,"href":"https:\/\/www.quebakan.com\/v15\/wp-json\/wp\/v2\/comments?post=137910"}],"version-history":[{"count":1,"href":"https:\/\/www.quebakan.com\/v15\/wp-json\/wp\/v2\/posts\/137910\/revisions"}],"predecessor-version":[{"id":137913,"href":"https:\/\/www.quebakan.com\/v15\/wp-json\/wp\/v2\/posts\/137910\/revisions\/137913"}],"wp:featuredmedia":[{"embeddable":true,"href":"https:\/\/www.quebakan.com\/v15\/wp-json\/wp\/v2\/media\/137912"}],"wp:attachment":[{"href":"https:\/\/www.quebakan.com\/v15\/wp-json\/wp\/v2\/media?parent=137910"}],"wp:term":[{"taxonomy":"category","embeddable":true,"href":"https:\/\/www.quebakan.com\/v15\/wp-json\/wp\/v2\/categories?post=137910"},{"taxonomy":"post_tag","embeddable":true,"href":"https:\/\/www.quebakan.com\/v15\/wp-json\/wp\/v2\/tags?post=137910"}],"curies":[{"name":"wp","href":"https:\/\/api.w.org\/{rel}","templated":true}]}}