{"id":137917,"date":"2025-11-29T00:40:46","date_gmt":"2025-11-29T05:40:46","guid":{"rendered":"https:\/\/www.quebakan.com\/v15\/?p=137917"},"modified":"2025-11-29T00:40:46","modified_gmt":"2025-11-29T05:40:46","slug":"energia-solar-la-aliada-estrategica-de-las-industrias-ecuatorianas","status":"publish","type":"post","link":"https:\/\/www.quebakan.com\/v15\/energia-solar-la-aliada-estrategica-de-las-industrias-ecuatorianas\/","title":{"rendered":"Energ\u00eda solar: la aliada estrat\u00e9gica de las industrias ecuatorianas"},"content":{"rendered":"<p><img fetchpriority=\"high\" decoding=\"async\" class=\"aligncenter size-full wp-image-137918\" src=\"https:\/\/www.quebakan.com\/v15\/wp-content\/uploads\/2025\/11\/energia-solar.jpeg\" alt=\"\" width=\"709\" height=\"412\" \/><\/p>\n<ul>\n<li style=\"text-align: justify;\"><span style=\"color: #000000;\"><em>En algunos casos el uso de energ\u00eda solar se han alcanzado reducciones de hasta el 97% en el uso de di\u00e9sel, disminuyendo costos operativos y emisiones contaminantes.<\/em><\/span><\/li>\n<\/ul>\n<ul style=\"text-align: justify;\">\n<li><span style=\"color: #000000;\"><em>El costo de generaci\u00f3n solar puede oscilar entre $0.03 y $0.05 por kilovatio-hora, frente a los altos costos del di\u00e9sel, que puede llegar a triplicar ese valor.<\/em><\/span><\/li>\n<\/ul>\n<p style=\"text-align: justify;\"><span style=\"color: #000000;\"><strong>Quito\u2013 <\/strong>En el \u00faltimo a\u00f1o, Ecuador ha enfrentado algunos racionamientos el\u00e9ctricos que han impactado en la productividad de las industrias del pa\u00eds. Adem\u00e1s, la dependencia de fuentes h\u00eddricas, en un contexto de sequ\u00edas cada vez m\u00e1s frecuentes, vuelve a encender las alarmas en sectores productivos que no pueden detener su marcha.<\/span><\/p>\n<p style=\"text-align: justify;\"><span style=\"color: #000000;\">Frente a esta realidad, las energ\u00edas renovables, y en particular la solar fotovoltaica, se presentan como una alternativa no solo sostenible, sino estrat\u00e9gica para garantizar la continuidad operativa y competitividad de las industrias ecuatorianas. Desde el sector agroexportador hasta la manufactura, pasando por la industria alimentaria, pl\u00e1stica o log\u00edstica, cada vez m\u00e1s empresas est\u00e1n evaluando seriamente integrar estas soluciones en sus operaciones.<\/span><\/p>\n<p style=\"text-align: justify;\"><span style=\"color: #000000;\"><strong>Una transici\u00f3n posible y rentable<\/strong><\/span><\/p>\n<p style=\"text-align: justify;\"><span style=\"color: #000000;\">La buena noticia es que hoy existen tecnolog\u00edas maduras, escalables y adaptables a distintos tipos de operaci\u00f3n industrial. La energ\u00eda solar, por ejemplo, se ha consolidado como una de las fuentes m\u00e1s eficientes y r\u00e1pidas de implementar. Equipos como inversores inteligentes, bater\u00edas de litio y sistemas de monitoreo digital permiten no solo generar energ\u00eda, sino gestionar el consumo de forma m\u00e1s inteligente, optimizando costos y reduciendo riesgos.<\/span><\/p>\n<p style=\"text-align: justify;\"><span style=\"color: #000000;\">\u00a0\u201cPara las industrias ecuatorianas, la energ\u00eda solar no solo es viable: es estrat\u00e9gica. Para aquellas cuyo patr\u00f3n de consumo diurno se alinea perfectamente con la generaci\u00f3n solar. Adem\u00e1s, las soluciones actuales permiten comenzar por etapas, priorizando las cargas m\u00e1s cr\u00edticas\u201d, explica Henry Lanchang, Gerente de cuentas en Huawei Digital Power.<\/span><\/p>\n<p style=\"text-align: justify;\"><span style=\"color: #000000;\"><strong>Casos como el camaronero, un ejemplo replicable<\/strong><\/span><\/p>\n<p style=\"text-align: justify;\"><span style=\"color: #000000;\">Aunque cada industria tiene sus particularidades, experiencias como la del sector camaronero muestran lo que es posible. Varias fincas en la costa ecuatoriana \u2014altamente dependientes de electricidad para el bombeo y aireaci\u00f3n\u2014 han comenzado a instalar sistemas h\u00edbridos que combinan energ\u00eda solar, almacenamiento y respaldo con generadores. En algunos casos, se han alcanzado reducciones de hasta el 97% en el uso de di\u00e9sel, disminuyendo costos operativos y emisiones contaminantes.<\/span><\/p>\n<p style=\"text-align: justify;\"><span style=\"color: #000000;\">Pero no se trata solo de grandes proyectos. Soluciones modulares permiten empezar por fases, enfoc\u00e1ndose en los procesos m\u00e1s cr\u00edticos o en horarios de mayor consumo. Y lo m\u00e1s importante: hoy existen esquemas de financiamiento y acompa\u00f1amiento t\u00e9cnico que hacen posible esta transici\u00f3n sin afectar el flujo de caja de las empresas.<\/span><\/p>\n<p style=\"text-align: justify;\"><span style=\"color: #000000;\"><strong>Beneficios concretos para un sector clave<\/strong><\/span><\/p>\n<p style=\"text-align: justify;\"><span style=\"color: #000000;\">Adem\u00e1s de reducir el riesgo ante apagones, los sistemas fotovoltaicos ofrecen beneficios econ\u00f3micos a mediano y largo plazo. El costo de generaci\u00f3n solar puede oscilar entre $0.03 y $0.05 por kilovatio-hora, frente a los altos costos del di\u00e9sel, que puede llegar a triplicar ese valor.<\/span><\/p>\n<p style=\"text-align: justify;\"><span style=\"color: #000000;\">Otro aspecto clave es el monitoreo digital. Plataformas como <em>FusionSolar<\/em> permiten visualizar en tiempo real el rendimiento del sistema, automatizar el encendido de equipos seg\u00fan la disponibilidad energ\u00e9tica y tomar decisiones basadas en datos concretos, como la redistribuci\u00f3n de cargas o el mantenimiento preventivo.<\/span><\/p>\n<p style=\"text-align: justify;\"><span style=\"color: #000000;\"><strong>De la resiliencia a la sostenibilidad<\/strong><\/span><\/p>\n<p style=\"text-align: justify;\"><span style=\"color: #000000;\">En un entorno donde las interrupciones el\u00e9ctricas pueden frenar la producci\u00f3n y generar p\u00e9rdidas millonarias, la energ\u00eda solar representa una soluci\u00f3n resiliente y de r\u00e1pido retorno. Adem\u00e1s, posiciona a las industrias ecuatorianas frente a un mercado global cada vez m\u00e1s exigente con la trazabilidad ambiental de sus proveedores.<\/span><\/p>\n<p style=\"text-align: justify;\"><span style=\"color: #000000;\">Hoy, ser m\u00e1s sostenibles tambi\u00e9n es una ventaja competitiva. Ecuador tiene una radiaci\u00f3n solar privilegiada y una industria cada vez m\u00e1s consciente. El momento de adoptar la energ\u00eda solar no es cuando llegue el apag\u00f3n, sino antes de que ocurra.<\/span><\/p>\n<p style=\"text-align: justify;\"><span style=\"color: #000000;\">Si desean m\u00e1s informaci\u00f3n\u00a0 las soluciones de Huawei <em>FusionSolar<\/em> puede visitar <a style=\"color: #000000;\" href=\"https:\/\/digitalpower.huawei.com\/mx\/\">https:\/\/digitalpower.huawei.com\/mx\/<\/a><\/span><\/p>\n","protected":false},"excerpt":{"rendered":"<p>En algunos casos el uso de energ\u00eda solar se han alcanzado reducciones de hasta el 97% en el uso de di\u00e9sel, disminuyendo costos operativos y emisiones contaminantes. El costo de generaci\u00f3n solar puede oscilar entre $0.03 y $0.05 por kilovatio-hora, frente a los altos costos del di\u00e9sel, que puede llegar a triplicar ese valor. Quito\u2013 [&hellip;]<\/p>\n","protected":false},"author":4,"featured_media":137918,"comment_status":"closed","ping_status":"closed","sticky":false,"template":"","format":"standard","meta":{"_bbp_topic_count":0,"_bbp_reply_count":0,"_bbp_total_topic_count":0,"_bbp_total_reply_count":0,"_bbp_voice_count":0,"_bbp_anonymous_reply_count":0,"_bbp_topic_count_hidden":0,"_bbp_reply_count_hidden":0,"_bbp_forum_subforum_count":0,"buzzeditor_post_format":"","footnotes":""},"categories":[2],"tags":[],"class_list":["post-137917","post","type-post","status-publish","format-standard","has-post-thumbnail","hentry","category-noticias"],"yoast_head":"<!-- This site is optimized with the Yoast SEO plugin v27.5 - https:\/\/yoast.com\/product\/yoast-seo-wordpress\/ -->\n<title>Energ\u00eda solar: la aliada estrat\u00e9gica de las industrias ecuatorianas &#8211; QUEBAKAN.COM 2026: Noticias, Eventos, Conciertos y mucho m\u00e1s....<\/title>\n<meta name=\"robots\" content=\"index, follow, max-snippet:-1, max-image-preview:large, max-video-preview:-1\" \/>\n<link rel=\"canonical\" href=\"https:\/\/www.quebakan.com\/v15\/energia-solar-la-aliada-estrategica-de-las-industrias-ecuatorianas\/\" \/>\n<meta property=\"og:locale\" content=\"es_ES\" \/>\n<meta property=\"og:type\" content=\"article\" \/>\n<meta property=\"og:title\" content=\"Energ\u00eda solar: la aliada estrat\u00e9gica de las industrias ecuatorianas &#8211; QUEBAKAN.COM 2026: Noticias, Eventos, Conciertos y mucho m\u00e1s....\" \/>\n<meta property=\"og:description\" content=\"En algunos casos el uso de energ\u00eda solar se han alcanzado reducciones de hasta el 97% en el uso de di\u00e9sel, disminuyendo costos operativos y emisiones contaminantes. El costo de generaci\u00f3n solar puede oscilar entre $0.03 y $0.05 por kilovatio-hora, frente a los altos costos del di\u00e9sel, que puede llegar a triplicar ese valor. Quito\u2013 [&hellip;]\" \/>\n<meta property=\"og:url\" content=\"https:\/\/www.quebakan.com\/v15\/energia-solar-la-aliada-estrategica-de-las-industrias-ecuatorianas\/\" \/>\n<meta property=\"og:site_name\" content=\"QUEBAKAN.COM 2026: Noticias, Eventos, Conciertos y mucho m\u00e1s....\" \/>\n<meta property=\"article:publisher\" content=\"http:\/\/www.facebook.com\/quebakan\" \/>\n<meta property=\"article:published_time\" content=\"2025-11-29T05:40:46+00:00\" \/>\n<meta property=\"og:image\" content=\"https:\/\/www.quebakan.com\/v15\/wp-content\/uploads\/2025\/11\/energia-solar.jpeg\" \/>\n\t<meta property=\"og:image:width\" content=\"709\" \/>\n\t<meta property=\"og:image:height\" content=\"412\" \/>\n\t<meta property=\"og:image:type\" content=\"image\/jpeg\" \/>\n<meta name=\"author\" content=\"Erick Villafuerte\" \/>\n<meta name=\"twitter:card\" content=\"summary_large_image\" \/>\n<meta name=\"twitter:creator\" content=\"@quebakanec\" \/>\n<meta name=\"twitter:site\" content=\"@quebakanec\" \/>\n<meta name=\"twitter:label1\" content=\"Escrito por\" \/>\n\t<meta name=\"twitter:data1\" content=\"Erick Villafuerte\" \/>\n\t<meta name=\"twitter:label2\" content=\"Tiempo de lectura\" \/>\n\t<meta name=\"twitter:data2\" content=\"4 minutos\" \/>\n<script type=\"application\/ld+json\" class=\"yoast-schema-graph\">{\"@context\":\"https:\\\/\\\/schema.org\",\"@graph\":[{\"@type\":\"Article\",\"@id\":\"https:\\\/\\\/www.quebakan.com\\\/v15\\\/energia-solar-la-aliada-estrategica-de-las-industrias-ecuatorianas\\\/#article\",\"isPartOf\":{\"@id\":\"https:\\\/\\\/www.quebakan.com\\\/v15\\\/energia-solar-la-aliada-estrategica-de-las-industrias-ecuatorianas\\\/\"},\"author\":{\"name\":\"Erick Villafuerte\",\"@id\":\"https:\\\/\\\/www.quebakan.com\\\/v15\\\/#\\\/schema\\\/person\\\/d90fa9f9cfa81eb8ace9811e5b7b9118\"},\"headline\":\"Energ\u00eda solar: la aliada estrat\u00e9gica de las industrias ecuatorianas\",\"datePublished\":\"2025-11-29T05:40:46+00:00\",\"mainEntityOfPage\":{\"@id\":\"https:\\\/\\\/www.quebakan.com\\\/v15\\\/energia-solar-la-aliada-estrategica-de-las-industrias-ecuatorianas\\\/\"},\"wordCount\":694,\"publisher\":{\"@id\":\"https:\\\/\\\/www.quebakan.com\\\/v15\\\/#organization\"},\"image\":{\"@id\":\"https:\\\/\\\/www.quebakan.com\\\/v15\\\/energia-solar-la-aliada-estrategica-de-las-industrias-ecuatorianas\\\/#primaryimage\"},\"thumbnailUrl\":\"https:\\\/\\\/www.quebakan.com\\\/v15\\\/wp-content\\\/uploads\\\/2025\\\/11\\\/energia-solar.jpeg\",\"articleSection\":[\"Noticias\"],\"inLanguage\":\"es\"},{\"@type\":\"WebPage\",\"@id\":\"https:\\\/\\\/www.quebakan.com\\\/v15\\\/energia-solar-la-aliada-estrategica-de-las-industrias-ecuatorianas\\\/\",\"url\":\"https:\\\/\\\/www.quebakan.com\\\/v15\\\/energia-solar-la-aliada-estrategica-de-las-industrias-ecuatorianas\\\/\",\"name\":\"Energ\u00eda solar: la aliada estrat\u00e9gica de las industrias ecuatorianas &#8211; QUEBAKAN.COM 2026: Noticias, Eventos, Conciertos y mucho m\u00e1s....\",\"isPartOf\":{\"@id\":\"https:\\\/\\\/www.quebakan.com\\\/v15\\\/#website\"},\"primaryImageOfPage\":{\"@id\":\"https:\\\/\\\/www.quebakan.com\\\/v15\\\/energia-solar-la-aliada-estrategica-de-las-industrias-ecuatorianas\\\/#primaryimage\"},\"image\":{\"@id\":\"https:\\\/\\\/www.quebakan.com\\\/v15\\\/energia-solar-la-aliada-estrategica-de-las-industrias-ecuatorianas\\\/#primaryimage\"},\"thumbnailUrl\":\"https:\\\/\\\/www.quebakan.com\\\/v15\\\/wp-content\\\/uploads\\\/2025\\\/11\\\/energia-solar.jpeg\",\"datePublished\":\"2025-11-29T05:40:46+00:00\",\"breadcrumb\":{\"@id\":\"https:\\\/\\\/www.quebakan.com\\\/v15\\\/energia-solar-la-aliada-estrategica-de-las-industrias-ecuatorianas\\\/#breadcrumb\"},\"inLanguage\":\"es\",\"potentialAction\":[{\"@type\":\"ReadAction\",\"target\":[\"https:\\\/\\\/www.quebakan.com\\\/v15\\\/energia-solar-la-aliada-estrategica-de-las-industrias-ecuatorianas\\\/\"]}]},{\"@type\":\"ImageObject\",\"inLanguage\":\"es\",\"@id\":\"https:\\\/\\\/www.quebakan.com\\\/v15\\\/energia-solar-la-aliada-estrategica-de-las-industrias-ecuatorianas\\\/#primaryimage\",\"url\":\"https:\\\/\\\/www.quebakan.com\\\/v15\\\/wp-content\\\/uploads\\\/2025\\\/11\\\/energia-solar.jpeg\",\"contentUrl\":\"https:\\\/\\\/www.quebakan.com\\\/v15\\\/wp-content\\\/uploads\\\/2025\\\/11\\\/energia-solar.jpeg\",\"width\":709,\"height\":412},{\"@type\":\"BreadcrumbList\",\"@id\":\"https:\\\/\\\/www.quebakan.com\\\/v15\\\/energia-solar-la-aliada-estrategica-de-las-industrias-ecuatorianas\\\/#breadcrumb\",\"itemListElement\":[{\"@type\":\"ListItem\",\"position\":1,\"name\":\"Portada\",\"item\":\"https:\\\/\\\/www.quebakan.com\\\/v15\\\/\"},{\"@type\":\"ListItem\",\"position\":2,\"name\":\"Energ\u00eda solar: la aliada estrat\u00e9gica de las industrias ecuatorianas\"}]},{\"@type\":\"WebSite\",\"@id\":\"https:\\\/\\\/www.quebakan.com\\\/v15\\\/#website\",\"url\":\"https:\\\/\\\/www.quebakan.com\\\/v15\\\/\",\"name\":\"QUEBAKAN\",\"description\":\"..\",\"publisher\":{\"@id\":\"https:\\\/\\\/www.quebakan.com\\\/v15\\\/#organization\"},\"potentialAction\":[{\"@type\":\"SearchAction\",\"target\":{\"@type\":\"EntryPoint\",\"urlTemplate\":\"https:\\\/\\\/www.quebakan.com\\\/v15\\\/?s={search_term_string}\"},\"query-input\":{\"@type\":\"PropertyValueSpecification\",\"valueRequired\":true,\"valueName\":\"search_term_string\"}}],\"inLanguage\":\"es\"},{\"@type\":\"Organization\",\"@id\":\"https:\\\/\\\/www.quebakan.com\\\/v15\\\/#organization\",\"name\":\"Quebakan.com\",\"url\":\"https:\\\/\\\/www.quebakan.com\\\/v15\\\/\",\"logo\":{\"@type\":\"ImageObject\",\"inLanguage\":\"es\",\"@id\":\"https:\\\/\\\/www.quebakan.com\\\/v15\\\/#\\\/schema\\\/logo\\\/image\\\/\",\"url\":\"https:\\\/\\\/www.quebakan.com\\\/v15\\\/wp-content\\\/uploads\\\/2023\\\/07\\\/logoquebakanenero2021.jpg\",\"contentUrl\":\"https:\\\/\\\/www.quebakan.com\\\/v15\\\/wp-content\\\/uploads\\\/2023\\\/07\\\/logoquebakanenero2021.jpg\",\"width\":1920,\"height\":1080,\"caption\":\"Quebakan.com\"},\"image\":{\"@id\":\"https:\\\/\\\/www.quebakan.com\\\/v15\\\/#\\\/schema\\\/logo\\\/image\\\/\"},\"sameAs\":[\"http:\\\/\\\/www.facebook.com\\\/quebakan\",\"https:\\\/\\\/x.com\\\/quebakanec\",\"http:\\\/\\\/www.instagram.com\\\/quebakan\",\"http:\\\/\\\/www.youtube.com\\\/quebakan1\"]},{\"@type\":\"Person\",\"@id\":\"https:\\\/\\\/www.quebakan.com\\\/v15\\\/#\\\/schema\\\/person\\\/d90fa9f9cfa81eb8ace9811e5b7b9118\",\"name\":\"Erick Villafuerte\",\"image\":{\"@type\":\"ImageObject\",\"inLanguage\":\"es\",\"@id\":\"https:\\\/\\\/www.quebakan.com\\\/v15\\\/wp-content\\\/uploads\\\/avatars\\\/4\\\/1731297654-bpfull.png\",\"url\":\"https:\\\/\\\/www.quebakan.com\\\/v15\\\/wp-content\\\/uploads\\\/avatars\\\/4\\\/1731297654-bpfull.png\",\"contentUrl\":\"https:\\\/\\\/www.quebakan.com\\\/v15\\\/wp-content\\\/uploads\\\/avatars\\\/4\\\/1731297654-bpfull.png\",\"caption\":\"Erick Villafuerte\"}}]}<\/script>\n<!-- \/ Yoast SEO plugin. -->","yoast_head_json":{"title":"Energ\u00eda solar: la aliada estrat\u00e9gica de las industrias ecuatorianas &#8211; QUEBAKAN.COM 2026: Noticias, Eventos, Conciertos y mucho m\u00e1s....","robots":{"index":"index","follow":"follow","max-snippet":"max-snippet:-1","max-image-preview":"max-image-preview:large","max-video-preview":"max-video-preview:-1"},"canonical":"https:\/\/www.quebakan.com\/v15\/energia-solar-la-aliada-estrategica-de-las-industrias-ecuatorianas\/","og_locale":"es_ES","og_type":"article","og_title":"Energ\u00eda solar: la aliada estrat\u00e9gica de las industrias ecuatorianas &#8211; QUEBAKAN.COM 2026: Noticias, Eventos, Conciertos y mucho m\u00e1s....","og_description":"En algunos casos el uso de energ\u00eda solar se han alcanzado reducciones de hasta el 97% en el uso de di\u00e9sel, disminuyendo costos operativos y emisiones contaminantes. El costo de generaci\u00f3n solar puede oscilar entre $0.03 y $0.05 por kilovatio-hora, frente a los altos costos del di\u00e9sel, que puede llegar a triplicar ese valor. Quito\u2013 [&hellip;]","og_url":"https:\/\/www.quebakan.com\/v15\/energia-solar-la-aliada-estrategica-de-las-industrias-ecuatorianas\/","og_site_name":"QUEBAKAN.COM 2026: Noticias, Eventos, Conciertos y mucho m\u00e1s....","article_publisher":"http:\/\/www.facebook.com\/quebakan","article_published_time":"2025-11-29T05:40:46+00:00","og_image":[{"width":709,"height":412,"url":"https:\/\/www.quebakan.com\/v15\/wp-content\/uploads\/2025\/11\/energia-solar.jpeg","type":"image\/jpeg"}],"author":"Erick Villafuerte","twitter_card":"summary_large_image","twitter_creator":"@quebakanec","twitter_site":"@quebakanec","twitter_misc":{"Escrito por":"Erick Villafuerte","Tiempo de lectura":"4 minutos"},"schema":{"@context":"https:\/\/schema.org","@graph":[{"@type":"Article","@id":"https:\/\/www.quebakan.com\/v15\/energia-solar-la-aliada-estrategica-de-las-industrias-ecuatorianas\/#article","isPartOf":{"@id":"https:\/\/www.quebakan.com\/v15\/energia-solar-la-aliada-estrategica-de-las-industrias-ecuatorianas\/"},"author":{"name":"Erick Villafuerte","@id":"https:\/\/www.quebakan.com\/v15\/#\/schema\/person\/d90fa9f9cfa81eb8ace9811e5b7b9118"},"headline":"Energ\u00eda solar: la aliada estrat\u00e9gica de las industrias ecuatorianas","datePublished":"2025-11-29T05:40:46+00:00","mainEntityOfPage":{"@id":"https:\/\/www.quebakan.com\/v15\/energia-solar-la-aliada-estrategica-de-las-industrias-ecuatorianas\/"},"wordCount":694,"publisher":{"@id":"https:\/\/www.quebakan.com\/v15\/#organization"},"image":{"@id":"https:\/\/www.quebakan.com\/v15\/energia-solar-la-aliada-estrategica-de-las-industrias-ecuatorianas\/#primaryimage"},"thumbnailUrl":"https:\/\/www.quebakan.com\/v15\/wp-content\/uploads\/2025\/11\/energia-solar.jpeg","articleSection":["Noticias"],"inLanguage":"es"},{"@type":"WebPage","@id":"https:\/\/www.quebakan.com\/v15\/energia-solar-la-aliada-estrategica-de-las-industrias-ecuatorianas\/","url":"https:\/\/www.quebakan.com\/v15\/energia-solar-la-aliada-estrategica-de-las-industrias-ecuatorianas\/","name":"Energ\u00eda solar: la aliada estrat\u00e9gica de las industrias ecuatorianas &#8211; QUEBAKAN.COM 2026: Noticias, Eventos, Conciertos y mucho m\u00e1s....","isPartOf":{"@id":"https:\/\/www.quebakan.com\/v15\/#website"},"primaryImageOfPage":{"@id":"https:\/\/www.quebakan.com\/v15\/energia-solar-la-aliada-estrategica-de-las-industrias-ecuatorianas\/#primaryimage"},"image":{"@id":"https:\/\/www.quebakan.com\/v15\/energia-solar-la-aliada-estrategica-de-las-industrias-ecuatorianas\/#primaryimage"},"thumbnailUrl":"https:\/\/www.quebakan.com\/v15\/wp-content\/uploads\/2025\/11\/energia-solar.jpeg","datePublished":"2025-11-29T05:40:46+00:00","breadcrumb":{"@id":"https:\/\/www.quebakan.com\/v15\/energia-solar-la-aliada-estrategica-de-las-industrias-ecuatorianas\/#breadcrumb"},"inLanguage":"es","potentialAction":[{"@type":"ReadAction","target":["https:\/\/www.quebakan.com\/v15\/energia-solar-la-aliada-estrategica-de-las-industrias-ecuatorianas\/"]}]},{"@type":"ImageObject","inLanguage":"es","@id":"https:\/\/www.quebakan.com\/v15\/energia-solar-la-aliada-estrategica-de-las-industrias-ecuatorianas\/#primaryimage","url":"https:\/\/www.quebakan.com\/v15\/wp-content\/uploads\/2025\/11\/energia-solar.jpeg","contentUrl":"https:\/\/www.quebakan.com\/v15\/wp-content\/uploads\/2025\/11\/energia-solar.jpeg","width":709,"height":412},{"@type":"BreadcrumbList","@id":"https:\/\/www.quebakan.com\/v15\/energia-solar-la-aliada-estrategica-de-las-industrias-ecuatorianas\/#breadcrumb","itemListElement":[{"@type":"ListItem","position":1,"name":"Portada","item":"https:\/\/www.quebakan.com\/v15\/"},{"@type":"ListItem","position":2,"name":"Energ\u00eda solar: la aliada estrat\u00e9gica de las industrias ecuatorianas"}]},{"@type":"WebSite","@id":"https:\/\/www.quebakan.com\/v15\/#website","url":"https:\/\/www.quebakan.com\/v15\/","name":"QUEBAKAN","description":"..","publisher":{"@id":"https:\/\/www.quebakan.com\/v15\/#organization"},"potentialAction":[{"@type":"SearchAction","target":{"@type":"EntryPoint","urlTemplate":"https:\/\/www.quebakan.com\/v15\/?s={search_term_string}"},"query-input":{"@type":"PropertyValueSpecification","valueRequired":true,"valueName":"search_term_string"}}],"inLanguage":"es"},{"@type":"Organization","@id":"https:\/\/www.quebakan.com\/v15\/#organization","name":"Quebakan.com","url":"https:\/\/www.quebakan.com\/v15\/","logo":{"@type":"ImageObject","inLanguage":"es","@id":"https:\/\/www.quebakan.com\/v15\/#\/schema\/logo\/image\/","url":"https:\/\/www.quebakan.com\/v15\/wp-content\/uploads\/2023\/07\/logoquebakanenero2021.jpg","contentUrl":"https:\/\/www.quebakan.com\/v15\/wp-content\/uploads\/2023\/07\/logoquebakanenero2021.jpg","width":1920,"height":1080,"caption":"Quebakan.com"},"image":{"@id":"https:\/\/www.quebakan.com\/v15\/#\/schema\/logo\/image\/"},"sameAs":["http:\/\/www.facebook.com\/quebakan","https:\/\/x.com\/quebakanec","http:\/\/www.instagram.com\/quebakan","http:\/\/www.youtube.com\/quebakan1"]},{"@type":"Person","@id":"https:\/\/www.quebakan.com\/v15\/#\/schema\/person\/d90fa9f9cfa81eb8ace9811e5b7b9118","name":"Erick Villafuerte","image":{"@type":"ImageObject","inLanguage":"es","@id":"https:\/\/www.quebakan.com\/v15\/wp-content\/uploads\/avatars\/4\/1731297654-bpfull.png","url":"https:\/\/www.quebakan.com\/v15\/wp-content\/uploads\/avatars\/4\/1731297654-bpfull.png","contentUrl":"https:\/\/www.quebakan.com\/v15\/wp-content\/uploads\/avatars\/4\/1731297654-bpfull.png","caption":"Erick Villafuerte"}}]}},"_links":{"self":[{"href":"https:\/\/www.quebakan.com\/v15\/wp-json\/wp\/v2\/posts\/137917","targetHints":{"allow":["GET"]}}],"collection":[{"href":"https:\/\/www.quebakan.com\/v15\/wp-json\/wp\/v2\/posts"}],"about":[{"href":"https:\/\/www.quebakan.com\/v15\/wp-json\/wp\/v2\/types\/post"}],"author":[{"embeddable":true,"href":"https:\/\/www.quebakan.com\/v15\/wp-json\/wp\/v2\/users\/4"}],"replies":[{"embeddable":true,"href":"https:\/\/www.quebakan.com\/v15\/wp-json\/wp\/v2\/comments?post=137917"}],"version-history":[{"count":1,"href":"https:\/\/www.quebakan.com\/v15\/wp-json\/wp\/v2\/posts\/137917\/revisions"}],"predecessor-version":[{"id":137919,"href":"https:\/\/www.quebakan.com\/v15\/wp-json\/wp\/v2\/posts\/137917\/revisions\/137919"}],"wp:featuredmedia":[{"embeddable":true,"href":"https:\/\/www.quebakan.com\/v15\/wp-json\/wp\/v2\/media\/137918"}],"wp:attachment":[{"href":"https:\/\/www.quebakan.com\/v15\/wp-json\/wp\/v2\/media?parent=137917"}],"wp:term":[{"taxonomy":"category","embeddable":true,"href":"https:\/\/www.quebakan.com\/v15\/wp-json\/wp\/v2\/categories?post=137917"},{"taxonomy":"post_tag","embeddable":true,"href":"https:\/\/www.quebakan.com\/v15\/wp-json\/wp\/v2\/tags?post=137917"}],"curies":[{"name":"wp","href":"https:\/\/api.w.org\/{rel}","templated":true}]}}