{"id":137920,"date":"2025-11-29T02:15:56","date_gmt":"2025-11-29T07:15:56","guid":{"rendered":"https:\/\/www.quebakan.com\/v15\/?p=137920"},"modified":"2025-11-29T02:15:56","modified_gmt":"2025-11-29T07:15:56","slug":"el-poder-de-ahorrar-energia-inselec-presenta-soluciones-electricas-de-vanguardia-para-un-ecuador-mas-eficiente","status":"publish","type":"post","link":"https:\/\/www.quebakan.com\/v15\/el-poder-de-ahorrar-energia-inselec-presenta-soluciones-electricas-de-vanguardia-para-un-ecuador-mas-eficiente\/","title":{"rendered":"El poder de ahorrar energ\u00eda: INSELEC presenta soluciones el\u00e9ctricas de vanguardia para un Ecuador m\u00e1s eficiente"},"content":{"rendered":"<p><img fetchpriority=\"high\" decoding=\"async\" class=\"aligncenter size-full wp-image-137921\" src=\"https:\/\/www.quebakan.com\/v15\/wp-content\/uploads\/2025\/11\/5-1.jpg\" alt=\"\" width=\"700\" height=\"394\" \/><\/p>\n<p style=\"text-align: justify;\"><span style=\"color: #000000;\"><strong>Quito, noviembre de 2025. <\/strong>\u2013 <strong>Ecuador vive un momento clave para potenciar el uso inteligente de la energ\u00eda.<\/strong> Cada hogar, cada industria y cada instituci\u00f3n tiene hoy la oportunidad de mejorar su consumo el\u00e9ctrico mediante pr\u00e1cticas simples y tecnolog\u00eda accesible, impulsando productividad, bienestar y sostenibilidad. Hablar de eficiencia ya no es ahorrar por necesidad, sino avanzar hacia un pa\u00eds m\u00e1s competitivo y consciente.<\/span><\/p>\n<p style=\"text-align: justify;\"><span style=\"color: #000000;\">En este camino, INSELEC C\u00eda. Ltda. contin\u00faa acompa\u00f1ando al sector productivo y a las familias ecuatorianas con soluciones que permiten medir, automatizar y optimizar la energ\u00eda, integrando innovaci\u00f3n y experiencia t\u00e9cnica acumulada durante m\u00e1s de 48 a\u00f1os.<\/span><\/p>\n<p style=\"text-align: justify;\"><span style=\"color: #000000;\">A partir de su conocimiento y casos de \u00e9xito, INSELEC comparte recomendaciones que pueden aplicarse en tres niveles para impulsar una cultura de eficiencia en el pa\u00eds:<\/span><\/p>\n<p style=\"text-align: justify;\"><span style=\"color: #000000;\"><strong>Hogares que impulsan el cambio<\/strong><\/span><\/p>\n<ul style=\"text-align: justify;\">\n<li><span style=\"color: #000000;\">Eliminar consumos ocultos: desconectar equipos en stand-by, que pueden representar hasta un 10 % del consumo mensual.<\/span><\/li>\n<li><span style=\"color: #000000;\">Usar iluminaci\u00f3n LED certificada: reduce el consumo hasta en 80 % y ofrece mayor vida \u00fatil.<\/span><\/li>\n<li><span style=\"color: #000000;\">Evitar picos de demanda: planchar, lavar o cocinar fuera de las horas de mayor carga el\u00e9ctrica.<\/span><\/li>\n<li><span style=\"color: #000000;\">Mejorar el aislamiento t\u00e9rmico: sellar ventanas y techos disminuye la necesidad de climatizaci\u00f3n artificial.<\/span><\/li>\n<\/ul>\n<p style=\"text-align: justify;\"><span style=\"color: #000000;\"><strong>Industria que innova y optimiza<\/strong><\/span><\/p>\n<ul style=\"text-align: justify;\">\n<li><span style=\"color: #000000;\">Automatizar procesos productivos: incorporar variadores de velocidad para adaptar el consumo a la demanda real.<\/span><\/li>\n<li><span style=\"color: #000000;\">Mantener la calidad de energ\u00eda: conservar el factor de potencia por encima de 0,94 mediante bancos autom\u00e1ticos de capacitores o filtros activos.<\/span><\/li>\n<li><span style=\"color: #000000;\">Monitorear en tiempo real: usar plataformas digitales (PME, ION, AccuSine) para detectar picos o p\u00e9rdidas invisibles.<\/span><\/li>\n<li><span style=\"color: #000000;\">Iluminar con eficiencia: emplear luminarias LED industriales con sensores y temporizadores.<\/span><\/li>\n<\/ul>\n<p style=\"text-align: justify;\"><span style=\"color: #000000;\"><strong>Oficinas e instituciones p\u00fablicas m\u00e1s eficientes<\/strong><\/span><\/p>\n<ul style=\"text-align: justify;\">\n<li><span style=\"color: #000000;\">Automatizar apagados y climatizaci\u00f3n: implementar sistemas BMS o regletas inteligentes que corten consumos fuera del horario laboral.<\/span><\/li>\n<li><span style=\"color: #000000;\">Regular la temperatura interior: mantener entre 22 \u00b0C y 24 \u00b0C, con mantenimiento preventivo de aires acondicionados.<\/span><\/li>\n<li><span style=\"color: #000000;\">Aprovechar la luz natural: redistribuir espacios y usar cortinas automatizadas para reducir iluminaci\u00f3n artificial.<\/span><\/li>\n<\/ul>\n<p style=\"text-align: justify;\"><span style=\"color: #000000;\">Desde INSELEC, la eficiencia energ\u00e9tica se entiende como una oportunidad para crecer, innovar y construir un pa\u00eds m\u00e1s sostenible. Hogares, empresas e instituciones pueden sumar a este prop\u00f3sito adoptando h\u00e1bitos y tecnolog\u00edas que permitan un uso m\u00e1s inteligente y responsable de la electricidad.<\/span><\/p>\n","protected":false},"excerpt":{"rendered":"<p>Quito, noviembre de 2025. \u2013 Ecuador vive un momento clave para potenciar el uso inteligente de la energ\u00eda. Cada hogar, cada industria y cada instituci\u00f3n tiene hoy la oportunidad de mejorar su consumo el\u00e9ctrico mediante pr\u00e1cticas simples y tecnolog\u00eda accesible, impulsando productividad, bienestar y sostenibilidad. Hablar de eficiencia ya no es ahorrar por necesidad, sino [&hellip;]<\/p>\n","protected":false},"author":4,"featured_media":137921,"comment_status":"closed","ping_status":"closed","sticky":false,"template":"","format":"standard","meta":{"_bbp_topic_count":0,"_bbp_reply_count":0,"_bbp_total_topic_count":0,"_bbp_total_reply_count":0,"_bbp_voice_count":0,"_bbp_anonymous_reply_count":0,"_bbp_topic_count_hidden":0,"_bbp_reply_count_hidden":0,"_bbp_forum_subforum_count":0,"buzzeditor_post_format":"","footnotes":""},"categories":[2],"tags":[],"class_list":["post-137920","post","type-post","status-publish","format-standard","has-post-thumbnail","hentry","category-noticias"],"yoast_head":"<!-- This site is optimized with the Yoast SEO plugin v27.5 - https:\/\/yoast.com\/product\/yoast-seo-wordpress\/ -->\n<title>El poder de ahorrar energ\u00eda: INSELEC presenta soluciones el\u00e9ctricas de vanguardia para un Ecuador m\u00e1s eficiente &#8211; QUEBAKAN.COM 2026: Noticias, Eventos, Conciertos y mucho m\u00e1s....<\/title>\n<meta name=\"robots\" content=\"index, follow, max-snippet:-1, max-image-preview:large, max-video-preview:-1\" \/>\n<link rel=\"canonical\" href=\"https:\/\/www.quebakan.com\/v15\/el-poder-de-ahorrar-energia-inselec-presenta-soluciones-electricas-de-vanguardia-para-un-ecuador-mas-eficiente\/\" \/>\n<meta property=\"og:locale\" content=\"es_ES\" \/>\n<meta property=\"og:type\" content=\"article\" \/>\n<meta property=\"og:title\" content=\"El poder de ahorrar energ\u00eda: INSELEC presenta soluciones el\u00e9ctricas de vanguardia para un Ecuador m\u00e1s eficiente &#8211; QUEBAKAN.COM 2026: Noticias, Eventos, Conciertos y mucho m\u00e1s....\" \/>\n<meta property=\"og:description\" content=\"Quito, noviembre de 2025. \u2013 Ecuador vive un momento clave para potenciar el uso inteligente de la energ\u00eda. Cada hogar, cada industria y cada instituci\u00f3n tiene hoy la oportunidad de mejorar su consumo el\u00e9ctrico mediante pr\u00e1cticas simples y tecnolog\u00eda accesible, impulsando productividad, bienestar y sostenibilidad. Hablar de eficiencia ya no es ahorrar por necesidad, sino [&hellip;]\" \/>\n<meta property=\"og:url\" content=\"https:\/\/www.quebakan.com\/v15\/el-poder-de-ahorrar-energia-inselec-presenta-soluciones-electricas-de-vanguardia-para-un-ecuador-mas-eficiente\/\" \/>\n<meta property=\"og:site_name\" content=\"QUEBAKAN.COM 2026: Noticias, Eventos, Conciertos y mucho m\u00e1s....\" \/>\n<meta property=\"article:publisher\" content=\"http:\/\/www.facebook.com\/quebakan\" \/>\n<meta property=\"article:published_time\" content=\"2025-11-29T07:15:56+00:00\" \/>\n<meta property=\"og:image\" content=\"https:\/\/www.quebakan.com\/v15\/wp-content\/uploads\/2025\/11\/5-1.jpg\" \/>\n\t<meta property=\"og:image:width\" content=\"700\" \/>\n\t<meta property=\"og:image:height\" content=\"394\" \/>\n\t<meta property=\"og:image:type\" content=\"image\/jpeg\" \/>\n<meta name=\"author\" content=\"Erick Villafuerte\" \/>\n<meta name=\"twitter:card\" content=\"summary_large_image\" \/>\n<meta name=\"twitter:creator\" content=\"@quebakanec\" \/>\n<meta name=\"twitter:site\" content=\"@quebakanec\" \/>\n<meta name=\"twitter:label1\" content=\"Escrito por\" \/>\n\t<meta name=\"twitter:data1\" content=\"Erick Villafuerte\" \/>\n\t<meta name=\"twitter:label2\" content=\"Tiempo de lectura\" \/>\n\t<meta name=\"twitter:data2\" content=\"3 minutos\" \/>\n<script type=\"application\/ld+json\" class=\"yoast-schema-graph\">{\"@context\":\"https:\\\/\\\/schema.org\",\"@graph\":[{\"@type\":\"Article\",\"@id\":\"https:\\\/\\\/www.quebakan.com\\\/v15\\\/el-poder-de-ahorrar-energia-inselec-presenta-soluciones-electricas-de-vanguardia-para-un-ecuador-mas-eficiente\\\/#article\",\"isPartOf\":{\"@id\":\"https:\\\/\\\/www.quebakan.com\\\/v15\\\/el-poder-de-ahorrar-energia-inselec-presenta-soluciones-electricas-de-vanguardia-para-un-ecuador-mas-eficiente\\\/\"},\"author\":{\"name\":\"Erick Villafuerte\",\"@id\":\"https:\\\/\\\/www.quebakan.com\\\/v15\\\/#\\\/schema\\\/person\\\/d90fa9f9cfa81eb8ace9811e5b7b9118\"},\"headline\":\"El poder de ahorrar energ\u00eda: INSELEC presenta soluciones el\u00e9ctricas de vanguardia para un Ecuador m\u00e1s eficiente\",\"datePublished\":\"2025-11-29T07:15:56+00:00\",\"mainEntityOfPage\":{\"@id\":\"https:\\\/\\\/www.quebakan.com\\\/v15\\\/el-poder-de-ahorrar-energia-inselec-presenta-soluciones-electricas-de-vanguardia-para-un-ecuador-mas-eficiente\\\/\"},\"wordCount\":404,\"publisher\":{\"@id\":\"https:\\\/\\\/www.quebakan.com\\\/v15\\\/#organization\"},\"image\":{\"@id\":\"https:\\\/\\\/www.quebakan.com\\\/v15\\\/el-poder-de-ahorrar-energia-inselec-presenta-soluciones-electricas-de-vanguardia-para-un-ecuador-mas-eficiente\\\/#primaryimage\"},\"thumbnailUrl\":\"https:\\\/\\\/www.quebakan.com\\\/v15\\\/wp-content\\\/uploads\\\/2025\\\/11\\\/5-1.jpg\",\"articleSection\":[\"Noticias\"],\"inLanguage\":\"es\"},{\"@type\":\"WebPage\",\"@id\":\"https:\\\/\\\/www.quebakan.com\\\/v15\\\/el-poder-de-ahorrar-energia-inselec-presenta-soluciones-electricas-de-vanguardia-para-un-ecuador-mas-eficiente\\\/\",\"url\":\"https:\\\/\\\/www.quebakan.com\\\/v15\\\/el-poder-de-ahorrar-energia-inselec-presenta-soluciones-electricas-de-vanguardia-para-un-ecuador-mas-eficiente\\\/\",\"name\":\"El poder de ahorrar energ\u00eda: INSELEC presenta soluciones el\u00e9ctricas de vanguardia para un Ecuador m\u00e1s eficiente &#8211; QUEBAKAN.COM 2026: Noticias, Eventos, Conciertos y mucho m\u00e1s....\",\"isPartOf\":{\"@id\":\"https:\\\/\\\/www.quebakan.com\\\/v15\\\/#website\"},\"primaryImageOfPage\":{\"@id\":\"https:\\\/\\\/www.quebakan.com\\\/v15\\\/el-poder-de-ahorrar-energia-inselec-presenta-soluciones-electricas-de-vanguardia-para-un-ecuador-mas-eficiente\\\/#primaryimage\"},\"image\":{\"@id\":\"https:\\\/\\\/www.quebakan.com\\\/v15\\\/el-poder-de-ahorrar-energia-inselec-presenta-soluciones-electricas-de-vanguardia-para-un-ecuador-mas-eficiente\\\/#primaryimage\"},\"thumbnailUrl\":\"https:\\\/\\\/www.quebakan.com\\\/v15\\\/wp-content\\\/uploads\\\/2025\\\/11\\\/5-1.jpg\",\"datePublished\":\"2025-11-29T07:15:56+00:00\",\"breadcrumb\":{\"@id\":\"https:\\\/\\\/www.quebakan.com\\\/v15\\\/el-poder-de-ahorrar-energia-inselec-presenta-soluciones-electricas-de-vanguardia-para-un-ecuador-mas-eficiente\\\/#breadcrumb\"},\"inLanguage\":\"es\",\"potentialAction\":[{\"@type\":\"ReadAction\",\"target\":[\"https:\\\/\\\/www.quebakan.com\\\/v15\\\/el-poder-de-ahorrar-energia-inselec-presenta-soluciones-electricas-de-vanguardia-para-un-ecuador-mas-eficiente\\\/\"]}]},{\"@type\":\"ImageObject\",\"inLanguage\":\"es\",\"@id\":\"https:\\\/\\\/www.quebakan.com\\\/v15\\\/el-poder-de-ahorrar-energia-inselec-presenta-soluciones-electricas-de-vanguardia-para-un-ecuador-mas-eficiente\\\/#primaryimage\",\"url\":\"https:\\\/\\\/www.quebakan.com\\\/v15\\\/wp-content\\\/uploads\\\/2025\\\/11\\\/5-1.jpg\",\"contentUrl\":\"https:\\\/\\\/www.quebakan.com\\\/v15\\\/wp-content\\\/uploads\\\/2025\\\/11\\\/5-1.jpg\",\"width\":700,\"height\":394},{\"@type\":\"BreadcrumbList\",\"@id\":\"https:\\\/\\\/www.quebakan.com\\\/v15\\\/el-poder-de-ahorrar-energia-inselec-presenta-soluciones-electricas-de-vanguardia-para-un-ecuador-mas-eficiente\\\/#breadcrumb\",\"itemListElement\":[{\"@type\":\"ListItem\",\"position\":1,\"name\":\"Portada\",\"item\":\"https:\\\/\\\/www.quebakan.com\\\/v15\\\/\"},{\"@type\":\"ListItem\",\"position\":2,\"name\":\"El poder de ahorrar energ\u00eda: INSELEC presenta soluciones el\u00e9ctricas de vanguardia para un Ecuador m\u00e1s eficiente\"}]},{\"@type\":\"WebSite\",\"@id\":\"https:\\\/\\\/www.quebakan.com\\\/v15\\\/#website\",\"url\":\"https:\\\/\\\/www.quebakan.com\\\/v15\\\/\",\"name\":\"QUEBAKAN\",\"description\":\"..\",\"publisher\":{\"@id\":\"https:\\\/\\\/www.quebakan.com\\\/v15\\\/#organization\"},\"potentialAction\":[{\"@type\":\"SearchAction\",\"target\":{\"@type\":\"EntryPoint\",\"urlTemplate\":\"https:\\\/\\\/www.quebakan.com\\\/v15\\\/?s={search_term_string}\"},\"query-input\":{\"@type\":\"PropertyValueSpecification\",\"valueRequired\":true,\"valueName\":\"search_term_string\"}}],\"inLanguage\":\"es\"},{\"@type\":\"Organization\",\"@id\":\"https:\\\/\\\/www.quebakan.com\\\/v15\\\/#organization\",\"name\":\"Quebakan.com\",\"url\":\"https:\\\/\\\/www.quebakan.com\\\/v15\\\/\",\"logo\":{\"@type\":\"ImageObject\",\"inLanguage\":\"es\",\"@id\":\"https:\\\/\\\/www.quebakan.com\\\/v15\\\/#\\\/schema\\\/logo\\\/image\\\/\",\"url\":\"https:\\\/\\\/www.quebakan.com\\\/v15\\\/wp-content\\\/uploads\\\/2023\\\/07\\\/logoquebakanenero2021.jpg\",\"contentUrl\":\"https:\\\/\\\/www.quebakan.com\\\/v15\\\/wp-content\\\/uploads\\\/2023\\\/07\\\/logoquebakanenero2021.jpg\",\"width\":1920,\"height\":1080,\"caption\":\"Quebakan.com\"},\"image\":{\"@id\":\"https:\\\/\\\/www.quebakan.com\\\/v15\\\/#\\\/schema\\\/logo\\\/image\\\/\"},\"sameAs\":[\"http:\\\/\\\/www.facebook.com\\\/quebakan\",\"https:\\\/\\\/x.com\\\/quebakanec\",\"http:\\\/\\\/www.instagram.com\\\/quebakan\",\"http:\\\/\\\/www.youtube.com\\\/quebakan1\"]},{\"@type\":\"Person\",\"@id\":\"https:\\\/\\\/www.quebakan.com\\\/v15\\\/#\\\/schema\\\/person\\\/d90fa9f9cfa81eb8ace9811e5b7b9118\",\"name\":\"Erick Villafuerte\",\"image\":{\"@type\":\"ImageObject\",\"inLanguage\":\"es\",\"@id\":\"https:\\\/\\\/www.quebakan.com\\\/v15\\\/wp-content\\\/uploads\\\/avatars\\\/4\\\/1731297654-bpfull.png\",\"url\":\"https:\\\/\\\/www.quebakan.com\\\/v15\\\/wp-content\\\/uploads\\\/avatars\\\/4\\\/1731297654-bpfull.png\",\"contentUrl\":\"https:\\\/\\\/www.quebakan.com\\\/v15\\\/wp-content\\\/uploads\\\/avatars\\\/4\\\/1731297654-bpfull.png\",\"caption\":\"Erick Villafuerte\"}}]}<\/script>\n<!-- \/ Yoast SEO plugin. -->","yoast_head_json":{"title":"El poder de ahorrar energ\u00eda: INSELEC presenta soluciones el\u00e9ctricas de vanguardia para un Ecuador m\u00e1s eficiente &#8211; QUEBAKAN.COM 2026: Noticias, Eventos, Conciertos y mucho m\u00e1s....","robots":{"index":"index","follow":"follow","max-snippet":"max-snippet:-1","max-image-preview":"max-image-preview:large","max-video-preview":"max-video-preview:-1"},"canonical":"https:\/\/www.quebakan.com\/v15\/el-poder-de-ahorrar-energia-inselec-presenta-soluciones-electricas-de-vanguardia-para-un-ecuador-mas-eficiente\/","og_locale":"es_ES","og_type":"article","og_title":"El poder de ahorrar energ\u00eda: INSELEC presenta soluciones el\u00e9ctricas de vanguardia para un Ecuador m\u00e1s eficiente &#8211; QUEBAKAN.COM 2026: Noticias, Eventos, Conciertos y mucho m\u00e1s....","og_description":"Quito, noviembre de 2025. \u2013 Ecuador vive un momento clave para potenciar el uso inteligente de la energ\u00eda. Cada hogar, cada industria y cada instituci\u00f3n tiene hoy la oportunidad de mejorar su consumo el\u00e9ctrico mediante pr\u00e1cticas simples y tecnolog\u00eda accesible, impulsando productividad, bienestar y sostenibilidad. Hablar de eficiencia ya no es ahorrar por necesidad, sino [&hellip;]","og_url":"https:\/\/www.quebakan.com\/v15\/el-poder-de-ahorrar-energia-inselec-presenta-soluciones-electricas-de-vanguardia-para-un-ecuador-mas-eficiente\/","og_site_name":"QUEBAKAN.COM 2026: Noticias, Eventos, Conciertos y mucho m\u00e1s....","article_publisher":"http:\/\/www.facebook.com\/quebakan","article_published_time":"2025-11-29T07:15:56+00:00","og_image":[{"width":700,"height":394,"url":"https:\/\/www.quebakan.com\/v15\/wp-content\/uploads\/2025\/11\/5-1.jpg","type":"image\/jpeg"}],"author":"Erick Villafuerte","twitter_card":"summary_large_image","twitter_creator":"@quebakanec","twitter_site":"@quebakanec","twitter_misc":{"Escrito por":"Erick Villafuerte","Tiempo de lectura":"3 minutos"},"schema":{"@context":"https:\/\/schema.org","@graph":[{"@type":"Article","@id":"https:\/\/www.quebakan.com\/v15\/el-poder-de-ahorrar-energia-inselec-presenta-soluciones-electricas-de-vanguardia-para-un-ecuador-mas-eficiente\/#article","isPartOf":{"@id":"https:\/\/www.quebakan.com\/v15\/el-poder-de-ahorrar-energia-inselec-presenta-soluciones-electricas-de-vanguardia-para-un-ecuador-mas-eficiente\/"},"author":{"name":"Erick Villafuerte","@id":"https:\/\/www.quebakan.com\/v15\/#\/schema\/person\/d90fa9f9cfa81eb8ace9811e5b7b9118"},"headline":"El poder de ahorrar energ\u00eda: INSELEC presenta soluciones el\u00e9ctricas de vanguardia para un Ecuador m\u00e1s eficiente","datePublished":"2025-11-29T07:15:56+00:00","mainEntityOfPage":{"@id":"https:\/\/www.quebakan.com\/v15\/el-poder-de-ahorrar-energia-inselec-presenta-soluciones-electricas-de-vanguardia-para-un-ecuador-mas-eficiente\/"},"wordCount":404,"publisher":{"@id":"https:\/\/www.quebakan.com\/v15\/#organization"},"image":{"@id":"https:\/\/www.quebakan.com\/v15\/el-poder-de-ahorrar-energia-inselec-presenta-soluciones-electricas-de-vanguardia-para-un-ecuador-mas-eficiente\/#primaryimage"},"thumbnailUrl":"https:\/\/www.quebakan.com\/v15\/wp-content\/uploads\/2025\/11\/5-1.jpg","articleSection":["Noticias"],"inLanguage":"es"},{"@type":"WebPage","@id":"https:\/\/www.quebakan.com\/v15\/el-poder-de-ahorrar-energia-inselec-presenta-soluciones-electricas-de-vanguardia-para-un-ecuador-mas-eficiente\/","url":"https:\/\/www.quebakan.com\/v15\/el-poder-de-ahorrar-energia-inselec-presenta-soluciones-electricas-de-vanguardia-para-un-ecuador-mas-eficiente\/","name":"El poder de ahorrar energ\u00eda: INSELEC presenta soluciones el\u00e9ctricas de vanguardia para un Ecuador m\u00e1s eficiente &#8211; QUEBAKAN.COM 2026: Noticias, Eventos, Conciertos y mucho m\u00e1s....","isPartOf":{"@id":"https:\/\/www.quebakan.com\/v15\/#website"},"primaryImageOfPage":{"@id":"https:\/\/www.quebakan.com\/v15\/el-poder-de-ahorrar-energia-inselec-presenta-soluciones-electricas-de-vanguardia-para-un-ecuador-mas-eficiente\/#primaryimage"},"image":{"@id":"https:\/\/www.quebakan.com\/v15\/el-poder-de-ahorrar-energia-inselec-presenta-soluciones-electricas-de-vanguardia-para-un-ecuador-mas-eficiente\/#primaryimage"},"thumbnailUrl":"https:\/\/www.quebakan.com\/v15\/wp-content\/uploads\/2025\/11\/5-1.jpg","datePublished":"2025-11-29T07:15:56+00:00","breadcrumb":{"@id":"https:\/\/www.quebakan.com\/v15\/el-poder-de-ahorrar-energia-inselec-presenta-soluciones-electricas-de-vanguardia-para-un-ecuador-mas-eficiente\/#breadcrumb"},"inLanguage":"es","potentialAction":[{"@type":"ReadAction","target":["https:\/\/www.quebakan.com\/v15\/el-poder-de-ahorrar-energia-inselec-presenta-soluciones-electricas-de-vanguardia-para-un-ecuador-mas-eficiente\/"]}]},{"@type":"ImageObject","inLanguage":"es","@id":"https:\/\/www.quebakan.com\/v15\/el-poder-de-ahorrar-energia-inselec-presenta-soluciones-electricas-de-vanguardia-para-un-ecuador-mas-eficiente\/#primaryimage","url":"https:\/\/www.quebakan.com\/v15\/wp-content\/uploads\/2025\/11\/5-1.jpg","contentUrl":"https:\/\/www.quebakan.com\/v15\/wp-content\/uploads\/2025\/11\/5-1.jpg","width":700,"height":394},{"@type":"BreadcrumbList","@id":"https:\/\/www.quebakan.com\/v15\/el-poder-de-ahorrar-energia-inselec-presenta-soluciones-electricas-de-vanguardia-para-un-ecuador-mas-eficiente\/#breadcrumb","itemListElement":[{"@type":"ListItem","position":1,"name":"Portada","item":"https:\/\/www.quebakan.com\/v15\/"},{"@type":"ListItem","position":2,"name":"El poder de ahorrar energ\u00eda: INSELEC presenta soluciones el\u00e9ctricas de vanguardia para un Ecuador m\u00e1s eficiente"}]},{"@type":"WebSite","@id":"https:\/\/www.quebakan.com\/v15\/#website","url":"https:\/\/www.quebakan.com\/v15\/","name":"QUEBAKAN","description":"..","publisher":{"@id":"https:\/\/www.quebakan.com\/v15\/#organization"},"potentialAction":[{"@type":"SearchAction","target":{"@type":"EntryPoint","urlTemplate":"https:\/\/www.quebakan.com\/v15\/?s={search_term_string}"},"query-input":{"@type":"PropertyValueSpecification","valueRequired":true,"valueName":"search_term_string"}}],"inLanguage":"es"},{"@type":"Organization","@id":"https:\/\/www.quebakan.com\/v15\/#organization","name":"Quebakan.com","url":"https:\/\/www.quebakan.com\/v15\/","logo":{"@type":"ImageObject","inLanguage":"es","@id":"https:\/\/www.quebakan.com\/v15\/#\/schema\/logo\/image\/","url":"https:\/\/www.quebakan.com\/v15\/wp-content\/uploads\/2023\/07\/logoquebakanenero2021.jpg","contentUrl":"https:\/\/www.quebakan.com\/v15\/wp-content\/uploads\/2023\/07\/logoquebakanenero2021.jpg","width":1920,"height":1080,"caption":"Quebakan.com"},"image":{"@id":"https:\/\/www.quebakan.com\/v15\/#\/schema\/logo\/image\/"},"sameAs":["http:\/\/www.facebook.com\/quebakan","https:\/\/x.com\/quebakanec","http:\/\/www.instagram.com\/quebakan","http:\/\/www.youtube.com\/quebakan1"]},{"@type":"Person","@id":"https:\/\/www.quebakan.com\/v15\/#\/schema\/person\/d90fa9f9cfa81eb8ace9811e5b7b9118","name":"Erick Villafuerte","image":{"@type":"ImageObject","inLanguage":"es","@id":"https:\/\/www.quebakan.com\/v15\/wp-content\/uploads\/avatars\/4\/1731297654-bpfull.png","url":"https:\/\/www.quebakan.com\/v15\/wp-content\/uploads\/avatars\/4\/1731297654-bpfull.png","contentUrl":"https:\/\/www.quebakan.com\/v15\/wp-content\/uploads\/avatars\/4\/1731297654-bpfull.png","caption":"Erick Villafuerte"}}]}},"_links":{"self":[{"href":"https:\/\/www.quebakan.com\/v15\/wp-json\/wp\/v2\/posts\/137920","targetHints":{"allow":["GET"]}}],"collection":[{"href":"https:\/\/www.quebakan.com\/v15\/wp-json\/wp\/v2\/posts"}],"about":[{"href":"https:\/\/www.quebakan.com\/v15\/wp-json\/wp\/v2\/types\/post"}],"author":[{"embeddable":true,"href":"https:\/\/www.quebakan.com\/v15\/wp-json\/wp\/v2\/users\/4"}],"replies":[{"embeddable":true,"href":"https:\/\/www.quebakan.com\/v15\/wp-json\/wp\/v2\/comments?post=137920"}],"version-history":[{"count":1,"href":"https:\/\/www.quebakan.com\/v15\/wp-json\/wp\/v2\/posts\/137920\/revisions"}],"predecessor-version":[{"id":137922,"href":"https:\/\/www.quebakan.com\/v15\/wp-json\/wp\/v2\/posts\/137920\/revisions\/137922"}],"wp:featuredmedia":[{"embeddable":true,"href":"https:\/\/www.quebakan.com\/v15\/wp-json\/wp\/v2\/media\/137921"}],"wp:attachment":[{"href":"https:\/\/www.quebakan.com\/v15\/wp-json\/wp\/v2\/media?parent=137920"}],"wp:term":[{"taxonomy":"category","embeddable":true,"href":"https:\/\/www.quebakan.com\/v15\/wp-json\/wp\/v2\/categories?post=137920"},{"taxonomy":"post_tag","embeddable":true,"href":"https:\/\/www.quebakan.com\/v15\/wp-json\/wp\/v2\/tags?post=137920"}],"curies":[{"name":"wp","href":"https:\/\/api.w.org\/{rel}","templated":true}]}}