{"id":137923,"date":"2025-11-29T11:29:14","date_gmt":"2025-11-29T16:29:14","guid":{"rendered":"https:\/\/www.quebakan.com\/v15\/?p=137923"},"modified":"2025-11-29T11:29:14","modified_gmt":"2025-11-29T16:29:14","slug":"lg-y-mercedes-benz-analizan-la-expansion-de-su-colaboracion-one-lg-solution","status":"publish","type":"post","link":"https:\/\/www.quebakan.com\/v15\/lg-y-mercedes-benz-analizan-la-expansion-de-su-colaboracion-one-lg-solution\/","title":{"rendered":"LG Y MERCEDES-BENZ ANALIZAN LA EXPANSI\u00d3N DE SU COLABORACI\u00d3N \u201cONE LG SOLUTION\u201d"},"content":{"rendered":"<p><img fetchpriority=\"high\" decoding=\"async\" class=\"aligncenter size-full wp-image-137924\" src=\"https:\/\/www.quebakan.com\/v15\/wp-content\/uploads\/2025\/11\/LG-Mercedes-Image-1.jpg\" alt=\"\" width=\"700\" height=\"352\" srcset=\"https:\/\/www.quebakan.com\/v15\/wp-content\/uploads\/2025\/11\/LG-Mercedes-Image-1.jpg 700w, https:\/\/www.quebakan.com\/v15\/wp-content\/uploads\/2025\/11\/LG-Mercedes-Image-1-360x180.jpg 360w\" sizes=\"(max-width: 700px) 100vw, 700px\" \/><\/p>\n<p style=\"text-align: center;\"><span style=\"color: #000000;\"><em>Profundizando una alianza estrat\u00e9gica para impulsar la innovaci\u00f3n en soluciones de movilidad de pr\u00f3xima generaci\u00f3n.<\/em><\/span><\/p>\n<p style=\"text-align: justify;\"><span style=\"color: #000000;\"><strong>Ecuador, 27 de noviembre de 2025 \u2014 <\/strong>Ejecutivos de LG Electronics, LG Display, LG Energy Solution y LG Innotek se reunieron con Mercedes-Benz AG para discutir una posible ampliaci\u00f3n de su colaboraci\u00f3n bajo la estrategia \u201cOne LG Solution\u201d. Dise\u00f1ada para aprovechar la experiencia combinada de las afiliadas del Grupo LG, esta estrategia integra a las cuatro compa\u00f1\u00edas que lideran el negocio de componentes automotrices del grupo.<\/span><\/p>\n<p style=\"text-align: justify;\"><span style=\"color: #000000;\">El encuentro se llev\u00f3 a cabo en las LG Twin Towers en Yeouido, Se\u00fal, durante la visita, Ola K\u00e4llenius, presidente del Consejo de Administraci\u00f3n y CEO de Mercedes-Benz Group AG. Entre los participantes estuvieron William Cho, CEO de LG Electronics; Jeong Cheol-dong, CEO de LG Display; Kim Dong-myung, CEO de LG Energy Solution; y Moon Hyuk-soo, CEO de LG Innotek, junto con Mathias Vaitl, CEO de Mercedes-Benz Korea, y otros altos ejecutivos.<\/span><\/p>\n<p style=\"text-align: justify;\"><span style=\"color: #000000;\">Las conversaciones se enfocaron en fortalecer la cooperaci\u00f3n para apoyar la visi\u00f3n de Mercedes-Benz sobre el futuro de la movilidad: desde la transici\u00f3n hacia veh\u00edculos el\u00e9ctricos (EVs) hasta el desarrollo de una red global de producci\u00f3n flexible y sostenible, impulsada por la digitalizaci\u00f3n y la automatizaci\u00f3n.<\/span><\/p>\n<p style=\"text-align: justify;\"><span style=\"color: #000000;\">Alineadas con esta visi\u00f3n com\u00fan, LG Electronics, LG Display, LG Energy Solution y LG Innotek presentaron sus soluciones de pr\u00f3xima generaci\u00f3n en componentes para veh\u00edculos el\u00e9ctricos, bater\u00edas, pantallas y sensores para conducci\u00f3n aut\u00f3noma, explorando nuevas oportunidades de integraci\u00f3n bajo el marco de One LG Solution.<\/span><\/p>\n<p style=\"text-align: justify;\"><span style=\"color: #000000;\">Las cuatro afiliadas del Grupo LG ya trabajan de manera estrecha con Mercedes-Benz en varias \u00e1reas fundamentales de tecnolog\u00eda para movilidad:<\/span><\/p>\n<ul style=\"text-align: justify;\">\n<li><span style=\"color: #000000;\">LG Electronics y Mercedes-Benz han colaborado durante a\u00f1os en sistemas clave para veh\u00edculos definidos por software (SDVs), incluyendo infoentretenimiento a bordo (IVI) y sistemas avanzados de asistencia al conductor. Un ejemplo destacado es el sistema IVI basado en OLED desarrollado en conjunto para el Mercedes-Benz EQS, que incorpora una pantalla panor\u00e1mica curva que recorre todo el tablero, reflejando la tendencia creciente hacia pantallas inmersivas y de gran formato dentro del veh\u00edculo.<\/span><\/li>\n<li><span style=\"color: #000000;\">LG Display suministra paneles avanzados Plastic OLED (P-OLED) a Mercedes-Benz desde 2020. Fabricados sobre sustratos pl\u00e1sticos flexibles, los paneles P-OLED ofrecen una calidad de imagen excepcional y permiten dise\u00f1os elegantes y curvos, como los que aparecen en el sistema de infoentretenimiento MBUX Hyperscreen de pr\u00f3xima generaci\u00f3n.<\/span><\/li>\n<li><span style=\"color: #000000;\">LG Energy Solution contin\u00faa su alianza con Mercedes-Benz en el \u00e1rea de bater\u00edas para veh\u00edculos el\u00e9ctricos.<\/span><\/li>\n<li><span style=\"color: #000000;\">LG Innotek se encuentra en conversaciones para ampliar la cooperaci\u00f3n en tecnolog\u00edas de sensores para conducci\u00f3n aut\u00f3noma, incluyendo m\u00f3dulos de c\u00e1maras vehiculares, LiDAR y radar.<\/span><\/li>\n<\/ul>\n<p style=\"text-align: justify;\"><span style=\"color: #000000;\"><em>\u201cEn Mercedes-Benz creemos firmemente que las alianzas estrat\u00e9gicas y colaborativas son la fuerza que impulsa la pr\u00f3xima generaci\u00f3n de nuestros veh\u00edculos\u201d, afirm\u00f3 Ola K\u00e4llenius, CEO de Mercedes-Benz AG. \u201cJunto con LG compartimos una visi\u00f3n basada en la innovaci\u00f3n, la calidad y la sostenibilidad. Al combinar nuestras fortalezas, estamos creando veh\u00edculos que establecer\u00e1n nuevos est\u00e1ndares a nivel global.\u201d<\/em><\/span><\/p>\n<p style=\"text-align: justify;\"><span style=\"color: #000000;\"><em>\u201cSeguiremos consolidando nuestra alianza estrat\u00e9gica con Mercedes-Benz aprovechando nuestras competencias clave en el negocio de componentes para veh\u00edculos \u2014 desde nuestra propuesta de valor centrada en la experiencia del usuario hasta nuestro portafolio integrado de soluciones SDV y nuestra tecnolog\u00eda y confiabilidad comprobadas a nivel global\u201d, se\u00f1al\u00f3 William Cho, CEO de LG Electronics.<\/em><\/span><\/p>\n<p><img decoding=\"async\" class=\"aligncenter size-full wp-image-137925\" src=\"https:\/\/www.quebakan.com\/v15\/wp-content\/uploads\/2025\/11\/LG-Mercedes-Image-2.jpg\" alt=\"\" width=\"700\" height=\"307\" \/><\/p>\n","protected":false},"excerpt":{"rendered":"<p>Profundizando una alianza estrat\u00e9gica para impulsar la innovaci\u00f3n en soluciones de movilidad de pr\u00f3xima generaci\u00f3n. Ecuador, 27 de noviembre de 2025 \u2014 Ejecutivos de LG Electronics, LG Display, LG Energy Solution y LG Innotek se reunieron con Mercedes-Benz AG para discutir una posible ampliaci\u00f3n de su colaboraci\u00f3n bajo la estrategia \u201cOne LG Solution\u201d. Dise\u00f1ada para [&hellip;]<\/p>\n","protected":false},"author":4,"featured_media":137924,"comment_status":"closed","ping_status":"closed","sticky":false,"template":"","format":"standard","meta":{"_bbp_topic_count":0,"_bbp_reply_count":0,"_bbp_total_topic_count":0,"_bbp_total_reply_count":0,"_bbp_voice_count":0,"_bbp_anonymous_reply_count":0,"_bbp_topic_count_hidden":0,"_bbp_reply_count_hidden":0,"_bbp_forum_subforum_count":0,"buzzeditor_post_format":"","footnotes":""},"categories":[2],"tags":[],"class_list":["post-137923","post","type-post","status-publish","format-standard","has-post-thumbnail","hentry","category-noticias"],"yoast_head":"<!-- This site is optimized with the Yoast SEO plugin v27.5 - https:\/\/yoast.com\/product\/yoast-seo-wordpress\/ -->\n<title>LG Y MERCEDES-BENZ ANALIZAN LA EXPANSI\u00d3N DE SU COLABORACI\u00d3N \u201cONE LG SOLUTION\u201d &#8211; QUEBAKAN.COM 2026: Noticias, Eventos, Conciertos y mucho m\u00e1s....<\/title>\n<meta name=\"robots\" content=\"index, follow, max-snippet:-1, max-image-preview:large, max-video-preview:-1\" \/>\n<link rel=\"canonical\" href=\"https:\/\/www.quebakan.com\/v15\/lg-y-mercedes-benz-analizan-la-expansion-de-su-colaboracion-one-lg-solution\/\" \/>\n<meta property=\"og:locale\" content=\"es_ES\" \/>\n<meta property=\"og:type\" content=\"article\" \/>\n<meta property=\"og:title\" content=\"LG Y MERCEDES-BENZ ANALIZAN LA EXPANSI\u00d3N DE SU COLABORACI\u00d3N \u201cONE LG SOLUTION\u201d &#8211; QUEBAKAN.COM 2026: Noticias, Eventos, Conciertos y mucho m\u00e1s....\" \/>\n<meta property=\"og:description\" content=\"Profundizando una alianza estrat\u00e9gica para impulsar la innovaci\u00f3n en soluciones de movilidad de pr\u00f3xima generaci\u00f3n. Ecuador, 27 de noviembre de 2025 \u2014 Ejecutivos de LG Electronics, LG Display, LG Energy Solution y LG Innotek se reunieron con Mercedes-Benz AG para discutir una posible ampliaci\u00f3n de su colaboraci\u00f3n bajo la estrategia \u201cOne LG Solution\u201d. Dise\u00f1ada para [&hellip;]\" \/>\n<meta property=\"og:url\" content=\"https:\/\/www.quebakan.com\/v15\/lg-y-mercedes-benz-analizan-la-expansion-de-su-colaboracion-one-lg-solution\/\" \/>\n<meta property=\"og:site_name\" content=\"QUEBAKAN.COM 2026: Noticias, Eventos, Conciertos y mucho m\u00e1s....\" \/>\n<meta property=\"article:publisher\" content=\"http:\/\/www.facebook.com\/quebakan\" \/>\n<meta property=\"article:published_time\" content=\"2025-11-29T16:29:14+00:00\" \/>\n<meta property=\"og:image\" content=\"https:\/\/www.quebakan.com\/v15\/wp-content\/uploads\/2025\/11\/LG-Mercedes-Image-1.jpg\" \/>\n\t<meta property=\"og:image:width\" content=\"700\" \/>\n\t<meta property=\"og:image:height\" content=\"352\" \/>\n\t<meta property=\"og:image:type\" content=\"image\/jpeg\" \/>\n<meta name=\"author\" content=\"Erick Villafuerte\" \/>\n<meta name=\"twitter:card\" content=\"summary_large_image\" \/>\n<meta name=\"twitter:creator\" content=\"@quebakanec\" \/>\n<meta name=\"twitter:site\" content=\"@quebakanec\" \/>\n<meta name=\"twitter:label1\" content=\"Escrito por\" \/>\n\t<meta name=\"twitter:data1\" content=\"Erick Villafuerte\" \/>\n\t<meta name=\"twitter:label2\" content=\"Tiempo de lectura\" \/>\n\t<meta name=\"twitter:data2\" content=\"4 minutos\" \/>\n<script type=\"application\/ld+json\" class=\"yoast-schema-graph\">{\"@context\":\"https:\\\/\\\/schema.org\",\"@graph\":[{\"@type\":\"Article\",\"@id\":\"https:\\\/\\\/www.quebakan.com\\\/v15\\\/lg-y-mercedes-benz-analizan-la-expansion-de-su-colaboracion-one-lg-solution\\\/#article\",\"isPartOf\":{\"@id\":\"https:\\\/\\\/www.quebakan.com\\\/v15\\\/lg-y-mercedes-benz-analizan-la-expansion-de-su-colaboracion-one-lg-solution\\\/\"},\"author\":{\"name\":\"Erick Villafuerte\",\"@id\":\"https:\\\/\\\/www.quebakan.com\\\/v15\\\/#\\\/schema\\\/person\\\/d90fa9f9cfa81eb8ace9811e5b7b9118\"},\"headline\":\"LG Y MERCEDES-BENZ ANALIZAN LA EXPANSI\u00d3N DE SU COLABORACI\u00d3N \u201cONE LG SOLUTION\u201d\",\"datePublished\":\"2025-11-29T16:29:14+00:00\",\"mainEntityOfPage\":{\"@id\":\"https:\\\/\\\/www.quebakan.com\\\/v15\\\/lg-y-mercedes-benz-analizan-la-expansion-de-su-colaboracion-one-lg-solution\\\/\"},\"wordCount\":604,\"publisher\":{\"@id\":\"https:\\\/\\\/www.quebakan.com\\\/v15\\\/#organization\"},\"image\":{\"@id\":\"https:\\\/\\\/www.quebakan.com\\\/v15\\\/lg-y-mercedes-benz-analizan-la-expansion-de-su-colaboracion-one-lg-solution\\\/#primaryimage\"},\"thumbnailUrl\":\"https:\\\/\\\/www.quebakan.com\\\/v15\\\/wp-content\\\/uploads\\\/2025\\\/11\\\/LG-Mercedes-Image-1.jpg\",\"articleSection\":[\"Noticias\"],\"inLanguage\":\"es\"},{\"@type\":\"WebPage\",\"@id\":\"https:\\\/\\\/www.quebakan.com\\\/v15\\\/lg-y-mercedes-benz-analizan-la-expansion-de-su-colaboracion-one-lg-solution\\\/\",\"url\":\"https:\\\/\\\/www.quebakan.com\\\/v15\\\/lg-y-mercedes-benz-analizan-la-expansion-de-su-colaboracion-one-lg-solution\\\/\",\"name\":\"LG Y MERCEDES-BENZ ANALIZAN LA EXPANSI\u00d3N DE SU COLABORACI\u00d3N \u201cONE LG SOLUTION\u201d &#8211; QUEBAKAN.COM 2026: Noticias, Eventos, Conciertos y mucho m\u00e1s....\",\"isPartOf\":{\"@id\":\"https:\\\/\\\/www.quebakan.com\\\/v15\\\/#website\"},\"primaryImageOfPage\":{\"@id\":\"https:\\\/\\\/www.quebakan.com\\\/v15\\\/lg-y-mercedes-benz-analizan-la-expansion-de-su-colaboracion-one-lg-solution\\\/#primaryimage\"},\"image\":{\"@id\":\"https:\\\/\\\/www.quebakan.com\\\/v15\\\/lg-y-mercedes-benz-analizan-la-expansion-de-su-colaboracion-one-lg-solution\\\/#primaryimage\"},\"thumbnailUrl\":\"https:\\\/\\\/www.quebakan.com\\\/v15\\\/wp-content\\\/uploads\\\/2025\\\/11\\\/LG-Mercedes-Image-1.jpg\",\"datePublished\":\"2025-11-29T16:29:14+00:00\",\"breadcrumb\":{\"@id\":\"https:\\\/\\\/www.quebakan.com\\\/v15\\\/lg-y-mercedes-benz-analizan-la-expansion-de-su-colaboracion-one-lg-solution\\\/#breadcrumb\"},\"inLanguage\":\"es\",\"potentialAction\":[{\"@type\":\"ReadAction\",\"target\":[\"https:\\\/\\\/www.quebakan.com\\\/v15\\\/lg-y-mercedes-benz-analizan-la-expansion-de-su-colaboracion-one-lg-solution\\\/\"]}]},{\"@type\":\"ImageObject\",\"inLanguage\":\"es\",\"@id\":\"https:\\\/\\\/www.quebakan.com\\\/v15\\\/lg-y-mercedes-benz-analizan-la-expansion-de-su-colaboracion-one-lg-solution\\\/#primaryimage\",\"url\":\"https:\\\/\\\/www.quebakan.com\\\/v15\\\/wp-content\\\/uploads\\\/2025\\\/11\\\/LG-Mercedes-Image-1.jpg\",\"contentUrl\":\"https:\\\/\\\/www.quebakan.com\\\/v15\\\/wp-content\\\/uploads\\\/2025\\\/11\\\/LG-Mercedes-Image-1.jpg\",\"width\":700,\"height\":352},{\"@type\":\"BreadcrumbList\",\"@id\":\"https:\\\/\\\/www.quebakan.com\\\/v15\\\/lg-y-mercedes-benz-analizan-la-expansion-de-su-colaboracion-one-lg-solution\\\/#breadcrumb\",\"itemListElement\":[{\"@type\":\"ListItem\",\"position\":1,\"name\":\"Portada\",\"item\":\"https:\\\/\\\/www.quebakan.com\\\/v15\\\/\"},{\"@type\":\"ListItem\",\"position\":2,\"name\":\"LG Y MERCEDES-BENZ ANALIZAN LA EXPANSI\u00d3N DE SU COLABORACI\u00d3N \u201cONE LG SOLUTION\u201d\"}]},{\"@type\":\"WebSite\",\"@id\":\"https:\\\/\\\/www.quebakan.com\\\/v15\\\/#website\",\"url\":\"https:\\\/\\\/www.quebakan.com\\\/v15\\\/\",\"name\":\"QUEBAKAN\",\"description\":\"..\",\"publisher\":{\"@id\":\"https:\\\/\\\/www.quebakan.com\\\/v15\\\/#organization\"},\"potentialAction\":[{\"@type\":\"SearchAction\",\"target\":{\"@type\":\"EntryPoint\",\"urlTemplate\":\"https:\\\/\\\/www.quebakan.com\\\/v15\\\/?s={search_term_string}\"},\"query-input\":{\"@type\":\"PropertyValueSpecification\",\"valueRequired\":true,\"valueName\":\"search_term_string\"}}],\"inLanguage\":\"es\"},{\"@type\":\"Organization\",\"@id\":\"https:\\\/\\\/www.quebakan.com\\\/v15\\\/#organization\",\"name\":\"Quebakan.com\",\"url\":\"https:\\\/\\\/www.quebakan.com\\\/v15\\\/\",\"logo\":{\"@type\":\"ImageObject\",\"inLanguage\":\"es\",\"@id\":\"https:\\\/\\\/www.quebakan.com\\\/v15\\\/#\\\/schema\\\/logo\\\/image\\\/\",\"url\":\"https:\\\/\\\/www.quebakan.com\\\/v15\\\/wp-content\\\/uploads\\\/2023\\\/07\\\/logoquebakanenero2021.jpg\",\"contentUrl\":\"https:\\\/\\\/www.quebakan.com\\\/v15\\\/wp-content\\\/uploads\\\/2023\\\/07\\\/logoquebakanenero2021.jpg\",\"width\":1920,\"height\":1080,\"caption\":\"Quebakan.com\"},\"image\":{\"@id\":\"https:\\\/\\\/www.quebakan.com\\\/v15\\\/#\\\/schema\\\/logo\\\/image\\\/\"},\"sameAs\":[\"http:\\\/\\\/www.facebook.com\\\/quebakan\",\"https:\\\/\\\/x.com\\\/quebakanec\",\"http:\\\/\\\/www.instagram.com\\\/quebakan\",\"http:\\\/\\\/www.youtube.com\\\/quebakan1\"]},{\"@type\":\"Person\",\"@id\":\"https:\\\/\\\/www.quebakan.com\\\/v15\\\/#\\\/schema\\\/person\\\/d90fa9f9cfa81eb8ace9811e5b7b9118\",\"name\":\"Erick Villafuerte\",\"image\":{\"@type\":\"ImageObject\",\"inLanguage\":\"es\",\"@id\":\"https:\\\/\\\/www.quebakan.com\\\/v15\\\/wp-content\\\/uploads\\\/avatars\\\/4\\\/1731297654-bpfull.png\",\"url\":\"https:\\\/\\\/www.quebakan.com\\\/v15\\\/wp-content\\\/uploads\\\/avatars\\\/4\\\/1731297654-bpfull.png\",\"contentUrl\":\"https:\\\/\\\/www.quebakan.com\\\/v15\\\/wp-content\\\/uploads\\\/avatars\\\/4\\\/1731297654-bpfull.png\",\"caption\":\"Erick Villafuerte\"}}]}<\/script>\n<!-- \/ Yoast SEO plugin. -->","yoast_head_json":{"title":"LG Y MERCEDES-BENZ ANALIZAN LA EXPANSI\u00d3N DE SU COLABORACI\u00d3N \u201cONE LG SOLUTION\u201d &#8211; QUEBAKAN.COM 2026: Noticias, Eventos, Conciertos y mucho m\u00e1s....","robots":{"index":"index","follow":"follow","max-snippet":"max-snippet:-1","max-image-preview":"max-image-preview:large","max-video-preview":"max-video-preview:-1"},"canonical":"https:\/\/www.quebakan.com\/v15\/lg-y-mercedes-benz-analizan-la-expansion-de-su-colaboracion-one-lg-solution\/","og_locale":"es_ES","og_type":"article","og_title":"LG Y MERCEDES-BENZ ANALIZAN LA EXPANSI\u00d3N DE SU COLABORACI\u00d3N \u201cONE LG SOLUTION\u201d &#8211; QUEBAKAN.COM 2026: Noticias, Eventos, Conciertos y mucho m\u00e1s....","og_description":"Profundizando una alianza estrat\u00e9gica para impulsar la innovaci\u00f3n en soluciones de movilidad de pr\u00f3xima generaci\u00f3n. Ecuador, 27 de noviembre de 2025 \u2014 Ejecutivos de LG Electronics, LG Display, LG Energy Solution y LG Innotek se reunieron con Mercedes-Benz AG para discutir una posible ampliaci\u00f3n de su colaboraci\u00f3n bajo la estrategia \u201cOne LG Solution\u201d. Dise\u00f1ada para [&hellip;]","og_url":"https:\/\/www.quebakan.com\/v15\/lg-y-mercedes-benz-analizan-la-expansion-de-su-colaboracion-one-lg-solution\/","og_site_name":"QUEBAKAN.COM 2026: Noticias, Eventos, Conciertos y mucho m\u00e1s....","article_publisher":"http:\/\/www.facebook.com\/quebakan","article_published_time":"2025-11-29T16:29:14+00:00","og_image":[{"width":700,"height":352,"url":"https:\/\/www.quebakan.com\/v15\/wp-content\/uploads\/2025\/11\/LG-Mercedes-Image-1.jpg","type":"image\/jpeg"}],"author":"Erick Villafuerte","twitter_card":"summary_large_image","twitter_creator":"@quebakanec","twitter_site":"@quebakanec","twitter_misc":{"Escrito por":"Erick Villafuerte","Tiempo de lectura":"4 minutos"},"schema":{"@context":"https:\/\/schema.org","@graph":[{"@type":"Article","@id":"https:\/\/www.quebakan.com\/v15\/lg-y-mercedes-benz-analizan-la-expansion-de-su-colaboracion-one-lg-solution\/#article","isPartOf":{"@id":"https:\/\/www.quebakan.com\/v15\/lg-y-mercedes-benz-analizan-la-expansion-de-su-colaboracion-one-lg-solution\/"},"author":{"name":"Erick Villafuerte","@id":"https:\/\/www.quebakan.com\/v15\/#\/schema\/person\/d90fa9f9cfa81eb8ace9811e5b7b9118"},"headline":"LG Y MERCEDES-BENZ ANALIZAN LA EXPANSI\u00d3N DE SU COLABORACI\u00d3N \u201cONE LG SOLUTION\u201d","datePublished":"2025-11-29T16:29:14+00:00","mainEntityOfPage":{"@id":"https:\/\/www.quebakan.com\/v15\/lg-y-mercedes-benz-analizan-la-expansion-de-su-colaboracion-one-lg-solution\/"},"wordCount":604,"publisher":{"@id":"https:\/\/www.quebakan.com\/v15\/#organization"},"image":{"@id":"https:\/\/www.quebakan.com\/v15\/lg-y-mercedes-benz-analizan-la-expansion-de-su-colaboracion-one-lg-solution\/#primaryimage"},"thumbnailUrl":"https:\/\/www.quebakan.com\/v15\/wp-content\/uploads\/2025\/11\/LG-Mercedes-Image-1.jpg","articleSection":["Noticias"],"inLanguage":"es"},{"@type":"WebPage","@id":"https:\/\/www.quebakan.com\/v15\/lg-y-mercedes-benz-analizan-la-expansion-de-su-colaboracion-one-lg-solution\/","url":"https:\/\/www.quebakan.com\/v15\/lg-y-mercedes-benz-analizan-la-expansion-de-su-colaboracion-one-lg-solution\/","name":"LG Y MERCEDES-BENZ ANALIZAN LA EXPANSI\u00d3N DE SU COLABORACI\u00d3N \u201cONE LG SOLUTION\u201d &#8211; QUEBAKAN.COM 2026: Noticias, Eventos, Conciertos y mucho m\u00e1s....","isPartOf":{"@id":"https:\/\/www.quebakan.com\/v15\/#website"},"primaryImageOfPage":{"@id":"https:\/\/www.quebakan.com\/v15\/lg-y-mercedes-benz-analizan-la-expansion-de-su-colaboracion-one-lg-solution\/#primaryimage"},"image":{"@id":"https:\/\/www.quebakan.com\/v15\/lg-y-mercedes-benz-analizan-la-expansion-de-su-colaboracion-one-lg-solution\/#primaryimage"},"thumbnailUrl":"https:\/\/www.quebakan.com\/v15\/wp-content\/uploads\/2025\/11\/LG-Mercedes-Image-1.jpg","datePublished":"2025-11-29T16:29:14+00:00","breadcrumb":{"@id":"https:\/\/www.quebakan.com\/v15\/lg-y-mercedes-benz-analizan-la-expansion-de-su-colaboracion-one-lg-solution\/#breadcrumb"},"inLanguage":"es","potentialAction":[{"@type":"ReadAction","target":["https:\/\/www.quebakan.com\/v15\/lg-y-mercedes-benz-analizan-la-expansion-de-su-colaboracion-one-lg-solution\/"]}]},{"@type":"ImageObject","inLanguage":"es","@id":"https:\/\/www.quebakan.com\/v15\/lg-y-mercedes-benz-analizan-la-expansion-de-su-colaboracion-one-lg-solution\/#primaryimage","url":"https:\/\/www.quebakan.com\/v15\/wp-content\/uploads\/2025\/11\/LG-Mercedes-Image-1.jpg","contentUrl":"https:\/\/www.quebakan.com\/v15\/wp-content\/uploads\/2025\/11\/LG-Mercedes-Image-1.jpg","width":700,"height":352},{"@type":"BreadcrumbList","@id":"https:\/\/www.quebakan.com\/v15\/lg-y-mercedes-benz-analizan-la-expansion-de-su-colaboracion-one-lg-solution\/#breadcrumb","itemListElement":[{"@type":"ListItem","position":1,"name":"Portada","item":"https:\/\/www.quebakan.com\/v15\/"},{"@type":"ListItem","position":2,"name":"LG Y MERCEDES-BENZ ANALIZAN LA EXPANSI\u00d3N DE SU COLABORACI\u00d3N \u201cONE LG SOLUTION\u201d"}]},{"@type":"WebSite","@id":"https:\/\/www.quebakan.com\/v15\/#website","url":"https:\/\/www.quebakan.com\/v15\/","name":"QUEBAKAN","description":"..","publisher":{"@id":"https:\/\/www.quebakan.com\/v15\/#organization"},"potentialAction":[{"@type":"SearchAction","target":{"@type":"EntryPoint","urlTemplate":"https:\/\/www.quebakan.com\/v15\/?s={search_term_string}"},"query-input":{"@type":"PropertyValueSpecification","valueRequired":true,"valueName":"search_term_string"}}],"inLanguage":"es"},{"@type":"Organization","@id":"https:\/\/www.quebakan.com\/v15\/#organization","name":"Quebakan.com","url":"https:\/\/www.quebakan.com\/v15\/","logo":{"@type":"ImageObject","inLanguage":"es","@id":"https:\/\/www.quebakan.com\/v15\/#\/schema\/logo\/image\/","url":"https:\/\/www.quebakan.com\/v15\/wp-content\/uploads\/2023\/07\/logoquebakanenero2021.jpg","contentUrl":"https:\/\/www.quebakan.com\/v15\/wp-content\/uploads\/2023\/07\/logoquebakanenero2021.jpg","width":1920,"height":1080,"caption":"Quebakan.com"},"image":{"@id":"https:\/\/www.quebakan.com\/v15\/#\/schema\/logo\/image\/"},"sameAs":["http:\/\/www.facebook.com\/quebakan","https:\/\/x.com\/quebakanec","http:\/\/www.instagram.com\/quebakan","http:\/\/www.youtube.com\/quebakan1"]},{"@type":"Person","@id":"https:\/\/www.quebakan.com\/v15\/#\/schema\/person\/d90fa9f9cfa81eb8ace9811e5b7b9118","name":"Erick Villafuerte","image":{"@type":"ImageObject","inLanguage":"es","@id":"https:\/\/www.quebakan.com\/v15\/wp-content\/uploads\/avatars\/4\/1731297654-bpfull.png","url":"https:\/\/www.quebakan.com\/v15\/wp-content\/uploads\/avatars\/4\/1731297654-bpfull.png","contentUrl":"https:\/\/www.quebakan.com\/v15\/wp-content\/uploads\/avatars\/4\/1731297654-bpfull.png","caption":"Erick Villafuerte"}}]}},"_links":{"self":[{"href":"https:\/\/www.quebakan.com\/v15\/wp-json\/wp\/v2\/posts\/137923","targetHints":{"allow":["GET"]}}],"collection":[{"href":"https:\/\/www.quebakan.com\/v15\/wp-json\/wp\/v2\/posts"}],"about":[{"href":"https:\/\/www.quebakan.com\/v15\/wp-json\/wp\/v2\/types\/post"}],"author":[{"embeddable":true,"href":"https:\/\/www.quebakan.com\/v15\/wp-json\/wp\/v2\/users\/4"}],"replies":[{"embeddable":true,"href":"https:\/\/www.quebakan.com\/v15\/wp-json\/wp\/v2\/comments?post=137923"}],"version-history":[{"count":1,"href":"https:\/\/www.quebakan.com\/v15\/wp-json\/wp\/v2\/posts\/137923\/revisions"}],"predecessor-version":[{"id":137926,"href":"https:\/\/www.quebakan.com\/v15\/wp-json\/wp\/v2\/posts\/137923\/revisions\/137926"}],"wp:featuredmedia":[{"embeddable":true,"href":"https:\/\/www.quebakan.com\/v15\/wp-json\/wp\/v2\/media\/137924"}],"wp:attachment":[{"href":"https:\/\/www.quebakan.com\/v15\/wp-json\/wp\/v2\/media?parent=137923"}],"wp:term":[{"taxonomy":"category","embeddable":true,"href":"https:\/\/www.quebakan.com\/v15\/wp-json\/wp\/v2\/categories?post=137923"},{"taxonomy":"post_tag","embeddable":true,"href":"https:\/\/www.quebakan.com\/v15\/wp-json\/wp\/v2\/tags?post=137923"}],"curies":[{"name":"wp","href":"https:\/\/api.w.org\/{rel}","templated":true}]}}