{"id":137933,"date":"2025-11-29T12:36:26","date_gmt":"2025-11-29T17:36:26","guid":{"rendered":"https:\/\/www.quebakan.com\/v15\/?p=137933"},"modified":"2025-11-29T12:36:26","modified_gmt":"2025-11-29T17:36:26","slug":"ambiensa-la-primera-inmobiliaria-del-ecuador-se-suma-al-programa-miti-miti-del-gobierno-nacional-con-10-mil-viviendas","status":"publish","type":"post","link":"https:\/\/www.quebakan.com\/v15\/ambiensa-la-primera-inmobiliaria-del-ecuador-se-suma-al-programa-miti-miti-del-gobierno-nacional-con-10-mil-viviendas\/","title":{"rendered":"Ambiensa la primera inmobiliaria del Ecuador se suma al programa \u201cMiti Miti\u201d, del Gobierno Nacional con 10 mil viviendas"},"content":{"rendered":"<p><img fetchpriority=\"high\" decoding=\"async\" class=\"aligncenter size-full wp-image-137934\" src=\"https:\/\/www.quebakan.com\/v15\/wp-content\/uploads\/2025\/11\/FOTO-AMBIENSA-MITI-MITI-ALIANZA-BDP.jpg\" alt=\"\" width=\"700\" height=\"479\" \/><\/p>\n<p style=\"text-align: justify;\"><span style=\"color: #000000;\"><em><u>El Banco del Pac\u00edfico lanza su cr\u00e9dito Mi Casa Propia de la mano con Ambiensa, cr\u00e9dito a una tasa preferencial del 4,87% anual, impulsando el cr\u00e9dito \u201cMiti Miti\u201d del Gobierno Nacional, as\u00ed se ampl\u00edan las oportunidades de financiamiento para que m\u00e1s familias ecuatorianas accedan a su vivienda propia en Mundo\u00a0Ambiensa<\/u><\/em><\/span><\/p>\n<p style=\"text-align: justify;\"><span style=\"color: #000000;\">Guayaquil, 27 de noviembre 2025.- Ambiensa, l\u00edder n\u00famero uno en construcci\u00f3n de viviendas en Ecuador y referente en el desarrollo urbano sostenible, con m\u00e1s de 10 mil hogares ecuatorianos construidos, m\u00e1s 4 mil casas en construcci\u00f3n para entregas en el 2026, refuerza su compromiso con las familias del pa\u00eds al sumarse al programa \u201cMiti Miti\u201d del Gobierno Nacional.<\/span><\/p>\n<p style=\"text-align: justify;\"><span style=\"color: #000000;\">Este programa del Gobierno Nacional es la mejor alternativa de cr\u00e9dito hipotecario, con tasa subsidiada, del 4,87% anual, financiada hasta el 95% del valor total del inmueble, con plazos de hasta 25 a\u00f1os, facilitando el camino hacia una vivienda segura y asequible, financiamiento especial que se suma al Mundo de Beneficios de Mundo Ambiensa.<\/span><\/p>\n<p style=\"text-align: justify;\"><span style=\"color: #000000;\"><strong>Un Mundo de Beneficios:<\/strong><\/span><\/p>\n<ol style=\"text-align: justify;\">\n<li><span style=\"color: #000000;\">Tu casa propia desde $5 diarios.<\/span><\/li>\n<li><span style=\"color: #000000;\">Becas deportivas en f\u00fatbol y nataci\u00f3n para ni\u00f1os y j\u00f3venes.<\/span><\/li>\n<li><span style=\"color: #000000;\">Plan m\u00e9dico familiar gratuito<\/span><\/li>\n<li><span style=\"color: #000000;\">Bienestar de vida en comunidades planificadas, con \u00e1reas verdes y espacios recreativos para disfrutar en familia.<\/span><\/li>\n<li><span style=\"color: #000000;\">Urbanizaciones seguras, con garitas, sistemas Ghou y personal capacitado.<\/span><\/li>\n<li><span style=\"color: #000000;\">Ahorro en consumo de agua y energ\u00eda gracias a la certificaci\u00f3n ambiental EDGE.<\/span><\/li>\n<li><span style=\"color: #000000;\">Asesor\u00eda personalizada y acompa\u00f1amiento durante todo el proceso de compra.<\/span><\/li>\n<li><span style=\"color: #000000;\">Bonos de compra de hasta $5.000 y participaci\u00f3n en promociones exclusivas, como el sorteo de un carro 0 km y cinco motos.<\/span><\/li>\n<li><span style=\"color: #000000;\">Respaldo de 20 a\u00f1os de experiencia en desarrollo social e inmobiliario.<\/span><\/li>\n<\/ol>\n<p style=\"text-align: justify;\"><span style=\"color: #000000;\">Todo cliente que ya est\u00e9 pagando la reserva de su casa en Ambiensa puede acceder a este cr\u00e9dito con tasa preferencial. Adem\u00e1s, con este programa \u201cMiti Miti\u201d del Gobierno Nacional, Ambiensa, aportar\u00e1 10mil nuevas casas que se suman a la meta del Gobierno de 200mil casas <\/span><span style=\"color: #000000;\">para el 2026 y 2027.<\/span><\/p>\n<p style=\"text-align: justify;\"><span style=\"color: #000000;\">En Ambiensa trabajamos d\u00eda a d\u00eda para acercar a las familias ecuatorianas al sue\u00f1o de tener su casa propia. Reafirmamos nuestra misi\u00f3n de construir comunidades sostenibles, accesibles y con altos est\u00e1ndares de calidad.<\/span><\/p>\n<p style=\"text-align: justify;\"><span style=\"color: #000000;\">Nuestras urbanizaciones integran seguridad y control de acceso, casa club con piscinas, amplias \u00e1reas verdes y espacios recreativos. Adem\u00e1s, contamos con una variedad de comercios que facilitan la vida de nuestros residentes, como Hypermarket, Medilink, Labom\u00e9dica, Delportal, Tortaman\u00eda, Medicity y Farmacias Econ\u00f3micas. Pr\u00f3ximamente se sumar\u00e1n nuevos establecimientos como Fybeca, Greenfrost, Pez Azul, Labra que Labra, entre otros.<\/span><\/p>\n<p style=\"text-align: justify;\"><span style=\"color: #000000;\">Con 20 a\u00f1os de trayectoria, Ambiensa contin\u00faa consolidando su liderazgo como la inmobiliaria n\u00famero uno en construcci\u00f3n de viviendas en Ecuador, comprometida con el bienestar de las familias y el desarrollo del pa\u00eds.<\/span><\/p>\n<p><img decoding=\"async\" class=\"aligncenter size-full wp-image-137935\" src=\"https:\/\/www.quebakan.com\/v15\/wp-content\/uploads\/2025\/11\/FOTO-AMBIENSA-MITI-MITI-ALIANZA-BDP-2-BENEFICIARIOS.jpg\" alt=\"\" width=\"700\" height=\"394\" \/><\/p>\n","protected":false},"excerpt":{"rendered":"<p>El Banco del Pac\u00edfico lanza su cr\u00e9dito Mi Casa Propia de la mano con Ambiensa, cr\u00e9dito a una tasa preferencial del 4,87% anual, impulsando el cr\u00e9dito \u201cMiti Miti\u201d del Gobierno Nacional, as\u00ed se ampl\u00edan las oportunidades de financiamiento para que m\u00e1s familias ecuatorianas accedan a su vivienda propia en Mundo\u00a0Ambiensa Guayaquil, 27 de noviembre 2025.- [&hellip;]<\/p>\n","protected":false},"author":4,"featured_media":137935,"comment_status":"closed","ping_status":"closed","sticky":false,"template":"","format":"standard","meta":{"_bbp_topic_count":0,"_bbp_reply_count":0,"_bbp_total_topic_count":0,"_bbp_total_reply_count":0,"_bbp_voice_count":0,"_bbp_anonymous_reply_count":0,"_bbp_topic_count_hidden":0,"_bbp_reply_count_hidden":0,"_bbp_forum_subforum_count":0,"buzzeditor_post_format":"","footnotes":""},"categories":[2],"tags":[],"class_list":["post-137933","post","type-post","status-publish","format-standard","has-post-thumbnail","hentry","category-noticias"],"yoast_head":"<!-- This site is optimized with the Yoast SEO plugin v27.5 - https:\/\/yoast.com\/product\/yoast-seo-wordpress\/ -->\n<title>Ambiensa la primera inmobiliaria del Ecuador se suma al programa \u201cMiti Miti\u201d, del Gobierno Nacional con 10 mil viviendas &#8211; QUEBAKAN.COM 2026: Noticias, Eventos, Conciertos y mucho m\u00e1s....<\/title>\n<meta name=\"robots\" content=\"index, follow, max-snippet:-1, max-image-preview:large, max-video-preview:-1\" \/>\n<link rel=\"canonical\" href=\"https:\/\/www.quebakan.com\/v15\/ambiensa-la-primera-inmobiliaria-del-ecuador-se-suma-al-programa-miti-miti-del-gobierno-nacional-con-10-mil-viviendas\/\" \/>\n<meta property=\"og:locale\" content=\"es_ES\" \/>\n<meta property=\"og:type\" content=\"article\" \/>\n<meta property=\"og:title\" content=\"Ambiensa la primera inmobiliaria del Ecuador se suma al programa \u201cMiti Miti\u201d, del Gobierno Nacional con 10 mil viviendas &#8211; QUEBAKAN.COM 2026: Noticias, Eventos, Conciertos y mucho m\u00e1s....\" \/>\n<meta property=\"og:description\" content=\"El Banco del Pac\u00edfico lanza su cr\u00e9dito Mi Casa Propia de la mano con Ambiensa, cr\u00e9dito a una tasa preferencial del 4,87% anual, impulsando el cr\u00e9dito \u201cMiti Miti\u201d del Gobierno Nacional, as\u00ed se ampl\u00edan las oportunidades de financiamiento para que m\u00e1s familias ecuatorianas accedan a su vivienda propia en Mundo\u00a0Ambiensa Guayaquil, 27 de noviembre 2025.- [&hellip;]\" \/>\n<meta property=\"og:url\" content=\"https:\/\/www.quebakan.com\/v15\/ambiensa-la-primera-inmobiliaria-del-ecuador-se-suma-al-programa-miti-miti-del-gobierno-nacional-con-10-mil-viviendas\/\" \/>\n<meta property=\"og:site_name\" content=\"QUEBAKAN.COM 2026: Noticias, Eventos, Conciertos y mucho m\u00e1s....\" \/>\n<meta property=\"article:publisher\" content=\"http:\/\/www.facebook.com\/quebakan\" \/>\n<meta property=\"article:published_time\" content=\"2025-11-29T17:36:26+00:00\" \/>\n<meta property=\"og:image\" content=\"https:\/\/www.quebakan.com\/v15\/wp-content\/uploads\/2025\/11\/FOTO-AMBIENSA-MITI-MITI-ALIANZA-BDP-2-BENEFICIARIOS.jpg\" \/>\n\t<meta property=\"og:image:width\" content=\"700\" \/>\n\t<meta property=\"og:image:height\" content=\"394\" \/>\n\t<meta property=\"og:image:type\" content=\"image\/jpeg\" \/>\n<meta name=\"author\" content=\"Erick Villafuerte\" \/>\n<meta name=\"twitter:card\" content=\"summary_large_image\" \/>\n<meta name=\"twitter:creator\" content=\"@quebakanec\" \/>\n<meta name=\"twitter:site\" content=\"@quebakanec\" \/>\n<meta name=\"twitter:label1\" content=\"Escrito por\" \/>\n\t<meta name=\"twitter:data1\" content=\"Erick Villafuerte\" \/>\n\t<meta name=\"twitter:label2\" content=\"Tiempo de lectura\" \/>\n\t<meta name=\"twitter:data2\" content=\"3 minutos\" \/>\n<script type=\"application\/ld+json\" class=\"yoast-schema-graph\">{\"@context\":\"https:\\\/\\\/schema.org\",\"@graph\":[{\"@type\":\"Article\",\"@id\":\"https:\\\/\\\/www.quebakan.com\\\/v15\\\/ambiensa-la-primera-inmobiliaria-del-ecuador-se-suma-al-programa-miti-miti-del-gobierno-nacional-con-10-mil-viviendas\\\/#article\",\"isPartOf\":{\"@id\":\"https:\\\/\\\/www.quebakan.com\\\/v15\\\/ambiensa-la-primera-inmobiliaria-del-ecuador-se-suma-al-programa-miti-miti-del-gobierno-nacional-con-10-mil-viviendas\\\/\"},\"author\":{\"name\":\"Erick Villafuerte\",\"@id\":\"https:\\\/\\\/www.quebakan.com\\\/v15\\\/#\\\/schema\\\/person\\\/d90fa9f9cfa81eb8ace9811e5b7b9118\"},\"headline\":\"Ambiensa la primera inmobiliaria del Ecuador se suma al programa \u201cMiti Miti\u201d, del Gobierno Nacional con 10 mil viviendas\",\"datePublished\":\"2025-11-29T17:36:26+00:00\",\"mainEntityOfPage\":{\"@id\":\"https:\\\/\\\/www.quebakan.com\\\/v15\\\/ambiensa-la-primera-inmobiliaria-del-ecuador-se-suma-al-programa-miti-miti-del-gobierno-nacional-con-10-mil-viviendas\\\/\"},\"wordCount\":489,\"publisher\":{\"@id\":\"https:\\\/\\\/www.quebakan.com\\\/v15\\\/#organization\"},\"image\":{\"@id\":\"https:\\\/\\\/www.quebakan.com\\\/v15\\\/ambiensa-la-primera-inmobiliaria-del-ecuador-se-suma-al-programa-miti-miti-del-gobierno-nacional-con-10-mil-viviendas\\\/#primaryimage\"},\"thumbnailUrl\":\"https:\\\/\\\/www.quebakan.com\\\/v15\\\/wp-content\\\/uploads\\\/2025\\\/11\\\/FOTO-AMBIENSA-MITI-MITI-ALIANZA-BDP-2-BENEFICIARIOS.jpg\",\"articleSection\":[\"Noticias\"],\"inLanguage\":\"es\"},{\"@type\":\"WebPage\",\"@id\":\"https:\\\/\\\/www.quebakan.com\\\/v15\\\/ambiensa-la-primera-inmobiliaria-del-ecuador-se-suma-al-programa-miti-miti-del-gobierno-nacional-con-10-mil-viviendas\\\/\",\"url\":\"https:\\\/\\\/www.quebakan.com\\\/v15\\\/ambiensa-la-primera-inmobiliaria-del-ecuador-se-suma-al-programa-miti-miti-del-gobierno-nacional-con-10-mil-viviendas\\\/\",\"name\":\"Ambiensa la primera inmobiliaria del Ecuador se suma al programa \u201cMiti Miti\u201d, del Gobierno Nacional con 10 mil viviendas &#8211; QUEBAKAN.COM 2026: Noticias, Eventos, Conciertos y mucho m\u00e1s....\",\"isPartOf\":{\"@id\":\"https:\\\/\\\/www.quebakan.com\\\/v15\\\/#website\"},\"primaryImageOfPage\":{\"@id\":\"https:\\\/\\\/www.quebakan.com\\\/v15\\\/ambiensa-la-primera-inmobiliaria-del-ecuador-se-suma-al-programa-miti-miti-del-gobierno-nacional-con-10-mil-viviendas\\\/#primaryimage\"},\"image\":{\"@id\":\"https:\\\/\\\/www.quebakan.com\\\/v15\\\/ambiensa-la-primera-inmobiliaria-del-ecuador-se-suma-al-programa-miti-miti-del-gobierno-nacional-con-10-mil-viviendas\\\/#primaryimage\"},\"thumbnailUrl\":\"https:\\\/\\\/www.quebakan.com\\\/v15\\\/wp-content\\\/uploads\\\/2025\\\/11\\\/FOTO-AMBIENSA-MITI-MITI-ALIANZA-BDP-2-BENEFICIARIOS.jpg\",\"datePublished\":\"2025-11-29T17:36:26+00:00\",\"breadcrumb\":{\"@id\":\"https:\\\/\\\/www.quebakan.com\\\/v15\\\/ambiensa-la-primera-inmobiliaria-del-ecuador-se-suma-al-programa-miti-miti-del-gobierno-nacional-con-10-mil-viviendas\\\/#breadcrumb\"},\"inLanguage\":\"es\",\"potentialAction\":[{\"@type\":\"ReadAction\",\"target\":[\"https:\\\/\\\/www.quebakan.com\\\/v15\\\/ambiensa-la-primera-inmobiliaria-del-ecuador-se-suma-al-programa-miti-miti-del-gobierno-nacional-con-10-mil-viviendas\\\/\"]}]},{\"@type\":\"ImageObject\",\"inLanguage\":\"es\",\"@id\":\"https:\\\/\\\/www.quebakan.com\\\/v15\\\/ambiensa-la-primera-inmobiliaria-del-ecuador-se-suma-al-programa-miti-miti-del-gobierno-nacional-con-10-mil-viviendas\\\/#primaryimage\",\"url\":\"https:\\\/\\\/www.quebakan.com\\\/v15\\\/wp-content\\\/uploads\\\/2025\\\/11\\\/FOTO-AMBIENSA-MITI-MITI-ALIANZA-BDP-2-BENEFICIARIOS.jpg\",\"contentUrl\":\"https:\\\/\\\/www.quebakan.com\\\/v15\\\/wp-content\\\/uploads\\\/2025\\\/11\\\/FOTO-AMBIENSA-MITI-MITI-ALIANZA-BDP-2-BENEFICIARIOS.jpg\",\"width\":700,\"height\":394},{\"@type\":\"BreadcrumbList\",\"@id\":\"https:\\\/\\\/www.quebakan.com\\\/v15\\\/ambiensa-la-primera-inmobiliaria-del-ecuador-se-suma-al-programa-miti-miti-del-gobierno-nacional-con-10-mil-viviendas\\\/#breadcrumb\",\"itemListElement\":[{\"@type\":\"ListItem\",\"position\":1,\"name\":\"Portada\",\"item\":\"https:\\\/\\\/www.quebakan.com\\\/v15\\\/\"},{\"@type\":\"ListItem\",\"position\":2,\"name\":\"Ambiensa la primera inmobiliaria del Ecuador se suma al programa \u201cMiti Miti\u201d, del Gobierno Nacional con 10 mil viviendas\"}]},{\"@type\":\"WebSite\",\"@id\":\"https:\\\/\\\/www.quebakan.com\\\/v15\\\/#website\",\"url\":\"https:\\\/\\\/www.quebakan.com\\\/v15\\\/\",\"name\":\"QUEBAKAN\",\"description\":\"..\",\"publisher\":{\"@id\":\"https:\\\/\\\/www.quebakan.com\\\/v15\\\/#organization\"},\"potentialAction\":[{\"@type\":\"SearchAction\",\"target\":{\"@type\":\"EntryPoint\",\"urlTemplate\":\"https:\\\/\\\/www.quebakan.com\\\/v15\\\/?s={search_term_string}\"},\"query-input\":{\"@type\":\"PropertyValueSpecification\",\"valueRequired\":true,\"valueName\":\"search_term_string\"}}],\"inLanguage\":\"es\"},{\"@type\":\"Organization\",\"@id\":\"https:\\\/\\\/www.quebakan.com\\\/v15\\\/#organization\",\"name\":\"Quebakan.com\",\"url\":\"https:\\\/\\\/www.quebakan.com\\\/v15\\\/\",\"logo\":{\"@type\":\"ImageObject\",\"inLanguage\":\"es\",\"@id\":\"https:\\\/\\\/www.quebakan.com\\\/v15\\\/#\\\/schema\\\/logo\\\/image\\\/\",\"url\":\"https:\\\/\\\/www.quebakan.com\\\/v15\\\/wp-content\\\/uploads\\\/2023\\\/07\\\/logoquebakanenero2021.jpg\",\"contentUrl\":\"https:\\\/\\\/www.quebakan.com\\\/v15\\\/wp-content\\\/uploads\\\/2023\\\/07\\\/logoquebakanenero2021.jpg\",\"width\":1920,\"height\":1080,\"caption\":\"Quebakan.com\"},\"image\":{\"@id\":\"https:\\\/\\\/www.quebakan.com\\\/v15\\\/#\\\/schema\\\/logo\\\/image\\\/\"},\"sameAs\":[\"http:\\\/\\\/www.facebook.com\\\/quebakan\",\"https:\\\/\\\/x.com\\\/quebakanec\",\"http:\\\/\\\/www.instagram.com\\\/quebakan\",\"http:\\\/\\\/www.youtube.com\\\/quebakan1\"]},{\"@type\":\"Person\",\"@id\":\"https:\\\/\\\/www.quebakan.com\\\/v15\\\/#\\\/schema\\\/person\\\/d90fa9f9cfa81eb8ace9811e5b7b9118\",\"name\":\"Erick Villafuerte\",\"image\":{\"@type\":\"ImageObject\",\"inLanguage\":\"es\",\"@id\":\"https:\\\/\\\/www.quebakan.com\\\/v15\\\/wp-content\\\/uploads\\\/avatars\\\/4\\\/1731297654-bpfull.png\",\"url\":\"https:\\\/\\\/www.quebakan.com\\\/v15\\\/wp-content\\\/uploads\\\/avatars\\\/4\\\/1731297654-bpfull.png\",\"contentUrl\":\"https:\\\/\\\/www.quebakan.com\\\/v15\\\/wp-content\\\/uploads\\\/avatars\\\/4\\\/1731297654-bpfull.png\",\"caption\":\"Erick Villafuerte\"}}]}<\/script>\n<!-- \/ Yoast SEO plugin. -->","yoast_head_json":{"title":"Ambiensa la primera inmobiliaria del Ecuador se suma al programa \u201cMiti Miti\u201d, del Gobierno Nacional con 10 mil viviendas &#8211; QUEBAKAN.COM 2026: Noticias, Eventos, Conciertos y mucho m\u00e1s....","robots":{"index":"index","follow":"follow","max-snippet":"max-snippet:-1","max-image-preview":"max-image-preview:large","max-video-preview":"max-video-preview:-1"},"canonical":"https:\/\/www.quebakan.com\/v15\/ambiensa-la-primera-inmobiliaria-del-ecuador-se-suma-al-programa-miti-miti-del-gobierno-nacional-con-10-mil-viviendas\/","og_locale":"es_ES","og_type":"article","og_title":"Ambiensa la primera inmobiliaria del Ecuador se suma al programa \u201cMiti Miti\u201d, del Gobierno Nacional con 10 mil viviendas &#8211; QUEBAKAN.COM 2026: Noticias, Eventos, Conciertos y mucho m\u00e1s....","og_description":"El Banco del Pac\u00edfico lanza su cr\u00e9dito Mi Casa Propia de la mano con Ambiensa, cr\u00e9dito a una tasa preferencial del 4,87% anual, impulsando el cr\u00e9dito \u201cMiti Miti\u201d del Gobierno Nacional, as\u00ed se ampl\u00edan las oportunidades de financiamiento para que m\u00e1s familias ecuatorianas accedan a su vivienda propia en Mundo\u00a0Ambiensa Guayaquil, 27 de noviembre 2025.- [&hellip;]","og_url":"https:\/\/www.quebakan.com\/v15\/ambiensa-la-primera-inmobiliaria-del-ecuador-se-suma-al-programa-miti-miti-del-gobierno-nacional-con-10-mil-viviendas\/","og_site_name":"QUEBAKAN.COM 2026: Noticias, Eventos, Conciertos y mucho m\u00e1s....","article_publisher":"http:\/\/www.facebook.com\/quebakan","article_published_time":"2025-11-29T17:36:26+00:00","og_image":[{"width":700,"height":394,"url":"https:\/\/www.quebakan.com\/v15\/wp-content\/uploads\/2025\/11\/FOTO-AMBIENSA-MITI-MITI-ALIANZA-BDP-2-BENEFICIARIOS.jpg","type":"image\/jpeg"}],"author":"Erick Villafuerte","twitter_card":"summary_large_image","twitter_creator":"@quebakanec","twitter_site":"@quebakanec","twitter_misc":{"Escrito por":"Erick Villafuerte","Tiempo de lectura":"3 minutos"},"schema":{"@context":"https:\/\/schema.org","@graph":[{"@type":"Article","@id":"https:\/\/www.quebakan.com\/v15\/ambiensa-la-primera-inmobiliaria-del-ecuador-se-suma-al-programa-miti-miti-del-gobierno-nacional-con-10-mil-viviendas\/#article","isPartOf":{"@id":"https:\/\/www.quebakan.com\/v15\/ambiensa-la-primera-inmobiliaria-del-ecuador-se-suma-al-programa-miti-miti-del-gobierno-nacional-con-10-mil-viviendas\/"},"author":{"name":"Erick Villafuerte","@id":"https:\/\/www.quebakan.com\/v15\/#\/schema\/person\/d90fa9f9cfa81eb8ace9811e5b7b9118"},"headline":"Ambiensa la primera inmobiliaria del Ecuador se suma al programa \u201cMiti Miti\u201d, del Gobierno Nacional con 10 mil viviendas","datePublished":"2025-11-29T17:36:26+00:00","mainEntityOfPage":{"@id":"https:\/\/www.quebakan.com\/v15\/ambiensa-la-primera-inmobiliaria-del-ecuador-se-suma-al-programa-miti-miti-del-gobierno-nacional-con-10-mil-viviendas\/"},"wordCount":489,"publisher":{"@id":"https:\/\/www.quebakan.com\/v15\/#organization"},"image":{"@id":"https:\/\/www.quebakan.com\/v15\/ambiensa-la-primera-inmobiliaria-del-ecuador-se-suma-al-programa-miti-miti-del-gobierno-nacional-con-10-mil-viviendas\/#primaryimage"},"thumbnailUrl":"https:\/\/www.quebakan.com\/v15\/wp-content\/uploads\/2025\/11\/FOTO-AMBIENSA-MITI-MITI-ALIANZA-BDP-2-BENEFICIARIOS.jpg","articleSection":["Noticias"],"inLanguage":"es"},{"@type":"WebPage","@id":"https:\/\/www.quebakan.com\/v15\/ambiensa-la-primera-inmobiliaria-del-ecuador-se-suma-al-programa-miti-miti-del-gobierno-nacional-con-10-mil-viviendas\/","url":"https:\/\/www.quebakan.com\/v15\/ambiensa-la-primera-inmobiliaria-del-ecuador-se-suma-al-programa-miti-miti-del-gobierno-nacional-con-10-mil-viviendas\/","name":"Ambiensa la primera inmobiliaria del Ecuador se suma al programa \u201cMiti Miti\u201d, del Gobierno Nacional con 10 mil viviendas &#8211; QUEBAKAN.COM 2026: Noticias, Eventos, Conciertos y mucho m\u00e1s....","isPartOf":{"@id":"https:\/\/www.quebakan.com\/v15\/#website"},"primaryImageOfPage":{"@id":"https:\/\/www.quebakan.com\/v15\/ambiensa-la-primera-inmobiliaria-del-ecuador-se-suma-al-programa-miti-miti-del-gobierno-nacional-con-10-mil-viviendas\/#primaryimage"},"image":{"@id":"https:\/\/www.quebakan.com\/v15\/ambiensa-la-primera-inmobiliaria-del-ecuador-se-suma-al-programa-miti-miti-del-gobierno-nacional-con-10-mil-viviendas\/#primaryimage"},"thumbnailUrl":"https:\/\/www.quebakan.com\/v15\/wp-content\/uploads\/2025\/11\/FOTO-AMBIENSA-MITI-MITI-ALIANZA-BDP-2-BENEFICIARIOS.jpg","datePublished":"2025-11-29T17:36:26+00:00","breadcrumb":{"@id":"https:\/\/www.quebakan.com\/v15\/ambiensa-la-primera-inmobiliaria-del-ecuador-se-suma-al-programa-miti-miti-del-gobierno-nacional-con-10-mil-viviendas\/#breadcrumb"},"inLanguage":"es","potentialAction":[{"@type":"ReadAction","target":["https:\/\/www.quebakan.com\/v15\/ambiensa-la-primera-inmobiliaria-del-ecuador-se-suma-al-programa-miti-miti-del-gobierno-nacional-con-10-mil-viviendas\/"]}]},{"@type":"ImageObject","inLanguage":"es","@id":"https:\/\/www.quebakan.com\/v15\/ambiensa-la-primera-inmobiliaria-del-ecuador-se-suma-al-programa-miti-miti-del-gobierno-nacional-con-10-mil-viviendas\/#primaryimage","url":"https:\/\/www.quebakan.com\/v15\/wp-content\/uploads\/2025\/11\/FOTO-AMBIENSA-MITI-MITI-ALIANZA-BDP-2-BENEFICIARIOS.jpg","contentUrl":"https:\/\/www.quebakan.com\/v15\/wp-content\/uploads\/2025\/11\/FOTO-AMBIENSA-MITI-MITI-ALIANZA-BDP-2-BENEFICIARIOS.jpg","width":700,"height":394},{"@type":"BreadcrumbList","@id":"https:\/\/www.quebakan.com\/v15\/ambiensa-la-primera-inmobiliaria-del-ecuador-se-suma-al-programa-miti-miti-del-gobierno-nacional-con-10-mil-viviendas\/#breadcrumb","itemListElement":[{"@type":"ListItem","position":1,"name":"Portada","item":"https:\/\/www.quebakan.com\/v15\/"},{"@type":"ListItem","position":2,"name":"Ambiensa la primera inmobiliaria del Ecuador se suma al programa \u201cMiti Miti\u201d, del Gobierno Nacional con 10 mil viviendas"}]},{"@type":"WebSite","@id":"https:\/\/www.quebakan.com\/v15\/#website","url":"https:\/\/www.quebakan.com\/v15\/","name":"QUEBAKAN","description":"..","publisher":{"@id":"https:\/\/www.quebakan.com\/v15\/#organization"},"potentialAction":[{"@type":"SearchAction","target":{"@type":"EntryPoint","urlTemplate":"https:\/\/www.quebakan.com\/v15\/?s={search_term_string}"},"query-input":{"@type":"PropertyValueSpecification","valueRequired":true,"valueName":"search_term_string"}}],"inLanguage":"es"},{"@type":"Organization","@id":"https:\/\/www.quebakan.com\/v15\/#organization","name":"Quebakan.com","url":"https:\/\/www.quebakan.com\/v15\/","logo":{"@type":"ImageObject","inLanguage":"es","@id":"https:\/\/www.quebakan.com\/v15\/#\/schema\/logo\/image\/","url":"https:\/\/www.quebakan.com\/v15\/wp-content\/uploads\/2023\/07\/logoquebakanenero2021.jpg","contentUrl":"https:\/\/www.quebakan.com\/v15\/wp-content\/uploads\/2023\/07\/logoquebakanenero2021.jpg","width":1920,"height":1080,"caption":"Quebakan.com"},"image":{"@id":"https:\/\/www.quebakan.com\/v15\/#\/schema\/logo\/image\/"},"sameAs":["http:\/\/www.facebook.com\/quebakan","https:\/\/x.com\/quebakanec","http:\/\/www.instagram.com\/quebakan","http:\/\/www.youtube.com\/quebakan1"]},{"@type":"Person","@id":"https:\/\/www.quebakan.com\/v15\/#\/schema\/person\/d90fa9f9cfa81eb8ace9811e5b7b9118","name":"Erick Villafuerte","image":{"@type":"ImageObject","inLanguage":"es","@id":"https:\/\/www.quebakan.com\/v15\/wp-content\/uploads\/avatars\/4\/1731297654-bpfull.png","url":"https:\/\/www.quebakan.com\/v15\/wp-content\/uploads\/avatars\/4\/1731297654-bpfull.png","contentUrl":"https:\/\/www.quebakan.com\/v15\/wp-content\/uploads\/avatars\/4\/1731297654-bpfull.png","caption":"Erick Villafuerte"}}]}},"_links":{"self":[{"href":"https:\/\/www.quebakan.com\/v15\/wp-json\/wp\/v2\/posts\/137933","targetHints":{"allow":["GET"]}}],"collection":[{"href":"https:\/\/www.quebakan.com\/v15\/wp-json\/wp\/v2\/posts"}],"about":[{"href":"https:\/\/www.quebakan.com\/v15\/wp-json\/wp\/v2\/types\/post"}],"author":[{"embeddable":true,"href":"https:\/\/www.quebakan.com\/v15\/wp-json\/wp\/v2\/users\/4"}],"replies":[{"embeddable":true,"href":"https:\/\/www.quebakan.com\/v15\/wp-json\/wp\/v2\/comments?post=137933"}],"version-history":[{"count":1,"href":"https:\/\/www.quebakan.com\/v15\/wp-json\/wp\/v2\/posts\/137933\/revisions"}],"predecessor-version":[{"id":137936,"href":"https:\/\/www.quebakan.com\/v15\/wp-json\/wp\/v2\/posts\/137933\/revisions\/137936"}],"wp:featuredmedia":[{"embeddable":true,"href":"https:\/\/www.quebakan.com\/v15\/wp-json\/wp\/v2\/media\/137935"}],"wp:attachment":[{"href":"https:\/\/www.quebakan.com\/v15\/wp-json\/wp\/v2\/media?parent=137933"}],"wp:term":[{"taxonomy":"category","embeddable":true,"href":"https:\/\/www.quebakan.com\/v15\/wp-json\/wp\/v2\/categories?post=137933"},{"taxonomy":"post_tag","embeddable":true,"href":"https:\/\/www.quebakan.com\/v15\/wp-json\/wp\/v2\/tags?post=137933"}],"curies":[{"name":"wp","href":"https:\/\/api.w.org\/{rel}","templated":true}]}}