{"id":137956,"date":"2025-11-29T21:40:35","date_gmt":"2025-11-30T02:40:35","guid":{"rendered":"https:\/\/www.quebakan.com\/v15\/?p=137956"},"modified":"2025-11-29T21:40:35","modified_gmt":"2025-11-30T02:40:35","slug":"andres-cepeda-nuestra-vida-en-canciones-gira-ecuador-2026","status":"publish","type":"post","link":"https:\/\/www.quebakan.com\/v15\/andres-cepeda-nuestra-vida-en-canciones-gira-ecuador-2026\/","title":{"rendered":"ANDR\u00c9S CEPEDA  \u201cNUESTRA VIDA EN CANCIONES\u201d  GIRA ECUADOR 2026"},"content":{"rendered":"<p><img fetchpriority=\"high\" decoding=\"async\" class=\"aligncenter size-full wp-image-137957\" src=\"https:\/\/www.quebakan.com\/v15\/wp-content\/uploads\/2025\/11\/AC-Zipaquira-Jueves-058.jpg\" alt=\"\" width=\"700\" height=\"467\" \/><\/p>\n<p style=\"text-align: justify;\"><span style=\"color: #000000;\">El cantautor colombiano Andr\u00e9s Cepeda llega a Ecuador en 2026 para presentar su espectacular gira <\/span><span style=\"color: #000000;\">\u201cNuestra Vida en Canciones\u201d, un recorrido musical que celebra sus grandes \u00e9xitos y m\u00e1s de tres d\u00e9cadas de <\/span><span style=\"color: #000000;\">trayectoria art\u00edstica. Su m\u00fasica ha viajado por el mundo y se ha convertido en parte esencial de la banda <\/span><span style=\"color: #000000;\">sonora de los latinoamericanos. Con un repertorio que abarca baladas, boleros, melod\u00edas pop y ritmos <\/span><span style=\"color: #000000;\">roqueros, Cepeda ofrece un cancionero que resume toda una vida convertida en canciones.<\/span><\/p>\n<p style=\"text-align: justify;\"><span style=\"color: #000000;\">Fechas en Ecuador<\/span><br \/>\n<span style=\"color: #000000;\">\u00b7 Guayaquil: Jueves, 9 de abril de 2026 \u2013 Coliseo Voltaire Paladines \u2013 20:00<\/span><br \/>\n<span style=\"color: #000000;\">\u00b7 Quito: Viernes, 10 de abril de 2026 \u2013 Coliseo General Rumi\u00f1ahui \u2013 20:00<\/span><br \/>\n<span style=\"color: #000000;\">\u00b7 Cuenca: S\u00e1bado, 11 de abril de 2026 \u2013 Coliseo Jefferson P\u00e9rez \u2013 20:00<\/span><\/p>\n<p style=\"text-align: justify;\"><span style=\"color: #000000;\">Con cinco Lat\u00edn Grammy, una nominaci\u00f3n al Grammy Award 2026 en la categor\u00eda Best Latin Pop \u00c1lbum por <\/span><span style=\"color: #000000;\">su \u00e1lbum Bogot\u00e1 (Deluxe) \u2014que tambi\u00e9n recibi\u00f3 tres nominaciones en los Latin Grammy 2025 y obtuvo el <\/span><span style=\"color: #000000;\">premio a Mejor \u00c1lbum Pop, 15 discos como solista y numerosos reconocimientos internacionales Cepeda <\/span><span style=\"color: #000000;\">contin\u00faa consolid\u00e1ndose como una de las voces m\u00e1s influyentes de la m\u00fasica latina.<\/span><\/p>\n<p style=\"text-align: justify;\"><span style=\"color: #000000;\">Esta es una de las giras m\u00e1s importantes de su carrera y, sin duda, uno de los momentos m\u00e1s emblem\u00e1ticos <\/span><span style=\"color: #000000;\">fue su presentaci\u00f3n en el Estadio El Camp\u00edn de Bogot\u00e1, con la que celebr\u00f3 el lanzamiento de su \u00e1lbum <\/span><span style=\"color: #000000;\">Bogot\u00e1. Se trata de un recorrido musical que re\u00fane \u00e9xitos de todas las etapas de su trayectoria, como <\/span><span style=\"color: #000000;\">\u201cBesos Usados\u201d, \u201cLo Mejor Que Hay En Mi Vida\u201d, \u201cD\u00eda Tras D\u00eda\u201d, \u201cTe Voy a Amar\u201d, \u201cPor el Resto de Mi Vida\u201d, <\/span><span style=\"color: #000000;\">\u201cD\u00e9jame Ir\u201d, \u201cEl Equivocado\u201d, adem\u00e1s de temas de su m\u00e1s reciente y galardonada producci\u00f3n. El <\/span><span style=\"color: #000000;\">espect\u00e1culo destaca por la profunda conexi\u00f3n emocional que el artista establece con su p\u00fablico.<\/span><\/p>\n<p style=\"text-align: justify;\"><span style=\"color: #000000;\">Su exitosa trayectoria incluye giras completamente sold out en Latinoam\u00e9rica, Estados Unidos y Europa, <\/span><span style=\"color: #000000;\">donde ha conquistado a audiencias diversas gracias a su sensibilidad musical, autenticidad y capacidad para <\/span><span style=\"color: #000000;\">conectar de manera genuina con los asistentes. Estos recorridos internacionales han fortalecido el v\u00ednculo <\/span><span style=\"color: #000000;\">con sus seguidores de todas las edades y han convertido cada concierto en una experiencia inolvidable.<\/span><\/p>\n<p style=\"text-align: justify;\"><span style=\"color: #000000;\">Andr\u00e9s Cepeda atraviesa uno de los mejores momentos de su carrera, consolidado como una de las figuras <\/span><span style=\"color: #000000;\">m\u00e1s queridas y representativas de la regi\u00f3n.<\/span><br \/>\n<span style=\"color: #000000;\">La preventa exclusiva para tarjetas Produbanco estar\u00e1 disponible hasta el <\/span><span style=\"color: #000000;\">domingo 29 de noviembre, 10% de descuento y diferido hasta 10 meses sin<\/span><br \/>\n<span style=\"color: #000000;\">intereses, m\u00e1s 1 mes de gracia, hasta agotar stock.<\/span><\/p>\n<p style=\"text-align: justify;\"><span style=\"color: #000000;\">A partir del domingo 30 de noviembre, la preventa estar\u00e1 abierta con todas las <\/span><span style=\"color: #000000;\">formas de pago.<\/span><br \/>\n<span style=\"color: #000000;\">ANDR\u00c9S CEPEDA<\/span><br \/>\n<span style=\"color: #000000;\">TOUR NUESTRA VIDA EN CANCIONES 2026<\/span><br \/>\n<span style=\"color: #000000;\">GUAYAQUIL<\/span><br \/>\n<span style=\"color: #000000;\">COLISEO VOLTAIRE PALADINES POLO<\/span><br \/>\n<span style=\"color: #000000;\">JUEVES 9 DE ABRIL 2026, 20H00<\/span><br \/>\n<span style=\"color: #000000;\">LOCALIDADES Y COSTO:<\/span><br \/>\n<span style=\"color: #000000;\">Cepeda Box $ 120<\/span><br \/>\n<span style=\"color: #000000;\">Palco $ 100<\/span><br \/>\n<span style=\"color: #000000;\">Vip Central $ 80<\/span><br \/>\n<span style=\"color: #000000;\">Vip $ 60<\/span><br \/>\n<span style=\"color: #000000;\">Tribuna Central $ 45<\/span><br \/>\n<span style=\"color: #000000;\">Tribuna $ 40<\/span><br \/>\n<span style=\"color: #000000;\">\u2022 Precios no incluyen servicio<\/span><br \/>\n<span style=\"color: #000000;\">\u2022 Localidades numeradas<\/span><br \/>\n<span style=\"color: #000000;\">\u2022 No incluye IVA<\/span><br \/>\n<span style=\"color: #000000;\">Puntos de venta Guayaquil:<\/span><br \/>\n<span style=\"color: #000000;\">Mall del Sol, Riocentro Entre R\u00edos y Ceibos<\/span><br \/>\n<span style=\"color: #000000;\">V\u00eda online todas las localidades a trav\u00e9s de: <\/span><br \/>\n<span style=\"color: #000000;\">https:\/\/www.ticketshow.com.ec<\/span><\/p>\n<p>&nbsp;<\/p>\n<p style=\"text-align: justify;\"><span style=\"color: #000000;\">QUITO<\/span><br \/>\n<span style=\"color: #000000;\">COLISEO GENERAL RUMI\u00d1AHUI<\/span><br \/>\n<span style=\"color: #000000;\">VIERNES 10 DE ABRIL 2026, 20H00<\/span><br \/>\n<span style=\"color: #000000;\">LOCALIDADES Y COSTO:<\/span><br \/>\n<span style=\"color: #000000;\">Cepeda Box $ 120\u00a0<\/span><br \/>\n<span style=\"color: #000000;\">Sillas Top Box $ 100<\/span><br \/>\n<span style=\"color: #000000;\">Butacas $ 80<\/span><br \/>\n<span style=\"color: #000000;\">Preferencia $ 60<\/span><br \/>\n<span style=\"color: #000000;\">General $ 40<\/span><br \/>\n<span style=\"color: #000000;\">\u2022 Precios no incluyen servicio<\/span><br \/>\n<span style=\"color: #000000;\">\u2022 Localidades numeradas<\/span><br \/>\n<span style=\"color: #000000;\">\u2022 No incluye IVA<\/span><br \/>\n<span style=\"color: #000000;\">Puntos de venta Quito:<\/span><br \/>\n<span style=\"color: #000000;\">Riocentro, Paseo San Francisco y C.C. EL Recreo<\/span><br \/>\n<span style=\"color: #000000;\">V\u00eda online todas las localidades a trav\u00e9s de: <\/span><br \/>\n<span style=\"color: #000000;\">https:\/\/www.ticketshow.com.ec<\/span><br \/>\n<span style=\"color: #000000;\">www.topshows.ec<\/span><br \/>\n<span style=\"color: #000000;\">www.ticketshow.com.ec<\/span><br \/>\n<span style=\"color: #000000;\">www.andrescepeda.com.co<\/span><\/p>\n<p style=\"text-align: justify;\">\n<span style=\"color: #000000;\">CUENCA<\/span><br \/>\n<span style=\"color: #000000;\">COLISEO JEFFERSON P\u00c9REZ<\/span><br \/>\n<span style=\"color: #000000;\">S\u00c1BADO 11 DE ABRIL 2026, 20H00<\/span><br \/>\n<span style=\"color: #000000;\">LOCALIDADES Y COSTO:<\/span><br \/>\n<span style=\"color: #000000;\">Cepeda Box $ 120<\/span><br \/>\n<span style=\"color: #000000;\">Preferencia <\/span><span style=\"color: #000000;\">$ 70<\/span><br \/>\n<span style=\"color: #000000;\">General <\/span><span style=\"color: #000000;\">$ 40<\/span><br \/>\n<span style=\"color: #000000;\">\u2022 Precios no incluyen servicio<\/span><br \/>\n<span style=\"color: #000000;\">\u2022 Localidades numeradas<\/span><br \/>\n<span style=\"color: #000000;\">\u2022 No incluye IVA<\/span><br \/>\n<span style=\"color: #000000;\">Puntos de venta Cuenca:<\/span><br \/>\n<span style=\"color: #000000;\">Mall Del R\u00edo Sala de Bolos <\/span><br \/>\n<span style=\"color: #000000;\">V\u00eda online todas las localidades a trav\u00e9s de: <\/span><br \/>\n<span style=\"color: #000000;\">https:\/\/www.ticketshow.com.ec<\/span><\/p>\n","protected":false},"excerpt":{"rendered":"<p>El cantautor colombiano Andr\u00e9s Cepeda llega a Ecuador en 2026 para presentar su espectacular gira \u201cNuestra Vida en Canciones\u201d, un recorrido musical que celebra sus grandes \u00e9xitos y m\u00e1s de tres d\u00e9cadas de trayectoria art\u00edstica. Su m\u00fasica ha viajado por el mundo y se ha convertido en parte esencial de la banda sonora de los [&hellip;]<\/p>\n","protected":false},"author":4,"featured_media":137957,"comment_status":"closed","ping_status":"closed","sticky":false,"template":"","format":"standard","meta":{"_bbp_topic_count":0,"_bbp_reply_count":0,"_bbp_total_topic_count":0,"_bbp_total_reply_count":0,"_bbp_voice_count":0,"_bbp_anonymous_reply_count":0,"_bbp_topic_count_hidden":0,"_bbp_reply_count_hidden":0,"_bbp_forum_subforum_count":0,"buzzeditor_post_format":"","footnotes":""},"categories":[2],"tags":[],"class_list":["post-137956","post","type-post","status-publish","format-standard","has-post-thumbnail","hentry","category-noticias"],"yoast_head":"<!-- This site is optimized with the Yoast SEO plugin v27.5 - https:\/\/yoast.com\/product\/yoast-seo-wordpress\/ -->\n<title>ANDR\u00c9S CEPEDA \u201cNUESTRA VIDA EN CANCIONES\u201d GIRA ECUADOR 2026 &#8211; QUEBAKAN.COM 2026: Noticias, Eventos, Conciertos y mucho m\u00e1s....<\/title>\n<meta name=\"robots\" content=\"index, follow, max-snippet:-1, max-image-preview:large, max-video-preview:-1\" \/>\n<link rel=\"canonical\" href=\"https:\/\/www.quebakan.com\/v15\/andres-cepeda-nuestra-vida-en-canciones-gira-ecuador-2026\/\" \/>\n<meta property=\"og:locale\" content=\"es_ES\" \/>\n<meta property=\"og:type\" content=\"article\" \/>\n<meta property=\"og:title\" content=\"ANDR\u00c9S CEPEDA \u201cNUESTRA VIDA EN CANCIONES\u201d GIRA ECUADOR 2026 &#8211; QUEBAKAN.COM 2026: Noticias, Eventos, Conciertos y mucho m\u00e1s....\" \/>\n<meta property=\"og:description\" content=\"El cantautor colombiano Andr\u00e9s Cepeda llega a Ecuador en 2026 para presentar su espectacular gira \u201cNuestra Vida en Canciones\u201d, un recorrido musical que celebra sus grandes \u00e9xitos y m\u00e1s de tres d\u00e9cadas de trayectoria art\u00edstica. Su m\u00fasica ha viajado por el mundo y se ha convertido en parte esencial de la banda sonora de los [&hellip;]\" \/>\n<meta property=\"og:url\" content=\"https:\/\/www.quebakan.com\/v15\/andres-cepeda-nuestra-vida-en-canciones-gira-ecuador-2026\/\" \/>\n<meta property=\"og:site_name\" content=\"QUEBAKAN.COM 2026: Noticias, Eventos, Conciertos y mucho m\u00e1s....\" \/>\n<meta property=\"article:publisher\" content=\"http:\/\/www.facebook.com\/quebakan\" \/>\n<meta property=\"article:published_time\" content=\"2025-11-30T02:40:35+00:00\" \/>\n<meta property=\"og:image\" content=\"https:\/\/www.quebakan.com\/v15\/wp-content\/uploads\/2025\/11\/AC-Zipaquira-Jueves-058.jpg\" \/>\n\t<meta property=\"og:image:width\" content=\"700\" \/>\n\t<meta property=\"og:image:height\" content=\"467\" \/>\n\t<meta property=\"og:image:type\" content=\"image\/jpeg\" \/>\n<meta name=\"author\" content=\"Erick Villafuerte\" \/>\n<meta name=\"twitter:card\" content=\"summary_large_image\" \/>\n<meta name=\"twitter:creator\" content=\"@quebakanec\" \/>\n<meta name=\"twitter:site\" content=\"@quebakanec\" \/>\n<meta name=\"twitter:label1\" content=\"Escrito por\" \/>\n\t<meta name=\"twitter:data1\" content=\"Erick Villafuerte\" \/>\n\t<meta name=\"twitter:label2\" content=\"Tiempo de lectura\" \/>\n\t<meta name=\"twitter:data2\" content=\"4 minutos\" \/>\n<script type=\"application\/ld+json\" class=\"yoast-schema-graph\">{\"@context\":\"https:\\\/\\\/schema.org\",\"@graph\":[{\"@type\":\"Article\",\"@id\":\"https:\\\/\\\/www.quebakan.com\\\/v15\\\/andres-cepeda-nuestra-vida-en-canciones-gira-ecuador-2026\\\/#article\",\"isPartOf\":{\"@id\":\"https:\\\/\\\/www.quebakan.com\\\/v15\\\/andres-cepeda-nuestra-vida-en-canciones-gira-ecuador-2026\\\/\"},\"author\":{\"name\":\"Erick Villafuerte\",\"@id\":\"https:\\\/\\\/www.quebakan.com\\\/v15\\\/#\\\/schema\\\/person\\\/d90fa9f9cfa81eb8ace9811e5b7b9118\"},\"headline\":\"ANDR\u00c9S CEPEDA \u201cNUESTRA VIDA EN CANCIONES\u201d GIRA ECUADOR 2026\",\"datePublished\":\"2025-11-30T02:40:35+00:00\",\"mainEntityOfPage\":{\"@id\":\"https:\\\/\\\/www.quebakan.com\\\/v15\\\/andres-cepeda-nuestra-vida-en-canciones-gira-ecuador-2026\\\/\"},\"wordCount\":634,\"publisher\":{\"@id\":\"https:\\\/\\\/www.quebakan.com\\\/v15\\\/#organization\"},\"image\":{\"@id\":\"https:\\\/\\\/www.quebakan.com\\\/v15\\\/andres-cepeda-nuestra-vida-en-canciones-gira-ecuador-2026\\\/#primaryimage\"},\"thumbnailUrl\":\"https:\\\/\\\/www.quebakan.com\\\/v15\\\/wp-content\\\/uploads\\\/2025\\\/11\\\/AC-Zipaquira-Jueves-058.jpg\",\"articleSection\":[\"Noticias\"],\"inLanguage\":\"es\"},{\"@type\":\"WebPage\",\"@id\":\"https:\\\/\\\/www.quebakan.com\\\/v15\\\/andres-cepeda-nuestra-vida-en-canciones-gira-ecuador-2026\\\/\",\"url\":\"https:\\\/\\\/www.quebakan.com\\\/v15\\\/andres-cepeda-nuestra-vida-en-canciones-gira-ecuador-2026\\\/\",\"name\":\"ANDR\u00c9S CEPEDA \u201cNUESTRA VIDA EN CANCIONES\u201d GIRA ECUADOR 2026 &#8211; QUEBAKAN.COM 2026: Noticias, Eventos, Conciertos y mucho m\u00e1s....\",\"isPartOf\":{\"@id\":\"https:\\\/\\\/www.quebakan.com\\\/v15\\\/#website\"},\"primaryImageOfPage\":{\"@id\":\"https:\\\/\\\/www.quebakan.com\\\/v15\\\/andres-cepeda-nuestra-vida-en-canciones-gira-ecuador-2026\\\/#primaryimage\"},\"image\":{\"@id\":\"https:\\\/\\\/www.quebakan.com\\\/v15\\\/andres-cepeda-nuestra-vida-en-canciones-gira-ecuador-2026\\\/#primaryimage\"},\"thumbnailUrl\":\"https:\\\/\\\/www.quebakan.com\\\/v15\\\/wp-content\\\/uploads\\\/2025\\\/11\\\/AC-Zipaquira-Jueves-058.jpg\",\"datePublished\":\"2025-11-30T02:40:35+00:00\",\"breadcrumb\":{\"@id\":\"https:\\\/\\\/www.quebakan.com\\\/v15\\\/andres-cepeda-nuestra-vida-en-canciones-gira-ecuador-2026\\\/#breadcrumb\"},\"inLanguage\":\"es\",\"potentialAction\":[{\"@type\":\"ReadAction\",\"target\":[\"https:\\\/\\\/www.quebakan.com\\\/v15\\\/andres-cepeda-nuestra-vida-en-canciones-gira-ecuador-2026\\\/\"]}]},{\"@type\":\"ImageObject\",\"inLanguage\":\"es\",\"@id\":\"https:\\\/\\\/www.quebakan.com\\\/v15\\\/andres-cepeda-nuestra-vida-en-canciones-gira-ecuador-2026\\\/#primaryimage\",\"url\":\"https:\\\/\\\/www.quebakan.com\\\/v15\\\/wp-content\\\/uploads\\\/2025\\\/11\\\/AC-Zipaquira-Jueves-058.jpg\",\"contentUrl\":\"https:\\\/\\\/www.quebakan.com\\\/v15\\\/wp-content\\\/uploads\\\/2025\\\/11\\\/AC-Zipaquira-Jueves-058.jpg\",\"width\":700,\"height\":467},{\"@type\":\"BreadcrumbList\",\"@id\":\"https:\\\/\\\/www.quebakan.com\\\/v15\\\/andres-cepeda-nuestra-vida-en-canciones-gira-ecuador-2026\\\/#breadcrumb\",\"itemListElement\":[{\"@type\":\"ListItem\",\"position\":1,\"name\":\"Portada\",\"item\":\"https:\\\/\\\/www.quebakan.com\\\/v15\\\/\"},{\"@type\":\"ListItem\",\"position\":2,\"name\":\"ANDR\u00c9S CEPEDA \u201cNUESTRA VIDA EN CANCIONES\u201d GIRA ECUADOR 2026\"}]},{\"@type\":\"WebSite\",\"@id\":\"https:\\\/\\\/www.quebakan.com\\\/v15\\\/#website\",\"url\":\"https:\\\/\\\/www.quebakan.com\\\/v15\\\/\",\"name\":\"QUEBAKAN\",\"description\":\"..\",\"publisher\":{\"@id\":\"https:\\\/\\\/www.quebakan.com\\\/v15\\\/#organization\"},\"potentialAction\":[{\"@type\":\"SearchAction\",\"target\":{\"@type\":\"EntryPoint\",\"urlTemplate\":\"https:\\\/\\\/www.quebakan.com\\\/v15\\\/?s={search_term_string}\"},\"query-input\":{\"@type\":\"PropertyValueSpecification\",\"valueRequired\":true,\"valueName\":\"search_term_string\"}}],\"inLanguage\":\"es\"},{\"@type\":\"Organization\",\"@id\":\"https:\\\/\\\/www.quebakan.com\\\/v15\\\/#organization\",\"name\":\"Quebakan.com\",\"url\":\"https:\\\/\\\/www.quebakan.com\\\/v15\\\/\",\"logo\":{\"@type\":\"ImageObject\",\"inLanguage\":\"es\",\"@id\":\"https:\\\/\\\/www.quebakan.com\\\/v15\\\/#\\\/schema\\\/logo\\\/image\\\/\",\"url\":\"https:\\\/\\\/www.quebakan.com\\\/v15\\\/wp-content\\\/uploads\\\/2023\\\/07\\\/logoquebakanenero2021.jpg\",\"contentUrl\":\"https:\\\/\\\/www.quebakan.com\\\/v15\\\/wp-content\\\/uploads\\\/2023\\\/07\\\/logoquebakanenero2021.jpg\",\"width\":1920,\"height\":1080,\"caption\":\"Quebakan.com\"},\"image\":{\"@id\":\"https:\\\/\\\/www.quebakan.com\\\/v15\\\/#\\\/schema\\\/logo\\\/image\\\/\"},\"sameAs\":[\"http:\\\/\\\/www.facebook.com\\\/quebakan\",\"https:\\\/\\\/x.com\\\/quebakanec\",\"http:\\\/\\\/www.instagram.com\\\/quebakan\",\"http:\\\/\\\/www.youtube.com\\\/quebakan1\"]},{\"@type\":\"Person\",\"@id\":\"https:\\\/\\\/www.quebakan.com\\\/v15\\\/#\\\/schema\\\/person\\\/d90fa9f9cfa81eb8ace9811e5b7b9118\",\"name\":\"Erick Villafuerte\",\"image\":{\"@type\":\"ImageObject\",\"inLanguage\":\"es\",\"@id\":\"https:\\\/\\\/www.quebakan.com\\\/v15\\\/wp-content\\\/uploads\\\/avatars\\\/4\\\/1731297654-bpfull.png\",\"url\":\"https:\\\/\\\/www.quebakan.com\\\/v15\\\/wp-content\\\/uploads\\\/avatars\\\/4\\\/1731297654-bpfull.png\",\"contentUrl\":\"https:\\\/\\\/www.quebakan.com\\\/v15\\\/wp-content\\\/uploads\\\/avatars\\\/4\\\/1731297654-bpfull.png\",\"caption\":\"Erick Villafuerte\"}}]}<\/script>\n<!-- \/ Yoast SEO plugin. -->","yoast_head_json":{"title":"ANDR\u00c9S CEPEDA \u201cNUESTRA VIDA EN CANCIONES\u201d GIRA ECUADOR 2026 &#8211; QUEBAKAN.COM 2026: Noticias, Eventos, Conciertos y mucho m\u00e1s....","robots":{"index":"index","follow":"follow","max-snippet":"max-snippet:-1","max-image-preview":"max-image-preview:large","max-video-preview":"max-video-preview:-1"},"canonical":"https:\/\/www.quebakan.com\/v15\/andres-cepeda-nuestra-vida-en-canciones-gira-ecuador-2026\/","og_locale":"es_ES","og_type":"article","og_title":"ANDR\u00c9S CEPEDA \u201cNUESTRA VIDA EN CANCIONES\u201d GIRA ECUADOR 2026 &#8211; QUEBAKAN.COM 2026: Noticias, Eventos, Conciertos y mucho m\u00e1s....","og_description":"El cantautor colombiano Andr\u00e9s Cepeda llega a Ecuador en 2026 para presentar su espectacular gira \u201cNuestra Vida en Canciones\u201d, un recorrido musical que celebra sus grandes \u00e9xitos y m\u00e1s de tres d\u00e9cadas de trayectoria art\u00edstica. Su m\u00fasica ha viajado por el mundo y se ha convertido en parte esencial de la banda sonora de los [&hellip;]","og_url":"https:\/\/www.quebakan.com\/v15\/andres-cepeda-nuestra-vida-en-canciones-gira-ecuador-2026\/","og_site_name":"QUEBAKAN.COM 2026: Noticias, Eventos, Conciertos y mucho m\u00e1s....","article_publisher":"http:\/\/www.facebook.com\/quebakan","article_published_time":"2025-11-30T02:40:35+00:00","og_image":[{"width":700,"height":467,"url":"https:\/\/www.quebakan.com\/v15\/wp-content\/uploads\/2025\/11\/AC-Zipaquira-Jueves-058.jpg","type":"image\/jpeg"}],"author":"Erick Villafuerte","twitter_card":"summary_large_image","twitter_creator":"@quebakanec","twitter_site":"@quebakanec","twitter_misc":{"Escrito por":"Erick Villafuerte","Tiempo de lectura":"4 minutos"},"schema":{"@context":"https:\/\/schema.org","@graph":[{"@type":"Article","@id":"https:\/\/www.quebakan.com\/v15\/andres-cepeda-nuestra-vida-en-canciones-gira-ecuador-2026\/#article","isPartOf":{"@id":"https:\/\/www.quebakan.com\/v15\/andres-cepeda-nuestra-vida-en-canciones-gira-ecuador-2026\/"},"author":{"name":"Erick Villafuerte","@id":"https:\/\/www.quebakan.com\/v15\/#\/schema\/person\/d90fa9f9cfa81eb8ace9811e5b7b9118"},"headline":"ANDR\u00c9S CEPEDA \u201cNUESTRA VIDA EN CANCIONES\u201d GIRA ECUADOR 2026","datePublished":"2025-11-30T02:40:35+00:00","mainEntityOfPage":{"@id":"https:\/\/www.quebakan.com\/v15\/andres-cepeda-nuestra-vida-en-canciones-gira-ecuador-2026\/"},"wordCount":634,"publisher":{"@id":"https:\/\/www.quebakan.com\/v15\/#organization"},"image":{"@id":"https:\/\/www.quebakan.com\/v15\/andres-cepeda-nuestra-vida-en-canciones-gira-ecuador-2026\/#primaryimage"},"thumbnailUrl":"https:\/\/www.quebakan.com\/v15\/wp-content\/uploads\/2025\/11\/AC-Zipaquira-Jueves-058.jpg","articleSection":["Noticias"],"inLanguage":"es"},{"@type":"WebPage","@id":"https:\/\/www.quebakan.com\/v15\/andres-cepeda-nuestra-vida-en-canciones-gira-ecuador-2026\/","url":"https:\/\/www.quebakan.com\/v15\/andres-cepeda-nuestra-vida-en-canciones-gira-ecuador-2026\/","name":"ANDR\u00c9S CEPEDA \u201cNUESTRA VIDA EN CANCIONES\u201d GIRA ECUADOR 2026 &#8211; QUEBAKAN.COM 2026: Noticias, Eventos, Conciertos y mucho m\u00e1s....","isPartOf":{"@id":"https:\/\/www.quebakan.com\/v15\/#website"},"primaryImageOfPage":{"@id":"https:\/\/www.quebakan.com\/v15\/andres-cepeda-nuestra-vida-en-canciones-gira-ecuador-2026\/#primaryimage"},"image":{"@id":"https:\/\/www.quebakan.com\/v15\/andres-cepeda-nuestra-vida-en-canciones-gira-ecuador-2026\/#primaryimage"},"thumbnailUrl":"https:\/\/www.quebakan.com\/v15\/wp-content\/uploads\/2025\/11\/AC-Zipaquira-Jueves-058.jpg","datePublished":"2025-11-30T02:40:35+00:00","breadcrumb":{"@id":"https:\/\/www.quebakan.com\/v15\/andres-cepeda-nuestra-vida-en-canciones-gira-ecuador-2026\/#breadcrumb"},"inLanguage":"es","potentialAction":[{"@type":"ReadAction","target":["https:\/\/www.quebakan.com\/v15\/andres-cepeda-nuestra-vida-en-canciones-gira-ecuador-2026\/"]}]},{"@type":"ImageObject","inLanguage":"es","@id":"https:\/\/www.quebakan.com\/v15\/andres-cepeda-nuestra-vida-en-canciones-gira-ecuador-2026\/#primaryimage","url":"https:\/\/www.quebakan.com\/v15\/wp-content\/uploads\/2025\/11\/AC-Zipaquira-Jueves-058.jpg","contentUrl":"https:\/\/www.quebakan.com\/v15\/wp-content\/uploads\/2025\/11\/AC-Zipaquira-Jueves-058.jpg","width":700,"height":467},{"@type":"BreadcrumbList","@id":"https:\/\/www.quebakan.com\/v15\/andres-cepeda-nuestra-vida-en-canciones-gira-ecuador-2026\/#breadcrumb","itemListElement":[{"@type":"ListItem","position":1,"name":"Portada","item":"https:\/\/www.quebakan.com\/v15\/"},{"@type":"ListItem","position":2,"name":"ANDR\u00c9S CEPEDA \u201cNUESTRA VIDA EN CANCIONES\u201d GIRA ECUADOR 2026"}]},{"@type":"WebSite","@id":"https:\/\/www.quebakan.com\/v15\/#website","url":"https:\/\/www.quebakan.com\/v15\/","name":"QUEBAKAN","description":"..","publisher":{"@id":"https:\/\/www.quebakan.com\/v15\/#organization"},"potentialAction":[{"@type":"SearchAction","target":{"@type":"EntryPoint","urlTemplate":"https:\/\/www.quebakan.com\/v15\/?s={search_term_string}"},"query-input":{"@type":"PropertyValueSpecification","valueRequired":true,"valueName":"search_term_string"}}],"inLanguage":"es"},{"@type":"Organization","@id":"https:\/\/www.quebakan.com\/v15\/#organization","name":"Quebakan.com","url":"https:\/\/www.quebakan.com\/v15\/","logo":{"@type":"ImageObject","inLanguage":"es","@id":"https:\/\/www.quebakan.com\/v15\/#\/schema\/logo\/image\/","url":"https:\/\/www.quebakan.com\/v15\/wp-content\/uploads\/2023\/07\/logoquebakanenero2021.jpg","contentUrl":"https:\/\/www.quebakan.com\/v15\/wp-content\/uploads\/2023\/07\/logoquebakanenero2021.jpg","width":1920,"height":1080,"caption":"Quebakan.com"},"image":{"@id":"https:\/\/www.quebakan.com\/v15\/#\/schema\/logo\/image\/"},"sameAs":["http:\/\/www.facebook.com\/quebakan","https:\/\/x.com\/quebakanec","http:\/\/www.instagram.com\/quebakan","http:\/\/www.youtube.com\/quebakan1"]},{"@type":"Person","@id":"https:\/\/www.quebakan.com\/v15\/#\/schema\/person\/d90fa9f9cfa81eb8ace9811e5b7b9118","name":"Erick Villafuerte","image":{"@type":"ImageObject","inLanguage":"es","@id":"https:\/\/www.quebakan.com\/v15\/wp-content\/uploads\/avatars\/4\/1731297654-bpfull.png","url":"https:\/\/www.quebakan.com\/v15\/wp-content\/uploads\/avatars\/4\/1731297654-bpfull.png","contentUrl":"https:\/\/www.quebakan.com\/v15\/wp-content\/uploads\/avatars\/4\/1731297654-bpfull.png","caption":"Erick Villafuerte"}}]}},"_links":{"self":[{"href":"https:\/\/www.quebakan.com\/v15\/wp-json\/wp\/v2\/posts\/137956","targetHints":{"allow":["GET"]}}],"collection":[{"href":"https:\/\/www.quebakan.com\/v15\/wp-json\/wp\/v2\/posts"}],"about":[{"href":"https:\/\/www.quebakan.com\/v15\/wp-json\/wp\/v2\/types\/post"}],"author":[{"embeddable":true,"href":"https:\/\/www.quebakan.com\/v15\/wp-json\/wp\/v2\/users\/4"}],"replies":[{"embeddable":true,"href":"https:\/\/www.quebakan.com\/v15\/wp-json\/wp\/v2\/comments?post=137956"}],"version-history":[{"count":1,"href":"https:\/\/www.quebakan.com\/v15\/wp-json\/wp\/v2\/posts\/137956\/revisions"}],"predecessor-version":[{"id":137958,"href":"https:\/\/www.quebakan.com\/v15\/wp-json\/wp\/v2\/posts\/137956\/revisions\/137958"}],"wp:featuredmedia":[{"embeddable":true,"href":"https:\/\/www.quebakan.com\/v15\/wp-json\/wp\/v2\/media\/137957"}],"wp:attachment":[{"href":"https:\/\/www.quebakan.com\/v15\/wp-json\/wp\/v2\/media?parent=137956"}],"wp:term":[{"taxonomy":"category","embeddable":true,"href":"https:\/\/www.quebakan.com\/v15\/wp-json\/wp\/v2\/categories?post=137956"},{"taxonomy":"post_tag","embeddable":true,"href":"https:\/\/www.quebakan.com\/v15\/wp-json\/wp\/v2\/tags?post=137956"}],"curies":[{"name":"wp","href":"https:\/\/api.w.org\/{rel}","templated":true}]}}