{"id":137965,"date":"2025-11-30T00:37:52","date_gmt":"2025-11-30T05:37:52","guid":{"rendered":"https:\/\/www.quebakan.com\/v15\/?p=137965"},"modified":"2025-11-30T00:37:52","modified_gmt":"2025-11-30T05:37:52","slug":"sin-bandera-presenta-su-nuevo-sencillo-y-anuncia-su-proxima-gira","status":"publish","type":"post","link":"https:\/\/www.quebakan.com\/v15\/sin-bandera-presenta-su-nuevo-sencillo-y-anuncia-su-proxima-gira\/","title":{"rendered":"SIN BANDERA PRESENTA SU NUEVO SENCILLO Y ANUNCIA SU PR\u00d3XIMA GIRA"},"content":{"rendered":"<p><img fetchpriority=\"high\" decoding=\"async\" class=\"aligncenter size-full wp-image-137966\" src=\"https:\/\/www.quebakan.com\/v15\/wp-content\/uploads\/2025\/11\/SIN-BANDERA-PRENSA.jpg\" alt=\"\" width=\"700\" height=\"525\" \/><\/p>\n<p style=\"text-align: justify;\"><span style=\"color: #000000;\">El d\u00fao m\u00e1s importante de la m\u00fasica rom\u00e1ntica en espa\u00f1ol,\u00a0<b>Sin Bandera<\/b>, regresa con un lanzamiento que promete tocarlas fibras m\u00e1s profundas del coraz\u00f3n.\u201c<b>\u00bfQu\u00e9 Culpa Tiene Ella?\u00a0<\/b>\u201c marca el inicio de una nueva etapa musical llena de emoci\u00f3n y sensibilidad, con el sello inconfundible que los caracteriza, convirti\u00e9ndolos en los referentes absolutos del pop latino.<\/span><\/p>\n<div class=\"x_gmail-Section2\">\n<p class=\"x_MsoNormal\" style=\"text-align: justify;\"><span style=\"color: #000000;\"><i>\u201cEsta canci\u00f3n apareci\u00f3 en la segunda ronda de canciones que escribimos para el disco. Es dura y es triste. Habla de la injusticia y de c\u00f3mo las personas no logramos a veces honrar el amor de personas que son incre\u00edbles, por estar atascados en el pasado y habla de lo que es justo en una relaci\u00f3n; de no retener a alguien si no le dar\u00e1s algo rec\u00edproco\u201d. &#8211;\u00a0<\/i><b>Leonel Garc\u00eda<\/b><\/span><\/p>\n<p class=\"x_MsoNormal\" style=\"text-align: justify;\"><span style=\"color: #000000;\"><i>\u201c<b>\u00bfQu\u00e9 Culpa Tiene Ella?<\/b>\u201d naci\u00f3 cuando habl\u00e1bamos de canciones de nuestra historia, especialmente de \u201c<b>En \u00c9sta No<\/b>\u201d. Surgi\u00f3 como una especie de secuela (movie sequel) a esa historia. La tristeza de no poder entregarse del todo, de no estar del todo para el otro, como dice la canci\u00f3n. El personaje principal es el que carga con la culpa. Ese remordimiento de no poder ser y estar al m\u00e1ximo con la persona que evidentemente ama\u201d. &#8211;\u00a0<\/i><b>Noel Schajris<\/b><\/span><\/p>\n<p class=\"x_gmail-MsoBodyText\" style=\"text-align: justify;\"><span style=\"color: #000000;\">Con 25 a\u00f1os de trayectoria y millones de seguidores en todo el mundo,\u00a0<b>Leonel Garc\u00eda\u00a0<\/b>y\u00a0<b>Noel Schajris\u00a0<\/b>siguen consolidando una carrera que hoy trasciende generaciones, con canciones que siguen acompa\u00f1ando historias de amor y de desamor, de reencuentros y emociones\u00a0genuinas.<\/span><\/p>\n<p class=\"x_MsoNormal\" style=\"text-align: justify;\"><span style=\"color: #000000;\">Con este lanzamiento, la banda tambi\u00e9n anuncia su\u00a0<b>ESCENAS TOUR<\/b>, una gira que los llevar\u00e1 a l<b>os escenarios m\u00e1s importantes del continente americano y de Europa<\/b>, comenzando en febrero del 2026 en Argentina. El tour promete un recorrido musical \u00fanico incluyendo canciones que hicieron historia interpretadas en un show \u00edntimo, emotivo y lleno de nostalgia.<\/span><\/p>\n<p class=\"x_gmail-MsoBodyText\" style=\"text-align: justify;\"><span style=\"color: #000000;\"><b>Sin Bandera\u00a0<\/b>reafirma su lugar como el d\u00fao m\u00e1s influyente y querido de la m\u00fasica en espa\u00f1ol, combinando una vez m\u00e1s\u00a0<b>la profundidad de sus letras con la fuerza de su interpretaci\u00f3n<\/b>. Su s\u00e9ptimo \u00e1lbum de estudio ver\u00e1 la luz en el primer cuatrimestre del 2026 y se llamar\u00e1\u00a0<b>\u201cESCENAS<\/b>\u201d, reflejando su madurez musical en un conjunto lleno de letras profundas y memorables melod\u00edas, que sin duda volver\u00e1n a tocar las fibras m\u00e1s sensibles de su audiencia.<\/span><\/p>\n<p class=\"x_gmail-MsoBodyText\" style=\"text-align: justify;\"><span style=\"color: #000000;\">\u00a0ESCENAS TOUR\u00a02026<\/span><\/p>\n<p class=\"x_gmail-MsoNoSpacing\" style=\"text-align: justify;\" align=\"center\"><span style=\"color: #000000;\">13 de febrero \u2013 Buenos Aires,\u00a0Argentina<\/span><\/p>\n<p class=\"x_gmail-MsoNoSpacing\" style=\"text-align: justify;\" align=\"center\"><span style=\"color: #000000;\">14 de febrero \u2013 Buenos Aires, Argentina \u2013 SOLD OUT<\/span><\/p>\n<p class=\"x_gmail-MsoNoSpacing\" style=\"text-align: justify;\" align=\"center\"><span style=\"color: #000000;\">16 de febrero &#8211; Rosario, Argentina<\/span><\/p>\n<p class=\"x_gmail-MsoNoSpacing\" style=\"text-align: justify;\" align=\"center\"><span style=\"color: #000000;\">18 de febrero-Mendoza,\u00a0Argentina<\/span><\/p>\n<p class=\"x_gmail-MsoNoSpacing\" style=\"text-align: justify;\" align=\"center\"><span style=\"color: #000000;\">19 de febrero &#8211; C\u00f3rdoba, Argentina<\/span><\/p>\n<p class=\"x_gmail-MsoNoSpacing\" style=\"text-align: justify;\" align=\"center\"><span style=\"color: #000000;\">21 de febrero &#8211; Asunci\u00f3n, Paraguay<\/span><\/p>\n<p class=\"x_gmail-MsoNoSpacing\" style=\"text-align: justify;\" align=\"center\"><span style=\"color: #000000;\">\u00a027 de febrero &#8211; Monterrey, NL,\u00a0M\u00e9xico<\/span><\/p>\n<p class=\"x_gmail-MsoNoSpacing\" style=\"text-align: justify;\" align=\"center\"><span style=\"color: #000000;\">6 de marzo \u2013 Ciudad de M\u00e9xico,\u00a0M\u00e9xico<\/span><\/p>\n<p class=\"x_gmail-MsoNoSpacing\" style=\"text-align: justify;\" align=\"center\"><span style=\"color: #000000;\">7 de marzo &#8211; Guadalajara, M\u00e9xico<\/span><\/p>\n<p class=\"x_gmail-MsoNoSpacing\" style=\"text-align: justify;\" align=\"center\"><span style=\"color: #000000;\">\u00a019 de Marzo \u2013 Santa Cruz, Bolivia<\/span><\/p>\n<p class=\"x_gmail-MsoNoSpacing\" style=\"text-align: justify;\" align=\"center\"><span style=\"color: #000000;\">21 de Marzo \u2013 Cochabamba,\u00a0Bolivia<\/span><\/p>\n<p class=\"x_gmail-MsoNoSpacing\" style=\"text-align: justify;\" align=\"center\"><span style=\"color: #000000;\">22 de Marzo \u2013 La Paz, Bolivia<\/span><\/p>\n<p class=\"x_gmail-MsoNoSpacing\" style=\"text-align: justify;\" align=\"center\"><span style=\"color: #000000;\">28 de Marzo &#8211; Lima, Per\u00fa<\/span><\/p>\n<p class=\"x_gmail-MsoNoSpacing\" style=\"text-align: justify;\" align=\"center\"><span style=\"color: #000000;\">1 de Abril \u2013Highland, CA,\u00a0USA<\/span><\/p>\n<p class=\"x_gmail-MsoNoSpacing\" style=\"text-align: justify;\" align=\"center\"><span style=\"color: #000000;\">3 de Abril \u2013 Las Vegas, NV,\u00a0USA<\/span><\/p>\n<p class=\"x_gmail-MsoNoSpacing\" style=\"text-align: justify;\" align=\"center\"><span style=\"color: #000000;\">4 de Abril \u2013 Phoenix, AZ, USA<\/span><\/p>\n<p class=\"x_gmail-MsoNoSpacing\" style=\"text-align: justify;\" align=\"center\"><span style=\"color: #000000;\">\u00a011 de Abril \u2013 San Jos\u00e9, Costa Rica<\/span><\/p>\n<audio class=\"wp-audio-shortcode\" id=\"audio-137965-1\" preload=\"none\" style=\"width: 100%;\" controls=\"controls\"><source type=\"audio\/mpeg\" src=\"https:\/\/www.quebakan.com\/v15\/wp-content\/uploads\/2025\/11\/02-Sin-Bandera-Que-Culpa-Tiene-Ella-Vago-Mix-3-4824-V2-Master.mp3?_=1\" \/><a href=\"https:\/\/www.quebakan.com\/v15\/wp-content\/uploads\/2025\/11\/02-Sin-Bandera-Que-Culpa-Tiene-Ella-Vago-Mix-3-4824-V2-Master.mp3\">https:\/\/www.quebakan.com\/v15\/wp-content\/uploads\/2025\/11\/02-Sin-Bandera-Que-Culpa-Tiene-Ella-Vago-Mix-3-4824-V2-Master.mp3<\/a><\/audio>\n<\/div>\n","protected":false},"excerpt":{"rendered":"<p>El d\u00fao m\u00e1s importante de la m\u00fasica rom\u00e1ntica en espa\u00f1ol,\u00a0Sin Bandera, regresa con un lanzamiento que promete tocarlas fibras m\u00e1s profundas del coraz\u00f3n.\u201c\u00bfQu\u00e9 Culpa Tiene Ella?\u00a0\u201c marca el inicio de una nueva etapa musical llena de emoci\u00f3n y sensibilidad, con el sello inconfundible que los caracteriza, convirti\u00e9ndolos en los referentes absolutos del pop latino. \u201cEsta [&hellip;]<\/p>\n","protected":false},"author":4,"featured_media":137966,"comment_status":"closed","ping_status":"closed","sticky":false,"template":"","format":"standard","meta":{"_bbp_topic_count":0,"_bbp_reply_count":0,"_bbp_total_topic_count":0,"_bbp_total_reply_count":0,"_bbp_voice_count":0,"_bbp_anonymous_reply_count":0,"_bbp_topic_count_hidden":0,"_bbp_reply_count_hidden":0,"_bbp_forum_subforum_count":0,"buzzeditor_post_format":"","footnotes":""},"categories":[2],"tags":[],"class_list":["post-137965","post","type-post","status-publish","format-standard","has-post-thumbnail","hentry","category-noticias"],"yoast_head":"<!-- This site is optimized with the Yoast SEO plugin v27.5 - https:\/\/yoast.com\/product\/yoast-seo-wordpress\/ -->\n<title>SIN BANDERA PRESENTA SU NUEVO SENCILLO Y ANUNCIA SU PR\u00d3XIMA GIRA &#8211; QUEBAKAN.COM 2026: Noticias, Eventos, Conciertos y mucho m\u00e1s....<\/title>\n<meta name=\"robots\" content=\"index, follow, max-snippet:-1, max-image-preview:large, max-video-preview:-1\" \/>\n<link rel=\"canonical\" href=\"https:\/\/www.quebakan.com\/v15\/sin-bandera-presenta-su-nuevo-sencillo-y-anuncia-su-proxima-gira\/\" \/>\n<meta property=\"og:locale\" content=\"es_ES\" \/>\n<meta property=\"og:type\" content=\"article\" \/>\n<meta property=\"og:title\" content=\"SIN BANDERA PRESENTA SU NUEVO SENCILLO Y ANUNCIA SU PR\u00d3XIMA GIRA &#8211; QUEBAKAN.COM 2026: Noticias, Eventos, Conciertos y mucho m\u00e1s....\" \/>\n<meta property=\"og:description\" content=\"El d\u00fao m\u00e1s importante de la m\u00fasica rom\u00e1ntica en espa\u00f1ol,\u00a0Sin Bandera, regresa con un lanzamiento que promete tocarlas fibras m\u00e1s profundas del coraz\u00f3n.\u201c\u00bfQu\u00e9 Culpa Tiene Ella?\u00a0\u201c marca el inicio de una nueva etapa musical llena de emoci\u00f3n y sensibilidad, con el sello inconfundible que los caracteriza, convirti\u00e9ndolos en los referentes absolutos del pop latino. \u201cEsta [&hellip;]\" \/>\n<meta property=\"og:url\" content=\"https:\/\/www.quebakan.com\/v15\/sin-bandera-presenta-su-nuevo-sencillo-y-anuncia-su-proxima-gira\/\" \/>\n<meta property=\"og:site_name\" content=\"QUEBAKAN.COM 2026: Noticias, Eventos, Conciertos y mucho m\u00e1s....\" \/>\n<meta property=\"article:publisher\" content=\"http:\/\/www.facebook.com\/quebakan\" \/>\n<meta property=\"article:published_time\" content=\"2025-11-30T05:37:52+00:00\" \/>\n<meta property=\"og:image\" content=\"https:\/\/www.quebakan.com\/v15\/wp-content\/uploads\/2025\/11\/SIN-BANDERA-PRENSA.jpg\" \/>\n\t<meta property=\"og:image:width\" content=\"700\" \/>\n\t<meta property=\"og:image:height\" content=\"525\" \/>\n\t<meta property=\"og:image:type\" content=\"image\/jpeg\" \/>\n<meta name=\"author\" content=\"Erick Villafuerte\" \/>\n<meta name=\"twitter:card\" content=\"summary_large_image\" \/>\n<meta name=\"twitter:creator\" content=\"@quebakanec\" \/>\n<meta name=\"twitter:site\" content=\"@quebakanec\" \/>\n<meta name=\"twitter:label1\" content=\"Escrito por\" \/>\n\t<meta name=\"twitter:data1\" content=\"Erick Villafuerte\" \/>\n\t<meta name=\"twitter:label2\" content=\"Tiempo de lectura\" \/>\n\t<meta name=\"twitter:data2\" content=\"3 minutos\" \/>\n<script type=\"application\/ld+json\" class=\"yoast-schema-graph\">{\"@context\":\"https:\\\/\\\/schema.org\",\"@graph\":[{\"@type\":\"Article\",\"@id\":\"https:\\\/\\\/www.quebakan.com\\\/v15\\\/sin-bandera-presenta-su-nuevo-sencillo-y-anuncia-su-proxima-gira\\\/#article\",\"isPartOf\":{\"@id\":\"https:\\\/\\\/www.quebakan.com\\\/v15\\\/sin-bandera-presenta-su-nuevo-sencillo-y-anuncia-su-proxima-gira\\\/\"},\"author\":{\"name\":\"Erick Villafuerte\",\"@id\":\"https:\\\/\\\/www.quebakan.com\\\/v15\\\/#\\\/schema\\\/person\\\/d90fa9f9cfa81eb8ace9811e5b7b9118\"},\"headline\":\"SIN BANDERA PRESENTA SU NUEVO SENCILLO Y ANUNCIA SU PR\u00d3XIMA GIRA\",\"datePublished\":\"2025-11-30T05:37:52+00:00\",\"mainEntityOfPage\":{\"@id\":\"https:\\\/\\\/www.quebakan.com\\\/v15\\\/sin-bandera-presenta-su-nuevo-sencillo-y-anuncia-su-proxima-gira\\\/\"},\"wordCount\":531,\"publisher\":{\"@id\":\"https:\\\/\\\/www.quebakan.com\\\/v15\\\/#organization\"},\"image\":{\"@id\":\"https:\\\/\\\/www.quebakan.com\\\/v15\\\/sin-bandera-presenta-su-nuevo-sencillo-y-anuncia-su-proxima-gira\\\/#primaryimage\"},\"thumbnailUrl\":\"https:\\\/\\\/www.quebakan.com\\\/v15\\\/wp-content\\\/uploads\\\/2025\\\/11\\\/SIN-BANDERA-PRENSA.jpg\",\"articleSection\":[\"Noticias\"],\"inLanguage\":\"es\"},{\"@type\":\"WebPage\",\"@id\":\"https:\\\/\\\/www.quebakan.com\\\/v15\\\/sin-bandera-presenta-su-nuevo-sencillo-y-anuncia-su-proxima-gira\\\/\",\"url\":\"https:\\\/\\\/www.quebakan.com\\\/v15\\\/sin-bandera-presenta-su-nuevo-sencillo-y-anuncia-su-proxima-gira\\\/\",\"name\":\"SIN BANDERA PRESENTA SU NUEVO SENCILLO Y ANUNCIA SU PR\u00d3XIMA GIRA &#8211; QUEBAKAN.COM 2026: Noticias, Eventos, Conciertos y mucho m\u00e1s....\",\"isPartOf\":{\"@id\":\"https:\\\/\\\/www.quebakan.com\\\/v15\\\/#website\"},\"primaryImageOfPage\":{\"@id\":\"https:\\\/\\\/www.quebakan.com\\\/v15\\\/sin-bandera-presenta-su-nuevo-sencillo-y-anuncia-su-proxima-gira\\\/#primaryimage\"},\"image\":{\"@id\":\"https:\\\/\\\/www.quebakan.com\\\/v15\\\/sin-bandera-presenta-su-nuevo-sencillo-y-anuncia-su-proxima-gira\\\/#primaryimage\"},\"thumbnailUrl\":\"https:\\\/\\\/www.quebakan.com\\\/v15\\\/wp-content\\\/uploads\\\/2025\\\/11\\\/SIN-BANDERA-PRENSA.jpg\",\"datePublished\":\"2025-11-30T05:37:52+00:00\",\"breadcrumb\":{\"@id\":\"https:\\\/\\\/www.quebakan.com\\\/v15\\\/sin-bandera-presenta-su-nuevo-sencillo-y-anuncia-su-proxima-gira\\\/#breadcrumb\"},\"inLanguage\":\"es\",\"potentialAction\":[{\"@type\":\"ReadAction\",\"target\":[\"https:\\\/\\\/www.quebakan.com\\\/v15\\\/sin-bandera-presenta-su-nuevo-sencillo-y-anuncia-su-proxima-gira\\\/\"]}]},{\"@type\":\"ImageObject\",\"inLanguage\":\"es\",\"@id\":\"https:\\\/\\\/www.quebakan.com\\\/v15\\\/sin-bandera-presenta-su-nuevo-sencillo-y-anuncia-su-proxima-gira\\\/#primaryimage\",\"url\":\"https:\\\/\\\/www.quebakan.com\\\/v15\\\/wp-content\\\/uploads\\\/2025\\\/11\\\/SIN-BANDERA-PRENSA.jpg\",\"contentUrl\":\"https:\\\/\\\/www.quebakan.com\\\/v15\\\/wp-content\\\/uploads\\\/2025\\\/11\\\/SIN-BANDERA-PRENSA.jpg\",\"width\":700,\"height\":525},{\"@type\":\"BreadcrumbList\",\"@id\":\"https:\\\/\\\/www.quebakan.com\\\/v15\\\/sin-bandera-presenta-su-nuevo-sencillo-y-anuncia-su-proxima-gira\\\/#breadcrumb\",\"itemListElement\":[{\"@type\":\"ListItem\",\"position\":1,\"name\":\"Portada\",\"item\":\"https:\\\/\\\/www.quebakan.com\\\/v15\\\/\"},{\"@type\":\"ListItem\",\"position\":2,\"name\":\"SIN BANDERA PRESENTA SU NUEVO SENCILLO Y ANUNCIA SU PR\u00d3XIMA GIRA\"}]},{\"@type\":\"WebSite\",\"@id\":\"https:\\\/\\\/www.quebakan.com\\\/v15\\\/#website\",\"url\":\"https:\\\/\\\/www.quebakan.com\\\/v15\\\/\",\"name\":\"QUEBAKAN\",\"description\":\"..\",\"publisher\":{\"@id\":\"https:\\\/\\\/www.quebakan.com\\\/v15\\\/#organization\"},\"potentialAction\":[{\"@type\":\"SearchAction\",\"target\":{\"@type\":\"EntryPoint\",\"urlTemplate\":\"https:\\\/\\\/www.quebakan.com\\\/v15\\\/?s={search_term_string}\"},\"query-input\":{\"@type\":\"PropertyValueSpecification\",\"valueRequired\":true,\"valueName\":\"search_term_string\"}}],\"inLanguage\":\"es\"},{\"@type\":\"Organization\",\"@id\":\"https:\\\/\\\/www.quebakan.com\\\/v15\\\/#organization\",\"name\":\"Quebakan.com\",\"url\":\"https:\\\/\\\/www.quebakan.com\\\/v15\\\/\",\"logo\":{\"@type\":\"ImageObject\",\"inLanguage\":\"es\",\"@id\":\"https:\\\/\\\/www.quebakan.com\\\/v15\\\/#\\\/schema\\\/logo\\\/image\\\/\",\"url\":\"https:\\\/\\\/www.quebakan.com\\\/v15\\\/wp-content\\\/uploads\\\/2023\\\/07\\\/logoquebakanenero2021.jpg\",\"contentUrl\":\"https:\\\/\\\/www.quebakan.com\\\/v15\\\/wp-content\\\/uploads\\\/2023\\\/07\\\/logoquebakanenero2021.jpg\",\"width\":1920,\"height\":1080,\"caption\":\"Quebakan.com\"},\"image\":{\"@id\":\"https:\\\/\\\/www.quebakan.com\\\/v15\\\/#\\\/schema\\\/logo\\\/image\\\/\"},\"sameAs\":[\"http:\\\/\\\/www.facebook.com\\\/quebakan\",\"https:\\\/\\\/x.com\\\/quebakanec\",\"http:\\\/\\\/www.instagram.com\\\/quebakan\",\"http:\\\/\\\/www.youtube.com\\\/quebakan1\"]},{\"@type\":\"Person\",\"@id\":\"https:\\\/\\\/www.quebakan.com\\\/v15\\\/#\\\/schema\\\/person\\\/d90fa9f9cfa81eb8ace9811e5b7b9118\",\"name\":\"Erick Villafuerte\",\"image\":{\"@type\":\"ImageObject\",\"inLanguage\":\"es\",\"@id\":\"https:\\\/\\\/www.quebakan.com\\\/v15\\\/wp-content\\\/uploads\\\/avatars\\\/4\\\/1731297654-bpfull.png\",\"url\":\"https:\\\/\\\/www.quebakan.com\\\/v15\\\/wp-content\\\/uploads\\\/avatars\\\/4\\\/1731297654-bpfull.png\",\"contentUrl\":\"https:\\\/\\\/www.quebakan.com\\\/v15\\\/wp-content\\\/uploads\\\/avatars\\\/4\\\/1731297654-bpfull.png\",\"caption\":\"Erick Villafuerte\"}}]}<\/script>\n<!-- \/ Yoast SEO plugin. -->","yoast_head_json":{"title":"SIN BANDERA PRESENTA SU NUEVO SENCILLO Y ANUNCIA SU PR\u00d3XIMA GIRA &#8211; QUEBAKAN.COM 2026: Noticias, Eventos, Conciertos y mucho m\u00e1s....","robots":{"index":"index","follow":"follow","max-snippet":"max-snippet:-1","max-image-preview":"max-image-preview:large","max-video-preview":"max-video-preview:-1"},"canonical":"https:\/\/www.quebakan.com\/v15\/sin-bandera-presenta-su-nuevo-sencillo-y-anuncia-su-proxima-gira\/","og_locale":"es_ES","og_type":"article","og_title":"SIN BANDERA PRESENTA SU NUEVO SENCILLO Y ANUNCIA SU PR\u00d3XIMA GIRA &#8211; QUEBAKAN.COM 2026: Noticias, Eventos, Conciertos y mucho m\u00e1s....","og_description":"El d\u00fao m\u00e1s importante de la m\u00fasica rom\u00e1ntica en espa\u00f1ol,\u00a0Sin Bandera, regresa con un lanzamiento que promete tocarlas fibras m\u00e1s profundas del coraz\u00f3n.\u201c\u00bfQu\u00e9 Culpa Tiene Ella?\u00a0\u201c marca el inicio de una nueva etapa musical llena de emoci\u00f3n y sensibilidad, con el sello inconfundible que los caracteriza, convirti\u00e9ndolos en los referentes absolutos del pop latino. \u201cEsta [&hellip;]","og_url":"https:\/\/www.quebakan.com\/v15\/sin-bandera-presenta-su-nuevo-sencillo-y-anuncia-su-proxima-gira\/","og_site_name":"QUEBAKAN.COM 2026: Noticias, Eventos, Conciertos y mucho m\u00e1s....","article_publisher":"http:\/\/www.facebook.com\/quebakan","article_published_time":"2025-11-30T05:37:52+00:00","og_image":[{"width":700,"height":525,"url":"https:\/\/www.quebakan.com\/v15\/wp-content\/uploads\/2025\/11\/SIN-BANDERA-PRENSA.jpg","type":"image\/jpeg"}],"author":"Erick Villafuerte","twitter_card":"summary_large_image","twitter_creator":"@quebakanec","twitter_site":"@quebakanec","twitter_misc":{"Escrito por":"Erick Villafuerte","Tiempo de lectura":"3 minutos"},"schema":{"@context":"https:\/\/schema.org","@graph":[{"@type":"Article","@id":"https:\/\/www.quebakan.com\/v15\/sin-bandera-presenta-su-nuevo-sencillo-y-anuncia-su-proxima-gira\/#article","isPartOf":{"@id":"https:\/\/www.quebakan.com\/v15\/sin-bandera-presenta-su-nuevo-sencillo-y-anuncia-su-proxima-gira\/"},"author":{"name":"Erick Villafuerte","@id":"https:\/\/www.quebakan.com\/v15\/#\/schema\/person\/d90fa9f9cfa81eb8ace9811e5b7b9118"},"headline":"SIN BANDERA PRESENTA SU NUEVO SENCILLO Y ANUNCIA SU PR\u00d3XIMA GIRA","datePublished":"2025-11-30T05:37:52+00:00","mainEntityOfPage":{"@id":"https:\/\/www.quebakan.com\/v15\/sin-bandera-presenta-su-nuevo-sencillo-y-anuncia-su-proxima-gira\/"},"wordCount":531,"publisher":{"@id":"https:\/\/www.quebakan.com\/v15\/#organization"},"image":{"@id":"https:\/\/www.quebakan.com\/v15\/sin-bandera-presenta-su-nuevo-sencillo-y-anuncia-su-proxima-gira\/#primaryimage"},"thumbnailUrl":"https:\/\/www.quebakan.com\/v15\/wp-content\/uploads\/2025\/11\/SIN-BANDERA-PRENSA.jpg","articleSection":["Noticias"],"inLanguage":"es"},{"@type":"WebPage","@id":"https:\/\/www.quebakan.com\/v15\/sin-bandera-presenta-su-nuevo-sencillo-y-anuncia-su-proxima-gira\/","url":"https:\/\/www.quebakan.com\/v15\/sin-bandera-presenta-su-nuevo-sencillo-y-anuncia-su-proxima-gira\/","name":"SIN BANDERA PRESENTA SU NUEVO SENCILLO Y ANUNCIA SU PR\u00d3XIMA GIRA &#8211; QUEBAKAN.COM 2026: Noticias, Eventos, Conciertos y mucho m\u00e1s....","isPartOf":{"@id":"https:\/\/www.quebakan.com\/v15\/#website"},"primaryImageOfPage":{"@id":"https:\/\/www.quebakan.com\/v15\/sin-bandera-presenta-su-nuevo-sencillo-y-anuncia-su-proxima-gira\/#primaryimage"},"image":{"@id":"https:\/\/www.quebakan.com\/v15\/sin-bandera-presenta-su-nuevo-sencillo-y-anuncia-su-proxima-gira\/#primaryimage"},"thumbnailUrl":"https:\/\/www.quebakan.com\/v15\/wp-content\/uploads\/2025\/11\/SIN-BANDERA-PRENSA.jpg","datePublished":"2025-11-30T05:37:52+00:00","breadcrumb":{"@id":"https:\/\/www.quebakan.com\/v15\/sin-bandera-presenta-su-nuevo-sencillo-y-anuncia-su-proxima-gira\/#breadcrumb"},"inLanguage":"es","potentialAction":[{"@type":"ReadAction","target":["https:\/\/www.quebakan.com\/v15\/sin-bandera-presenta-su-nuevo-sencillo-y-anuncia-su-proxima-gira\/"]}]},{"@type":"ImageObject","inLanguage":"es","@id":"https:\/\/www.quebakan.com\/v15\/sin-bandera-presenta-su-nuevo-sencillo-y-anuncia-su-proxima-gira\/#primaryimage","url":"https:\/\/www.quebakan.com\/v15\/wp-content\/uploads\/2025\/11\/SIN-BANDERA-PRENSA.jpg","contentUrl":"https:\/\/www.quebakan.com\/v15\/wp-content\/uploads\/2025\/11\/SIN-BANDERA-PRENSA.jpg","width":700,"height":525},{"@type":"BreadcrumbList","@id":"https:\/\/www.quebakan.com\/v15\/sin-bandera-presenta-su-nuevo-sencillo-y-anuncia-su-proxima-gira\/#breadcrumb","itemListElement":[{"@type":"ListItem","position":1,"name":"Portada","item":"https:\/\/www.quebakan.com\/v15\/"},{"@type":"ListItem","position":2,"name":"SIN BANDERA PRESENTA SU NUEVO SENCILLO Y ANUNCIA SU PR\u00d3XIMA GIRA"}]},{"@type":"WebSite","@id":"https:\/\/www.quebakan.com\/v15\/#website","url":"https:\/\/www.quebakan.com\/v15\/","name":"QUEBAKAN","description":"..","publisher":{"@id":"https:\/\/www.quebakan.com\/v15\/#organization"},"potentialAction":[{"@type":"SearchAction","target":{"@type":"EntryPoint","urlTemplate":"https:\/\/www.quebakan.com\/v15\/?s={search_term_string}"},"query-input":{"@type":"PropertyValueSpecification","valueRequired":true,"valueName":"search_term_string"}}],"inLanguage":"es"},{"@type":"Organization","@id":"https:\/\/www.quebakan.com\/v15\/#organization","name":"Quebakan.com","url":"https:\/\/www.quebakan.com\/v15\/","logo":{"@type":"ImageObject","inLanguage":"es","@id":"https:\/\/www.quebakan.com\/v15\/#\/schema\/logo\/image\/","url":"https:\/\/www.quebakan.com\/v15\/wp-content\/uploads\/2023\/07\/logoquebakanenero2021.jpg","contentUrl":"https:\/\/www.quebakan.com\/v15\/wp-content\/uploads\/2023\/07\/logoquebakanenero2021.jpg","width":1920,"height":1080,"caption":"Quebakan.com"},"image":{"@id":"https:\/\/www.quebakan.com\/v15\/#\/schema\/logo\/image\/"},"sameAs":["http:\/\/www.facebook.com\/quebakan","https:\/\/x.com\/quebakanec","http:\/\/www.instagram.com\/quebakan","http:\/\/www.youtube.com\/quebakan1"]},{"@type":"Person","@id":"https:\/\/www.quebakan.com\/v15\/#\/schema\/person\/d90fa9f9cfa81eb8ace9811e5b7b9118","name":"Erick Villafuerte","image":{"@type":"ImageObject","inLanguage":"es","@id":"https:\/\/www.quebakan.com\/v15\/wp-content\/uploads\/avatars\/4\/1731297654-bpfull.png","url":"https:\/\/www.quebakan.com\/v15\/wp-content\/uploads\/avatars\/4\/1731297654-bpfull.png","contentUrl":"https:\/\/www.quebakan.com\/v15\/wp-content\/uploads\/avatars\/4\/1731297654-bpfull.png","caption":"Erick Villafuerte"}}]}},"_links":{"self":[{"href":"https:\/\/www.quebakan.com\/v15\/wp-json\/wp\/v2\/posts\/137965","targetHints":{"allow":["GET"]}}],"collection":[{"href":"https:\/\/www.quebakan.com\/v15\/wp-json\/wp\/v2\/posts"}],"about":[{"href":"https:\/\/www.quebakan.com\/v15\/wp-json\/wp\/v2\/types\/post"}],"author":[{"embeddable":true,"href":"https:\/\/www.quebakan.com\/v15\/wp-json\/wp\/v2\/users\/4"}],"replies":[{"embeddable":true,"href":"https:\/\/www.quebakan.com\/v15\/wp-json\/wp\/v2\/comments?post=137965"}],"version-history":[{"count":1,"href":"https:\/\/www.quebakan.com\/v15\/wp-json\/wp\/v2\/posts\/137965\/revisions"}],"predecessor-version":[{"id":137968,"href":"https:\/\/www.quebakan.com\/v15\/wp-json\/wp\/v2\/posts\/137965\/revisions\/137968"}],"wp:featuredmedia":[{"embeddable":true,"href":"https:\/\/www.quebakan.com\/v15\/wp-json\/wp\/v2\/media\/137966"}],"wp:attachment":[{"href":"https:\/\/www.quebakan.com\/v15\/wp-json\/wp\/v2\/media?parent=137965"}],"wp:term":[{"taxonomy":"category","embeddable":true,"href":"https:\/\/www.quebakan.com\/v15\/wp-json\/wp\/v2\/categories?post=137965"},{"taxonomy":"post_tag","embeddable":true,"href":"https:\/\/www.quebakan.com\/v15\/wp-json\/wp\/v2\/tags?post=137965"}],"curies":[{"name":"wp","href":"https:\/\/api.w.org\/{rel}","templated":true}]}}