{"id":137969,"date":"2025-11-30T01:10:04","date_gmt":"2025-11-30T06:10:04","guid":{"rendered":"https:\/\/www.quebakan.com\/v15\/?p=137969"},"modified":"2025-11-30T01:10:04","modified_gmt":"2025-11-30T06:10:04","slug":"alianza-para-seguridad-vial-entre-guayaquil-y-cuenca","status":"publish","type":"post","link":"https:\/\/www.quebakan.com\/v15\/alianza-para-seguridad-vial-entre-guayaquil-y-cuenca\/","title":{"rendered":"Alianza para seguridad vial entre Guayaquil y Cuenca"},"content":{"rendered":"<p style=\"text-align: justify;\"><span style=\"color: #000000;\">AUDIOAUTO\u2013TRACKLINK y la Prefectura del Guayas sellan convenio. La empresa de <\/span><span style=\"color: #000000;\">rastreo vehicular se integra al sistema de videovigilancia provincial para monitorear un trayecto de casi<\/span><br \/>\n<span style=\"color: #000000;\">200 kil\u00f3metros, protegiendo a conductores y pasajeros.<\/span><br \/>\n<span style=\"color: #000000;\">Guayaquil, 28 de noviembre de 2025.- La empresa ecuatoriana Audioauto S.A.S.\u2013Tracklink y la <\/span><span style=\"color: #000000;\">Prefectura del Guayas consolidaron una alianza estrat\u00e9gica para reforzar la seguridad ciudadana en la <\/span><span style=\"color: #000000;\">v\u00eda que une la Costa con el Austro del pa\u00eds. Este corredor \u2014que abarca aproximadamente 198 <\/span><span style=\"color: #000000;\">kil\u00f3metros entre Guayaquil y Cuenca\u2014 concentra un alto flujo de veh\u00edculos y es clave para el<\/span><br \/>\n<span style=\"color: #000000;\">transporte interprovincial.<\/span><\/p>\n<p style=\"text-align: justify;\"><span style=\"color: #000000;\">El acuerdo, firmado este mi\u00e9rcoles 26 de noviembre en presencia de representantes de ambas <\/span><span style=\"color: #000000;\">instituciones, formaliza la cooperaci\u00f3n t\u00e9cnica y operativa necesaria para la localizaci\u00f3n y recuperaci\u00f3n <\/span><span style=\"color: #000000;\">de veh\u00edculos averiados o en situaci\u00f3n de riesgo, mediante el uso del sistema de videovigilancia <\/span><span style=\"color: #000000;\">provincial y los recursos de rastreo y monitoreo de Tracklink.<\/span><\/p>\n<p style=\"text-align: justify;\"><span style=\"color: #000000;\">Audioauto S.A.S expres\u00f3 su voluntad de suscribir un convenio con la Prefectura del Guayas, con el <\/span><span style=\"color: #000000;\">objetivo de coordinar esfuerzos en operativos de localizaci\u00f3n de veh\u00edculos reportados como sustra\u00eddos <\/span><span style=\"color: #000000;\">o en peligro, resguardando la normativa de protecci\u00f3n de datos y las cadenas de custodia <\/span><span style=\"color: #000000;\">correspondientes.<\/span><\/p>\n<p style=\"text-align: justify;\"><span style=\"color: #000000;\">La prefecta del Guayas, Marcela Agui\u00f1aga, indic\u00f3 que esta alianza permitir\u00e1 reducir de forma <\/span><span style=\"color: #000000;\">significativa los riesgos de asaltos, secuestros u otros delitos en la ruta, a\u00f1adiendo una capa adicional<\/span><br \/>\n<span style=\"color: #000000;\">de seguridad para quienes transitan esa v\u00eda.<\/span><\/p>\n<p style=\"text-align: justify;\"><span style=\"color: #000000;\">Por su parte, Ana Mar\u00eda Piedra, gerente comercial de Audioauto\u2013Tracklink, destac\u00f3 la visi\u00f3n social de <\/span><span style=\"color: #000000;\">la autoridad y su compromiso con la seguridad vial, as\u00ed como la importancia de combinar los recursos <\/span><span style=\"color: #000000;\">p\u00fablicos con tecnolog\u00eda privada de rastreo, monitoreo y recuperaci\u00f3n vehicular. <\/span><span style=\"color: #000000;\">Con una trayectoria de 28 a\u00f1os, Audioauto S.A.S se ha consolidado como referente nacional en <\/span><span style=\"color: #000000;\">Control y Seguridad brindando sorprende tranquilidad a todos sus clientes. Dentro de sus productos <\/span><span style=\"color: #000000;\">tienen dispositivo de Rastreo GPS, servicio de Monitero 24\/7 y servicio de recuperaci\u00f3n vehicular <\/span><span style=\"color: #000000;\">bajo la marca Tracklink.<\/span><\/p>\n<p style=\"text-align: justify;\"><span style=\"color: #000000;\">Esta alianza representa un paso significativo para garantizar un corredor vial m\u00e1s seguro, eficiente y <\/span><span style=\"color: #000000;\">tecnol\u00f3gicamente respaldado, en beneficio de miles de conductores que diariamente recorren los cerca <\/span><span style=\"color: #000000;\">de 200 km entre Guayaquil y Cuenca.<\/span><\/p>\n<p style=\"font-weight: 400; text-align: justify;\"><span style=\"color: #000000;\">Pie de foto<\/span><\/p>\n<p style=\"font-weight: 400; text-align: justify;\"><img fetchpriority=\"high\" decoding=\"async\" class=\"aligncenter size-full wp-image-137970\" src=\"https:\/\/www.quebakan.com\/v15\/wp-content\/uploads\/2025\/11\/FOTO-1-3.jpg\" alt=\"\" width=\"466\" height=\"700\" \/><\/p>\n<ul style=\"font-weight: 400; text-align: justify;\">\n<li><span style=\"color: #000000;\">Ana Mar\u00eda Piedra, gerente comercial de Audioauto\u2013Tracklink<\/span><\/li>\n<li><span style=\"color: #000000;\">Marcela Agui\u00f1aga , Prefecta del Guayas<\/span><\/li>\n<\/ul>\n<p style=\"font-weight: 400; text-align: justify;\"><img decoding=\"async\" class=\"aligncenter size-full wp-image-137971\" src=\"https:\/\/www.quebakan.com\/v15\/wp-content\/uploads\/2025\/11\/FOTO-3-2.jpg\" alt=\"\" width=\"466\" height=\"700\" \/><\/p>\n<ul style=\"font-weight: 400; text-align: justify;\">\n<li><span style=\"color: #000000;\">Ana Maria Piedra , gerente comercial de Audioauto \u2013 Tracklink<\/span><\/li>\n<li><span style=\"color: #000000;\">Camila Le\u00f3n, Coordinadora de Producto.<\/span><\/li>\n<\/ul>\n<p style=\"font-weight: 400; text-align: justify;\"><img decoding=\"async\" class=\"aligncenter size-full wp-image-137972\" src=\"https:\/\/www.quebakan.com\/v15\/wp-content\/uploads\/2025\/11\/FOTO-4-2.jpg\" alt=\"\" width=\"466\" height=\"700\" \/><\/p>\n<ul style=\"font-weight: 400; text-align: justify;\">\n<li><span style=\"color: #000000;\">Ana Maria Piedra , gerente comercial de Audioauto \u2013 Tracklink<\/span><\/li>\n<li><span style=\"color: #000000;\">Johan Coronel, Subdirector de Seguridad Ciudana. PREFECTURA<\/span><\/li>\n<li><span style=\"color: #000000;\">Camila Le\u00f3n, Coordinadora de Producto.<\/span><\/li>\n<\/ul>\n<p style=\"font-weight: 400; text-align: justify;\"><span style=\"color: #000000;\"><strong>\u00a0<\/strong><\/span><\/p>\n","protected":false},"excerpt":{"rendered":"<p>AUDIOAUTO\u2013TRACKLINK y la Prefectura del Guayas sellan convenio. La empresa de rastreo vehicular se integra al sistema de videovigilancia provincial para monitorear un trayecto de casi 200 kil\u00f3metros, protegiendo a conductores y pasajeros. Guayaquil, 28 de noviembre de 2025.- La empresa ecuatoriana Audioauto S.A.S.\u2013Tracklink y la Prefectura del Guayas consolidaron una alianza estrat\u00e9gica para reforzar [&hellip;]<\/p>\n","protected":false},"author":4,"featured_media":137970,"comment_status":"closed","ping_status":"closed","sticky":false,"template":"","format":"standard","meta":{"_bbp_topic_count":0,"_bbp_reply_count":0,"_bbp_total_topic_count":0,"_bbp_total_reply_count":0,"_bbp_voice_count":0,"_bbp_anonymous_reply_count":0,"_bbp_topic_count_hidden":0,"_bbp_reply_count_hidden":0,"_bbp_forum_subforum_count":0,"buzzeditor_post_format":"","footnotes":""},"categories":[2],"tags":[],"class_list":["post-137969","post","type-post","status-publish","format-standard","has-post-thumbnail","hentry","category-noticias"],"yoast_head":"<!-- This site is optimized with the Yoast SEO plugin v27.5 - https:\/\/yoast.com\/product\/yoast-seo-wordpress\/ -->\n<title>Alianza para seguridad vial entre Guayaquil y Cuenca &#8211; QUEBAKAN.COM 2026: Noticias, Eventos, Conciertos y mucho m\u00e1s....<\/title>\n<meta name=\"robots\" content=\"index, follow, max-snippet:-1, max-image-preview:large, max-video-preview:-1\" \/>\n<link rel=\"canonical\" href=\"https:\/\/www.quebakan.com\/v15\/alianza-para-seguridad-vial-entre-guayaquil-y-cuenca\/\" \/>\n<meta property=\"og:locale\" content=\"es_ES\" \/>\n<meta property=\"og:type\" content=\"article\" \/>\n<meta property=\"og:title\" content=\"Alianza para seguridad vial entre Guayaquil y Cuenca &#8211; QUEBAKAN.COM 2026: Noticias, Eventos, Conciertos y mucho m\u00e1s....\" \/>\n<meta property=\"og:description\" content=\"AUDIOAUTO\u2013TRACKLINK y la Prefectura del Guayas sellan convenio. La empresa de rastreo vehicular se integra al sistema de videovigilancia provincial para monitorear un trayecto de casi 200 kil\u00f3metros, protegiendo a conductores y pasajeros. Guayaquil, 28 de noviembre de 2025.- La empresa ecuatoriana Audioauto S.A.S.\u2013Tracklink y la Prefectura del Guayas consolidaron una alianza estrat\u00e9gica para reforzar [&hellip;]\" \/>\n<meta property=\"og:url\" content=\"https:\/\/www.quebakan.com\/v15\/alianza-para-seguridad-vial-entre-guayaquil-y-cuenca\/\" \/>\n<meta property=\"og:site_name\" content=\"QUEBAKAN.COM 2026: Noticias, Eventos, Conciertos y mucho m\u00e1s....\" \/>\n<meta property=\"article:publisher\" content=\"http:\/\/www.facebook.com\/quebakan\" \/>\n<meta property=\"article:published_time\" content=\"2025-11-30T06:10:04+00:00\" \/>\n<meta property=\"og:image\" content=\"https:\/\/www.quebakan.com\/v15\/wp-content\/uploads\/2025\/11\/FOTO-1-3.jpg\" \/>\n\t<meta property=\"og:image:width\" content=\"466\" \/>\n\t<meta property=\"og:image:height\" content=\"700\" \/>\n\t<meta property=\"og:image:type\" content=\"image\/jpeg\" \/>\n<meta name=\"author\" content=\"Erick Villafuerte\" \/>\n<meta name=\"twitter:card\" content=\"summary_large_image\" \/>\n<meta name=\"twitter:creator\" content=\"@quebakanec\" \/>\n<meta name=\"twitter:site\" content=\"@quebakanec\" \/>\n<meta name=\"twitter:label1\" content=\"Escrito por\" \/>\n\t<meta name=\"twitter:data1\" content=\"Erick Villafuerte\" \/>\n\t<meta name=\"twitter:label2\" content=\"Tiempo de lectura\" \/>\n\t<meta name=\"twitter:data2\" content=\"3 minutos\" \/>\n<script type=\"application\/ld+json\" class=\"yoast-schema-graph\">{\"@context\":\"https:\\\/\\\/schema.org\",\"@graph\":[{\"@type\":\"Article\",\"@id\":\"https:\\\/\\\/www.quebakan.com\\\/v15\\\/alianza-para-seguridad-vial-entre-guayaquil-y-cuenca\\\/#article\",\"isPartOf\":{\"@id\":\"https:\\\/\\\/www.quebakan.com\\\/v15\\\/alianza-para-seguridad-vial-entre-guayaquil-y-cuenca\\\/\"},\"author\":{\"name\":\"Erick Villafuerte\",\"@id\":\"https:\\\/\\\/www.quebakan.com\\\/v15\\\/#\\\/schema\\\/person\\\/d90fa9f9cfa81eb8ace9811e5b7b9118\"},\"headline\":\"Alianza para seguridad vial entre Guayaquil y Cuenca\",\"datePublished\":\"2025-11-30T06:10:04+00:00\",\"mainEntityOfPage\":{\"@id\":\"https:\\\/\\\/www.quebakan.com\\\/v15\\\/alianza-para-seguridad-vial-entre-guayaquil-y-cuenca\\\/\"},\"wordCount\":444,\"publisher\":{\"@id\":\"https:\\\/\\\/www.quebakan.com\\\/v15\\\/#organization\"},\"image\":{\"@id\":\"https:\\\/\\\/www.quebakan.com\\\/v15\\\/alianza-para-seguridad-vial-entre-guayaquil-y-cuenca\\\/#primaryimage\"},\"thumbnailUrl\":\"https:\\\/\\\/www.quebakan.com\\\/v15\\\/wp-content\\\/uploads\\\/2025\\\/11\\\/FOTO-1-3.jpg\",\"articleSection\":[\"Noticias\"],\"inLanguage\":\"es\"},{\"@type\":\"WebPage\",\"@id\":\"https:\\\/\\\/www.quebakan.com\\\/v15\\\/alianza-para-seguridad-vial-entre-guayaquil-y-cuenca\\\/\",\"url\":\"https:\\\/\\\/www.quebakan.com\\\/v15\\\/alianza-para-seguridad-vial-entre-guayaquil-y-cuenca\\\/\",\"name\":\"Alianza para seguridad vial entre Guayaquil y Cuenca &#8211; QUEBAKAN.COM 2026: Noticias, Eventos, Conciertos y mucho m\u00e1s....\",\"isPartOf\":{\"@id\":\"https:\\\/\\\/www.quebakan.com\\\/v15\\\/#website\"},\"primaryImageOfPage\":{\"@id\":\"https:\\\/\\\/www.quebakan.com\\\/v15\\\/alianza-para-seguridad-vial-entre-guayaquil-y-cuenca\\\/#primaryimage\"},\"image\":{\"@id\":\"https:\\\/\\\/www.quebakan.com\\\/v15\\\/alianza-para-seguridad-vial-entre-guayaquil-y-cuenca\\\/#primaryimage\"},\"thumbnailUrl\":\"https:\\\/\\\/www.quebakan.com\\\/v15\\\/wp-content\\\/uploads\\\/2025\\\/11\\\/FOTO-1-3.jpg\",\"datePublished\":\"2025-11-30T06:10:04+00:00\",\"breadcrumb\":{\"@id\":\"https:\\\/\\\/www.quebakan.com\\\/v15\\\/alianza-para-seguridad-vial-entre-guayaquil-y-cuenca\\\/#breadcrumb\"},\"inLanguage\":\"es\",\"potentialAction\":[{\"@type\":\"ReadAction\",\"target\":[\"https:\\\/\\\/www.quebakan.com\\\/v15\\\/alianza-para-seguridad-vial-entre-guayaquil-y-cuenca\\\/\"]}]},{\"@type\":\"ImageObject\",\"inLanguage\":\"es\",\"@id\":\"https:\\\/\\\/www.quebakan.com\\\/v15\\\/alianza-para-seguridad-vial-entre-guayaquil-y-cuenca\\\/#primaryimage\",\"url\":\"https:\\\/\\\/www.quebakan.com\\\/v15\\\/wp-content\\\/uploads\\\/2025\\\/11\\\/FOTO-1-3.jpg\",\"contentUrl\":\"https:\\\/\\\/www.quebakan.com\\\/v15\\\/wp-content\\\/uploads\\\/2025\\\/11\\\/FOTO-1-3.jpg\",\"width\":466,\"height\":700},{\"@type\":\"BreadcrumbList\",\"@id\":\"https:\\\/\\\/www.quebakan.com\\\/v15\\\/alianza-para-seguridad-vial-entre-guayaquil-y-cuenca\\\/#breadcrumb\",\"itemListElement\":[{\"@type\":\"ListItem\",\"position\":1,\"name\":\"Portada\",\"item\":\"https:\\\/\\\/www.quebakan.com\\\/v15\\\/\"},{\"@type\":\"ListItem\",\"position\":2,\"name\":\"Alianza para seguridad vial entre Guayaquil y Cuenca\"}]},{\"@type\":\"WebSite\",\"@id\":\"https:\\\/\\\/www.quebakan.com\\\/v15\\\/#website\",\"url\":\"https:\\\/\\\/www.quebakan.com\\\/v15\\\/\",\"name\":\"QUEBAKAN\",\"description\":\"..\",\"publisher\":{\"@id\":\"https:\\\/\\\/www.quebakan.com\\\/v15\\\/#organization\"},\"potentialAction\":[{\"@type\":\"SearchAction\",\"target\":{\"@type\":\"EntryPoint\",\"urlTemplate\":\"https:\\\/\\\/www.quebakan.com\\\/v15\\\/?s={search_term_string}\"},\"query-input\":{\"@type\":\"PropertyValueSpecification\",\"valueRequired\":true,\"valueName\":\"search_term_string\"}}],\"inLanguage\":\"es\"},{\"@type\":\"Organization\",\"@id\":\"https:\\\/\\\/www.quebakan.com\\\/v15\\\/#organization\",\"name\":\"Quebakan.com\",\"url\":\"https:\\\/\\\/www.quebakan.com\\\/v15\\\/\",\"logo\":{\"@type\":\"ImageObject\",\"inLanguage\":\"es\",\"@id\":\"https:\\\/\\\/www.quebakan.com\\\/v15\\\/#\\\/schema\\\/logo\\\/image\\\/\",\"url\":\"https:\\\/\\\/www.quebakan.com\\\/v15\\\/wp-content\\\/uploads\\\/2023\\\/07\\\/logoquebakanenero2021.jpg\",\"contentUrl\":\"https:\\\/\\\/www.quebakan.com\\\/v15\\\/wp-content\\\/uploads\\\/2023\\\/07\\\/logoquebakanenero2021.jpg\",\"width\":1920,\"height\":1080,\"caption\":\"Quebakan.com\"},\"image\":{\"@id\":\"https:\\\/\\\/www.quebakan.com\\\/v15\\\/#\\\/schema\\\/logo\\\/image\\\/\"},\"sameAs\":[\"http:\\\/\\\/www.facebook.com\\\/quebakan\",\"https:\\\/\\\/x.com\\\/quebakanec\",\"http:\\\/\\\/www.instagram.com\\\/quebakan\",\"http:\\\/\\\/www.youtube.com\\\/quebakan1\"]},{\"@type\":\"Person\",\"@id\":\"https:\\\/\\\/www.quebakan.com\\\/v15\\\/#\\\/schema\\\/person\\\/d90fa9f9cfa81eb8ace9811e5b7b9118\",\"name\":\"Erick Villafuerte\",\"image\":{\"@type\":\"ImageObject\",\"inLanguage\":\"es\",\"@id\":\"https:\\\/\\\/www.quebakan.com\\\/v15\\\/wp-content\\\/uploads\\\/avatars\\\/4\\\/1731297654-bpfull.png\",\"url\":\"https:\\\/\\\/www.quebakan.com\\\/v15\\\/wp-content\\\/uploads\\\/avatars\\\/4\\\/1731297654-bpfull.png\",\"contentUrl\":\"https:\\\/\\\/www.quebakan.com\\\/v15\\\/wp-content\\\/uploads\\\/avatars\\\/4\\\/1731297654-bpfull.png\",\"caption\":\"Erick Villafuerte\"}}]}<\/script>\n<!-- \/ Yoast SEO plugin. -->","yoast_head_json":{"title":"Alianza para seguridad vial entre Guayaquil y Cuenca &#8211; QUEBAKAN.COM 2026: Noticias, Eventos, Conciertos y mucho m\u00e1s....","robots":{"index":"index","follow":"follow","max-snippet":"max-snippet:-1","max-image-preview":"max-image-preview:large","max-video-preview":"max-video-preview:-1"},"canonical":"https:\/\/www.quebakan.com\/v15\/alianza-para-seguridad-vial-entre-guayaquil-y-cuenca\/","og_locale":"es_ES","og_type":"article","og_title":"Alianza para seguridad vial entre Guayaquil y Cuenca &#8211; QUEBAKAN.COM 2026: Noticias, Eventos, Conciertos y mucho m\u00e1s....","og_description":"AUDIOAUTO\u2013TRACKLINK y la Prefectura del Guayas sellan convenio. La empresa de rastreo vehicular se integra al sistema de videovigilancia provincial para monitorear un trayecto de casi 200 kil\u00f3metros, protegiendo a conductores y pasajeros. Guayaquil, 28 de noviembre de 2025.- La empresa ecuatoriana Audioauto S.A.S.\u2013Tracklink y la Prefectura del Guayas consolidaron una alianza estrat\u00e9gica para reforzar [&hellip;]","og_url":"https:\/\/www.quebakan.com\/v15\/alianza-para-seguridad-vial-entre-guayaquil-y-cuenca\/","og_site_name":"QUEBAKAN.COM 2026: Noticias, Eventos, Conciertos y mucho m\u00e1s....","article_publisher":"http:\/\/www.facebook.com\/quebakan","article_published_time":"2025-11-30T06:10:04+00:00","og_image":[{"width":466,"height":700,"url":"https:\/\/www.quebakan.com\/v15\/wp-content\/uploads\/2025\/11\/FOTO-1-3.jpg","type":"image\/jpeg"}],"author":"Erick Villafuerte","twitter_card":"summary_large_image","twitter_creator":"@quebakanec","twitter_site":"@quebakanec","twitter_misc":{"Escrito por":"Erick Villafuerte","Tiempo de lectura":"3 minutos"},"schema":{"@context":"https:\/\/schema.org","@graph":[{"@type":"Article","@id":"https:\/\/www.quebakan.com\/v15\/alianza-para-seguridad-vial-entre-guayaquil-y-cuenca\/#article","isPartOf":{"@id":"https:\/\/www.quebakan.com\/v15\/alianza-para-seguridad-vial-entre-guayaquil-y-cuenca\/"},"author":{"name":"Erick Villafuerte","@id":"https:\/\/www.quebakan.com\/v15\/#\/schema\/person\/d90fa9f9cfa81eb8ace9811e5b7b9118"},"headline":"Alianza para seguridad vial entre Guayaquil y Cuenca","datePublished":"2025-11-30T06:10:04+00:00","mainEntityOfPage":{"@id":"https:\/\/www.quebakan.com\/v15\/alianza-para-seguridad-vial-entre-guayaquil-y-cuenca\/"},"wordCount":444,"publisher":{"@id":"https:\/\/www.quebakan.com\/v15\/#organization"},"image":{"@id":"https:\/\/www.quebakan.com\/v15\/alianza-para-seguridad-vial-entre-guayaquil-y-cuenca\/#primaryimage"},"thumbnailUrl":"https:\/\/www.quebakan.com\/v15\/wp-content\/uploads\/2025\/11\/FOTO-1-3.jpg","articleSection":["Noticias"],"inLanguage":"es"},{"@type":"WebPage","@id":"https:\/\/www.quebakan.com\/v15\/alianza-para-seguridad-vial-entre-guayaquil-y-cuenca\/","url":"https:\/\/www.quebakan.com\/v15\/alianza-para-seguridad-vial-entre-guayaquil-y-cuenca\/","name":"Alianza para seguridad vial entre Guayaquil y Cuenca &#8211; QUEBAKAN.COM 2026: Noticias, Eventos, Conciertos y mucho m\u00e1s....","isPartOf":{"@id":"https:\/\/www.quebakan.com\/v15\/#website"},"primaryImageOfPage":{"@id":"https:\/\/www.quebakan.com\/v15\/alianza-para-seguridad-vial-entre-guayaquil-y-cuenca\/#primaryimage"},"image":{"@id":"https:\/\/www.quebakan.com\/v15\/alianza-para-seguridad-vial-entre-guayaquil-y-cuenca\/#primaryimage"},"thumbnailUrl":"https:\/\/www.quebakan.com\/v15\/wp-content\/uploads\/2025\/11\/FOTO-1-3.jpg","datePublished":"2025-11-30T06:10:04+00:00","breadcrumb":{"@id":"https:\/\/www.quebakan.com\/v15\/alianza-para-seguridad-vial-entre-guayaquil-y-cuenca\/#breadcrumb"},"inLanguage":"es","potentialAction":[{"@type":"ReadAction","target":["https:\/\/www.quebakan.com\/v15\/alianza-para-seguridad-vial-entre-guayaquil-y-cuenca\/"]}]},{"@type":"ImageObject","inLanguage":"es","@id":"https:\/\/www.quebakan.com\/v15\/alianza-para-seguridad-vial-entre-guayaquil-y-cuenca\/#primaryimage","url":"https:\/\/www.quebakan.com\/v15\/wp-content\/uploads\/2025\/11\/FOTO-1-3.jpg","contentUrl":"https:\/\/www.quebakan.com\/v15\/wp-content\/uploads\/2025\/11\/FOTO-1-3.jpg","width":466,"height":700},{"@type":"BreadcrumbList","@id":"https:\/\/www.quebakan.com\/v15\/alianza-para-seguridad-vial-entre-guayaquil-y-cuenca\/#breadcrumb","itemListElement":[{"@type":"ListItem","position":1,"name":"Portada","item":"https:\/\/www.quebakan.com\/v15\/"},{"@type":"ListItem","position":2,"name":"Alianza para seguridad vial entre Guayaquil y Cuenca"}]},{"@type":"WebSite","@id":"https:\/\/www.quebakan.com\/v15\/#website","url":"https:\/\/www.quebakan.com\/v15\/","name":"QUEBAKAN","description":"..","publisher":{"@id":"https:\/\/www.quebakan.com\/v15\/#organization"},"potentialAction":[{"@type":"SearchAction","target":{"@type":"EntryPoint","urlTemplate":"https:\/\/www.quebakan.com\/v15\/?s={search_term_string}"},"query-input":{"@type":"PropertyValueSpecification","valueRequired":true,"valueName":"search_term_string"}}],"inLanguage":"es"},{"@type":"Organization","@id":"https:\/\/www.quebakan.com\/v15\/#organization","name":"Quebakan.com","url":"https:\/\/www.quebakan.com\/v15\/","logo":{"@type":"ImageObject","inLanguage":"es","@id":"https:\/\/www.quebakan.com\/v15\/#\/schema\/logo\/image\/","url":"https:\/\/www.quebakan.com\/v15\/wp-content\/uploads\/2023\/07\/logoquebakanenero2021.jpg","contentUrl":"https:\/\/www.quebakan.com\/v15\/wp-content\/uploads\/2023\/07\/logoquebakanenero2021.jpg","width":1920,"height":1080,"caption":"Quebakan.com"},"image":{"@id":"https:\/\/www.quebakan.com\/v15\/#\/schema\/logo\/image\/"},"sameAs":["http:\/\/www.facebook.com\/quebakan","https:\/\/x.com\/quebakanec","http:\/\/www.instagram.com\/quebakan","http:\/\/www.youtube.com\/quebakan1"]},{"@type":"Person","@id":"https:\/\/www.quebakan.com\/v15\/#\/schema\/person\/d90fa9f9cfa81eb8ace9811e5b7b9118","name":"Erick Villafuerte","image":{"@type":"ImageObject","inLanguage":"es","@id":"https:\/\/www.quebakan.com\/v15\/wp-content\/uploads\/avatars\/4\/1731297654-bpfull.png","url":"https:\/\/www.quebakan.com\/v15\/wp-content\/uploads\/avatars\/4\/1731297654-bpfull.png","contentUrl":"https:\/\/www.quebakan.com\/v15\/wp-content\/uploads\/avatars\/4\/1731297654-bpfull.png","caption":"Erick Villafuerte"}}]}},"_links":{"self":[{"href":"https:\/\/www.quebakan.com\/v15\/wp-json\/wp\/v2\/posts\/137969","targetHints":{"allow":["GET"]}}],"collection":[{"href":"https:\/\/www.quebakan.com\/v15\/wp-json\/wp\/v2\/posts"}],"about":[{"href":"https:\/\/www.quebakan.com\/v15\/wp-json\/wp\/v2\/types\/post"}],"author":[{"embeddable":true,"href":"https:\/\/www.quebakan.com\/v15\/wp-json\/wp\/v2\/users\/4"}],"replies":[{"embeddable":true,"href":"https:\/\/www.quebakan.com\/v15\/wp-json\/wp\/v2\/comments?post=137969"}],"version-history":[{"count":1,"href":"https:\/\/www.quebakan.com\/v15\/wp-json\/wp\/v2\/posts\/137969\/revisions"}],"predecessor-version":[{"id":137973,"href":"https:\/\/www.quebakan.com\/v15\/wp-json\/wp\/v2\/posts\/137969\/revisions\/137973"}],"wp:featuredmedia":[{"embeddable":true,"href":"https:\/\/www.quebakan.com\/v15\/wp-json\/wp\/v2\/media\/137970"}],"wp:attachment":[{"href":"https:\/\/www.quebakan.com\/v15\/wp-json\/wp\/v2\/media?parent=137969"}],"wp:term":[{"taxonomy":"category","embeddable":true,"href":"https:\/\/www.quebakan.com\/v15\/wp-json\/wp\/v2\/categories?post=137969"},{"taxonomy":"post_tag","embeddable":true,"href":"https:\/\/www.quebakan.com\/v15\/wp-json\/wp\/v2\/tags?post=137969"}],"curies":[{"name":"wp","href":"https:\/\/api.w.org\/{rel}","templated":true}]}}