{"id":137974,"date":"2025-11-30T11:00:55","date_gmt":"2025-11-30T16:00:55","guid":{"rendered":"https:\/\/www.quebakan.com\/v15\/?p=137974"},"modified":"2025-11-30T11:00:55","modified_gmt":"2025-11-30T16:00:55","slug":"merco-empresas-2025-reconoce-el-crecimiento-reputacional-de-humana-en-ecuador","status":"publish","type":"post","link":"https:\/\/www.quebakan.com\/v15\/merco-empresas-2025-reconoce-el-crecimiento-reputacional-de-humana-en-ecuador\/","title":{"rendered":"Merco Empresas 2025 reconoce el crecimiento reputacional de Humana en Ecuador"},"content":{"rendered":"<p><img fetchpriority=\"high\" decoding=\"async\" class=\"aligncenter size-full wp-image-137975\" src=\"https:\/\/www.quebakan.com\/v15\/wp-content\/uploads\/2025\/11\/Merco-H.jpg\" alt=\"\" width=\"700\" height=\"525\" \/><\/p>\n<p style=\"text-align: justify;\"><span style=\"color: #000000;\"><strong>De izquierda a derecha:<\/strong> Patricio Rodr\u00edguez, Gerente de Ventas Regional Humana; Jasm\u00edn Mendizabal, Gerente de Marketing Humana; Jos\u00e9 Manuel Lancha, Director Corporativo Merco Espa\u00f1a.<\/span><\/p>\n<p style=\"text-align: justify;\"><span style=\"color: #000000;\"><strong>Quito, noviembre de 2025.<\/strong> La \u00faltima edici\u00f3n del ranking Merco Empresas 2025 posicion\u00f3 a Humana en el puesto 65 entre las compa\u00f1\u00edas con mejor reputaci\u00f3n corporativa en el pa\u00eds, consolidando su presencia dentro de este \u00edndice de referencia para el entorno empresarial ecuatoriano. La evoluci\u00f3n alcanzada este a\u00f1o evidencia el fortalecimiento de sus procesos, la mejora en la calidad de sus servicios y la confianza sostenida de sus usuarios.<\/span><\/p>\n<p style=\"text-align: justify;\"><span style=\"color: #000000;\">El resultado marca un hito para la organizaci\u00f3n, que en 2024 ingres\u00f3 por primera vez al ranking en la posici\u00f3n 92. Escalar 27 puestos en un a\u00f1o refleja un desempe\u00f1o institucional s\u00f3lido, impulsado por mejoras en la gesti\u00f3n, avances en la experiencia del usuario y una estrategia centrada en responder a las necesidades reales del mercado.<\/span><\/p>\n<p style=\"text-align: justify;\"><span style=\"color: #000000;\">Este crecimiento dentro de Merco Empresas, uno de los monitores de reputaci\u00f3n corporativa m\u00e1s reconocidos en Iberoam\u00e9rica, evidencia una tendencia sostenida de fortalecimiento reputacional y una mayor visibilidad en el ecosistema empresarial ecuatoriano.<\/span><\/p>\n","protected":false},"excerpt":{"rendered":"<p>De izquierda a derecha: Patricio Rodr\u00edguez, Gerente de Ventas Regional Humana; Jasm\u00edn Mendizabal, Gerente de Marketing Humana; Jos\u00e9 Manuel Lancha, Director Corporativo Merco Espa\u00f1a. Quito, noviembre de 2025. La \u00faltima edici\u00f3n del ranking Merco Empresas 2025 posicion\u00f3 a Humana en el puesto 65 entre las compa\u00f1\u00edas con mejor reputaci\u00f3n corporativa en el pa\u00eds, consolidando su [&hellip;]<\/p>\n","protected":false},"author":4,"featured_media":137975,"comment_status":"closed","ping_status":"closed","sticky":false,"template":"","format":"standard","meta":{"_bbp_topic_count":0,"_bbp_reply_count":0,"_bbp_total_topic_count":0,"_bbp_total_reply_count":0,"_bbp_voice_count":0,"_bbp_anonymous_reply_count":0,"_bbp_topic_count_hidden":0,"_bbp_reply_count_hidden":0,"_bbp_forum_subforum_count":0,"buzzeditor_post_format":"","footnotes":""},"categories":[2],"tags":[],"class_list":["post-137974","post","type-post","status-publish","format-standard","has-post-thumbnail","hentry","category-noticias"],"yoast_head":"<!-- This site is optimized with the Yoast SEO plugin v27.5 - https:\/\/yoast.com\/product\/yoast-seo-wordpress\/ -->\n<title>Merco Empresas 2025 reconoce el crecimiento reputacional de Humana en Ecuador &#8211; QUEBAKAN.COM 2026: Noticias, Eventos, Conciertos y mucho m\u00e1s....<\/title>\n<meta name=\"robots\" content=\"index, follow, max-snippet:-1, max-image-preview:large, max-video-preview:-1\" \/>\n<link rel=\"canonical\" href=\"https:\/\/www.quebakan.com\/v15\/merco-empresas-2025-reconoce-el-crecimiento-reputacional-de-humana-en-ecuador\/\" \/>\n<meta property=\"og:locale\" content=\"es_ES\" \/>\n<meta property=\"og:type\" content=\"article\" \/>\n<meta property=\"og:title\" content=\"Merco Empresas 2025 reconoce el crecimiento reputacional de Humana en Ecuador &#8211; QUEBAKAN.COM 2026: Noticias, Eventos, Conciertos y mucho m\u00e1s....\" \/>\n<meta property=\"og:description\" content=\"De izquierda a derecha: Patricio Rodr\u00edguez, Gerente de Ventas Regional Humana; Jasm\u00edn Mendizabal, Gerente de Marketing Humana; Jos\u00e9 Manuel Lancha, Director Corporativo Merco Espa\u00f1a. Quito, noviembre de 2025. La \u00faltima edici\u00f3n del ranking Merco Empresas 2025 posicion\u00f3 a Humana en el puesto 65 entre las compa\u00f1\u00edas con mejor reputaci\u00f3n corporativa en el pa\u00eds, consolidando su [&hellip;]\" \/>\n<meta property=\"og:url\" content=\"https:\/\/www.quebakan.com\/v15\/merco-empresas-2025-reconoce-el-crecimiento-reputacional-de-humana-en-ecuador\/\" \/>\n<meta property=\"og:site_name\" content=\"QUEBAKAN.COM 2026: Noticias, Eventos, Conciertos y mucho m\u00e1s....\" \/>\n<meta property=\"article:publisher\" content=\"http:\/\/www.facebook.com\/quebakan\" \/>\n<meta property=\"article:published_time\" content=\"2025-11-30T16:00:55+00:00\" \/>\n<meta property=\"og:image\" content=\"https:\/\/www.quebakan.com\/v15\/wp-content\/uploads\/2025\/11\/Merco-H.jpg\" \/>\n\t<meta property=\"og:image:width\" content=\"700\" \/>\n\t<meta property=\"og:image:height\" content=\"525\" \/>\n\t<meta property=\"og:image:type\" content=\"image\/jpeg\" \/>\n<meta name=\"author\" content=\"Erick Villafuerte\" \/>\n<meta name=\"twitter:card\" content=\"summary_large_image\" \/>\n<meta name=\"twitter:creator\" content=\"@quebakanec\" \/>\n<meta name=\"twitter:site\" content=\"@quebakanec\" \/>\n<meta name=\"twitter:label1\" content=\"Escrito por\" \/>\n\t<meta name=\"twitter:data1\" content=\"Erick Villafuerte\" \/>\n\t<meta name=\"twitter:label2\" content=\"Tiempo de lectura\" \/>\n\t<meta name=\"twitter:data2\" content=\"2 minutos\" \/>\n<script type=\"application\/ld+json\" class=\"yoast-schema-graph\">{\"@context\":\"https:\\\/\\\/schema.org\",\"@graph\":[{\"@type\":\"Article\",\"@id\":\"https:\\\/\\\/www.quebakan.com\\\/v15\\\/merco-empresas-2025-reconoce-el-crecimiento-reputacional-de-humana-en-ecuador\\\/#article\",\"isPartOf\":{\"@id\":\"https:\\\/\\\/www.quebakan.com\\\/v15\\\/merco-empresas-2025-reconoce-el-crecimiento-reputacional-de-humana-en-ecuador\\\/\"},\"author\":{\"name\":\"Erick Villafuerte\",\"@id\":\"https:\\\/\\\/www.quebakan.com\\\/v15\\\/#\\\/schema\\\/person\\\/d90fa9f9cfa81eb8ace9811e5b7b9118\"},\"headline\":\"Merco Empresas 2025 reconoce el crecimiento reputacional de Humana en Ecuador\",\"datePublished\":\"2025-11-30T16:00:55+00:00\",\"mainEntityOfPage\":{\"@id\":\"https:\\\/\\\/www.quebakan.com\\\/v15\\\/merco-empresas-2025-reconoce-el-crecimiento-reputacional-de-humana-en-ecuador\\\/\"},\"wordCount\":204,\"publisher\":{\"@id\":\"https:\\\/\\\/www.quebakan.com\\\/v15\\\/#organization\"},\"image\":{\"@id\":\"https:\\\/\\\/www.quebakan.com\\\/v15\\\/merco-empresas-2025-reconoce-el-crecimiento-reputacional-de-humana-en-ecuador\\\/#primaryimage\"},\"thumbnailUrl\":\"https:\\\/\\\/www.quebakan.com\\\/v15\\\/wp-content\\\/uploads\\\/2025\\\/11\\\/Merco-H.jpg\",\"articleSection\":[\"Noticias\"],\"inLanguage\":\"es\"},{\"@type\":\"WebPage\",\"@id\":\"https:\\\/\\\/www.quebakan.com\\\/v15\\\/merco-empresas-2025-reconoce-el-crecimiento-reputacional-de-humana-en-ecuador\\\/\",\"url\":\"https:\\\/\\\/www.quebakan.com\\\/v15\\\/merco-empresas-2025-reconoce-el-crecimiento-reputacional-de-humana-en-ecuador\\\/\",\"name\":\"Merco Empresas 2025 reconoce el crecimiento reputacional de Humana en Ecuador &#8211; QUEBAKAN.COM 2026: Noticias, Eventos, Conciertos y mucho m\u00e1s....\",\"isPartOf\":{\"@id\":\"https:\\\/\\\/www.quebakan.com\\\/v15\\\/#website\"},\"primaryImageOfPage\":{\"@id\":\"https:\\\/\\\/www.quebakan.com\\\/v15\\\/merco-empresas-2025-reconoce-el-crecimiento-reputacional-de-humana-en-ecuador\\\/#primaryimage\"},\"image\":{\"@id\":\"https:\\\/\\\/www.quebakan.com\\\/v15\\\/merco-empresas-2025-reconoce-el-crecimiento-reputacional-de-humana-en-ecuador\\\/#primaryimage\"},\"thumbnailUrl\":\"https:\\\/\\\/www.quebakan.com\\\/v15\\\/wp-content\\\/uploads\\\/2025\\\/11\\\/Merco-H.jpg\",\"datePublished\":\"2025-11-30T16:00:55+00:00\",\"breadcrumb\":{\"@id\":\"https:\\\/\\\/www.quebakan.com\\\/v15\\\/merco-empresas-2025-reconoce-el-crecimiento-reputacional-de-humana-en-ecuador\\\/#breadcrumb\"},\"inLanguage\":\"es\",\"potentialAction\":[{\"@type\":\"ReadAction\",\"target\":[\"https:\\\/\\\/www.quebakan.com\\\/v15\\\/merco-empresas-2025-reconoce-el-crecimiento-reputacional-de-humana-en-ecuador\\\/\"]}]},{\"@type\":\"ImageObject\",\"inLanguage\":\"es\",\"@id\":\"https:\\\/\\\/www.quebakan.com\\\/v15\\\/merco-empresas-2025-reconoce-el-crecimiento-reputacional-de-humana-en-ecuador\\\/#primaryimage\",\"url\":\"https:\\\/\\\/www.quebakan.com\\\/v15\\\/wp-content\\\/uploads\\\/2025\\\/11\\\/Merco-H.jpg\",\"contentUrl\":\"https:\\\/\\\/www.quebakan.com\\\/v15\\\/wp-content\\\/uploads\\\/2025\\\/11\\\/Merco-H.jpg\",\"width\":700,\"height\":525},{\"@type\":\"BreadcrumbList\",\"@id\":\"https:\\\/\\\/www.quebakan.com\\\/v15\\\/merco-empresas-2025-reconoce-el-crecimiento-reputacional-de-humana-en-ecuador\\\/#breadcrumb\",\"itemListElement\":[{\"@type\":\"ListItem\",\"position\":1,\"name\":\"Portada\",\"item\":\"https:\\\/\\\/www.quebakan.com\\\/v15\\\/\"},{\"@type\":\"ListItem\",\"position\":2,\"name\":\"Merco Empresas 2025 reconoce el crecimiento reputacional de Humana en Ecuador\"}]},{\"@type\":\"WebSite\",\"@id\":\"https:\\\/\\\/www.quebakan.com\\\/v15\\\/#website\",\"url\":\"https:\\\/\\\/www.quebakan.com\\\/v15\\\/\",\"name\":\"QUEBAKAN\",\"description\":\"..\",\"publisher\":{\"@id\":\"https:\\\/\\\/www.quebakan.com\\\/v15\\\/#organization\"},\"potentialAction\":[{\"@type\":\"SearchAction\",\"target\":{\"@type\":\"EntryPoint\",\"urlTemplate\":\"https:\\\/\\\/www.quebakan.com\\\/v15\\\/?s={search_term_string}\"},\"query-input\":{\"@type\":\"PropertyValueSpecification\",\"valueRequired\":true,\"valueName\":\"search_term_string\"}}],\"inLanguage\":\"es\"},{\"@type\":\"Organization\",\"@id\":\"https:\\\/\\\/www.quebakan.com\\\/v15\\\/#organization\",\"name\":\"Quebakan.com\",\"url\":\"https:\\\/\\\/www.quebakan.com\\\/v15\\\/\",\"logo\":{\"@type\":\"ImageObject\",\"inLanguage\":\"es\",\"@id\":\"https:\\\/\\\/www.quebakan.com\\\/v15\\\/#\\\/schema\\\/logo\\\/image\\\/\",\"url\":\"https:\\\/\\\/www.quebakan.com\\\/v15\\\/wp-content\\\/uploads\\\/2023\\\/07\\\/logoquebakanenero2021.jpg\",\"contentUrl\":\"https:\\\/\\\/www.quebakan.com\\\/v15\\\/wp-content\\\/uploads\\\/2023\\\/07\\\/logoquebakanenero2021.jpg\",\"width\":1920,\"height\":1080,\"caption\":\"Quebakan.com\"},\"image\":{\"@id\":\"https:\\\/\\\/www.quebakan.com\\\/v15\\\/#\\\/schema\\\/logo\\\/image\\\/\"},\"sameAs\":[\"http:\\\/\\\/www.facebook.com\\\/quebakan\",\"https:\\\/\\\/x.com\\\/quebakanec\",\"http:\\\/\\\/www.instagram.com\\\/quebakan\",\"http:\\\/\\\/www.youtube.com\\\/quebakan1\"]},{\"@type\":\"Person\",\"@id\":\"https:\\\/\\\/www.quebakan.com\\\/v15\\\/#\\\/schema\\\/person\\\/d90fa9f9cfa81eb8ace9811e5b7b9118\",\"name\":\"Erick Villafuerte\",\"image\":{\"@type\":\"ImageObject\",\"inLanguage\":\"es\",\"@id\":\"https:\\\/\\\/www.quebakan.com\\\/v15\\\/wp-content\\\/uploads\\\/avatars\\\/4\\\/1731297654-bpfull.png\",\"url\":\"https:\\\/\\\/www.quebakan.com\\\/v15\\\/wp-content\\\/uploads\\\/avatars\\\/4\\\/1731297654-bpfull.png\",\"contentUrl\":\"https:\\\/\\\/www.quebakan.com\\\/v15\\\/wp-content\\\/uploads\\\/avatars\\\/4\\\/1731297654-bpfull.png\",\"caption\":\"Erick Villafuerte\"}}]}<\/script>\n<!-- \/ Yoast SEO plugin. -->","yoast_head_json":{"title":"Merco Empresas 2025 reconoce el crecimiento reputacional de Humana en Ecuador &#8211; QUEBAKAN.COM 2026: Noticias, Eventos, Conciertos y mucho m\u00e1s....","robots":{"index":"index","follow":"follow","max-snippet":"max-snippet:-1","max-image-preview":"max-image-preview:large","max-video-preview":"max-video-preview:-1"},"canonical":"https:\/\/www.quebakan.com\/v15\/merco-empresas-2025-reconoce-el-crecimiento-reputacional-de-humana-en-ecuador\/","og_locale":"es_ES","og_type":"article","og_title":"Merco Empresas 2025 reconoce el crecimiento reputacional de Humana en Ecuador &#8211; QUEBAKAN.COM 2026: Noticias, Eventos, Conciertos y mucho m\u00e1s....","og_description":"De izquierda a derecha: Patricio Rodr\u00edguez, Gerente de Ventas Regional Humana; Jasm\u00edn Mendizabal, Gerente de Marketing Humana; Jos\u00e9 Manuel Lancha, Director Corporativo Merco Espa\u00f1a. Quito, noviembre de 2025. La \u00faltima edici\u00f3n del ranking Merco Empresas 2025 posicion\u00f3 a Humana en el puesto 65 entre las compa\u00f1\u00edas con mejor reputaci\u00f3n corporativa en el pa\u00eds, consolidando su [&hellip;]","og_url":"https:\/\/www.quebakan.com\/v15\/merco-empresas-2025-reconoce-el-crecimiento-reputacional-de-humana-en-ecuador\/","og_site_name":"QUEBAKAN.COM 2026: Noticias, Eventos, Conciertos y mucho m\u00e1s....","article_publisher":"http:\/\/www.facebook.com\/quebakan","article_published_time":"2025-11-30T16:00:55+00:00","og_image":[{"width":700,"height":525,"url":"https:\/\/www.quebakan.com\/v15\/wp-content\/uploads\/2025\/11\/Merco-H.jpg","type":"image\/jpeg"}],"author":"Erick Villafuerte","twitter_card":"summary_large_image","twitter_creator":"@quebakanec","twitter_site":"@quebakanec","twitter_misc":{"Escrito por":"Erick Villafuerte","Tiempo de lectura":"2 minutos"},"schema":{"@context":"https:\/\/schema.org","@graph":[{"@type":"Article","@id":"https:\/\/www.quebakan.com\/v15\/merco-empresas-2025-reconoce-el-crecimiento-reputacional-de-humana-en-ecuador\/#article","isPartOf":{"@id":"https:\/\/www.quebakan.com\/v15\/merco-empresas-2025-reconoce-el-crecimiento-reputacional-de-humana-en-ecuador\/"},"author":{"name":"Erick Villafuerte","@id":"https:\/\/www.quebakan.com\/v15\/#\/schema\/person\/d90fa9f9cfa81eb8ace9811e5b7b9118"},"headline":"Merco Empresas 2025 reconoce el crecimiento reputacional de Humana en Ecuador","datePublished":"2025-11-30T16:00:55+00:00","mainEntityOfPage":{"@id":"https:\/\/www.quebakan.com\/v15\/merco-empresas-2025-reconoce-el-crecimiento-reputacional-de-humana-en-ecuador\/"},"wordCount":204,"publisher":{"@id":"https:\/\/www.quebakan.com\/v15\/#organization"},"image":{"@id":"https:\/\/www.quebakan.com\/v15\/merco-empresas-2025-reconoce-el-crecimiento-reputacional-de-humana-en-ecuador\/#primaryimage"},"thumbnailUrl":"https:\/\/www.quebakan.com\/v15\/wp-content\/uploads\/2025\/11\/Merco-H.jpg","articleSection":["Noticias"],"inLanguage":"es"},{"@type":"WebPage","@id":"https:\/\/www.quebakan.com\/v15\/merco-empresas-2025-reconoce-el-crecimiento-reputacional-de-humana-en-ecuador\/","url":"https:\/\/www.quebakan.com\/v15\/merco-empresas-2025-reconoce-el-crecimiento-reputacional-de-humana-en-ecuador\/","name":"Merco Empresas 2025 reconoce el crecimiento reputacional de Humana en Ecuador &#8211; QUEBAKAN.COM 2026: Noticias, Eventos, Conciertos y mucho m\u00e1s....","isPartOf":{"@id":"https:\/\/www.quebakan.com\/v15\/#website"},"primaryImageOfPage":{"@id":"https:\/\/www.quebakan.com\/v15\/merco-empresas-2025-reconoce-el-crecimiento-reputacional-de-humana-en-ecuador\/#primaryimage"},"image":{"@id":"https:\/\/www.quebakan.com\/v15\/merco-empresas-2025-reconoce-el-crecimiento-reputacional-de-humana-en-ecuador\/#primaryimage"},"thumbnailUrl":"https:\/\/www.quebakan.com\/v15\/wp-content\/uploads\/2025\/11\/Merco-H.jpg","datePublished":"2025-11-30T16:00:55+00:00","breadcrumb":{"@id":"https:\/\/www.quebakan.com\/v15\/merco-empresas-2025-reconoce-el-crecimiento-reputacional-de-humana-en-ecuador\/#breadcrumb"},"inLanguage":"es","potentialAction":[{"@type":"ReadAction","target":["https:\/\/www.quebakan.com\/v15\/merco-empresas-2025-reconoce-el-crecimiento-reputacional-de-humana-en-ecuador\/"]}]},{"@type":"ImageObject","inLanguage":"es","@id":"https:\/\/www.quebakan.com\/v15\/merco-empresas-2025-reconoce-el-crecimiento-reputacional-de-humana-en-ecuador\/#primaryimage","url":"https:\/\/www.quebakan.com\/v15\/wp-content\/uploads\/2025\/11\/Merco-H.jpg","contentUrl":"https:\/\/www.quebakan.com\/v15\/wp-content\/uploads\/2025\/11\/Merco-H.jpg","width":700,"height":525},{"@type":"BreadcrumbList","@id":"https:\/\/www.quebakan.com\/v15\/merco-empresas-2025-reconoce-el-crecimiento-reputacional-de-humana-en-ecuador\/#breadcrumb","itemListElement":[{"@type":"ListItem","position":1,"name":"Portada","item":"https:\/\/www.quebakan.com\/v15\/"},{"@type":"ListItem","position":2,"name":"Merco Empresas 2025 reconoce el crecimiento reputacional de Humana en Ecuador"}]},{"@type":"WebSite","@id":"https:\/\/www.quebakan.com\/v15\/#website","url":"https:\/\/www.quebakan.com\/v15\/","name":"QUEBAKAN","description":"..","publisher":{"@id":"https:\/\/www.quebakan.com\/v15\/#organization"},"potentialAction":[{"@type":"SearchAction","target":{"@type":"EntryPoint","urlTemplate":"https:\/\/www.quebakan.com\/v15\/?s={search_term_string}"},"query-input":{"@type":"PropertyValueSpecification","valueRequired":true,"valueName":"search_term_string"}}],"inLanguage":"es"},{"@type":"Organization","@id":"https:\/\/www.quebakan.com\/v15\/#organization","name":"Quebakan.com","url":"https:\/\/www.quebakan.com\/v15\/","logo":{"@type":"ImageObject","inLanguage":"es","@id":"https:\/\/www.quebakan.com\/v15\/#\/schema\/logo\/image\/","url":"https:\/\/www.quebakan.com\/v15\/wp-content\/uploads\/2023\/07\/logoquebakanenero2021.jpg","contentUrl":"https:\/\/www.quebakan.com\/v15\/wp-content\/uploads\/2023\/07\/logoquebakanenero2021.jpg","width":1920,"height":1080,"caption":"Quebakan.com"},"image":{"@id":"https:\/\/www.quebakan.com\/v15\/#\/schema\/logo\/image\/"},"sameAs":["http:\/\/www.facebook.com\/quebakan","https:\/\/x.com\/quebakanec","http:\/\/www.instagram.com\/quebakan","http:\/\/www.youtube.com\/quebakan1"]},{"@type":"Person","@id":"https:\/\/www.quebakan.com\/v15\/#\/schema\/person\/d90fa9f9cfa81eb8ace9811e5b7b9118","name":"Erick Villafuerte","image":{"@type":"ImageObject","inLanguage":"es","@id":"https:\/\/www.quebakan.com\/v15\/wp-content\/uploads\/avatars\/4\/1731297654-bpfull.png","url":"https:\/\/www.quebakan.com\/v15\/wp-content\/uploads\/avatars\/4\/1731297654-bpfull.png","contentUrl":"https:\/\/www.quebakan.com\/v15\/wp-content\/uploads\/avatars\/4\/1731297654-bpfull.png","caption":"Erick Villafuerte"}}]}},"_links":{"self":[{"href":"https:\/\/www.quebakan.com\/v15\/wp-json\/wp\/v2\/posts\/137974","targetHints":{"allow":["GET"]}}],"collection":[{"href":"https:\/\/www.quebakan.com\/v15\/wp-json\/wp\/v2\/posts"}],"about":[{"href":"https:\/\/www.quebakan.com\/v15\/wp-json\/wp\/v2\/types\/post"}],"author":[{"embeddable":true,"href":"https:\/\/www.quebakan.com\/v15\/wp-json\/wp\/v2\/users\/4"}],"replies":[{"embeddable":true,"href":"https:\/\/www.quebakan.com\/v15\/wp-json\/wp\/v2\/comments?post=137974"}],"version-history":[{"count":1,"href":"https:\/\/www.quebakan.com\/v15\/wp-json\/wp\/v2\/posts\/137974\/revisions"}],"predecessor-version":[{"id":137976,"href":"https:\/\/www.quebakan.com\/v15\/wp-json\/wp\/v2\/posts\/137974\/revisions\/137976"}],"wp:featuredmedia":[{"embeddable":true,"href":"https:\/\/www.quebakan.com\/v15\/wp-json\/wp\/v2\/media\/137975"}],"wp:attachment":[{"href":"https:\/\/www.quebakan.com\/v15\/wp-json\/wp\/v2\/media?parent=137974"}],"wp:term":[{"taxonomy":"category","embeddable":true,"href":"https:\/\/www.quebakan.com\/v15\/wp-json\/wp\/v2\/categories?post=137974"},{"taxonomy":"post_tag","embeddable":true,"href":"https:\/\/www.quebakan.com\/v15\/wp-json\/wp\/v2\/tags?post=137974"}],"curies":[{"name":"wp","href":"https:\/\/api.w.org\/{rel}","templated":true}]}}