{"id":137987,"date":"2025-12-01T15:08:38","date_gmt":"2025-12-01T20:08:38","guid":{"rendered":"https:\/\/www.quebakan.com\/v15\/?p=137987"},"modified":"2025-12-01T15:08:38","modified_gmt":"2025-12-01T20:08:38","slug":"el-consumo-en-modo-chulla-tendencias-de-los-quitenos-durante-sus-fiestas","status":"publish","type":"post","link":"https:\/\/www.quebakan.com\/v15\/el-consumo-en-modo-chulla-tendencias-de-los-quitenos-durante-sus-fiestas\/","title":{"rendered":"El consumo en modo chulla: tendencias de los quite\u00f1os durante sus fiestas"},"content":{"rendered":"<p><img fetchpriority=\"high\" decoding=\"async\" class=\"aligncenter size-full wp-image-137988\" src=\"https:\/\/www.quebakan.com\/v15\/wp-content\/uploads\/2025\/12\/251201_FotoAM_FiestasDeQuito.jpg\" alt=\"\" width=\"700\" height=\"467\" \/><\/p>\n<p style=\"text-align: justify;\"><span style=\"color: #000000;\">Cada diciembre, Quito se viste de fiesta para conmemorar su fundaci\u00f3n y los quite\u00f1os celebran con tradiciones que combinan alegr\u00eda, identidad y, por supuesto, buena comida. Desde m\u00fasica de bandas de pueblo, chivas, y juegos como el 40, hasta reuniones familiares o entre amigos, las fiestas de Quito activan tambi\u00e9n un consumo muy particular, reflejando lo que m\u00e1s disfrutan los capitalinos durante estos d\u00edas.<\/span><\/p>\n<p style=\"text-align: justify;\"><span style=\"color: #000000;\">PedidosYa analiza las tendencias de consumo m\u00e1s destacadas en estas fechas, identificando qu\u00e9 piden los quite\u00f1os desde la app para vivir las fiestas en \u201cmodo chulla\u201d.<\/span><\/p>\n<p style=\"text-align: justify;\"><span style=\"color: #000000;\"><strong><u>Tendencias de consumo en comida y bebidas<\/u><\/strong><\/span><\/p>\n<p style=\"text-align: justify;\"><span style=\"color: #000000;\">Durante las fiestas, las reuniones espont\u00e1neas y las celebraciones planificadas hacen que la comida sea protagonista. Estos son algunos de los productos y categor\u00edas m\u00e1s demandadas en PedidosYa:<\/span><\/p>\n<ul style=\"text-align: justify;\">\n<li><span style=\"color: #000000;\"><strong>Piqueos para compartir: <\/strong>Las empanadas de verde con queso o con pollo est\u00e1n entre las favoritas. Tambi\u00e9n las empanadas de morocho de <strong><em>Las<\/em><\/strong> <strong><em>Gigantes De Morocho<\/em><\/strong>, que se pueden adquirir en combos de 6 y 12 unidades, ideales para las mesas de picadas. Otra alternativa son los platos de Chicharr\u00f3n Completo de <strong><em>Los Antojitos de La Floresta,<\/em><\/strong> que incluyen mote o choclo, papa, tostado, maduro, chicharr\u00f3n y aguacate.<\/span><\/li>\n<li><span style=\"color: #000000;\"><strong>Gastronom\u00eda local:<\/strong> Aunque muchos quite\u00f1os contin\u00faan cocinando en casa, durante las Fiestas de Quito se observa un alza marcada en los pedidos de comida tradicional. En primer lugar, destacan platillos cl\u00e1sicos de la cocina serrana como el hornado, las papas con cuero, la fritada y el locro de papa, muy solicitados en establecimientos tradicionales como <strong>Los Hornados de San Carlos, Los Hornados de Do\u00f1a Mar\u00eda Elena y Los Montes de la Magdalena.<\/strong><\/span><\/li>\n<\/ul>\n<ul style=\"text-align: justify;\">\n<li><span style=\"color: #000000;\">Paralelamente, se fortalece el inter\u00e9s por propuestas t\u00edpicas nacionales, especialmente en lugares como <strong>El Sabor de los Manabas y La Casa de las Menestras<\/strong>, donde los usuarios suelen pedir <strong>secos de pollo, guatita<\/strong> y otras preparaciones que ganan protagonismo durante la temporada.<\/span><\/li>\n<li><span style=\"color: #000000;\">Finalmente, los <strong>encebollados<\/strong> se posicionan como los platos estrella de estas fechas, concentrando un alto volumen de pedidos durante las ma\u00f1anas y despu\u00e9s de los eventos festivos. En esta categor\u00eda sobresalen cevicher\u00edas como <strong>Ecuaviche, Costa Crab y Megaviche<\/strong>.<\/span><\/li>\n<li><span style=\"color: #000000;\"><strong>Bebidas para el brindis:<\/strong> La cerveza sigue siendo una de las favoritas, especialmente los 6 packs que suelen tener promociones especiales en <strong><em>PedidosYa Market<\/em><\/strong> y otros establecimientos aliados como <strong><em>T\u00eda, Bodeg\u00f3n, La Taberna y Santa Mar\u00eda.<\/em><\/strong> Otra bebida muy popular en esta fecha es el canelazo. <strong><em>Coral Hipermercados,<\/em><\/strong> por ejemplo, facilita disfrutarlo con una botella en presentaci\u00f3n de 750ml, que es muy popular entre los usuarios de la aplicaci\u00f3n.<\/span><\/li>\n<li><span style=\"color: #000000;\"><strong>Compras nocturnas:<\/strong> Dado que las celebraciones chullas suelen tomar fuerza en las noches, durante los d\u00edas festivos se observa un crecimiento a partir de las 8 p.m. en los pedidos de cenas y bebidas. Adem\u00e1s, al d\u00eda siguiente tambi\u00e9n se registra un incremento en las \u00f3rdenes durante la ma\u00f1ana.<\/span><\/li>\n<\/ul>\n<p style=\"text-align: justify;\"><span style=\"color: #000000;\"><strong><u>Tendencias en quick-commerce<\/u><\/strong><\/span><\/p>\n<p style=\"text-align: justify;\"><span style=\"color: #000000;\">En las fiestas quite\u00f1as no todo es comida. La categor\u00eda de supermercados tambi\u00e9n refleja otras costumbres que hacen especial esta celebraci\u00f3n:<\/span><\/p>\n<ul>\n<li style=\"text-align: justify;\"><span style=\"color: #000000;\"><strong>Para preparar en casa: <\/strong>Muchos usuarios optan por mantener vivas las tradiciones culinarias preparando en casa las recetas t\u00edpicas de la temporada. Aunque predominan pedidos habituales como <strong>aguas, cervezas, hielo, gaseosas, lim\u00f3n y cigarrillos<\/strong>, tambi\u00e9n se registra inter\u00e9s por <strong>ingredientes<\/strong> que permiten elaborar platos y bebidas tradicionales. Entre los m\u00e1s solicitados para preparar <strong>canelazo<\/strong>, por ejemplo, se encuentran naranjilla, panela, canela y clavos de olor, insumos clave para disfrutar de esta bebida emblem\u00e1tica que acompa\u00f1a las celebraciones en los hogares quite\u00f1os.<\/span><\/li>\n<li style=\"text-align: justify;\"><span style=\"color: #000000;\"><strong>Naipes y juegos de mesa: <\/strong>Uno de los art\u00edculos m\u00e1s buscados durante los primeros d\u00edas de diciembre son los <strong>naipes<\/strong>, especialmente las barajas para jugar 40, el juego estrella de estas festividades. Esta tradici\u00f3n familiar y de amigos se refleja en el notable incremento de b\u00fasquedas de este producto en la app.<\/span><\/li>\n<li style=\"text-align: justify;\"><span style=\"color: #000000;\"><strong>Entrega r\u00e1pida y nocturna:<\/strong> Durante las fiestas quite\u00f1as, los pedidos suelen concentrarse en el horario nocturno, cuando muchos usuarios buscan la comodidad de recibir lo que necesitan desde donde est\u00e9n. Gracias a la amplia red de socios comerciales\u2014como T\u00eda, Santa Mar\u00eda y Super Paco \u2014 los usuarios pueden acceder a una diversidad de productos ideales para celebrar desde juegos de mesa hasta esenciales para el festejo. Complementando esta oferta, PedidosYa Market opera con un <strong>horario extendido<\/strong>, atendiendo de <strong>viernes a s\u00e1bado hasta las 3 a.m<\/strong>. y el resto de d\u00edas hasta la <strong>medianoche<\/strong>, lo que permite cubrir la demanda nocturna y asegurar entregas r\u00e1pidas en los momentos clave de celebraci\u00f3n.<\/span><\/li>\n<\/ul>\n<p><img decoding=\"async\" class=\"aligncenter size-full wp-image-137989\" src=\"https:\/\/www.quebakan.com\/v15\/wp-content\/uploads\/2025\/12\/251201_Foto2AM_FiestasDeQuito.jpg\" alt=\"\" width=\"700\" height=\"467\" \/><\/p>\n","protected":false},"excerpt":{"rendered":"<p>Cada diciembre, Quito se viste de fiesta para conmemorar su fundaci\u00f3n y los quite\u00f1os celebran con tradiciones que combinan alegr\u00eda, identidad y, por supuesto, buena comida. Desde m\u00fasica de bandas de pueblo, chivas, y juegos como el 40, hasta reuniones familiares o entre amigos, las fiestas de Quito activan tambi\u00e9n un consumo muy particular, reflejando [&hellip;]<\/p>\n","protected":false},"author":4,"featured_media":137988,"comment_status":"closed","ping_status":"closed","sticky":false,"template":"","format":"standard","meta":{"_bbp_topic_count":0,"_bbp_reply_count":0,"_bbp_total_topic_count":0,"_bbp_total_reply_count":0,"_bbp_voice_count":0,"_bbp_anonymous_reply_count":0,"_bbp_topic_count_hidden":0,"_bbp_reply_count_hidden":0,"_bbp_forum_subforum_count":0,"buzzeditor_post_format":"","footnotes":""},"categories":[2],"tags":[],"class_list":["post-137987","post","type-post","status-publish","format-standard","has-post-thumbnail","hentry","category-noticias"],"yoast_head":"<!-- This site is optimized with the Yoast SEO plugin v27.5 - https:\/\/yoast.com\/product\/yoast-seo-wordpress\/ -->\n<title>El consumo en modo chulla: tendencias de los quite\u00f1os durante sus fiestas &#8211; QUEBAKAN.COM 2026: Noticias, Eventos, Conciertos y mucho m\u00e1s....<\/title>\n<meta name=\"robots\" content=\"index, follow, max-snippet:-1, max-image-preview:large, max-video-preview:-1\" \/>\n<link rel=\"canonical\" href=\"https:\/\/www.quebakan.com\/v15\/el-consumo-en-modo-chulla-tendencias-de-los-quitenos-durante-sus-fiestas\/\" \/>\n<meta property=\"og:locale\" content=\"es_ES\" \/>\n<meta property=\"og:type\" content=\"article\" \/>\n<meta property=\"og:title\" content=\"El consumo en modo chulla: tendencias de los quite\u00f1os durante sus fiestas &#8211; QUEBAKAN.COM 2026: Noticias, Eventos, Conciertos y mucho m\u00e1s....\" \/>\n<meta property=\"og:description\" content=\"Cada diciembre, Quito se viste de fiesta para conmemorar su fundaci\u00f3n y los quite\u00f1os celebran con tradiciones que combinan alegr\u00eda, identidad y, por supuesto, buena comida. Desde m\u00fasica de bandas de pueblo, chivas, y juegos como el 40, hasta reuniones familiares o entre amigos, las fiestas de Quito activan tambi\u00e9n un consumo muy particular, reflejando [&hellip;]\" \/>\n<meta property=\"og:url\" content=\"https:\/\/www.quebakan.com\/v15\/el-consumo-en-modo-chulla-tendencias-de-los-quitenos-durante-sus-fiestas\/\" \/>\n<meta property=\"og:site_name\" content=\"QUEBAKAN.COM 2026: Noticias, Eventos, Conciertos y mucho m\u00e1s....\" \/>\n<meta property=\"article:publisher\" content=\"http:\/\/www.facebook.com\/quebakan\" \/>\n<meta property=\"article:published_time\" content=\"2025-12-01T20:08:38+00:00\" \/>\n<meta property=\"og:image\" content=\"https:\/\/www.quebakan.com\/v15\/wp-content\/uploads\/2025\/12\/251201_FotoAM_FiestasDeQuito.jpg\" \/>\n\t<meta property=\"og:image:width\" content=\"700\" \/>\n\t<meta property=\"og:image:height\" content=\"467\" \/>\n\t<meta property=\"og:image:type\" content=\"image\/jpeg\" \/>\n<meta name=\"author\" content=\"Erick Villafuerte\" \/>\n<meta name=\"twitter:card\" content=\"summary_large_image\" \/>\n<meta name=\"twitter:creator\" content=\"@quebakanec\" \/>\n<meta name=\"twitter:site\" content=\"@quebakanec\" \/>\n<meta name=\"twitter:label1\" content=\"Escrito por\" \/>\n\t<meta name=\"twitter:data1\" content=\"Erick Villafuerte\" \/>\n\t<meta name=\"twitter:label2\" content=\"Tiempo de lectura\" \/>\n\t<meta name=\"twitter:data2\" content=\"4 minutos\" \/>\n<script type=\"application\/ld+json\" class=\"yoast-schema-graph\">{\"@context\":\"https:\\\/\\\/schema.org\",\"@graph\":[{\"@type\":\"Article\",\"@id\":\"https:\\\/\\\/www.quebakan.com\\\/v15\\\/el-consumo-en-modo-chulla-tendencias-de-los-quitenos-durante-sus-fiestas\\\/#article\",\"isPartOf\":{\"@id\":\"https:\\\/\\\/www.quebakan.com\\\/v15\\\/el-consumo-en-modo-chulla-tendencias-de-los-quitenos-durante-sus-fiestas\\\/\"},\"author\":{\"name\":\"Erick Villafuerte\",\"@id\":\"https:\\\/\\\/www.quebakan.com\\\/v15\\\/#\\\/schema\\\/person\\\/d90fa9f9cfa81eb8ace9811e5b7b9118\"},\"headline\":\"El consumo en modo chulla: tendencias de los quite\u00f1os durante sus fiestas\",\"datePublished\":\"2025-12-01T20:08:38+00:00\",\"mainEntityOfPage\":{\"@id\":\"https:\\\/\\\/www.quebakan.com\\\/v15\\\/el-consumo-en-modo-chulla-tendencias-de-los-quitenos-durante-sus-fiestas\\\/\"},\"wordCount\":802,\"publisher\":{\"@id\":\"https:\\\/\\\/www.quebakan.com\\\/v15\\\/#organization\"},\"image\":{\"@id\":\"https:\\\/\\\/www.quebakan.com\\\/v15\\\/el-consumo-en-modo-chulla-tendencias-de-los-quitenos-durante-sus-fiestas\\\/#primaryimage\"},\"thumbnailUrl\":\"https:\\\/\\\/www.quebakan.com\\\/v15\\\/wp-content\\\/uploads\\\/2025\\\/12\\\/251201_FotoAM_FiestasDeQuito.jpg\",\"articleSection\":[\"Noticias\"],\"inLanguage\":\"es\"},{\"@type\":\"WebPage\",\"@id\":\"https:\\\/\\\/www.quebakan.com\\\/v15\\\/el-consumo-en-modo-chulla-tendencias-de-los-quitenos-durante-sus-fiestas\\\/\",\"url\":\"https:\\\/\\\/www.quebakan.com\\\/v15\\\/el-consumo-en-modo-chulla-tendencias-de-los-quitenos-durante-sus-fiestas\\\/\",\"name\":\"El consumo en modo chulla: tendencias de los quite\u00f1os durante sus fiestas &#8211; QUEBAKAN.COM 2026: Noticias, Eventos, Conciertos y mucho m\u00e1s....\",\"isPartOf\":{\"@id\":\"https:\\\/\\\/www.quebakan.com\\\/v15\\\/#website\"},\"primaryImageOfPage\":{\"@id\":\"https:\\\/\\\/www.quebakan.com\\\/v15\\\/el-consumo-en-modo-chulla-tendencias-de-los-quitenos-durante-sus-fiestas\\\/#primaryimage\"},\"image\":{\"@id\":\"https:\\\/\\\/www.quebakan.com\\\/v15\\\/el-consumo-en-modo-chulla-tendencias-de-los-quitenos-durante-sus-fiestas\\\/#primaryimage\"},\"thumbnailUrl\":\"https:\\\/\\\/www.quebakan.com\\\/v15\\\/wp-content\\\/uploads\\\/2025\\\/12\\\/251201_FotoAM_FiestasDeQuito.jpg\",\"datePublished\":\"2025-12-01T20:08:38+00:00\",\"breadcrumb\":{\"@id\":\"https:\\\/\\\/www.quebakan.com\\\/v15\\\/el-consumo-en-modo-chulla-tendencias-de-los-quitenos-durante-sus-fiestas\\\/#breadcrumb\"},\"inLanguage\":\"es\",\"potentialAction\":[{\"@type\":\"ReadAction\",\"target\":[\"https:\\\/\\\/www.quebakan.com\\\/v15\\\/el-consumo-en-modo-chulla-tendencias-de-los-quitenos-durante-sus-fiestas\\\/\"]}]},{\"@type\":\"ImageObject\",\"inLanguage\":\"es\",\"@id\":\"https:\\\/\\\/www.quebakan.com\\\/v15\\\/el-consumo-en-modo-chulla-tendencias-de-los-quitenos-durante-sus-fiestas\\\/#primaryimage\",\"url\":\"https:\\\/\\\/www.quebakan.com\\\/v15\\\/wp-content\\\/uploads\\\/2025\\\/12\\\/251201_FotoAM_FiestasDeQuito.jpg\",\"contentUrl\":\"https:\\\/\\\/www.quebakan.com\\\/v15\\\/wp-content\\\/uploads\\\/2025\\\/12\\\/251201_FotoAM_FiestasDeQuito.jpg\",\"width\":700,\"height\":467},{\"@type\":\"BreadcrumbList\",\"@id\":\"https:\\\/\\\/www.quebakan.com\\\/v15\\\/el-consumo-en-modo-chulla-tendencias-de-los-quitenos-durante-sus-fiestas\\\/#breadcrumb\",\"itemListElement\":[{\"@type\":\"ListItem\",\"position\":1,\"name\":\"Portada\",\"item\":\"https:\\\/\\\/www.quebakan.com\\\/v15\\\/\"},{\"@type\":\"ListItem\",\"position\":2,\"name\":\"El consumo en modo chulla: tendencias de los quite\u00f1os durante sus fiestas\"}]},{\"@type\":\"WebSite\",\"@id\":\"https:\\\/\\\/www.quebakan.com\\\/v15\\\/#website\",\"url\":\"https:\\\/\\\/www.quebakan.com\\\/v15\\\/\",\"name\":\"QUEBAKAN\",\"description\":\"..\",\"publisher\":{\"@id\":\"https:\\\/\\\/www.quebakan.com\\\/v15\\\/#organization\"},\"potentialAction\":[{\"@type\":\"SearchAction\",\"target\":{\"@type\":\"EntryPoint\",\"urlTemplate\":\"https:\\\/\\\/www.quebakan.com\\\/v15\\\/?s={search_term_string}\"},\"query-input\":{\"@type\":\"PropertyValueSpecification\",\"valueRequired\":true,\"valueName\":\"search_term_string\"}}],\"inLanguage\":\"es\"},{\"@type\":\"Organization\",\"@id\":\"https:\\\/\\\/www.quebakan.com\\\/v15\\\/#organization\",\"name\":\"Quebakan.com\",\"url\":\"https:\\\/\\\/www.quebakan.com\\\/v15\\\/\",\"logo\":{\"@type\":\"ImageObject\",\"inLanguage\":\"es\",\"@id\":\"https:\\\/\\\/www.quebakan.com\\\/v15\\\/#\\\/schema\\\/logo\\\/image\\\/\",\"url\":\"https:\\\/\\\/www.quebakan.com\\\/v15\\\/wp-content\\\/uploads\\\/2023\\\/07\\\/logoquebakanenero2021.jpg\",\"contentUrl\":\"https:\\\/\\\/www.quebakan.com\\\/v15\\\/wp-content\\\/uploads\\\/2023\\\/07\\\/logoquebakanenero2021.jpg\",\"width\":1920,\"height\":1080,\"caption\":\"Quebakan.com\"},\"image\":{\"@id\":\"https:\\\/\\\/www.quebakan.com\\\/v15\\\/#\\\/schema\\\/logo\\\/image\\\/\"},\"sameAs\":[\"http:\\\/\\\/www.facebook.com\\\/quebakan\",\"https:\\\/\\\/x.com\\\/quebakanec\",\"http:\\\/\\\/www.instagram.com\\\/quebakan\",\"http:\\\/\\\/www.youtube.com\\\/quebakan1\"]},{\"@type\":\"Person\",\"@id\":\"https:\\\/\\\/www.quebakan.com\\\/v15\\\/#\\\/schema\\\/person\\\/d90fa9f9cfa81eb8ace9811e5b7b9118\",\"name\":\"Erick Villafuerte\",\"image\":{\"@type\":\"ImageObject\",\"inLanguage\":\"es\",\"@id\":\"https:\\\/\\\/www.quebakan.com\\\/v15\\\/wp-content\\\/uploads\\\/avatars\\\/4\\\/1731297654-bpfull.png\",\"url\":\"https:\\\/\\\/www.quebakan.com\\\/v15\\\/wp-content\\\/uploads\\\/avatars\\\/4\\\/1731297654-bpfull.png\",\"contentUrl\":\"https:\\\/\\\/www.quebakan.com\\\/v15\\\/wp-content\\\/uploads\\\/avatars\\\/4\\\/1731297654-bpfull.png\",\"caption\":\"Erick Villafuerte\"}}]}<\/script>\n<!-- \/ Yoast SEO plugin. -->","yoast_head_json":{"title":"El consumo en modo chulla: tendencias de los quite\u00f1os durante sus fiestas &#8211; QUEBAKAN.COM 2026: Noticias, Eventos, Conciertos y mucho m\u00e1s....","robots":{"index":"index","follow":"follow","max-snippet":"max-snippet:-1","max-image-preview":"max-image-preview:large","max-video-preview":"max-video-preview:-1"},"canonical":"https:\/\/www.quebakan.com\/v15\/el-consumo-en-modo-chulla-tendencias-de-los-quitenos-durante-sus-fiestas\/","og_locale":"es_ES","og_type":"article","og_title":"El consumo en modo chulla: tendencias de los quite\u00f1os durante sus fiestas &#8211; QUEBAKAN.COM 2026: Noticias, Eventos, Conciertos y mucho m\u00e1s....","og_description":"Cada diciembre, Quito se viste de fiesta para conmemorar su fundaci\u00f3n y los quite\u00f1os celebran con tradiciones que combinan alegr\u00eda, identidad y, por supuesto, buena comida. Desde m\u00fasica de bandas de pueblo, chivas, y juegos como el 40, hasta reuniones familiares o entre amigos, las fiestas de Quito activan tambi\u00e9n un consumo muy particular, reflejando [&hellip;]","og_url":"https:\/\/www.quebakan.com\/v15\/el-consumo-en-modo-chulla-tendencias-de-los-quitenos-durante-sus-fiestas\/","og_site_name":"QUEBAKAN.COM 2026: Noticias, Eventos, Conciertos y mucho m\u00e1s....","article_publisher":"http:\/\/www.facebook.com\/quebakan","article_published_time":"2025-12-01T20:08:38+00:00","og_image":[{"width":700,"height":467,"url":"https:\/\/www.quebakan.com\/v15\/wp-content\/uploads\/2025\/12\/251201_FotoAM_FiestasDeQuito.jpg","type":"image\/jpeg"}],"author":"Erick Villafuerte","twitter_card":"summary_large_image","twitter_creator":"@quebakanec","twitter_site":"@quebakanec","twitter_misc":{"Escrito por":"Erick Villafuerte","Tiempo de lectura":"4 minutos"},"schema":{"@context":"https:\/\/schema.org","@graph":[{"@type":"Article","@id":"https:\/\/www.quebakan.com\/v15\/el-consumo-en-modo-chulla-tendencias-de-los-quitenos-durante-sus-fiestas\/#article","isPartOf":{"@id":"https:\/\/www.quebakan.com\/v15\/el-consumo-en-modo-chulla-tendencias-de-los-quitenos-durante-sus-fiestas\/"},"author":{"name":"Erick Villafuerte","@id":"https:\/\/www.quebakan.com\/v15\/#\/schema\/person\/d90fa9f9cfa81eb8ace9811e5b7b9118"},"headline":"El consumo en modo chulla: tendencias de los quite\u00f1os durante sus fiestas","datePublished":"2025-12-01T20:08:38+00:00","mainEntityOfPage":{"@id":"https:\/\/www.quebakan.com\/v15\/el-consumo-en-modo-chulla-tendencias-de-los-quitenos-durante-sus-fiestas\/"},"wordCount":802,"publisher":{"@id":"https:\/\/www.quebakan.com\/v15\/#organization"},"image":{"@id":"https:\/\/www.quebakan.com\/v15\/el-consumo-en-modo-chulla-tendencias-de-los-quitenos-durante-sus-fiestas\/#primaryimage"},"thumbnailUrl":"https:\/\/www.quebakan.com\/v15\/wp-content\/uploads\/2025\/12\/251201_FotoAM_FiestasDeQuito.jpg","articleSection":["Noticias"],"inLanguage":"es"},{"@type":"WebPage","@id":"https:\/\/www.quebakan.com\/v15\/el-consumo-en-modo-chulla-tendencias-de-los-quitenos-durante-sus-fiestas\/","url":"https:\/\/www.quebakan.com\/v15\/el-consumo-en-modo-chulla-tendencias-de-los-quitenos-durante-sus-fiestas\/","name":"El consumo en modo chulla: tendencias de los quite\u00f1os durante sus fiestas &#8211; QUEBAKAN.COM 2026: Noticias, Eventos, Conciertos y mucho m\u00e1s....","isPartOf":{"@id":"https:\/\/www.quebakan.com\/v15\/#website"},"primaryImageOfPage":{"@id":"https:\/\/www.quebakan.com\/v15\/el-consumo-en-modo-chulla-tendencias-de-los-quitenos-durante-sus-fiestas\/#primaryimage"},"image":{"@id":"https:\/\/www.quebakan.com\/v15\/el-consumo-en-modo-chulla-tendencias-de-los-quitenos-durante-sus-fiestas\/#primaryimage"},"thumbnailUrl":"https:\/\/www.quebakan.com\/v15\/wp-content\/uploads\/2025\/12\/251201_FotoAM_FiestasDeQuito.jpg","datePublished":"2025-12-01T20:08:38+00:00","breadcrumb":{"@id":"https:\/\/www.quebakan.com\/v15\/el-consumo-en-modo-chulla-tendencias-de-los-quitenos-durante-sus-fiestas\/#breadcrumb"},"inLanguage":"es","potentialAction":[{"@type":"ReadAction","target":["https:\/\/www.quebakan.com\/v15\/el-consumo-en-modo-chulla-tendencias-de-los-quitenos-durante-sus-fiestas\/"]}]},{"@type":"ImageObject","inLanguage":"es","@id":"https:\/\/www.quebakan.com\/v15\/el-consumo-en-modo-chulla-tendencias-de-los-quitenos-durante-sus-fiestas\/#primaryimage","url":"https:\/\/www.quebakan.com\/v15\/wp-content\/uploads\/2025\/12\/251201_FotoAM_FiestasDeQuito.jpg","contentUrl":"https:\/\/www.quebakan.com\/v15\/wp-content\/uploads\/2025\/12\/251201_FotoAM_FiestasDeQuito.jpg","width":700,"height":467},{"@type":"BreadcrumbList","@id":"https:\/\/www.quebakan.com\/v15\/el-consumo-en-modo-chulla-tendencias-de-los-quitenos-durante-sus-fiestas\/#breadcrumb","itemListElement":[{"@type":"ListItem","position":1,"name":"Portada","item":"https:\/\/www.quebakan.com\/v15\/"},{"@type":"ListItem","position":2,"name":"El consumo en modo chulla: tendencias de los quite\u00f1os durante sus fiestas"}]},{"@type":"WebSite","@id":"https:\/\/www.quebakan.com\/v15\/#website","url":"https:\/\/www.quebakan.com\/v15\/","name":"QUEBAKAN","description":"..","publisher":{"@id":"https:\/\/www.quebakan.com\/v15\/#organization"},"potentialAction":[{"@type":"SearchAction","target":{"@type":"EntryPoint","urlTemplate":"https:\/\/www.quebakan.com\/v15\/?s={search_term_string}"},"query-input":{"@type":"PropertyValueSpecification","valueRequired":true,"valueName":"search_term_string"}}],"inLanguage":"es"},{"@type":"Organization","@id":"https:\/\/www.quebakan.com\/v15\/#organization","name":"Quebakan.com","url":"https:\/\/www.quebakan.com\/v15\/","logo":{"@type":"ImageObject","inLanguage":"es","@id":"https:\/\/www.quebakan.com\/v15\/#\/schema\/logo\/image\/","url":"https:\/\/www.quebakan.com\/v15\/wp-content\/uploads\/2023\/07\/logoquebakanenero2021.jpg","contentUrl":"https:\/\/www.quebakan.com\/v15\/wp-content\/uploads\/2023\/07\/logoquebakanenero2021.jpg","width":1920,"height":1080,"caption":"Quebakan.com"},"image":{"@id":"https:\/\/www.quebakan.com\/v15\/#\/schema\/logo\/image\/"},"sameAs":["http:\/\/www.facebook.com\/quebakan","https:\/\/x.com\/quebakanec","http:\/\/www.instagram.com\/quebakan","http:\/\/www.youtube.com\/quebakan1"]},{"@type":"Person","@id":"https:\/\/www.quebakan.com\/v15\/#\/schema\/person\/d90fa9f9cfa81eb8ace9811e5b7b9118","name":"Erick Villafuerte","image":{"@type":"ImageObject","inLanguage":"es","@id":"https:\/\/www.quebakan.com\/v15\/wp-content\/uploads\/avatars\/4\/1731297654-bpfull.png","url":"https:\/\/www.quebakan.com\/v15\/wp-content\/uploads\/avatars\/4\/1731297654-bpfull.png","contentUrl":"https:\/\/www.quebakan.com\/v15\/wp-content\/uploads\/avatars\/4\/1731297654-bpfull.png","caption":"Erick Villafuerte"}}]}},"_links":{"self":[{"href":"https:\/\/www.quebakan.com\/v15\/wp-json\/wp\/v2\/posts\/137987","targetHints":{"allow":["GET"]}}],"collection":[{"href":"https:\/\/www.quebakan.com\/v15\/wp-json\/wp\/v2\/posts"}],"about":[{"href":"https:\/\/www.quebakan.com\/v15\/wp-json\/wp\/v2\/types\/post"}],"author":[{"embeddable":true,"href":"https:\/\/www.quebakan.com\/v15\/wp-json\/wp\/v2\/users\/4"}],"replies":[{"embeddable":true,"href":"https:\/\/www.quebakan.com\/v15\/wp-json\/wp\/v2\/comments?post=137987"}],"version-history":[{"count":1,"href":"https:\/\/www.quebakan.com\/v15\/wp-json\/wp\/v2\/posts\/137987\/revisions"}],"predecessor-version":[{"id":137990,"href":"https:\/\/www.quebakan.com\/v15\/wp-json\/wp\/v2\/posts\/137987\/revisions\/137990"}],"wp:featuredmedia":[{"embeddable":true,"href":"https:\/\/www.quebakan.com\/v15\/wp-json\/wp\/v2\/media\/137988"}],"wp:attachment":[{"href":"https:\/\/www.quebakan.com\/v15\/wp-json\/wp\/v2\/media?parent=137987"}],"wp:term":[{"taxonomy":"category","embeddable":true,"href":"https:\/\/www.quebakan.com\/v15\/wp-json\/wp\/v2\/categories?post=137987"},{"taxonomy":"post_tag","embeddable":true,"href":"https:\/\/www.quebakan.com\/v15\/wp-json\/wp\/v2\/tags?post=137987"}],"curies":[{"name":"wp","href":"https:\/\/api.w.org\/{rel}","templated":true}]}}