{"id":137994,"date":"2025-12-01T15:24:55","date_gmt":"2025-12-01T20:24:55","guid":{"rendered":"https:\/\/www.quebakan.com\/v15\/?p=137994"},"modified":"2025-12-01T15:24:55","modified_gmt":"2025-12-01T20:24:55","slug":"pfizer-anuncia-a-las-ganadoras-ecuatorianas-del-premio-pfizer-de-periodismo-en-salud","status":"publish","type":"post","link":"https:\/\/www.quebakan.com\/v15\/pfizer-anuncia-a-las-ganadoras-ecuatorianas-del-premio-pfizer-de-periodismo-en-salud\/","title":{"rendered":"Pfizer anuncia a las ganadoras ecuatorianas del Premio Pfizer de Periodismo en Salud"},"content":{"rendered":"<p><img fetchpriority=\"high\" decoding=\"async\" class=\"aligncenter size-full wp-image-137995\" src=\"https:\/\/www.quebakan.com\/v15\/wp-content\/uploads\/2025\/12\/Ganadotres-Pfizer.jpg\" alt=\"\" width=\"700\" height=\"525\" \/><\/p>\n<p style=\"text-align: center;\"><span style=\"color: #000000;\"><strong>Pie de foto: <\/strong>jurados y ganadores de Premio Pfizer de Periodismo en Salud 2025.<\/span><\/p>\n<p style=\"text-align: justify;\"><span style=\"color: #000000;\"><strong>Quito, diciembre de 2025.-<\/strong> Pfizer anunci\u00f3 oficialmente a las ganadoras ecuatorianas del <strong>Premio Pfizer de Periodismo en Salud 2025<\/strong>, un reconocimiento que destaca a profesionales y estudiantes comprometidos con la divulgaci\u00f3n cient\u00edfica y la generaci\u00f3n de contenido riguroso y accesible sobre salud p\u00fablica, ciencia e innovaci\u00f3n.<\/span><\/p>\n<p style=\"text-align: justify;\"><span style=\"color: #000000;\">El anuncio de los ganadores y menciones honrosas se dio en el marco de <em>PerDebate<\/em> , el encuentro acad\u00e9mico organizado por la Universidad San Francisco de Quito (USFQ) para promover la reflexi\u00f3n sobre el periodismo y sus desaf\u00edos contempor\u00e1neos,<\/span><\/p>\n<p style=\"text-align: justify;\"><span style=\"color: #000000;\">Este a\u00f1o, Ecuador alcanz\u00f3 un r\u00e9cord de 41 postulaciones, consolid\u00e1ndose como uno de los pa\u00edses con mayor participaci\u00f3n y evidenciando el creciente inter\u00e9s por fortalecer el periodismo especializado en salud. Las propuestas fueron evaluadas por un jurado de amplia trayectoria en comunicaci\u00f3n cient\u00edfica.<\/span><\/p>\n<p style=\"text-align: justify;\"><span style=\"color: #000000;\">En la categor\u00eda Estudiante, el primer lugar fue para <strong>Ariana Bel\u00e9n Vega Puma<\/strong>, de la Universidad T\u00e9cnica Particular de Loja (UTPL), autora del reportaje <em>\u201cLa Enfermedad Renal Cr\u00f3nica: Datos, relatos y prevenci\u00f3n\u201d<\/em>, un trabajo que combina evidencia cient\u00edfica, testimonios y an\u00e1lisis para visibilizar una condici\u00f3n que afecta a miles de personas en el pa\u00eds. Mientras en la categor\u00eda Profesional, el jurado seleccion\u00f3 como ganadora a <strong>Mar\u00eda Gabriela Castillo Albuja<\/strong>, de Periodismo P\u00fablico, por el reportaje <em>\u201cDe generaci\u00f3n en generaci\u00f3n: una familia que hereda la obesidad y la lucha por un bypass\u201d<\/em>, una narrativa humana que aborda enfermedades cr\u00f3nicas desde una mirada intergeneracional.<\/span><\/p>\n<p style=\"text-align: justify;\"><span style=\"color: #000000;\">El jurado conformado por Mgtr. Jimena Leiva R., docente de la carrera de Comunicaci\u00f3n de la Pontificia Universidad Cat\u00f3lica del Ecuador; Mgtr. Miguel Romero, tutor Acad\u00e9mico de la Universidad Andina Sim\u00f3n Bol\u00edvar y PhD. Sof\u00eda Cabrera, coordinadora de Divulgaci\u00f3n Cient\u00edfica de la Escuela Superior Polit\u00e9cnica del Litoral, seleccion\u00f3 los trabajos finalistas y nombr\u00f3 menciones honrosas de la siguiente manera: \u00a0<\/span><\/p>\n<ul style=\"text-align: justify;\">\n<li><span style=\"color: #000000;\"><strong>Categor\u00eda Estudiante<\/strong><\/span><\/li>\n<\/ul>\n<p style=\"text-align: justify;\"><span style=\"color: #000000;\"><strong>1ra menci\u00f3n honrosa: Ramiro Rafael Oleas Ord\u00f3\u00f1ez y Sabrina Gabriela Tanganelli Cartagena \u2013 Universidad de las Am\u00e9ricas (UDLA) <\/strong><\/span><br \/>\n<span style=\"color: #000000;\"><em>\u201cDonde La Tierra No Alimenta\u201d<\/em><\/span><\/p>\n<p style=\"text-align: justify;\"><span style=\"color: #000000;\"><strong>2da menci\u00f3n honrosa: Anah\u00ed Salom\u00e9 Paladines Fuentes \u2013 Universidad Internacional del Ecuador (UIDE) <\/strong><\/span><br \/>\n<span style=\"color: #000000;\"><em>\u201cLa Inteligencia Artificial contra el c\u00e1ncer de mama \u00bfLa respuesta que busca Ecuador para salvar m\u00e1s vidas?\u201d<\/em><\/span><\/p>\n<ul style=\"text-align: justify;\">\n<li><span style=\"color: #000000;\"><strong>Categor\u00eda Profesional<\/strong><\/span><\/li>\n<\/ul>\n<p style=\"text-align: justify;\"><span style=\"color: #000000;\"><strong>1ra menci\u00f3n honrosa: Adriana Carolina Peralta Chicaiza \u2013 RTS (Telecuatro) <\/strong><\/span><br \/>\n<span style=\"color: #000000;\"><em>\u201cEnfermedades a la Carta\u201d<\/em><\/span><\/p>\n<p style=\"text-align: justify;\"><span style=\"color: #000000;\"><strong>2da menci\u00f3n honrosa: Diego Patricio Bravo Carvajal \u2013 Ecuavisa <\/strong><\/span><br \/>\n<span style=\"color: #000000;\"><em>\u201cEl otro lado del 14 de febrero: el amor por la vida de los ni\u00f1os con cardiopat\u00edas cong\u00e9nitas\u201d<\/em><\/span><\/p>\n<p style=\"text-align: justify;\"><span style=\"color: #000000;\"><strong>3ra menci\u00f3n honrosa: Gabriela Edith Ochoa Feijoo \u2013 Laboratorio de Divulgaci\u00f3n Cient\u00edfica COMCIENCIA <\/strong><\/span><br \/>\n<span style=\"color: #000000;\"><em>\u201cLa enfermedad que te hace crecer el coraz\u00f3n\u201d<\/em><\/span><\/p>\n<p style=\"text-align: justify;\"><span style=\"color: #000000;\">Durante el anuncio, se destac\u00f3 la importancia del periodismo como clave aliado para acercar la ciencia a la sociedad. \u00ab<em>Estos trabajos muestran el compromiso de periodistas y estudiantes por contar historias que informen, eduquen y generen conciencia sobre la salud. En Pfizer valoramos profundamente este esfuerzo y lo compartimos, porque creemos en el poder de la informaci\u00f3n para mejorar vidas<\/em>\u00ab, se\u00f1al\u00f3 <strong>Omar Orellana, Gerente de Comunicaci\u00f3n de Pfizer para el Cl\u00faster Andino.<\/strong><\/span><\/p>\n<p style=\"text-align: justify;\"><span style=\"color: #000000;\">El Premio Pfizer de Periodismo en Salud reafirma su compromiso de promover el acceso a informaci\u00f3n confiable, fomentar la investigaci\u00f3n period\u00edstica y fortalecer la comunicaci\u00f3n cient\u00edfica en la regi\u00f3n.<\/span><\/p>\n","protected":false},"excerpt":{"rendered":"<p>Pie de foto: jurados y ganadores de Premio Pfizer de Periodismo en Salud 2025. Quito, diciembre de 2025.- Pfizer anunci\u00f3 oficialmente a las ganadoras ecuatorianas del Premio Pfizer de Periodismo en Salud 2025, un reconocimiento que destaca a profesionales y estudiantes comprometidos con la divulgaci\u00f3n cient\u00edfica y la generaci\u00f3n de contenido riguroso y accesible sobre [&hellip;]<\/p>\n","protected":false},"author":4,"featured_media":137995,"comment_status":"closed","ping_status":"closed","sticky":false,"template":"","format":"standard","meta":{"_bbp_topic_count":0,"_bbp_reply_count":0,"_bbp_total_topic_count":0,"_bbp_total_reply_count":0,"_bbp_voice_count":0,"_bbp_anonymous_reply_count":0,"_bbp_topic_count_hidden":0,"_bbp_reply_count_hidden":0,"_bbp_forum_subforum_count":0,"buzzeditor_post_format":"","footnotes":""},"categories":[2],"tags":[],"class_list":["post-137994","post","type-post","status-publish","format-standard","has-post-thumbnail","hentry","category-noticias"],"yoast_head":"<!-- This site is optimized with the Yoast SEO plugin v27.5 - https:\/\/yoast.com\/product\/yoast-seo-wordpress\/ -->\n<title>Pfizer anuncia a las ganadoras ecuatorianas del Premio Pfizer de Periodismo en Salud &#8211; QUEBAKAN.COM 2026: Noticias, Eventos, Conciertos y mucho m\u00e1s....<\/title>\n<meta name=\"robots\" content=\"index, follow, max-snippet:-1, max-image-preview:large, max-video-preview:-1\" \/>\n<link rel=\"canonical\" href=\"https:\/\/www.quebakan.com\/v15\/pfizer-anuncia-a-las-ganadoras-ecuatorianas-del-premio-pfizer-de-periodismo-en-salud\/\" \/>\n<meta property=\"og:locale\" content=\"es_ES\" \/>\n<meta property=\"og:type\" content=\"article\" \/>\n<meta property=\"og:title\" content=\"Pfizer anuncia a las ganadoras ecuatorianas del Premio Pfizer de Periodismo en Salud &#8211; QUEBAKAN.COM 2026: Noticias, Eventos, Conciertos y mucho m\u00e1s....\" \/>\n<meta property=\"og:description\" content=\"Pie de foto: jurados y ganadores de Premio Pfizer de Periodismo en Salud 2025. Quito, diciembre de 2025.- Pfizer anunci\u00f3 oficialmente a las ganadoras ecuatorianas del Premio Pfizer de Periodismo en Salud 2025, un reconocimiento que destaca a profesionales y estudiantes comprometidos con la divulgaci\u00f3n cient\u00edfica y la generaci\u00f3n de contenido riguroso y accesible sobre [&hellip;]\" \/>\n<meta property=\"og:url\" content=\"https:\/\/www.quebakan.com\/v15\/pfizer-anuncia-a-las-ganadoras-ecuatorianas-del-premio-pfizer-de-periodismo-en-salud\/\" \/>\n<meta property=\"og:site_name\" content=\"QUEBAKAN.COM 2026: Noticias, Eventos, Conciertos y mucho m\u00e1s....\" \/>\n<meta property=\"article:publisher\" content=\"http:\/\/www.facebook.com\/quebakan\" \/>\n<meta property=\"article:published_time\" content=\"2025-12-01T20:24:55+00:00\" \/>\n<meta property=\"og:image\" content=\"https:\/\/www.quebakan.com\/v15\/wp-content\/uploads\/2025\/12\/Ganadotres-Pfizer.jpg\" \/>\n\t<meta property=\"og:image:width\" content=\"700\" \/>\n\t<meta property=\"og:image:height\" content=\"525\" \/>\n\t<meta property=\"og:image:type\" content=\"image\/jpeg\" \/>\n<meta name=\"author\" content=\"Erick Villafuerte\" \/>\n<meta name=\"twitter:card\" content=\"summary_large_image\" \/>\n<meta name=\"twitter:creator\" content=\"@quebakanec\" \/>\n<meta name=\"twitter:site\" content=\"@quebakanec\" \/>\n<meta name=\"twitter:label1\" content=\"Escrito por\" \/>\n\t<meta name=\"twitter:data1\" content=\"Erick Villafuerte\" \/>\n\t<meta name=\"twitter:label2\" content=\"Tiempo de lectura\" \/>\n\t<meta name=\"twitter:data2\" content=\"3 minutos\" \/>\n<script type=\"application\/ld+json\" class=\"yoast-schema-graph\">{\"@context\":\"https:\\\/\\\/schema.org\",\"@graph\":[{\"@type\":\"Article\",\"@id\":\"https:\\\/\\\/www.quebakan.com\\\/v15\\\/pfizer-anuncia-a-las-ganadoras-ecuatorianas-del-premio-pfizer-de-periodismo-en-salud\\\/#article\",\"isPartOf\":{\"@id\":\"https:\\\/\\\/www.quebakan.com\\\/v15\\\/pfizer-anuncia-a-las-ganadoras-ecuatorianas-del-premio-pfizer-de-periodismo-en-salud\\\/\"},\"author\":{\"name\":\"Erick Villafuerte\",\"@id\":\"https:\\\/\\\/www.quebakan.com\\\/v15\\\/#\\\/schema\\\/person\\\/d90fa9f9cfa81eb8ace9811e5b7b9118\"},\"headline\":\"Pfizer anuncia a las ganadoras ecuatorianas del Premio Pfizer de Periodismo en Salud\",\"datePublished\":\"2025-12-01T20:24:55+00:00\",\"mainEntityOfPage\":{\"@id\":\"https:\\\/\\\/www.quebakan.com\\\/v15\\\/pfizer-anuncia-a-las-ganadoras-ecuatorianas-del-premio-pfizer-de-periodismo-en-salud\\\/\"},\"wordCount\":594,\"publisher\":{\"@id\":\"https:\\\/\\\/www.quebakan.com\\\/v15\\\/#organization\"},\"image\":{\"@id\":\"https:\\\/\\\/www.quebakan.com\\\/v15\\\/pfizer-anuncia-a-las-ganadoras-ecuatorianas-del-premio-pfizer-de-periodismo-en-salud\\\/#primaryimage\"},\"thumbnailUrl\":\"https:\\\/\\\/www.quebakan.com\\\/v15\\\/wp-content\\\/uploads\\\/2025\\\/12\\\/Ganadotres-Pfizer.jpg\",\"articleSection\":[\"Noticias\"],\"inLanguage\":\"es\"},{\"@type\":\"WebPage\",\"@id\":\"https:\\\/\\\/www.quebakan.com\\\/v15\\\/pfizer-anuncia-a-las-ganadoras-ecuatorianas-del-premio-pfizer-de-periodismo-en-salud\\\/\",\"url\":\"https:\\\/\\\/www.quebakan.com\\\/v15\\\/pfizer-anuncia-a-las-ganadoras-ecuatorianas-del-premio-pfizer-de-periodismo-en-salud\\\/\",\"name\":\"Pfizer anuncia a las ganadoras ecuatorianas del Premio Pfizer de Periodismo en Salud &#8211; QUEBAKAN.COM 2026: Noticias, Eventos, Conciertos y mucho m\u00e1s....\",\"isPartOf\":{\"@id\":\"https:\\\/\\\/www.quebakan.com\\\/v15\\\/#website\"},\"primaryImageOfPage\":{\"@id\":\"https:\\\/\\\/www.quebakan.com\\\/v15\\\/pfizer-anuncia-a-las-ganadoras-ecuatorianas-del-premio-pfizer-de-periodismo-en-salud\\\/#primaryimage\"},\"image\":{\"@id\":\"https:\\\/\\\/www.quebakan.com\\\/v15\\\/pfizer-anuncia-a-las-ganadoras-ecuatorianas-del-premio-pfizer-de-periodismo-en-salud\\\/#primaryimage\"},\"thumbnailUrl\":\"https:\\\/\\\/www.quebakan.com\\\/v15\\\/wp-content\\\/uploads\\\/2025\\\/12\\\/Ganadotres-Pfizer.jpg\",\"datePublished\":\"2025-12-01T20:24:55+00:00\",\"breadcrumb\":{\"@id\":\"https:\\\/\\\/www.quebakan.com\\\/v15\\\/pfizer-anuncia-a-las-ganadoras-ecuatorianas-del-premio-pfizer-de-periodismo-en-salud\\\/#breadcrumb\"},\"inLanguage\":\"es\",\"potentialAction\":[{\"@type\":\"ReadAction\",\"target\":[\"https:\\\/\\\/www.quebakan.com\\\/v15\\\/pfizer-anuncia-a-las-ganadoras-ecuatorianas-del-premio-pfizer-de-periodismo-en-salud\\\/\"]}]},{\"@type\":\"ImageObject\",\"inLanguage\":\"es\",\"@id\":\"https:\\\/\\\/www.quebakan.com\\\/v15\\\/pfizer-anuncia-a-las-ganadoras-ecuatorianas-del-premio-pfizer-de-periodismo-en-salud\\\/#primaryimage\",\"url\":\"https:\\\/\\\/www.quebakan.com\\\/v15\\\/wp-content\\\/uploads\\\/2025\\\/12\\\/Ganadotres-Pfizer.jpg\",\"contentUrl\":\"https:\\\/\\\/www.quebakan.com\\\/v15\\\/wp-content\\\/uploads\\\/2025\\\/12\\\/Ganadotres-Pfizer.jpg\",\"width\":700,\"height\":525},{\"@type\":\"BreadcrumbList\",\"@id\":\"https:\\\/\\\/www.quebakan.com\\\/v15\\\/pfizer-anuncia-a-las-ganadoras-ecuatorianas-del-premio-pfizer-de-periodismo-en-salud\\\/#breadcrumb\",\"itemListElement\":[{\"@type\":\"ListItem\",\"position\":1,\"name\":\"Portada\",\"item\":\"https:\\\/\\\/www.quebakan.com\\\/v15\\\/\"},{\"@type\":\"ListItem\",\"position\":2,\"name\":\"Pfizer anuncia a las ganadoras ecuatorianas del Premio Pfizer de Periodismo en Salud\"}]},{\"@type\":\"WebSite\",\"@id\":\"https:\\\/\\\/www.quebakan.com\\\/v15\\\/#website\",\"url\":\"https:\\\/\\\/www.quebakan.com\\\/v15\\\/\",\"name\":\"QUEBAKAN\",\"description\":\"..\",\"publisher\":{\"@id\":\"https:\\\/\\\/www.quebakan.com\\\/v15\\\/#organization\"},\"potentialAction\":[{\"@type\":\"SearchAction\",\"target\":{\"@type\":\"EntryPoint\",\"urlTemplate\":\"https:\\\/\\\/www.quebakan.com\\\/v15\\\/?s={search_term_string}\"},\"query-input\":{\"@type\":\"PropertyValueSpecification\",\"valueRequired\":true,\"valueName\":\"search_term_string\"}}],\"inLanguage\":\"es\"},{\"@type\":\"Organization\",\"@id\":\"https:\\\/\\\/www.quebakan.com\\\/v15\\\/#organization\",\"name\":\"Quebakan.com\",\"url\":\"https:\\\/\\\/www.quebakan.com\\\/v15\\\/\",\"logo\":{\"@type\":\"ImageObject\",\"inLanguage\":\"es\",\"@id\":\"https:\\\/\\\/www.quebakan.com\\\/v15\\\/#\\\/schema\\\/logo\\\/image\\\/\",\"url\":\"https:\\\/\\\/www.quebakan.com\\\/v15\\\/wp-content\\\/uploads\\\/2023\\\/07\\\/logoquebakanenero2021.jpg\",\"contentUrl\":\"https:\\\/\\\/www.quebakan.com\\\/v15\\\/wp-content\\\/uploads\\\/2023\\\/07\\\/logoquebakanenero2021.jpg\",\"width\":1920,\"height\":1080,\"caption\":\"Quebakan.com\"},\"image\":{\"@id\":\"https:\\\/\\\/www.quebakan.com\\\/v15\\\/#\\\/schema\\\/logo\\\/image\\\/\"},\"sameAs\":[\"http:\\\/\\\/www.facebook.com\\\/quebakan\",\"https:\\\/\\\/x.com\\\/quebakanec\",\"http:\\\/\\\/www.instagram.com\\\/quebakan\",\"http:\\\/\\\/www.youtube.com\\\/quebakan1\"]},{\"@type\":\"Person\",\"@id\":\"https:\\\/\\\/www.quebakan.com\\\/v15\\\/#\\\/schema\\\/person\\\/d90fa9f9cfa81eb8ace9811e5b7b9118\",\"name\":\"Erick Villafuerte\",\"image\":{\"@type\":\"ImageObject\",\"inLanguage\":\"es\",\"@id\":\"https:\\\/\\\/www.quebakan.com\\\/v15\\\/wp-content\\\/uploads\\\/avatars\\\/4\\\/1731297654-bpfull.png\",\"url\":\"https:\\\/\\\/www.quebakan.com\\\/v15\\\/wp-content\\\/uploads\\\/avatars\\\/4\\\/1731297654-bpfull.png\",\"contentUrl\":\"https:\\\/\\\/www.quebakan.com\\\/v15\\\/wp-content\\\/uploads\\\/avatars\\\/4\\\/1731297654-bpfull.png\",\"caption\":\"Erick Villafuerte\"}}]}<\/script>\n<!-- \/ Yoast SEO plugin. -->","yoast_head_json":{"title":"Pfizer anuncia a las ganadoras ecuatorianas del Premio Pfizer de Periodismo en Salud &#8211; QUEBAKAN.COM 2026: Noticias, Eventos, Conciertos y mucho m\u00e1s....","robots":{"index":"index","follow":"follow","max-snippet":"max-snippet:-1","max-image-preview":"max-image-preview:large","max-video-preview":"max-video-preview:-1"},"canonical":"https:\/\/www.quebakan.com\/v15\/pfizer-anuncia-a-las-ganadoras-ecuatorianas-del-premio-pfizer-de-periodismo-en-salud\/","og_locale":"es_ES","og_type":"article","og_title":"Pfizer anuncia a las ganadoras ecuatorianas del Premio Pfizer de Periodismo en Salud &#8211; QUEBAKAN.COM 2026: Noticias, Eventos, Conciertos y mucho m\u00e1s....","og_description":"Pie de foto: jurados y ganadores de Premio Pfizer de Periodismo en Salud 2025. Quito, diciembre de 2025.- Pfizer anunci\u00f3 oficialmente a las ganadoras ecuatorianas del Premio Pfizer de Periodismo en Salud 2025, un reconocimiento que destaca a profesionales y estudiantes comprometidos con la divulgaci\u00f3n cient\u00edfica y la generaci\u00f3n de contenido riguroso y accesible sobre [&hellip;]","og_url":"https:\/\/www.quebakan.com\/v15\/pfizer-anuncia-a-las-ganadoras-ecuatorianas-del-premio-pfizer-de-periodismo-en-salud\/","og_site_name":"QUEBAKAN.COM 2026: Noticias, Eventos, Conciertos y mucho m\u00e1s....","article_publisher":"http:\/\/www.facebook.com\/quebakan","article_published_time":"2025-12-01T20:24:55+00:00","og_image":[{"width":700,"height":525,"url":"https:\/\/www.quebakan.com\/v15\/wp-content\/uploads\/2025\/12\/Ganadotres-Pfizer.jpg","type":"image\/jpeg"}],"author":"Erick Villafuerte","twitter_card":"summary_large_image","twitter_creator":"@quebakanec","twitter_site":"@quebakanec","twitter_misc":{"Escrito por":"Erick Villafuerte","Tiempo de lectura":"3 minutos"},"schema":{"@context":"https:\/\/schema.org","@graph":[{"@type":"Article","@id":"https:\/\/www.quebakan.com\/v15\/pfizer-anuncia-a-las-ganadoras-ecuatorianas-del-premio-pfizer-de-periodismo-en-salud\/#article","isPartOf":{"@id":"https:\/\/www.quebakan.com\/v15\/pfizer-anuncia-a-las-ganadoras-ecuatorianas-del-premio-pfizer-de-periodismo-en-salud\/"},"author":{"name":"Erick Villafuerte","@id":"https:\/\/www.quebakan.com\/v15\/#\/schema\/person\/d90fa9f9cfa81eb8ace9811e5b7b9118"},"headline":"Pfizer anuncia a las ganadoras ecuatorianas del Premio Pfizer de Periodismo en Salud","datePublished":"2025-12-01T20:24:55+00:00","mainEntityOfPage":{"@id":"https:\/\/www.quebakan.com\/v15\/pfizer-anuncia-a-las-ganadoras-ecuatorianas-del-premio-pfizer-de-periodismo-en-salud\/"},"wordCount":594,"publisher":{"@id":"https:\/\/www.quebakan.com\/v15\/#organization"},"image":{"@id":"https:\/\/www.quebakan.com\/v15\/pfizer-anuncia-a-las-ganadoras-ecuatorianas-del-premio-pfizer-de-periodismo-en-salud\/#primaryimage"},"thumbnailUrl":"https:\/\/www.quebakan.com\/v15\/wp-content\/uploads\/2025\/12\/Ganadotres-Pfizer.jpg","articleSection":["Noticias"],"inLanguage":"es"},{"@type":"WebPage","@id":"https:\/\/www.quebakan.com\/v15\/pfizer-anuncia-a-las-ganadoras-ecuatorianas-del-premio-pfizer-de-periodismo-en-salud\/","url":"https:\/\/www.quebakan.com\/v15\/pfizer-anuncia-a-las-ganadoras-ecuatorianas-del-premio-pfizer-de-periodismo-en-salud\/","name":"Pfizer anuncia a las ganadoras ecuatorianas del Premio Pfizer de Periodismo en Salud &#8211; QUEBAKAN.COM 2026: Noticias, Eventos, Conciertos y mucho m\u00e1s....","isPartOf":{"@id":"https:\/\/www.quebakan.com\/v15\/#website"},"primaryImageOfPage":{"@id":"https:\/\/www.quebakan.com\/v15\/pfizer-anuncia-a-las-ganadoras-ecuatorianas-del-premio-pfizer-de-periodismo-en-salud\/#primaryimage"},"image":{"@id":"https:\/\/www.quebakan.com\/v15\/pfizer-anuncia-a-las-ganadoras-ecuatorianas-del-premio-pfizer-de-periodismo-en-salud\/#primaryimage"},"thumbnailUrl":"https:\/\/www.quebakan.com\/v15\/wp-content\/uploads\/2025\/12\/Ganadotres-Pfizer.jpg","datePublished":"2025-12-01T20:24:55+00:00","breadcrumb":{"@id":"https:\/\/www.quebakan.com\/v15\/pfizer-anuncia-a-las-ganadoras-ecuatorianas-del-premio-pfizer-de-periodismo-en-salud\/#breadcrumb"},"inLanguage":"es","potentialAction":[{"@type":"ReadAction","target":["https:\/\/www.quebakan.com\/v15\/pfizer-anuncia-a-las-ganadoras-ecuatorianas-del-premio-pfizer-de-periodismo-en-salud\/"]}]},{"@type":"ImageObject","inLanguage":"es","@id":"https:\/\/www.quebakan.com\/v15\/pfizer-anuncia-a-las-ganadoras-ecuatorianas-del-premio-pfizer-de-periodismo-en-salud\/#primaryimage","url":"https:\/\/www.quebakan.com\/v15\/wp-content\/uploads\/2025\/12\/Ganadotres-Pfizer.jpg","contentUrl":"https:\/\/www.quebakan.com\/v15\/wp-content\/uploads\/2025\/12\/Ganadotres-Pfizer.jpg","width":700,"height":525},{"@type":"BreadcrumbList","@id":"https:\/\/www.quebakan.com\/v15\/pfizer-anuncia-a-las-ganadoras-ecuatorianas-del-premio-pfizer-de-periodismo-en-salud\/#breadcrumb","itemListElement":[{"@type":"ListItem","position":1,"name":"Portada","item":"https:\/\/www.quebakan.com\/v15\/"},{"@type":"ListItem","position":2,"name":"Pfizer anuncia a las ganadoras ecuatorianas del Premio Pfizer de Periodismo en Salud"}]},{"@type":"WebSite","@id":"https:\/\/www.quebakan.com\/v15\/#website","url":"https:\/\/www.quebakan.com\/v15\/","name":"QUEBAKAN","description":"..","publisher":{"@id":"https:\/\/www.quebakan.com\/v15\/#organization"},"potentialAction":[{"@type":"SearchAction","target":{"@type":"EntryPoint","urlTemplate":"https:\/\/www.quebakan.com\/v15\/?s={search_term_string}"},"query-input":{"@type":"PropertyValueSpecification","valueRequired":true,"valueName":"search_term_string"}}],"inLanguage":"es"},{"@type":"Organization","@id":"https:\/\/www.quebakan.com\/v15\/#organization","name":"Quebakan.com","url":"https:\/\/www.quebakan.com\/v15\/","logo":{"@type":"ImageObject","inLanguage":"es","@id":"https:\/\/www.quebakan.com\/v15\/#\/schema\/logo\/image\/","url":"https:\/\/www.quebakan.com\/v15\/wp-content\/uploads\/2023\/07\/logoquebakanenero2021.jpg","contentUrl":"https:\/\/www.quebakan.com\/v15\/wp-content\/uploads\/2023\/07\/logoquebakanenero2021.jpg","width":1920,"height":1080,"caption":"Quebakan.com"},"image":{"@id":"https:\/\/www.quebakan.com\/v15\/#\/schema\/logo\/image\/"},"sameAs":["http:\/\/www.facebook.com\/quebakan","https:\/\/x.com\/quebakanec","http:\/\/www.instagram.com\/quebakan","http:\/\/www.youtube.com\/quebakan1"]},{"@type":"Person","@id":"https:\/\/www.quebakan.com\/v15\/#\/schema\/person\/d90fa9f9cfa81eb8ace9811e5b7b9118","name":"Erick Villafuerte","image":{"@type":"ImageObject","inLanguage":"es","@id":"https:\/\/www.quebakan.com\/v15\/wp-content\/uploads\/avatars\/4\/1731297654-bpfull.png","url":"https:\/\/www.quebakan.com\/v15\/wp-content\/uploads\/avatars\/4\/1731297654-bpfull.png","contentUrl":"https:\/\/www.quebakan.com\/v15\/wp-content\/uploads\/avatars\/4\/1731297654-bpfull.png","caption":"Erick Villafuerte"}}]}},"_links":{"self":[{"href":"https:\/\/www.quebakan.com\/v15\/wp-json\/wp\/v2\/posts\/137994","targetHints":{"allow":["GET"]}}],"collection":[{"href":"https:\/\/www.quebakan.com\/v15\/wp-json\/wp\/v2\/posts"}],"about":[{"href":"https:\/\/www.quebakan.com\/v15\/wp-json\/wp\/v2\/types\/post"}],"author":[{"embeddable":true,"href":"https:\/\/www.quebakan.com\/v15\/wp-json\/wp\/v2\/users\/4"}],"replies":[{"embeddable":true,"href":"https:\/\/www.quebakan.com\/v15\/wp-json\/wp\/v2\/comments?post=137994"}],"version-history":[{"count":1,"href":"https:\/\/www.quebakan.com\/v15\/wp-json\/wp\/v2\/posts\/137994\/revisions"}],"predecessor-version":[{"id":137996,"href":"https:\/\/www.quebakan.com\/v15\/wp-json\/wp\/v2\/posts\/137994\/revisions\/137996"}],"wp:featuredmedia":[{"embeddable":true,"href":"https:\/\/www.quebakan.com\/v15\/wp-json\/wp\/v2\/media\/137995"}],"wp:attachment":[{"href":"https:\/\/www.quebakan.com\/v15\/wp-json\/wp\/v2\/media?parent=137994"}],"wp:term":[{"taxonomy":"category","embeddable":true,"href":"https:\/\/www.quebakan.com\/v15\/wp-json\/wp\/v2\/categories?post=137994"},{"taxonomy":"post_tag","embeddable":true,"href":"https:\/\/www.quebakan.com\/v15\/wp-json\/wp\/v2\/tags?post=137994"}],"curies":[{"name":"wp","href":"https:\/\/api.w.org\/{rel}","templated":true}]}}