{"id":137997,"date":"2025-12-01T15:27:44","date_gmt":"2025-12-01T20:27:44","guid":{"rendered":"https:\/\/www.quebakan.com\/v15\/?p=137997"},"modified":"2025-12-01T15:27:44","modified_gmt":"2025-12-01T20:27:44","slug":"la-ia-pisa-el-acelerador-en-2025-y-abre-nuevas-oportunidades-para-el-desarrollo-en-ecuador","status":"publish","type":"post","link":"https:\/\/www.quebakan.com\/v15\/la-ia-pisa-el-acelerador-en-2025-y-abre-nuevas-oportunidades-para-el-desarrollo-en-ecuador\/","title":{"rendered":"La IA pisa el acelerador en 2025 y abre nuevas oportunidades para el desarrollo en Ecuador"},"content":{"rendered":"<p><img fetchpriority=\"high\" decoding=\"async\" class=\"aligncenter size-full wp-image-137998\" src=\"https:\/\/www.quebakan.com\/v15\/wp-content\/uploads\/2025\/12\/State-of-AI-2025.jpg\" alt=\"\" width=\"700\" height=\"400\" \/><\/p>\n<p style=\"text-align: justify;\"><span style=\"color: #000000;\"><strong><em>Quito, 18 de noviembre de 2025.<\/em> \u2013<\/strong> La <strong>inteligencia artificial<\/strong> ha dejado de ser una promesa lejana y hoy es una realidad que transforma procesos y negocios a nivel mundial. As\u00ed lo confirma el reporte \u201c<strong><a style=\"color: #000000;\" href=\"https:\/\/www.mckinsey.com\/capabilities\/quantumblack\/our-insights\/the-state-of-ai#\/\">The State of AI in 2025<\/a><\/strong>\u201d, elaborado por QuantumBlack (AI by McKinsey), que revela que el <strong>88% de<\/strong> las organizaciones globales utilizan IA de manera regular, superando ampliamente el <strong>78%<\/strong> registrado apenas un a\u00f1o antes.<\/span><\/p>\n<p style=\"text-align: justify;\"><span style=\"color: #000000;\">Este crecimiento evidencia la rapidez de la transformaci\u00f3n digital, aunque persisten grandes retos: dos tercios de las empresas est\u00e1n a\u00fan en etapas piloto o de experimentaci\u00f3n, y solo un tercio ha logrado escalar proyectos de IA al nivel corporativo. Las compa\u00f1\u00edas grandes lideran esta tendencia; cerca del <strong>50%<\/strong> de las que superan los cinco mil millones de d\u00f3lares en ingresos han alcanzado fases avanzadas, frente al <strong>29%<\/strong> entre empresas m\u00e1s peque\u00f1as.<\/span><\/p>\n<p style=\"text-align: justify;\"><span style=\"color: #000000;\">El auge de los agentes inteligentes \u2014capaces de tomar decisiones complejas y ejecutar tareas\u2014 es especialmente notorio: <strong>seis de cada diez empresas<\/strong> est\u00e1n probando estas soluciones, pero menos del <strong>10%<\/strong> ha logrado implementarlas a gran escala en \u00e1reas como tecnolog\u00eda o gesti\u00f3n del conocimiento.<\/span><\/p>\n<p style=\"text-align: justify;\"><span style=\"color: #000000;\">Los beneficios reportados por quienes avanzan son tangibles: dos terceras partes afirman que la IA ha impulsado la innovaci\u00f3n y alrededor del <strong>50%<\/strong> se\u00f1ala mejoras tanto en ingresos como en satisfacci\u00f3n del cliente. Sectores como tecnolog\u00eda, telecomunicaciones, seguros y salud marcan la pauta, acelerando la digitalizaci\u00f3n en sus modelos comerciales y estrategias corporativas.<\/span><\/p>\n<p style=\"text-align: justify;\"><span style=\"color: #000000;\">Sin embargo, el salto tecnol\u00f3gico trae desaf\u00edos. El impacto sobre el empleo es uno de los principales: <strong>32% prev\u00e9<\/strong> reducir su personal por automatizaci\u00f3n durante los pr\u00f3ximos doce meses, mientras que un <strong>13% <\/strong>anticipa un crecimiento moderado de perfiles especializados, especialmente ingenieros y cient\u00edficos de datos. Por otro lado, las empresas est\u00e1n incrementando esfuerzos para gestionar riesgos ligados a precisi\u00f3n de modelos, regulaci\u00f3n y privacidad: cada organizaci\u00f3n pas\u00f3 este a\u00f1o de mitigar dos a cuatro riesgos relacionados con IA.<\/span><\/p>\n<p style=\"text-align: justify;\"><span style=\"color: #000000;\">Aunque el informe no analiza espec\u00edficamente a Ecuador, ofrece aprendizajes cruciales para directivos nacionales ante el acelerado avance tecnol\u00f3gico global. Sectores como <strong>telecomunicaciones, banca o salud<\/strong> cuentan con <strong>alto potencial<\/strong> para evolucionar hacia modelos cada vez m\u00e1s digitales e inteligentes. Iniciativas privadas y p\u00fablicas est\u00e1n ganando fuerza localmente \u2014desde programas universitarios hasta pilotos empresariales\u2014 confirmando un creciente inter\u00e9s por sumarse a esta tendencia transformadora.<\/span><\/p>\n<p style=\"text-align: justify;\"><span style=\"color: #000000;\">En conclusi\u00f3n, quienes inviertan estrat\u00e9gicamente en innovaci\u00f3n y adopten una visi\u00f3n audaz desde la alta direcci\u00f3n tienen la oportunidad \u00fanica de liderar el nuevo ciclo empresarial impulsado por la inteligencia artificial. Es momento para los l\u00edderes ecuatorianos de analizar experiencias globales e impulsar espacios locales de di\u00e1logo, capacitaci\u00f3n e implementaci\u00f3n.<\/span><\/p>\n<p style=\"text-align: justify;\"><span style=\"color: #000000;\"><strong>Para conocer m\u00e1s del informe de McKinsey &amp; Company, puede consultar el siguiente enlace:<\/strong> <a style=\"color: #000000;\" href=\"https:\/\/www.mckinsey.com\/capabilities\/quantumblack\/our-insights\/the-state-of-ai#\/\">The State of AI: Global Survey 2025 | McKinsey<\/a><\/span><\/p>\n","protected":false},"excerpt":{"rendered":"<p>Quito, 18 de noviembre de 2025. \u2013 La inteligencia artificial ha dejado de ser una promesa lejana y hoy es una realidad que transforma procesos y negocios a nivel mundial. As\u00ed lo confirma el reporte \u201cThe State of AI in 2025\u201d, elaborado por QuantumBlack (AI by McKinsey), que revela que el 88% de las organizaciones [&hellip;]<\/p>\n","protected":false},"author":4,"featured_media":137998,"comment_status":"closed","ping_status":"closed","sticky":false,"template":"","format":"standard","meta":{"_bbp_topic_count":0,"_bbp_reply_count":0,"_bbp_total_topic_count":0,"_bbp_total_reply_count":0,"_bbp_voice_count":0,"_bbp_anonymous_reply_count":0,"_bbp_topic_count_hidden":0,"_bbp_reply_count_hidden":0,"_bbp_forum_subforum_count":0,"buzzeditor_post_format":"","footnotes":""},"categories":[2],"tags":[],"class_list":["post-137997","post","type-post","status-publish","format-standard","has-post-thumbnail","hentry","category-noticias"],"yoast_head":"<!-- This site is optimized with the Yoast SEO plugin v27.5 - https:\/\/yoast.com\/product\/yoast-seo-wordpress\/ -->\n<title>La IA pisa el acelerador en 2025 y abre nuevas oportunidades para el desarrollo en Ecuador &#8211; QUEBAKAN.COM 2026: Noticias, Eventos, Conciertos y mucho m\u00e1s....<\/title>\n<meta name=\"robots\" content=\"index, follow, max-snippet:-1, max-image-preview:large, max-video-preview:-1\" \/>\n<link rel=\"canonical\" href=\"https:\/\/www.quebakan.com\/v15\/la-ia-pisa-el-acelerador-en-2025-y-abre-nuevas-oportunidades-para-el-desarrollo-en-ecuador\/\" \/>\n<meta property=\"og:locale\" content=\"es_ES\" \/>\n<meta property=\"og:type\" content=\"article\" \/>\n<meta property=\"og:title\" content=\"La IA pisa el acelerador en 2025 y abre nuevas oportunidades para el desarrollo en Ecuador &#8211; QUEBAKAN.COM 2026: Noticias, Eventos, Conciertos y mucho m\u00e1s....\" \/>\n<meta property=\"og:description\" content=\"Quito, 18 de noviembre de 2025. \u2013 La inteligencia artificial ha dejado de ser una promesa lejana y hoy es una realidad que transforma procesos y negocios a nivel mundial. As\u00ed lo confirma el reporte \u201cThe State of AI in 2025\u201d, elaborado por QuantumBlack (AI by McKinsey), que revela que el 88% de las organizaciones [&hellip;]\" \/>\n<meta property=\"og:url\" content=\"https:\/\/www.quebakan.com\/v15\/la-ia-pisa-el-acelerador-en-2025-y-abre-nuevas-oportunidades-para-el-desarrollo-en-ecuador\/\" \/>\n<meta property=\"og:site_name\" content=\"QUEBAKAN.COM 2026: Noticias, Eventos, Conciertos y mucho m\u00e1s....\" \/>\n<meta property=\"article:publisher\" content=\"http:\/\/www.facebook.com\/quebakan\" \/>\n<meta property=\"article:published_time\" content=\"2025-12-01T20:27:44+00:00\" \/>\n<meta property=\"og:image\" content=\"https:\/\/www.quebakan.com\/v15\/wp-content\/uploads\/2025\/12\/State-of-AI-2025.jpg\" \/>\n\t<meta property=\"og:image:width\" content=\"700\" \/>\n\t<meta property=\"og:image:height\" content=\"400\" \/>\n\t<meta property=\"og:image:type\" content=\"image\/jpeg\" \/>\n<meta name=\"author\" content=\"Erick Villafuerte\" \/>\n<meta name=\"twitter:card\" content=\"summary_large_image\" \/>\n<meta name=\"twitter:creator\" content=\"@quebakanec\" \/>\n<meta name=\"twitter:site\" content=\"@quebakanec\" \/>\n<meta name=\"twitter:label1\" content=\"Escrito por\" \/>\n\t<meta name=\"twitter:data1\" content=\"Erick Villafuerte\" \/>\n\t<meta name=\"twitter:label2\" content=\"Tiempo de lectura\" \/>\n\t<meta name=\"twitter:data2\" content=\"3 minutos\" \/>\n<script type=\"application\/ld+json\" class=\"yoast-schema-graph\">{\"@context\":\"https:\\\/\\\/schema.org\",\"@graph\":[{\"@type\":\"Article\",\"@id\":\"https:\\\/\\\/www.quebakan.com\\\/v15\\\/la-ia-pisa-el-acelerador-en-2025-y-abre-nuevas-oportunidades-para-el-desarrollo-en-ecuador\\\/#article\",\"isPartOf\":{\"@id\":\"https:\\\/\\\/www.quebakan.com\\\/v15\\\/la-ia-pisa-el-acelerador-en-2025-y-abre-nuevas-oportunidades-para-el-desarrollo-en-ecuador\\\/\"},\"author\":{\"name\":\"Erick Villafuerte\",\"@id\":\"https:\\\/\\\/www.quebakan.com\\\/v15\\\/#\\\/schema\\\/person\\\/d90fa9f9cfa81eb8ace9811e5b7b9118\"},\"headline\":\"La IA pisa el acelerador en 2025 y abre nuevas oportunidades para el desarrollo en Ecuador\",\"datePublished\":\"2025-12-01T20:27:44+00:00\",\"mainEntityOfPage\":{\"@id\":\"https:\\\/\\\/www.quebakan.com\\\/v15\\\/la-ia-pisa-el-acelerador-en-2025-y-abre-nuevas-oportunidades-para-el-desarrollo-en-ecuador\\\/\"},\"wordCount\":498,\"publisher\":{\"@id\":\"https:\\\/\\\/www.quebakan.com\\\/v15\\\/#organization\"},\"image\":{\"@id\":\"https:\\\/\\\/www.quebakan.com\\\/v15\\\/la-ia-pisa-el-acelerador-en-2025-y-abre-nuevas-oportunidades-para-el-desarrollo-en-ecuador\\\/#primaryimage\"},\"thumbnailUrl\":\"https:\\\/\\\/www.quebakan.com\\\/v15\\\/wp-content\\\/uploads\\\/2025\\\/12\\\/State-of-AI-2025.jpg\",\"articleSection\":[\"Noticias\"],\"inLanguage\":\"es\"},{\"@type\":\"WebPage\",\"@id\":\"https:\\\/\\\/www.quebakan.com\\\/v15\\\/la-ia-pisa-el-acelerador-en-2025-y-abre-nuevas-oportunidades-para-el-desarrollo-en-ecuador\\\/\",\"url\":\"https:\\\/\\\/www.quebakan.com\\\/v15\\\/la-ia-pisa-el-acelerador-en-2025-y-abre-nuevas-oportunidades-para-el-desarrollo-en-ecuador\\\/\",\"name\":\"La IA pisa el acelerador en 2025 y abre nuevas oportunidades para el desarrollo en Ecuador &#8211; QUEBAKAN.COM 2026: Noticias, Eventos, Conciertos y mucho m\u00e1s....\",\"isPartOf\":{\"@id\":\"https:\\\/\\\/www.quebakan.com\\\/v15\\\/#website\"},\"primaryImageOfPage\":{\"@id\":\"https:\\\/\\\/www.quebakan.com\\\/v15\\\/la-ia-pisa-el-acelerador-en-2025-y-abre-nuevas-oportunidades-para-el-desarrollo-en-ecuador\\\/#primaryimage\"},\"image\":{\"@id\":\"https:\\\/\\\/www.quebakan.com\\\/v15\\\/la-ia-pisa-el-acelerador-en-2025-y-abre-nuevas-oportunidades-para-el-desarrollo-en-ecuador\\\/#primaryimage\"},\"thumbnailUrl\":\"https:\\\/\\\/www.quebakan.com\\\/v15\\\/wp-content\\\/uploads\\\/2025\\\/12\\\/State-of-AI-2025.jpg\",\"datePublished\":\"2025-12-01T20:27:44+00:00\",\"breadcrumb\":{\"@id\":\"https:\\\/\\\/www.quebakan.com\\\/v15\\\/la-ia-pisa-el-acelerador-en-2025-y-abre-nuevas-oportunidades-para-el-desarrollo-en-ecuador\\\/#breadcrumb\"},\"inLanguage\":\"es\",\"potentialAction\":[{\"@type\":\"ReadAction\",\"target\":[\"https:\\\/\\\/www.quebakan.com\\\/v15\\\/la-ia-pisa-el-acelerador-en-2025-y-abre-nuevas-oportunidades-para-el-desarrollo-en-ecuador\\\/\"]}]},{\"@type\":\"ImageObject\",\"inLanguage\":\"es\",\"@id\":\"https:\\\/\\\/www.quebakan.com\\\/v15\\\/la-ia-pisa-el-acelerador-en-2025-y-abre-nuevas-oportunidades-para-el-desarrollo-en-ecuador\\\/#primaryimage\",\"url\":\"https:\\\/\\\/www.quebakan.com\\\/v15\\\/wp-content\\\/uploads\\\/2025\\\/12\\\/State-of-AI-2025.jpg\",\"contentUrl\":\"https:\\\/\\\/www.quebakan.com\\\/v15\\\/wp-content\\\/uploads\\\/2025\\\/12\\\/State-of-AI-2025.jpg\",\"width\":700,\"height\":400},{\"@type\":\"BreadcrumbList\",\"@id\":\"https:\\\/\\\/www.quebakan.com\\\/v15\\\/la-ia-pisa-el-acelerador-en-2025-y-abre-nuevas-oportunidades-para-el-desarrollo-en-ecuador\\\/#breadcrumb\",\"itemListElement\":[{\"@type\":\"ListItem\",\"position\":1,\"name\":\"Portada\",\"item\":\"https:\\\/\\\/www.quebakan.com\\\/v15\\\/\"},{\"@type\":\"ListItem\",\"position\":2,\"name\":\"La IA pisa el acelerador en 2025 y abre nuevas oportunidades para el desarrollo en Ecuador\"}]},{\"@type\":\"WebSite\",\"@id\":\"https:\\\/\\\/www.quebakan.com\\\/v15\\\/#website\",\"url\":\"https:\\\/\\\/www.quebakan.com\\\/v15\\\/\",\"name\":\"QUEBAKAN\",\"description\":\"..\",\"publisher\":{\"@id\":\"https:\\\/\\\/www.quebakan.com\\\/v15\\\/#organization\"},\"potentialAction\":[{\"@type\":\"SearchAction\",\"target\":{\"@type\":\"EntryPoint\",\"urlTemplate\":\"https:\\\/\\\/www.quebakan.com\\\/v15\\\/?s={search_term_string}\"},\"query-input\":{\"@type\":\"PropertyValueSpecification\",\"valueRequired\":true,\"valueName\":\"search_term_string\"}}],\"inLanguage\":\"es\"},{\"@type\":\"Organization\",\"@id\":\"https:\\\/\\\/www.quebakan.com\\\/v15\\\/#organization\",\"name\":\"Quebakan.com\",\"url\":\"https:\\\/\\\/www.quebakan.com\\\/v15\\\/\",\"logo\":{\"@type\":\"ImageObject\",\"inLanguage\":\"es\",\"@id\":\"https:\\\/\\\/www.quebakan.com\\\/v15\\\/#\\\/schema\\\/logo\\\/image\\\/\",\"url\":\"https:\\\/\\\/www.quebakan.com\\\/v15\\\/wp-content\\\/uploads\\\/2023\\\/07\\\/logoquebakanenero2021.jpg\",\"contentUrl\":\"https:\\\/\\\/www.quebakan.com\\\/v15\\\/wp-content\\\/uploads\\\/2023\\\/07\\\/logoquebakanenero2021.jpg\",\"width\":1920,\"height\":1080,\"caption\":\"Quebakan.com\"},\"image\":{\"@id\":\"https:\\\/\\\/www.quebakan.com\\\/v15\\\/#\\\/schema\\\/logo\\\/image\\\/\"},\"sameAs\":[\"http:\\\/\\\/www.facebook.com\\\/quebakan\",\"https:\\\/\\\/x.com\\\/quebakanec\",\"http:\\\/\\\/www.instagram.com\\\/quebakan\",\"http:\\\/\\\/www.youtube.com\\\/quebakan1\"]},{\"@type\":\"Person\",\"@id\":\"https:\\\/\\\/www.quebakan.com\\\/v15\\\/#\\\/schema\\\/person\\\/d90fa9f9cfa81eb8ace9811e5b7b9118\",\"name\":\"Erick Villafuerte\",\"image\":{\"@type\":\"ImageObject\",\"inLanguage\":\"es\",\"@id\":\"https:\\\/\\\/www.quebakan.com\\\/v15\\\/wp-content\\\/uploads\\\/avatars\\\/4\\\/1731297654-bpfull.png\",\"url\":\"https:\\\/\\\/www.quebakan.com\\\/v15\\\/wp-content\\\/uploads\\\/avatars\\\/4\\\/1731297654-bpfull.png\",\"contentUrl\":\"https:\\\/\\\/www.quebakan.com\\\/v15\\\/wp-content\\\/uploads\\\/avatars\\\/4\\\/1731297654-bpfull.png\",\"caption\":\"Erick Villafuerte\"}}]}<\/script>\n<!-- \/ Yoast SEO plugin. -->","yoast_head_json":{"title":"La IA pisa el acelerador en 2025 y abre nuevas oportunidades para el desarrollo en Ecuador &#8211; QUEBAKAN.COM 2026: Noticias, Eventos, Conciertos y mucho m\u00e1s....","robots":{"index":"index","follow":"follow","max-snippet":"max-snippet:-1","max-image-preview":"max-image-preview:large","max-video-preview":"max-video-preview:-1"},"canonical":"https:\/\/www.quebakan.com\/v15\/la-ia-pisa-el-acelerador-en-2025-y-abre-nuevas-oportunidades-para-el-desarrollo-en-ecuador\/","og_locale":"es_ES","og_type":"article","og_title":"La IA pisa el acelerador en 2025 y abre nuevas oportunidades para el desarrollo en Ecuador &#8211; QUEBAKAN.COM 2026: Noticias, Eventos, Conciertos y mucho m\u00e1s....","og_description":"Quito, 18 de noviembre de 2025. \u2013 La inteligencia artificial ha dejado de ser una promesa lejana y hoy es una realidad que transforma procesos y negocios a nivel mundial. As\u00ed lo confirma el reporte \u201cThe State of AI in 2025\u201d, elaborado por QuantumBlack (AI by McKinsey), que revela que el 88% de las organizaciones [&hellip;]","og_url":"https:\/\/www.quebakan.com\/v15\/la-ia-pisa-el-acelerador-en-2025-y-abre-nuevas-oportunidades-para-el-desarrollo-en-ecuador\/","og_site_name":"QUEBAKAN.COM 2026: Noticias, Eventos, Conciertos y mucho m\u00e1s....","article_publisher":"http:\/\/www.facebook.com\/quebakan","article_published_time":"2025-12-01T20:27:44+00:00","og_image":[{"width":700,"height":400,"url":"https:\/\/www.quebakan.com\/v15\/wp-content\/uploads\/2025\/12\/State-of-AI-2025.jpg","type":"image\/jpeg"}],"author":"Erick Villafuerte","twitter_card":"summary_large_image","twitter_creator":"@quebakanec","twitter_site":"@quebakanec","twitter_misc":{"Escrito por":"Erick Villafuerte","Tiempo de lectura":"3 minutos"},"schema":{"@context":"https:\/\/schema.org","@graph":[{"@type":"Article","@id":"https:\/\/www.quebakan.com\/v15\/la-ia-pisa-el-acelerador-en-2025-y-abre-nuevas-oportunidades-para-el-desarrollo-en-ecuador\/#article","isPartOf":{"@id":"https:\/\/www.quebakan.com\/v15\/la-ia-pisa-el-acelerador-en-2025-y-abre-nuevas-oportunidades-para-el-desarrollo-en-ecuador\/"},"author":{"name":"Erick Villafuerte","@id":"https:\/\/www.quebakan.com\/v15\/#\/schema\/person\/d90fa9f9cfa81eb8ace9811e5b7b9118"},"headline":"La IA pisa el acelerador en 2025 y abre nuevas oportunidades para el desarrollo en Ecuador","datePublished":"2025-12-01T20:27:44+00:00","mainEntityOfPage":{"@id":"https:\/\/www.quebakan.com\/v15\/la-ia-pisa-el-acelerador-en-2025-y-abre-nuevas-oportunidades-para-el-desarrollo-en-ecuador\/"},"wordCount":498,"publisher":{"@id":"https:\/\/www.quebakan.com\/v15\/#organization"},"image":{"@id":"https:\/\/www.quebakan.com\/v15\/la-ia-pisa-el-acelerador-en-2025-y-abre-nuevas-oportunidades-para-el-desarrollo-en-ecuador\/#primaryimage"},"thumbnailUrl":"https:\/\/www.quebakan.com\/v15\/wp-content\/uploads\/2025\/12\/State-of-AI-2025.jpg","articleSection":["Noticias"],"inLanguage":"es"},{"@type":"WebPage","@id":"https:\/\/www.quebakan.com\/v15\/la-ia-pisa-el-acelerador-en-2025-y-abre-nuevas-oportunidades-para-el-desarrollo-en-ecuador\/","url":"https:\/\/www.quebakan.com\/v15\/la-ia-pisa-el-acelerador-en-2025-y-abre-nuevas-oportunidades-para-el-desarrollo-en-ecuador\/","name":"La IA pisa el acelerador en 2025 y abre nuevas oportunidades para el desarrollo en Ecuador &#8211; QUEBAKAN.COM 2026: Noticias, Eventos, Conciertos y mucho m\u00e1s....","isPartOf":{"@id":"https:\/\/www.quebakan.com\/v15\/#website"},"primaryImageOfPage":{"@id":"https:\/\/www.quebakan.com\/v15\/la-ia-pisa-el-acelerador-en-2025-y-abre-nuevas-oportunidades-para-el-desarrollo-en-ecuador\/#primaryimage"},"image":{"@id":"https:\/\/www.quebakan.com\/v15\/la-ia-pisa-el-acelerador-en-2025-y-abre-nuevas-oportunidades-para-el-desarrollo-en-ecuador\/#primaryimage"},"thumbnailUrl":"https:\/\/www.quebakan.com\/v15\/wp-content\/uploads\/2025\/12\/State-of-AI-2025.jpg","datePublished":"2025-12-01T20:27:44+00:00","breadcrumb":{"@id":"https:\/\/www.quebakan.com\/v15\/la-ia-pisa-el-acelerador-en-2025-y-abre-nuevas-oportunidades-para-el-desarrollo-en-ecuador\/#breadcrumb"},"inLanguage":"es","potentialAction":[{"@type":"ReadAction","target":["https:\/\/www.quebakan.com\/v15\/la-ia-pisa-el-acelerador-en-2025-y-abre-nuevas-oportunidades-para-el-desarrollo-en-ecuador\/"]}]},{"@type":"ImageObject","inLanguage":"es","@id":"https:\/\/www.quebakan.com\/v15\/la-ia-pisa-el-acelerador-en-2025-y-abre-nuevas-oportunidades-para-el-desarrollo-en-ecuador\/#primaryimage","url":"https:\/\/www.quebakan.com\/v15\/wp-content\/uploads\/2025\/12\/State-of-AI-2025.jpg","contentUrl":"https:\/\/www.quebakan.com\/v15\/wp-content\/uploads\/2025\/12\/State-of-AI-2025.jpg","width":700,"height":400},{"@type":"BreadcrumbList","@id":"https:\/\/www.quebakan.com\/v15\/la-ia-pisa-el-acelerador-en-2025-y-abre-nuevas-oportunidades-para-el-desarrollo-en-ecuador\/#breadcrumb","itemListElement":[{"@type":"ListItem","position":1,"name":"Portada","item":"https:\/\/www.quebakan.com\/v15\/"},{"@type":"ListItem","position":2,"name":"La IA pisa el acelerador en 2025 y abre nuevas oportunidades para el desarrollo en Ecuador"}]},{"@type":"WebSite","@id":"https:\/\/www.quebakan.com\/v15\/#website","url":"https:\/\/www.quebakan.com\/v15\/","name":"QUEBAKAN","description":"..","publisher":{"@id":"https:\/\/www.quebakan.com\/v15\/#organization"},"potentialAction":[{"@type":"SearchAction","target":{"@type":"EntryPoint","urlTemplate":"https:\/\/www.quebakan.com\/v15\/?s={search_term_string}"},"query-input":{"@type":"PropertyValueSpecification","valueRequired":true,"valueName":"search_term_string"}}],"inLanguage":"es"},{"@type":"Organization","@id":"https:\/\/www.quebakan.com\/v15\/#organization","name":"Quebakan.com","url":"https:\/\/www.quebakan.com\/v15\/","logo":{"@type":"ImageObject","inLanguage":"es","@id":"https:\/\/www.quebakan.com\/v15\/#\/schema\/logo\/image\/","url":"https:\/\/www.quebakan.com\/v15\/wp-content\/uploads\/2023\/07\/logoquebakanenero2021.jpg","contentUrl":"https:\/\/www.quebakan.com\/v15\/wp-content\/uploads\/2023\/07\/logoquebakanenero2021.jpg","width":1920,"height":1080,"caption":"Quebakan.com"},"image":{"@id":"https:\/\/www.quebakan.com\/v15\/#\/schema\/logo\/image\/"},"sameAs":["http:\/\/www.facebook.com\/quebakan","https:\/\/x.com\/quebakanec","http:\/\/www.instagram.com\/quebakan","http:\/\/www.youtube.com\/quebakan1"]},{"@type":"Person","@id":"https:\/\/www.quebakan.com\/v15\/#\/schema\/person\/d90fa9f9cfa81eb8ace9811e5b7b9118","name":"Erick Villafuerte","image":{"@type":"ImageObject","inLanguage":"es","@id":"https:\/\/www.quebakan.com\/v15\/wp-content\/uploads\/avatars\/4\/1731297654-bpfull.png","url":"https:\/\/www.quebakan.com\/v15\/wp-content\/uploads\/avatars\/4\/1731297654-bpfull.png","contentUrl":"https:\/\/www.quebakan.com\/v15\/wp-content\/uploads\/avatars\/4\/1731297654-bpfull.png","caption":"Erick Villafuerte"}}]}},"_links":{"self":[{"href":"https:\/\/www.quebakan.com\/v15\/wp-json\/wp\/v2\/posts\/137997","targetHints":{"allow":["GET"]}}],"collection":[{"href":"https:\/\/www.quebakan.com\/v15\/wp-json\/wp\/v2\/posts"}],"about":[{"href":"https:\/\/www.quebakan.com\/v15\/wp-json\/wp\/v2\/types\/post"}],"author":[{"embeddable":true,"href":"https:\/\/www.quebakan.com\/v15\/wp-json\/wp\/v2\/users\/4"}],"replies":[{"embeddable":true,"href":"https:\/\/www.quebakan.com\/v15\/wp-json\/wp\/v2\/comments?post=137997"}],"version-history":[{"count":1,"href":"https:\/\/www.quebakan.com\/v15\/wp-json\/wp\/v2\/posts\/137997\/revisions"}],"predecessor-version":[{"id":137999,"href":"https:\/\/www.quebakan.com\/v15\/wp-json\/wp\/v2\/posts\/137997\/revisions\/137999"}],"wp:featuredmedia":[{"embeddable":true,"href":"https:\/\/www.quebakan.com\/v15\/wp-json\/wp\/v2\/media\/137998"}],"wp:attachment":[{"href":"https:\/\/www.quebakan.com\/v15\/wp-json\/wp\/v2\/media?parent=137997"}],"wp:term":[{"taxonomy":"category","embeddable":true,"href":"https:\/\/www.quebakan.com\/v15\/wp-json\/wp\/v2\/categories?post=137997"},{"taxonomy":"post_tag","embeddable":true,"href":"https:\/\/www.quebakan.com\/v15\/wp-json\/wp\/v2\/tags?post=137997"}],"curies":[{"name":"wp","href":"https:\/\/api.w.org\/{rel}","templated":true}]}}