{"id":138001,"date":"2025-12-01T15:33:23","date_gmt":"2025-12-01T20:33:23","guid":{"rendered":"https:\/\/www.quebakan.com\/v15\/?p=138001"},"modified":"2025-12-01T15:33:23","modified_gmt":"2025-12-01T20:33:23","slug":"foton-y-baic-impulsan-la-movilidad-sostenible-con-sus-nuevos-modelos-en-el-motorshow-cuenca-2025","status":"publish","type":"post","link":"https:\/\/www.quebakan.com\/v15\/foton-y-baic-impulsan-la-movilidad-sostenible-con-sus-nuevos-modelos-en-el-motorshow-cuenca-2025\/","title":{"rendered":"FOTON Y BAIC IMPULSAN LA MOVILIDAD SOSTENIBLE CON SUS NUEVOS MODELOS EN EL MOTORSHOW CUENCA 2025"},"content":{"rendered":"<p><img fetchpriority=\"high\" decoding=\"async\" class=\"aligncenter size-full wp-image-138002\" src=\"https:\/\/www.quebakan.com\/v15\/wp-content\/uploads\/2025\/12\/thumbnail_image001.png\" alt=\"\" width=\"653\" height=\"489\" \/><\/p>\n<p class=\"x_MsoNormal\" style=\"text-align: justify;\"><span style=\"color: #000000;\"><b>Ecuador, 01 de diciembre de 2025.- <\/b>Cuenca, una ciudad reconocida por su dinamismo, planificaci\u00f3n sostenible y visi\u00f3n de futuro, recibi\u00f3 una nueva edici\u00f3n del <b>MotorShow 2025<\/b>, una de las ferias m\u00e1s relevantes del sector automotor en el pa\u00eds. Este encuentro reuni\u00f3 a las principales marcas del mercado y fue el escenario donde\u00a0<b>BAIC y FOTON<\/b>, con el respaldo de Automotores y Anexos S.A., presentaron oficialmente sus m\u00e1s recientes innovaciones en movilidad sostenible para el Ecuador.<\/span><\/p>\n<p class=\"x_MsoNormal\" style=\"text-align: justify;\"><span style=\"color: #000000;\">La participaci\u00f3n de\u00a0<b>BAIC\u00a0<\/b>marc\u00f3 un momento hist\u00f3rico, ya que, tras siete a\u00f1os de presencia en Ecuador, introduce sus primeros modelos h\u00edbridos: el\u00a0<b>BAIC BJ30 HEV<\/b>\u00a0y el\u00a0<b>BAIC BJ60<\/b>, los cuales consolidan el compromiso de la marca con la movilidad sostenible y con las familias ecuatorianas que buscan eficiencia, tecnolog\u00eda y seguridad.<\/span><\/p>\n<p class=\"x_MsoNormal\" style=\"text-align: justify;\"><span style=\"color: #000000;\">En esta feria estuvo presente el\u00a0<b>BAIC BJ30 HEV<\/b>\u00a0que se present\u00f3 como un SUV vers\u00e1til que combina un motor turbo a gasolina de 1.5 litros con un sistema el\u00e9ctrico que entrega 403 HP de potencia combinada y tracci\u00f3n 4&#215;4, ofreciendo un desempe\u00f1o equilibrado tanto en ciudad como en carretera o en terrenos desafiantes. Su interior eleva la experiencia con una pantalla de 14.6 pulgadas, WiFi integrado, carga inal\u00e1mbrica, techo panor\u00e1mico y elementos diferenciadores como su mesa de picnic y superficie tipo cama, pensados para quienes convierten cada viaje en una aventura.<\/span><\/p>\n<p class=\"x_MsoNormal\" style=\"text-align: justify;\"><span style=\"color: #000000;\"><strong>El BAIC X55 y X35,\u00a0<\/strong>SUV\u00b4s que igual forma parte de su portafolio, tambi\u00e9n se exhibieron en el stand, destacando por sus dise\u00f1os aerodin\u00e1micos, un completo sistema de seguridad y tecnolog\u00eda de vanguardia, as\u00ed como por su amplio espacio interior; caracter\u00edsticas que los convierten en aliados ideales para las actividades diarias. Adem\u00e1s, el\u00a0<b>X55,<\/b>\u00a0suma detalles \u00fanicos como refrigerador en el reposabrazos, conexi\u00f3n inal\u00e1mbrica Mirror Link, radio MP4 con pantalla central y WIFI integrado.<\/span><\/p>\n<p class=\"x_MsoNormal\" style=\"text-align: justify;\"><span style=\"color: #000000;\">Mientras para\u00a0<b>FOTON<\/b>, tras 12 a\u00f1os de crecimiento junto a emprendedores y empresarios ecuatorianos, el MotorShow 2025 fue vitrina para presentar las\u00a0<b>primeras y \u00fanicas camionetas h\u00edbridas di\u00e9sel del pa\u00eds<\/b>, un avance tecnol\u00f3gico que responde directamente a las necesidades reales de productividad, eficiencia y desempe\u00f1o del mercado local.<\/span><\/p>\n<p class=\"x_MsoNormal\" style=\"text-align: justify;\"><span style=\"color: #000000;\">Los modelos\u00a0<b>Tunland V7<\/b>\u00a0y\u00a0<b>Tunland V9<\/b>\u00a0inauguran una nueva etapa para Foton, integrando un sistema MHEV que combina el rendimiento del motor 2.0 Turbo AUCAN di\u00e9sel con un motor el\u00e9ctrico auxiliar de arquitectura 48V, capaz de optimizar el consumo, reducir emisiones y mejorar la respuesta del veh\u00edculo en cualquier condici\u00f3n.<\/span><\/p>\n<p class=\"x_MsoNormal\" style=\"text-align: justify;\"><span style=\"color: #000000;\">Ambos modelos cuentan con caracter\u00edsticas que las convierten en aliadas del trabajo, la aventura y el uso diario. Ofrecen una capacidad de carga \u00fatil de 770 kg, c\u00e1mara 360\u00b0 con radares delanteros y posteriores, reconocimiento facial, monitoreo de fatiga y una pantalla t\u00e1ctil central de 14.6 pulgadas con conectividad MirrorLink, Apple CarPlay y comandos de voz. La Tunland V9 incorpora adem\u00e1s techo corredizo, detalles premium y suspensi\u00f3n Multilink que mejora la estabilidad en caminos irregulares.<\/span><\/p>\n<p class=\"x_MsoNormal\" style=\"text-align: justify;\"><span style=\"color: #000000;\">En el stand tambi\u00e9n se pudo conocer de cerca la\u00a0<b>Tunland G7<\/b>, la pick-up m\u00e1s vendida de la marca, reconocida por combinar fuerza, tecnolog\u00eda y estilo. Equipada con un motor 2.0 Turbo, con una potencia de 160\/4000 Hp y torque de 390\/1800 Nm\/rpm; ofreciendo un desempe\u00f1o excepcional incluso en los trabajos m\u00e1s exigentes. Su amplio nivel de equipamiento incluye sensores de alerta de colisi\u00f3n frontal, alerta de punto ciego, calefacci\u00f3n en los asientos delanteros y regulaci\u00f3n electr\u00f3nica para el asiento del conductor. A esto se suman acabados premium de alta calidad.<\/span><\/p>\n<p class=\"x_MsoNormal\" style=\"text-align: justify;\"><span style=\"color: #000000;\">Con estas novedades, BAIC y Foton refuerzan su apuesta por ofrecer soluciones que integran tecnolog\u00eda, sostenibilidad y desempe\u00f1o.<\/span><\/p>\n<p class=\"x_MsoNormal\" style=\"text-align: justify;\"><span style=\"color: #000000;\">Asimismo, este encuentro automotriz fue el espacio perfecto para anunciar su llegada a Cuenca con la apertura de un\u00a0<b>nuevo showroom<\/b>\u00a0destinado a acercar la experiencia de ambas marcas a sus usuarios, a trav\u00e9s de pruebas de manejo y asesor\u00eda personalizada por parte de un equipo altamente capacitado.<\/span><\/p>\n","protected":false},"excerpt":{"rendered":"<p>Ecuador, 01 de diciembre de 2025.- Cuenca, una ciudad reconocida por su dinamismo, planificaci\u00f3n sostenible y visi\u00f3n de futuro, recibi\u00f3 una nueva edici\u00f3n del MotorShow 2025, una de las ferias m\u00e1s relevantes del sector automotor en el pa\u00eds. Este encuentro reuni\u00f3 a las principales marcas del mercado y fue el escenario donde\u00a0BAIC y FOTON, con [&hellip;]<\/p>\n","protected":false},"author":4,"featured_media":138002,"comment_status":"closed","ping_status":"closed","sticky":false,"template":"","format":"standard","meta":{"_bbp_topic_count":0,"_bbp_reply_count":0,"_bbp_total_topic_count":0,"_bbp_total_reply_count":0,"_bbp_voice_count":0,"_bbp_anonymous_reply_count":0,"_bbp_topic_count_hidden":0,"_bbp_reply_count_hidden":0,"_bbp_forum_subforum_count":0,"buzzeditor_post_format":"","footnotes":""},"categories":[2],"tags":[],"class_list":["post-138001","post","type-post","status-publish","format-standard","has-post-thumbnail","hentry","category-noticias"],"yoast_head":"<!-- This site is optimized with the Yoast SEO plugin v27.5 - https:\/\/yoast.com\/product\/yoast-seo-wordpress\/ -->\n<title>FOTON Y BAIC IMPULSAN LA MOVILIDAD SOSTENIBLE CON SUS NUEVOS MODELOS EN EL MOTORSHOW CUENCA 2025 &#8211; QUEBAKAN.COM 2026: Noticias, Eventos, Conciertos y mucho m\u00e1s....<\/title>\n<meta name=\"robots\" content=\"index, follow, max-snippet:-1, max-image-preview:large, max-video-preview:-1\" \/>\n<link rel=\"canonical\" href=\"https:\/\/www.quebakan.com\/v15\/foton-y-baic-impulsan-la-movilidad-sostenible-con-sus-nuevos-modelos-en-el-motorshow-cuenca-2025\/\" \/>\n<meta property=\"og:locale\" content=\"es_ES\" \/>\n<meta property=\"og:type\" content=\"article\" \/>\n<meta property=\"og:title\" content=\"FOTON Y BAIC IMPULSAN LA MOVILIDAD SOSTENIBLE CON SUS NUEVOS MODELOS EN EL MOTORSHOW CUENCA 2025 &#8211; QUEBAKAN.COM 2026: Noticias, Eventos, Conciertos y mucho m\u00e1s....\" \/>\n<meta property=\"og:description\" content=\"Ecuador, 01 de diciembre de 2025.- Cuenca, una ciudad reconocida por su dinamismo, planificaci\u00f3n sostenible y visi\u00f3n de futuro, recibi\u00f3 una nueva edici\u00f3n del MotorShow 2025, una de las ferias m\u00e1s relevantes del sector automotor en el pa\u00eds. Este encuentro reuni\u00f3 a las principales marcas del mercado y fue el escenario donde\u00a0BAIC y FOTON, con [&hellip;]\" \/>\n<meta property=\"og:url\" content=\"https:\/\/www.quebakan.com\/v15\/foton-y-baic-impulsan-la-movilidad-sostenible-con-sus-nuevos-modelos-en-el-motorshow-cuenca-2025\/\" \/>\n<meta property=\"og:site_name\" content=\"QUEBAKAN.COM 2026: Noticias, Eventos, Conciertos y mucho m\u00e1s....\" \/>\n<meta property=\"article:publisher\" content=\"http:\/\/www.facebook.com\/quebakan\" \/>\n<meta property=\"article:published_time\" content=\"2025-12-01T20:33:23+00:00\" \/>\n<meta property=\"og:image\" content=\"https:\/\/www.quebakan.com\/v15\/wp-content\/uploads\/2025\/12\/thumbnail_image001.png\" \/>\n\t<meta property=\"og:image:width\" content=\"653\" \/>\n\t<meta property=\"og:image:height\" content=\"489\" \/>\n\t<meta property=\"og:image:type\" content=\"image\/png\" \/>\n<meta name=\"author\" content=\"Erick Villafuerte\" \/>\n<meta name=\"twitter:card\" content=\"summary_large_image\" \/>\n<meta name=\"twitter:creator\" content=\"@quebakanec\" \/>\n<meta name=\"twitter:site\" content=\"@quebakanec\" \/>\n<meta name=\"twitter:label1\" content=\"Escrito por\" \/>\n\t<meta name=\"twitter:data1\" content=\"Erick Villafuerte\" \/>\n\t<meta name=\"twitter:label2\" content=\"Tiempo de lectura\" \/>\n\t<meta name=\"twitter:data2\" content=\"4 minutos\" \/>\n<script type=\"application\/ld+json\" class=\"yoast-schema-graph\">{\"@context\":\"https:\\\/\\\/schema.org\",\"@graph\":[{\"@type\":\"Article\",\"@id\":\"https:\\\/\\\/www.quebakan.com\\\/v15\\\/foton-y-baic-impulsan-la-movilidad-sostenible-con-sus-nuevos-modelos-en-el-motorshow-cuenca-2025\\\/#article\",\"isPartOf\":{\"@id\":\"https:\\\/\\\/www.quebakan.com\\\/v15\\\/foton-y-baic-impulsan-la-movilidad-sostenible-con-sus-nuevos-modelos-en-el-motorshow-cuenca-2025\\\/\"},\"author\":{\"name\":\"Erick Villafuerte\",\"@id\":\"https:\\\/\\\/www.quebakan.com\\\/v15\\\/#\\\/schema\\\/person\\\/d90fa9f9cfa81eb8ace9811e5b7b9118\"},\"headline\":\"FOTON Y BAIC IMPULSAN LA MOVILIDAD SOSTENIBLE CON SUS NUEVOS MODELOS EN EL MOTORSHOW CUENCA 2025\",\"datePublished\":\"2025-12-01T20:33:23+00:00\",\"mainEntityOfPage\":{\"@id\":\"https:\\\/\\\/www.quebakan.com\\\/v15\\\/foton-y-baic-impulsan-la-movilidad-sostenible-con-sus-nuevos-modelos-en-el-motorshow-cuenca-2025\\\/\"},\"wordCount\":682,\"publisher\":{\"@id\":\"https:\\\/\\\/www.quebakan.com\\\/v15\\\/#organization\"},\"image\":{\"@id\":\"https:\\\/\\\/www.quebakan.com\\\/v15\\\/foton-y-baic-impulsan-la-movilidad-sostenible-con-sus-nuevos-modelos-en-el-motorshow-cuenca-2025\\\/#primaryimage\"},\"thumbnailUrl\":\"https:\\\/\\\/www.quebakan.com\\\/v15\\\/wp-content\\\/uploads\\\/2025\\\/12\\\/thumbnail_image001.png\",\"articleSection\":[\"Noticias\"],\"inLanguage\":\"es\"},{\"@type\":\"WebPage\",\"@id\":\"https:\\\/\\\/www.quebakan.com\\\/v15\\\/foton-y-baic-impulsan-la-movilidad-sostenible-con-sus-nuevos-modelos-en-el-motorshow-cuenca-2025\\\/\",\"url\":\"https:\\\/\\\/www.quebakan.com\\\/v15\\\/foton-y-baic-impulsan-la-movilidad-sostenible-con-sus-nuevos-modelos-en-el-motorshow-cuenca-2025\\\/\",\"name\":\"FOTON Y BAIC IMPULSAN LA MOVILIDAD SOSTENIBLE CON SUS NUEVOS MODELOS EN EL MOTORSHOW CUENCA 2025 &#8211; QUEBAKAN.COM 2026: Noticias, Eventos, Conciertos y mucho m\u00e1s....\",\"isPartOf\":{\"@id\":\"https:\\\/\\\/www.quebakan.com\\\/v15\\\/#website\"},\"primaryImageOfPage\":{\"@id\":\"https:\\\/\\\/www.quebakan.com\\\/v15\\\/foton-y-baic-impulsan-la-movilidad-sostenible-con-sus-nuevos-modelos-en-el-motorshow-cuenca-2025\\\/#primaryimage\"},\"image\":{\"@id\":\"https:\\\/\\\/www.quebakan.com\\\/v15\\\/foton-y-baic-impulsan-la-movilidad-sostenible-con-sus-nuevos-modelos-en-el-motorshow-cuenca-2025\\\/#primaryimage\"},\"thumbnailUrl\":\"https:\\\/\\\/www.quebakan.com\\\/v15\\\/wp-content\\\/uploads\\\/2025\\\/12\\\/thumbnail_image001.png\",\"datePublished\":\"2025-12-01T20:33:23+00:00\",\"breadcrumb\":{\"@id\":\"https:\\\/\\\/www.quebakan.com\\\/v15\\\/foton-y-baic-impulsan-la-movilidad-sostenible-con-sus-nuevos-modelos-en-el-motorshow-cuenca-2025\\\/#breadcrumb\"},\"inLanguage\":\"es\",\"potentialAction\":[{\"@type\":\"ReadAction\",\"target\":[\"https:\\\/\\\/www.quebakan.com\\\/v15\\\/foton-y-baic-impulsan-la-movilidad-sostenible-con-sus-nuevos-modelos-en-el-motorshow-cuenca-2025\\\/\"]}]},{\"@type\":\"ImageObject\",\"inLanguage\":\"es\",\"@id\":\"https:\\\/\\\/www.quebakan.com\\\/v15\\\/foton-y-baic-impulsan-la-movilidad-sostenible-con-sus-nuevos-modelos-en-el-motorshow-cuenca-2025\\\/#primaryimage\",\"url\":\"https:\\\/\\\/www.quebakan.com\\\/v15\\\/wp-content\\\/uploads\\\/2025\\\/12\\\/thumbnail_image001.png\",\"contentUrl\":\"https:\\\/\\\/www.quebakan.com\\\/v15\\\/wp-content\\\/uploads\\\/2025\\\/12\\\/thumbnail_image001.png\",\"width\":653,\"height\":489},{\"@type\":\"BreadcrumbList\",\"@id\":\"https:\\\/\\\/www.quebakan.com\\\/v15\\\/foton-y-baic-impulsan-la-movilidad-sostenible-con-sus-nuevos-modelos-en-el-motorshow-cuenca-2025\\\/#breadcrumb\",\"itemListElement\":[{\"@type\":\"ListItem\",\"position\":1,\"name\":\"Portada\",\"item\":\"https:\\\/\\\/www.quebakan.com\\\/v15\\\/\"},{\"@type\":\"ListItem\",\"position\":2,\"name\":\"FOTON Y BAIC IMPULSAN LA MOVILIDAD SOSTENIBLE CON SUS NUEVOS MODELOS EN EL MOTORSHOW CUENCA 2025\"}]},{\"@type\":\"WebSite\",\"@id\":\"https:\\\/\\\/www.quebakan.com\\\/v15\\\/#website\",\"url\":\"https:\\\/\\\/www.quebakan.com\\\/v15\\\/\",\"name\":\"QUEBAKAN\",\"description\":\"..\",\"publisher\":{\"@id\":\"https:\\\/\\\/www.quebakan.com\\\/v15\\\/#organization\"},\"potentialAction\":[{\"@type\":\"SearchAction\",\"target\":{\"@type\":\"EntryPoint\",\"urlTemplate\":\"https:\\\/\\\/www.quebakan.com\\\/v15\\\/?s={search_term_string}\"},\"query-input\":{\"@type\":\"PropertyValueSpecification\",\"valueRequired\":true,\"valueName\":\"search_term_string\"}}],\"inLanguage\":\"es\"},{\"@type\":\"Organization\",\"@id\":\"https:\\\/\\\/www.quebakan.com\\\/v15\\\/#organization\",\"name\":\"Quebakan.com\",\"url\":\"https:\\\/\\\/www.quebakan.com\\\/v15\\\/\",\"logo\":{\"@type\":\"ImageObject\",\"inLanguage\":\"es\",\"@id\":\"https:\\\/\\\/www.quebakan.com\\\/v15\\\/#\\\/schema\\\/logo\\\/image\\\/\",\"url\":\"https:\\\/\\\/www.quebakan.com\\\/v15\\\/wp-content\\\/uploads\\\/2023\\\/07\\\/logoquebakanenero2021.jpg\",\"contentUrl\":\"https:\\\/\\\/www.quebakan.com\\\/v15\\\/wp-content\\\/uploads\\\/2023\\\/07\\\/logoquebakanenero2021.jpg\",\"width\":1920,\"height\":1080,\"caption\":\"Quebakan.com\"},\"image\":{\"@id\":\"https:\\\/\\\/www.quebakan.com\\\/v15\\\/#\\\/schema\\\/logo\\\/image\\\/\"},\"sameAs\":[\"http:\\\/\\\/www.facebook.com\\\/quebakan\",\"https:\\\/\\\/x.com\\\/quebakanec\",\"http:\\\/\\\/www.instagram.com\\\/quebakan\",\"http:\\\/\\\/www.youtube.com\\\/quebakan1\"]},{\"@type\":\"Person\",\"@id\":\"https:\\\/\\\/www.quebakan.com\\\/v15\\\/#\\\/schema\\\/person\\\/d90fa9f9cfa81eb8ace9811e5b7b9118\",\"name\":\"Erick Villafuerte\",\"image\":{\"@type\":\"ImageObject\",\"inLanguage\":\"es\",\"@id\":\"https:\\\/\\\/www.quebakan.com\\\/v15\\\/wp-content\\\/uploads\\\/avatars\\\/4\\\/1731297654-bpfull.png\",\"url\":\"https:\\\/\\\/www.quebakan.com\\\/v15\\\/wp-content\\\/uploads\\\/avatars\\\/4\\\/1731297654-bpfull.png\",\"contentUrl\":\"https:\\\/\\\/www.quebakan.com\\\/v15\\\/wp-content\\\/uploads\\\/avatars\\\/4\\\/1731297654-bpfull.png\",\"caption\":\"Erick Villafuerte\"}}]}<\/script>\n<!-- \/ Yoast SEO plugin. -->","yoast_head_json":{"title":"FOTON Y BAIC IMPULSAN LA MOVILIDAD SOSTENIBLE CON SUS NUEVOS MODELOS EN EL MOTORSHOW CUENCA 2025 &#8211; QUEBAKAN.COM 2026: Noticias, Eventos, Conciertos y mucho m\u00e1s....","robots":{"index":"index","follow":"follow","max-snippet":"max-snippet:-1","max-image-preview":"max-image-preview:large","max-video-preview":"max-video-preview:-1"},"canonical":"https:\/\/www.quebakan.com\/v15\/foton-y-baic-impulsan-la-movilidad-sostenible-con-sus-nuevos-modelos-en-el-motorshow-cuenca-2025\/","og_locale":"es_ES","og_type":"article","og_title":"FOTON Y BAIC IMPULSAN LA MOVILIDAD SOSTENIBLE CON SUS NUEVOS MODELOS EN EL MOTORSHOW CUENCA 2025 &#8211; QUEBAKAN.COM 2026: Noticias, Eventos, Conciertos y mucho m\u00e1s....","og_description":"Ecuador, 01 de diciembre de 2025.- Cuenca, una ciudad reconocida por su dinamismo, planificaci\u00f3n sostenible y visi\u00f3n de futuro, recibi\u00f3 una nueva edici\u00f3n del MotorShow 2025, una de las ferias m\u00e1s relevantes del sector automotor en el pa\u00eds. Este encuentro reuni\u00f3 a las principales marcas del mercado y fue el escenario donde\u00a0BAIC y FOTON, con [&hellip;]","og_url":"https:\/\/www.quebakan.com\/v15\/foton-y-baic-impulsan-la-movilidad-sostenible-con-sus-nuevos-modelos-en-el-motorshow-cuenca-2025\/","og_site_name":"QUEBAKAN.COM 2026: Noticias, Eventos, Conciertos y mucho m\u00e1s....","article_publisher":"http:\/\/www.facebook.com\/quebakan","article_published_time":"2025-12-01T20:33:23+00:00","og_image":[{"width":653,"height":489,"url":"https:\/\/www.quebakan.com\/v15\/wp-content\/uploads\/2025\/12\/thumbnail_image001.png","type":"image\/png"}],"author":"Erick Villafuerte","twitter_card":"summary_large_image","twitter_creator":"@quebakanec","twitter_site":"@quebakanec","twitter_misc":{"Escrito por":"Erick Villafuerte","Tiempo de lectura":"4 minutos"},"schema":{"@context":"https:\/\/schema.org","@graph":[{"@type":"Article","@id":"https:\/\/www.quebakan.com\/v15\/foton-y-baic-impulsan-la-movilidad-sostenible-con-sus-nuevos-modelos-en-el-motorshow-cuenca-2025\/#article","isPartOf":{"@id":"https:\/\/www.quebakan.com\/v15\/foton-y-baic-impulsan-la-movilidad-sostenible-con-sus-nuevos-modelos-en-el-motorshow-cuenca-2025\/"},"author":{"name":"Erick Villafuerte","@id":"https:\/\/www.quebakan.com\/v15\/#\/schema\/person\/d90fa9f9cfa81eb8ace9811e5b7b9118"},"headline":"FOTON Y BAIC IMPULSAN LA MOVILIDAD SOSTENIBLE CON SUS NUEVOS MODELOS EN EL MOTORSHOW CUENCA 2025","datePublished":"2025-12-01T20:33:23+00:00","mainEntityOfPage":{"@id":"https:\/\/www.quebakan.com\/v15\/foton-y-baic-impulsan-la-movilidad-sostenible-con-sus-nuevos-modelos-en-el-motorshow-cuenca-2025\/"},"wordCount":682,"publisher":{"@id":"https:\/\/www.quebakan.com\/v15\/#organization"},"image":{"@id":"https:\/\/www.quebakan.com\/v15\/foton-y-baic-impulsan-la-movilidad-sostenible-con-sus-nuevos-modelos-en-el-motorshow-cuenca-2025\/#primaryimage"},"thumbnailUrl":"https:\/\/www.quebakan.com\/v15\/wp-content\/uploads\/2025\/12\/thumbnail_image001.png","articleSection":["Noticias"],"inLanguage":"es"},{"@type":"WebPage","@id":"https:\/\/www.quebakan.com\/v15\/foton-y-baic-impulsan-la-movilidad-sostenible-con-sus-nuevos-modelos-en-el-motorshow-cuenca-2025\/","url":"https:\/\/www.quebakan.com\/v15\/foton-y-baic-impulsan-la-movilidad-sostenible-con-sus-nuevos-modelos-en-el-motorshow-cuenca-2025\/","name":"FOTON Y BAIC IMPULSAN LA MOVILIDAD SOSTENIBLE CON SUS NUEVOS MODELOS EN EL MOTORSHOW CUENCA 2025 &#8211; QUEBAKAN.COM 2026: Noticias, Eventos, Conciertos y mucho m\u00e1s....","isPartOf":{"@id":"https:\/\/www.quebakan.com\/v15\/#website"},"primaryImageOfPage":{"@id":"https:\/\/www.quebakan.com\/v15\/foton-y-baic-impulsan-la-movilidad-sostenible-con-sus-nuevos-modelos-en-el-motorshow-cuenca-2025\/#primaryimage"},"image":{"@id":"https:\/\/www.quebakan.com\/v15\/foton-y-baic-impulsan-la-movilidad-sostenible-con-sus-nuevos-modelos-en-el-motorshow-cuenca-2025\/#primaryimage"},"thumbnailUrl":"https:\/\/www.quebakan.com\/v15\/wp-content\/uploads\/2025\/12\/thumbnail_image001.png","datePublished":"2025-12-01T20:33:23+00:00","breadcrumb":{"@id":"https:\/\/www.quebakan.com\/v15\/foton-y-baic-impulsan-la-movilidad-sostenible-con-sus-nuevos-modelos-en-el-motorshow-cuenca-2025\/#breadcrumb"},"inLanguage":"es","potentialAction":[{"@type":"ReadAction","target":["https:\/\/www.quebakan.com\/v15\/foton-y-baic-impulsan-la-movilidad-sostenible-con-sus-nuevos-modelos-en-el-motorshow-cuenca-2025\/"]}]},{"@type":"ImageObject","inLanguage":"es","@id":"https:\/\/www.quebakan.com\/v15\/foton-y-baic-impulsan-la-movilidad-sostenible-con-sus-nuevos-modelos-en-el-motorshow-cuenca-2025\/#primaryimage","url":"https:\/\/www.quebakan.com\/v15\/wp-content\/uploads\/2025\/12\/thumbnail_image001.png","contentUrl":"https:\/\/www.quebakan.com\/v15\/wp-content\/uploads\/2025\/12\/thumbnail_image001.png","width":653,"height":489},{"@type":"BreadcrumbList","@id":"https:\/\/www.quebakan.com\/v15\/foton-y-baic-impulsan-la-movilidad-sostenible-con-sus-nuevos-modelos-en-el-motorshow-cuenca-2025\/#breadcrumb","itemListElement":[{"@type":"ListItem","position":1,"name":"Portada","item":"https:\/\/www.quebakan.com\/v15\/"},{"@type":"ListItem","position":2,"name":"FOTON Y BAIC IMPULSAN LA MOVILIDAD SOSTENIBLE CON SUS NUEVOS MODELOS EN EL MOTORSHOW CUENCA 2025"}]},{"@type":"WebSite","@id":"https:\/\/www.quebakan.com\/v15\/#website","url":"https:\/\/www.quebakan.com\/v15\/","name":"QUEBAKAN","description":"..","publisher":{"@id":"https:\/\/www.quebakan.com\/v15\/#organization"},"potentialAction":[{"@type":"SearchAction","target":{"@type":"EntryPoint","urlTemplate":"https:\/\/www.quebakan.com\/v15\/?s={search_term_string}"},"query-input":{"@type":"PropertyValueSpecification","valueRequired":true,"valueName":"search_term_string"}}],"inLanguage":"es"},{"@type":"Organization","@id":"https:\/\/www.quebakan.com\/v15\/#organization","name":"Quebakan.com","url":"https:\/\/www.quebakan.com\/v15\/","logo":{"@type":"ImageObject","inLanguage":"es","@id":"https:\/\/www.quebakan.com\/v15\/#\/schema\/logo\/image\/","url":"https:\/\/www.quebakan.com\/v15\/wp-content\/uploads\/2023\/07\/logoquebakanenero2021.jpg","contentUrl":"https:\/\/www.quebakan.com\/v15\/wp-content\/uploads\/2023\/07\/logoquebakanenero2021.jpg","width":1920,"height":1080,"caption":"Quebakan.com"},"image":{"@id":"https:\/\/www.quebakan.com\/v15\/#\/schema\/logo\/image\/"},"sameAs":["http:\/\/www.facebook.com\/quebakan","https:\/\/x.com\/quebakanec","http:\/\/www.instagram.com\/quebakan","http:\/\/www.youtube.com\/quebakan1"]},{"@type":"Person","@id":"https:\/\/www.quebakan.com\/v15\/#\/schema\/person\/d90fa9f9cfa81eb8ace9811e5b7b9118","name":"Erick Villafuerte","image":{"@type":"ImageObject","inLanguage":"es","@id":"https:\/\/www.quebakan.com\/v15\/wp-content\/uploads\/avatars\/4\/1731297654-bpfull.png","url":"https:\/\/www.quebakan.com\/v15\/wp-content\/uploads\/avatars\/4\/1731297654-bpfull.png","contentUrl":"https:\/\/www.quebakan.com\/v15\/wp-content\/uploads\/avatars\/4\/1731297654-bpfull.png","caption":"Erick Villafuerte"}}]}},"_links":{"self":[{"href":"https:\/\/www.quebakan.com\/v15\/wp-json\/wp\/v2\/posts\/138001","targetHints":{"allow":["GET"]}}],"collection":[{"href":"https:\/\/www.quebakan.com\/v15\/wp-json\/wp\/v2\/posts"}],"about":[{"href":"https:\/\/www.quebakan.com\/v15\/wp-json\/wp\/v2\/types\/post"}],"author":[{"embeddable":true,"href":"https:\/\/www.quebakan.com\/v15\/wp-json\/wp\/v2\/users\/4"}],"replies":[{"embeddable":true,"href":"https:\/\/www.quebakan.com\/v15\/wp-json\/wp\/v2\/comments?post=138001"}],"version-history":[{"count":1,"href":"https:\/\/www.quebakan.com\/v15\/wp-json\/wp\/v2\/posts\/138001\/revisions"}],"predecessor-version":[{"id":138003,"href":"https:\/\/www.quebakan.com\/v15\/wp-json\/wp\/v2\/posts\/138001\/revisions\/138003"}],"wp:featuredmedia":[{"embeddable":true,"href":"https:\/\/www.quebakan.com\/v15\/wp-json\/wp\/v2\/media\/138002"}],"wp:attachment":[{"href":"https:\/\/www.quebakan.com\/v15\/wp-json\/wp\/v2\/media?parent=138001"}],"wp:term":[{"taxonomy":"category","embeddable":true,"href":"https:\/\/www.quebakan.com\/v15\/wp-json\/wp\/v2\/categories?post=138001"},{"taxonomy":"post_tag","embeddable":true,"href":"https:\/\/www.quebakan.com\/v15\/wp-json\/wp\/v2\/tags?post=138001"}],"curies":[{"name":"wp","href":"https:\/\/api.w.org\/{rel}","templated":true}]}}