{"id":138004,"date":"2025-12-01T15:41:18","date_gmt":"2025-12-01T20:41:18","guid":{"rendered":"https:\/\/www.quebakan.com\/v15\/?p=138004"},"modified":"2025-12-01T15:42:46","modified_gmt":"2025-12-01T20:42:46","slug":"corporacion-favorita-alcanza-las-100-000-toneladas-recicladas-a-traves-de-gira-su-empresa-de-economia-circular","status":"publish","type":"post","link":"https:\/\/www.quebakan.com\/v15\/corporacion-favorita-alcanza-las-100-000-toneladas-recicladas-a-traves-de-gira-su-empresa-de-economia-circular\/","title":{"rendered":"CORPORACI\u00d3N FAVORITA ALCANZA LAS 100.000 TONELADAS RECICLADAS A TRAV\u00c9S DE GIRA, SU EMPRESA DE ECONOM\u00cdA CIRCULAR"},"content":{"rendered":"<p><img fetchpriority=\"high\" decoding=\"async\" class=\"aligncenter size-full wp-image-138005\" src=\"https:\/\/www.quebakan.com\/v15\/wp-content\/uploads\/2025\/12\/1024-1024.jpg\" alt=\"\" width=\"700\" height=\"700\" srcset=\"https:\/\/www.quebakan.com\/v15\/wp-content\/uploads\/2025\/12\/1024-1024.jpg 700w, https:\/\/www.quebakan.com\/v15\/wp-content\/uploads\/2025\/12\/1024-1024-300x300.jpg 300w, https:\/\/www.quebakan.com\/v15\/wp-content\/uploads\/2025\/12\/1024-1024-75x75.jpg 75w\" sizes=\"(max-width: 700px) 100vw, 700px\" \/><\/p>\n<ul>\n<li style=\"text-align: justify;\"><span style=\"color: #000000;\">100.000 toneladas de residuos reciclados y 1.600 millones de empaques recuperados gracias al modelo de econom\u00eda circular impulsado por Corporaci\u00f3n Favorita.<\/span><\/li>\n<li style=\"text-align: justify;\"><span style=\"color: #000000;\">Este hito consolida el liderazgo de la empresa en sostenibilidad, innovaci\u00f3n y gesti\u00f3n ambiental responsable.<\/span><\/li>\n<\/ul>\n<p style=\"text-align: justify;\"><span style=\"color: #000000;\"><strong>Quito, noviembre de 2025. \u2013<\/strong> Corporaci\u00f3n Favorita alcanz\u00f3 un nuevo hito en su compromiso con la sostenibilidad: 100.000 toneladas de residuos reciclados a trav\u00e9s de GIRA, su empresa filial de econom\u00eda circular creada en 2019.<\/span><\/p>\n<p style=\"text-align: justify;\"><span style=\"color: #000000;\">Este logro se enmarca en la Visi\u00f3n de Sostenibilidad de Corporaci\u00f3n Favorita, que orienta todas sus acciones bajo tres pilares: Desarrollar negocios responsables, Cuidar a su gente y Proteger el planeta. Desde esa convicci\u00f3n, la empresa impulsa un modelo integral que combina innovaci\u00f3n tecnol\u00f3gica, eficiencia operativa y corresponsabilidad ciudadana.<\/span><\/p>\n<p style=\"text-align: justify;\"><span style=\"color: #000000;\">De acuerdo con el Environmental Performance Index 2024 de la Universidad de Yale, Ecuador registra una tasa de recuperaci\u00f3n de residuos del 11,8%, la m\u00e1s alta de Am\u00e9rica Latina. Este contexto refuerza el papel que GIRA y Corporaci\u00f3n Favorita desempe\u00f1an como catalizadores del cambio hacia una econom\u00eda circular nacional.<\/span><\/p>\n<p style=\"text-align: justify;\"><span style=\"color: #000000;\">\u201cEn Corporaci\u00f3n Favorita entendemos la sostenibilidad como una forma de hacer empresa, no como una tendencia. Con GIRA hemos demostrado que es posible unir innovaci\u00f3n, eficiencia y conciencia ambiental para generar un impacto real. Cada empaque reciclado es una oportunidad de cuidar el planeta y construir futuro\u201d, expres\u00f3 Mart\u00edn V\u00e1sconez, Subgerente de Sostenibilidad de Corporaci\u00f3n Favorita.<\/span><\/p>\n<p style=\"text-align: justify;\"><strong><span style=\"color: #000000;\">Innovaci\u00f3n e infraestructura para la circularidad<\/span><\/strong><\/p>\n<p style=\"text-align: justify;\"><span style=\"color: #000000;\">Corporaci\u00f3n Favorita ha invertido en infraestructura y tecnolog\u00eda propias, dise\u00f1adas y desarrolladas en el pa\u00eds junto a su equipo t\u00e9cnico y aliados estrat\u00e9gicos.<\/span><\/p>\n<p style=\"text-align: justify;\"><span style=\"color: #000000;\">Este esfuerzo ha permitido consolidar uno de los sistemas de reciclaje m\u00e1s avanzados del Ecuador y referente en la regi\u00f3n.<\/span><\/p>\n<p style=\"text-align: justify;\"><span style=\"color: #000000;\">La planta de GIRA, ubicada en Sangolqu\u00ed, cuenta con m\u00e1s de 5.000 m\u00b2 de operaci\u00f3n y funciona las 24 horas del d\u00eda, con l\u00edneas especializadas de compactado, lavado, clasificaci\u00f3n y peletizado.<\/span><\/p>\n<p style=\"text-align: justify;\"><span style=\"color: #000000;\">All\u00ed, los residuos son valorizados y transformados en materia prima reciclada, utilizada en la fabricaci\u00f3n de empaques, fundas, tachos, palas, lavacaras, botellas y otros productos que regresan al mercado, cerrando el ciclo de la econom\u00eda circular.<\/span><\/p>\n<p style=\"text-align: justify;\"><span style=\"color: #000000;\">Parte de la maquinaria \u2014incluido su sistema de lavado y clasificaci\u00f3n\u2014 fue dise\u00f1ada y construida por talento ecuatoriano, demostrando que la innovaci\u00f3n local puede liderar soluciones ambientales de alto impacto.<\/span><\/p>\n<p style=\"text-align: justify;\"><span style=\"color: #000000;\">Con una capacidad instalada para procesar hasta 1.200 toneladas de materiales al mes, la operaci\u00f3n garantiza trazabilidad, eficiencia y una reducci\u00f3n del impacto ambiental en toda la cadena de valor.<\/span><\/p>\n<p style=\"text-align: justify;\"><strong><span style=\"color: #000000;\">Gesti\u00f3n integral desde los supermercados<\/span><\/strong><\/p>\n<p style=\"text-align: justify;\"><span style=\"color: #000000;\">Adem\u00e1s de la recolecci\u00f3n ciudadana, GIRA gestiona el 100% de los residuos operativos generados en los locales y centros de distribuci\u00f3n de Corporaci\u00f3n Favorita.<\/span><\/p>\n<p style=\"text-align: justify;\"><span style=\"color: #000000;\">Mediante un sistema de log\u00edstica inversa, los residuos postoperacionales son clasificados, transportados y valorizados en la planta, evitando su disposici\u00f3n final y reincorpor\u00e1ndolos al ciclo productivo.<\/span><\/p>\n<p style=\"text-align: justify;\"><span style=\"color: #000000;\">Este modelo permite optimizar recursos, reducir desechos y cerrar el ciclo de los empaques, como las fundas pl\u00e1sticas con 60% de material reciclado que se utilizan en todos los supermercados de la cadena.<\/span><\/p>\n<p style=\"text-align: justify;\"><span style=\"color: #000000;\">De esta manera, la econom\u00eda circular de Corporaci\u00f3n Favorita abarca tanto la operaci\u00f3n interna como la participaci\u00f3n de aliados y consumidores, integrando sostenibilidad en cada etapa de su gesti\u00f3n.<\/span><\/p>\n<p style=\"text-align: justify;\"><strong><span style=\"color: #000000;\">Una red nacional al servicio de las personas<\/span><\/strong><\/p>\n<p style=\"text-align: justify;\"><span style=\"color: #000000;\">La red de m\u00e1s de 140 Puntos GIRA en 19 provincias es hoy el sistema de reciclaje m\u00e1s grande del pa\u00eds.<\/span><\/p>\n<p style=\"text-align: justify;\"><span style=\"color: #000000;\">En estos espacios, ubicados en locales de Supermaxi, Megamaxi, Ak\u00ed, Tit\u00e1n, M\u00f6blart y Juguet\u00f3n, los ciudadanos pueden entregar materiales reciclables como cart\u00f3n, pl\u00e1stico, papel, Tetra Pak, vidrio y aluminio, que luego son clasificados y procesados en la planta.<\/span><\/p>\n<p style=\"text-align: justify;\"><span style=\"color: #000000;\">A trav\u00e9s de la App GIRA, m\u00e1s de 200.000 usuarios activos registran sus entregas y canjean puntos por descuentos en productos participantes, fortaleciendo la participaci\u00f3n ciudadana y premiando el compromiso ambiental.<\/span><\/p>\n<p style=\"text-align: justify;\"><strong><span style=\"color: #000000;\">Educaci\u00f3n, inclusi\u00f3n y acci\u00f3n por el planeta<\/span><\/strong><\/p>\n<p style=\"text-align: justify;\"><span style=\"color: #000000;\">M\u00e1s de 1 mill\u00f3n de personas han participado en programas de educaci\u00f3n ambiental impulsados por GIRA y Fundaci\u00f3n Favorita, como la Escuela de Reciclaje, el \u00e1lbum educativo Reciamigos en Acci\u00f3n por el Planeta y las iniciativas itinerantes del Punto GIRA M\u00f3vil.<\/span><\/p>\n<p style=\"text-align: justify;\"><span style=\"color: #000000;\">Como parte de su compromiso con la inclusi\u00f3n social, GIRA impulsa el programa \u201cReciclaje con Valor\u201d, que promueve la integraci\u00f3n de recicladores de base mediante la entrega de materiales y acumulaci\u00f3n de cr\u00e9ditos canjeables en supermercados Ak\u00ed, junto con capacitaciones en reciclaje, nutrici\u00f3n y manejo financiero.<\/span><\/p>\n<p style=\"text-align: justify;\"><span style=\"color: #000000;\">\u201cCada tonelada reciclada es el resultado del trabajo conjunto de cientos de personas, del compromiso de nuestros aliados y de la confianza de miles de familias. En GIRA demostramos que educaci\u00f3n, innovaci\u00f3n e inclusi\u00f3n pueden transformar residuos en oportunidades y generar un impacto real en el pa\u00eds\u201d, destac\u00f3 Andr\u00e9s G\u00f3mez de la Torre, Gerente General de GIRA.<\/span><\/p>\n<p style=\"text-align: justify;\"><strong><span style=\"color: #000000;\">Impacto ambiental y social<\/span><\/strong><\/p>\n<p style=\"text-align: justify;\"><span style=\"color: #000000;\">Gracias a la gesti\u00f3n de Corporaci\u00f3n Favorita se ha evitado el uso de:<\/span><\/p>\n<ul style=\"text-align: justify;\">\n<li><span style=\"color: #000000;\">976 millones de litros de agua,<\/span><\/li>\n<li><span style=\"color: #000000;\">404 millones de kWh de energ\u00eda,<\/span><\/li>\n<li><span style=\"color: #000000;\">35 millones de litros de petr\u00f3leo,<\/span><\/li>\n<li><span style=\"color: #000000;\">1,2 millones de \u00e1rboles talados,<\/span><\/li>\n<li><span style=\"color: #000000;\">y 177.000 kg de CO\u2082 emitidos.<\/span><\/li>\n<\/ul>\n<p style=\"text-align: justify;\"><span style=\"color: #000000;\">Asimismo, se han sembrado 175.000 plantas nativas y restaurado 170 hect\u00e1reas de ecosistemas en alianza con comunidades locales y la Fundaci\u00f3n Favorita.<\/span><\/p>\n<p><img decoding=\"async\" class=\"aligncenter size-full wp-image-138006\" src=\"https:\/\/www.quebakan.com\/v15\/wp-content\/uploads\/2025\/12\/1492-1024.jpg\" alt=\"\" width=\"700\" height=\"480\" \/><\/p>\n<p>&nbsp;<\/p>\n<p><img decoding=\"async\" class=\"aligncenter size-full wp-image-138007\" src=\"https:\/\/www.quebakan.com\/v15\/wp-content\/uploads\/2025\/12\/1689-1024.jpg\" alt=\"\" width=\"700\" height=\"424\" \/><\/p>\n<p>&nbsp;<\/p>\n<p><img loading=\"lazy\" decoding=\"async\" class=\"aligncenter size-full wp-image-138008\" src=\"https:\/\/www.quebakan.com\/v15\/wp-content\/uploads\/2025\/12\/1365-1024.jpg\" alt=\"\" width=\"700\" height=\"525\" \/><\/p>\n<p>&nbsp;<\/p>\n<p><img loading=\"lazy\" decoding=\"async\" class=\"aligncenter size-full wp-image-138009\" src=\"https:\/\/www.quebakan.com\/v15\/wp-content\/uploads\/2025\/12\/1280-853-max.jpg\" alt=\"\" width=\"700\" height=\"466\" \/><\/p>\n","protected":false},"excerpt":{"rendered":"<p>100.000 toneladas de residuos reciclados y 1.600 millones de empaques recuperados gracias al modelo de econom\u00eda circular impulsado por Corporaci\u00f3n Favorita. Este hito consolida el liderazgo de la empresa en sostenibilidad, innovaci\u00f3n y gesti\u00f3n ambiental responsable. Quito, noviembre de 2025. \u2013 Corporaci\u00f3n Favorita alcanz\u00f3 un nuevo hito en su compromiso con la sostenibilidad: 100.000 toneladas [&hellip;]<\/p>\n","protected":false},"author":4,"featured_media":138005,"comment_status":"closed","ping_status":"closed","sticky":false,"template":"","format":"standard","meta":{"_bbp_topic_count":0,"_bbp_reply_count":0,"_bbp_total_topic_count":0,"_bbp_total_reply_count":0,"_bbp_voice_count":0,"_bbp_anonymous_reply_count":0,"_bbp_topic_count_hidden":0,"_bbp_reply_count_hidden":0,"_bbp_forum_subforum_count":0,"buzzeditor_post_format":"","footnotes":""},"categories":[2],"tags":[],"class_list":["post-138004","post","type-post","status-publish","format-standard","has-post-thumbnail","hentry","category-noticias"],"yoast_head":"<!-- This site is optimized with the Yoast SEO plugin v27.5 - https:\/\/yoast.com\/product\/yoast-seo-wordpress\/ -->\n<title>CORPORACI\u00d3N FAVORITA ALCANZA LAS 100.000 TONELADAS RECICLADAS A TRAV\u00c9S DE GIRA, SU EMPRESA DE ECONOM\u00cdA CIRCULAR &#8211; QUEBAKAN.COM 2026: Noticias, Eventos, Conciertos y mucho m\u00e1s....<\/title>\n<meta name=\"robots\" content=\"index, follow, max-snippet:-1, max-image-preview:large, max-video-preview:-1\" \/>\n<link rel=\"canonical\" href=\"https:\/\/www.quebakan.com\/v15\/corporacion-favorita-alcanza-las-100-000-toneladas-recicladas-a-traves-de-gira-su-empresa-de-economia-circular\/\" \/>\n<meta property=\"og:locale\" content=\"es_ES\" \/>\n<meta property=\"og:type\" content=\"article\" \/>\n<meta property=\"og:title\" content=\"CORPORACI\u00d3N FAVORITA ALCANZA LAS 100.000 TONELADAS RECICLADAS A TRAV\u00c9S DE GIRA, SU EMPRESA DE ECONOM\u00cdA CIRCULAR &#8211; QUEBAKAN.COM 2026: Noticias, Eventos, Conciertos y mucho m\u00e1s....\" \/>\n<meta property=\"og:description\" content=\"100.000 toneladas de residuos reciclados y 1.600 millones de empaques recuperados gracias al modelo de econom\u00eda circular impulsado por Corporaci\u00f3n Favorita. Este hito consolida el liderazgo de la empresa en sostenibilidad, innovaci\u00f3n y gesti\u00f3n ambiental responsable. Quito, noviembre de 2025. \u2013 Corporaci\u00f3n Favorita alcanz\u00f3 un nuevo hito en su compromiso con la sostenibilidad: 100.000 toneladas [&hellip;]\" \/>\n<meta property=\"og:url\" content=\"https:\/\/www.quebakan.com\/v15\/corporacion-favorita-alcanza-las-100-000-toneladas-recicladas-a-traves-de-gira-su-empresa-de-economia-circular\/\" \/>\n<meta property=\"og:site_name\" content=\"QUEBAKAN.COM 2026: Noticias, Eventos, Conciertos y mucho m\u00e1s....\" \/>\n<meta property=\"article:publisher\" content=\"http:\/\/www.facebook.com\/quebakan\" \/>\n<meta property=\"article:published_time\" content=\"2025-12-01T20:41:18+00:00\" \/>\n<meta property=\"article:modified_time\" content=\"2025-12-01T20:42:46+00:00\" \/>\n<meta property=\"og:image\" content=\"https:\/\/www.quebakan.com\/v15\/wp-content\/uploads\/2025\/12\/1024-1024.jpg\" \/>\n\t<meta property=\"og:image:width\" content=\"700\" \/>\n\t<meta property=\"og:image:height\" content=\"700\" \/>\n\t<meta property=\"og:image:type\" content=\"image\/jpeg\" \/>\n<meta name=\"author\" content=\"Erick Villafuerte\" \/>\n<meta name=\"twitter:card\" content=\"summary_large_image\" \/>\n<meta name=\"twitter:creator\" content=\"@quebakanec\" \/>\n<meta name=\"twitter:site\" content=\"@quebakanec\" \/>\n<meta name=\"twitter:label1\" content=\"Escrito por\" \/>\n\t<meta name=\"twitter:data1\" content=\"Erick Villafuerte\" \/>\n\t<meta name=\"twitter:label2\" content=\"Tiempo de lectura\" \/>\n\t<meta name=\"twitter:data2\" content=\"6 minutos\" \/>\n<script type=\"application\/ld+json\" class=\"yoast-schema-graph\">{\"@context\":\"https:\\\/\\\/schema.org\",\"@graph\":[{\"@type\":\"Article\",\"@id\":\"https:\\\/\\\/www.quebakan.com\\\/v15\\\/corporacion-favorita-alcanza-las-100-000-toneladas-recicladas-a-traves-de-gira-su-empresa-de-economia-circular\\\/#article\",\"isPartOf\":{\"@id\":\"https:\\\/\\\/www.quebakan.com\\\/v15\\\/corporacion-favorita-alcanza-las-100-000-toneladas-recicladas-a-traves-de-gira-su-empresa-de-economia-circular\\\/\"},\"author\":{\"name\":\"Erick Villafuerte\",\"@id\":\"https:\\\/\\\/www.quebakan.com\\\/v15\\\/#\\\/schema\\\/person\\\/d90fa9f9cfa81eb8ace9811e5b7b9118\"},\"headline\":\"CORPORACI\u00d3N FAVORITA ALCANZA LAS 100.000 TONELADAS RECICLADAS A TRAV\u00c9S DE GIRA, SU EMPRESA DE ECONOM\u00cdA CIRCULAR\",\"datePublished\":\"2025-12-01T20:41:18+00:00\",\"dateModified\":\"2025-12-01T20:42:46+00:00\",\"mainEntityOfPage\":{\"@id\":\"https:\\\/\\\/www.quebakan.com\\\/v15\\\/corporacion-favorita-alcanza-las-100-000-toneladas-recicladas-a-traves-de-gira-su-empresa-de-economia-circular\\\/\"},\"wordCount\":927,\"publisher\":{\"@id\":\"https:\\\/\\\/www.quebakan.com\\\/v15\\\/#organization\"},\"image\":{\"@id\":\"https:\\\/\\\/www.quebakan.com\\\/v15\\\/corporacion-favorita-alcanza-las-100-000-toneladas-recicladas-a-traves-de-gira-su-empresa-de-economia-circular\\\/#primaryimage\"},\"thumbnailUrl\":\"https:\\\/\\\/www.quebakan.com\\\/v15\\\/wp-content\\\/uploads\\\/2025\\\/12\\\/1024-1024.jpg\",\"articleSection\":[\"Noticias\"],\"inLanguage\":\"es\"},{\"@type\":\"WebPage\",\"@id\":\"https:\\\/\\\/www.quebakan.com\\\/v15\\\/corporacion-favorita-alcanza-las-100-000-toneladas-recicladas-a-traves-de-gira-su-empresa-de-economia-circular\\\/\",\"url\":\"https:\\\/\\\/www.quebakan.com\\\/v15\\\/corporacion-favorita-alcanza-las-100-000-toneladas-recicladas-a-traves-de-gira-su-empresa-de-economia-circular\\\/\",\"name\":\"CORPORACI\u00d3N FAVORITA ALCANZA LAS 100.000 TONELADAS RECICLADAS A TRAV\u00c9S DE GIRA, SU EMPRESA DE ECONOM\u00cdA CIRCULAR &#8211; QUEBAKAN.COM 2026: Noticias, Eventos, Conciertos y mucho m\u00e1s....\",\"isPartOf\":{\"@id\":\"https:\\\/\\\/www.quebakan.com\\\/v15\\\/#website\"},\"primaryImageOfPage\":{\"@id\":\"https:\\\/\\\/www.quebakan.com\\\/v15\\\/corporacion-favorita-alcanza-las-100-000-toneladas-recicladas-a-traves-de-gira-su-empresa-de-economia-circular\\\/#primaryimage\"},\"image\":{\"@id\":\"https:\\\/\\\/www.quebakan.com\\\/v15\\\/corporacion-favorita-alcanza-las-100-000-toneladas-recicladas-a-traves-de-gira-su-empresa-de-economia-circular\\\/#primaryimage\"},\"thumbnailUrl\":\"https:\\\/\\\/www.quebakan.com\\\/v15\\\/wp-content\\\/uploads\\\/2025\\\/12\\\/1024-1024.jpg\",\"datePublished\":\"2025-12-01T20:41:18+00:00\",\"dateModified\":\"2025-12-01T20:42:46+00:00\",\"breadcrumb\":{\"@id\":\"https:\\\/\\\/www.quebakan.com\\\/v15\\\/corporacion-favorita-alcanza-las-100-000-toneladas-recicladas-a-traves-de-gira-su-empresa-de-economia-circular\\\/#breadcrumb\"},\"inLanguage\":\"es\",\"potentialAction\":[{\"@type\":\"ReadAction\",\"target\":[\"https:\\\/\\\/www.quebakan.com\\\/v15\\\/corporacion-favorita-alcanza-las-100-000-toneladas-recicladas-a-traves-de-gira-su-empresa-de-economia-circular\\\/\"]}]},{\"@type\":\"ImageObject\",\"inLanguage\":\"es\",\"@id\":\"https:\\\/\\\/www.quebakan.com\\\/v15\\\/corporacion-favorita-alcanza-las-100-000-toneladas-recicladas-a-traves-de-gira-su-empresa-de-economia-circular\\\/#primaryimage\",\"url\":\"https:\\\/\\\/www.quebakan.com\\\/v15\\\/wp-content\\\/uploads\\\/2025\\\/12\\\/1024-1024.jpg\",\"contentUrl\":\"https:\\\/\\\/www.quebakan.com\\\/v15\\\/wp-content\\\/uploads\\\/2025\\\/12\\\/1024-1024.jpg\",\"width\":700,\"height\":700},{\"@type\":\"BreadcrumbList\",\"@id\":\"https:\\\/\\\/www.quebakan.com\\\/v15\\\/corporacion-favorita-alcanza-las-100-000-toneladas-recicladas-a-traves-de-gira-su-empresa-de-economia-circular\\\/#breadcrumb\",\"itemListElement\":[{\"@type\":\"ListItem\",\"position\":1,\"name\":\"Portada\",\"item\":\"https:\\\/\\\/www.quebakan.com\\\/v15\\\/\"},{\"@type\":\"ListItem\",\"position\":2,\"name\":\"CORPORACI\u00d3N FAVORITA ALCANZA LAS 100.000 TONELADAS RECICLADAS A TRAV\u00c9S DE GIRA, SU EMPRESA DE ECONOM\u00cdA CIRCULAR\"}]},{\"@type\":\"WebSite\",\"@id\":\"https:\\\/\\\/www.quebakan.com\\\/v15\\\/#website\",\"url\":\"https:\\\/\\\/www.quebakan.com\\\/v15\\\/\",\"name\":\"QUEBAKAN\",\"description\":\"..\",\"publisher\":{\"@id\":\"https:\\\/\\\/www.quebakan.com\\\/v15\\\/#organization\"},\"potentialAction\":[{\"@type\":\"SearchAction\",\"target\":{\"@type\":\"EntryPoint\",\"urlTemplate\":\"https:\\\/\\\/www.quebakan.com\\\/v15\\\/?s={search_term_string}\"},\"query-input\":{\"@type\":\"PropertyValueSpecification\",\"valueRequired\":true,\"valueName\":\"search_term_string\"}}],\"inLanguage\":\"es\"},{\"@type\":\"Organization\",\"@id\":\"https:\\\/\\\/www.quebakan.com\\\/v15\\\/#organization\",\"name\":\"Quebakan.com\",\"url\":\"https:\\\/\\\/www.quebakan.com\\\/v15\\\/\",\"logo\":{\"@type\":\"ImageObject\",\"inLanguage\":\"es\",\"@id\":\"https:\\\/\\\/www.quebakan.com\\\/v15\\\/#\\\/schema\\\/logo\\\/image\\\/\",\"url\":\"https:\\\/\\\/www.quebakan.com\\\/v15\\\/wp-content\\\/uploads\\\/2023\\\/07\\\/logoquebakanenero2021.jpg\",\"contentUrl\":\"https:\\\/\\\/www.quebakan.com\\\/v15\\\/wp-content\\\/uploads\\\/2023\\\/07\\\/logoquebakanenero2021.jpg\",\"width\":1920,\"height\":1080,\"caption\":\"Quebakan.com\"},\"image\":{\"@id\":\"https:\\\/\\\/www.quebakan.com\\\/v15\\\/#\\\/schema\\\/logo\\\/image\\\/\"},\"sameAs\":[\"http:\\\/\\\/www.facebook.com\\\/quebakan\",\"https:\\\/\\\/x.com\\\/quebakanec\",\"http:\\\/\\\/www.instagram.com\\\/quebakan\",\"http:\\\/\\\/www.youtube.com\\\/quebakan1\"]},{\"@type\":\"Person\",\"@id\":\"https:\\\/\\\/www.quebakan.com\\\/v15\\\/#\\\/schema\\\/person\\\/d90fa9f9cfa81eb8ace9811e5b7b9118\",\"name\":\"Erick Villafuerte\",\"image\":{\"@type\":\"ImageObject\",\"inLanguage\":\"es\",\"@id\":\"https:\\\/\\\/www.quebakan.com\\\/v15\\\/wp-content\\\/uploads\\\/avatars\\\/4\\\/1731297654-bpfull.png\",\"url\":\"https:\\\/\\\/www.quebakan.com\\\/v15\\\/wp-content\\\/uploads\\\/avatars\\\/4\\\/1731297654-bpfull.png\",\"contentUrl\":\"https:\\\/\\\/www.quebakan.com\\\/v15\\\/wp-content\\\/uploads\\\/avatars\\\/4\\\/1731297654-bpfull.png\",\"caption\":\"Erick Villafuerte\"}}]}<\/script>\n<!-- \/ Yoast SEO plugin. -->","yoast_head_json":{"title":"CORPORACI\u00d3N FAVORITA ALCANZA LAS 100.000 TONELADAS RECICLADAS A TRAV\u00c9S DE GIRA, SU EMPRESA DE ECONOM\u00cdA CIRCULAR &#8211; QUEBAKAN.COM 2026: Noticias, Eventos, Conciertos y mucho m\u00e1s....","robots":{"index":"index","follow":"follow","max-snippet":"max-snippet:-1","max-image-preview":"max-image-preview:large","max-video-preview":"max-video-preview:-1"},"canonical":"https:\/\/www.quebakan.com\/v15\/corporacion-favorita-alcanza-las-100-000-toneladas-recicladas-a-traves-de-gira-su-empresa-de-economia-circular\/","og_locale":"es_ES","og_type":"article","og_title":"CORPORACI\u00d3N FAVORITA ALCANZA LAS 100.000 TONELADAS RECICLADAS A TRAV\u00c9S DE GIRA, SU EMPRESA DE ECONOM\u00cdA CIRCULAR &#8211; QUEBAKAN.COM 2026: Noticias, Eventos, Conciertos y mucho m\u00e1s....","og_description":"100.000 toneladas de residuos reciclados y 1.600 millones de empaques recuperados gracias al modelo de econom\u00eda circular impulsado por Corporaci\u00f3n Favorita. Este hito consolida el liderazgo de la empresa en sostenibilidad, innovaci\u00f3n y gesti\u00f3n ambiental responsable. Quito, noviembre de 2025. \u2013 Corporaci\u00f3n Favorita alcanz\u00f3 un nuevo hito en su compromiso con la sostenibilidad: 100.000 toneladas [&hellip;]","og_url":"https:\/\/www.quebakan.com\/v15\/corporacion-favorita-alcanza-las-100-000-toneladas-recicladas-a-traves-de-gira-su-empresa-de-economia-circular\/","og_site_name":"QUEBAKAN.COM 2026: Noticias, Eventos, Conciertos y mucho m\u00e1s....","article_publisher":"http:\/\/www.facebook.com\/quebakan","article_published_time":"2025-12-01T20:41:18+00:00","article_modified_time":"2025-12-01T20:42:46+00:00","og_image":[{"width":700,"height":700,"url":"https:\/\/www.quebakan.com\/v15\/wp-content\/uploads\/2025\/12\/1024-1024.jpg","type":"image\/jpeg"}],"author":"Erick Villafuerte","twitter_card":"summary_large_image","twitter_creator":"@quebakanec","twitter_site":"@quebakanec","twitter_misc":{"Escrito por":"Erick Villafuerte","Tiempo de lectura":"6 minutos"},"schema":{"@context":"https:\/\/schema.org","@graph":[{"@type":"Article","@id":"https:\/\/www.quebakan.com\/v15\/corporacion-favorita-alcanza-las-100-000-toneladas-recicladas-a-traves-de-gira-su-empresa-de-economia-circular\/#article","isPartOf":{"@id":"https:\/\/www.quebakan.com\/v15\/corporacion-favorita-alcanza-las-100-000-toneladas-recicladas-a-traves-de-gira-su-empresa-de-economia-circular\/"},"author":{"name":"Erick Villafuerte","@id":"https:\/\/www.quebakan.com\/v15\/#\/schema\/person\/d90fa9f9cfa81eb8ace9811e5b7b9118"},"headline":"CORPORACI\u00d3N FAVORITA ALCANZA LAS 100.000 TONELADAS RECICLADAS A TRAV\u00c9S DE GIRA, SU EMPRESA DE ECONOM\u00cdA CIRCULAR","datePublished":"2025-12-01T20:41:18+00:00","dateModified":"2025-12-01T20:42:46+00:00","mainEntityOfPage":{"@id":"https:\/\/www.quebakan.com\/v15\/corporacion-favorita-alcanza-las-100-000-toneladas-recicladas-a-traves-de-gira-su-empresa-de-economia-circular\/"},"wordCount":927,"publisher":{"@id":"https:\/\/www.quebakan.com\/v15\/#organization"},"image":{"@id":"https:\/\/www.quebakan.com\/v15\/corporacion-favorita-alcanza-las-100-000-toneladas-recicladas-a-traves-de-gira-su-empresa-de-economia-circular\/#primaryimage"},"thumbnailUrl":"https:\/\/www.quebakan.com\/v15\/wp-content\/uploads\/2025\/12\/1024-1024.jpg","articleSection":["Noticias"],"inLanguage":"es"},{"@type":"WebPage","@id":"https:\/\/www.quebakan.com\/v15\/corporacion-favorita-alcanza-las-100-000-toneladas-recicladas-a-traves-de-gira-su-empresa-de-economia-circular\/","url":"https:\/\/www.quebakan.com\/v15\/corporacion-favorita-alcanza-las-100-000-toneladas-recicladas-a-traves-de-gira-su-empresa-de-economia-circular\/","name":"CORPORACI\u00d3N FAVORITA ALCANZA LAS 100.000 TONELADAS RECICLADAS A TRAV\u00c9S DE GIRA, SU EMPRESA DE ECONOM\u00cdA CIRCULAR &#8211; QUEBAKAN.COM 2026: Noticias, Eventos, Conciertos y mucho m\u00e1s....","isPartOf":{"@id":"https:\/\/www.quebakan.com\/v15\/#website"},"primaryImageOfPage":{"@id":"https:\/\/www.quebakan.com\/v15\/corporacion-favorita-alcanza-las-100-000-toneladas-recicladas-a-traves-de-gira-su-empresa-de-economia-circular\/#primaryimage"},"image":{"@id":"https:\/\/www.quebakan.com\/v15\/corporacion-favorita-alcanza-las-100-000-toneladas-recicladas-a-traves-de-gira-su-empresa-de-economia-circular\/#primaryimage"},"thumbnailUrl":"https:\/\/www.quebakan.com\/v15\/wp-content\/uploads\/2025\/12\/1024-1024.jpg","datePublished":"2025-12-01T20:41:18+00:00","dateModified":"2025-12-01T20:42:46+00:00","breadcrumb":{"@id":"https:\/\/www.quebakan.com\/v15\/corporacion-favorita-alcanza-las-100-000-toneladas-recicladas-a-traves-de-gira-su-empresa-de-economia-circular\/#breadcrumb"},"inLanguage":"es","potentialAction":[{"@type":"ReadAction","target":["https:\/\/www.quebakan.com\/v15\/corporacion-favorita-alcanza-las-100-000-toneladas-recicladas-a-traves-de-gira-su-empresa-de-economia-circular\/"]}]},{"@type":"ImageObject","inLanguage":"es","@id":"https:\/\/www.quebakan.com\/v15\/corporacion-favorita-alcanza-las-100-000-toneladas-recicladas-a-traves-de-gira-su-empresa-de-economia-circular\/#primaryimage","url":"https:\/\/www.quebakan.com\/v15\/wp-content\/uploads\/2025\/12\/1024-1024.jpg","contentUrl":"https:\/\/www.quebakan.com\/v15\/wp-content\/uploads\/2025\/12\/1024-1024.jpg","width":700,"height":700},{"@type":"BreadcrumbList","@id":"https:\/\/www.quebakan.com\/v15\/corporacion-favorita-alcanza-las-100-000-toneladas-recicladas-a-traves-de-gira-su-empresa-de-economia-circular\/#breadcrumb","itemListElement":[{"@type":"ListItem","position":1,"name":"Portada","item":"https:\/\/www.quebakan.com\/v15\/"},{"@type":"ListItem","position":2,"name":"CORPORACI\u00d3N FAVORITA ALCANZA LAS 100.000 TONELADAS RECICLADAS A TRAV\u00c9S DE GIRA, SU EMPRESA DE ECONOM\u00cdA CIRCULAR"}]},{"@type":"WebSite","@id":"https:\/\/www.quebakan.com\/v15\/#website","url":"https:\/\/www.quebakan.com\/v15\/","name":"QUEBAKAN","description":"..","publisher":{"@id":"https:\/\/www.quebakan.com\/v15\/#organization"},"potentialAction":[{"@type":"SearchAction","target":{"@type":"EntryPoint","urlTemplate":"https:\/\/www.quebakan.com\/v15\/?s={search_term_string}"},"query-input":{"@type":"PropertyValueSpecification","valueRequired":true,"valueName":"search_term_string"}}],"inLanguage":"es"},{"@type":"Organization","@id":"https:\/\/www.quebakan.com\/v15\/#organization","name":"Quebakan.com","url":"https:\/\/www.quebakan.com\/v15\/","logo":{"@type":"ImageObject","inLanguage":"es","@id":"https:\/\/www.quebakan.com\/v15\/#\/schema\/logo\/image\/","url":"https:\/\/www.quebakan.com\/v15\/wp-content\/uploads\/2023\/07\/logoquebakanenero2021.jpg","contentUrl":"https:\/\/www.quebakan.com\/v15\/wp-content\/uploads\/2023\/07\/logoquebakanenero2021.jpg","width":1920,"height":1080,"caption":"Quebakan.com"},"image":{"@id":"https:\/\/www.quebakan.com\/v15\/#\/schema\/logo\/image\/"},"sameAs":["http:\/\/www.facebook.com\/quebakan","https:\/\/x.com\/quebakanec","http:\/\/www.instagram.com\/quebakan","http:\/\/www.youtube.com\/quebakan1"]},{"@type":"Person","@id":"https:\/\/www.quebakan.com\/v15\/#\/schema\/person\/d90fa9f9cfa81eb8ace9811e5b7b9118","name":"Erick Villafuerte","image":{"@type":"ImageObject","inLanguage":"es","@id":"https:\/\/www.quebakan.com\/v15\/wp-content\/uploads\/avatars\/4\/1731297654-bpfull.png","url":"https:\/\/www.quebakan.com\/v15\/wp-content\/uploads\/avatars\/4\/1731297654-bpfull.png","contentUrl":"https:\/\/www.quebakan.com\/v15\/wp-content\/uploads\/avatars\/4\/1731297654-bpfull.png","caption":"Erick Villafuerte"}}]}},"_links":{"self":[{"href":"https:\/\/www.quebakan.com\/v15\/wp-json\/wp\/v2\/posts\/138004","targetHints":{"allow":["GET"]}}],"collection":[{"href":"https:\/\/www.quebakan.com\/v15\/wp-json\/wp\/v2\/posts"}],"about":[{"href":"https:\/\/www.quebakan.com\/v15\/wp-json\/wp\/v2\/types\/post"}],"author":[{"embeddable":true,"href":"https:\/\/www.quebakan.com\/v15\/wp-json\/wp\/v2\/users\/4"}],"replies":[{"embeddable":true,"href":"https:\/\/www.quebakan.com\/v15\/wp-json\/wp\/v2\/comments?post=138004"}],"version-history":[{"count":2,"href":"https:\/\/www.quebakan.com\/v15\/wp-json\/wp\/v2\/posts\/138004\/revisions"}],"predecessor-version":[{"id":138011,"href":"https:\/\/www.quebakan.com\/v15\/wp-json\/wp\/v2\/posts\/138004\/revisions\/138011"}],"wp:featuredmedia":[{"embeddable":true,"href":"https:\/\/www.quebakan.com\/v15\/wp-json\/wp\/v2\/media\/138005"}],"wp:attachment":[{"href":"https:\/\/www.quebakan.com\/v15\/wp-json\/wp\/v2\/media?parent=138004"}],"wp:term":[{"taxonomy":"category","embeddable":true,"href":"https:\/\/www.quebakan.com\/v15\/wp-json\/wp\/v2\/categories?post=138004"},{"taxonomy":"post_tag","embeddable":true,"href":"https:\/\/www.quebakan.com\/v15\/wp-json\/wp\/v2\/tags?post=138004"}],"curies":[{"name":"wp","href":"https:\/\/api.w.org\/{rel}","templated":true}]}}