{"id":138031,"date":"2025-12-01T19:13:04","date_gmt":"2025-12-02T00:13:04","guid":{"rendered":"https:\/\/www.quebakan.com\/v15\/?p=138031"},"modified":"2025-12-01T19:13:04","modified_gmt":"2025-12-02T00:13:04","slug":"san-carlos-la-marca-1-de-azucar-en-los-hogares-ecuatorianos","status":"publish","type":"post","link":"https:\/\/www.quebakan.com\/v15\/san-carlos-la-marca-1-de-azucar-en-los-hogares-ecuatorianos\/","title":{"rendered":"SAN CARLOS, LA MARCA #1 DE AZ\u00daCAR EN LOS HOGARES ECUATORIANOS"},"content":{"rendered":"<p><img fetchpriority=\"high\" decoding=\"async\" class=\"aligncenter size-full wp-image-138032\" src=\"https:\/\/www.quebakan.com\/v15\/wp-content\/uploads\/2025\/12\/aviso-SC_218x28-cm_OUT_page-0001.jpg\" alt=\"\" width=\"545\" height=\"700\" \/><\/p>\n<p style=\"text-align: justify;\"><span style=\"color: #000000;\"><strong><em>Guayaquil, Ecuador.<\/em> &#8211;<\/strong> En Ecuador, hablar de az\u00facar es hablar de San Carlos. La marca se ha convertido en un referente indiscutible para las familias del pa\u00eds, liderando la presencia en los hogares con una cobertura excepcional, ya que, en 9 de cada 10 hogares ecuatorianos eligen San Carlos como su az\u00facar de confianza. Este alcance masivo refleja un v\u00ednculo construido a partir de calidad, disponibilidad y una historia que conecta con la vida diaria de millones de consumidores.<\/span><\/p>\n<p style=\"text-align: justify;\"><span style=\"color: #000000;\">El liderazgo de San Carlos se extiende en todas las dimensiones del mercado. Mantiene una participaci\u00f3n estable tanto en volumen como en valor, una posici\u00f3n que ha sido posible gracias a su fortalecimiento a nivel nacional y a la creciente lealtad de los consumidores, quienes realizaron m\u00e1s de 18 millones de compras en un solo a\u00f1o. Esta preferencia constante no solo evidencia la fuerza de la marca, sino tambi\u00e9n su capacidad para comprender y adaptarse a las necesidades del mercado.<\/span><\/p>\n<p style=\"text-align: justify;\"><span style=\"color: #000000;\">M\u00e1s all\u00e1 de los indicadores comerciales, San Carlos destaca por un compromiso con la sostenibilidad que acompa\u00f1a cada etapa de su cadena productiva. La marca genera energ\u00eda limpia a partir de sus procesos, es pionera en buenas pr\u00e1cticas agr\u00edcolas y promueve modelos de producci\u00f3n responsables que hoy son referentes en la agroindustria ecuatoriana. Esta visi\u00f3n sostenible respalda no solo el presente de la marca, sino el futuro de la industria.<\/span><\/p>\n<p style=\"text-align: justify;\"><span style=\"color: #000000;\">Con una disponibilidad garantizada a nivel nacional, San Carlos asegura que el consumo local est\u00e9 siempre abastecido con productos de calidad, reafirmando su rol como un pilar de confianza en la mesa de los ecuatorianos.<\/span><\/p>\n<p style=\"text-align: justify;\"><span style=\"color: #000000;\">San Carlos no solo es la marca de az\u00facar m\u00e1s comprada; es la marca que acompa\u00f1a la vida del Ecuador todos los d\u00edas.<\/span><\/p>\n<p style=\"text-align: justify;\"><span style=\"color: #000000;\">Por eso y m\u00e1s, juntos somos el origen de la dulzura.<\/span><\/p>\n","protected":false},"excerpt":{"rendered":"<p>Guayaquil, Ecuador. &#8211; En Ecuador, hablar de az\u00facar es hablar de San Carlos. La marca se ha convertido en un referente indiscutible para las familias del pa\u00eds, liderando la presencia en los hogares con una cobertura excepcional, ya que, en 9 de cada 10 hogares ecuatorianos eligen San Carlos como su az\u00facar de confianza. Este [&hellip;]<\/p>\n","protected":false},"author":4,"featured_media":138032,"comment_status":"closed","ping_status":"closed","sticky":false,"template":"","format":"standard","meta":{"_bbp_topic_count":0,"_bbp_reply_count":0,"_bbp_total_topic_count":0,"_bbp_total_reply_count":0,"_bbp_voice_count":0,"_bbp_anonymous_reply_count":0,"_bbp_topic_count_hidden":0,"_bbp_reply_count_hidden":0,"_bbp_forum_subforum_count":0,"buzzeditor_post_format":"","footnotes":""},"categories":[2],"tags":[],"class_list":["post-138031","post","type-post","status-publish","format-standard","has-post-thumbnail","hentry","category-noticias"],"yoast_head":"<!-- This site is optimized with the Yoast SEO plugin v27.5 - https:\/\/yoast.com\/product\/yoast-seo-wordpress\/ -->\n<title>SAN CARLOS, LA MARCA #1 DE AZ\u00daCAR EN LOS HOGARES ECUATORIANOS &#8211; QUEBAKAN.COM 2026: Noticias, Eventos, Conciertos y mucho m\u00e1s....<\/title>\n<meta name=\"robots\" content=\"index, follow, max-snippet:-1, max-image-preview:large, max-video-preview:-1\" \/>\n<link rel=\"canonical\" href=\"https:\/\/www.quebakan.com\/v15\/san-carlos-la-marca-1-de-azucar-en-los-hogares-ecuatorianos\/\" \/>\n<meta property=\"og:locale\" content=\"es_ES\" \/>\n<meta property=\"og:type\" content=\"article\" \/>\n<meta property=\"og:title\" content=\"SAN CARLOS, LA MARCA #1 DE AZ\u00daCAR EN LOS HOGARES ECUATORIANOS &#8211; QUEBAKAN.COM 2026: Noticias, Eventos, Conciertos y mucho m\u00e1s....\" \/>\n<meta property=\"og:description\" content=\"Guayaquil, Ecuador. &#8211; En Ecuador, hablar de az\u00facar es hablar de San Carlos. La marca se ha convertido en un referente indiscutible para las familias del pa\u00eds, liderando la presencia en los hogares con una cobertura excepcional, ya que, en 9 de cada 10 hogares ecuatorianos eligen San Carlos como su az\u00facar de confianza. Este [&hellip;]\" \/>\n<meta property=\"og:url\" content=\"https:\/\/www.quebakan.com\/v15\/san-carlos-la-marca-1-de-azucar-en-los-hogares-ecuatorianos\/\" \/>\n<meta property=\"og:site_name\" content=\"QUEBAKAN.COM 2026: Noticias, Eventos, Conciertos y mucho m\u00e1s....\" \/>\n<meta property=\"article:publisher\" content=\"http:\/\/www.facebook.com\/quebakan\" \/>\n<meta property=\"article:published_time\" content=\"2025-12-02T00:13:04+00:00\" \/>\n<meta property=\"og:image\" content=\"https:\/\/www.quebakan.com\/v15\/wp-content\/uploads\/2025\/12\/aviso-SC_218x28-cm_OUT_page-0001.jpg\" \/>\n\t<meta property=\"og:image:width\" content=\"545\" \/>\n\t<meta property=\"og:image:height\" content=\"700\" \/>\n\t<meta property=\"og:image:type\" content=\"image\/jpeg\" \/>\n<meta name=\"author\" content=\"Erick Villafuerte\" \/>\n<meta name=\"twitter:card\" content=\"summary_large_image\" \/>\n<meta name=\"twitter:creator\" content=\"@quebakanec\" \/>\n<meta name=\"twitter:site\" content=\"@quebakanec\" \/>\n<meta name=\"twitter:label1\" content=\"Escrito por\" \/>\n\t<meta name=\"twitter:data1\" content=\"Erick Villafuerte\" \/>\n\t<meta name=\"twitter:label2\" content=\"Tiempo de lectura\" \/>\n\t<meta name=\"twitter:data2\" content=\"2 minutos\" \/>\n<script type=\"application\/ld+json\" class=\"yoast-schema-graph\">{\"@context\":\"https:\\\/\\\/schema.org\",\"@graph\":[{\"@type\":\"Article\",\"@id\":\"https:\\\/\\\/www.quebakan.com\\\/v15\\\/san-carlos-la-marca-1-de-azucar-en-los-hogares-ecuatorianos\\\/#article\",\"isPartOf\":{\"@id\":\"https:\\\/\\\/www.quebakan.com\\\/v15\\\/san-carlos-la-marca-1-de-azucar-en-los-hogares-ecuatorianos\\\/\"},\"author\":{\"name\":\"Erick Villafuerte\",\"@id\":\"https:\\\/\\\/www.quebakan.com\\\/v15\\\/#\\\/schema\\\/person\\\/d90fa9f9cfa81eb8ace9811e5b7b9118\"},\"headline\":\"SAN CARLOS, LA MARCA #1 DE AZ\u00daCAR EN LOS HOGARES ECUATORIANOS\",\"datePublished\":\"2025-12-02T00:13:04+00:00\",\"mainEntityOfPage\":{\"@id\":\"https:\\\/\\\/www.quebakan.com\\\/v15\\\/san-carlos-la-marca-1-de-azucar-en-los-hogares-ecuatorianos\\\/\"},\"wordCount\":327,\"publisher\":{\"@id\":\"https:\\\/\\\/www.quebakan.com\\\/v15\\\/#organization\"},\"image\":{\"@id\":\"https:\\\/\\\/www.quebakan.com\\\/v15\\\/san-carlos-la-marca-1-de-azucar-en-los-hogares-ecuatorianos\\\/#primaryimage\"},\"thumbnailUrl\":\"https:\\\/\\\/www.quebakan.com\\\/v15\\\/wp-content\\\/uploads\\\/2025\\\/12\\\/aviso-SC_218x28-cm_OUT_page-0001.jpg\",\"articleSection\":[\"Noticias\"],\"inLanguage\":\"es\"},{\"@type\":\"WebPage\",\"@id\":\"https:\\\/\\\/www.quebakan.com\\\/v15\\\/san-carlos-la-marca-1-de-azucar-en-los-hogares-ecuatorianos\\\/\",\"url\":\"https:\\\/\\\/www.quebakan.com\\\/v15\\\/san-carlos-la-marca-1-de-azucar-en-los-hogares-ecuatorianos\\\/\",\"name\":\"SAN CARLOS, LA MARCA #1 DE AZ\u00daCAR EN LOS HOGARES ECUATORIANOS &#8211; QUEBAKAN.COM 2026: Noticias, Eventos, Conciertos y mucho m\u00e1s....\",\"isPartOf\":{\"@id\":\"https:\\\/\\\/www.quebakan.com\\\/v15\\\/#website\"},\"primaryImageOfPage\":{\"@id\":\"https:\\\/\\\/www.quebakan.com\\\/v15\\\/san-carlos-la-marca-1-de-azucar-en-los-hogares-ecuatorianos\\\/#primaryimage\"},\"image\":{\"@id\":\"https:\\\/\\\/www.quebakan.com\\\/v15\\\/san-carlos-la-marca-1-de-azucar-en-los-hogares-ecuatorianos\\\/#primaryimage\"},\"thumbnailUrl\":\"https:\\\/\\\/www.quebakan.com\\\/v15\\\/wp-content\\\/uploads\\\/2025\\\/12\\\/aviso-SC_218x28-cm_OUT_page-0001.jpg\",\"datePublished\":\"2025-12-02T00:13:04+00:00\",\"breadcrumb\":{\"@id\":\"https:\\\/\\\/www.quebakan.com\\\/v15\\\/san-carlos-la-marca-1-de-azucar-en-los-hogares-ecuatorianos\\\/#breadcrumb\"},\"inLanguage\":\"es\",\"potentialAction\":[{\"@type\":\"ReadAction\",\"target\":[\"https:\\\/\\\/www.quebakan.com\\\/v15\\\/san-carlos-la-marca-1-de-azucar-en-los-hogares-ecuatorianos\\\/\"]}]},{\"@type\":\"ImageObject\",\"inLanguage\":\"es\",\"@id\":\"https:\\\/\\\/www.quebakan.com\\\/v15\\\/san-carlos-la-marca-1-de-azucar-en-los-hogares-ecuatorianos\\\/#primaryimage\",\"url\":\"https:\\\/\\\/www.quebakan.com\\\/v15\\\/wp-content\\\/uploads\\\/2025\\\/12\\\/aviso-SC_218x28-cm_OUT_page-0001.jpg\",\"contentUrl\":\"https:\\\/\\\/www.quebakan.com\\\/v15\\\/wp-content\\\/uploads\\\/2025\\\/12\\\/aviso-SC_218x28-cm_OUT_page-0001.jpg\",\"width\":545,\"height\":700},{\"@type\":\"BreadcrumbList\",\"@id\":\"https:\\\/\\\/www.quebakan.com\\\/v15\\\/san-carlos-la-marca-1-de-azucar-en-los-hogares-ecuatorianos\\\/#breadcrumb\",\"itemListElement\":[{\"@type\":\"ListItem\",\"position\":1,\"name\":\"Portada\",\"item\":\"https:\\\/\\\/www.quebakan.com\\\/v15\\\/\"},{\"@type\":\"ListItem\",\"position\":2,\"name\":\"SAN CARLOS, LA MARCA #1 DE AZ\u00daCAR EN LOS HOGARES ECUATORIANOS\"}]},{\"@type\":\"WebSite\",\"@id\":\"https:\\\/\\\/www.quebakan.com\\\/v15\\\/#website\",\"url\":\"https:\\\/\\\/www.quebakan.com\\\/v15\\\/\",\"name\":\"QUEBAKAN\",\"description\":\"..\",\"publisher\":{\"@id\":\"https:\\\/\\\/www.quebakan.com\\\/v15\\\/#organization\"},\"potentialAction\":[{\"@type\":\"SearchAction\",\"target\":{\"@type\":\"EntryPoint\",\"urlTemplate\":\"https:\\\/\\\/www.quebakan.com\\\/v15\\\/?s={search_term_string}\"},\"query-input\":{\"@type\":\"PropertyValueSpecification\",\"valueRequired\":true,\"valueName\":\"search_term_string\"}}],\"inLanguage\":\"es\"},{\"@type\":\"Organization\",\"@id\":\"https:\\\/\\\/www.quebakan.com\\\/v15\\\/#organization\",\"name\":\"Quebakan.com\",\"url\":\"https:\\\/\\\/www.quebakan.com\\\/v15\\\/\",\"logo\":{\"@type\":\"ImageObject\",\"inLanguage\":\"es\",\"@id\":\"https:\\\/\\\/www.quebakan.com\\\/v15\\\/#\\\/schema\\\/logo\\\/image\\\/\",\"url\":\"https:\\\/\\\/www.quebakan.com\\\/v15\\\/wp-content\\\/uploads\\\/2023\\\/07\\\/logoquebakanenero2021.jpg\",\"contentUrl\":\"https:\\\/\\\/www.quebakan.com\\\/v15\\\/wp-content\\\/uploads\\\/2023\\\/07\\\/logoquebakanenero2021.jpg\",\"width\":1920,\"height\":1080,\"caption\":\"Quebakan.com\"},\"image\":{\"@id\":\"https:\\\/\\\/www.quebakan.com\\\/v15\\\/#\\\/schema\\\/logo\\\/image\\\/\"},\"sameAs\":[\"http:\\\/\\\/www.facebook.com\\\/quebakan\",\"https:\\\/\\\/x.com\\\/quebakanec\",\"http:\\\/\\\/www.instagram.com\\\/quebakan\",\"http:\\\/\\\/www.youtube.com\\\/quebakan1\"]},{\"@type\":\"Person\",\"@id\":\"https:\\\/\\\/www.quebakan.com\\\/v15\\\/#\\\/schema\\\/person\\\/d90fa9f9cfa81eb8ace9811e5b7b9118\",\"name\":\"Erick Villafuerte\",\"image\":{\"@type\":\"ImageObject\",\"inLanguage\":\"es\",\"@id\":\"https:\\\/\\\/www.quebakan.com\\\/v15\\\/wp-content\\\/uploads\\\/avatars\\\/4\\\/1731297654-bpfull.png\",\"url\":\"https:\\\/\\\/www.quebakan.com\\\/v15\\\/wp-content\\\/uploads\\\/avatars\\\/4\\\/1731297654-bpfull.png\",\"contentUrl\":\"https:\\\/\\\/www.quebakan.com\\\/v15\\\/wp-content\\\/uploads\\\/avatars\\\/4\\\/1731297654-bpfull.png\",\"caption\":\"Erick Villafuerte\"}}]}<\/script>\n<!-- \/ Yoast SEO plugin. -->","yoast_head_json":{"title":"SAN CARLOS, LA MARCA #1 DE AZ\u00daCAR EN LOS HOGARES ECUATORIANOS &#8211; QUEBAKAN.COM 2026: Noticias, Eventos, Conciertos y mucho m\u00e1s....","robots":{"index":"index","follow":"follow","max-snippet":"max-snippet:-1","max-image-preview":"max-image-preview:large","max-video-preview":"max-video-preview:-1"},"canonical":"https:\/\/www.quebakan.com\/v15\/san-carlos-la-marca-1-de-azucar-en-los-hogares-ecuatorianos\/","og_locale":"es_ES","og_type":"article","og_title":"SAN CARLOS, LA MARCA #1 DE AZ\u00daCAR EN LOS HOGARES ECUATORIANOS &#8211; QUEBAKAN.COM 2026: Noticias, Eventos, Conciertos y mucho m\u00e1s....","og_description":"Guayaquil, Ecuador. &#8211; En Ecuador, hablar de az\u00facar es hablar de San Carlos. La marca se ha convertido en un referente indiscutible para las familias del pa\u00eds, liderando la presencia en los hogares con una cobertura excepcional, ya que, en 9 de cada 10 hogares ecuatorianos eligen San Carlos como su az\u00facar de confianza. Este [&hellip;]","og_url":"https:\/\/www.quebakan.com\/v15\/san-carlos-la-marca-1-de-azucar-en-los-hogares-ecuatorianos\/","og_site_name":"QUEBAKAN.COM 2026: Noticias, Eventos, Conciertos y mucho m\u00e1s....","article_publisher":"http:\/\/www.facebook.com\/quebakan","article_published_time":"2025-12-02T00:13:04+00:00","og_image":[{"width":545,"height":700,"url":"https:\/\/www.quebakan.com\/v15\/wp-content\/uploads\/2025\/12\/aviso-SC_218x28-cm_OUT_page-0001.jpg","type":"image\/jpeg"}],"author":"Erick Villafuerte","twitter_card":"summary_large_image","twitter_creator":"@quebakanec","twitter_site":"@quebakanec","twitter_misc":{"Escrito por":"Erick Villafuerte","Tiempo de lectura":"2 minutos"},"schema":{"@context":"https:\/\/schema.org","@graph":[{"@type":"Article","@id":"https:\/\/www.quebakan.com\/v15\/san-carlos-la-marca-1-de-azucar-en-los-hogares-ecuatorianos\/#article","isPartOf":{"@id":"https:\/\/www.quebakan.com\/v15\/san-carlos-la-marca-1-de-azucar-en-los-hogares-ecuatorianos\/"},"author":{"name":"Erick Villafuerte","@id":"https:\/\/www.quebakan.com\/v15\/#\/schema\/person\/d90fa9f9cfa81eb8ace9811e5b7b9118"},"headline":"SAN CARLOS, LA MARCA #1 DE AZ\u00daCAR EN LOS HOGARES ECUATORIANOS","datePublished":"2025-12-02T00:13:04+00:00","mainEntityOfPage":{"@id":"https:\/\/www.quebakan.com\/v15\/san-carlos-la-marca-1-de-azucar-en-los-hogares-ecuatorianos\/"},"wordCount":327,"publisher":{"@id":"https:\/\/www.quebakan.com\/v15\/#organization"},"image":{"@id":"https:\/\/www.quebakan.com\/v15\/san-carlos-la-marca-1-de-azucar-en-los-hogares-ecuatorianos\/#primaryimage"},"thumbnailUrl":"https:\/\/www.quebakan.com\/v15\/wp-content\/uploads\/2025\/12\/aviso-SC_218x28-cm_OUT_page-0001.jpg","articleSection":["Noticias"],"inLanguage":"es"},{"@type":"WebPage","@id":"https:\/\/www.quebakan.com\/v15\/san-carlos-la-marca-1-de-azucar-en-los-hogares-ecuatorianos\/","url":"https:\/\/www.quebakan.com\/v15\/san-carlos-la-marca-1-de-azucar-en-los-hogares-ecuatorianos\/","name":"SAN CARLOS, LA MARCA #1 DE AZ\u00daCAR EN LOS HOGARES ECUATORIANOS &#8211; QUEBAKAN.COM 2026: Noticias, Eventos, Conciertos y mucho m\u00e1s....","isPartOf":{"@id":"https:\/\/www.quebakan.com\/v15\/#website"},"primaryImageOfPage":{"@id":"https:\/\/www.quebakan.com\/v15\/san-carlos-la-marca-1-de-azucar-en-los-hogares-ecuatorianos\/#primaryimage"},"image":{"@id":"https:\/\/www.quebakan.com\/v15\/san-carlos-la-marca-1-de-azucar-en-los-hogares-ecuatorianos\/#primaryimage"},"thumbnailUrl":"https:\/\/www.quebakan.com\/v15\/wp-content\/uploads\/2025\/12\/aviso-SC_218x28-cm_OUT_page-0001.jpg","datePublished":"2025-12-02T00:13:04+00:00","breadcrumb":{"@id":"https:\/\/www.quebakan.com\/v15\/san-carlos-la-marca-1-de-azucar-en-los-hogares-ecuatorianos\/#breadcrumb"},"inLanguage":"es","potentialAction":[{"@type":"ReadAction","target":["https:\/\/www.quebakan.com\/v15\/san-carlos-la-marca-1-de-azucar-en-los-hogares-ecuatorianos\/"]}]},{"@type":"ImageObject","inLanguage":"es","@id":"https:\/\/www.quebakan.com\/v15\/san-carlos-la-marca-1-de-azucar-en-los-hogares-ecuatorianos\/#primaryimage","url":"https:\/\/www.quebakan.com\/v15\/wp-content\/uploads\/2025\/12\/aviso-SC_218x28-cm_OUT_page-0001.jpg","contentUrl":"https:\/\/www.quebakan.com\/v15\/wp-content\/uploads\/2025\/12\/aviso-SC_218x28-cm_OUT_page-0001.jpg","width":545,"height":700},{"@type":"BreadcrumbList","@id":"https:\/\/www.quebakan.com\/v15\/san-carlos-la-marca-1-de-azucar-en-los-hogares-ecuatorianos\/#breadcrumb","itemListElement":[{"@type":"ListItem","position":1,"name":"Portada","item":"https:\/\/www.quebakan.com\/v15\/"},{"@type":"ListItem","position":2,"name":"SAN CARLOS, LA MARCA #1 DE AZ\u00daCAR EN LOS HOGARES ECUATORIANOS"}]},{"@type":"WebSite","@id":"https:\/\/www.quebakan.com\/v15\/#website","url":"https:\/\/www.quebakan.com\/v15\/","name":"QUEBAKAN","description":"..","publisher":{"@id":"https:\/\/www.quebakan.com\/v15\/#organization"},"potentialAction":[{"@type":"SearchAction","target":{"@type":"EntryPoint","urlTemplate":"https:\/\/www.quebakan.com\/v15\/?s={search_term_string}"},"query-input":{"@type":"PropertyValueSpecification","valueRequired":true,"valueName":"search_term_string"}}],"inLanguage":"es"},{"@type":"Organization","@id":"https:\/\/www.quebakan.com\/v15\/#organization","name":"Quebakan.com","url":"https:\/\/www.quebakan.com\/v15\/","logo":{"@type":"ImageObject","inLanguage":"es","@id":"https:\/\/www.quebakan.com\/v15\/#\/schema\/logo\/image\/","url":"https:\/\/www.quebakan.com\/v15\/wp-content\/uploads\/2023\/07\/logoquebakanenero2021.jpg","contentUrl":"https:\/\/www.quebakan.com\/v15\/wp-content\/uploads\/2023\/07\/logoquebakanenero2021.jpg","width":1920,"height":1080,"caption":"Quebakan.com"},"image":{"@id":"https:\/\/www.quebakan.com\/v15\/#\/schema\/logo\/image\/"},"sameAs":["http:\/\/www.facebook.com\/quebakan","https:\/\/x.com\/quebakanec","http:\/\/www.instagram.com\/quebakan","http:\/\/www.youtube.com\/quebakan1"]},{"@type":"Person","@id":"https:\/\/www.quebakan.com\/v15\/#\/schema\/person\/d90fa9f9cfa81eb8ace9811e5b7b9118","name":"Erick Villafuerte","image":{"@type":"ImageObject","inLanguage":"es","@id":"https:\/\/www.quebakan.com\/v15\/wp-content\/uploads\/avatars\/4\/1731297654-bpfull.png","url":"https:\/\/www.quebakan.com\/v15\/wp-content\/uploads\/avatars\/4\/1731297654-bpfull.png","contentUrl":"https:\/\/www.quebakan.com\/v15\/wp-content\/uploads\/avatars\/4\/1731297654-bpfull.png","caption":"Erick Villafuerte"}}]}},"_links":{"self":[{"href":"https:\/\/www.quebakan.com\/v15\/wp-json\/wp\/v2\/posts\/138031","targetHints":{"allow":["GET"]}}],"collection":[{"href":"https:\/\/www.quebakan.com\/v15\/wp-json\/wp\/v2\/posts"}],"about":[{"href":"https:\/\/www.quebakan.com\/v15\/wp-json\/wp\/v2\/types\/post"}],"author":[{"embeddable":true,"href":"https:\/\/www.quebakan.com\/v15\/wp-json\/wp\/v2\/users\/4"}],"replies":[{"embeddable":true,"href":"https:\/\/www.quebakan.com\/v15\/wp-json\/wp\/v2\/comments?post=138031"}],"version-history":[{"count":1,"href":"https:\/\/www.quebakan.com\/v15\/wp-json\/wp\/v2\/posts\/138031\/revisions"}],"predecessor-version":[{"id":138033,"href":"https:\/\/www.quebakan.com\/v15\/wp-json\/wp\/v2\/posts\/138031\/revisions\/138033"}],"wp:featuredmedia":[{"embeddable":true,"href":"https:\/\/www.quebakan.com\/v15\/wp-json\/wp\/v2\/media\/138032"}],"wp:attachment":[{"href":"https:\/\/www.quebakan.com\/v15\/wp-json\/wp\/v2\/media?parent=138031"}],"wp:term":[{"taxonomy":"category","embeddable":true,"href":"https:\/\/www.quebakan.com\/v15\/wp-json\/wp\/v2\/categories?post=138031"},{"taxonomy":"post_tag","embeddable":true,"href":"https:\/\/www.quebakan.com\/v15\/wp-json\/wp\/v2\/tags?post=138031"}],"curies":[{"name":"wp","href":"https:\/\/api.w.org\/{rel}","templated":true}]}}