{"id":138055,"date":"2025-12-02T12:06:41","date_gmt":"2025-12-02T17:06:41","guid":{"rendered":"https:\/\/www.quebakan.com\/v15\/?p=138055"},"modified":"2025-12-02T12:06:41","modified_gmt":"2025-12-02T17:06:41","slug":"por-primera-vez-una-startup-ecuatoriana-se-corona-en-los-gesawards","status":"publish","type":"post","link":"https:\/\/www.quebakan.com\/v15\/por-primera-vez-una-startup-ecuatoriana-se-corona-en-los-gesawards\/","title":{"rendered":"Por primera vez, una startup ecuatoriana se corona en los GESAwards"},"content":{"rendered":"<p><img fetchpriority=\"high\" decoding=\"async\" class=\"aligncenter size-full wp-image-138056\" src=\"https:\/\/www.quebakan.com\/v15\/wp-content\/uploads\/2025\/12\/startup.jpg\" alt=\"\" width=\"607\" height=\"372\" \/><\/p>\n<p style=\"text-align: justify;\"><span style=\"color: #000000;\"><strong>Quito, Ecuador, 27 de noviembre de 2025.-\u00a0<\/strong><\/span><span style=\"color: #000000;\">Muyu Education gana los GESAwards Latam y asegura un cupo para representar a Latinoam\u00e9rica en Londres.<\/span><\/p>\n<p style=\"text-align: justify;\"><span style=\"color: #000000;\">Este hito reafirma a Muyu Education como una de las EdTechs m\u00e1s innovadoras de Latinoam\u00e9rica, luego de ser evaluada por un jurado internacional de expertos de clase mundial, quienes analizaron a las startups bajo los criterios de Innovaci\u00f3n, Equipo, Escalabilidad y Aporte al Ecosistema en la final de los Global EdTech Startup Awards (GESAwards) Latam, la competencia de innovaci\u00f3n educativa m\u00e1s grande y prestigiosa del mundo. La edici\u00f3n Latinoam\u00e9rica es organizada por el Institute for the Future of Education del Tecnol\u00f3gico de Monterrey.<\/span><\/p>\n<p style=\"text-align: justify;\"><span style=\"color: #000000;\">Como ganadora regional, Muyu representar\u00e1 a Latinoam\u00e9rica y a Ecuador en la Final Mundial de los GESAwards Global, que se realizar\u00e1 en enero de 2026 en Londres, durante el Bett UK, considerado el evento de tecnolog\u00eda educativa m\u00e1s influyente y prestigioso del planeta.<\/span><\/p>\n<p style=\"text-align: justify;\"><span style=\"color: #000000;\">\u201cEste reconocimiento confirma que desde Ecuador podemos crear tecnolog\u00eda educativa de clase mundial. Ganar los GESAwards Latam demuestra no solo el potencial de nuestra soluci\u00f3n, sino la solidez del ecosistema que estamos construyendo para transformar la educaci\u00f3n en la regi\u00f3n\u201d, afirm\u00f3 Daniel Crespo, Founder &amp; CEO de Muyu Education.<\/span><\/p>\n<p style=\"text-align: justify;\"><span style=\"color: #000000;\">Por su parte, Martina Flor, Co-Founder y Chief Learning Officer, se\u00f1al\u00f3:<\/span><br \/>\n<span style=\"color: #000000;\">\u201cEste logro evidencia el poder de la educaci\u00f3n cuando se dise\u00f1a desde las necesidades reales. Representar a Ecuador y a Latinoam\u00e9rica en Londres es un honor enorme y una responsabilidad que asumimos con total compromiso.\u201d<\/span><\/p>\n<p style=\"text-align: justify;\"><span style=\"color: #000000;\">En esta edici\u00f3n, Muyu comparti\u00f3 el reconocimiento con Cboard, startup con la que viajar\u00e1 a Londres como parte de la delegaci\u00f3n oficial latinoamericana seleccionada por los GESAwards Global.<\/span><\/p>\n<p style=\"text-align: justify;\"><span style=\"color: #000000;\">El triunfo de Muyu no solo consolida su liderazgo en innovaci\u00f3n educativa, sino que proyecta a Ecuador en el mapa global, demostrando que el pa\u00eds puede crear soluciones tecnol\u00f3gicas con impacto real, rigor acad\u00e9mico y alcance internacional.<\/span><\/p>\n<p style=\"text-align: justify;\"><span style=\"color: #000000;\">Actualmente, Muyu Education tiene presencia en cuatro pa\u00edses de Latinoam\u00e9rica. En Ecuador trabaja con instituciones educativas en Quito, Guayaquil y Cuenca, utilizando inteligencia artificial para mejorar la calidad docente mediante feedback contextualizado y pr\u00e1ctica continua, de forma r\u00e1pida y sencilla. Las postulaciones para que nuevas instituciones educativas se unan a sus programas se encuentran abiertas.<\/span><\/p>\n<p style=\"text-align: justify;\"><span style=\"color: #000000;\">Muyu Education, junto a su equipo, aliados estrat\u00e9gicos y todas las instituciones que impulsan la transformaci\u00f3n educativa en la regi\u00f3n, reafirma su compromiso de seguir cerrando la brecha en el desarrollo y mejora de la calidad docente.<\/span><\/p>\n","protected":false},"excerpt":{"rendered":"<p>Quito, Ecuador, 27 de noviembre de 2025.-\u00a0Muyu Education gana los GESAwards Latam y asegura un cupo para representar a Latinoam\u00e9rica en Londres. Este hito reafirma a Muyu Education como una de las EdTechs m\u00e1s innovadoras de Latinoam\u00e9rica, luego de ser evaluada por un jurado internacional de expertos de clase mundial, quienes analizaron a las startups [&hellip;]<\/p>\n","protected":false},"author":4,"featured_media":138056,"comment_status":"closed","ping_status":"closed","sticky":false,"template":"","format":"standard","meta":{"_bbp_topic_count":0,"_bbp_reply_count":0,"_bbp_total_topic_count":0,"_bbp_total_reply_count":0,"_bbp_voice_count":0,"_bbp_anonymous_reply_count":0,"_bbp_topic_count_hidden":0,"_bbp_reply_count_hidden":0,"_bbp_forum_subforum_count":0,"buzzeditor_post_format":"","footnotes":""},"categories":[2],"tags":[],"class_list":["post-138055","post","type-post","status-publish","format-standard","has-post-thumbnail","hentry","category-noticias"],"yoast_head":"<!-- This site is optimized with the Yoast SEO plugin v27.5 - https:\/\/yoast.com\/product\/yoast-seo-wordpress\/ -->\n<title>Por primera vez, una startup ecuatoriana se corona en los GESAwards &#8211; QUEBAKAN.COM 2026: Noticias, Eventos, Conciertos y mucho m\u00e1s....<\/title>\n<meta name=\"robots\" content=\"index, follow, max-snippet:-1, max-image-preview:large, max-video-preview:-1\" \/>\n<link rel=\"canonical\" href=\"https:\/\/www.quebakan.com\/v15\/por-primera-vez-una-startup-ecuatoriana-se-corona-en-los-gesawards\/\" \/>\n<meta property=\"og:locale\" content=\"es_ES\" \/>\n<meta property=\"og:type\" content=\"article\" \/>\n<meta property=\"og:title\" content=\"Por primera vez, una startup ecuatoriana se corona en los GESAwards &#8211; QUEBAKAN.COM 2026: Noticias, Eventos, Conciertos y mucho m\u00e1s....\" \/>\n<meta property=\"og:description\" content=\"Quito, Ecuador, 27 de noviembre de 2025.-\u00a0Muyu Education gana los GESAwards Latam y asegura un cupo para representar a Latinoam\u00e9rica en Londres. Este hito reafirma a Muyu Education como una de las EdTechs m\u00e1s innovadoras de Latinoam\u00e9rica, luego de ser evaluada por un jurado internacional de expertos de clase mundial, quienes analizaron a las startups [&hellip;]\" \/>\n<meta property=\"og:url\" content=\"https:\/\/www.quebakan.com\/v15\/por-primera-vez-una-startup-ecuatoriana-se-corona-en-los-gesawards\/\" \/>\n<meta property=\"og:site_name\" content=\"QUEBAKAN.COM 2026: Noticias, Eventos, Conciertos y mucho m\u00e1s....\" \/>\n<meta property=\"article:publisher\" content=\"http:\/\/www.facebook.com\/quebakan\" \/>\n<meta property=\"article:published_time\" content=\"2025-12-02T17:06:41+00:00\" \/>\n<meta property=\"og:image\" content=\"https:\/\/www.quebakan.com\/v15\/wp-content\/uploads\/2025\/12\/startup.jpg\" \/>\n\t<meta property=\"og:image:width\" content=\"607\" \/>\n\t<meta property=\"og:image:height\" content=\"372\" \/>\n\t<meta property=\"og:image:type\" content=\"image\/jpeg\" \/>\n<meta name=\"author\" content=\"Erick Villafuerte\" \/>\n<meta name=\"twitter:card\" content=\"summary_large_image\" \/>\n<meta name=\"twitter:creator\" content=\"@quebakanec\" \/>\n<meta name=\"twitter:site\" content=\"@quebakanec\" \/>\n<meta name=\"twitter:label1\" content=\"Escrito por\" \/>\n\t<meta name=\"twitter:data1\" content=\"Erick Villafuerte\" \/>\n\t<meta name=\"twitter:label2\" content=\"Tiempo de lectura\" \/>\n\t<meta name=\"twitter:data2\" content=\"3 minutos\" \/>\n<script type=\"application\/ld+json\" class=\"yoast-schema-graph\">{\"@context\":\"https:\\\/\\\/schema.org\",\"@graph\":[{\"@type\":\"Article\",\"@id\":\"https:\\\/\\\/www.quebakan.com\\\/v15\\\/por-primera-vez-una-startup-ecuatoriana-se-corona-en-los-gesawards\\\/#article\",\"isPartOf\":{\"@id\":\"https:\\\/\\\/www.quebakan.com\\\/v15\\\/por-primera-vez-una-startup-ecuatoriana-se-corona-en-los-gesawards\\\/\"},\"author\":{\"name\":\"Erick Villafuerte\",\"@id\":\"https:\\\/\\\/www.quebakan.com\\\/v15\\\/#\\\/schema\\\/person\\\/d90fa9f9cfa81eb8ace9811e5b7b9118\"},\"headline\":\"Por primera vez, una startup ecuatoriana se corona en los GESAwards\",\"datePublished\":\"2025-12-02T17:06:41+00:00\",\"mainEntityOfPage\":{\"@id\":\"https:\\\/\\\/www.quebakan.com\\\/v15\\\/por-primera-vez-una-startup-ecuatoriana-se-corona-en-los-gesawards\\\/\"},\"wordCount\":443,\"publisher\":{\"@id\":\"https:\\\/\\\/www.quebakan.com\\\/v15\\\/#organization\"},\"image\":{\"@id\":\"https:\\\/\\\/www.quebakan.com\\\/v15\\\/por-primera-vez-una-startup-ecuatoriana-se-corona-en-los-gesawards\\\/#primaryimage\"},\"thumbnailUrl\":\"https:\\\/\\\/www.quebakan.com\\\/v15\\\/wp-content\\\/uploads\\\/2025\\\/12\\\/startup.jpg\",\"articleSection\":[\"Noticias\"],\"inLanguage\":\"es\"},{\"@type\":\"WebPage\",\"@id\":\"https:\\\/\\\/www.quebakan.com\\\/v15\\\/por-primera-vez-una-startup-ecuatoriana-se-corona-en-los-gesawards\\\/\",\"url\":\"https:\\\/\\\/www.quebakan.com\\\/v15\\\/por-primera-vez-una-startup-ecuatoriana-se-corona-en-los-gesawards\\\/\",\"name\":\"Por primera vez, una startup ecuatoriana se corona en los GESAwards &#8211; QUEBAKAN.COM 2026: Noticias, Eventos, Conciertos y mucho m\u00e1s....\",\"isPartOf\":{\"@id\":\"https:\\\/\\\/www.quebakan.com\\\/v15\\\/#website\"},\"primaryImageOfPage\":{\"@id\":\"https:\\\/\\\/www.quebakan.com\\\/v15\\\/por-primera-vez-una-startup-ecuatoriana-se-corona-en-los-gesawards\\\/#primaryimage\"},\"image\":{\"@id\":\"https:\\\/\\\/www.quebakan.com\\\/v15\\\/por-primera-vez-una-startup-ecuatoriana-se-corona-en-los-gesawards\\\/#primaryimage\"},\"thumbnailUrl\":\"https:\\\/\\\/www.quebakan.com\\\/v15\\\/wp-content\\\/uploads\\\/2025\\\/12\\\/startup.jpg\",\"datePublished\":\"2025-12-02T17:06:41+00:00\",\"breadcrumb\":{\"@id\":\"https:\\\/\\\/www.quebakan.com\\\/v15\\\/por-primera-vez-una-startup-ecuatoriana-se-corona-en-los-gesawards\\\/#breadcrumb\"},\"inLanguage\":\"es\",\"potentialAction\":[{\"@type\":\"ReadAction\",\"target\":[\"https:\\\/\\\/www.quebakan.com\\\/v15\\\/por-primera-vez-una-startup-ecuatoriana-se-corona-en-los-gesawards\\\/\"]}]},{\"@type\":\"ImageObject\",\"inLanguage\":\"es\",\"@id\":\"https:\\\/\\\/www.quebakan.com\\\/v15\\\/por-primera-vez-una-startup-ecuatoriana-se-corona-en-los-gesawards\\\/#primaryimage\",\"url\":\"https:\\\/\\\/www.quebakan.com\\\/v15\\\/wp-content\\\/uploads\\\/2025\\\/12\\\/startup.jpg\",\"contentUrl\":\"https:\\\/\\\/www.quebakan.com\\\/v15\\\/wp-content\\\/uploads\\\/2025\\\/12\\\/startup.jpg\",\"width\":607,\"height\":372},{\"@type\":\"BreadcrumbList\",\"@id\":\"https:\\\/\\\/www.quebakan.com\\\/v15\\\/por-primera-vez-una-startup-ecuatoriana-se-corona-en-los-gesawards\\\/#breadcrumb\",\"itemListElement\":[{\"@type\":\"ListItem\",\"position\":1,\"name\":\"Portada\",\"item\":\"https:\\\/\\\/www.quebakan.com\\\/v15\\\/\"},{\"@type\":\"ListItem\",\"position\":2,\"name\":\"Por primera vez, una startup ecuatoriana se corona en los GESAwards\"}]},{\"@type\":\"WebSite\",\"@id\":\"https:\\\/\\\/www.quebakan.com\\\/v15\\\/#website\",\"url\":\"https:\\\/\\\/www.quebakan.com\\\/v15\\\/\",\"name\":\"QUEBAKAN\",\"description\":\"..\",\"publisher\":{\"@id\":\"https:\\\/\\\/www.quebakan.com\\\/v15\\\/#organization\"},\"potentialAction\":[{\"@type\":\"SearchAction\",\"target\":{\"@type\":\"EntryPoint\",\"urlTemplate\":\"https:\\\/\\\/www.quebakan.com\\\/v15\\\/?s={search_term_string}\"},\"query-input\":{\"@type\":\"PropertyValueSpecification\",\"valueRequired\":true,\"valueName\":\"search_term_string\"}}],\"inLanguage\":\"es\"},{\"@type\":\"Organization\",\"@id\":\"https:\\\/\\\/www.quebakan.com\\\/v15\\\/#organization\",\"name\":\"Quebakan.com\",\"url\":\"https:\\\/\\\/www.quebakan.com\\\/v15\\\/\",\"logo\":{\"@type\":\"ImageObject\",\"inLanguage\":\"es\",\"@id\":\"https:\\\/\\\/www.quebakan.com\\\/v15\\\/#\\\/schema\\\/logo\\\/image\\\/\",\"url\":\"https:\\\/\\\/www.quebakan.com\\\/v15\\\/wp-content\\\/uploads\\\/2023\\\/07\\\/logoquebakanenero2021.jpg\",\"contentUrl\":\"https:\\\/\\\/www.quebakan.com\\\/v15\\\/wp-content\\\/uploads\\\/2023\\\/07\\\/logoquebakanenero2021.jpg\",\"width\":1920,\"height\":1080,\"caption\":\"Quebakan.com\"},\"image\":{\"@id\":\"https:\\\/\\\/www.quebakan.com\\\/v15\\\/#\\\/schema\\\/logo\\\/image\\\/\"},\"sameAs\":[\"http:\\\/\\\/www.facebook.com\\\/quebakan\",\"https:\\\/\\\/x.com\\\/quebakanec\",\"http:\\\/\\\/www.instagram.com\\\/quebakan\",\"http:\\\/\\\/www.youtube.com\\\/quebakan1\"]},{\"@type\":\"Person\",\"@id\":\"https:\\\/\\\/www.quebakan.com\\\/v15\\\/#\\\/schema\\\/person\\\/d90fa9f9cfa81eb8ace9811e5b7b9118\",\"name\":\"Erick Villafuerte\",\"image\":{\"@type\":\"ImageObject\",\"inLanguage\":\"es\",\"@id\":\"https:\\\/\\\/www.quebakan.com\\\/v15\\\/wp-content\\\/uploads\\\/avatars\\\/4\\\/1731297654-bpfull.png\",\"url\":\"https:\\\/\\\/www.quebakan.com\\\/v15\\\/wp-content\\\/uploads\\\/avatars\\\/4\\\/1731297654-bpfull.png\",\"contentUrl\":\"https:\\\/\\\/www.quebakan.com\\\/v15\\\/wp-content\\\/uploads\\\/avatars\\\/4\\\/1731297654-bpfull.png\",\"caption\":\"Erick Villafuerte\"}}]}<\/script>\n<!-- \/ Yoast SEO plugin. -->","yoast_head_json":{"title":"Por primera vez, una startup ecuatoriana se corona en los GESAwards &#8211; QUEBAKAN.COM 2026: Noticias, Eventos, Conciertos y mucho m\u00e1s....","robots":{"index":"index","follow":"follow","max-snippet":"max-snippet:-1","max-image-preview":"max-image-preview:large","max-video-preview":"max-video-preview:-1"},"canonical":"https:\/\/www.quebakan.com\/v15\/por-primera-vez-una-startup-ecuatoriana-se-corona-en-los-gesawards\/","og_locale":"es_ES","og_type":"article","og_title":"Por primera vez, una startup ecuatoriana se corona en los GESAwards &#8211; QUEBAKAN.COM 2026: Noticias, Eventos, Conciertos y mucho m\u00e1s....","og_description":"Quito, Ecuador, 27 de noviembre de 2025.-\u00a0Muyu Education gana los GESAwards Latam y asegura un cupo para representar a Latinoam\u00e9rica en Londres. Este hito reafirma a Muyu Education como una de las EdTechs m\u00e1s innovadoras de Latinoam\u00e9rica, luego de ser evaluada por un jurado internacional de expertos de clase mundial, quienes analizaron a las startups [&hellip;]","og_url":"https:\/\/www.quebakan.com\/v15\/por-primera-vez-una-startup-ecuatoriana-se-corona-en-los-gesawards\/","og_site_name":"QUEBAKAN.COM 2026: Noticias, Eventos, Conciertos y mucho m\u00e1s....","article_publisher":"http:\/\/www.facebook.com\/quebakan","article_published_time":"2025-12-02T17:06:41+00:00","og_image":[{"width":607,"height":372,"url":"https:\/\/www.quebakan.com\/v15\/wp-content\/uploads\/2025\/12\/startup.jpg","type":"image\/jpeg"}],"author":"Erick Villafuerte","twitter_card":"summary_large_image","twitter_creator":"@quebakanec","twitter_site":"@quebakanec","twitter_misc":{"Escrito por":"Erick Villafuerte","Tiempo de lectura":"3 minutos"},"schema":{"@context":"https:\/\/schema.org","@graph":[{"@type":"Article","@id":"https:\/\/www.quebakan.com\/v15\/por-primera-vez-una-startup-ecuatoriana-se-corona-en-los-gesawards\/#article","isPartOf":{"@id":"https:\/\/www.quebakan.com\/v15\/por-primera-vez-una-startup-ecuatoriana-se-corona-en-los-gesawards\/"},"author":{"name":"Erick Villafuerte","@id":"https:\/\/www.quebakan.com\/v15\/#\/schema\/person\/d90fa9f9cfa81eb8ace9811e5b7b9118"},"headline":"Por primera vez, una startup ecuatoriana se corona en los GESAwards","datePublished":"2025-12-02T17:06:41+00:00","mainEntityOfPage":{"@id":"https:\/\/www.quebakan.com\/v15\/por-primera-vez-una-startup-ecuatoriana-se-corona-en-los-gesawards\/"},"wordCount":443,"publisher":{"@id":"https:\/\/www.quebakan.com\/v15\/#organization"},"image":{"@id":"https:\/\/www.quebakan.com\/v15\/por-primera-vez-una-startup-ecuatoriana-se-corona-en-los-gesawards\/#primaryimage"},"thumbnailUrl":"https:\/\/www.quebakan.com\/v15\/wp-content\/uploads\/2025\/12\/startup.jpg","articleSection":["Noticias"],"inLanguage":"es"},{"@type":"WebPage","@id":"https:\/\/www.quebakan.com\/v15\/por-primera-vez-una-startup-ecuatoriana-se-corona-en-los-gesawards\/","url":"https:\/\/www.quebakan.com\/v15\/por-primera-vez-una-startup-ecuatoriana-se-corona-en-los-gesawards\/","name":"Por primera vez, una startup ecuatoriana se corona en los GESAwards &#8211; QUEBAKAN.COM 2026: Noticias, Eventos, Conciertos y mucho m\u00e1s....","isPartOf":{"@id":"https:\/\/www.quebakan.com\/v15\/#website"},"primaryImageOfPage":{"@id":"https:\/\/www.quebakan.com\/v15\/por-primera-vez-una-startup-ecuatoriana-se-corona-en-los-gesawards\/#primaryimage"},"image":{"@id":"https:\/\/www.quebakan.com\/v15\/por-primera-vez-una-startup-ecuatoriana-se-corona-en-los-gesawards\/#primaryimage"},"thumbnailUrl":"https:\/\/www.quebakan.com\/v15\/wp-content\/uploads\/2025\/12\/startup.jpg","datePublished":"2025-12-02T17:06:41+00:00","breadcrumb":{"@id":"https:\/\/www.quebakan.com\/v15\/por-primera-vez-una-startup-ecuatoriana-se-corona-en-los-gesawards\/#breadcrumb"},"inLanguage":"es","potentialAction":[{"@type":"ReadAction","target":["https:\/\/www.quebakan.com\/v15\/por-primera-vez-una-startup-ecuatoriana-se-corona-en-los-gesawards\/"]}]},{"@type":"ImageObject","inLanguage":"es","@id":"https:\/\/www.quebakan.com\/v15\/por-primera-vez-una-startup-ecuatoriana-se-corona-en-los-gesawards\/#primaryimage","url":"https:\/\/www.quebakan.com\/v15\/wp-content\/uploads\/2025\/12\/startup.jpg","contentUrl":"https:\/\/www.quebakan.com\/v15\/wp-content\/uploads\/2025\/12\/startup.jpg","width":607,"height":372},{"@type":"BreadcrumbList","@id":"https:\/\/www.quebakan.com\/v15\/por-primera-vez-una-startup-ecuatoriana-se-corona-en-los-gesawards\/#breadcrumb","itemListElement":[{"@type":"ListItem","position":1,"name":"Portada","item":"https:\/\/www.quebakan.com\/v15\/"},{"@type":"ListItem","position":2,"name":"Por primera vez, una startup ecuatoriana se corona en los GESAwards"}]},{"@type":"WebSite","@id":"https:\/\/www.quebakan.com\/v15\/#website","url":"https:\/\/www.quebakan.com\/v15\/","name":"QUEBAKAN","description":"..","publisher":{"@id":"https:\/\/www.quebakan.com\/v15\/#organization"},"potentialAction":[{"@type":"SearchAction","target":{"@type":"EntryPoint","urlTemplate":"https:\/\/www.quebakan.com\/v15\/?s={search_term_string}"},"query-input":{"@type":"PropertyValueSpecification","valueRequired":true,"valueName":"search_term_string"}}],"inLanguage":"es"},{"@type":"Organization","@id":"https:\/\/www.quebakan.com\/v15\/#organization","name":"Quebakan.com","url":"https:\/\/www.quebakan.com\/v15\/","logo":{"@type":"ImageObject","inLanguage":"es","@id":"https:\/\/www.quebakan.com\/v15\/#\/schema\/logo\/image\/","url":"https:\/\/www.quebakan.com\/v15\/wp-content\/uploads\/2023\/07\/logoquebakanenero2021.jpg","contentUrl":"https:\/\/www.quebakan.com\/v15\/wp-content\/uploads\/2023\/07\/logoquebakanenero2021.jpg","width":1920,"height":1080,"caption":"Quebakan.com"},"image":{"@id":"https:\/\/www.quebakan.com\/v15\/#\/schema\/logo\/image\/"},"sameAs":["http:\/\/www.facebook.com\/quebakan","https:\/\/x.com\/quebakanec","http:\/\/www.instagram.com\/quebakan","http:\/\/www.youtube.com\/quebakan1"]},{"@type":"Person","@id":"https:\/\/www.quebakan.com\/v15\/#\/schema\/person\/d90fa9f9cfa81eb8ace9811e5b7b9118","name":"Erick Villafuerte","image":{"@type":"ImageObject","inLanguage":"es","@id":"https:\/\/www.quebakan.com\/v15\/wp-content\/uploads\/avatars\/4\/1731297654-bpfull.png","url":"https:\/\/www.quebakan.com\/v15\/wp-content\/uploads\/avatars\/4\/1731297654-bpfull.png","contentUrl":"https:\/\/www.quebakan.com\/v15\/wp-content\/uploads\/avatars\/4\/1731297654-bpfull.png","caption":"Erick Villafuerte"}}]}},"_links":{"self":[{"href":"https:\/\/www.quebakan.com\/v15\/wp-json\/wp\/v2\/posts\/138055","targetHints":{"allow":["GET"]}}],"collection":[{"href":"https:\/\/www.quebakan.com\/v15\/wp-json\/wp\/v2\/posts"}],"about":[{"href":"https:\/\/www.quebakan.com\/v15\/wp-json\/wp\/v2\/types\/post"}],"author":[{"embeddable":true,"href":"https:\/\/www.quebakan.com\/v15\/wp-json\/wp\/v2\/users\/4"}],"replies":[{"embeddable":true,"href":"https:\/\/www.quebakan.com\/v15\/wp-json\/wp\/v2\/comments?post=138055"}],"version-history":[{"count":1,"href":"https:\/\/www.quebakan.com\/v15\/wp-json\/wp\/v2\/posts\/138055\/revisions"}],"predecessor-version":[{"id":138057,"href":"https:\/\/www.quebakan.com\/v15\/wp-json\/wp\/v2\/posts\/138055\/revisions\/138057"}],"wp:featuredmedia":[{"embeddable":true,"href":"https:\/\/www.quebakan.com\/v15\/wp-json\/wp\/v2\/media\/138056"}],"wp:attachment":[{"href":"https:\/\/www.quebakan.com\/v15\/wp-json\/wp\/v2\/media?parent=138055"}],"wp:term":[{"taxonomy":"category","embeddable":true,"href":"https:\/\/www.quebakan.com\/v15\/wp-json\/wp\/v2\/categories?post=138055"},{"taxonomy":"post_tag","embeddable":true,"href":"https:\/\/www.quebakan.com\/v15\/wp-json\/wp\/v2\/tags?post=138055"}],"curies":[{"name":"wp","href":"https:\/\/api.w.org\/{rel}","templated":true}]}}