{"id":138058,"date":"2025-12-02T12:09:28","date_gmt":"2025-12-02T17:09:28","guid":{"rendered":"https:\/\/www.quebakan.com\/v15\/?p=138058"},"modified":"2025-12-02T12:09:28","modified_gmt":"2025-12-02T17:09:28","slug":"en-la-semana-mundial-contra-los-medicamentos-falsificados-se-alerta-sobre-el-riesgo-creciente-de-farmacos-ilicitos-en-el-mercado","status":"publish","type":"post","link":"https:\/\/www.quebakan.com\/v15\/en-la-semana-mundial-contra-los-medicamentos-falsificados-se-alerta-sobre-el-riesgo-creciente-de-farmacos-ilicitos-en-el-mercado\/","title":{"rendered":"En la Semana Mundial contra los Medicamentos Falsificados se alerta sobre el riesgo creciente de f\u00e1rmacos il\u00edcitos en el mercado"},"content":{"rendered":"<p><img fetchpriority=\"high\" decoding=\"async\" class=\"aligncenter size-full wp-image-138059\" src=\"https:\/\/www.quebakan.com\/v15\/wp-content\/uploads\/2025\/12\/SemanaMundial.jpg\" alt=\"\" width=\"700\" height=\"458\" \/><\/p>\n<p style=\"text-align: justify;\"><span style=\"color: #000000;\"><strong>Quito, diciembre de 2025.<\/strong> La Organizaci\u00f3n Mundial de la Salud estima que m\u00e1s del 50% de los medicamentos a nivel global se utilizan de manera incorrecta, ya sea porque se recetan, se dispensan o se comercializan sin cumplir los criterios adecuados<a style=\"color: #000000;\" href=\"#_ftn1\" name=\"_ftnref1\">[1]<\/a>. En este contexto, la Alianza mundial <em>\u201cFight the Fakes\u201d<\/em> promueve la Semana Mundial contra los Medicamentos Falsificados, con el objetivo de generar conciencia del peligro de la proliferaci\u00f3n de medicamentos il\u00edcitos.<\/span><\/p>\n<p style=\"text-align: justify;\"><span style=\"color: #000000;\">La Industria Farmac\u00e9utica de Investigaci\u00f3n (IFI) resalta que se considera medicamentos il\u00edcitos a aquellos pueden estar contaminados, caducados, o contienen ingredientes incorrectos o correctos, pudiendo incluso llegar a sustituirse por sustancias t\u00f3xicas y peligrosas, con principios activos en cantidad insuficiente o sin ellos, o con envases falsificados. \u00c1lvaro Maldonado, presidente ejecutivo de la entidad, destaca que, <em>\u201csu consumo pone en riesgo la vida de los pacientes y socava la confianza en los sistemas de salud y la medicina, poniendo en peligro a la vez, los avances logrados hacia el objetivo de la cobertura sanitaria universal\u201d. <\/em><\/span><\/p>\n<p style=\"text-align: justify;\"><span style=\"color: #000000;\">En \u00e9poca de celebraciones, muchas personas optan por soluciones r\u00e1pidas para aliviar malestares y no suspender reuniones, viajes o actividades. Sin embargo, la automedicaci\u00f3n y el consumo de f\u00e1rmacos sin control aumentan significativamente el riesgo de exposici\u00f3n a productos il\u00edcitos, que pueden causar da\u00f1os severos a la salud p\u00fablica.<\/span><\/p>\n<p style=\"text-align: justify;\"><span style=\"color: #000000;\">La Agencia Nacional de Regulaci\u00f3n, Control y Vigilancia Sanitaria (Arcsa) menciona que es importante estar alerta frente a productos cuya presentaci\u00f3n sea falsa y genere un enga\u00f1o al consumidor con respecto a su identidad, origen e historial. Raz\u00f3n por la cual, este organismo y otros de entes de control, mantienen operativos permanentes para verificar estos aspectos y garantizar el consumo de la poblaci\u00f3n.<\/span><\/p>\n<p style=\"text-align: justify;\"><span style=\"color: #000000;\">Para reducir estos riesgos, la IFI hace un llamado a la ciudadan\u00eda a adquirir medicamentos \u00fanicamente en establecimientos autorizados. Asimismo, insiste en tomar precauciones para el consumo de f\u00e1rmacos de manera correcta, tales como:<\/span><\/p>\n<ul style=\"text-align: justify;\">\n<li><span style=\"color: #000000;\"><strong>Verificar los establecimientos autorizados. <\/strong>Las farmacias reguladas cuentan con controles sanitarios y condiciones de almacenamiento adecuadas. Los establecimientos autorizados deben exhibir su permiso de funcionamiento, registro sanitario y datos del proveedor.<\/span><\/li>\n<li><span style=\"color: #000000;\"><strong>Evitar completamente las compras en ferias ambulantes, mercados o redes sociales. <\/strong>Los puntos de venta informales suelen manejar productos sin trazabilidad, sin controles de temperatura y expuestos a condiciones de humedad o calor que degradan los principios activos.<\/span><\/li>\n<li><span style=\"color: #000000;\"><strong>Verificar siempre el registro sanitario, el empaque y la fecha de caducidad. <\/strong>Los medicamentos reales deben tener n\u00famero de registro sanitario, lote, fecha de vencimiento, informaci\u00f3n del fabricante y un empaque en perfecto estado. Envases borrosos, con errores ortogr\u00e1ficos o sin sellos de seguridad son se\u00f1ales de alerta.<\/span><\/li>\n<li><span style=\"color: #000000;\"><strong>Tomar precauci\u00f3n con la compra de medicamentos por redes sociales o p\u00e1ginas web. <\/strong>Seg\u00fan el Instituto de Seguridad Farmac\u00e9utica (PSI por sus siglas en ingl\u00e9s), se calcula que el 50% de los medicamentos comprados por internet de sitios ilegales son falsificados; complicando la revisi\u00f3n de veracidad de los medicamentos.<\/span><\/li>\n<li><span style=\"color: #000000;\"><strong>Consultar a profesionales de la salud antes de consumir cualquier medicamento. <\/strong>La automedicaci\u00f3n aumenta el riesgo de interacciones peligrosas, dosis inadecuadas y, en algunos casos, complicaciones graves.<\/span><\/li>\n<li><span style=\"color: #000000;\"><strong>Reportar cualquier sospecha a las autoridades sanitarias. <\/strong>Informar sobre posibles medicamentos falsificados permite activar mecanismos de control, retirar productos peligrosos y evitar da\u00f1os a otros consumidores. La Agencia Nacional de Regulaci\u00f3n, Control y Vigilancia Sanitaria (Arcsa) motiva a la ciudadan\u00eda a informar sobre la venta o distribuci\u00f3n de productos sin Registro Sanitario ecuatoriano o de dudosa procedencia a sus canales oficiales.<\/span><\/li>\n<\/ul>\n<p style=\"text-align: justify;\"><span style=\"color: #000000;\">La Semana Mundial contra los Medicamentos Falsificados busca recordar a la ciudadan\u00eda que proteger la salud implica tambi\u00e9n garantizar la procedencia, calidad y autenticidad de los tratamientos.<\/span><\/p>\n<p style=\"text-align: justify;\"><span style=\"color: #000000;\"><a style=\"color: #000000;\" href=\"#_ftnref1\" name=\"_ftn1\">[1]<\/a> OMS. <em>Promover el uso correcto de medicamentos.<\/em> Recuperado de: https:\/\/www.who.int\/activities\/promoting-rational-use-of-medicines\/?utm_source=<\/span><\/p>\n","protected":false},"excerpt":{"rendered":"<p>Quito, diciembre de 2025. La Organizaci\u00f3n Mundial de la Salud estima que m\u00e1s del 50% de los medicamentos a nivel global se utilizan de manera incorrecta, ya sea porque se recetan, se dispensan o se comercializan sin cumplir los criterios adecuados[1]. En este contexto, la Alianza mundial \u201cFight the Fakes\u201d promueve la Semana Mundial contra [&hellip;]<\/p>\n","protected":false},"author":4,"featured_media":138059,"comment_status":"closed","ping_status":"closed","sticky":false,"template":"","format":"standard","meta":{"_bbp_topic_count":0,"_bbp_reply_count":0,"_bbp_total_topic_count":0,"_bbp_total_reply_count":0,"_bbp_voice_count":0,"_bbp_anonymous_reply_count":0,"_bbp_topic_count_hidden":0,"_bbp_reply_count_hidden":0,"_bbp_forum_subforum_count":0,"buzzeditor_post_format":"","footnotes":""},"categories":[2],"tags":[],"class_list":["post-138058","post","type-post","status-publish","format-standard","has-post-thumbnail","hentry","category-noticias"],"yoast_head":"<!-- This site is optimized with the Yoast SEO plugin v27.5 - https:\/\/yoast.com\/product\/yoast-seo-wordpress\/ -->\n<title>En la Semana Mundial contra los Medicamentos Falsificados se alerta sobre el riesgo creciente de f\u00e1rmacos il\u00edcitos en el mercado &#8211; QUEBAKAN.COM 2026: Noticias, Eventos, Conciertos y mucho m\u00e1s....<\/title>\n<meta name=\"robots\" content=\"index, follow, max-snippet:-1, max-image-preview:large, max-video-preview:-1\" \/>\n<link rel=\"canonical\" href=\"https:\/\/www.quebakan.com\/v15\/en-la-semana-mundial-contra-los-medicamentos-falsificados-se-alerta-sobre-el-riesgo-creciente-de-farmacos-ilicitos-en-el-mercado\/\" \/>\n<meta property=\"og:locale\" content=\"es_ES\" \/>\n<meta property=\"og:type\" content=\"article\" \/>\n<meta property=\"og:title\" content=\"En la Semana Mundial contra los Medicamentos Falsificados se alerta sobre el riesgo creciente de f\u00e1rmacos il\u00edcitos en el mercado &#8211; QUEBAKAN.COM 2026: Noticias, Eventos, Conciertos y mucho m\u00e1s....\" \/>\n<meta property=\"og:description\" content=\"Quito, diciembre de 2025. La Organizaci\u00f3n Mundial de la Salud estima que m\u00e1s del 50% de los medicamentos a nivel global se utilizan de manera incorrecta, ya sea porque se recetan, se dispensan o se comercializan sin cumplir los criterios adecuados[1]. En este contexto, la Alianza mundial \u201cFight the Fakes\u201d promueve la Semana Mundial contra [&hellip;]\" \/>\n<meta property=\"og:url\" content=\"https:\/\/www.quebakan.com\/v15\/en-la-semana-mundial-contra-los-medicamentos-falsificados-se-alerta-sobre-el-riesgo-creciente-de-farmacos-ilicitos-en-el-mercado\/\" \/>\n<meta property=\"og:site_name\" content=\"QUEBAKAN.COM 2026: Noticias, Eventos, Conciertos y mucho m\u00e1s....\" \/>\n<meta property=\"article:publisher\" content=\"http:\/\/www.facebook.com\/quebakan\" \/>\n<meta property=\"article:published_time\" content=\"2025-12-02T17:09:28+00:00\" \/>\n<meta property=\"og:image\" content=\"https:\/\/www.quebakan.com\/v15\/wp-content\/uploads\/2025\/12\/SemanaMundial.jpg\" \/>\n\t<meta property=\"og:image:width\" content=\"700\" \/>\n\t<meta property=\"og:image:height\" content=\"458\" \/>\n\t<meta property=\"og:image:type\" content=\"image\/jpeg\" \/>\n<meta name=\"author\" content=\"Erick Villafuerte\" \/>\n<meta name=\"twitter:card\" content=\"summary_large_image\" \/>\n<meta name=\"twitter:creator\" content=\"@quebakanec\" \/>\n<meta name=\"twitter:site\" content=\"@quebakanec\" \/>\n<meta name=\"twitter:label1\" content=\"Escrito por\" \/>\n\t<meta name=\"twitter:data1\" content=\"Erick Villafuerte\" \/>\n\t<meta name=\"twitter:label2\" content=\"Tiempo de lectura\" \/>\n\t<meta name=\"twitter:data2\" content=\"4 minutos\" \/>\n<script type=\"application\/ld+json\" class=\"yoast-schema-graph\">{\"@context\":\"https:\\\/\\\/schema.org\",\"@graph\":[{\"@type\":\"Article\",\"@id\":\"https:\\\/\\\/www.quebakan.com\\\/v15\\\/en-la-semana-mundial-contra-los-medicamentos-falsificados-se-alerta-sobre-el-riesgo-creciente-de-farmacos-ilicitos-en-el-mercado\\\/#article\",\"isPartOf\":{\"@id\":\"https:\\\/\\\/www.quebakan.com\\\/v15\\\/en-la-semana-mundial-contra-los-medicamentos-falsificados-se-alerta-sobre-el-riesgo-creciente-de-farmacos-ilicitos-en-el-mercado\\\/\"},\"author\":{\"name\":\"Erick Villafuerte\",\"@id\":\"https:\\\/\\\/www.quebakan.com\\\/v15\\\/#\\\/schema\\\/person\\\/d90fa9f9cfa81eb8ace9811e5b7b9118\"},\"headline\":\"En la Semana Mundial contra los Medicamentos Falsificados se alerta sobre el riesgo creciente de f\u00e1rmacos il\u00edcitos en el mercado\",\"datePublished\":\"2025-12-02T17:09:28+00:00\",\"mainEntityOfPage\":{\"@id\":\"https:\\\/\\\/www.quebakan.com\\\/v15\\\/en-la-semana-mundial-contra-los-medicamentos-falsificados-se-alerta-sobre-el-riesgo-creciente-de-farmacos-ilicitos-en-el-mercado\\\/\"},\"wordCount\":669,\"publisher\":{\"@id\":\"https:\\\/\\\/www.quebakan.com\\\/v15\\\/#organization\"},\"image\":{\"@id\":\"https:\\\/\\\/www.quebakan.com\\\/v15\\\/en-la-semana-mundial-contra-los-medicamentos-falsificados-se-alerta-sobre-el-riesgo-creciente-de-farmacos-ilicitos-en-el-mercado\\\/#primaryimage\"},\"thumbnailUrl\":\"https:\\\/\\\/www.quebakan.com\\\/v15\\\/wp-content\\\/uploads\\\/2025\\\/12\\\/SemanaMundial.jpg\",\"articleSection\":[\"Noticias\"],\"inLanguage\":\"es\"},{\"@type\":\"WebPage\",\"@id\":\"https:\\\/\\\/www.quebakan.com\\\/v15\\\/en-la-semana-mundial-contra-los-medicamentos-falsificados-se-alerta-sobre-el-riesgo-creciente-de-farmacos-ilicitos-en-el-mercado\\\/\",\"url\":\"https:\\\/\\\/www.quebakan.com\\\/v15\\\/en-la-semana-mundial-contra-los-medicamentos-falsificados-se-alerta-sobre-el-riesgo-creciente-de-farmacos-ilicitos-en-el-mercado\\\/\",\"name\":\"En la Semana Mundial contra los Medicamentos Falsificados se alerta sobre el riesgo creciente de f\u00e1rmacos il\u00edcitos en el mercado &#8211; QUEBAKAN.COM 2026: Noticias, Eventos, Conciertos y mucho m\u00e1s....\",\"isPartOf\":{\"@id\":\"https:\\\/\\\/www.quebakan.com\\\/v15\\\/#website\"},\"primaryImageOfPage\":{\"@id\":\"https:\\\/\\\/www.quebakan.com\\\/v15\\\/en-la-semana-mundial-contra-los-medicamentos-falsificados-se-alerta-sobre-el-riesgo-creciente-de-farmacos-ilicitos-en-el-mercado\\\/#primaryimage\"},\"image\":{\"@id\":\"https:\\\/\\\/www.quebakan.com\\\/v15\\\/en-la-semana-mundial-contra-los-medicamentos-falsificados-se-alerta-sobre-el-riesgo-creciente-de-farmacos-ilicitos-en-el-mercado\\\/#primaryimage\"},\"thumbnailUrl\":\"https:\\\/\\\/www.quebakan.com\\\/v15\\\/wp-content\\\/uploads\\\/2025\\\/12\\\/SemanaMundial.jpg\",\"datePublished\":\"2025-12-02T17:09:28+00:00\",\"breadcrumb\":{\"@id\":\"https:\\\/\\\/www.quebakan.com\\\/v15\\\/en-la-semana-mundial-contra-los-medicamentos-falsificados-se-alerta-sobre-el-riesgo-creciente-de-farmacos-ilicitos-en-el-mercado\\\/#breadcrumb\"},\"inLanguage\":\"es\",\"potentialAction\":[{\"@type\":\"ReadAction\",\"target\":[\"https:\\\/\\\/www.quebakan.com\\\/v15\\\/en-la-semana-mundial-contra-los-medicamentos-falsificados-se-alerta-sobre-el-riesgo-creciente-de-farmacos-ilicitos-en-el-mercado\\\/\"]}]},{\"@type\":\"ImageObject\",\"inLanguage\":\"es\",\"@id\":\"https:\\\/\\\/www.quebakan.com\\\/v15\\\/en-la-semana-mundial-contra-los-medicamentos-falsificados-se-alerta-sobre-el-riesgo-creciente-de-farmacos-ilicitos-en-el-mercado\\\/#primaryimage\",\"url\":\"https:\\\/\\\/www.quebakan.com\\\/v15\\\/wp-content\\\/uploads\\\/2025\\\/12\\\/SemanaMundial.jpg\",\"contentUrl\":\"https:\\\/\\\/www.quebakan.com\\\/v15\\\/wp-content\\\/uploads\\\/2025\\\/12\\\/SemanaMundial.jpg\",\"width\":700,\"height\":458},{\"@type\":\"BreadcrumbList\",\"@id\":\"https:\\\/\\\/www.quebakan.com\\\/v15\\\/en-la-semana-mundial-contra-los-medicamentos-falsificados-se-alerta-sobre-el-riesgo-creciente-de-farmacos-ilicitos-en-el-mercado\\\/#breadcrumb\",\"itemListElement\":[{\"@type\":\"ListItem\",\"position\":1,\"name\":\"Portada\",\"item\":\"https:\\\/\\\/www.quebakan.com\\\/v15\\\/\"},{\"@type\":\"ListItem\",\"position\":2,\"name\":\"En la Semana Mundial contra los Medicamentos Falsificados se alerta sobre el riesgo creciente de f\u00e1rmacos il\u00edcitos en el mercado\"}]},{\"@type\":\"WebSite\",\"@id\":\"https:\\\/\\\/www.quebakan.com\\\/v15\\\/#website\",\"url\":\"https:\\\/\\\/www.quebakan.com\\\/v15\\\/\",\"name\":\"QUEBAKAN\",\"description\":\"..\",\"publisher\":{\"@id\":\"https:\\\/\\\/www.quebakan.com\\\/v15\\\/#organization\"},\"potentialAction\":[{\"@type\":\"SearchAction\",\"target\":{\"@type\":\"EntryPoint\",\"urlTemplate\":\"https:\\\/\\\/www.quebakan.com\\\/v15\\\/?s={search_term_string}\"},\"query-input\":{\"@type\":\"PropertyValueSpecification\",\"valueRequired\":true,\"valueName\":\"search_term_string\"}}],\"inLanguage\":\"es\"},{\"@type\":\"Organization\",\"@id\":\"https:\\\/\\\/www.quebakan.com\\\/v15\\\/#organization\",\"name\":\"Quebakan.com\",\"url\":\"https:\\\/\\\/www.quebakan.com\\\/v15\\\/\",\"logo\":{\"@type\":\"ImageObject\",\"inLanguage\":\"es\",\"@id\":\"https:\\\/\\\/www.quebakan.com\\\/v15\\\/#\\\/schema\\\/logo\\\/image\\\/\",\"url\":\"https:\\\/\\\/www.quebakan.com\\\/v15\\\/wp-content\\\/uploads\\\/2023\\\/07\\\/logoquebakanenero2021.jpg\",\"contentUrl\":\"https:\\\/\\\/www.quebakan.com\\\/v15\\\/wp-content\\\/uploads\\\/2023\\\/07\\\/logoquebakanenero2021.jpg\",\"width\":1920,\"height\":1080,\"caption\":\"Quebakan.com\"},\"image\":{\"@id\":\"https:\\\/\\\/www.quebakan.com\\\/v15\\\/#\\\/schema\\\/logo\\\/image\\\/\"},\"sameAs\":[\"http:\\\/\\\/www.facebook.com\\\/quebakan\",\"https:\\\/\\\/x.com\\\/quebakanec\",\"http:\\\/\\\/www.instagram.com\\\/quebakan\",\"http:\\\/\\\/www.youtube.com\\\/quebakan1\"]},{\"@type\":\"Person\",\"@id\":\"https:\\\/\\\/www.quebakan.com\\\/v15\\\/#\\\/schema\\\/person\\\/d90fa9f9cfa81eb8ace9811e5b7b9118\",\"name\":\"Erick Villafuerte\",\"image\":{\"@type\":\"ImageObject\",\"inLanguage\":\"es\",\"@id\":\"https:\\\/\\\/www.quebakan.com\\\/v15\\\/wp-content\\\/uploads\\\/avatars\\\/4\\\/1731297654-bpfull.png\",\"url\":\"https:\\\/\\\/www.quebakan.com\\\/v15\\\/wp-content\\\/uploads\\\/avatars\\\/4\\\/1731297654-bpfull.png\",\"contentUrl\":\"https:\\\/\\\/www.quebakan.com\\\/v15\\\/wp-content\\\/uploads\\\/avatars\\\/4\\\/1731297654-bpfull.png\",\"caption\":\"Erick Villafuerte\"}}]}<\/script>\n<!-- \/ Yoast SEO plugin. -->","yoast_head_json":{"title":"En la Semana Mundial contra los Medicamentos Falsificados se alerta sobre el riesgo creciente de f\u00e1rmacos il\u00edcitos en el mercado &#8211; QUEBAKAN.COM 2026: Noticias, Eventos, Conciertos y mucho m\u00e1s....","robots":{"index":"index","follow":"follow","max-snippet":"max-snippet:-1","max-image-preview":"max-image-preview:large","max-video-preview":"max-video-preview:-1"},"canonical":"https:\/\/www.quebakan.com\/v15\/en-la-semana-mundial-contra-los-medicamentos-falsificados-se-alerta-sobre-el-riesgo-creciente-de-farmacos-ilicitos-en-el-mercado\/","og_locale":"es_ES","og_type":"article","og_title":"En la Semana Mundial contra los Medicamentos Falsificados se alerta sobre el riesgo creciente de f\u00e1rmacos il\u00edcitos en el mercado &#8211; QUEBAKAN.COM 2026: Noticias, Eventos, Conciertos y mucho m\u00e1s....","og_description":"Quito, diciembre de 2025. La Organizaci\u00f3n Mundial de la Salud estima que m\u00e1s del 50% de los medicamentos a nivel global se utilizan de manera incorrecta, ya sea porque se recetan, se dispensan o se comercializan sin cumplir los criterios adecuados[1]. En este contexto, la Alianza mundial \u201cFight the Fakes\u201d promueve la Semana Mundial contra [&hellip;]","og_url":"https:\/\/www.quebakan.com\/v15\/en-la-semana-mundial-contra-los-medicamentos-falsificados-se-alerta-sobre-el-riesgo-creciente-de-farmacos-ilicitos-en-el-mercado\/","og_site_name":"QUEBAKAN.COM 2026: Noticias, Eventos, Conciertos y mucho m\u00e1s....","article_publisher":"http:\/\/www.facebook.com\/quebakan","article_published_time":"2025-12-02T17:09:28+00:00","og_image":[{"width":700,"height":458,"url":"https:\/\/www.quebakan.com\/v15\/wp-content\/uploads\/2025\/12\/SemanaMundial.jpg","type":"image\/jpeg"}],"author":"Erick Villafuerte","twitter_card":"summary_large_image","twitter_creator":"@quebakanec","twitter_site":"@quebakanec","twitter_misc":{"Escrito por":"Erick Villafuerte","Tiempo de lectura":"4 minutos"},"schema":{"@context":"https:\/\/schema.org","@graph":[{"@type":"Article","@id":"https:\/\/www.quebakan.com\/v15\/en-la-semana-mundial-contra-los-medicamentos-falsificados-se-alerta-sobre-el-riesgo-creciente-de-farmacos-ilicitos-en-el-mercado\/#article","isPartOf":{"@id":"https:\/\/www.quebakan.com\/v15\/en-la-semana-mundial-contra-los-medicamentos-falsificados-se-alerta-sobre-el-riesgo-creciente-de-farmacos-ilicitos-en-el-mercado\/"},"author":{"name":"Erick Villafuerte","@id":"https:\/\/www.quebakan.com\/v15\/#\/schema\/person\/d90fa9f9cfa81eb8ace9811e5b7b9118"},"headline":"En la Semana Mundial contra los Medicamentos Falsificados se alerta sobre el riesgo creciente de f\u00e1rmacos il\u00edcitos en el mercado","datePublished":"2025-12-02T17:09:28+00:00","mainEntityOfPage":{"@id":"https:\/\/www.quebakan.com\/v15\/en-la-semana-mundial-contra-los-medicamentos-falsificados-se-alerta-sobre-el-riesgo-creciente-de-farmacos-ilicitos-en-el-mercado\/"},"wordCount":669,"publisher":{"@id":"https:\/\/www.quebakan.com\/v15\/#organization"},"image":{"@id":"https:\/\/www.quebakan.com\/v15\/en-la-semana-mundial-contra-los-medicamentos-falsificados-se-alerta-sobre-el-riesgo-creciente-de-farmacos-ilicitos-en-el-mercado\/#primaryimage"},"thumbnailUrl":"https:\/\/www.quebakan.com\/v15\/wp-content\/uploads\/2025\/12\/SemanaMundial.jpg","articleSection":["Noticias"],"inLanguage":"es"},{"@type":"WebPage","@id":"https:\/\/www.quebakan.com\/v15\/en-la-semana-mundial-contra-los-medicamentos-falsificados-se-alerta-sobre-el-riesgo-creciente-de-farmacos-ilicitos-en-el-mercado\/","url":"https:\/\/www.quebakan.com\/v15\/en-la-semana-mundial-contra-los-medicamentos-falsificados-se-alerta-sobre-el-riesgo-creciente-de-farmacos-ilicitos-en-el-mercado\/","name":"En la Semana Mundial contra los Medicamentos Falsificados se alerta sobre el riesgo creciente de f\u00e1rmacos il\u00edcitos en el mercado &#8211; QUEBAKAN.COM 2026: Noticias, Eventos, Conciertos y mucho m\u00e1s....","isPartOf":{"@id":"https:\/\/www.quebakan.com\/v15\/#website"},"primaryImageOfPage":{"@id":"https:\/\/www.quebakan.com\/v15\/en-la-semana-mundial-contra-los-medicamentos-falsificados-se-alerta-sobre-el-riesgo-creciente-de-farmacos-ilicitos-en-el-mercado\/#primaryimage"},"image":{"@id":"https:\/\/www.quebakan.com\/v15\/en-la-semana-mundial-contra-los-medicamentos-falsificados-se-alerta-sobre-el-riesgo-creciente-de-farmacos-ilicitos-en-el-mercado\/#primaryimage"},"thumbnailUrl":"https:\/\/www.quebakan.com\/v15\/wp-content\/uploads\/2025\/12\/SemanaMundial.jpg","datePublished":"2025-12-02T17:09:28+00:00","breadcrumb":{"@id":"https:\/\/www.quebakan.com\/v15\/en-la-semana-mundial-contra-los-medicamentos-falsificados-se-alerta-sobre-el-riesgo-creciente-de-farmacos-ilicitos-en-el-mercado\/#breadcrumb"},"inLanguage":"es","potentialAction":[{"@type":"ReadAction","target":["https:\/\/www.quebakan.com\/v15\/en-la-semana-mundial-contra-los-medicamentos-falsificados-se-alerta-sobre-el-riesgo-creciente-de-farmacos-ilicitos-en-el-mercado\/"]}]},{"@type":"ImageObject","inLanguage":"es","@id":"https:\/\/www.quebakan.com\/v15\/en-la-semana-mundial-contra-los-medicamentos-falsificados-se-alerta-sobre-el-riesgo-creciente-de-farmacos-ilicitos-en-el-mercado\/#primaryimage","url":"https:\/\/www.quebakan.com\/v15\/wp-content\/uploads\/2025\/12\/SemanaMundial.jpg","contentUrl":"https:\/\/www.quebakan.com\/v15\/wp-content\/uploads\/2025\/12\/SemanaMundial.jpg","width":700,"height":458},{"@type":"BreadcrumbList","@id":"https:\/\/www.quebakan.com\/v15\/en-la-semana-mundial-contra-los-medicamentos-falsificados-se-alerta-sobre-el-riesgo-creciente-de-farmacos-ilicitos-en-el-mercado\/#breadcrumb","itemListElement":[{"@type":"ListItem","position":1,"name":"Portada","item":"https:\/\/www.quebakan.com\/v15\/"},{"@type":"ListItem","position":2,"name":"En la Semana Mundial contra los Medicamentos Falsificados se alerta sobre el riesgo creciente de f\u00e1rmacos il\u00edcitos en el mercado"}]},{"@type":"WebSite","@id":"https:\/\/www.quebakan.com\/v15\/#website","url":"https:\/\/www.quebakan.com\/v15\/","name":"QUEBAKAN","description":"..","publisher":{"@id":"https:\/\/www.quebakan.com\/v15\/#organization"},"potentialAction":[{"@type":"SearchAction","target":{"@type":"EntryPoint","urlTemplate":"https:\/\/www.quebakan.com\/v15\/?s={search_term_string}"},"query-input":{"@type":"PropertyValueSpecification","valueRequired":true,"valueName":"search_term_string"}}],"inLanguage":"es"},{"@type":"Organization","@id":"https:\/\/www.quebakan.com\/v15\/#organization","name":"Quebakan.com","url":"https:\/\/www.quebakan.com\/v15\/","logo":{"@type":"ImageObject","inLanguage":"es","@id":"https:\/\/www.quebakan.com\/v15\/#\/schema\/logo\/image\/","url":"https:\/\/www.quebakan.com\/v15\/wp-content\/uploads\/2023\/07\/logoquebakanenero2021.jpg","contentUrl":"https:\/\/www.quebakan.com\/v15\/wp-content\/uploads\/2023\/07\/logoquebakanenero2021.jpg","width":1920,"height":1080,"caption":"Quebakan.com"},"image":{"@id":"https:\/\/www.quebakan.com\/v15\/#\/schema\/logo\/image\/"},"sameAs":["http:\/\/www.facebook.com\/quebakan","https:\/\/x.com\/quebakanec","http:\/\/www.instagram.com\/quebakan","http:\/\/www.youtube.com\/quebakan1"]},{"@type":"Person","@id":"https:\/\/www.quebakan.com\/v15\/#\/schema\/person\/d90fa9f9cfa81eb8ace9811e5b7b9118","name":"Erick Villafuerte","image":{"@type":"ImageObject","inLanguage":"es","@id":"https:\/\/www.quebakan.com\/v15\/wp-content\/uploads\/avatars\/4\/1731297654-bpfull.png","url":"https:\/\/www.quebakan.com\/v15\/wp-content\/uploads\/avatars\/4\/1731297654-bpfull.png","contentUrl":"https:\/\/www.quebakan.com\/v15\/wp-content\/uploads\/avatars\/4\/1731297654-bpfull.png","caption":"Erick Villafuerte"}}]}},"_links":{"self":[{"href":"https:\/\/www.quebakan.com\/v15\/wp-json\/wp\/v2\/posts\/138058","targetHints":{"allow":["GET"]}}],"collection":[{"href":"https:\/\/www.quebakan.com\/v15\/wp-json\/wp\/v2\/posts"}],"about":[{"href":"https:\/\/www.quebakan.com\/v15\/wp-json\/wp\/v2\/types\/post"}],"author":[{"embeddable":true,"href":"https:\/\/www.quebakan.com\/v15\/wp-json\/wp\/v2\/users\/4"}],"replies":[{"embeddable":true,"href":"https:\/\/www.quebakan.com\/v15\/wp-json\/wp\/v2\/comments?post=138058"}],"version-history":[{"count":1,"href":"https:\/\/www.quebakan.com\/v15\/wp-json\/wp\/v2\/posts\/138058\/revisions"}],"predecessor-version":[{"id":138060,"href":"https:\/\/www.quebakan.com\/v15\/wp-json\/wp\/v2\/posts\/138058\/revisions\/138060"}],"wp:featuredmedia":[{"embeddable":true,"href":"https:\/\/www.quebakan.com\/v15\/wp-json\/wp\/v2\/media\/138059"}],"wp:attachment":[{"href":"https:\/\/www.quebakan.com\/v15\/wp-json\/wp\/v2\/media?parent=138058"}],"wp:term":[{"taxonomy":"category","embeddable":true,"href":"https:\/\/www.quebakan.com\/v15\/wp-json\/wp\/v2\/categories?post=138058"},{"taxonomy":"post_tag","embeddable":true,"href":"https:\/\/www.quebakan.com\/v15\/wp-json\/wp\/v2\/tags?post=138058"}],"curies":[{"name":"wp","href":"https:\/\/api.w.org\/{rel}","templated":true}]}}