{"id":138061,"date":"2025-12-02T12:14:02","date_gmt":"2025-12-02T17:14:02","guid":{"rendered":"https:\/\/www.quebakan.com\/v15\/?p=138061"},"modified":"2025-12-02T12:14:02","modified_gmt":"2025-12-02T17:14:02","slug":"cuanta-energia-gasta-ecuador-en-navidad","status":"publish","type":"post","link":"https:\/\/www.quebakan.com\/v15\/cuanta-energia-gasta-ecuador-en-navidad\/","title":{"rendered":"\u00bfCu\u00e1nta energ\u00eda gasta Ecuador en Navidad?"},"content":{"rendered":"<p><img fetchpriority=\"high\" decoding=\"async\" class=\"aligncenter size-full wp-image-138062\" src=\"https:\/\/www.quebakan.com\/v15\/wp-content\/uploads\/2025\/12\/Opcion_2-1.jpg\" alt=\"\" width=\"700\" height=\"467\" \/><\/p>\n<p style=\"text-align: justify;\"><span style=\"color: #000000;\">Cada diciembre, el esp\u00edritu navide\u00f1o se enciende en Ecuador con miles de luces decorativas, centros comerciales iluminados y hogares que extienden su horario de consumo el\u00e9ctrico. Pero detr\u00e1s de esa alegr\u00eda tambi\u00e9n hay un dato preocupante: en diciembre, la demanda de electricidad del pa\u00eds aumenta entre un 10 % y 15 %, seg\u00fan estimaciones del Operador Nacional de Electricidad (CENACE).<\/span><\/p>\n<p style=\"text-align: justify;\"><span style=\"color: #000000;\">De acuerdo con esta entidad, durante las festividades de 2024 el consumo m\u00e1ximo lleg\u00f3 a alrededor de 4.800 megavatios (MW), una de las cifras m\u00e1s altas del a\u00f1o. Para dimensionarlo, eso equivale al funcionamiento simult\u00e1neo de m\u00e1s de cuatro millones de hogares promedio. Aunque los ecuatorianos consumen menos electricidad que pa\u00edses desarrollados, la tendencia de aumento estacional en diciembre genera presi\u00f3n sobre un sistema el\u00e9ctrico que cada a\u00f1o enfrenta desaf\u00edos por la sequ\u00eda y el alto uso de termoel\u00e9ctricas.<\/span><\/p>\n<p style=\"text-align: justify;\"><strong><span style=\"color: #000000;\">El costo econ\u00f3mico y ambiental de las fiestas<\/span><\/strong><\/p>\n<p style=\"text-align: justify;\"><span style=\"color: #000000;\">La electricidad que alimenta las decoraciones y electrodom\u00e9sticos no siempre proviene de fuentes limpias. Cuando el sistema h\u00eddrico se reduce \u2014como ocurri\u00f3 durante 2024\u2014, Ecuador recurre a plantas termoel\u00e9ctricas, que funcionan con combustibles f\u00f3siles. Esto significa m\u00e1s emisiones de CO\u2082 y mayores costos de generaci\u00f3n.<\/span><\/p>\n<p style=\"text-align: justify;\"><span style=\"color: #000000;\">De hecho, el factor de emisi\u00f3n promedio del sistema el\u00e9ctrico ecuatoriano de acuerdo con datos proporcionado por el Ministerio de Ambiente, es de 0,37 toneladas de CO\u2082 por cada megavatio-hora producido. Si cada hogar aumenta su consumo en unos 150 kWh durante diciembre, el pa\u00eds genera miles de toneladas adicionales de di\u00f3xido de carbono solo por el uso estacional de energ\u00eda.<\/span><\/p>\n<p style=\"text-align: justify;\"><span style=\"color: #000000;\"><em>\u201cEn el plano econ\u00f3mico, la sobrecarga en la red y la necesidad de cubrir la demanda con fuentes m\u00e1s costosas provocan mayores subsidios estatales y vulnerabilidad energ\u00e9tica, afectando tanto al Estado como a las familias que pagan tarifas m\u00e1s altas\u201d <\/em>Coment\u00f3 Daniel Rosero, Gerente T\u00e9cnico. En l\u00ednea con esto, la instalaci\u00f3n de paneles solares permite a hogares y empresas producir su propia electricidad limpia, reducir su factura mensual y contribuir a la estabilidad del sistema el\u00e9ctrico nacional.<\/span><\/p>\n<p style=\"text-align: justify;\"><span style=\"color: #000000;\">SolarTeam comparte datos clave sobre su inversi\u00f3n y beneficios:<\/span><\/p>\n<ul style=\"text-align: justify;\">\n<li><span style=\"color: #000000;\">El costo promedio de instalaci\u00f3n de paneles solares residenciales en Ecuador va de USD 3.000 a USD 4.000 para un sistema de 3 kW, suficiente para cubrir buena parte del consumo de una familia.<\/span><\/li>\n<li><span style=\"color: #000000;\">En el caso de una vivienda promedio con una factura de USD 200, el ahorro mensual puede superar los USD 150, lo que significa una recuperaci\u00f3n de la inversi\u00f3n en 3 a 5 a\u00f1os.<\/span><\/li>\n<li><span style=\"color: #000000;\">Los paneles tienen una vida \u00fatil de m\u00e1s de 25 a\u00f1os, lo que garantiza energ\u00eda gratuita durante dos d\u00e9cadas o m\u00e1s.<\/span><\/li>\n<li><span style=\"color: #000000;\">Cada hogar que adopta energ\u00eda solar puede evitar la emisi\u00f3n de m\u00e1s de 1 tonelada de CO\u2082 al a\u00f1o, equivalente a sembrar cerca de 50 \u00e1rboles.<\/span><\/li>\n<\/ul>\n<p style=\"text-align: justify;\"><span style=\"color: #000000;\">Seg\u00fan Daniel Rosero, adem\u00e1s del ahorro directo, la energ\u00eda solar ayuda a reducir los picos de demanda en temporada alta, estabilizando el sistema y disminuyendo la necesidad de generaci\u00f3n contaminante. <em>\u201cEsta temporada, m\u00e1s que pensar en cu\u00e1nto consumimos, es momento de reflexionar en c\u00f3mo transformamos ese consumo en una oportunidad de cambio.\u00a0 Cada diciembre, los hogares y las empresas invierten m\u00e1s energ\u00eda, m\u00e1s recursos y m\u00e1s ilusi\u00f3n en celebrar. Pero ese gasto estacional puede convertirse en algo mucho m\u00e1s poderoso: una inversi\u00f3n inteligente y sostenible\u201d<\/em> .<\/span><\/p>\n<p style=\"text-align: justify;\"><span style=\"color: #000000;\">Adoptar soluciones solares no solo se traduce en la reducci\u00f3n de costos energ\u00e9ticos, sino en la garant\u00eda de una fuente limpia que acompa\u00f1ar\u00e1 a las pr\u00f3ximas generaciones. Con SolarTeam, cada kilovatio producido bajo el sol es una decisi\u00f3n para el futuro: un paso hacia un Ecuador m\u00e1s resiliente, eficiente y comprometido con el planeta.<\/span><\/p>\n","protected":false},"excerpt":{"rendered":"<p>Cada diciembre, el esp\u00edritu navide\u00f1o se enciende en Ecuador con miles de luces decorativas, centros comerciales iluminados y hogares que extienden su horario de consumo el\u00e9ctrico. Pero detr\u00e1s de esa alegr\u00eda tambi\u00e9n hay un dato preocupante: en diciembre, la demanda de electricidad del pa\u00eds aumenta entre un 10 % y 15 %, seg\u00fan estimaciones del [&hellip;]<\/p>\n","protected":false},"author":4,"featured_media":138062,"comment_status":"closed","ping_status":"closed","sticky":false,"template":"","format":"standard","meta":{"_bbp_topic_count":0,"_bbp_reply_count":0,"_bbp_total_topic_count":0,"_bbp_total_reply_count":0,"_bbp_voice_count":0,"_bbp_anonymous_reply_count":0,"_bbp_topic_count_hidden":0,"_bbp_reply_count_hidden":0,"_bbp_forum_subforum_count":0,"buzzeditor_post_format":"","footnotes":""},"categories":[2],"tags":[],"class_list":["post-138061","post","type-post","status-publish","format-standard","has-post-thumbnail","hentry","category-noticias"],"yoast_head":"<!-- This site is optimized with the Yoast SEO plugin v27.5 - https:\/\/yoast.com\/product\/yoast-seo-wordpress\/ -->\n<title>\u00bfCu\u00e1nta energ\u00eda gasta Ecuador en Navidad? &#8211; QUEBAKAN.COM 2026: Noticias, Eventos, Conciertos y mucho m\u00e1s....<\/title>\n<meta name=\"robots\" content=\"index, follow, max-snippet:-1, max-image-preview:large, max-video-preview:-1\" \/>\n<link rel=\"canonical\" href=\"https:\/\/www.quebakan.com\/v15\/cuanta-energia-gasta-ecuador-en-navidad\/\" \/>\n<meta property=\"og:locale\" content=\"es_ES\" \/>\n<meta property=\"og:type\" content=\"article\" \/>\n<meta property=\"og:title\" content=\"\u00bfCu\u00e1nta energ\u00eda gasta Ecuador en Navidad? &#8211; QUEBAKAN.COM 2026: Noticias, Eventos, Conciertos y mucho m\u00e1s....\" \/>\n<meta property=\"og:description\" content=\"Cada diciembre, el esp\u00edritu navide\u00f1o se enciende en Ecuador con miles de luces decorativas, centros comerciales iluminados y hogares que extienden su horario de consumo el\u00e9ctrico. Pero detr\u00e1s de esa alegr\u00eda tambi\u00e9n hay un dato preocupante: en diciembre, la demanda de electricidad del pa\u00eds aumenta entre un 10 % y 15 %, seg\u00fan estimaciones del [&hellip;]\" \/>\n<meta property=\"og:url\" content=\"https:\/\/www.quebakan.com\/v15\/cuanta-energia-gasta-ecuador-en-navidad\/\" \/>\n<meta property=\"og:site_name\" content=\"QUEBAKAN.COM 2026: Noticias, Eventos, Conciertos y mucho m\u00e1s....\" \/>\n<meta property=\"article:publisher\" content=\"http:\/\/www.facebook.com\/quebakan\" \/>\n<meta property=\"article:published_time\" content=\"2025-12-02T17:14:02+00:00\" \/>\n<meta property=\"og:image\" content=\"https:\/\/www.quebakan.com\/v15\/wp-content\/uploads\/2025\/12\/Opcion_2-1.jpg\" \/>\n\t<meta property=\"og:image:width\" content=\"700\" \/>\n\t<meta property=\"og:image:height\" content=\"467\" \/>\n\t<meta property=\"og:image:type\" content=\"image\/jpeg\" \/>\n<meta name=\"author\" content=\"Erick Villafuerte\" \/>\n<meta name=\"twitter:card\" content=\"summary_large_image\" \/>\n<meta name=\"twitter:creator\" content=\"@quebakanec\" \/>\n<meta name=\"twitter:site\" content=\"@quebakanec\" \/>\n<meta name=\"twitter:label1\" content=\"Escrito por\" \/>\n\t<meta name=\"twitter:data1\" content=\"Erick Villafuerte\" \/>\n\t<meta name=\"twitter:label2\" content=\"Tiempo de lectura\" \/>\n\t<meta name=\"twitter:data2\" content=\"4 minutos\" \/>\n<script type=\"application\/ld+json\" class=\"yoast-schema-graph\">{\"@context\":\"https:\\\/\\\/schema.org\",\"@graph\":[{\"@type\":\"Article\",\"@id\":\"https:\\\/\\\/www.quebakan.com\\\/v15\\\/cuanta-energia-gasta-ecuador-en-navidad\\\/#article\",\"isPartOf\":{\"@id\":\"https:\\\/\\\/www.quebakan.com\\\/v15\\\/cuanta-energia-gasta-ecuador-en-navidad\\\/\"},\"author\":{\"name\":\"Erick Villafuerte\",\"@id\":\"https:\\\/\\\/www.quebakan.com\\\/v15\\\/#\\\/schema\\\/person\\\/d90fa9f9cfa81eb8ace9811e5b7b9118\"},\"headline\":\"\u00bfCu\u00e1nta energ\u00eda gasta Ecuador en Navidad?\",\"datePublished\":\"2025-12-02T17:14:02+00:00\",\"mainEntityOfPage\":{\"@id\":\"https:\\\/\\\/www.quebakan.com\\\/v15\\\/cuanta-energia-gasta-ecuador-en-navidad\\\/\"},\"wordCount\":657,\"publisher\":{\"@id\":\"https:\\\/\\\/www.quebakan.com\\\/v15\\\/#organization\"},\"image\":{\"@id\":\"https:\\\/\\\/www.quebakan.com\\\/v15\\\/cuanta-energia-gasta-ecuador-en-navidad\\\/#primaryimage\"},\"thumbnailUrl\":\"https:\\\/\\\/www.quebakan.com\\\/v15\\\/wp-content\\\/uploads\\\/2025\\\/12\\\/Opcion_2-1.jpg\",\"articleSection\":[\"Noticias\"],\"inLanguage\":\"es\"},{\"@type\":\"WebPage\",\"@id\":\"https:\\\/\\\/www.quebakan.com\\\/v15\\\/cuanta-energia-gasta-ecuador-en-navidad\\\/\",\"url\":\"https:\\\/\\\/www.quebakan.com\\\/v15\\\/cuanta-energia-gasta-ecuador-en-navidad\\\/\",\"name\":\"\u00bfCu\u00e1nta energ\u00eda gasta Ecuador en Navidad? &#8211; QUEBAKAN.COM 2026: Noticias, Eventos, Conciertos y mucho m\u00e1s....\",\"isPartOf\":{\"@id\":\"https:\\\/\\\/www.quebakan.com\\\/v15\\\/#website\"},\"primaryImageOfPage\":{\"@id\":\"https:\\\/\\\/www.quebakan.com\\\/v15\\\/cuanta-energia-gasta-ecuador-en-navidad\\\/#primaryimage\"},\"image\":{\"@id\":\"https:\\\/\\\/www.quebakan.com\\\/v15\\\/cuanta-energia-gasta-ecuador-en-navidad\\\/#primaryimage\"},\"thumbnailUrl\":\"https:\\\/\\\/www.quebakan.com\\\/v15\\\/wp-content\\\/uploads\\\/2025\\\/12\\\/Opcion_2-1.jpg\",\"datePublished\":\"2025-12-02T17:14:02+00:00\",\"breadcrumb\":{\"@id\":\"https:\\\/\\\/www.quebakan.com\\\/v15\\\/cuanta-energia-gasta-ecuador-en-navidad\\\/#breadcrumb\"},\"inLanguage\":\"es\",\"potentialAction\":[{\"@type\":\"ReadAction\",\"target\":[\"https:\\\/\\\/www.quebakan.com\\\/v15\\\/cuanta-energia-gasta-ecuador-en-navidad\\\/\"]}]},{\"@type\":\"ImageObject\",\"inLanguage\":\"es\",\"@id\":\"https:\\\/\\\/www.quebakan.com\\\/v15\\\/cuanta-energia-gasta-ecuador-en-navidad\\\/#primaryimage\",\"url\":\"https:\\\/\\\/www.quebakan.com\\\/v15\\\/wp-content\\\/uploads\\\/2025\\\/12\\\/Opcion_2-1.jpg\",\"contentUrl\":\"https:\\\/\\\/www.quebakan.com\\\/v15\\\/wp-content\\\/uploads\\\/2025\\\/12\\\/Opcion_2-1.jpg\",\"width\":700,\"height\":467},{\"@type\":\"BreadcrumbList\",\"@id\":\"https:\\\/\\\/www.quebakan.com\\\/v15\\\/cuanta-energia-gasta-ecuador-en-navidad\\\/#breadcrumb\",\"itemListElement\":[{\"@type\":\"ListItem\",\"position\":1,\"name\":\"Portada\",\"item\":\"https:\\\/\\\/www.quebakan.com\\\/v15\\\/\"},{\"@type\":\"ListItem\",\"position\":2,\"name\":\"\u00bfCu\u00e1nta energ\u00eda gasta Ecuador en Navidad?\"}]},{\"@type\":\"WebSite\",\"@id\":\"https:\\\/\\\/www.quebakan.com\\\/v15\\\/#website\",\"url\":\"https:\\\/\\\/www.quebakan.com\\\/v15\\\/\",\"name\":\"QUEBAKAN\",\"description\":\"..\",\"publisher\":{\"@id\":\"https:\\\/\\\/www.quebakan.com\\\/v15\\\/#organization\"},\"potentialAction\":[{\"@type\":\"SearchAction\",\"target\":{\"@type\":\"EntryPoint\",\"urlTemplate\":\"https:\\\/\\\/www.quebakan.com\\\/v15\\\/?s={search_term_string}\"},\"query-input\":{\"@type\":\"PropertyValueSpecification\",\"valueRequired\":true,\"valueName\":\"search_term_string\"}}],\"inLanguage\":\"es\"},{\"@type\":\"Organization\",\"@id\":\"https:\\\/\\\/www.quebakan.com\\\/v15\\\/#organization\",\"name\":\"Quebakan.com\",\"url\":\"https:\\\/\\\/www.quebakan.com\\\/v15\\\/\",\"logo\":{\"@type\":\"ImageObject\",\"inLanguage\":\"es\",\"@id\":\"https:\\\/\\\/www.quebakan.com\\\/v15\\\/#\\\/schema\\\/logo\\\/image\\\/\",\"url\":\"https:\\\/\\\/www.quebakan.com\\\/v15\\\/wp-content\\\/uploads\\\/2023\\\/07\\\/logoquebakanenero2021.jpg\",\"contentUrl\":\"https:\\\/\\\/www.quebakan.com\\\/v15\\\/wp-content\\\/uploads\\\/2023\\\/07\\\/logoquebakanenero2021.jpg\",\"width\":1920,\"height\":1080,\"caption\":\"Quebakan.com\"},\"image\":{\"@id\":\"https:\\\/\\\/www.quebakan.com\\\/v15\\\/#\\\/schema\\\/logo\\\/image\\\/\"},\"sameAs\":[\"http:\\\/\\\/www.facebook.com\\\/quebakan\",\"https:\\\/\\\/x.com\\\/quebakanec\",\"http:\\\/\\\/www.instagram.com\\\/quebakan\",\"http:\\\/\\\/www.youtube.com\\\/quebakan1\"]},{\"@type\":\"Person\",\"@id\":\"https:\\\/\\\/www.quebakan.com\\\/v15\\\/#\\\/schema\\\/person\\\/d90fa9f9cfa81eb8ace9811e5b7b9118\",\"name\":\"Erick Villafuerte\",\"image\":{\"@type\":\"ImageObject\",\"inLanguage\":\"es\",\"@id\":\"https:\\\/\\\/www.quebakan.com\\\/v15\\\/wp-content\\\/uploads\\\/avatars\\\/4\\\/1731297654-bpfull.png\",\"url\":\"https:\\\/\\\/www.quebakan.com\\\/v15\\\/wp-content\\\/uploads\\\/avatars\\\/4\\\/1731297654-bpfull.png\",\"contentUrl\":\"https:\\\/\\\/www.quebakan.com\\\/v15\\\/wp-content\\\/uploads\\\/avatars\\\/4\\\/1731297654-bpfull.png\",\"caption\":\"Erick Villafuerte\"}}]}<\/script>\n<!-- \/ Yoast SEO plugin. -->","yoast_head_json":{"title":"\u00bfCu\u00e1nta energ\u00eda gasta Ecuador en Navidad? &#8211; QUEBAKAN.COM 2026: Noticias, Eventos, Conciertos y mucho m\u00e1s....","robots":{"index":"index","follow":"follow","max-snippet":"max-snippet:-1","max-image-preview":"max-image-preview:large","max-video-preview":"max-video-preview:-1"},"canonical":"https:\/\/www.quebakan.com\/v15\/cuanta-energia-gasta-ecuador-en-navidad\/","og_locale":"es_ES","og_type":"article","og_title":"\u00bfCu\u00e1nta energ\u00eda gasta Ecuador en Navidad? &#8211; QUEBAKAN.COM 2026: Noticias, Eventos, Conciertos y mucho m\u00e1s....","og_description":"Cada diciembre, el esp\u00edritu navide\u00f1o se enciende en Ecuador con miles de luces decorativas, centros comerciales iluminados y hogares que extienden su horario de consumo el\u00e9ctrico. Pero detr\u00e1s de esa alegr\u00eda tambi\u00e9n hay un dato preocupante: en diciembre, la demanda de electricidad del pa\u00eds aumenta entre un 10 % y 15 %, seg\u00fan estimaciones del [&hellip;]","og_url":"https:\/\/www.quebakan.com\/v15\/cuanta-energia-gasta-ecuador-en-navidad\/","og_site_name":"QUEBAKAN.COM 2026: Noticias, Eventos, Conciertos y mucho m\u00e1s....","article_publisher":"http:\/\/www.facebook.com\/quebakan","article_published_time":"2025-12-02T17:14:02+00:00","og_image":[{"width":700,"height":467,"url":"https:\/\/www.quebakan.com\/v15\/wp-content\/uploads\/2025\/12\/Opcion_2-1.jpg","type":"image\/jpeg"}],"author":"Erick Villafuerte","twitter_card":"summary_large_image","twitter_creator":"@quebakanec","twitter_site":"@quebakanec","twitter_misc":{"Escrito por":"Erick Villafuerte","Tiempo de lectura":"4 minutos"},"schema":{"@context":"https:\/\/schema.org","@graph":[{"@type":"Article","@id":"https:\/\/www.quebakan.com\/v15\/cuanta-energia-gasta-ecuador-en-navidad\/#article","isPartOf":{"@id":"https:\/\/www.quebakan.com\/v15\/cuanta-energia-gasta-ecuador-en-navidad\/"},"author":{"name":"Erick Villafuerte","@id":"https:\/\/www.quebakan.com\/v15\/#\/schema\/person\/d90fa9f9cfa81eb8ace9811e5b7b9118"},"headline":"\u00bfCu\u00e1nta energ\u00eda gasta Ecuador en Navidad?","datePublished":"2025-12-02T17:14:02+00:00","mainEntityOfPage":{"@id":"https:\/\/www.quebakan.com\/v15\/cuanta-energia-gasta-ecuador-en-navidad\/"},"wordCount":657,"publisher":{"@id":"https:\/\/www.quebakan.com\/v15\/#organization"},"image":{"@id":"https:\/\/www.quebakan.com\/v15\/cuanta-energia-gasta-ecuador-en-navidad\/#primaryimage"},"thumbnailUrl":"https:\/\/www.quebakan.com\/v15\/wp-content\/uploads\/2025\/12\/Opcion_2-1.jpg","articleSection":["Noticias"],"inLanguage":"es"},{"@type":"WebPage","@id":"https:\/\/www.quebakan.com\/v15\/cuanta-energia-gasta-ecuador-en-navidad\/","url":"https:\/\/www.quebakan.com\/v15\/cuanta-energia-gasta-ecuador-en-navidad\/","name":"\u00bfCu\u00e1nta energ\u00eda gasta Ecuador en Navidad? &#8211; QUEBAKAN.COM 2026: Noticias, Eventos, Conciertos y mucho m\u00e1s....","isPartOf":{"@id":"https:\/\/www.quebakan.com\/v15\/#website"},"primaryImageOfPage":{"@id":"https:\/\/www.quebakan.com\/v15\/cuanta-energia-gasta-ecuador-en-navidad\/#primaryimage"},"image":{"@id":"https:\/\/www.quebakan.com\/v15\/cuanta-energia-gasta-ecuador-en-navidad\/#primaryimage"},"thumbnailUrl":"https:\/\/www.quebakan.com\/v15\/wp-content\/uploads\/2025\/12\/Opcion_2-1.jpg","datePublished":"2025-12-02T17:14:02+00:00","breadcrumb":{"@id":"https:\/\/www.quebakan.com\/v15\/cuanta-energia-gasta-ecuador-en-navidad\/#breadcrumb"},"inLanguage":"es","potentialAction":[{"@type":"ReadAction","target":["https:\/\/www.quebakan.com\/v15\/cuanta-energia-gasta-ecuador-en-navidad\/"]}]},{"@type":"ImageObject","inLanguage":"es","@id":"https:\/\/www.quebakan.com\/v15\/cuanta-energia-gasta-ecuador-en-navidad\/#primaryimage","url":"https:\/\/www.quebakan.com\/v15\/wp-content\/uploads\/2025\/12\/Opcion_2-1.jpg","contentUrl":"https:\/\/www.quebakan.com\/v15\/wp-content\/uploads\/2025\/12\/Opcion_2-1.jpg","width":700,"height":467},{"@type":"BreadcrumbList","@id":"https:\/\/www.quebakan.com\/v15\/cuanta-energia-gasta-ecuador-en-navidad\/#breadcrumb","itemListElement":[{"@type":"ListItem","position":1,"name":"Portada","item":"https:\/\/www.quebakan.com\/v15\/"},{"@type":"ListItem","position":2,"name":"\u00bfCu\u00e1nta energ\u00eda gasta Ecuador en Navidad?"}]},{"@type":"WebSite","@id":"https:\/\/www.quebakan.com\/v15\/#website","url":"https:\/\/www.quebakan.com\/v15\/","name":"QUEBAKAN","description":"..","publisher":{"@id":"https:\/\/www.quebakan.com\/v15\/#organization"},"potentialAction":[{"@type":"SearchAction","target":{"@type":"EntryPoint","urlTemplate":"https:\/\/www.quebakan.com\/v15\/?s={search_term_string}"},"query-input":{"@type":"PropertyValueSpecification","valueRequired":true,"valueName":"search_term_string"}}],"inLanguage":"es"},{"@type":"Organization","@id":"https:\/\/www.quebakan.com\/v15\/#organization","name":"Quebakan.com","url":"https:\/\/www.quebakan.com\/v15\/","logo":{"@type":"ImageObject","inLanguage":"es","@id":"https:\/\/www.quebakan.com\/v15\/#\/schema\/logo\/image\/","url":"https:\/\/www.quebakan.com\/v15\/wp-content\/uploads\/2023\/07\/logoquebakanenero2021.jpg","contentUrl":"https:\/\/www.quebakan.com\/v15\/wp-content\/uploads\/2023\/07\/logoquebakanenero2021.jpg","width":1920,"height":1080,"caption":"Quebakan.com"},"image":{"@id":"https:\/\/www.quebakan.com\/v15\/#\/schema\/logo\/image\/"},"sameAs":["http:\/\/www.facebook.com\/quebakan","https:\/\/x.com\/quebakanec","http:\/\/www.instagram.com\/quebakan","http:\/\/www.youtube.com\/quebakan1"]},{"@type":"Person","@id":"https:\/\/www.quebakan.com\/v15\/#\/schema\/person\/d90fa9f9cfa81eb8ace9811e5b7b9118","name":"Erick Villafuerte","image":{"@type":"ImageObject","inLanguage":"es","@id":"https:\/\/www.quebakan.com\/v15\/wp-content\/uploads\/avatars\/4\/1731297654-bpfull.png","url":"https:\/\/www.quebakan.com\/v15\/wp-content\/uploads\/avatars\/4\/1731297654-bpfull.png","contentUrl":"https:\/\/www.quebakan.com\/v15\/wp-content\/uploads\/avatars\/4\/1731297654-bpfull.png","caption":"Erick Villafuerte"}}]}},"_links":{"self":[{"href":"https:\/\/www.quebakan.com\/v15\/wp-json\/wp\/v2\/posts\/138061","targetHints":{"allow":["GET"]}}],"collection":[{"href":"https:\/\/www.quebakan.com\/v15\/wp-json\/wp\/v2\/posts"}],"about":[{"href":"https:\/\/www.quebakan.com\/v15\/wp-json\/wp\/v2\/types\/post"}],"author":[{"embeddable":true,"href":"https:\/\/www.quebakan.com\/v15\/wp-json\/wp\/v2\/users\/4"}],"replies":[{"embeddable":true,"href":"https:\/\/www.quebakan.com\/v15\/wp-json\/wp\/v2\/comments?post=138061"}],"version-history":[{"count":1,"href":"https:\/\/www.quebakan.com\/v15\/wp-json\/wp\/v2\/posts\/138061\/revisions"}],"predecessor-version":[{"id":138063,"href":"https:\/\/www.quebakan.com\/v15\/wp-json\/wp\/v2\/posts\/138061\/revisions\/138063"}],"wp:featuredmedia":[{"embeddable":true,"href":"https:\/\/www.quebakan.com\/v15\/wp-json\/wp\/v2\/media\/138062"}],"wp:attachment":[{"href":"https:\/\/www.quebakan.com\/v15\/wp-json\/wp\/v2\/media?parent=138061"}],"wp:term":[{"taxonomy":"category","embeddable":true,"href":"https:\/\/www.quebakan.com\/v15\/wp-json\/wp\/v2\/categories?post=138061"},{"taxonomy":"post_tag","embeddable":true,"href":"https:\/\/www.quebakan.com\/v15\/wp-json\/wp\/v2\/tags?post=138061"}],"curies":[{"name":"wp","href":"https:\/\/api.w.org\/{rel}","templated":true}]}}