{"id":138068,"date":"2025-12-02T12:26:31","date_gmt":"2025-12-02T17:26:31","guid":{"rendered":"https:\/\/www.quebakan.com\/v15\/?p=138068"},"modified":"2025-12-02T12:26:31","modified_gmt":"2025-12-02T17:26:31","slug":"quito-y-guayaquil-contaran-con-contenedores-para-recoleccion-de-medicina-caducada-hasta-finales-de-2025","status":"publish","type":"post","link":"https:\/\/www.quebakan.com\/v15\/quito-y-guayaquil-contaran-con-contenedores-para-recoleccion-de-medicina-caducada-hasta-finales-de-2025\/","title":{"rendered":"Quito y Guayaquil contar\u00e1n con contenedores para recolecci\u00f3n de medicina caducada hasta finales de 2025"},"content":{"rendered":"<p><img fetchpriority=\"high\" decoding=\"async\" class=\"aligncenter size-full wp-image-138069\" src=\"https:\/\/www.quebakan.com\/v15\/wp-content\/uploads\/2025\/12\/Foto-Recofarma.jpg\" alt=\"\" width=\"700\" height=\"525\" \/><\/p>\n<p style=\"text-align: justify;\"><span style=\"color: #000000;\"><em><strong>De izquierda a derecha:<\/strong> Pablo Mac\u00edas, Gerente General de Proyecci\u00f3n Futura; <\/em><em>Jos\u00e9 Ricaurte, Vicepresidente de Ejecutivo de Farmaenlace y Juan Carlos Cachott jefe de Seguridad, Salud Ocupacional y Ambiente de Medicity.<\/em><\/span><\/p>\n<ul style=\"text-align: justify;\">\n<li><span style=\"color: #000000;\">Ecuador es uno de los 4 pa\u00edses en Am\u00e9rica del Sur en contar con un programa de Responsabilidad Extendida del Productor para la gesti\u00f3n responsable de medicamentos caducados.<\/span><\/li>\n<li><span style=\"color: #000000;\">Los contenedores de Recofarma son elaborados con procesos de econom\u00eda circular para garantizar la sostenibilidad y cuentan con extremas condiciones de seguridad para evitar el mal manejo de esos desechos.<\/span><\/li>\n<li><span style=\"color: #000000;\">En 2018, California (Estados Unidos) implement\u00f3 el Programa de Recuperaci\u00f3n de Medicamentos. En 5 a\u00f1os el n\u00famero de contenedores de medicamentos pas\u00f3 de 250 a 1.046, gracias al apoyo de la ciudadan\u00eda.<\/span><\/li>\n<\/ul>\n<p style=\"text-align: justify;\"><span style=\"color: #000000;\"><strong>Quito, diciembre de 2025.- <\/strong>Las ciudades de Quito y Guayaquil son el punto de partida para la instalaci\u00f3n de los primeros 10 contenedores del Programa de Sostenibilidad de la industria farmac\u00e9utica: Recofarma, donde la ciudadan\u00eda puede depositar medicamentos caducados que hay en los hogares. Esta iniciativa es parte del proyecto que el sector implement\u00f3 para cumplir con el principio de Responsabilidad Extendida del Productor (REP), que busca que las empresas que fabrican o importan un producto tambi\u00e9n sean responsables de lo que se hace al final de su vida \u00fatil, como un mecanismo para fortalecer el cuidado ambiental y la salud de los ecuatorianos. De acuerdo con la REP, se debe colocar un contenedor por cada 10.000 habitantes, hasta llegar a 1.400 en 10 a\u00f1os, en las 24 provincias del pa\u00eds.<\/span><\/p>\n<p style=\"text-align: justify;\"><span style=\"color: #000000;\">El 28 de noviembre inici\u00f3 esta jornada con la colocaci\u00f3n del primer contenedor de Recofarma en el local de la cadena de farmacias Medicity, ubicado en la Av. 6 de Diciembre y Checoslovaquia, gracias a una alianza con Farmaenlace, que es un aliado clave para la colocaci\u00f3n de contenedores. En diciembre se colocar\u00e1n nueve contenedores m\u00e1s en la capital y en Guayaquil, permitiendo que m\u00e1s de 100.000 ciudadanos puedan gestionar sus desechos m\u00e9dicos de manera segura en los siguientes puntos:<\/span><\/p>\n<table width=\"624\">\n<tbody>\n<tr>\n<td width=\"274\"><span style=\"color: #000000;\">Local<\/span><\/td>\n<td width=\"132\"><span style=\"color: #000000;\"><strong>Ciudad<\/strong><\/span><\/td>\n<td width=\"217\"><span style=\"color: #000000;\"><strong>Desde<\/strong><\/span><\/td>\n<\/tr>\n<tr>\n<td width=\"274\"><span style=\"color: #000000;\">Medicity, La Y<\/span><\/td>\n<td rowspan=\"5\" width=\"132\">&nbsp;<\/p>\n<p><span style=\"color: #000000;\">Quito<\/span><\/td>\n<td rowspan=\"9\" width=\"217\">&nbsp;<\/p>\n<p><span style=\"color: #000000;\">Segunda semana<\/span><\/p>\n<p><span style=\"color: #000000;\">de diciembre 2025<\/span><\/td>\n<\/tr>\n<tr>\n<td width=\"274\"><span style=\"color: #000000;\">Medicity, Quicentro Sur<\/span><\/td>\n<\/tr>\n<tr>\n<td width=\"274\"><span style=\"color: #000000;\">Medicity, Carapungo<\/span><\/td>\n<\/tr>\n<tr>\n<td width=\"274\"><span style=\"color: #000000;\">Medicity, Plaza El Triangulo<\/span><\/td>\n<\/tr>\n<tr>\n<td width=\"274\"><span style=\"color: #000000;\">Medicity, Av. America<\/span><\/td>\n<\/tr>\n<tr>\n<td width=\"274\"><span style=\"color: #000000;\">Medicity, Samborondon Chiripa<\/span><\/td>\n<td rowspan=\"4\" width=\"132\">&nbsp;<\/p>\n<p><span style=\"color: #000000;\">Guayaquil<\/span><\/td>\n<\/tr>\n<tr>\n<td width=\"274\"><span style=\"color: #000000;\">Medicity Urdesa Central<\/span><\/td>\n<\/tr>\n<tr>\n<td width=\"274\"><span style=\"color: #000000;\">Medicity, Samborond\u00f3n, C. Celeste<\/span><\/td>\n<\/tr>\n<tr>\n<td width=\"274\"><span style=\"color: #000000;\">Medicity, Juan Tanca Marengo<\/span><\/td>\n<\/tr>\n<\/tbody>\n<\/table>\n<p style=\"text-align: justify;\"><span style=\"color: #000000;\"><strong>Revisa la ubicaci\u00f3n exacta en el mapa en <\/strong><a style=\"color: #000000;\" href=\"http:\/\/www.recofarma.com\"><strong>www.recofarma.com<\/strong><\/a><\/span><\/p>\n<p style=\"text-align: justify;\"><span style=\"color: #000000;\">Seg\u00fan datos del Instituto Nacional de Estad\u00edstica y Censos (2024), el 85,8% de los hogares bota los medicamentos en la basura com\u00fan, lo que ocasiona que el agua que bebemos, los r\u00edos y los ecosistemas se vean afectados. La Organizaci\u00f3n Mundial de la Salud (OMS) determina que hasta el 90% de los desechos farmac\u00e9uticos en pa\u00edses en desarrollo terminan en el agua. Adem\u00e1s, se\u00f1ala consecuencias y riesgos por el desecho incorrecto, la falsificaci\u00f3n, la comercializaci\u00f3n ilegal y los casos de intoxicaci\u00f3n por consumo de productos caducados.<\/span><\/p>\n<p style=\"text-align: justify;\"><span style=\"color: #000000;\">\u201cDepositar correctamente las medicinas caducadas es una acci\u00f3n fundamental que protege nuestra salud y el ambiente. Seg\u00fan un estudio que realizamos este a\u00f1o, el 47% de las personas encuestadas est\u00e1 dispuesta a llevar sus medicamentos caducados a puntos de recolecci\u00f3n, lo cual es clave, pues sabemos que estamos en el camino correcto para transformar h\u00e1bitos. M\u00e1s all\u00e1 de la recolecci\u00f3n, nuestro plan tambi\u00e9n involucra a la ciudadan\u00eda para generar conciencia sobre el uso de este tipo de medicamentos, el consumo total de la receta m\u00e9dica y evitar la automedicaci\u00f3n. Es un trabajo conjunto con laboratorios, cadenas de farmacias y actores del sector farmac\u00e9utico con el objetivo de cuidar la salud de las personas y el ambiente\u201d, se\u00f1al\u00f3 Pablo Mac\u00edas, Gerente General de Proyecci\u00f3n Futura.<\/span><\/p>\n<p style=\"text-align: justify;\"><span style=\"color: #000000;\">Actualmente, Recofarma trabaja de la mano con 35 laboratorios y distribuidores farmac\u00e9uticos, con el apoyo de ALAFAR, ALFE e IFI, y la alianza con Farmaenlace y Medicity.\u00a0<\/span><\/p>\n<p style=\"text-align: justify;\"><span style=\"color: #000000;\">Por su parte, Juan Carlos Cachott, jefe de Seguridad, Salud Ocupacional y Ambiente de Medicity, indic\u00f3 que formar parte de Recofarma es un paso natural en su compromiso con la salud de las familias ecuatorianas y con el cuidado del ambiente. \u201cNuestras farmacias son puntos de encuentro cotidianos con la comunidad y, por ello, somos un aliado estrat\u00e9gico que garantiza contenedores seguros y vigilados en puntos de venta, capacita a nuestros equipos para orientar a los ciudadanos y colabora de manera transparente con los productores y gestores ambientales autorizados. Sabemos que el manejo inadecuado de estos residuos afecta el agua que consumimos, los ecosistemas y, por supuesto, la salud p\u00fablica. Estamos convencidos de que esta iniciativa no solo cumple una normativa, sino que transforma h\u00e1bitos y construye una cultura ambientalista\u201d, a\u00f1adi\u00f3.<\/span><\/p>\n<p style=\"text-align: justify;\"><span style=\"color: #000000;\"><strong>Contenedores amigables con el ambiente y con medidas antirrobo <\/strong><\/span><\/p>\n<p style=\"text-align: justify;\"><span style=\"color: #000000;\">Siguiendo los procesos de sostenibilidad, estos contenedores se fabricaron aplicando criterios de econom\u00eda circular, al elaborarlos a partir de paneles de koex de pl\u00e1stico reciclado y acero negro, lo que permite que tambi\u00e9n puedan ser reciclados o reusados una vez que cumplan su vida \u00fatil.<\/span><\/p>\n<p style=\"text-align: justify;\"><span style=\"color: #000000;\">Como medida de seguridad, cuentan con un contenedor adicional interno que impide el escape de sustancias l\u00edquidas y una compuerta que permite el ingreso de residuos, pero evita que personas no autorizadas puedan sustraer medicamentos previamente depositados.\u00a0<\/span><\/p>\n<p style=\"text-align: justify;\"><span style=\"color: #000000;\"><strong>La ciudadan\u00eda, un actor clave en el proceso de gesti\u00f3n de residuos<\/strong><\/span><\/p>\n<p style=\"text-align: justify;\"><span style=\"color: #000000;\">Actualmente, un 65% de los hogares en Ecuador clasifica y\/o separa alg\u00fan tipo de residuo como org\u00e1nicos, papel, pl\u00e1sticos, entre otros, lo que ha permitido crear conciencia sobre la importancia de contar con una cadena de gesti\u00f3n saludable.<\/span><\/p>\n<p style=\"text-align: justify;\"><span style=\"color: #000000;\">Ahora, padres e hijos tambi\u00e9n tienen la posibilidad de ser responsables de lo que hacen con los f\u00e1rmacos vencidos que se tienen en casa, siguiendo 3 sencillos pasos:<\/span><\/p>\n<ol style=\"text-align: justify;\">\n<li><span style=\"color: #000000;\">Revisa el botiqu\u00edn de casa y separa los medicamentos caducados o en desuso.<\/span><\/li>\n<li><span style=\"color: #000000;\">Selecciona los medicamentos caducados (jarabes, medicamentos parcialmente consumidos, soluciones, pastillas, comprimidos, c\u00e1psulas, cremas, \u00f3vulos, parches y polvos).<\/span><\/li>\n<li><span style=\"color: #000000;\">Depos\u00edtalos en el contenedor m\u00e1s cercano.<\/span><\/li>\n<\/ol>\n<p style=\"text-align: justify;\"><span style=\"color: #000000;\">No se debe colocar: jeringas, term\u00f3metros, gasas, elementos cortopunzantes, desechos comunes, pilas, dispositivos m\u00e9dicos, entre otros.<\/span><\/p>\n<p style=\"text-align: justify;\"><span style=\"color: #000000;\">Antes de la colocaci\u00f3n de los contenedores, el personal de Medicity fue capacitado sobre el proceso de gesti\u00f3n de estos desechos, convirti\u00e9ndose en aliados clave para los ciudadanos que deseen m\u00e1s informaci\u00f3n sobre Recofarma y el proceso a seguir.<\/span><\/p>\n<p style=\"text-align: justify;\"><span style=\"color: #000000;\"><strong>\u00bfC\u00f3mo es el proceso de gesti\u00f3n de las medicinas caducas? <\/strong><\/span><\/p>\n<p style=\"text-align: justify;\"><span style=\"color: #000000;\">Una vez que el contenedor alcanza un peso predefinido, las medicinas caducadas entregadas son recolectadas por gestores autorizados y calificados para el manejo de medicamentos y desechos peligrosos para ser llevadas, bajo el cumplimiento de estrictos protocolos de seguridad ambiental, a plantas de incineraci\u00f3n, con el fin de garantizar una disposici\u00f3n segura que evite la contaminaci\u00f3n de agua, suelo y aire.<\/span><\/p>\n","protected":false},"excerpt":{"rendered":"<p>De izquierda a derecha: Pablo Mac\u00edas, Gerente General de Proyecci\u00f3n Futura; Jos\u00e9 Ricaurte, Vicepresidente de Ejecutivo de Farmaenlace y Juan Carlos Cachott jefe de Seguridad, Salud Ocupacional y Ambiente de Medicity. Ecuador es uno de los 4 pa\u00edses en Am\u00e9rica del Sur en contar con un programa de Responsabilidad Extendida del Productor para la gesti\u00f3n [&hellip;]<\/p>\n","protected":false},"author":4,"featured_media":138069,"comment_status":"closed","ping_status":"closed","sticky":false,"template":"","format":"standard","meta":{"_bbp_topic_count":0,"_bbp_reply_count":0,"_bbp_total_topic_count":0,"_bbp_total_reply_count":0,"_bbp_voice_count":0,"_bbp_anonymous_reply_count":0,"_bbp_topic_count_hidden":0,"_bbp_reply_count_hidden":0,"_bbp_forum_subforum_count":0,"buzzeditor_post_format":"","footnotes":""},"categories":[2],"tags":[],"class_list":["post-138068","post","type-post","status-publish","format-standard","has-post-thumbnail","hentry","category-noticias"],"yoast_head":"<!-- This site is optimized with the Yoast SEO plugin v27.5 - https:\/\/yoast.com\/product\/yoast-seo-wordpress\/ -->\n<title>Quito y Guayaquil contar\u00e1n con contenedores para recolecci\u00f3n de medicina caducada hasta finales de 2025 &#8211; QUEBAKAN.COM 2026: Noticias, Eventos, Conciertos y mucho m\u00e1s....<\/title>\n<meta name=\"robots\" content=\"index, follow, max-snippet:-1, max-image-preview:large, max-video-preview:-1\" \/>\n<link rel=\"canonical\" href=\"https:\/\/www.quebakan.com\/v15\/quito-y-guayaquil-contaran-con-contenedores-para-recoleccion-de-medicina-caducada-hasta-finales-de-2025\/\" \/>\n<meta property=\"og:locale\" content=\"es_ES\" \/>\n<meta property=\"og:type\" content=\"article\" \/>\n<meta property=\"og:title\" content=\"Quito y Guayaquil contar\u00e1n con contenedores para recolecci\u00f3n de medicina caducada hasta finales de 2025 &#8211; QUEBAKAN.COM 2026: Noticias, Eventos, Conciertos y mucho m\u00e1s....\" \/>\n<meta property=\"og:description\" content=\"De izquierda a derecha: Pablo Mac\u00edas, Gerente General de Proyecci\u00f3n Futura; Jos\u00e9 Ricaurte, Vicepresidente de Ejecutivo de Farmaenlace y Juan Carlos Cachott jefe de Seguridad, Salud Ocupacional y Ambiente de Medicity. Ecuador es uno de los 4 pa\u00edses en Am\u00e9rica del Sur en contar con un programa de Responsabilidad Extendida del Productor para la gesti\u00f3n [&hellip;]\" \/>\n<meta property=\"og:url\" content=\"https:\/\/www.quebakan.com\/v15\/quito-y-guayaquil-contaran-con-contenedores-para-recoleccion-de-medicina-caducada-hasta-finales-de-2025\/\" \/>\n<meta property=\"og:site_name\" content=\"QUEBAKAN.COM 2026: Noticias, Eventos, Conciertos y mucho m\u00e1s....\" \/>\n<meta property=\"article:publisher\" content=\"http:\/\/www.facebook.com\/quebakan\" \/>\n<meta property=\"article:published_time\" content=\"2025-12-02T17:26:31+00:00\" \/>\n<meta property=\"og:image\" content=\"https:\/\/www.quebakan.com\/v15\/wp-content\/uploads\/2025\/12\/Foto-Recofarma.jpg\" \/>\n\t<meta property=\"og:image:width\" content=\"700\" \/>\n\t<meta property=\"og:image:height\" content=\"525\" \/>\n\t<meta property=\"og:image:type\" content=\"image\/jpeg\" \/>\n<meta name=\"author\" content=\"Erick Villafuerte\" \/>\n<meta name=\"twitter:card\" content=\"summary_large_image\" \/>\n<meta name=\"twitter:creator\" content=\"@quebakanec\" \/>\n<meta name=\"twitter:site\" content=\"@quebakanec\" \/>\n<meta name=\"twitter:label1\" content=\"Escrito por\" \/>\n\t<meta name=\"twitter:data1\" content=\"Erick Villafuerte\" \/>\n\t<meta name=\"twitter:label2\" content=\"Tiempo de lectura\" \/>\n\t<meta name=\"twitter:data2\" content=\"6 minutos\" \/>\n<script type=\"application\/ld+json\" class=\"yoast-schema-graph\">{\"@context\":\"https:\\\/\\\/schema.org\",\"@graph\":[{\"@type\":\"Article\",\"@id\":\"https:\\\/\\\/www.quebakan.com\\\/v15\\\/quito-y-guayaquil-contaran-con-contenedores-para-recoleccion-de-medicina-caducada-hasta-finales-de-2025\\\/#article\",\"isPartOf\":{\"@id\":\"https:\\\/\\\/www.quebakan.com\\\/v15\\\/quito-y-guayaquil-contaran-con-contenedores-para-recoleccion-de-medicina-caducada-hasta-finales-de-2025\\\/\"},\"author\":{\"name\":\"Erick Villafuerte\",\"@id\":\"https:\\\/\\\/www.quebakan.com\\\/v15\\\/#\\\/schema\\\/person\\\/d90fa9f9cfa81eb8ace9811e5b7b9118\"},\"headline\":\"Quito y Guayaquil contar\u00e1n con contenedores para recolecci\u00f3n de medicina caducada hasta finales de 2025\",\"datePublished\":\"2025-12-02T17:26:31+00:00\",\"mainEntityOfPage\":{\"@id\":\"https:\\\/\\\/www.quebakan.com\\\/v15\\\/quito-y-guayaquil-contaran-con-contenedores-para-recoleccion-de-medicina-caducada-hasta-finales-de-2025\\\/\"},\"wordCount\":1164,\"publisher\":{\"@id\":\"https:\\\/\\\/www.quebakan.com\\\/v15\\\/#organization\"},\"image\":{\"@id\":\"https:\\\/\\\/www.quebakan.com\\\/v15\\\/quito-y-guayaquil-contaran-con-contenedores-para-recoleccion-de-medicina-caducada-hasta-finales-de-2025\\\/#primaryimage\"},\"thumbnailUrl\":\"https:\\\/\\\/www.quebakan.com\\\/v15\\\/wp-content\\\/uploads\\\/2025\\\/12\\\/Foto-Recofarma.jpg\",\"articleSection\":[\"Noticias\"],\"inLanguage\":\"es\"},{\"@type\":\"WebPage\",\"@id\":\"https:\\\/\\\/www.quebakan.com\\\/v15\\\/quito-y-guayaquil-contaran-con-contenedores-para-recoleccion-de-medicina-caducada-hasta-finales-de-2025\\\/\",\"url\":\"https:\\\/\\\/www.quebakan.com\\\/v15\\\/quito-y-guayaquil-contaran-con-contenedores-para-recoleccion-de-medicina-caducada-hasta-finales-de-2025\\\/\",\"name\":\"Quito y Guayaquil contar\u00e1n con contenedores para recolecci\u00f3n de medicina caducada hasta finales de 2025 &#8211; QUEBAKAN.COM 2026: Noticias, Eventos, Conciertos y mucho m\u00e1s....\",\"isPartOf\":{\"@id\":\"https:\\\/\\\/www.quebakan.com\\\/v15\\\/#website\"},\"primaryImageOfPage\":{\"@id\":\"https:\\\/\\\/www.quebakan.com\\\/v15\\\/quito-y-guayaquil-contaran-con-contenedores-para-recoleccion-de-medicina-caducada-hasta-finales-de-2025\\\/#primaryimage\"},\"image\":{\"@id\":\"https:\\\/\\\/www.quebakan.com\\\/v15\\\/quito-y-guayaquil-contaran-con-contenedores-para-recoleccion-de-medicina-caducada-hasta-finales-de-2025\\\/#primaryimage\"},\"thumbnailUrl\":\"https:\\\/\\\/www.quebakan.com\\\/v15\\\/wp-content\\\/uploads\\\/2025\\\/12\\\/Foto-Recofarma.jpg\",\"datePublished\":\"2025-12-02T17:26:31+00:00\",\"breadcrumb\":{\"@id\":\"https:\\\/\\\/www.quebakan.com\\\/v15\\\/quito-y-guayaquil-contaran-con-contenedores-para-recoleccion-de-medicina-caducada-hasta-finales-de-2025\\\/#breadcrumb\"},\"inLanguage\":\"es\",\"potentialAction\":[{\"@type\":\"ReadAction\",\"target\":[\"https:\\\/\\\/www.quebakan.com\\\/v15\\\/quito-y-guayaquil-contaran-con-contenedores-para-recoleccion-de-medicina-caducada-hasta-finales-de-2025\\\/\"]}]},{\"@type\":\"ImageObject\",\"inLanguage\":\"es\",\"@id\":\"https:\\\/\\\/www.quebakan.com\\\/v15\\\/quito-y-guayaquil-contaran-con-contenedores-para-recoleccion-de-medicina-caducada-hasta-finales-de-2025\\\/#primaryimage\",\"url\":\"https:\\\/\\\/www.quebakan.com\\\/v15\\\/wp-content\\\/uploads\\\/2025\\\/12\\\/Foto-Recofarma.jpg\",\"contentUrl\":\"https:\\\/\\\/www.quebakan.com\\\/v15\\\/wp-content\\\/uploads\\\/2025\\\/12\\\/Foto-Recofarma.jpg\",\"width\":700,\"height\":525},{\"@type\":\"BreadcrumbList\",\"@id\":\"https:\\\/\\\/www.quebakan.com\\\/v15\\\/quito-y-guayaquil-contaran-con-contenedores-para-recoleccion-de-medicina-caducada-hasta-finales-de-2025\\\/#breadcrumb\",\"itemListElement\":[{\"@type\":\"ListItem\",\"position\":1,\"name\":\"Portada\",\"item\":\"https:\\\/\\\/www.quebakan.com\\\/v15\\\/\"},{\"@type\":\"ListItem\",\"position\":2,\"name\":\"Quito y Guayaquil contar\u00e1n con contenedores para recolecci\u00f3n de medicina caducada hasta finales de 2025\"}]},{\"@type\":\"WebSite\",\"@id\":\"https:\\\/\\\/www.quebakan.com\\\/v15\\\/#website\",\"url\":\"https:\\\/\\\/www.quebakan.com\\\/v15\\\/\",\"name\":\"QUEBAKAN\",\"description\":\"..\",\"publisher\":{\"@id\":\"https:\\\/\\\/www.quebakan.com\\\/v15\\\/#organization\"},\"potentialAction\":[{\"@type\":\"SearchAction\",\"target\":{\"@type\":\"EntryPoint\",\"urlTemplate\":\"https:\\\/\\\/www.quebakan.com\\\/v15\\\/?s={search_term_string}\"},\"query-input\":{\"@type\":\"PropertyValueSpecification\",\"valueRequired\":true,\"valueName\":\"search_term_string\"}}],\"inLanguage\":\"es\"},{\"@type\":\"Organization\",\"@id\":\"https:\\\/\\\/www.quebakan.com\\\/v15\\\/#organization\",\"name\":\"Quebakan.com\",\"url\":\"https:\\\/\\\/www.quebakan.com\\\/v15\\\/\",\"logo\":{\"@type\":\"ImageObject\",\"inLanguage\":\"es\",\"@id\":\"https:\\\/\\\/www.quebakan.com\\\/v15\\\/#\\\/schema\\\/logo\\\/image\\\/\",\"url\":\"https:\\\/\\\/www.quebakan.com\\\/v15\\\/wp-content\\\/uploads\\\/2023\\\/07\\\/logoquebakanenero2021.jpg\",\"contentUrl\":\"https:\\\/\\\/www.quebakan.com\\\/v15\\\/wp-content\\\/uploads\\\/2023\\\/07\\\/logoquebakanenero2021.jpg\",\"width\":1920,\"height\":1080,\"caption\":\"Quebakan.com\"},\"image\":{\"@id\":\"https:\\\/\\\/www.quebakan.com\\\/v15\\\/#\\\/schema\\\/logo\\\/image\\\/\"},\"sameAs\":[\"http:\\\/\\\/www.facebook.com\\\/quebakan\",\"https:\\\/\\\/x.com\\\/quebakanec\",\"http:\\\/\\\/www.instagram.com\\\/quebakan\",\"http:\\\/\\\/www.youtube.com\\\/quebakan1\"]},{\"@type\":\"Person\",\"@id\":\"https:\\\/\\\/www.quebakan.com\\\/v15\\\/#\\\/schema\\\/person\\\/d90fa9f9cfa81eb8ace9811e5b7b9118\",\"name\":\"Erick Villafuerte\",\"image\":{\"@type\":\"ImageObject\",\"inLanguage\":\"es\",\"@id\":\"https:\\\/\\\/www.quebakan.com\\\/v15\\\/wp-content\\\/uploads\\\/avatars\\\/4\\\/1731297654-bpfull.png\",\"url\":\"https:\\\/\\\/www.quebakan.com\\\/v15\\\/wp-content\\\/uploads\\\/avatars\\\/4\\\/1731297654-bpfull.png\",\"contentUrl\":\"https:\\\/\\\/www.quebakan.com\\\/v15\\\/wp-content\\\/uploads\\\/avatars\\\/4\\\/1731297654-bpfull.png\",\"caption\":\"Erick Villafuerte\"}}]}<\/script>\n<!-- \/ Yoast SEO plugin. -->","yoast_head_json":{"title":"Quito y Guayaquil contar\u00e1n con contenedores para recolecci\u00f3n de medicina caducada hasta finales de 2025 &#8211; QUEBAKAN.COM 2026: Noticias, Eventos, Conciertos y mucho m\u00e1s....","robots":{"index":"index","follow":"follow","max-snippet":"max-snippet:-1","max-image-preview":"max-image-preview:large","max-video-preview":"max-video-preview:-1"},"canonical":"https:\/\/www.quebakan.com\/v15\/quito-y-guayaquil-contaran-con-contenedores-para-recoleccion-de-medicina-caducada-hasta-finales-de-2025\/","og_locale":"es_ES","og_type":"article","og_title":"Quito y Guayaquil contar\u00e1n con contenedores para recolecci\u00f3n de medicina caducada hasta finales de 2025 &#8211; QUEBAKAN.COM 2026: Noticias, Eventos, Conciertos y mucho m\u00e1s....","og_description":"De izquierda a derecha: Pablo Mac\u00edas, Gerente General de Proyecci\u00f3n Futura; Jos\u00e9 Ricaurte, Vicepresidente de Ejecutivo de Farmaenlace y Juan Carlos Cachott jefe de Seguridad, Salud Ocupacional y Ambiente de Medicity. Ecuador es uno de los 4 pa\u00edses en Am\u00e9rica del Sur en contar con un programa de Responsabilidad Extendida del Productor para la gesti\u00f3n [&hellip;]","og_url":"https:\/\/www.quebakan.com\/v15\/quito-y-guayaquil-contaran-con-contenedores-para-recoleccion-de-medicina-caducada-hasta-finales-de-2025\/","og_site_name":"QUEBAKAN.COM 2026: Noticias, Eventos, Conciertos y mucho m\u00e1s....","article_publisher":"http:\/\/www.facebook.com\/quebakan","article_published_time":"2025-12-02T17:26:31+00:00","og_image":[{"width":700,"height":525,"url":"https:\/\/www.quebakan.com\/v15\/wp-content\/uploads\/2025\/12\/Foto-Recofarma.jpg","type":"image\/jpeg"}],"author":"Erick Villafuerte","twitter_card":"summary_large_image","twitter_creator":"@quebakanec","twitter_site":"@quebakanec","twitter_misc":{"Escrito por":"Erick Villafuerte","Tiempo de lectura":"6 minutos"},"schema":{"@context":"https:\/\/schema.org","@graph":[{"@type":"Article","@id":"https:\/\/www.quebakan.com\/v15\/quito-y-guayaquil-contaran-con-contenedores-para-recoleccion-de-medicina-caducada-hasta-finales-de-2025\/#article","isPartOf":{"@id":"https:\/\/www.quebakan.com\/v15\/quito-y-guayaquil-contaran-con-contenedores-para-recoleccion-de-medicina-caducada-hasta-finales-de-2025\/"},"author":{"name":"Erick Villafuerte","@id":"https:\/\/www.quebakan.com\/v15\/#\/schema\/person\/d90fa9f9cfa81eb8ace9811e5b7b9118"},"headline":"Quito y Guayaquil contar\u00e1n con contenedores para recolecci\u00f3n de medicina caducada hasta finales de 2025","datePublished":"2025-12-02T17:26:31+00:00","mainEntityOfPage":{"@id":"https:\/\/www.quebakan.com\/v15\/quito-y-guayaquil-contaran-con-contenedores-para-recoleccion-de-medicina-caducada-hasta-finales-de-2025\/"},"wordCount":1164,"publisher":{"@id":"https:\/\/www.quebakan.com\/v15\/#organization"},"image":{"@id":"https:\/\/www.quebakan.com\/v15\/quito-y-guayaquil-contaran-con-contenedores-para-recoleccion-de-medicina-caducada-hasta-finales-de-2025\/#primaryimage"},"thumbnailUrl":"https:\/\/www.quebakan.com\/v15\/wp-content\/uploads\/2025\/12\/Foto-Recofarma.jpg","articleSection":["Noticias"],"inLanguage":"es"},{"@type":"WebPage","@id":"https:\/\/www.quebakan.com\/v15\/quito-y-guayaquil-contaran-con-contenedores-para-recoleccion-de-medicina-caducada-hasta-finales-de-2025\/","url":"https:\/\/www.quebakan.com\/v15\/quito-y-guayaquil-contaran-con-contenedores-para-recoleccion-de-medicina-caducada-hasta-finales-de-2025\/","name":"Quito y Guayaquil contar\u00e1n con contenedores para recolecci\u00f3n de medicina caducada hasta finales de 2025 &#8211; QUEBAKAN.COM 2026: Noticias, Eventos, Conciertos y mucho m\u00e1s....","isPartOf":{"@id":"https:\/\/www.quebakan.com\/v15\/#website"},"primaryImageOfPage":{"@id":"https:\/\/www.quebakan.com\/v15\/quito-y-guayaquil-contaran-con-contenedores-para-recoleccion-de-medicina-caducada-hasta-finales-de-2025\/#primaryimage"},"image":{"@id":"https:\/\/www.quebakan.com\/v15\/quito-y-guayaquil-contaran-con-contenedores-para-recoleccion-de-medicina-caducada-hasta-finales-de-2025\/#primaryimage"},"thumbnailUrl":"https:\/\/www.quebakan.com\/v15\/wp-content\/uploads\/2025\/12\/Foto-Recofarma.jpg","datePublished":"2025-12-02T17:26:31+00:00","breadcrumb":{"@id":"https:\/\/www.quebakan.com\/v15\/quito-y-guayaquil-contaran-con-contenedores-para-recoleccion-de-medicina-caducada-hasta-finales-de-2025\/#breadcrumb"},"inLanguage":"es","potentialAction":[{"@type":"ReadAction","target":["https:\/\/www.quebakan.com\/v15\/quito-y-guayaquil-contaran-con-contenedores-para-recoleccion-de-medicina-caducada-hasta-finales-de-2025\/"]}]},{"@type":"ImageObject","inLanguage":"es","@id":"https:\/\/www.quebakan.com\/v15\/quito-y-guayaquil-contaran-con-contenedores-para-recoleccion-de-medicina-caducada-hasta-finales-de-2025\/#primaryimage","url":"https:\/\/www.quebakan.com\/v15\/wp-content\/uploads\/2025\/12\/Foto-Recofarma.jpg","contentUrl":"https:\/\/www.quebakan.com\/v15\/wp-content\/uploads\/2025\/12\/Foto-Recofarma.jpg","width":700,"height":525},{"@type":"BreadcrumbList","@id":"https:\/\/www.quebakan.com\/v15\/quito-y-guayaquil-contaran-con-contenedores-para-recoleccion-de-medicina-caducada-hasta-finales-de-2025\/#breadcrumb","itemListElement":[{"@type":"ListItem","position":1,"name":"Portada","item":"https:\/\/www.quebakan.com\/v15\/"},{"@type":"ListItem","position":2,"name":"Quito y Guayaquil contar\u00e1n con contenedores para recolecci\u00f3n de medicina caducada hasta finales de 2025"}]},{"@type":"WebSite","@id":"https:\/\/www.quebakan.com\/v15\/#website","url":"https:\/\/www.quebakan.com\/v15\/","name":"QUEBAKAN","description":"..","publisher":{"@id":"https:\/\/www.quebakan.com\/v15\/#organization"},"potentialAction":[{"@type":"SearchAction","target":{"@type":"EntryPoint","urlTemplate":"https:\/\/www.quebakan.com\/v15\/?s={search_term_string}"},"query-input":{"@type":"PropertyValueSpecification","valueRequired":true,"valueName":"search_term_string"}}],"inLanguage":"es"},{"@type":"Organization","@id":"https:\/\/www.quebakan.com\/v15\/#organization","name":"Quebakan.com","url":"https:\/\/www.quebakan.com\/v15\/","logo":{"@type":"ImageObject","inLanguage":"es","@id":"https:\/\/www.quebakan.com\/v15\/#\/schema\/logo\/image\/","url":"https:\/\/www.quebakan.com\/v15\/wp-content\/uploads\/2023\/07\/logoquebakanenero2021.jpg","contentUrl":"https:\/\/www.quebakan.com\/v15\/wp-content\/uploads\/2023\/07\/logoquebakanenero2021.jpg","width":1920,"height":1080,"caption":"Quebakan.com"},"image":{"@id":"https:\/\/www.quebakan.com\/v15\/#\/schema\/logo\/image\/"},"sameAs":["http:\/\/www.facebook.com\/quebakan","https:\/\/x.com\/quebakanec","http:\/\/www.instagram.com\/quebakan","http:\/\/www.youtube.com\/quebakan1"]},{"@type":"Person","@id":"https:\/\/www.quebakan.com\/v15\/#\/schema\/person\/d90fa9f9cfa81eb8ace9811e5b7b9118","name":"Erick Villafuerte","image":{"@type":"ImageObject","inLanguage":"es","@id":"https:\/\/www.quebakan.com\/v15\/wp-content\/uploads\/avatars\/4\/1731297654-bpfull.png","url":"https:\/\/www.quebakan.com\/v15\/wp-content\/uploads\/avatars\/4\/1731297654-bpfull.png","contentUrl":"https:\/\/www.quebakan.com\/v15\/wp-content\/uploads\/avatars\/4\/1731297654-bpfull.png","caption":"Erick Villafuerte"}}]}},"_links":{"self":[{"href":"https:\/\/www.quebakan.com\/v15\/wp-json\/wp\/v2\/posts\/138068","targetHints":{"allow":["GET"]}}],"collection":[{"href":"https:\/\/www.quebakan.com\/v15\/wp-json\/wp\/v2\/posts"}],"about":[{"href":"https:\/\/www.quebakan.com\/v15\/wp-json\/wp\/v2\/types\/post"}],"author":[{"embeddable":true,"href":"https:\/\/www.quebakan.com\/v15\/wp-json\/wp\/v2\/users\/4"}],"replies":[{"embeddable":true,"href":"https:\/\/www.quebakan.com\/v15\/wp-json\/wp\/v2\/comments?post=138068"}],"version-history":[{"count":1,"href":"https:\/\/www.quebakan.com\/v15\/wp-json\/wp\/v2\/posts\/138068\/revisions"}],"predecessor-version":[{"id":138070,"href":"https:\/\/www.quebakan.com\/v15\/wp-json\/wp\/v2\/posts\/138068\/revisions\/138070"}],"wp:featuredmedia":[{"embeddable":true,"href":"https:\/\/www.quebakan.com\/v15\/wp-json\/wp\/v2\/media\/138069"}],"wp:attachment":[{"href":"https:\/\/www.quebakan.com\/v15\/wp-json\/wp\/v2\/media?parent=138068"}],"wp:term":[{"taxonomy":"category","embeddable":true,"href":"https:\/\/www.quebakan.com\/v15\/wp-json\/wp\/v2\/categories?post=138068"},{"taxonomy":"post_tag","embeddable":true,"href":"https:\/\/www.quebakan.com\/v15\/wp-json\/wp\/v2\/tags?post=138068"}],"curies":[{"name":"wp","href":"https:\/\/api.w.org\/{rel}","templated":true}]}}