{"id":138071,"date":"2025-12-02T12:45:12","date_gmt":"2025-12-02T17:45:12","guid":{"rendered":"https:\/\/www.quebakan.com\/v15\/?p=138071"},"modified":"2025-12-02T12:45:12","modified_gmt":"2025-12-02T17:45:12","slug":"la-productividad-empresarial-en-2026-comienza-en-enero-como-la-ia-sera-la-clave-del-crecimiento-desde-el-primer-trimestre","status":"publish","type":"post","link":"https:\/\/www.quebakan.com\/v15\/la-productividad-empresarial-en-2026-comienza-en-enero-como-la-ia-sera-la-clave-del-crecimiento-desde-el-primer-trimestre\/","title":{"rendered":"La productividad empresarial en 2026 comienza en enero: c\u00f3mo la IA ser\u00e1 la clave del crecimiento desde el primer trimestre"},"content":{"rendered":"<p><img fetchpriority=\"high\" decoding=\"async\" class=\"aligncenter size-full wp-image-138072\" src=\"https:\/\/www.quebakan.com\/v15\/wp-content\/uploads\/2025\/12\/tecnico-en-un-centro-de-datos-que.jpg\" alt=\"\" width=\"700\" height=\"394\" \/><\/p>\n<p style=\"text-align: justify;\"><span style=\"color: #000000;\"><strong>Quito, diciembre 2025.- <\/strong>Seg\u00fan el informe PwC AI Jobs Barometer 2025, las compa\u00f1\u00edas en industrias altamente expuestas a inteligencia artificial han logrado aumentar hasta tres veces el ingreso por empleado respecto a sectores con menor adopci\u00f3n de IA, mientras que los trabajadores con habilidades en IA obtuvieron una prima salarial promedio del 56%. Este panorama demuestra que la IA ya no es una promesa lejana, sino una palanca tangible de productividad y valor agregado para empresas globales.<\/span><\/p>\n<p style=\"text-align: justify;\"><span style=\"color: #000000;\">Mientras gran parte del sector empresarial est\u00e1 definiendo sus presupuestos y metas para el primer trimestre de 2026, los equipos directivos se enfrentan a una demanda creciente de optimizaci\u00f3n y eficiencia. En Ecuador, las empresas reportan que los costos operativos han aumentado en promedio un 30% durante el \u00faltimo a\u00f1o, y que solo el 25% de sus procesos actuales est\u00e1n digitalizados, lo que evidencia una brecha urgente entre planificaci\u00f3n y ejecuci\u00f3n tecnol\u00f3gica.<\/span><\/p>\n<p style=\"text-align: justify;\"><span style=\"color: #000000;\">En este contexto, Tosellmore plantea una visi\u00f3n pr\u00e1ctica: integrar la IA como una herramienta operativa desde enero, no como un piloto experimental que se extiende indefinidamente. La firma ha desarrollado el Framework de Innovaci\u00f3n Sist\u00e9mica y Sostenible (FISS), un modelo propio que permite a las empresas aterrizar la innovaci\u00f3n con estructura, indicadores y retorno medible, sin necesidad de transformaciones profundas iniciales. Este marco facilita que los equipos directivos identifiquen d\u00f3nde est\u00e1n hoy, qu\u00e9 cuellos de botella deben resolver y qu\u00e9 capacidades tecnol\u00f3gicas pueden escalar para generar resultados desde el primer trimestre.<\/span><\/p>\n<p style=\"text-align: justify;\"><span style=\"color: #000000;\"><em>\u201cLas empresas que empiezan el a\u00f1o con claridad tecnol\u00f3gica y foco en productividad van a cerrar 2026 mejor que aquellas que siguen operando bajo modelos reactivos. La IA no reemplaza decisiones: las potencia. Y la ventaja est\u00e1 en quienes act\u00faan primero, no en quienes esperan a tener \u2018todo listo\u2019\u201d<\/em>, afirma Mari\u00e1ngel Hern\u00e1ndez, fundadora de Tosellmore.<\/span><\/p>\n<p style=\"text-align: justify;\"><span style=\"color: #000000;\">En los diagn\u00f3sticos realizados por la consultora, el 90% de las organizaciones ecuatorianas no cuenta con un roadmap de IA, aunque el 80% de los l\u00edderes empresariales proyecta incorporar automatizaci\u00f3n o anal\u00edtica avanzada en 2026. Esto demuestra que existe intenci\u00f3n, pero a\u00fan falta estructura.<\/span><\/p>\n<p style=\"text-align: justify;\"><span style=\"color: #000000;\">Para responder a esta brecha, el enfoque de Tosellmore para el primer trimestre propone que las organizaciones trabajen en tres frentes:<\/span><\/p>\n<ul style=\"text-align: justify;\">\n<li><span style=\"color: #000000;\"><strong>Productividad inmediata:<\/strong> identificaci\u00f3n de procesos automatizables que permitan ahorrar entre un 30-40% de horas correspondientes a trabajo repetitivo al mes por equipo.<\/span><\/li>\n<li><span style=\"color: #000000;\"><strong>Eficiencia operativa: <\/strong>uso de IA para reducir tiempos de aprobaci\u00f3n, an\u00e1lisis y ejecuci\u00f3n en \u00e1reas cr\u00edticas como ventas, marketing, finanzas o servicio al cliente.<\/span><\/li>\n<li><span style=\"color: #000000;\"><strong>Innovaci\u00f3n aplicada:<\/strong> dise\u00f1o de casos de uso que generen nuevas fuentes de ingreso, productos o servicios con ciclos de desarrollo m\u00e1s \u00e1giles.<\/span><\/li>\n<\/ul>\n<p style=\"text-align: justify;\"><span style=\"color: #000000;\">La propuesta se complementa con la creaci\u00f3n de modelos de gobernanza que garanticen que la IA no sea un proyecto aislado, sino una capacidad empresarial continua. Con ello, las empresas pueden iniciar 2026 con claridad operativa, decisiones basadas en datos y un enfoque de crecimiento sostenido desde el primer trimestre.<\/span><\/p>\n","protected":false},"excerpt":{"rendered":"<p>Quito, diciembre 2025.- Seg\u00fan el informe PwC AI Jobs Barometer 2025, las compa\u00f1\u00edas en industrias altamente expuestas a inteligencia artificial han logrado aumentar hasta tres veces el ingreso por empleado respecto a sectores con menor adopci\u00f3n de IA, mientras que los trabajadores con habilidades en IA obtuvieron una prima salarial promedio del 56%. Este panorama [&hellip;]<\/p>\n","protected":false},"author":4,"featured_media":138072,"comment_status":"closed","ping_status":"closed","sticky":false,"template":"","format":"standard","meta":{"_bbp_topic_count":0,"_bbp_reply_count":0,"_bbp_total_topic_count":0,"_bbp_total_reply_count":0,"_bbp_voice_count":0,"_bbp_anonymous_reply_count":0,"_bbp_topic_count_hidden":0,"_bbp_reply_count_hidden":0,"_bbp_forum_subforum_count":0,"buzzeditor_post_format":"","footnotes":""},"categories":[2],"tags":[],"class_list":["post-138071","post","type-post","status-publish","format-standard","has-post-thumbnail","hentry","category-noticias"],"yoast_head":"<!-- This site is optimized with the Yoast SEO plugin v27.5 - https:\/\/yoast.com\/product\/yoast-seo-wordpress\/ -->\n<title>La productividad empresarial en 2026 comienza en enero: c\u00f3mo la IA ser\u00e1 la clave del crecimiento desde el primer trimestre &#8211; QUEBAKAN.COM 2026: Noticias, Eventos, Conciertos y mucho m\u00e1s....<\/title>\n<meta name=\"robots\" content=\"index, follow, max-snippet:-1, max-image-preview:large, max-video-preview:-1\" \/>\n<link rel=\"canonical\" href=\"https:\/\/www.quebakan.com\/v15\/la-productividad-empresarial-en-2026-comienza-en-enero-como-la-ia-sera-la-clave-del-crecimiento-desde-el-primer-trimestre\/\" \/>\n<meta property=\"og:locale\" content=\"es_ES\" \/>\n<meta property=\"og:type\" content=\"article\" \/>\n<meta property=\"og:title\" content=\"La productividad empresarial en 2026 comienza en enero: c\u00f3mo la IA ser\u00e1 la clave del crecimiento desde el primer trimestre &#8211; QUEBAKAN.COM 2026: Noticias, Eventos, Conciertos y mucho m\u00e1s....\" \/>\n<meta property=\"og:description\" content=\"Quito, diciembre 2025.- Seg\u00fan el informe PwC AI Jobs Barometer 2025, las compa\u00f1\u00edas en industrias altamente expuestas a inteligencia artificial han logrado aumentar hasta tres veces el ingreso por empleado respecto a sectores con menor adopci\u00f3n de IA, mientras que los trabajadores con habilidades en IA obtuvieron una prima salarial promedio del 56%. Este panorama [&hellip;]\" \/>\n<meta property=\"og:url\" content=\"https:\/\/www.quebakan.com\/v15\/la-productividad-empresarial-en-2026-comienza-en-enero-como-la-ia-sera-la-clave-del-crecimiento-desde-el-primer-trimestre\/\" \/>\n<meta property=\"og:site_name\" content=\"QUEBAKAN.COM 2026: Noticias, Eventos, Conciertos y mucho m\u00e1s....\" \/>\n<meta property=\"article:publisher\" content=\"http:\/\/www.facebook.com\/quebakan\" \/>\n<meta property=\"article:published_time\" content=\"2025-12-02T17:45:12+00:00\" \/>\n<meta property=\"og:image\" content=\"https:\/\/www.quebakan.com\/v15\/wp-content\/uploads\/2025\/12\/tecnico-en-un-centro-de-datos-que.jpg\" \/>\n\t<meta property=\"og:image:width\" content=\"700\" \/>\n\t<meta property=\"og:image:height\" content=\"394\" \/>\n\t<meta property=\"og:image:type\" content=\"image\/jpeg\" \/>\n<meta name=\"author\" content=\"Erick Villafuerte\" \/>\n<meta name=\"twitter:card\" content=\"summary_large_image\" \/>\n<meta name=\"twitter:creator\" content=\"@quebakanec\" \/>\n<meta name=\"twitter:site\" content=\"@quebakanec\" \/>\n<meta name=\"twitter:label1\" content=\"Escrito por\" \/>\n\t<meta name=\"twitter:data1\" content=\"Erick Villafuerte\" \/>\n\t<meta name=\"twitter:label2\" content=\"Tiempo de lectura\" \/>\n\t<meta name=\"twitter:data2\" content=\"3 minutos\" \/>\n<script type=\"application\/ld+json\" class=\"yoast-schema-graph\">{\"@context\":\"https:\\\/\\\/schema.org\",\"@graph\":[{\"@type\":\"Article\",\"@id\":\"https:\\\/\\\/www.quebakan.com\\\/v15\\\/la-productividad-empresarial-en-2026-comienza-en-enero-como-la-ia-sera-la-clave-del-crecimiento-desde-el-primer-trimestre\\\/#article\",\"isPartOf\":{\"@id\":\"https:\\\/\\\/www.quebakan.com\\\/v15\\\/la-productividad-empresarial-en-2026-comienza-en-enero-como-la-ia-sera-la-clave-del-crecimiento-desde-el-primer-trimestre\\\/\"},\"author\":{\"name\":\"Erick Villafuerte\",\"@id\":\"https:\\\/\\\/www.quebakan.com\\\/v15\\\/#\\\/schema\\\/person\\\/d90fa9f9cfa81eb8ace9811e5b7b9118\"},\"headline\":\"La productividad empresarial en 2026 comienza en enero: c\u00f3mo la IA ser\u00e1 la clave del crecimiento desde el primer trimestre\",\"datePublished\":\"2025-12-02T17:45:12+00:00\",\"mainEntityOfPage\":{\"@id\":\"https:\\\/\\\/www.quebakan.com\\\/v15\\\/la-productividad-empresarial-en-2026-comienza-en-enero-como-la-ia-sera-la-clave-del-crecimiento-desde-el-primer-trimestre\\\/\"},\"wordCount\":525,\"publisher\":{\"@id\":\"https:\\\/\\\/www.quebakan.com\\\/v15\\\/#organization\"},\"image\":{\"@id\":\"https:\\\/\\\/www.quebakan.com\\\/v15\\\/la-productividad-empresarial-en-2026-comienza-en-enero-como-la-ia-sera-la-clave-del-crecimiento-desde-el-primer-trimestre\\\/#primaryimage\"},\"thumbnailUrl\":\"https:\\\/\\\/www.quebakan.com\\\/v15\\\/wp-content\\\/uploads\\\/2025\\\/12\\\/tecnico-en-un-centro-de-datos-que.jpg\",\"articleSection\":[\"Noticias\"],\"inLanguage\":\"es\"},{\"@type\":\"WebPage\",\"@id\":\"https:\\\/\\\/www.quebakan.com\\\/v15\\\/la-productividad-empresarial-en-2026-comienza-en-enero-como-la-ia-sera-la-clave-del-crecimiento-desde-el-primer-trimestre\\\/\",\"url\":\"https:\\\/\\\/www.quebakan.com\\\/v15\\\/la-productividad-empresarial-en-2026-comienza-en-enero-como-la-ia-sera-la-clave-del-crecimiento-desde-el-primer-trimestre\\\/\",\"name\":\"La productividad empresarial en 2026 comienza en enero: c\u00f3mo la IA ser\u00e1 la clave del crecimiento desde el primer trimestre &#8211; QUEBAKAN.COM 2026: Noticias, Eventos, Conciertos y mucho m\u00e1s....\",\"isPartOf\":{\"@id\":\"https:\\\/\\\/www.quebakan.com\\\/v15\\\/#website\"},\"primaryImageOfPage\":{\"@id\":\"https:\\\/\\\/www.quebakan.com\\\/v15\\\/la-productividad-empresarial-en-2026-comienza-en-enero-como-la-ia-sera-la-clave-del-crecimiento-desde-el-primer-trimestre\\\/#primaryimage\"},\"image\":{\"@id\":\"https:\\\/\\\/www.quebakan.com\\\/v15\\\/la-productividad-empresarial-en-2026-comienza-en-enero-como-la-ia-sera-la-clave-del-crecimiento-desde-el-primer-trimestre\\\/#primaryimage\"},\"thumbnailUrl\":\"https:\\\/\\\/www.quebakan.com\\\/v15\\\/wp-content\\\/uploads\\\/2025\\\/12\\\/tecnico-en-un-centro-de-datos-que.jpg\",\"datePublished\":\"2025-12-02T17:45:12+00:00\",\"breadcrumb\":{\"@id\":\"https:\\\/\\\/www.quebakan.com\\\/v15\\\/la-productividad-empresarial-en-2026-comienza-en-enero-como-la-ia-sera-la-clave-del-crecimiento-desde-el-primer-trimestre\\\/#breadcrumb\"},\"inLanguage\":\"es\",\"potentialAction\":[{\"@type\":\"ReadAction\",\"target\":[\"https:\\\/\\\/www.quebakan.com\\\/v15\\\/la-productividad-empresarial-en-2026-comienza-en-enero-como-la-ia-sera-la-clave-del-crecimiento-desde-el-primer-trimestre\\\/\"]}]},{\"@type\":\"ImageObject\",\"inLanguage\":\"es\",\"@id\":\"https:\\\/\\\/www.quebakan.com\\\/v15\\\/la-productividad-empresarial-en-2026-comienza-en-enero-como-la-ia-sera-la-clave-del-crecimiento-desde-el-primer-trimestre\\\/#primaryimage\",\"url\":\"https:\\\/\\\/www.quebakan.com\\\/v15\\\/wp-content\\\/uploads\\\/2025\\\/12\\\/tecnico-en-un-centro-de-datos-que.jpg\",\"contentUrl\":\"https:\\\/\\\/www.quebakan.com\\\/v15\\\/wp-content\\\/uploads\\\/2025\\\/12\\\/tecnico-en-un-centro-de-datos-que.jpg\",\"width\":700,\"height\":394},{\"@type\":\"BreadcrumbList\",\"@id\":\"https:\\\/\\\/www.quebakan.com\\\/v15\\\/la-productividad-empresarial-en-2026-comienza-en-enero-como-la-ia-sera-la-clave-del-crecimiento-desde-el-primer-trimestre\\\/#breadcrumb\",\"itemListElement\":[{\"@type\":\"ListItem\",\"position\":1,\"name\":\"Portada\",\"item\":\"https:\\\/\\\/www.quebakan.com\\\/v15\\\/\"},{\"@type\":\"ListItem\",\"position\":2,\"name\":\"La productividad empresarial en 2026 comienza en enero: c\u00f3mo la IA ser\u00e1 la clave del crecimiento desde el primer trimestre\"}]},{\"@type\":\"WebSite\",\"@id\":\"https:\\\/\\\/www.quebakan.com\\\/v15\\\/#website\",\"url\":\"https:\\\/\\\/www.quebakan.com\\\/v15\\\/\",\"name\":\"QUEBAKAN\",\"description\":\"..\",\"publisher\":{\"@id\":\"https:\\\/\\\/www.quebakan.com\\\/v15\\\/#organization\"},\"potentialAction\":[{\"@type\":\"SearchAction\",\"target\":{\"@type\":\"EntryPoint\",\"urlTemplate\":\"https:\\\/\\\/www.quebakan.com\\\/v15\\\/?s={search_term_string}\"},\"query-input\":{\"@type\":\"PropertyValueSpecification\",\"valueRequired\":true,\"valueName\":\"search_term_string\"}}],\"inLanguage\":\"es\"},{\"@type\":\"Organization\",\"@id\":\"https:\\\/\\\/www.quebakan.com\\\/v15\\\/#organization\",\"name\":\"Quebakan.com\",\"url\":\"https:\\\/\\\/www.quebakan.com\\\/v15\\\/\",\"logo\":{\"@type\":\"ImageObject\",\"inLanguage\":\"es\",\"@id\":\"https:\\\/\\\/www.quebakan.com\\\/v15\\\/#\\\/schema\\\/logo\\\/image\\\/\",\"url\":\"https:\\\/\\\/www.quebakan.com\\\/v15\\\/wp-content\\\/uploads\\\/2023\\\/07\\\/logoquebakanenero2021.jpg\",\"contentUrl\":\"https:\\\/\\\/www.quebakan.com\\\/v15\\\/wp-content\\\/uploads\\\/2023\\\/07\\\/logoquebakanenero2021.jpg\",\"width\":1920,\"height\":1080,\"caption\":\"Quebakan.com\"},\"image\":{\"@id\":\"https:\\\/\\\/www.quebakan.com\\\/v15\\\/#\\\/schema\\\/logo\\\/image\\\/\"},\"sameAs\":[\"http:\\\/\\\/www.facebook.com\\\/quebakan\",\"https:\\\/\\\/x.com\\\/quebakanec\",\"http:\\\/\\\/www.instagram.com\\\/quebakan\",\"http:\\\/\\\/www.youtube.com\\\/quebakan1\"]},{\"@type\":\"Person\",\"@id\":\"https:\\\/\\\/www.quebakan.com\\\/v15\\\/#\\\/schema\\\/person\\\/d90fa9f9cfa81eb8ace9811e5b7b9118\",\"name\":\"Erick Villafuerte\",\"image\":{\"@type\":\"ImageObject\",\"inLanguage\":\"es\",\"@id\":\"https:\\\/\\\/www.quebakan.com\\\/v15\\\/wp-content\\\/uploads\\\/avatars\\\/4\\\/1731297654-bpfull.png\",\"url\":\"https:\\\/\\\/www.quebakan.com\\\/v15\\\/wp-content\\\/uploads\\\/avatars\\\/4\\\/1731297654-bpfull.png\",\"contentUrl\":\"https:\\\/\\\/www.quebakan.com\\\/v15\\\/wp-content\\\/uploads\\\/avatars\\\/4\\\/1731297654-bpfull.png\",\"caption\":\"Erick Villafuerte\"}}]}<\/script>\n<!-- \/ Yoast SEO plugin. -->","yoast_head_json":{"title":"La productividad empresarial en 2026 comienza en enero: c\u00f3mo la IA ser\u00e1 la clave del crecimiento desde el primer trimestre &#8211; QUEBAKAN.COM 2026: Noticias, Eventos, Conciertos y mucho m\u00e1s....","robots":{"index":"index","follow":"follow","max-snippet":"max-snippet:-1","max-image-preview":"max-image-preview:large","max-video-preview":"max-video-preview:-1"},"canonical":"https:\/\/www.quebakan.com\/v15\/la-productividad-empresarial-en-2026-comienza-en-enero-como-la-ia-sera-la-clave-del-crecimiento-desde-el-primer-trimestre\/","og_locale":"es_ES","og_type":"article","og_title":"La productividad empresarial en 2026 comienza en enero: c\u00f3mo la IA ser\u00e1 la clave del crecimiento desde el primer trimestre &#8211; QUEBAKAN.COM 2026: Noticias, Eventos, Conciertos y mucho m\u00e1s....","og_description":"Quito, diciembre 2025.- Seg\u00fan el informe PwC AI Jobs Barometer 2025, las compa\u00f1\u00edas en industrias altamente expuestas a inteligencia artificial han logrado aumentar hasta tres veces el ingreso por empleado respecto a sectores con menor adopci\u00f3n de IA, mientras que los trabajadores con habilidades en IA obtuvieron una prima salarial promedio del 56%. Este panorama [&hellip;]","og_url":"https:\/\/www.quebakan.com\/v15\/la-productividad-empresarial-en-2026-comienza-en-enero-como-la-ia-sera-la-clave-del-crecimiento-desde-el-primer-trimestre\/","og_site_name":"QUEBAKAN.COM 2026: Noticias, Eventos, Conciertos y mucho m\u00e1s....","article_publisher":"http:\/\/www.facebook.com\/quebakan","article_published_time":"2025-12-02T17:45:12+00:00","og_image":[{"width":700,"height":394,"url":"https:\/\/www.quebakan.com\/v15\/wp-content\/uploads\/2025\/12\/tecnico-en-un-centro-de-datos-que.jpg","type":"image\/jpeg"}],"author":"Erick Villafuerte","twitter_card":"summary_large_image","twitter_creator":"@quebakanec","twitter_site":"@quebakanec","twitter_misc":{"Escrito por":"Erick Villafuerte","Tiempo de lectura":"3 minutos"},"schema":{"@context":"https:\/\/schema.org","@graph":[{"@type":"Article","@id":"https:\/\/www.quebakan.com\/v15\/la-productividad-empresarial-en-2026-comienza-en-enero-como-la-ia-sera-la-clave-del-crecimiento-desde-el-primer-trimestre\/#article","isPartOf":{"@id":"https:\/\/www.quebakan.com\/v15\/la-productividad-empresarial-en-2026-comienza-en-enero-como-la-ia-sera-la-clave-del-crecimiento-desde-el-primer-trimestre\/"},"author":{"name":"Erick Villafuerte","@id":"https:\/\/www.quebakan.com\/v15\/#\/schema\/person\/d90fa9f9cfa81eb8ace9811e5b7b9118"},"headline":"La productividad empresarial en 2026 comienza en enero: c\u00f3mo la IA ser\u00e1 la clave del crecimiento desde el primer trimestre","datePublished":"2025-12-02T17:45:12+00:00","mainEntityOfPage":{"@id":"https:\/\/www.quebakan.com\/v15\/la-productividad-empresarial-en-2026-comienza-en-enero-como-la-ia-sera-la-clave-del-crecimiento-desde-el-primer-trimestre\/"},"wordCount":525,"publisher":{"@id":"https:\/\/www.quebakan.com\/v15\/#organization"},"image":{"@id":"https:\/\/www.quebakan.com\/v15\/la-productividad-empresarial-en-2026-comienza-en-enero-como-la-ia-sera-la-clave-del-crecimiento-desde-el-primer-trimestre\/#primaryimage"},"thumbnailUrl":"https:\/\/www.quebakan.com\/v15\/wp-content\/uploads\/2025\/12\/tecnico-en-un-centro-de-datos-que.jpg","articleSection":["Noticias"],"inLanguage":"es"},{"@type":"WebPage","@id":"https:\/\/www.quebakan.com\/v15\/la-productividad-empresarial-en-2026-comienza-en-enero-como-la-ia-sera-la-clave-del-crecimiento-desde-el-primer-trimestre\/","url":"https:\/\/www.quebakan.com\/v15\/la-productividad-empresarial-en-2026-comienza-en-enero-como-la-ia-sera-la-clave-del-crecimiento-desde-el-primer-trimestre\/","name":"La productividad empresarial en 2026 comienza en enero: c\u00f3mo la IA ser\u00e1 la clave del crecimiento desde el primer trimestre &#8211; QUEBAKAN.COM 2026: Noticias, Eventos, Conciertos y mucho m\u00e1s....","isPartOf":{"@id":"https:\/\/www.quebakan.com\/v15\/#website"},"primaryImageOfPage":{"@id":"https:\/\/www.quebakan.com\/v15\/la-productividad-empresarial-en-2026-comienza-en-enero-como-la-ia-sera-la-clave-del-crecimiento-desde-el-primer-trimestre\/#primaryimage"},"image":{"@id":"https:\/\/www.quebakan.com\/v15\/la-productividad-empresarial-en-2026-comienza-en-enero-como-la-ia-sera-la-clave-del-crecimiento-desde-el-primer-trimestre\/#primaryimage"},"thumbnailUrl":"https:\/\/www.quebakan.com\/v15\/wp-content\/uploads\/2025\/12\/tecnico-en-un-centro-de-datos-que.jpg","datePublished":"2025-12-02T17:45:12+00:00","breadcrumb":{"@id":"https:\/\/www.quebakan.com\/v15\/la-productividad-empresarial-en-2026-comienza-en-enero-como-la-ia-sera-la-clave-del-crecimiento-desde-el-primer-trimestre\/#breadcrumb"},"inLanguage":"es","potentialAction":[{"@type":"ReadAction","target":["https:\/\/www.quebakan.com\/v15\/la-productividad-empresarial-en-2026-comienza-en-enero-como-la-ia-sera-la-clave-del-crecimiento-desde-el-primer-trimestre\/"]}]},{"@type":"ImageObject","inLanguage":"es","@id":"https:\/\/www.quebakan.com\/v15\/la-productividad-empresarial-en-2026-comienza-en-enero-como-la-ia-sera-la-clave-del-crecimiento-desde-el-primer-trimestre\/#primaryimage","url":"https:\/\/www.quebakan.com\/v15\/wp-content\/uploads\/2025\/12\/tecnico-en-un-centro-de-datos-que.jpg","contentUrl":"https:\/\/www.quebakan.com\/v15\/wp-content\/uploads\/2025\/12\/tecnico-en-un-centro-de-datos-que.jpg","width":700,"height":394},{"@type":"BreadcrumbList","@id":"https:\/\/www.quebakan.com\/v15\/la-productividad-empresarial-en-2026-comienza-en-enero-como-la-ia-sera-la-clave-del-crecimiento-desde-el-primer-trimestre\/#breadcrumb","itemListElement":[{"@type":"ListItem","position":1,"name":"Portada","item":"https:\/\/www.quebakan.com\/v15\/"},{"@type":"ListItem","position":2,"name":"La productividad empresarial en 2026 comienza en enero: c\u00f3mo la IA ser\u00e1 la clave del crecimiento desde el primer trimestre"}]},{"@type":"WebSite","@id":"https:\/\/www.quebakan.com\/v15\/#website","url":"https:\/\/www.quebakan.com\/v15\/","name":"QUEBAKAN","description":"..","publisher":{"@id":"https:\/\/www.quebakan.com\/v15\/#organization"},"potentialAction":[{"@type":"SearchAction","target":{"@type":"EntryPoint","urlTemplate":"https:\/\/www.quebakan.com\/v15\/?s={search_term_string}"},"query-input":{"@type":"PropertyValueSpecification","valueRequired":true,"valueName":"search_term_string"}}],"inLanguage":"es"},{"@type":"Organization","@id":"https:\/\/www.quebakan.com\/v15\/#organization","name":"Quebakan.com","url":"https:\/\/www.quebakan.com\/v15\/","logo":{"@type":"ImageObject","inLanguage":"es","@id":"https:\/\/www.quebakan.com\/v15\/#\/schema\/logo\/image\/","url":"https:\/\/www.quebakan.com\/v15\/wp-content\/uploads\/2023\/07\/logoquebakanenero2021.jpg","contentUrl":"https:\/\/www.quebakan.com\/v15\/wp-content\/uploads\/2023\/07\/logoquebakanenero2021.jpg","width":1920,"height":1080,"caption":"Quebakan.com"},"image":{"@id":"https:\/\/www.quebakan.com\/v15\/#\/schema\/logo\/image\/"},"sameAs":["http:\/\/www.facebook.com\/quebakan","https:\/\/x.com\/quebakanec","http:\/\/www.instagram.com\/quebakan","http:\/\/www.youtube.com\/quebakan1"]},{"@type":"Person","@id":"https:\/\/www.quebakan.com\/v15\/#\/schema\/person\/d90fa9f9cfa81eb8ace9811e5b7b9118","name":"Erick Villafuerte","image":{"@type":"ImageObject","inLanguage":"es","@id":"https:\/\/www.quebakan.com\/v15\/wp-content\/uploads\/avatars\/4\/1731297654-bpfull.png","url":"https:\/\/www.quebakan.com\/v15\/wp-content\/uploads\/avatars\/4\/1731297654-bpfull.png","contentUrl":"https:\/\/www.quebakan.com\/v15\/wp-content\/uploads\/avatars\/4\/1731297654-bpfull.png","caption":"Erick Villafuerte"}}]}},"_links":{"self":[{"href":"https:\/\/www.quebakan.com\/v15\/wp-json\/wp\/v2\/posts\/138071","targetHints":{"allow":["GET"]}}],"collection":[{"href":"https:\/\/www.quebakan.com\/v15\/wp-json\/wp\/v2\/posts"}],"about":[{"href":"https:\/\/www.quebakan.com\/v15\/wp-json\/wp\/v2\/types\/post"}],"author":[{"embeddable":true,"href":"https:\/\/www.quebakan.com\/v15\/wp-json\/wp\/v2\/users\/4"}],"replies":[{"embeddable":true,"href":"https:\/\/www.quebakan.com\/v15\/wp-json\/wp\/v2\/comments?post=138071"}],"version-history":[{"count":1,"href":"https:\/\/www.quebakan.com\/v15\/wp-json\/wp\/v2\/posts\/138071\/revisions"}],"predecessor-version":[{"id":138073,"href":"https:\/\/www.quebakan.com\/v15\/wp-json\/wp\/v2\/posts\/138071\/revisions\/138073"}],"wp:featuredmedia":[{"embeddable":true,"href":"https:\/\/www.quebakan.com\/v15\/wp-json\/wp\/v2\/media\/138072"}],"wp:attachment":[{"href":"https:\/\/www.quebakan.com\/v15\/wp-json\/wp\/v2\/media?parent=138071"}],"wp:term":[{"taxonomy":"category","embeddable":true,"href":"https:\/\/www.quebakan.com\/v15\/wp-json\/wp\/v2\/categories?post=138071"},{"taxonomy":"post_tag","embeddable":true,"href":"https:\/\/www.quebakan.com\/v15\/wp-json\/wp\/v2\/tags?post=138071"}],"curies":[{"name":"wp","href":"https:\/\/api.w.org\/{rel}","templated":true}]}}