{"id":138075,"date":"2025-12-02T13:44:54","date_gmt":"2025-12-02T18:44:54","guid":{"rendered":"https:\/\/www.quebakan.com\/v15\/?p=138075"},"modified":"2025-12-02T13:44:54","modified_gmt":"2025-12-02T18:44:54","slug":"brenda-lanza-el-tema-capullito-un-canto-en-la-mitad-del-mundo","status":"publish","type":"post","link":"https:\/\/www.quebakan.com\/v15\/brenda-lanza-el-tema-capullito-un-canto-en-la-mitad-del-mundo\/","title":{"rendered":"BRENDA lanza el tema \u201cCapullito\u201d   Un canto en la Mitad del Mundo"},"content":{"rendered":"<p><img fetchpriority=\"high\" decoding=\"async\" class=\"aligncenter size-full wp-image-138076\" src=\"https:\/\/www.quebakan.com\/v15\/wp-content\/uploads\/2025\/12\/BRENDA-Foto-4.jpg\" alt=\"\" width=\"500\" height=\"700\" srcset=\"https:\/\/www.quebakan.com\/v15\/wp-content\/uploads\/2025\/12\/BRENDA-Foto-4.jpg 500w, https:\/\/www.quebakan.com\/v15\/wp-content\/uploads\/2025\/12\/BRENDA-Foto-4-360x504.jpg 360w\" sizes=\"(max-width: 500px) 100vw, 500px\" \/><\/p>\n<p class=\"x_gmail-MsoNoSpacing\" style=\"text-align: justify;\"><span style=\"color: #000000;\" data-olk-copy-source=\"MessageBody\">BRENDA, cantautora ecuatoriana, ha hecho de la memoria y de las ra\u00edces el centro de su propuesta art\u00edstica. Nacida en Guayaquil hace 28 a\u00f1os, de padre otavale\u00f1o y madre guayaquile\u00f1a, su vida transcurri\u00f3 entre la Sierra y la Costa: entre la machica y el ceviche, entre historias de abuelos y canciones de la tierra. Desde ni\u00f1a encontr\u00f3 en la m\u00fasica un puente para honrar esa dualidad cultural, que hoy florece en melod\u00edas donde san juanitos, bombas, boleros y pasillos dialogan con una producci\u00f3n contempor\u00e1nea.<\/span><\/p>\n<p class=\"x_gmail-MsoNoSpacing\" style=\"text-align: justify;\"><span style=\"color: #000000;\">Tras recorrer diversos escenarios en todo el pa\u00eds, BRENDA presenta su nuevo sencillo que cuenta con un video clip\u00a0<b>\u201cCapullito\u201d<\/b>, parte de su EP\u00a0<i>En la Tierra<\/i>. Filmado en el Museo Solar Quitsato, un observatorio astron\u00f3mico natural levantado en la verdadera Mitad del Mundo y rodeado del segundo jard\u00edn de pencos m\u00e1s grande de Latinoam\u00e9rica.<\/span><\/p>\n<p class=\"x_gmail-MsoNoSpacing\" style=\"text-align: justify;\"><span style=\"color: #000000;\">Con este lanzamiento, BRENDA busca sembrar memoria y despertar conciencia a trav\u00e9s de dos ejes fundamentales:<\/span><\/p>\n<ol style=\"text-align: justify;\" start=\"1\" type=\"1\">\n<li class=\"x_MsoNormal\"><span style=\"color: #000000;\"><b>La sacralidad del espacio de Quitsato<\/b>, punto donde la ciencia y la cosmovisi\u00f3n ancestral se encuentran bajo la l\u00ednea solar que cruza el Ecuador.<\/span><\/li>\n<li class=\"x_MsoNormal\"><span style=\"color: #000000;\"><b>La pr\u00e1ctica ancestral del Chawarmiski<\/b>, dulce y bebida tradicional obtenida del penco (Agave americana). Su recolecci\u00f3n \u2014un \u201corde\u00f1o\u201d de la tierra\u2014 conserva un conocimiento heredado por generaciones, lleno de beneficios medicinales y nutricionales, hoy revitalizado para fortalecer la identidad cultural y gastron\u00f3mica andina.<\/span><\/li>\n<\/ol>\n<p class=\"x_gmail-MsoNoSpacing\" style=\"text-align: justify;\"><span style=\"color: #000000;\"><i>En la Tierra<\/i>, grabado \u00edntegramente en Quito, explora la fuerza natural de los ritmos ecuatorianos con un lenguaje actual. El EP fue producido en Ear Worm Studio bajo la direcci\u00f3n de\u00a0<b>Danilo Arroyo<\/b>, cuenta con la participaci\u00f3n del\u00a0<b>\u201cRequinto de Oro\u201d Mario Andr\u00e9s Guti\u00e9rrez<\/b>, fue mezclado por\u00a0<b>Carlos J\u00e1come<\/b>\u00a0y masterizado por\u00a0<b>Nicol\u00e1s Arauz<\/b>.<\/span><\/p>\n<p class=\"x_gmail-MsoNoSpacing\" style=\"text-align: justify;\"><span style=\"color: #000000;\">Con\u00a0<b>\u201cCapullito\u201d<\/b>, BRENDA reafirma su voz como un puente entre lo ancestral y lo contempor\u00e1neo. Una voz que germina desde el Ecuador hacia el mundo.<\/span><\/p>\n<p class=\"x_gmail-MsoNoSpacing\" style=\"text-align: justify;\"><span style=\"color: #000000;\">En los \u00faltimos a\u00f1os, su m\u00fasica ha resonado en importantes escenarios y festivales:<\/span><\/p>\n<ul style=\"text-align: justify;\" type=\"disc\">\n<li class=\"x_MsoNormal\"><span style=\"color: #000000;\">Artista invitada en la gira nacional\u00a0<b>\u201cEn Primer Plano\u201d 2024<\/b>\u00a0de Juan Fernando Velasco, recorriendo los teatros m\u00e1s destacados del pa\u00eds.<\/span><\/li>\n<li class=\"x_MsoNormal\"><span style=\"color: #000000;\">Presentaci\u00f3n en el\u00a0<b>Festival CaranFest 2024<\/b>\u00a0en Ibarra, compartiendo escenario con Marqu\u00e9s, Papaya Dada y Guardarraya.<\/span><\/li>\n<li class=\"x_MsoNormal\"><span style=\"color: #000000;\">Participaci\u00f3n en el\u00a0<b>New York Fashion Week \u2013 Edici\u00f3n Ecuador 2025<\/b>.<\/span><\/li>\n<li class=\"x_MsoNormal\"><span style=\"color: #000000;\">Presencia en eventos y campa\u00f1as internacionales como el\u00a0<b>Nat Geo Travel Food Festival<\/b>\u00a0en Londres y la campa\u00f1a\u00a0<b>\u201cLa Toquillera\u201d<\/b>\u00a0de CUYANA.<\/span><\/li>\n<\/ul>\n<p class=\"x_gmail-MsoNoSpacing\" style=\"text-align: justify;\"><span style=\"color: #000000;\">El EP\u00a0<i>En la Tierra<\/i>\u00a0fue ganador de los fondos no reembolsables del\u00a0<b>Instituto de Fomento a la Creatividad y la Innovaci\u00f3n<\/b>, en la l\u00ednea de Producci\u00f3n (2da convocatoria: EP M\u00fasica Popular\/Acad\u00e9mica + Videoclip).<\/span><\/p>\n<p class=\"x_gmail-MsoNoSpacing\" style=\"text-align: justify;\"><span style=\"color: #000000;\">Hoy, con el estreno de\u00a0<b>\u201cCapullito\u201d<\/b>, BRENDA invita a volver la mirada hacia la tierra, sus frutos y sus s\u00edmbolos. A recordar que el Ecuador es ra\u00edz, canto y memoria viva.<\/span><\/p>\n<p class=\"x_MsoNormal\" style=\"text-align: justify;\" align=\"left\"><span style=\"color: #000000;\"><b>Redes sociales:<\/b><\/span><br \/>\n<span style=\"color: #000000;\">Instagram | TikTok | YouTube:\u00a0<b>@brendamusica<\/b><\/span><\/p>\n","protected":false},"excerpt":{"rendered":"<p>BRENDA, cantautora ecuatoriana, ha hecho de la memoria y de las ra\u00edces el centro de su propuesta art\u00edstica. Nacida en Guayaquil hace 28 a\u00f1os, de padre otavale\u00f1o y madre guayaquile\u00f1a, su vida transcurri\u00f3 entre la Sierra y la Costa: entre la machica y el ceviche, entre historias de abuelos y canciones de la tierra. Desde [&hellip;]<\/p>\n","protected":false},"author":4,"featured_media":138076,"comment_status":"closed","ping_status":"closed","sticky":false,"template":"","format":"standard","meta":{"_bbp_topic_count":0,"_bbp_reply_count":0,"_bbp_total_topic_count":0,"_bbp_total_reply_count":0,"_bbp_voice_count":0,"_bbp_anonymous_reply_count":0,"_bbp_topic_count_hidden":0,"_bbp_reply_count_hidden":0,"_bbp_forum_subforum_count":0,"buzzeditor_post_format":"","footnotes":""},"categories":[2],"tags":[],"class_list":["post-138075","post","type-post","status-publish","format-standard","has-post-thumbnail","hentry","category-noticias"],"yoast_head":"<!-- This site is optimized with the Yoast SEO plugin v27.5 - https:\/\/yoast.com\/product\/yoast-seo-wordpress\/ -->\n<title>BRENDA lanza el tema \u201cCapullito\u201d  Un canto en la Mitad del Mundo &#8211; QUEBAKAN.COM 2026: Noticias, Eventos, Conciertos y mucho m\u00e1s....<\/title>\n<meta name=\"robots\" content=\"index, follow, max-snippet:-1, max-image-preview:large, max-video-preview:-1\" \/>\n<link rel=\"canonical\" href=\"https:\/\/www.quebakan.com\/v15\/brenda-lanza-el-tema-capullito-un-canto-en-la-mitad-del-mundo\/\" \/>\n<meta property=\"og:locale\" content=\"es_ES\" \/>\n<meta property=\"og:type\" content=\"article\" \/>\n<meta property=\"og:title\" content=\"BRENDA lanza el tema \u201cCapullito\u201d  Un canto en la Mitad del Mundo &#8211; QUEBAKAN.COM 2026: Noticias, Eventos, Conciertos y mucho m\u00e1s....\" \/>\n<meta property=\"og:description\" content=\"BRENDA, cantautora ecuatoriana, ha hecho de la memoria y de las ra\u00edces el centro de su propuesta art\u00edstica. Nacida en Guayaquil hace 28 a\u00f1os, de padre otavale\u00f1o y madre guayaquile\u00f1a, su vida transcurri\u00f3 entre la Sierra y la Costa: entre la machica y el ceviche, entre historias de abuelos y canciones de la tierra. Desde [&hellip;]\" \/>\n<meta property=\"og:url\" content=\"https:\/\/www.quebakan.com\/v15\/brenda-lanza-el-tema-capullito-un-canto-en-la-mitad-del-mundo\/\" \/>\n<meta property=\"og:site_name\" content=\"QUEBAKAN.COM 2026: Noticias, Eventos, Conciertos y mucho m\u00e1s....\" \/>\n<meta property=\"article:publisher\" content=\"http:\/\/www.facebook.com\/quebakan\" \/>\n<meta property=\"article:published_time\" content=\"2025-12-02T18:44:54+00:00\" \/>\n<meta property=\"og:image\" content=\"https:\/\/www.quebakan.com\/v15\/wp-content\/uploads\/2025\/12\/BRENDA-Foto-4.jpg\" \/>\n\t<meta property=\"og:image:width\" content=\"500\" \/>\n\t<meta property=\"og:image:height\" content=\"700\" \/>\n\t<meta property=\"og:image:type\" content=\"image\/jpeg\" \/>\n<meta name=\"author\" content=\"Erick Villafuerte\" \/>\n<meta name=\"twitter:card\" content=\"summary_large_image\" \/>\n<meta name=\"twitter:creator\" content=\"@quebakanec\" \/>\n<meta name=\"twitter:site\" content=\"@quebakanec\" \/>\n<meta name=\"twitter:label1\" content=\"Escrito por\" \/>\n\t<meta name=\"twitter:data1\" content=\"Erick Villafuerte\" \/>\n\t<meta name=\"twitter:label2\" content=\"Tiempo de lectura\" \/>\n\t<meta name=\"twitter:data2\" content=\"3 minutos\" \/>\n<script type=\"application\/ld+json\" class=\"yoast-schema-graph\">{\"@context\":\"https:\\\/\\\/schema.org\",\"@graph\":[{\"@type\":\"Article\",\"@id\":\"https:\\\/\\\/www.quebakan.com\\\/v15\\\/brenda-lanza-el-tema-capullito-un-canto-en-la-mitad-del-mundo\\\/#article\",\"isPartOf\":{\"@id\":\"https:\\\/\\\/www.quebakan.com\\\/v15\\\/brenda-lanza-el-tema-capullito-un-canto-en-la-mitad-del-mundo\\\/\"},\"author\":{\"name\":\"Erick Villafuerte\",\"@id\":\"https:\\\/\\\/www.quebakan.com\\\/v15\\\/#\\\/schema\\\/person\\\/d90fa9f9cfa81eb8ace9811e5b7b9118\"},\"headline\":\"BRENDA lanza el tema \u201cCapullito\u201d Un canto en la Mitad del Mundo\",\"datePublished\":\"2025-12-02T18:44:54+00:00\",\"mainEntityOfPage\":{\"@id\":\"https:\\\/\\\/www.quebakan.com\\\/v15\\\/brenda-lanza-el-tema-capullito-un-canto-en-la-mitad-del-mundo\\\/\"},\"wordCount\":508,\"publisher\":{\"@id\":\"https:\\\/\\\/www.quebakan.com\\\/v15\\\/#organization\"},\"image\":{\"@id\":\"https:\\\/\\\/www.quebakan.com\\\/v15\\\/brenda-lanza-el-tema-capullito-un-canto-en-la-mitad-del-mundo\\\/#primaryimage\"},\"thumbnailUrl\":\"https:\\\/\\\/www.quebakan.com\\\/v15\\\/wp-content\\\/uploads\\\/2025\\\/12\\\/BRENDA-Foto-4.jpg\",\"articleSection\":[\"Noticias\"],\"inLanguage\":\"es\"},{\"@type\":\"WebPage\",\"@id\":\"https:\\\/\\\/www.quebakan.com\\\/v15\\\/brenda-lanza-el-tema-capullito-un-canto-en-la-mitad-del-mundo\\\/\",\"url\":\"https:\\\/\\\/www.quebakan.com\\\/v15\\\/brenda-lanza-el-tema-capullito-un-canto-en-la-mitad-del-mundo\\\/\",\"name\":\"BRENDA lanza el tema \u201cCapullito\u201d Un canto en la Mitad del Mundo &#8211; QUEBAKAN.COM 2026: Noticias, Eventos, Conciertos y mucho m\u00e1s....\",\"isPartOf\":{\"@id\":\"https:\\\/\\\/www.quebakan.com\\\/v15\\\/#website\"},\"primaryImageOfPage\":{\"@id\":\"https:\\\/\\\/www.quebakan.com\\\/v15\\\/brenda-lanza-el-tema-capullito-un-canto-en-la-mitad-del-mundo\\\/#primaryimage\"},\"image\":{\"@id\":\"https:\\\/\\\/www.quebakan.com\\\/v15\\\/brenda-lanza-el-tema-capullito-un-canto-en-la-mitad-del-mundo\\\/#primaryimage\"},\"thumbnailUrl\":\"https:\\\/\\\/www.quebakan.com\\\/v15\\\/wp-content\\\/uploads\\\/2025\\\/12\\\/BRENDA-Foto-4.jpg\",\"datePublished\":\"2025-12-02T18:44:54+00:00\",\"breadcrumb\":{\"@id\":\"https:\\\/\\\/www.quebakan.com\\\/v15\\\/brenda-lanza-el-tema-capullito-un-canto-en-la-mitad-del-mundo\\\/#breadcrumb\"},\"inLanguage\":\"es\",\"potentialAction\":[{\"@type\":\"ReadAction\",\"target\":[\"https:\\\/\\\/www.quebakan.com\\\/v15\\\/brenda-lanza-el-tema-capullito-un-canto-en-la-mitad-del-mundo\\\/\"]}]},{\"@type\":\"ImageObject\",\"inLanguage\":\"es\",\"@id\":\"https:\\\/\\\/www.quebakan.com\\\/v15\\\/brenda-lanza-el-tema-capullito-un-canto-en-la-mitad-del-mundo\\\/#primaryimage\",\"url\":\"https:\\\/\\\/www.quebakan.com\\\/v15\\\/wp-content\\\/uploads\\\/2025\\\/12\\\/BRENDA-Foto-4.jpg\",\"contentUrl\":\"https:\\\/\\\/www.quebakan.com\\\/v15\\\/wp-content\\\/uploads\\\/2025\\\/12\\\/BRENDA-Foto-4.jpg\",\"width\":500,\"height\":700},{\"@type\":\"BreadcrumbList\",\"@id\":\"https:\\\/\\\/www.quebakan.com\\\/v15\\\/brenda-lanza-el-tema-capullito-un-canto-en-la-mitad-del-mundo\\\/#breadcrumb\",\"itemListElement\":[{\"@type\":\"ListItem\",\"position\":1,\"name\":\"Portada\",\"item\":\"https:\\\/\\\/www.quebakan.com\\\/v15\\\/\"},{\"@type\":\"ListItem\",\"position\":2,\"name\":\"BRENDA lanza el tema \u201cCapullito\u201d Un canto en la Mitad del Mundo\"}]},{\"@type\":\"WebSite\",\"@id\":\"https:\\\/\\\/www.quebakan.com\\\/v15\\\/#website\",\"url\":\"https:\\\/\\\/www.quebakan.com\\\/v15\\\/\",\"name\":\"QUEBAKAN\",\"description\":\"..\",\"publisher\":{\"@id\":\"https:\\\/\\\/www.quebakan.com\\\/v15\\\/#organization\"},\"potentialAction\":[{\"@type\":\"SearchAction\",\"target\":{\"@type\":\"EntryPoint\",\"urlTemplate\":\"https:\\\/\\\/www.quebakan.com\\\/v15\\\/?s={search_term_string}\"},\"query-input\":{\"@type\":\"PropertyValueSpecification\",\"valueRequired\":true,\"valueName\":\"search_term_string\"}}],\"inLanguage\":\"es\"},{\"@type\":\"Organization\",\"@id\":\"https:\\\/\\\/www.quebakan.com\\\/v15\\\/#organization\",\"name\":\"Quebakan.com\",\"url\":\"https:\\\/\\\/www.quebakan.com\\\/v15\\\/\",\"logo\":{\"@type\":\"ImageObject\",\"inLanguage\":\"es\",\"@id\":\"https:\\\/\\\/www.quebakan.com\\\/v15\\\/#\\\/schema\\\/logo\\\/image\\\/\",\"url\":\"https:\\\/\\\/www.quebakan.com\\\/v15\\\/wp-content\\\/uploads\\\/2023\\\/07\\\/logoquebakanenero2021.jpg\",\"contentUrl\":\"https:\\\/\\\/www.quebakan.com\\\/v15\\\/wp-content\\\/uploads\\\/2023\\\/07\\\/logoquebakanenero2021.jpg\",\"width\":1920,\"height\":1080,\"caption\":\"Quebakan.com\"},\"image\":{\"@id\":\"https:\\\/\\\/www.quebakan.com\\\/v15\\\/#\\\/schema\\\/logo\\\/image\\\/\"},\"sameAs\":[\"http:\\\/\\\/www.facebook.com\\\/quebakan\",\"https:\\\/\\\/x.com\\\/quebakanec\",\"http:\\\/\\\/www.instagram.com\\\/quebakan\",\"http:\\\/\\\/www.youtube.com\\\/quebakan1\"]},{\"@type\":\"Person\",\"@id\":\"https:\\\/\\\/www.quebakan.com\\\/v15\\\/#\\\/schema\\\/person\\\/d90fa9f9cfa81eb8ace9811e5b7b9118\",\"name\":\"Erick Villafuerte\",\"image\":{\"@type\":\"ImageObject\",\"inLanguage\":\"es\",\"@id\":\"https:\\\/\\\/www.quebakan.com\\\/v15\\\/wp-content\\\/uploads\\\/avatars\\\/4\\\/1731297654-bpfull.png\",\"url\":\"https:\\\/\\\/www.quebakan.com\\\/v15\\\/wp-content\\\/uploads\\\/avatars\\\/4\\\/1731297654-bpfull.png\",\"contentUrl\":\"https:\\\/\\\/www.quebakan.com\\\/v15\\\/wp-content\\\/uploads\\\/avatars\\\/4\\\/1731297654-bpfull.png\",\"caption\":\"Erick Villafuerte\"}}]}<\/script>\n<!-- \/ Yoast SEO plugin. -->","yoast_head_json":{"title":"BRENDA lanza el tema \u201cCapullito\u201d  Un canto en la Mitad del Mundo &#8211; QUEBAKAN.COM 2026: Noticias, Eventos, Conciertos y mucho m\u00e1s....","robots":{"index":"index","follow":"follow","max-snippet":"max-snippet:-1","max-image-preview":"max-image-preview:large","max-video-preview":"max-video-preview:-1"},"canonical":"https:\/\/www.quebakan.com\/v15\/brenda-lanza-el-tema-capullito-un-canto-en-la-mitad-del-mundo\/","og_locale":"es_ES","og_type":"article","og_title":"BRENDA lanza el tema \u201cCapullito\u201d  Un canto en la Mitad del Mundo &#8211; QUEBAKAN.COM 2026: Noticias, Eventos, Conciertos y mucho m\u00e1s....","og_description":"BRENDA, cantautora ecuatoriana, ha hecho de la memoria y de las ra\u00edces el centro de su propuesta art\u00edstica. Nacida en Guayaquil hace 28 a\u00f1os, de padre otavale\u00f1o y madre guayaquile\u00f1a, su vida transcurri\u00f3 entre la Sierra y la Costa: entre la machica y el ceviche, entre historias de abuelos y canciones de la tierra. Desde [&hellip;]","og_url":"https:\/\/www.quebakan.com\/v15\/brenda-lanza-el-tema-capullito-un-canto-en-la-mitad-del-mundo\/","og_site_name":"QUEBAKAN.COM 2026: Noticias, Eventos, Conciertos y mucho m\u00e1s....","article_publisher":"http:\/\/www.facebook.com\/quebakan","article_published_time":"2025-12-02T18:44:54+00:00","og_image":[{"width":500,"height":700,"url":"https:\/\/www.quebakan.com\/v15\/wp-content\/uploads\/2025\/12\/BRENDA-Foto-4.jpg","type":"image\/jpeg"}],"author":"Erick Villafuerte","twitter_card":"summary_large_image","twitter_creator":"@quebakanec","twitter_site":"@quebakanec","twitter_misc":{"Escrito por":"Erick Villafuerte","Tiempo de lectura":"3 minutos"},"schema":{"@context":"https:\/\/schema.org","@graph":[{"@type":"Article","@id":"https:\/\/www.quebakan.com\/v15\/brenda-lanza-el-tema-capullito-un-canto-en-la-mitad-del-mundo\/#article","isPartOf":{"@id":"https:\/\/www.quebakan.com\/v15\/brenda-lanza-el-tema-capullito-un-canto-en-la-mitad-del-mundo\/"},"author":{"name":"Erick Villafuerte","@id":"https:\/\/www.quebakan.com\/v15\/#\/schema\/person\/d90fa9f9cfa81eb8ace9811e5b7b9118"},"headline":"BRENDA lanza el tema \u201cCapullito\u201d Un canto en la Mitad del Mundo","datePublished":"2025-12-02T18:44:54+00:00","mainEntityOfPage":{"@id":"https:\/\/www.quebakan.com\/v15\/brenda-lanza-el-tema-capullito-un-canto-en-la-mitad-del-mundo\/"},"wordCount":508,"publisher":{"@id":"https:\/\/www.quebakan.com\/v15\/#organization"},"image":{"@id":"https:\/\/www.quebakan.com\/v15\/brenda-lanza-el-tema-capullito-un-canto-en-la-mitad-del-mundo\/#primaryimage"},"thumbnailUrl":"https:\/\/www.quebakan.com\/v15\/wp-content\/uploads\/2025\/12\/BRENDA-Foto-4.jpg","articleSection":["Noticias"],"inLanguage":"es"},{"@type":"WebPage","@id":"https:\/\/www.quebakan.com\/v15\/brenda-lanza-el-tema-capullito-un-canto-en-la-mitad-del-mundo\/","url":"https:\/\/www.quebakan.com\/v15\/brenda-lanza-el-tema-capullito-un-canto-en-la-mitad-del-mundo\/","name":"BRENDA lanza el tema \u201cCapullito\u201d Un canto en la Mitad del Mundo &#8211; QUEBAKAN.COM 2026: Noticias, Eventos, Conciertos y mucho m\u00e1s....","isPartOf":{"@id":"https:\/\/www.quebakan.com\/v15\/#website"},"primaryImageOfPage":{"@id":"https:\/\/www.quebakan.com\/v15\/brenda-lanza-el-tema-capullito-un-canto-en-la-mitad-del-mundo\/#primaryimage"},"image":{"@id":"https:\/\/www.quebakan.com\/v15\/brenda-lanza-el-tema-capullito-un-canto-en-la-mitad-del-mundo\/#primaryimage"},"thumbnailUrl":"https:\/\/www.quebakan.com\/v15\/wp-content\/uploads\/2025\/12\/BRENDA-Foto-4.jpg","datePublished":"2025-12-02T18:44:54+00:00","breadcrumb":{"@id":"https:\/\/www.quebakan.com\/v15\/brenda-lanza-el-tema-capullito-un-canto-en-la-mitad-del-mundo\/#breadcrumb"},"inLanguage":"es","potentialAction":[{"@type":"ReadAction","target":["https:\/\/www.quebakan.com\/v15\/brenda-lanza-el-tema-capullito-un-canto-en-la-mitad-del-mundo\/"]}]},{"@type":"ImageObject","inLanguage":"es","@id":"https:\/\/www.quebakan.com\/v15\/brenda-lanza-el-tema-capullito-un-canto-en-la-mitad-del-mundo\/#primaryimage","url":"https:\/\/www.quebakan.com\/v15\/wp-content\/uploads\/2025\/12\/BRENDA-Foto-4.jpg","contentUrl":"https:\/\/www.quebakan.com\/v15\/wp-content\/uploads\/2025\/12\/BRENDA-Foto-4.jpg","width":500,"height":700},{"@type":"BreadcrumbList","@id":"https:\/\/www.quebakan.com\/v15\/brenda-lanza-el-tema-capullito-un-canto-en-la-mitad-del-mundo\/#breadcrumb","itemListElement":[{"@type":"ListItem","position":1,"name":"Portada","item":"https:\/\/www.quebakan.com\/v15\/"},{"@type":"ListItem","position":2,"name":"BRENDA lanza el tema \u201cCapullito\u201d Un canto en la Mitad del Mundo"}]},{"@type":"WebSite","@id":"https:\/\/www.quebakan.com\/v15\/#website","url":"https:\/\/www.quebakan.com\/v15\/","name":"QUEBAKAN","description":"..","publisher":{"@id":"https:\/\/www.quebakan.com\/v15\/#organization"},"potentialAction":[{"@type":"SearchAction","target":{"@type":"EntryPoint","urlTemplate":"https:\/\/www.quebakan.com\/v15\/?s={search_term_string}"},"query-input":{"@type":"PropertyValueSpecification","valueRequired":true,"valueName":"search_term_string"}}],"inLanguage":"es"},{"@type":"Organization","@id":"https:\/\/www.quebakan.com\/v15\/#organization","name":"Quebakan.com","url":"https:\/\/www.quebakan.com\/v15\/","logo":{"@type":"ImageObject","inLanguage":"es","@id":"https:\/\/www.quebakan.com\/v15\/#\/schema\/logo\/image\/","url":"https:\/\/www.quebakan.com\/v15\/wp-content\/uploads\/2023\/07\/logoquebakanenero2021.jpg","contentUrl":"https:\/\/www.quebakan.com\/v15\/wp-content\/uploads\/2023\/07\/logoquebakanenero2021.jpg","width":1920,"height":1080,"caption":"Quebakan.com"},"image":{"@id":"https:\/\/www.quebakan.com\/v15\/#\/schema\/logo\/image\/"},"sameAs":["http:\/\/www.facebook.com\/quebakan","https:\/\/x.com\/quebakanec","http:\/\/www.instagram.com\/quebakan","http:\/\/www.youtube.com\/quebakan1"]},{"@type":"Person","@id":"https:\/\/www.quebakan.com\/v15\/#\/schema\/person\/d90fa9f9cfa81eb8ace9811e5b7b9118","name":"Erick Villafuerte","image":{"@type":"ImageObject","inLanguage":"es","@id":"https:\/\/www.quebakan.com\/v15\/wp-content\/uploads\/avatars\/4\/1731297654-bpfull.png","url":"https:\/\/www.quebakan.com\/v15\/wp-content\/uploads\/avatars\/4\/1731297654-bpfull.png","contentUrl":"https:\/\/www.quebakan.com\/v15\/wp-content\/uploads\/avatars\/4\/1731297654-bpfull.png","caption":"Erick Villafuerte"}}]}},"_links":{"self":[{"href":"https:\/\/www.quebakan.com\/v15\/wp-json\/wp\/v2\/posts\/138075","targetHints":{"allow":["GET"]}}],"collection":[{"href":"https:\/\/www.quebakan.com\/v15\/wp-json\/wp\/v2\/posts"}],"about":[{"href":"https:\/\/www.quebakan.com\/v15\/wp-json\/wp\/v2\/types\/post"}],"author":[{"embeddable":true,"href":"https:\/\/www.quebakan.com\/v15\/wp-json\/wp\/v2\/users\/4"}],"replies":[{"embeddable":true,"href":"https:\/\/www.quebakan.com\/v15\/wp-json\/wp\/v2\/comments?post=138075"}],"version-history":[{"count":1,"href":"https:\/\/www.quebakan.com\/v15\/wp-json\/wp\/v2\/posts\/138075\/revisions"}],"predecessor-version":[{"id":138077,"href":"https:\/\/www.quebakan.com\/v15\/wp-json\/wp\/v2\/posts\/138075\/revisions\/138077"}],"wp:featuredmedia":[{"embeddable":true,"href":"https:\/\/www.quebakan.com\/v15\/wp-json\/wp\/v2\/media\/138076"}],"wp:attachment":[{"href":"https:\/\/www.quebakan.com\/v15\/wp-json\/wp\/v2\/media?parent=138075"}],"wp:term":[{"taxonomy":"category","embeddable":true,"href":"https:\/\/www.quebakan.com\/v15\/wp-json\/wp\/v2\/categories?post=138075"},{"taxonomy":"post_tag","embeddable":true,"href":"https:\/\/www.quebakan.com\/v15\/wp-json\/wp\/v2\/tags?post=138075"}],"curies":[{"name":"wp","href":"https:\/\/api.w.org\/{rel}","templated":true}]}}