{"id":138085,"date":"2025-12-02T13:59:36","date_gmt":"2025-12-02T18:59:36","guid":{"rendered":"https:\/\/www.quebakan.com\/v15\/?p=138085"},"modified":"2025-12-02T13:59:36","modified_gmt":"2025-12-02T18:59:36","slug":"evita-imprevistos-en-carretera-consejos-clave-para-preparar-tu-auto-en-epoca-festiva","status":"publish","type":"post","link":"https:\/\/www.quebakan.com\/v15\/evita-imprevistos-en-carretera-consejos-clave-para-preparar-tu-auto-en-epoca-festiva\/","title":{"rendered":"Evita imprevistos en carretera: Consejos clave para preparar tu auto en \u00e9poca festiva"},"content":{"rendered":"<p><img fetchpriority=\"high\" decoding=\"async\" class=\"aligncenter size-full wp-image-138086\" src=\"https:\/\/www.quebakan.com\/v15\/wp-content\/uploads\/2025\/12\/VW-Tera.jpg\" alt=\"\" width=\"700\" height=\"467\" \/><\/p>\n<p style=\"text-align: justify;\"><span style=\"color: #000000;\"><strong>Quito, diciembre de 2025.- <\/strong>Con la llegada de los feriados por festividades, miles de ecuatorianos se preparan para desplazarse por carretera. Frente al incremento del tr\u00e1fico y las condiciones clim\u00e1ticas cambiantes de diciembre, es importante que los conductores realicen una revisi\u00f3n completa de su veh\u00edculo antes de emprender cualquier viaje, a fin de evitar imprevistos y garantizar trayectos seguros.<\/span><\/p>\n<p style=\"text-align: justify;\"><span style=\"color: #000000;\">De acuerdo con datos de la Agencia Nacional de Tr\u00e1nsito (ANT), durante los feriados los siniestros viales pueden aumentar hasta 18%, muchos vinculados a fallas mec\u00e1nicas que pudieron ser prevenidas con un mantenimiento oportuno. Una revisi\u00f3n previa al viaje puede disminuir en hasta 45% el riesgo de aver\u00edas.<\/span><\/p>\n<p style=\"text-align: justify;\"><span style=\"color: #000000;\">Por esta raz\u00f3n, Volkswagen recomienda considerar los siguientes puntos esenciales antes de salir a carretera:<\/span><\/p>\n<ol style=\"text-align: justify;\">\n<li><span style=\"color: #000000;\"><strong>Aceite y niveles de fluidos\u00a0\u00a0\u00a0\u00a0\u00a0\u00a0\u00a0 <\/strong><\/span><br \/>\n<span style=\"color: #000000;\">Un aceite degradado o en niveles insuficientes puede incrementar el desgaste del motor hasta en 30%. Volkswagen recuerda realizar el cambio de aceite seg\u00fan el kilometraje recomendado y verificar refrigerante, l\u00edquido de frenos y agua del limpiaparabrisas.<\/span><\/li>\n<li><span style=\"color: #000000;\"><strong>Frenos y neum\u00e1ticos\u00a0\u00a0\u00a0 <\/strong><\/span><br \/>\n<span style=\"color: #000000;\">Las lluvias frecuentes en la Sierra y zonas altas durante diciembre exigen frenos en \u00f3ptimas condiciones. Los neum\u00e1ticos con menos de 3 mm de labrado pueden duplicar la distancia de frenado sobre asfalto mojado. Se recomienda revisar presi\u00f3n, desgaste, alineaci\u00f3n y reemplazar cuando sea necesario.<\/span><\/li>\n<li><span style=\"color: #000000;\"><strong>Bater\u00eda y sistema el\u00e9ctrico\u00a0\u00a0\u00a0\u00a0\u00a0\u00a0 <\/strong><\/span><br \/>\n<span style=\"color: #000000;\">Las fallas de bater\u00eda son una de las causas m\u00e1s comunes de asistencia en carretera. Si la bater\u00eda supera los 3 a\u00f1os, debe ser evaluada. Tambi\u00e9n se deben revisar luces, sensores y fusibles para asegurar una correcta iluminaci\u00f3n y funcionamiento de los sistemas el\u00e9ctricos.<\/span><\/li>\n<li><span style=\"color: #000000;\"><strong>Limpiaparabrisas y visibilidad <\/strong><\/span><br \/>\n<span style=\"color: #000000;\">La visibilidad reducida es responsable de cerca del 23% de los siniestros asociados al clima. Cambiar plumas desgastadas y mantener el parabrisas limpio ayuda a mejorar la reacci\u00f3n del conductor en situaciones de lluvia o neblina.<\/span><\/li>\n<li><span style=\"color: #000000;\"><strong>Diagn\u00f3stico electr\u00f3nico del veh\u00edculo\u00a0 <\/strong><\/span><br \/>\n<span style=\"color: #000000;\">Los veh\u00edculos dependen de sistemas electr\u00f3nicos que requieren calibraci\u00f3n peri\u00f3dica. En un taller autorizado pueden verificar el correcto desempe\u00f1o del ABS, control de estabilidad y asistentes de seguridad.<\/span><\/li>\n<\/ol>\n<p style=\"text-align: justify;\"><span style=\"color: #000000;\">Volkswagen ratifica su compromiso con la seguridad, la eficiencia y el acompa\u00f1amiento a sus clientes, enfatizando que realizar el mantenimiento preventivo cada 10.000 kil\u00f3metros resulta esencial para mantener el \u00f3ptimo rendimiento del veh\u00edculo y promover una conducci\u00f3n responsable.<\/span><\/p>\n<p><img decoding=\"async\" class=\"aligncenter size-full wp-image-138087\" src=\"https:\/\/www.quebakan.com\/v15\/wp-content\/uploads\/2025\/12\/vw-tera-2.jpg\" alt=\"\" width=\"700\" height=\"591\" \/><\/p>\n","protected":false},"excerpt":{"rendered":"<p>Quito, diciembre de 2025.- Con la llegada de los feriados por festividades, miles de ecuatorianos se preparan para desplazarse por carretera. Frente al incremento del tr\u00e1fico y las condiciones clim\u00e1ticas cambiantes de diciembre, es importante que los conductores realicen una revisi\u00f3n completa de su veh\u00edculo antes de emprender cualquier viaje, a fin de evitar imprevistos [&hellip;]<\/p>\n","protected":false},"author":4,"featured_media":138086,"comment_status":"closed","ping_status":"closed","sticky":false,"template":"","format":"standard","meta":{"_bbp_topic_count":0,"_bbp_reply_count":0,"_bbp_total_topic_count":0,"_bbp_total_reply_count":0,"_bbp_voice_count":0,"_bbp_anonymous_reply_count":0,"_bbp_topic_count_hidden":0,"_bbp_reply_count_hidden":0,"_bbp_forum_subforum_count":0,"buzzeditor_post_format":"","footnotes":""},"categories":[2],"tags":[],"class_list":["post-138085","post","type-post","status-publish","format-standard","has-post-thumbnail","hentry","category-noticias"],"yoast_head":"<!-- This site is optimized with the Yoast SEO plugin v27.5 - https:\/\/yoast.com\/product\/yoast-seo-wordpress\/ -->\n<title>Evita imprevistos en carretera: Consejos clave para preparar tu auto en \u00e9poca festiva &#8211; QUEBAKAN.COM 2026: Noticias, Eventos, Conciertos y mucho m\u00e1s....<\/title>\n<meta name=\"robots\" content=\"index, follow, max-snippet:-1, max-image-preview:large, max-video-preview:-1\" \/>\n<link rel=\"canonical\" href=\"https:\/\/www.quebakan.com\/v15\/evita-imprevistos-en-carretera-consejos-clave-para-preparar-tu-auto-en-epoca-festiva\/\" \/>\n<meta property=\"og:locale\" content=\"es_ES\" \/>\n<meta property=\"og:type\" content=\"article\" \/>\n<meta property=\"og:title\" content=\"Evita imprevistos en carretera: Consejos clave para preparar tu auto en \u00e9poca festiva &#8211; QUEBAKAN.COM 2026: Noticias, Eventos, Conciertos y mucho m\u00e1s....\" \/>\n<meta property=\"og:description\" content=\"Quito, diciembre de 2025.- Con la llegada de los feriados por festividades, miles de ecuatorianos se preparan para desplazarse por carretera. Frente al incremento del tr\u00e1fico y las condiciones clim\u00e1ticas cambiantes de diciembre, es importante que los conductores realicen una revisi\u00f3n completa de su veh\u00edculo antes de emprender cualquier viaje, a fin de evitar imprevistos [&hellip;]\" \/>\n<meta property=\"og:url\" content=\"https:\/\/www.quebakan.com\/v15\/evita-imprevistos-en-carretera-consejos-clave-para-preparar-tu-auto-en-epoca-festiva\/\" \/>\n<meta property=\"og:site_name\" content=\"QUEBAKAN.COM 2026: Noticias, Eventos, Conciertos y mucho m\u00e1s....\" \/>\n<meta property=\"article:publisher\" content=\"http:\/\/www.facebook.com\/quebakan\" \/>\n<meta property=\"article:published_time\" content=\"2025-12-02T18:59:36+00:00\" \/>\n<meta property=\"og:image\" content=\"https:\/\/www.quebakan.com\/v15\/wp-content\/uploads\/2025\/12\/VW-Tera.jpg\" \/>\n\t<meta property=\"og:image:width\" content=\"700\" \/>\n\t<meta property=\"og:image:height\" content=\"467\" \/>\n\t<meta property=\"og:image:type\" content=\"image\/jpeg\" \/>\n<meta name=\"author\" content=\"Erick Villafuerte\" \/>\n<meta name=\"twitter:card\" content=\"summary_large_image\" \/>\n<meta name=\"twitter:creator\" content=\"@quebakanec\" \/>\n<meta name=\"twitter:site\" content=\"@quebakanec\" \/>\n<meta name=\"twitter:label1\" content=\"Escrito por\" \/>\n\t<meta name=\"twitter:data1\" content=\"Erick Villafuerte\" \/>\n\t<meta name=\"twitter:label2\" content=\"Tiempo de lectura\" \/>\n\t<meta name=\"twitter:data2\" content=\"3 minutos\" \/>\n<script type=\"application\/ld+json\" class=\"yoast-schema-graph\">{\"@context\":\"https:\\\/\\\/schema.org\",\"@graph\":[{\"@type\":\"Article\",\"@id\":\"https:\\\/\\\/www.quebakan.com\\\/v15\\\/evita-imprevistos-en-carretera-consejos-clave-para-preparar-tu-auto-en-epoca-festiva\\\/#article\",\"isPartOf\":{\"@id\":\"https:\\\/\\\/www.quebakan.com\\\/v15\\\/evita-imprevistos-en-carretera-consejos-clave-para-preparar-tu-auto-en-epoca-festiva\\\/\"},\"author\":{\"name\":\"Erick Villafuerte\",\"@id\":\"https:\\\/\\\/www.quebakan.com\\\/v15\\\/#\\\/schema\\\/person\\\/d90fa9f9cfa81eb8ace9811e5b7b9118\"},\"headline\":\"Evita imprevistos en carretera: Consejos clave para preparar tu auto en \u00e9poca festiva\",\"datePublished\":\"2025-12-02T18:59:36+00:00\",\"mainEntityOfPage\":{\"@id\":\"https:\\\/\\\/www.quebakan.com\\\/v15\\\/evita-imprevistos-en-carretera-consejos-clave-para-preparar-tu-auto-en-epoca-festiva\\\/\"},\"wordCount\":412,\"publisher\":{\"@id\":\"https:\\\/\\\/www.quebakan.com\\\/v15\\\/#organization\"},\"image\":{\"@id\":\"https:\\\/\\\/www.quebakan.com\\\/v15\\\/evita-imprevistos-en-carretera-consejos-clave-para-preparar-tu-auto-en-epoca-festiva\\\/#primaryimage\"},\"thumbnailUrl\":\"https:\\\/\\\/www.quebakan.com\\\/v15\\\/wp-content\\\/uploads\\\/2025\\\/12\\\/VW-Tera.jpg\",\"articleSection\":[\"Noticias\"],\"inLanguage\":\"es\"},{\"@type\":\"WebPage\",\"@id\":\"https:\\\/\\\/www.quebakan.com\\\/v15\\\/evita-imprevistos-en-carretera-consejos-clave-para-preparar-tu-auto-en-epoca-festiva\\\/\",\"url\":\"https:\\\/\\\/www.quebakan.com\\\/v15\\\/evita-imprevistos-en-carretera-consejos-clave-para-preparar-tu-auto-en-epoca-festiva\\\/\",\"name\":\"Evita imprevistos en carretera: Consejos clave para preparar tu auto en \u00e9poca festiva &#8211; QUEBAKAN.COM 2026: Noticias, Eventos, Conciertos y mucho m\u00e1s....\",\"isPartOf\":{\"@id\":\"https:\\\/\\\/www.quebakan.com\\\/v15\\\/#website\"},\"primaryImageOfPage\":{\"@id\":\"https:\\\/\\\/www.quebakan.com\\\/v15\\\/evita-imprevistos-en-carretera-consejos-clave-para-preparar-tu-auto-en-epoca-festiva\\\/#primaryimage\"},\"image\":{\"@id\":\"https:\\\/\\\/www.quebakan.com\\\/v15\\\/evita-imprevistos-en-carretera-consejos-clave-para-preparar-tu-auto-en-epoca-festiva\\\/#primaryimage\"},\"thumbnailUrl\":\"https:\\\/\\\/www.quebakan.com\\\/v15\\\/wp-content\\\/uploads\\\/2025\\\/12\\\/VW-Tera.jpg\",\"datePublished\":\"2025-12-02T18:59:36+00:00\",\"breadcrumb\":{\"@id\":\"https:\\\/\\\/www.quebakan.com\\\/v15\\\/evita-imprevistos-en-carretera-consejos-clave-para-preparar-tu-auto-en-epoca-festiva\\\/#breadcrumb\"},\"inLanguage\":\"es\",\"potentialAction\":[{\"@type\":\"ReadAction\",\"target\":[\"https:\\\/\\\/www.quebakan.com\\\/v15\\\/evita-imprevistos-en-carretera-consejos-clave-para-preparar-tu-auto-en-epoca-festiva\\\/\"]}]},{\"@type\":\"ImageObject\",\"inLanguage\":\"es\",\"@id\":\"https:\\\/\\\/www.quebakan.com\\\/v15\\\/evita-imprevistos-en-carretera-consejos-clave-para-preparar-tu-auto-en-epoca-festiva\\\/#primaryimage\",\"url\":\"https:\\\/\\\/www.quebakan.com\\\/v15\\\/wp-content\\\/uploads\\\/2025\\\/12\\\/VW-Tera.jpg\",\"contentUrl\":\"https:\\\/\\\/www.quebakan.com\\\/v15\\\/wp-content\\\/uploads\\\/2025\\\/12\\\/VW-Tera.jpg\",\"width\":700,\"height\":467},{\"@type\":\"BreadcrumbList\",\"@id\":\"https:\\\/\\\/www.quebakan.com\\\/v15\\\/evita-imprevistos-en-carretera-consejos-clave-para-preparar-tu-auto-en-epoca-festiva\\\/#breadcrumb\",\"itemListElement\":[{\"@type\":\"ListItem\",\"position\":1,\"name\":\"Portada\",\"item\":\"https:\\\/\\\/www.quebakan.com\\\/v15\\\/\"},{\"@type\":\"ListItem\",\"position\":2,\"name\":\"Evita imprevistos en carretera: Consejos clave para preparar tu auto en \u00e9poca festiva\"}]},{\"@type\":\"WebSite\",\"@id\":\"https:\\\/\\\/www.quebakan.com\\\/v15\\\/#website\",\"url\":\"https:\\\/\\\/www.quebakan.com\\\/v15\\\/\",\"name\":\"QUEBAKAN\",\"description\":\"..\",\"publisher\":{\"@id\":\"https:\\\/\\\/www.quebakan.com\\\/v15\\\/#organization\"},\"potentialAction\":[{\"@type\":\"SearchAction\",\"target\":{\"@type\":\"EntryPoint\",\"urlTemplate\":\"https:\\\/\\\/www.quebakan.com\\\/v15\\\/?s={search_term_string}\"},\"query-input\":{\"@type\":\"PropertyValueSpecification\",\"valueRequired\":true,\"valueName\":\"search_term_string\"}}],\"inLanguage\":\"es\"},{\"@type\":\"Organization\",\"@id\":\"https:\\\/\\\/www.quebakan.com\\\/v15\\\/#organization\",\"name\":\"Quebakan.com\",\"url\":\"https:\\\/\\\/www.quebakan.com\\\/v15\\\/\",\"logo\":{\"@type\":\"ImageObject\",\"inLanguage\":\"es\",\"@id\":\"https:\\\/\\\/www.quebakan.com\\\/v15\\\/#\\\/schema\\\/logo\\\/image\\\/\",\"url\":\"https:\\\/\\\/www.quebakan.com\\\/v15\\\/wp-content\\\/uploads\\\/2023\\\/07\\\/logoquebakanenero2021.jpg\",\"contentUrl\":\"https:\\\/\\\/www.quebakan.com\\\/v15\\\/wp-content\\\/uploads\\\/2023\\\/07\\\/logoquebakanenero2021.jpg\",\"width\":1920,\"height\":1080,\"caption\":\"Quebakan.com\"},\"image\":{\"@id\":\"https:\\\/\\\/www.quebakan.com\\\/v15\\\/#\\\/schema\\\/logo\\\/image\\\/\"},\"sameAs\":[\"http:\\\/\\\/www.facebook.com\\\/quebakan\",\"https:\\\/\\\/x.com\\\/quebakanec\",\"http:\\\/\\\/www.instagram.com\\\/quebakan\",\"http:\\\/\\\/www.youtube.com\\\/quebakan1\"]},{\"@type\":\"Person\",\"@id\":\"https:\\\/\\\/www.quebakan.com\\\/v15\\\/#\\\/schema\\\/person\\\/d90fa9f9cfa81eb8ace9811e5b7b9118\",\"name\":\"Erick Villafuerte\",\"image\":{\"@type\":\"ImageObject\",\"inLanguage\":\"es\",\"@id\":\"https:\\\/\\\/www.quebakan.com\\\/v15\\\/wp-content\\\/uploads\\\/avatars\\\/4\\\/1731297654-bpfull.png\",\"url\":\"https:\\\/\\\/www.quebakan.com\\\/v15\\\/wp-content\\\/uploads\\\/avatars\\\/4\\\/1731297654-bpfull.png\",\"contentUrl\":\"https:\\\/\\\/www.quebakan.com\\\/v15\\\/wp-content\\\/uploads\\\/avatars\\\/4\\\/1731297654-bpfull.png\",\"caption\":\"Erick Villafuerte\"}}]}<\/script>\n<!-- \/ Yoast SEO plugin. -->","yoast_head_json":{"title":"Evita imprevistos en carretera: Consejos clave para preparar tu auto en \u00e9poca festiva &#8211; QUEBAKAN.COM 2026: Noticias, Eventos, Conciertos y mucho m\u00e1s....","robots":{"index":"index","follow":"follow","max-snippet":"max-snippet:-1","max-image-preview":"max-image-preview:large","max-video-preview":"max-video-preview:-1"},"canonical":"https:\/\/www.quebakan.com\/v15\/evita-imprevistos-en-carretera-consejos-clave-para-preparar-tu-auto-en-epoca-festiva\/","og_locale":"es_ES","og_type":"article","og_title":"Evita imprevistos en carretera: Consejos clave para preparar tu auto en \u00e9poca festiva &#8211; QUEBAKAN.COM 2026: Noticias, Eventos, Conciertos y mucho m\u00e1s....","og_description":"Quito, diciembre de 2025.- Con la llegada de los feriados por festividades, miles de ecuatorianos se preparan para desplazarse por carretera. Frente al incremento del tr\u00e1fico y las condiciones clim\u00e1ticas cambiantes de diciembre, es importante que los conductores realicen una revisi\u00f3n completa de su veh\u00edculo antes de emprender cualquier viaje, a fin de evitar imprevistos [&hellip;]","og_url":"https:\/\/www.quebakan.com\/v15\/evita-imprevistos-en-carretera-consejos-clave-para-preparar-tu-auto-en-epoca-festiva\/","og_site_name":"QUEBAKAN.COM 2026: Noticias, Eventos, Conciertos y mucho m\u00e1s....","article_publisher":"http:\/\/www.facebook.com\/quebakan","article_published_time":"2025-12-02T18:59:36+00:00","og_image":[{"width":700,"height":467,"url":"https:\/\/www.quebakan.com\/v15\/wp-content\/uploads\/2025\/12\/VW-Tera.jpg","type":"image\/jpeg"}],"author":"Erick Villafuerte","twitter_card":"summary_large_image","twitter_creator":"@quebakanec","twitter_site":"@quebakanec","twitter_misc":{"Escrito por":"Erick Villafuerte","Tiempo de lectura":"3 minutos"},"schema":{"@context":"https:\/\/schema.org","@graph":[{"@type":"Article","@id":"https:\/\/www.quebakan.com\/v15\/evita-imprevistos-en-carretera-consejos-clave-para-preparar-tu-auto-en-epoca-festiva\/#article","isPartOf":{"@id":"https:\/\/www.quebakan.com\/v15\/evita-imprevistos-en-carretera-consejos-clave-para-preparar-tu-auto-en-epoca-festiva\/"},"author":{"name":"Erick Villafuerte","@id":"https:\/\/www.quebakan.com\/v15\/#\/schema\/person\/d90fa9f9cfa81eb8ace9811e5b7b9118"},"headline":"Evita imprevistos en carretera: Consejos clave para preparar tu auto en \u00e9poca festiva","datePublished":"2025-12-02T18:59:36+00:00","mainEntityOfPage":{"@id":"https:\/\/www.quebakan.com\/v15\/evita-imprevistos-en-carretera-consejos-clave-para-preparar-tu-auto-en-epoca-festiva\/"},"wordCount":412,"publisher":{"@id":"https:\/\/www.quebakan.com\/v15\/#organization"},"image":{"@id":"https:\/\/www.quebakan.com\/v15\/evita-imprevistos-en-carretera-consejos-clave-para-preparar-tu-auto-en-epoca-festiva\/#primaryimage"},"thumbnailUrl":"https:\/\/www.quebakan.com\/v15\/wp-content\/uploads\/2025\/12\/VW-Tera.jpg","articleSection":["Noticias"],"inLanguage":"es"},{"@type":"WebPage","@id":"https:\/\/www.quebakan.com\/v15\/evita-imprevistos-en-carretera-consejos-clave-para-preparar-tu-auto-en-epoca-festiva\/","url":"https:\/\/www.quebakan.com\/v15\/evita-imprevistos-en-carretera-consejos-clave-para-preparar-tu-auto-en-epoca-festiva\/","name":"Evita imprevistos en carretera: Consejos clave para preparar tu auto en \u00e9poca festiva &#8211; QUEBAKAN.COM 2026: Noticias, Eventos, Conciertos y mucho m\u00e1s....","isPartOf":{"@id":"https:\/\/www.quebakan.com\/v15\/#website"},"primaryImageOfPage":{"@id":"https:\/\/www.quebakan.com\/v15\/evita-imprevistos-en-carretera-consejos-clave-para-preparar-tu-auto-en-epoca-festiva\/#primaryimage"},"image":{"@id":"https:\/\/www.quebakan.com\/v15\/evita-imprevistos-en-carretera-consejos-clave-para-preparar-tu-auto-en-epoca-festiva\/#primaryimage"},"thumbnailUrl":"https:\/\/www.quebakan.com\/v15\/wp-content\/uploads\/2025\/12\/VW-Tera.jpg","datePublished":"2025-12-02T18:59:36+00:00","breadcrumb":{"@id":"https:\/\/www.quebakan.com\/v15\/evita-imprevistos-en-carretera-consejos-clave-para-preparar-tu-auto-en-epoca-festiva\/#breadcrumb"},"inLanguage":"es","potentialAction":[{"@type":"ReadAction","target":["https:\/\/www.quebakan.com\/v15\/evita-imprevistos-en-carretera-consejos-clave-para-preparar-tu-auto-en-epoca-festiva\/"]}]},{"@type":"ImageObject","inLanguage":"es","@id":"https:\/\/www.quebakan.com\/v15\/evita-imprevistos-en-carretera-consejos-clave-para-preparar-tu-auto-en-epoca-festiva\/#primaryimage","url":"https:\/\/www.quebakan.com\/v15\/wp-content\/uploads\/2025\/12\/VW-Tera.jpg","contentUrl":"https:\/\/www.quebakan.com\/v15\/wp-content\/uploads\/2025\/12\/VW-Tera.jpg","width":700,"height":467},{"@type":"BreadcrumbList","@id":"https:\/\/www.quebakan.com\/v15\/evita-imprevistos-en-carretera-consejos-clave-para-preparar-tu-auto-en-epoca-festiva\/#breadcrumb","itemListElement":[{"@type":"ListItem","position":1,"name":"Portada","item":"https:\/\/www.quebakan.com\/v15\/"},{"@type":"ListItem","position":2,"name":"Evita imprevistos en carretera: Consejos clave para preparar tu auto en \u00e9poca festiva"}]},{"@type":"WebSite","@id":"https:\/\/www.quebakan.com\/v15\/#website","url":"https:\/\/www.quebakan.com\/v15\/","name":"QUEBAKAN","description":"..","publisher":{"@id":"https:\/\/www.quebakan.com\/v15\/#organization"},"potentialAction":[{"@type":"SearchAction","target":{"@type":"EntryPoint","urlTemplate":"https:\/\/www.quebakan.com\/v15\/?s={search_term_string}"},"query-input":{"@type":"PropertyValueSpecification","valueRequired":true,"valueName":"search_term_string"}}],"inLanguage":"es"},{"@type":"Organization","@id":"https:\/\/www.quebakan.com\/v15\/#organization","name":"Quebakan.com","url":"https:\/\/www.quebakan.com\/v15\/","logo":{"@type":"ImageObject","inLanguage":"es","@id":"https:\/\/www.quebakan.com\/v15\/#\/schema\/logo\/image\/","url":"https:\/\/www.quebakan.com\/v15\/wp-content\/uploads\/2023\/07\/logoquebakanenero2021.jpg","contentUrl":"https:\/\/www.quebakan.com\/v15\/wp-content\/uploads\/2023\/07\/logoquebakanenero2021.jpg","width":1920,"height":1080,"caption":"Quebakan.com"},"image":{"@id":"https:\/\/www.quebakan.com\/v15\/#\/schema\/logo\/image\/"},"sameAs":["http:\/\/www.facebook.com\/quebakan","https:\/\/x.com\/quebakanec","http:\/\/www.instagram.com\/quebakan","http:\/\/www.youtube.com\/quebakan1"]},{"@type":"Person","@id":"https:\/\/www.quebakan.com\/v15\/#\/schema\/person\/d90fa9f9cfa81eb8ace9811e5b7b9118","name":"Erick Villafuerte","image":{"@type":"ImageObject","inLanguage":"es","@id":"https:\/\/www.quebakan.com\/v15\/wp-content\/uploads\/avatars\/4\/1731297654-bpfull.png","url":"https:\/\/www.quebakan.com\/v15\/wp-content\/uploads\/avatars\/4\/1731297654-bpfull.png","contentUrl":"https:\/\/www.quebakan.com\/v15\/wp-content\/uploads\/avatars\/4\/1731297654-bpfull.png","caption":"Erick Villafuerte"}}]}},"_links":{"self":[{"href":"https:\/\/www.quebakan.com\/v15\/wp-json\/wp\/v2\/posts\/138085","targetHints":{"allow":["GET"]}}],"collection":[{"href":"https:\/\/www.quebakan.com\/v15\/wp-json\/wp\/v2\/posts"}],"about":[{"href":"https:\/\/www.quebakan.com\/v15\/wp-json\/wp\/v2\/types\/post"}],"author":[{"embeddable":true,"href":"https:\/\/www.quebakan.com\/v15\/wp-json\/wp\/v2\/users\/4"}],"replies":[{"embeddable":true,"href":"https:\/\/www.quebakan.com\/v15\/wp-json\/wp\/v2\/comments?post=138085"}],"version-history":[{"count":1,"href":"https:\/\/www.quebakan.com\/v15\/wp-json\/wp\/v2\/posts\/138085\/revisions"}],"predecessor-version":[{"id":138088,"href":"https:\/\/www.quebakan.com\/v15\/wp-json\/wp\/v2\/posts\/138085\/revisions\/138088"}],"wp:featuredmedia":[{"embeddable":true,"href":"https:\/\/www.quebakan.com\/v15\/wp-json\/wp\/v2\/media\/138086"}],"wp:attachment":[{"href":"https:\/\/www.quebakan.com\/v15\/wp-json\/wp\/v2\/media?parent=138085"}],"wp:term":[{"taxonomy":"category","embeddable":true,"href":"https:\/\/www.quebakan.com\/v15\/wp-json\/wp\/v2\/categories?post=138085"},{"taxonomy":"post_tag","embeddable":true,"href":"https:\/\/www.quebakan.com\/v15\/wp-json\/wp\/v2\/tags?post=138085"}],"curies":[{"name":"wp","href":"https:\/\/api.w.org\/{rel}","templated":true}]}}