{"id":138094,"date":"2025-12-03T15:49:00","date_gmt":"2025-12-03T20:49:00","guid":{"rendered":"https:\/\/www.quebakan.com\/v15\/?p=138094"},"modified":"2025-12-03T15:49:00","modified_gmt":"2025-12-03T20:49:00","slug":"rm-celebro-su-aniversario-con-una-jornada-inclusiva-de-moda-musica-y-compromiso-social","status":"publish","type":"post","link":"https:\/\/www.quebakan.com\/v15\/rm-celebro-su-aniversario-con-una-jornada-inclusiva-de-moda-musica-y-compromiso-social\/","title":{"rendered":"RM celebr\u00f3 su aniversario con una jornada inclusiva de moda, m\u00fasica y compromiso social"},"content":{"rendered":"<p><img fetchpriority=\"high\" decoding=\"async\" class=\"aligncenter size-full wp-image-138095\" src=\"https:\/\/www.quebakan.com\/v15\/wp-content\/uploads\/2025\/12\/Foto-rueda-de-prensa.jpg\" alt=\"\" width=\"700\" height=\"467\" \/><\/p>\n<p style=\"text-align: justify;\"><span style=\"color: #000000;\"><strong><em>Pie de foto<\/em><\/strong><em>: <\/em><em>M\u00e1rques, artista ecuatoriano, Fernando Padilla, gerente de marketing de RM, Alex David Quitig\u00fci\u00f1a Dom\u00ednguez, representante de la Fundaci\u00f3n Orquesta de Quito<\/em><\/span><\/p>\n<p style=\"text-align: justify;\"><span style=\"color: #000000;\"><strong>Quito, 02 de diciembre. \u2013<\/strong> La marca ecuatoriana de moda <strong>RM <\/strong>conmemor\u00f3 su aniversario con un evento sin precedentes que celebr\u00f3 el talento, la diversidad y la responsabilidad social. Bajo el lema de su campa\u00f1a \u201cSiempre puedes ser Imparable\u201d, RM ofreci\u00f3 una experiencia transformadora el pasado 25 de noviembre en el Teatro San Gabriel.<\/span><\/p>\n<p style=\"text-align: justify;\"><span style=\"color: #000000;\">El espect\u00e1culo cont\u00f3 con la participaci\u00f3n de dos grandes referentes de la m\u00fasica ecuatoriana: <strong>Au-D y Marqu\u00e9s<\/strong>, quienes compartieron escenario con el d\u00fao <strong>Yo Me Llamo Sandy y Papo<\/strong>. Todos ellos se unieron en un mismo prop\u00f3sito: promover la inclusi\u00f3n a trav\u00e9s de la m\u00fasica y visibilizar el talento local.<\/span><\/p>\n<p style=\"text-align: justify;\"><span style=\"color: #000000;\">Previo al show, RM realiz\u00f3 una rueda de prensa para compartir los resultados de su campa\u00f1a y presentar el apoyo brindado a los talentos de calle, quienes fueron parte de esta jornada inspiradora.<\/span><\/p>\n<p style=\"text-align: justify;\"><span style=\"color: #000000;\">Uno de los momentos m\u00e1s esperados fue el <strong>desfile inclusivo<\/strong>, protagonizado por personas con discapacidad, vulnerabilidad y enfermedades catastr\u00f3ficas. Ellos lanzaron la nueva colecci\u00f3n de RM, demostrando que la moda es para todos.<\/span><\/p>\n<p style=\"text-align: justify;\"><span style=\"color: #000000;\">En un gesto de profundo compromiso social, RM brind\u00f3 espacio a personas en situaci\u00f3n de calle con talento musical, quienes tuvieron la oportunidad de mostrar su arte ante el p\u00fablico. Adem\u00e1s, el escenario impuls\u00f3 a artistas emergentes finalistas de la segunda edici\u00f3n del concurso de RM <strong>\u201cCon Ritmo y Voz\u201d<\/strong>, reafirmando el prop\u00f3sito de la marca de construir un pa\u00eds m\u00e1s justo e inclusivo.<\/span><\/p>\n<p style=\"text-align: justify;\"><span style=\"color: #000000;\">Para el concurso se cre\u00f3 la p\u00e1gina <strong>concursosrm.com<\/strong> donde miles de ecuatorianos pudieron subir sus talentos en categor\u00edas de canto, baile e instrumental alcanzando de esta manera alrededor de <strong>200 mil<\/strong> visualizaciones a nivel nacional. De esta manera RM fue una plataforma para los artistas que buscan impulsar su talento y mostrar sus atributos en los diferentes g\u00e9neros.<\/span><\/p>\n<p style=\"text-align: justify;\"><span style=\"color: #000000;\">Este evento fue posible gracias al apoyo de marcas que compartieron la visi\u00f3n de inclusi\u00f3n y transformaci\u00f3n:<\/span><\/p>\n<ul style=\"text-align: justify;\">\n<li><span style=\"color: #000000;\"><strong>Catrice<\/strong>, maquillaje premium europeo con tecnolog\u00eda alemana y empaques de alta gama, que invit\u00f3 a descubrir la belleza sofisticada en RM.<\/span><\/li>\n<li><span style=\"color: #000000;\"><strong>Essence<\/strong>, la marca de maquillaje #1 de Europa, que brill\u00f3 en Ecuador con sus productos virales y f\u00f3rmulas clean, disponibles en RM.<\/span><\/li>\n<li><span style=\"color: #000000;\"><strong>Be Natural<\/strong>, reconocida por transformar el cabello con ingredientes naturales altamente efectivos, que llev\u00f3 la rutina capilar de los asistentes al siguiente nivel.<\/span><\/li>\n<li><span style=\"color: #000000;\"><strong>Dramp Music<\/strong>, empresa ecuatoriana especializada en el manejo integral de artistas, que entreg\u00f3 premios a los talentos de calle, incluyendo la producci\u00f3n de una canci\u00f3n y asesor\u00eda profesional por un mes.<\/span><\/li>\n<\/ul>\n<p style=\"text-align: justify;\"><span style=\"color: #000000;\"><strong>RM celebr\u00f3 su trayectoria con una jornada que trascendi\u00f3 la moda: una invitaci\u00f3n a reconocer el talento, abrazar la diversidad y construir un pa\u00eds m\u00e1s justo e inclusivo.<\/strong><\/span><\/p>\n<p><img decoding=\"async\" class=\"aligncenter size-full wp-image-138096\" src=\"https:\/\/www.quebakan.com\/v15\/wp-content\/uploads\/2025\/12\/Foto-premiacio\u0301n.jpg\" alt=\"\" width=\"700\" height=\"467\" \/><\/p>\n","protected":false},"excerpt":{"rendered":"<p>Pie de foto: M\u00e1rques, artista ecuatoriano, Fernando Padilla, gerente de marketing de RM, Alex David Quitig\u00fci\u00f1a Dom\u00ednguez, representante de la Fundaci\u00f3n Orquesta de Quito Quito, 02 de diciembre. \u2013 La marca ecuatoriana de moda RM conmemor\u00f3 su aniversario con un evento sin precedentes que celebr\u00f3 el talento, la diversidad y la responsabilidad social. Bajo el [&hellip;]<\/p>\n","protected":false},"author":4,"featured_media":138095,"comment_status":"closed","ping_status":"closed","sticky":false,"template":"","format":"standard","meta":{"_bbp_topic_count":0,"_bbp_reply_count":0,"_bbp_total_topic_count":0,"_bbp_total_reply_count":0,"_bbp_voice_count":0,"_bbp_anonymous_reply_count":0,"_bbp_topic_count_hidden":0,"_bbp_reply_count_hidden":0,"_bbp_forum_subforum_count":0,"buzzeditor_post_format":"","footnotes":""},"categories":[2],"tags":[],"class_list":["post-138094","post","type-post","status-publish","format-standard","has-post-thumbnail","hentry","category-noticias"],"yoast_head":"<!-- This site is optimized with the Yoast SEO plugin v27.5 - https:\/\/yoast.com\/product\/yoast-seo-wordpress\/ -->\n<title>RM celebr\u00f3 su aniversario con una jornada inclusiva de moda, m\u00fasica y compromiso social &#8211; QUEBAKAN.COM 2026: Noticias, Eventos, Conciertos y mucho m\u00e1s....<\/title>\n<meta name=\"robots\" content=\"index, follow, max-snippet:-1, max-image-preview:large, max-video-preview:-1\" \/>\n<link rel=\"canonical\" href=\"https:\/\/www.quebakan.com\/v15\/rm-celebro-su-aniversario-con-una-jornada-inclusiva-de-moda-musica-y-compromiso-social\/\" \/>\n<meta property=\"og:locale\" content=\"es_ES\" \/>\n<meta property=\"og:type\" content=\"article\" \/>\n<meta property=\"og:title\" content=\"RM celebr\u00f3 su aniversario con una jornada inclusiva de moda, m\u00fasica y compromiso social &#8211; QUEBAKAN.COM 2026: Noticias, Eventos, Conciertos y mucho m\u00e1s....\" \/>\n<meta property=\"og:description\" content=\"Pie de foto: M\u00e1rques, artista ecuatoriano, Fernando Padilla, gerente de marketing de RM, Alex David Quitig\u00fci\u00f1a Dom\u00ednguez, representante de la Fundaci\u00f3n Orquesta de Quito Quito, 02 de diciembre. \u2013 La marca ecuatoriana de moda RM conmemor\u00f3 su aniversario con un evento sin precedentes que celebr\u00f3 el talento, la diversidad y la responsabilidad social. Bajo el [&hellip;]\" \/>\n<meta property=\"og:url\" content=\"https:\/\/www.quebakan.com\/v15\/rm-celebro-su-aniversario-con-una-jornada-inclusiva-de-moda-musica-y-compromiso-social\/\" \/>\n<meta property=\"og:site_name\" content=\"QUEBAKAN.COM 2026: Noticias, Eventos, Conciertos y mucho m\u00e1s....\" \/>\n<meta property=\"article:publisher\" content=\"http:\/\/www.facebook.com\/quebakan\" \/>\n<meta property=\"article:published_time\" content=\"2025-12-03T20:49:00+00:00\" \/>\n<meta property=\"og:image\" content=\"https:\/\/www.quebakan.com\/v15\/wp-content\/uploads\/2025\/12\/Foto-rueda-de-prensa.jpg\" \/>\n\t<meta property=\"og:image:width\" content=\"700\" \/>\n\t<meta property=\"og:image:height\" content=\"467\" \/>\n\t<meta property=\"og:image:type\" content=\"image\/jpeg\" \/>\n<meta name=\"author\" content=\"Erick Villafuerte\" \/>\n<meta name=\"twitter:card\" content=\"summary_large_image\" \/>\n<meta name=\"twitter:creator\" content=\"@quebakanec\" \/>\n<meta name=\"twitter:site\" content=\"@quebakanec\" \/>\n<meta name=\"twitter:label1\" content=\"Escrito por\" \/>\n\t<meta name=\"twitter:data1\" content=\"Erick Villafuerte\" \/>\n\t<meta name=\"twitter:label2\" content=\"Tiempo de lectura\" \/>\n\t<meta name=\"twitter:data2\" content=\"3 minutos\" \/>\n<script type=\"application\/ld+json\" class=\"yoast-schema-graph\">{\"@context\":\"https:\\\/\\\/schema.org\",\"@graph\":[{\"@type\":\"Article\",\"@id\":\"https:\\\/\\\/www.quebakan.com\\\/v15\\\/rm-celebro-su-aniversario-con-una-jornada-inclusiva-de-moda-musica-y-compromiso-social\\\/#article\",\"isPartOf\":{\"@id\":\"https:\\\/\\\/www.quebakan.com\\\/v15\\\/rm-celebro-su-aniversario-con-una-jornada-inclusiva-de-moda-musica-y-compromiso-social\\\/\"},\"author\":{\"name\":\"Erick Villafuerte\",\"@id\":\"https:\\\/\\\/www.quebakan.com\\\/v15\\\/#\\\/schema\\\/person\\\/d90fa9f9cfa81eb8ace9811e5b7b9118\"},\"headline\":\"RM celebr\u00f3 su aniversario con una jornada inclusiva de moda, m\u00fasica y compromiso social\",\"datePublished\":\"2025-12-03T20:49:00+00:00\",\"mainEntityOfPage\":{\"@id\":\"https:\\\/\\\/www.quebakan.com\\\/v15\\\/rm-celebro-su-aniversario-con-una-jornada-inclusiva-de-moda-musica-y-compromiso-social\\\/\"},\"wordCount\":509,\"publisher\":{\"@id\":\"https:\\\/\\\/www.quebakan.com\\\/v15\\\/#organization\"},\"image\":{\"@id\":\"https:\\\/\\\/www.quebakan.com\\\/v15\\\/rm-celebro-su-aniversario-con-una-jornada-inclusiva-de-moda-musica-y-compromiso-social\\\/#primaryimage\"},\"thumbnailUrl\":\"https:\\\/\\\/www.quebakan.com\\\/v15\\\/wp-content\\\/uploads\\\/2025\\\/12\\\/Foto-rueda-de-prensa.jpg\",\"articleSection\":[\"Noticias\"],\"inLanguage\":\"es\"},{\"@type\":\"WebPage\",\"@id\":\"https:\\\/\\\/www.quebakan.com\\\/v15\\\/rm-celebro-su-aniversario-con-una-jornada-inclusiva-de-moda-musica-y-compromiso-social\\\/\",\"url\":\"https:\\\/\\\/www.quebakan.com\\\/v15\\\/rm-celebro-su-aniversario-con-una-jornada-inclusiva-de-moda-musica-y-compromiso-social\\\/\",\"name\":\"RM celebr\u00f3 su aniversario con una jornada inclusiva de moda, m\u00fasica y compromiso social &#8211; QUEBAKAN.COM 2026: Noticias, Eventos, Conciertos y mucho m\u00e1s....\",\"isPartOf\":{\"@id\":\"https:\\\/\\\/www.quebakan.com\\\/v15\\\/#website\"},\"primaryImageOfPage\":{\"@id\":\"https:\\\/\\\/www.quebakan.com\\\/v15\\\/rm-celebro-su-aniversario-con-una-jornada-inclusiva-de-moda-musica-y-compromiso-social\\\/#primaryimage\"},\"image\":{\"@id\":\"https:\\\/\\\/www.quebakan.com\\\/v15\\\/rm-celebro-su-aniversario-con-una-jornada-inclusiva-de-moda-musica-y-compromiso-social\\\/#primaryimage\"},\"thumbnailUrl\":\"https:\\\/\\\/www.quebakan.com\\\/v15\\\/wp-content\\\/uploads\\\/2025\\\/12\\\/Foto-rueda-de-prensa.jpg\",\"datePublished\":\"2025-12-03T20:49:00+00:00\",\"breadcrumb\":{\"@id\":\"https:\\\/\\\/www.quebakan.com\\\/v15\\\/rm-celebro-su-aniversario-con-una-jornada-inclusiva-de-moda-musica-y-compromiso-social\\\/#breadcrumb\"},\"inLanguage\":\"es\",\"potentialAction\":[{\"@type\":\"ReadAction\",\"target\":[\"https:\\\/\\\/www.quebakan.com\\\/v15\\\/rm-celebro-su-aniversario-con-una-jornada-inclusiva-de-moda-musica-y-compromiso-social\\\/\"]}]},{\"@type\":\"ImageObject\",\"inLanguage\":\"es\",\"@id\":\"https:\\\/\\\/www.quebakan.com\\\/v15\\\/rm-celebro-su-aniversario-con-una-jornada-inclusiva-de-moda-musica-y-compromiso-social\\\/#primaryimage\",\"url\":\"https:\\\/\\\/www.quebakan.com\\\/v15\\\/wp-content\\\/uploads\\\/2025\\\/12\\\/Foto-rueda-de-prensa.jpg\",\"contentUrl\":\"https:\\\/\\\/www.quebakan.com\\\/v15\\\/wp-content\\\/uploads\\\/2025\\\/12\\\/Foto-rueda-de-prensa.jpg\",\"width\":700,\"height\":467},{\"@type\":\"BreadcrumbList\",\"@id\":\"https:\\\/\\\/www.quebakan.com\\\/v15\\\/rm-celebro-su-aniversario-con-una-jornada-inclusiva-de-moda-musica-y-compromiso-social\\\/#breadcrumb\",\"itemListElement\":[{\"@type\":\"ListItem\",\"position\":1,\"name\":\"Portada\",\"item\":\"https:\\\/\\\/www.quebakan.com\\\/v15\\\/\"},{\"@type\":\"ListItem\",\"position\":2,\"name\":\"RM celebr\u00f3 su aniversario con una jornada inclusiva de moda, m\u00fasica y compromiso social\"}]},{\"@type\":\"WebSite\",\"@id\":\"https:\\\/\\\/www.quebakan.com\\\/v15\\\/#website\",\"url\":\"https:\\\/\\\/www.quebakan.com\\\/v15\\\/\",\"name\":\"QUEBAKAN\",\"description\":\"..\",\"publisher\":{\"@id\":\"https:\\\/\\\/www.quebakan.com\\\/v15\\\/#organization\"},\"potentialAction\":[{\"@type\":\"SearchAction\",\"target\":{\"@type\":\"EntryPoint\",\"urlTemplate\":\"https:\\\/\\\/www.quebakan.com\\\/v15\\\/?s={search_term_string}\"},\"query-input\":{\"@type\":\"PropertyValueSpecification\",\"valueRequired\":true,\"valueName\":\"search_term_string\"}}],\"inLanguage\":\"es\"},{\"@type\":\"Organization\",\"@id\":\"https:\\\/\\\/www.quebakan.com\\\/v15\\\/#organization\",\"name\":\"Quebakan.com\",\"url\":\"https:\\\/\\\/www.quebakan.com\\\/v15\\\/\",\"logo\":{\"@type\":\"ImageObject\",\"inLanguage\":\"es\",\"@id\":\"https:\\\/\\\/www.quebakan.com\\\/v15\\\/#\\\/schema\\\/logo\\\/image\\\/\",\"url\":\"https:\\\/\\\/www.quebakan.com\\\/v15\\\/wp-content\\\/uploads\\\/2023\\\/07\\\/logoquebakanenero2021.jpg\",\"contentUrl\":\"https:\\\/\\\/www.quebakan.com\\\/v15\\\/wp-content\\\/uploads\\\/2023\\\/07\\\/logoquebakanenero2021.jpg\",\"width\":1920,\"height\":1080,\"caption\":\"Quebakan.com\"},\"image\":{\"@id\":\"https:\\\/\\\/www.quebakan.com\\\/v15\\\/#\\\/schema\\\/logo\\\/image\\\/\"},\"sameAs\":[\"http:\\\/\\\/www.facebook.com\\\/quebakan\",\"https:\\\/\\\/x.com\\\/quebakanec\",\"http:\\\/\\\/www.instagram.com\\\/quebakan\",\"http:\\\/\\\/www.youtube.com\\\/quebakan1\"]},{\"@type\":\"Person\",\"@id\":\"https:\\\/\\\/www.quebakan.com\\\/v15\\\/#\\\/schema\\\/person\\\/d90fa9f9cfa81eb8ace9811e5b7b9118\",\"name\":\"Erick Villafuerte\",\"image\":{\"@type\":\"ImageObject\",\"inLanguage\":\"es\",\"@id\":\"https:\\\/\\\/www.quebakan.com\\\/v15\\\/wp-content\\\/uploads\\\/avatars\\\/4\\\/1731297654-bpfull.png\",\"url\":\"https:\\\/\\\/www.quebakan.com\\\/v15\\\/wp-content\\\/uploads\\\/avatars\\\/4\\\/1731297654-bpfull.png\",\"contentUrl\":\"https:\\\/\\\/www.quebakan.com\\\/v15\\\/wp-content\\\/uploads\\\/avatars\\\/4\\\/1731297654-bpfull.png\",\"caption\":\"Erick Villafuerte\"}}]}<\/script>\n<!-- \/ Yoast SEO plugin. -->","yoast_head_json":{"title":"RM celebr\u00f3 su aniversario con una jornada inclusiva de moda, m\u00fasica y compromiso social &#8211; QUEBAKAN.COM 2026: Noticias, Eventos, Conciertos y mucho m\u00e1s....","robots":{"index":"index","follow":"follow","max-snippet":"max-snippet:-1","max-image-preview":"max-image-preview:large","max-video-preview":"max-video-preview:-1"},"canonical":"https:\/\/www.quebakan.com\/v15\/rm-celebro-su-aniversario-con-una-jornada-inclusiva-de-moda-musica-y-compromiso-social\/","og_locale":"es_ES","og_type":"article","og_title":"RM celebr\u00f3 su aniversario con una jornada inclusiva de moda, m\u00fasica y compromiso social &#8211; QUEBAKAN.COM 2026: Noticias, Eventos, Conciertos y mucho m\u00e1s....","og_description":"Pie de foto: M\u00e1rques, artista ecuatoriano, Fernando Padilla, gerente de marketing de RM, Alex David Quitig\u00fci\u00f1a Dom\u00ednguez, representante de la Fundaci\u00f3n Orquesta de Quito Quito, 02 de diciembre. \u2013 La marca ecuatoriana de moda RM conmemor\u00f3 su aniversario con un evento sin precedentes que celebr\u00f3 el talento, la diversidad y la responsabilidad social. Bajo el [&hellip;]","og_url":"https:\/\/www.quebakan.com\/v15\/rm-celebro-su-aniversario-con-una-jornada-inclusiva-de-moda-musica-y-compromiso-social\/","og_site_name":"QUEBAKAN.COM 2026: Noticias, Eventos, Conciertos y mucho m\u00e1s....","article_publisher":"http:\/\/www.facebook.com\/quebakan","article_published_time":"2025-12-03T20:49:00+00:00","og_image":[{"width":700,"height":467,"url":"https:\/\/www.quebakan.com\/v15\/wp-content\/uploads\/2025\/12\/Foto-rueda-de-prensa.jpg","type":"image\/jpeg"}],"author":"Erick Villafuerte","twitter_card":"summary_large_image","twitter_creator":"@quebakanec","twitter_site":"@quebakanec","twitter_misc":{"Escrito por":"Erick Villafuerte","Tiempo de lectura":"3 minutos"},"schema":{"@context":"https:\/\/schema.org","@graph":[{"@type":"Article","@id":"https:\/\/www.quebakan.com\/v15\/rm-celebro-su-aniversario-con-una-jornada-inclusiva-de-moda-musica-y-compromiso-social\/#article","isPartOf":{"@id":"https:\/\/www.quebakan.com\/v15\/rm-celebro-su-aniversario-con-una-jornada-inclusiva-de-moda-musica-y-compromiso-social\/"},"author":{"name":"Erick Villafuerte","@id":"https:\/\/www.quebakan.com\/v15\/#\/schema\/person\/d90fa9f9cfa81eb8ace9811e5b7b9118"},"headline":"RM celebr\u00f3 su aniversario con una jornada inclusiva de moda, m\u00fasica y compromiso social","datePublished":"2025-12-03T20:49:00+00:00","mainEntityOfPage":{"@id":"https:\/\/www.quebakan.com\/v15\/rm-celebro-su-aniversario-con-una-jornada-inclusiva-de-moda-musica-y-compromiso-social\/"},"wordCount":509,"publisher":{"@id":"https:\/\/www.quebakan.com\/v15\/#organization"},"image":{"@id":"https:\/\/www.quebakan.com\/v15\/rm-celebro-su-aniversario-con-una-jornada-inclusiva-de-moda-musica-y-compromiso-social\/#primaryimage"},"thumbnailUrl":"https:\/\/www.quebakan.com\/v15\/wp-content\/uploads\/2025\/12\/Foto-rueda-de-prensa.jpg","articleSection":["Noticias"],"inLanguage":"es"},{"@type":"WebPage","@id":"https:\/\/www.quebakan.com\/v15\/rm-celebro-su-aniversario-con-una-jornada-inclusiva-de-moda-musica-y-compromiso-social\/","url":"https:\/\/www.quebakan.com\/v15\/rm-celebro-su-aniversario-con-una-jornada-inclusiva-de-moda-musica-y-compromiso-social\/","name":"RM celebr\u00f3 su aniversario con una jornada inclusiva de moda, m\u00fasica y compromiso social &#8211; QUEBAKAN.COM 2026: Noticias, Eventos, Conciertos y mucho m\u00e1s....","isPartOf":{"@id":"https:\/\/www.quebakan.com\/v15\/#website"},"primaryImageOfPage":{"@id":"https:\/\/www.quebakan.com\/v15\/rm-celebro-su-aniversario-con-una-jornada-inclusiva-de-moda-musica-y-compromiso-social\/#primaryimage"},"image":{"@id":"https:\/\/www.quebakan.com\/v15\/rm-celebro-su-aniversario-con-una-jornada-inclusiva-de-moda-musica-y-compromiso-social\/#primaryimage"},"thumbnailUrl":"https:\/\/www.quebakan.com\/v15\/wp-content\/uploads\/2025\/12\/Foto-rueda-de-prensa.jpg","datePublished":"2025-12-03T20:49:00+00:00","breadcrumb":{"@id":"https:\/\/www.quebakan.com\/v15\/rm-celebro-su-aniversario-con-una-jornada-inclusiva-de-moda-musica-y-compromiso-social\/#breadcrumb"},"inLanguage":"es","potentialAction":[{"@type":"ReadAction","target":["https:\/\/www.quebakan.com\/v15\/rm-celebro-su-aniversario-con-una-jornada-inclusiva-de-moda-musica-y-compromiso-social\/"]}]},{"@type":"ImageObject","inLanguage":"es","@id":"https:\/\/www.quebakan.com\/v15\/rm-celebro-su-aniversario-con-una-jornada-inclusiva-de-moda-musica-y-compromiso-social\/#primaryimage","url":"https:\/\/www.quebakan.com\/v15\/wp-content\/uploads\/2025\/12\/Foto-rueda-de-prensa.jpg","contentUrl":"https:\/\/www.quebakan.com\/v15\/wp-content\/uploads\/2025\/12\/Foto-rueda-de-prensa.jpg","width":700,"height":467},{"@type":"BreadcrumbList","@id":"https:\/\/www.quebakan.com\/v15\/rm-celebro-su-aniversario-con-una-jornada-inclusiva-de-moda-musica-y-compromiso-social\/#breadcrumb","itemListElement":[{"@type":"ListItem","position":1,"name":"Portada","item":"https:\/\/www.quebakan.com\/v15\/"},{"@type":"ListItem","position":2,"name":"RM celebr\u00f3 su aniversario con una jornada inclusiva de moda, m\u00fasica y compromiso social"}]},{"@type":"WebSite","@id":"https:\/\/www.quebakan.com\/v15\/#website","url":"https:\/\/www.quebakan.com\/v15\/","name":"QUEBAKAN","description":"..","publisher":{"@id":"https:\/\/www.quebakan.com\/v15\/#organization"},"potentialAction":[{"@type":"SearchAction","target":{"@type":"EntryPoint","urlTemplate":"https:\/\/www.quebakan.com\/v15\/?s={search_term_string}"},"query-input":{"@type":"PropertyValueSpecification","valueRequired":true,"valueName":"search_term_string"}}],"inLanguage":"es"},{"@type":"Organization","@id":"https:\/\/www.quebakan.com\/v15\/#organization","name":"Quebakan.com","url":"https:\/\/www.quebakan.com\/v15\/","logo":{"@type":"ImageObject","inLanguage":"es","@id":"https:\/\/www.quebakan.com\/v15\/#\/schema\/logo\/image\/","url":"https:\/\/www.quebakan.com\/v15\/wp-content\/uploads\/2023\/07\/logoquebakanenero2021.jpg","contentUrl":"https:\/\/www.quebakan.com\/v15\/wp-content\/uploads\/2023\/07\/logoquebakanenero2021.jpg","width":1920,"height":1080,"caption":"Quebakan.com"},"image":{"@id":"https:\/\/www.quebakan.com\/v15\/#\/schema\/logo\/image\/"},"sameAs":["http:\/\/www.facebook.com\/quebakan","https:\/\/x.com\/quebakanec","http:\/\/www.instagram.com\/quebakan","http:\/\/www.youtube.com\/quebakan1"]},{"@type":"Person","@id":"https:\/\/www.quebakan.com\/v15\/#\/schema\/person\/d90fa9f9cfa81eb8ace9811e5b7b9118","name":"Erick Villafuerte","image":{"@type":"ImageObject","inLanguage":"es","@id":"https:\/\/www.quebakan.com\/v15\/wp-content\/uploads\/avatars\/4\/1731297654-bpfull.png","url":"https:\/\/www.quebakan.com\/v15\/wp-content\/uploads\/avatars\/4\/1731297654-bpfull.png","contentUrl":"https:\/\/www.quebakan.com\/v15\/wp-content\/uploads\/avatars\/4\/1731297654-bpfull.png","caption":"Erick Villafuerte"}}]}},"_links":{"self":[{"href":"https:\/\/www.quebakan.com\/v15\/wp-json\/wp\/v2\/posts\/138094","targetHints":{"allow":["GET"]}}],"collection":[{"href":"https:\/\/www.quebakan.com\/v15\/wp-json\/wp\/v2\/posts"}],"about":[{"href":"https:\/\/www.quebakan.com\/v15\/wp-json\/wp\/v2\/types\/post"}],"author":[{"embeddable":true,"href":"https:\/\/www.quebakan.com\/v15\/wp-json\/wp\/v2\/users\/4"}],"replies":[{"embeddable":true,"href":"https:\/\/www.quebakan.com\/v15\/wp-json\/wp\/v2\/comments?post=138094"}],"version-history":[{"count":1,"href":"https:\/\/www.quebakan.com\/v15\/wp-json\/wp\/v2\/posts\/138094\/revisions"}],"predecessor-version":[{"id":138097,"href":"https:\/\/www.quebakan.com\/v15\/wp-json\/wp\/v2\/posts\/138094\/revisions\/138097"}],"wp:featuredmedia":[{"embeddable":true,"href":"https:\/\/www.quebakan.com\/v15\/wp-json\/wp\/v2\/media\/138095"}],"wp:attachment":[{"href":"https:\/\/www.quebakan.com\/v15\/wp-json\/wp\/v2\/media?parent=138094"}],"wp:term":[{"taxonomy":"category","embeddable":true,"href":"https:\/\/www.quebakan.com\/v15\/wp-json\/wp\/v2\/categories?post=138094"},{"taxonomy":"post_tag","embeddable":true,"href":"https:\/\/www.quebakan.com\/v15\/wp-json\/wp\/v2\/tags?post=138094"}],"curies":[{"name":"wp","href":"https:\/\/api.w.org\/{rel}","templated":true}]}}