{"id":138102,"date":"2025-12-03T16:39:19","date_gmt":"2025-12-03T21:39:19","guid":{"rendered":"https:\/\/www.quebakan.com\/v15\/?p=138102"},"modified":"2025-12-03T16:39:19","modified_gmt":"2025-12-03T21:39:19","slug":"yanbal-reafirma-su-liderazgo-sostenible-con-un-nuevo-reconocimiento-ambiental","status":"publish","type":"post","link":"https:\/\/www.quebakan.com\/v15\/yanbal-reafirma-su-liderazgo-sostenible-con-un-nuevo-reconocimiento-ambiental\/","title":{"rendered":"Yanbal reafirma su liderazgo sostenible con un nuevo reconocimiento ambiental"},"content":{"rendered":"<p><img fetchpriority=\"high\" decoding=\"async\" class=\"aligncenter size-full wp-image-138103\" src=\"https:\/\/www.quebakan.com\/v15\/wp-content\/uploads\/2025\/12\/reconocimientoMunicipio2025.jpg\" alt=\"\" width=\"557\" height=\"700\" \/><\/p>\n<p style=\"text-align: justify;\"><span style=\"color: #000000;\">Los Reconocimientos Ambientales <strong>Quito Sostenible<\/strong> tienen como objetivo impulsar y visibilizar las buenas pr\u00e1cticas de responsabilidad ambiental dentro del sector productivo y empresarial de la ciudad. Las empresas que reciben esta distinci\u00f3n destacan por su compromiso con la mejora continua, la transparencia y la implementaci\u00f3n de acciones concretas que aportan al cuidado del entorno y al bienestar de la comunidad.<\/span><\/p>\n<p style=\"text-align: justify;\"><span style=\"color: #000000;\">Yanbal Ecuador celebra con orgullo la obtenci\u00f3n de la <strong>Distinci\u00f3n Ambiental Quito Sostenible<\/strong>, este logro reafirma nuestra dedicaci\u00f3n permanente a implementar pr\u00e1cticas responsables que contribuyan al cuidado del entorno y al bienestar de las comunidades.<\/span><\/p>\n<p style=\"text-align: justify;\"><span style=\"color: #000000;\">La distinci\u00f3n fue recibida por Elizabeth Franco, Supervisora de Gesti\u00f3n Ambiental, en representaci\u00f3n de Yanbal Ecuador. Este premio es resultado del esfuerzo conjunto de todos los equipos que d\u00eda a d\u00eda trabajan con convicci\u00f3n para impulsar iniciativas sostenibles y garantizar que nuestras operaciones se desarrollen bajo principios de respeto y protecci\u00f3n ambiental.<\/span><\/p>\n<p style=\"text-align: justify;\"><span style=\"color: #000000;\">En Yanbal, la sostenibilidad es m\u00e1s que un compromiso, es nuestra forma de gestionar el negocio. Entendemos que nuestro prop\u00f3sito va m\u00e1s all\u00e1 de crear belleza; implica tambi\u00e9n <strong>cuidar de las personas, preservar los recursos naturales<\/strong> y actuar con integridad siguiendo los m\u00e1s altos est\u00e1ndares \u00e9ticos. Cada avance en este camino refleja nuestra visi\u00f3n de aportar positivamente al mundo que compartimos.<\/span><\/p>\n","protected":false},"excerpt":{"rendered":"<p>Los Reconocimientos Ambientales Quito Sostenible tienen como objetivo impulsar y visibilizar las buenas pr\u00e1cticas de responsabilidad ambiental dentro del sector productivo y empresarial de la ciudad. Las empresas que reciben esta distinci\u00f3n destacan por su compromiso con la mejora continua, la transparencia y la implementaci\u00f3n de acciones concretas que aportan al cuidado del entorno y [&hellip;]<\/p>\n","protected":false},"author":4,"featured_media":138103,"comment_status":"closed","ping_status":"closed","sticky":false,"template":"","format":"standard","meta":{"_bbp_topic_count":0,"_bbp_reply_count":0,"_bbp_total_topic_count":0,"_bbp_total_reply_count":0,"_bbp_voice_count":0,"_bbp_anonymous_reply_count":0,"_bbp_topic_count_hidden":0,"_bbp_reply_count_hidden":0,"_bbp_forum_subforum_count":0,"buzzeditor_post_format":"","footnotes":""},"categories":[2],"tags":[],"class_list":["post-138102","post","type-post","status-publish","format-standard","has-post-thumbnail","hentry","category-noticias"],"yoast_head":"<!-- This site is optimized with the Yoast SEO plugin v27.5 - https:\/\/yoast.com\/product\/yoast-seo-wordpress\/ -->\n<title>Yanbal reafirma su liderazgo sostenible con un nuevo reconocimiento ambiental &#8211; QUEBAKAN.COM 2026: Noticias, Eventos, Conciertos y mucho m\u00e1s....<\/title>\n<meta name=\"robots\" content=\"index, follow, max-snippet:-1, max-image-preview:large, max-video-preview:-1\" \/>\n<link rel=\"canonical\" href=\"https:\/\/www.quebakan.com\/v15\/yanbal-reafirma-su-liderazgo-sostenible-con-un-nuevo-reconocimiento-ambiental\/\" \/>\n<meta property=\"og:locale\" content=\"es_ES\" \/>\n<meta property=\"og:type\" content=\"article\" \/>\n<meta property=\"og:title\" content=\"Yanbal reafirma su liderazgo sostenible con un nuevo reconocimiento ambiental &#8211; QUEBAKAN.COM 2026: Noticias, Eventos, Conciertos y mucho m\u00e1s....\" \/>\n<meta property=\"og:description\" content=\"Los Reconocimientos Ambientales Quito Sostenible tienen como objetivo impulsar y visibilizar las buenas pr\u00e1cticas de responsabilidad ambiental dentro del sector productivo y empresarial de la ciudad. Las empresas que reciben esta distinci\u00f3n destacan por su compromiso con la mejora continua, la transparencia y la implementaci\u00f3n de acciones concretas que aportan al cuidado del entorno y [&hellip;]\" \/>\n<meta property=\"og:url\" content=\"https:\/\/www.quebakan.com\/v15\/yanbal-reafirma-su-liderazgo-sostenible-con-un-nuevo-reconocimiento-ambiental\/\" \/>\n<meta property=\"og:site_name\" content=\"QUEBAKAN.COM 2026: Noticias, Eventos, Conciertos y mucho m\u00e1s....\" \/>\n<meta property=\"article:publisher\" content=\"http:\/\/www.facebook.com\/quebakan\" \/>\n<meta property=\"article:published_time\" content=\"2025-12-03T21:39:19+00:00\" \/>\n<meta property=\"og:image\" content=\"https:\/\/www.quebakan.com\/v15\/wp-content\/uploads\/2025\/12\/reconocimientoMunicipio2025.jpg\" \/>\n\t<meta property=\"og:image:width\" content=\"557\" \/>\n\t<meta property=\"og:image:height\" content=\"700\" \/>\n\t<meta property=\"og:image:type\" content=\"image\/jpeg\" \/>\n<meta name=\"author\" content=\"Erick Villafuerte\" \/>\n<meta name=\"twitter:card\" content=\"summary_large_image\" \/>\n<meta name=\"twitter:creator\" content=\"@quebakanec\" \/>\n<meta name=\"twitter:site\" content=\"@quebakanec\" \/>\n<meta name=\"twitter:label1\" content=\"Escrito por\" \/>\n\t<meta name=\"twitter:data1\" content=\"Erick Villafuerte\" \/>\n\t<meta name=\"twitter:label2\" content=\"Tiempo de lectura\" \/>\n\t<meta name=\"twitter:data2\" content=\"2 minutos\" \/>\n<script type=\"application\/ld+json\" class=\"yoast-schema-graph\">{\"@context\":\"https:\\\/\\\/schema.org\",\"@graph\":[{\"@type\":\"Article\",\"@id\":\"https:\\\/\\\/www.quebakan.com\\\/v15\\\/yanbal-reafirma-su-liderazgo-sostenible-con-un-nuevo-reconocimiento-ambiental\\\/#article\",\"isPartOf\":{\"@id\":\"https:\\\/\\\/www.quebakan.com\\\/v15\\\/yanbal-reafirma-su-liderazgo-sostenible-con-un-nuevo-reconocimiento-ambiental\\\/\"},\"author\":{\"name\":\"Erick Villafuerte\",\"@id\":\"https:\\\/\\\/www.quebakan.com\\\/v15\\\/#\\\/schema\\\/person\\\/d90fa9f9cfa81eb8ace9811e5b7b9118\"},\"headline\":\"Yanbal reafirma su liderazgo sostenible con un nuevo reconocimiento ambiental\",\"datePublished\":\"2025-12-03T21:39:19+00:00\",\"mainEntityOfPage\":{\"@id\":\"https:\\\/\\\/www.quebakan.com\\\/v15\\\/yanbal-reafirma-su-liderazgo-sostenible-con-un-nuevo-reconocimiento-ambiental\\\/\"},\"wordCount\":239,\"publisher\":{\"@id\":\"https:\\\/\\\/www.quebakan.com\\\/v15\\\/#organization\"},\"image\":{\"@id\":\"https:\\\/\\\/www.quebakan.com\\\/v15\\\/yanbal-reafirma-su-liderazgo-sostenible-con-un-nuevo-reconocimiento-ambiental\\\/#primaryimage\"},\"thumbnailUrl\":\"https:\\\/\\\/www.quebakan.com\\\/v15\\\/wp-content\\\/uploads\\\/2025\\\/12\\\/reconocimientoMunicipio2025.jpg\",\"articleSection\":[\"Noticias\"],\"inLanguage\":\"es\"},{\"@type\":\"WebPage\",\"@id\":\"https:\\\/\\\/www.quebakan.com\\\/v15\\\/yanbal-reafirma-su-liderazgo-sostenible-con-un-nuevo-reconocimiento-ambiental\\\/\",\"url\":\"https:\\\/\\\/www.quebakan.com\\\/v15\\\/yanbal-reafirma-su-liderazgo-sostenible-con-un-nuevo-reconocimiento-ambiental\\\/\",\"name\":\"Yanbal reafirma su liderazgo sostenible con un nuevo reconocimiento ambiental &#8211; QUEBAKAN.COM 2026: Noticias, Eventos, Conciertos y mucho m\u00e1s....\",\"isPartOf\":{\"@id\":\"https:\\\/\\\/www.quebakan.com\\\/v15\\\/#website\"},\"primaryImageOfPage\":{\"@id\":\"https:\\\/\\\/www.quebakan.com\\\/v15\\\/yanbal-reafirma-su-liderazgo-sostenible-con-un-nuevo-reconocimiento-ambiental\\\/#primaryimage\"},\"image\":{\"@id\":\"https:\\\/\\\/www.quebakan.com\\\/v15\\\/yanbal-reafirma-su-liderazgo-sostenible-con-un-nuevo-reconocimiento-ambiental\\\/#primaryimage\"},\"thumbnailUrl\":\"https:\\\/\\\/www.quebakan.com\\\/v15\\\/wp-content\\\/uploads\\\/2025\\\/12\\\/reconocimientoMunicipio2025.jpg\",\"datePublished\":\"2025-12-03T21:39:19+00:00\",\"breadcrumb\":{\"@id\":\"https:\\\/\\\/www.quebakan.com\\\/v15\\\/yanbal-reafirma-su-liderazgo-sostenible-con-un-nuevo-reconocimiento-ambiental\\\/#breadcrumb\"},\"inLanguage\":\"es\",\"potentialAction\":[{\"@type\":\"ReadAction\",\"target\":[\"https:\\\/\\\/www.quebakan.com\\\/v15\\\/yanbal-reafirma-su-liderazgo-sostenible-con-un-nuevo-reconocimiento-ambiental\\\/\"]}]},{\"@type\":\"ImageObject\",\"inLanguage\":\"es\",\"@id\":\"https:\\\/\\\/www.quebakan.com\\\/v15\\\/yanbal-reafirma-su-liderazgo-sostenible-con-un-nuevo-reconocimiento-ambiental\\\/#primaryimage\",\"url\":\"https:\\\/\\\/www.quebakan.com\\\/v15\\\/wp-content\\\/uploads\\\/2025\\\/12\\\/reconocimientoMunicipio2025.jpg\",\"contentUrl\":\"https:\\\/\\\/www.quebakan.com\\\/v15\\\/wp-content\\\/uploads\\\/2025\\\/12\\\/reconocimientoMunicipio2025.jpg\",\"width\":557,\"height\":700},{\"@type\":\"BreadcrumbList\",\"@id\":\"https:\\\/\\\/www.quebakan.com\\\/v15\\\/yanbal-reafirma-su-liderazgo-sostenible-con-un-nuevo-reconocimiento-ambiental\\\/#breadcrumb\",\"itemListElement\":[{\"@type\":\"ListItem\",\"position\":1,\"name\":\"Portada\",\"item\":\"https:\\\/\\\/www.quebakan.com\\\/v15\\\/\"},{\"@type\":\"ListItem\",\"position\":2,\"name\":\"Yanbal reafirma su liderazgo sostenible con un nuevo reconocimiento ambiental\"}]},{\"@type\":\"WebSite\",\"@id\":\"https:\\\/\\\/www.quebakan.com\\\/v15\\\/#website\",\"url\":\"https:\\\/\\\/www.quebakan.com\\\/v15\\\/\",\"name\":\"QUEBAKAN\",\"description\":\"..\",\"publisher\":{\"@id\":\"https:\\\/\\\/www.quebakan.com\\\/v15\\\/#organization\"},\"potentialAction\":[{\"@type\":\"SearchAction\",\"target\":{\"@type\":\"EntryPoint\",\"urlTemplate\":\"https:\\\/\\\/www.quebakan.com\\\/v15\\\/?s={search_term_string}\"},\"query-input\":{\"@type\":\"PropertyValueSpecification\",\"valueRequired\":true,\"valueName\":\"search_term_string\"}}],\"inLanguage\":\"es\"},{\"@type\":\"Organization\",\"@id\":\"https:\\\/\\\/www.quebakan.com\\\/v15\\\/#organization\",\"name\":\"Quebakan.com\",\"url\":\"https:\\\/\\\/www.quebakan.com\\\/v15\\\/\",\"logo\":{\"@type\":\"ImageObject\",\"inLanguage\":\"es\",\"@id\":\"https:\\\/\\\/www.quebakan.com\\\/v15\\\/#\\\/schema\\\/logo\\\/image\\\/\",\"url\":\"https:\\\/\\\/www.quebakan.com\\\/v15\\\/wp-content\\\/uploads\\\/2023\\\/07\\\/logoquebakanenero2021.jpg\",\"contentUrl\":\"https:\\\/\\\/www.quebakan.com\\\/v15\\\/wp-content\\\/uploads\\\/2023\\\/07\\\/logoquebakanenero2021.jpg\",\"width\":1920,\"height\":1080,\"caption\":\"Quebakan.com\"},\"image\":{\"@id\":\"https:\\\/\\\/www.quebakan.com\\\/v15\\\/#\\\/schema\\\/logo\\\/image\\\/\"},\"sameAs\":[\"http:\\\/\\\/www.facebook.com\\\/quebakan\",\"https:\\\/\\\/x.com\\\/quebakanec\",\"http:\\\/\\\/www.instagram.com\\\/quebakan\",\"http:\\\/\\\/www.youtube.com\\\/quebakan1\"]},{\"@type\":\"Person\",\"@id\":\"https:\\\/\\\/www.quebakan.com\\\/v15\\\/#\\\/schema\\\/person\\\/d90fa9f9cfa81eb8ace9811e5b7b9118\",\"name\":\"Erick Villafuerte\",\"image\":{\"@type\":\"ImageObject\",\"inLanguage\":\"es\",\"@id\":\"https:\\\/\\\/www.quebakan.com\\\/v15\\\/wp-content\\\/uploads\\\/avatars\\\/4\\\/1731297654-bpfull.png\",\"url\":\"https:\\\/\\\/www.quebakan.com\\\/v15\\\/wp-content\\\/uploads\\\/avatars\\\/4\\\/1731297654-bpfull.png\",\"contentUrl\":\"https:\\\/\\\/www.quebakan.com\\\/v15\\\/wp-content\\\/uploads\\\/avatars\\\/4\\\/1731297654-bpfull.png\",\"caption\":\"Erick Villafuerte\"}}]}<\/script>\n<!-- \/ Yoast SEO plugin. -->","yoast_head_json":{"title":"Yanbal reafirma su liderazgo sostenible con un nuevo reconocimiento ambiental &#8211; QUEBAKAN.COM 2026: Noticias, Eventos, Conciertos y mucho m\u00e1s....","robots":{"index":"index","follow":"follow","max-snippet":"max-snippet:-1","max-image-preview":"max-image-preview:large","max-video-preview":"max-video-preview:-1"},"canonical":"https:\/\/www.quebakan.com\/v15\/yanbal-reafirma-su-liderazgo-sostenible-con-un-nuevo-reconocimiento-ambiental\/","og_locale":"es_ES","og_type":"article","og_title":"Yanbal reafirma su liderazgo sostenible con un nuevo reconocimiento ambiental &#8211; QUEBAKAN.COM 2026: Noticias, Eventos, Conciertos y mucho m\u00e1s....","og_description":"Los Reconocimientos Ambientales Quito Sostenible tienen como objetivo impulsar y visibilizar las buenas pr\u00e1cticas de responsabilidad ambiental dentro del sector productivo y empresarial de la ciudad. Las empresas que reciben esta distinci\u00f3n destacan por su compromiso con la mejora continua, la transparencia y la implementaci\u00f3n de acciones concretas que aportan al cuidado del entorno y [&hellip;]","og_url":"https:\/\/www.quebakan.com\/v15\/yanbal-reafirma-su-liderazgo-sostenible-con-un-nuevo-reconocimiento-ambiental\/","og_site_name":"QUEBAKAN.COM 2026: Noticias, Eventos, Conciertos y mucho m\u00e1s....","article_publisher":"http:\/\/www.facebook.com\/quebakan","article_published_time":"2025-12-03T21:39:19+00:00","og_image":[{"width":557,"height":700,"url":"https:\/\/www.quebakan.com\/v15\/wp-content\/uploads\/2025\/12\/reconocimientoMunicipio2025.jpg","type":"image\/jpeg"}],"author":"Erick Villafuerte","twitter_card":"summary_large_image","twitter_creator":"@quebakanec","twitter_site":"@quebakanec","twitter_misc":{"Escrito por":"Erick Villafuerte","Tiempo de lectura":"2 minutos"},"schema":{"@context":"https:\/\/schema.org","@graph":[{"@type":"Article","@id":"https:\/\/www.quebakan.com\/v15\/yanbal-reafirma-su-liderazgo-sostenible-con-un-nuevo-reconocimiento-ambiental\/#article","isPartOf":{"@id":"https:\/\/www.quebakan.com\/v15\/yanbal-reafirma-su-liderazgo-sostenible-con-un-nuevo-reconocimiento-ambiental\/"},"author":{"name":"Erick Villafuerte","@id":"https:\/\/www.quebakan.com\/v15\/#\/schema\/person\/d90fa9f9cfa81eb8ace9811e5b7b9118"},"headline":"Yanbal reafirma su liderazgo sostenible con un nuevo reconocimiento ambiental","datePublished":"2025-12-03T21:39:19+00:00","mainEntityOfPage":{"@id":"https:\/\/www.quebakan.com\/v15\/yanbal-reafirma-su-liderazgo-sostenible-con-un-nuevo-reconocimiento-ambiental\/"},"wordCount":239,"publisher":{"@id":"https:\/\/www.quebakan.com\/v15\/#organization"},"image":{"@id":"https:\/\/www.quebakan.com\/v15\/yanbal-reafirma-su-liderazgo-sostenible-con-un-nuevo-reconocimiento-ambiental\/#primaryimage"},"thumbnailUrl":"https:\/\/www.quebakan.com\/v15\/wp-content\/uploads\/2025\/12\/reconocimientoMunicipio2025.jpg","articleSection":["Noticias"],"inLanguage":"es"},{"@type":"WebPage","@id":"https:\/\/www.quebakan.com\/v15\/yanbal-reafirma-su-liderazgo-sostenible-con-un-nuevo-reconocimiento-ambiental\/","url":"https:\/\/www.quebakan.com\/v15\/yanbal-reafirma-su-liderazgo-sostenible-con-un-nuevo-reconocimiento-ambiental\/","name":"Yanbal reafirma su liderazgo sostenible con un nuevo reconocimiento ambiental &#8211; QUEBAKAN.COM 2026: Noticias, Eventos, Conciertos y mucho m\u00e1s....","isPartOf":{"@id":"https:\/\/www.quebakan.com\/v15\/#website"},"primaryImageOfPage":{"@id":"https:\/\/www.quebakan.com\/v15\/yanbal-reafirma-su-liderazgo-sostenible-con-un-nuevo-reconocimiento-ambiental\/#primaryimage"},"image":{"@id":"https:\/\/www.quebakan.com\/v15\/yanbal-reafirma-su-liderazgo-sostenible-con-un-nuevo-reconocimiento-ambiental\/#primaryimage"},"thumbnailUrl":"https:\/\/www.quebakan.com\/v15\/wp-content\/uploads\/2025\/12\/reconocimientoMunicipio2025.jpg","datePublished":"2025-12-03T21:39:19+00:00","breadcrumb":{"@id":"https:\/\/www.quebakan.com\/v15\/yanbal-reafirma-su-liderazgo-sostenible-con-un-nuevo-reconocimiento-ambiental\/#breadcrumb"},"inLanguage":"es","potentialAction":[{"@type":"ReadAction","target":["https:\/\/www.quebakan.com\/v15\/yanbal-reafirma-su-liderazgo-sostenible-con-un-nuevo-reconocimiento-ambiental\/"]}]},{"@type":"ImageObject","inLanguage":"es","@id":"https:\/\/www.quebakan.com\/v15\/yanbal-reafirma-su-liderazgo-sostenible-con-un-nuevo-reconocimiento-ambiental\/#primaryimage","url":"https:\/\/www.quebakan.com\/v15\/wp-content\/uploads\/2025\/12\/reconocimientoMunicipio2025.jpg","contentUrl":"https:\/\/www.quebakan.com\/v15\/wp-content\/uploads\/2025\/12\/reconocimientoMunicipio2025.jpg","width":557,"height":700},{"@type":"BreadcrumbList","@id":"https:\/\/www.quebakan.com\/v15\/yanbal-reafirma-su-liderazgo-sostenible-con-un-nuevo-reconocimiento-ambiental\/#breadcrumb","itemListElement":[{"@type":"ListItem","position":1,"name":"Portada","item":"https:\/\/www.quebakan.com\/v15\/"},{"@type":"ListItem","position":2,"name":"Yanbal reafirma su liderazgo sostenible con un nuevo reconocimiento ambiental"}]},{"@type":"WebSite","@id":"https:\/\/www.quebakan.com\/v15\/#website","url":"https:\/\/www.quebakan.com\/v15\/","name":"QUEBAKAN","description":"..","publisher":{"@id":"https:\/\/www.quebakan.com\/v15\/#organization"},"potentialAction":[{"@type":"SearchAction","target":{"@type":"EntryPoint","urlTemplate":"https:\/\/www.quebakan.com\/v15\/?s={search_term_string}"},"query-input":{"@type":"PropertyValueSpecification","valueRequired":true,"valueName":"search_term_string"}}],"inLanguage":"es"},{"@type":"Organization","@id":"https:\/\/www.quebakan.com\/v15\/#organization","name":"Quebakan.com","url":"https:\/\/www.quebakan.com\/v15\/","logo":{"@type":"ImageObject","inLanguage":"es","@id":"https:\/\/www.quebakan.com\/v15\/#\/schema\/logo\/image\/","url":"https:\/\/www.quebakan.com\/v15\/wp-content\/uploads\/2023\/07\/logoquebakanenero2021.jpg","contentUrl":"https:\/\/www.quebakan.com\/v15\/wp-content\/uploads\/2023\/07\/logoquebakanenero2021.jpg","width":1920,"height":1080,"caption":"Quebakan.com"},"image":{"@id":"https:\/\/www.quebakan.com\/v15\/#\/schema\/logo\/image\/"},"sameAs":["http:\/\/www.facebook.com\/quebakan","https:\/\/x.com\/quebakanec","http:\/\/www.instagram.com\/quebakan","http:\/\/www.youtube.com\/quebakan1"]},{"@type":"Person","@id":"https:\/\/www.quebakan.com\/v15\/#\/schema\/person\/d90fa9f9cfa81eb8ace9811e5b7b9118","name":"Erick Villafuerte","image":{"@type":"ImageObject","inLanguage":"es","@id":"https:\/\/www.quebakan.com\/v15\/wp-content\/uploads\/avatars\/4\/1731297654-bpfull.png","url":"https:\/\/www.quebakan.com\/v15\/wp-content\/uploads\/avatars\/4\/1731297654-bpfull.png","contentUrl":"https:\/\/www.quebakan.com\/v15\/wp-content\/uploads\/avatars\/4\/1731297654-bpfull.png","caption":"Erick Villafuerte"}}]}},"_links":{"self":[{"href":"https:\/\/www.quebakan.com\/v15\/wp-json\/wp\/v2\/posts\/138102","targetHints":{"allow":["GET"]}}],"collection":[{"href":"https:\/\/www.quebakan.com\/v15\/wp-json\/wp\/v2\/posts"}],"about":[{"href":"https:\/\/www.quebakan.com\/v15\/wp-json\/wp\/v2\/types\/post"}],"author":[{"embeddable":true,"href":"https:\/\/www.quebakan.com\/v15\/wp-json\/wp\/v2\/users\/4"}],"replies":[{"embeddable":true,"href":"https:\/\/www.quebakan.com\/v15\/wp-json\/wp\/v2\/comments?post=138102"}],"version-history":[{"count":1,"href":"https:\/\/www.quebakan.com\/v15\/wp-json\/wp\/v2\/posts\/138102\/revisions"}],"predecessor-version":[{"id":138104,"href":"https:\/\/www.quebakan.com\/v15\/wp-json\/wp\/v2\/posts\/138102\/revisions\/138104"}],"wp:featuredmedia":[{"embeddable":true,"href":"https:\/\/www.quebakan.com\/v15\/wp-json\/wp\/v2\/media\/138103"}],"wp:attachment":[{"href":"https:\/\/www.quebakan.com\/v15\/wp-json\/wp\/v2\/media?parent=138102"}],"wp:term":[{"taxonomy":"category","embeddable":true,"href":"https:\/\/www.quebakan.com\/v15\/wp-json\/wp\/v2\/categories?post=138102"},{"taxonomy":"post_tag","embeddable":true,"href":"https:\/\/www.quebakan.com\/v15\/wp-json\/wp\/v2\/tags?post=138102"}],"curies":[{"name":"wp","href":"https:\/\/api.w.org\/{rel}","templated":true}]}}