{"id":138120,"date":"2025-12-04T11:44:55","date_gmt":"2025-12-04T16:44:55","guid":{"rendered":"https:\/\/www.quebakan.com\/v15\/?p=138120"},"modified":"2025-12-04T11:44:55","modified_gmt":"2025-12-04T16:44:55","slug":"estilo-y-practicidad-tech-en-ecuador-klip-xtreme-presento-su-linea-fashion-bags","status":"publish","type":"post","link":"https:\/\/www.quebakan.com\/v15\/estilo-y-practicidad-tech-en-ecuador-klip-xtreme-presento-su-linea-fashion-bags\/","title":{"rendered":"Estilo y practicidad tech en Ecuador: Klip Xtreme present\u00f3 su l\u00ednea Fashion Bags"},"content":{"rendered":"<p align=\"center\"><img fetchpriority=\"high\" decoding=\"async\" class=\"aligncenter size-full wp-image-138121\" src=\"https:\/\/www.quebakan.com\/v15\/wp-content\/uploads\/2025\/12\/Carolina-Freile-Territory-Manager-para-Colombia-Ecuador-y-Venezuela-de-Klip-Xtreme-y-Xtech2.jpg\" alt=\"\" width=\"700\" height=\"415\" \/><\/p>\n<p class=\"x_MsoNormal\" style=\"text-align: justify;\" align=\"center\"><span style=\"color: #000000;\"><i><span lang=\"ES\" data-olk-copy-source=\"MessageBody\">La marca anunci\u00f3 el lanzamiento de su nueva colecci\u00f3n de mochilas, bolsos y organizadores tecnol\u00f3gicos que combinan dise\u00f1o sofisticado con funcionalidad inteligente. La l\u00ednea Fashion Bags incluye las familias Ada, Isa, Eva, Sam y Val, dise\u00f1adas para quienes buscan dise\u00f1o sin sacrificar funcionalidad.<\/span><\/i><\/span><\/p>\n<p class=\"x_MsoNormal\" style=\"text-align: justify;\"><span lang=\"ES\" style=\"color: #000000;\"><strong>Guayaquil, 3 de diciembre de 2025.-<\/strong> Klip Xtreme, la marca de audio, accesorios y productos perif\u00e9ricos de tecnolog\u00eda, inform\u00f3 la presentaci\u00f3n de Fashion Bags, su nueva l\u00ednea de mochilas, bolsos shopper y organizadores tecnol\u00f3gicos dise\u00f1ados para quienes necesitan mantener sus dispositivos protegidos, organizados y accesibles sin renunciar al estilo.<\/span><\/p>\n<p class=\"x_MsoNormal\" style=\"text-align: justify;\"><span lang=\"ES\" style=\"color: #000000;\">\u201cLa l\u00ednea Fashion Bags representa nuestra visi\u00f3n de que la tecnolog\u00eda y el estilo pueden coexistir perfectamente en la vida moderna. Ya no hay que elegir entre practicidad y dise\u00f1o: nuestros productos ofrecen ambas cualidades de manera impecable\u00bb, destac\u00f3\u00a0<b>Carolina Freile, Territory Manager para Colombia, Ecuador y Venezuela de Klip Xtreme y Xtech<\/b>. Y agreg\u00f3: \u00abEn un mundo donde los dispositivos juegan un rol fundamental en nuestra vida diaria, necesitamos soluciones que no solo protejan nuestra tecnolog\u00eda, sino que tambi\u00e9n reflejen nuestro estilo personal. Fashion Bags combina est\u00e9tica contempor\u00e1nea con funcionalidad inteligente, creando productos que se adaptan al ritmo de vida actual, ya sea en la oficina, la universidad o durante los viajes\u201d.<\/span><\/p>\n<p class=\"x_MsoNormal\" style=\"text-align: justify;\"><span lang=\"ES\" style=\"color: #000000;\">La l\u00ednea Fashion Bags se divide en cinco familias distintivas: Ada, Isa, Eva, Sam y Val, dotadas de caracter\u00edsticas para diferentes necesidades y estilos de vida.<\/span><\/p>\n<p class=\"x_MsoNormal\" style=\"text-align: justify;\"><span lang=\"ES\" style=\"color: #000000;\">\u201cCada una de nuestras familias de Fashion Bags cuenta con una est\u00e9tica caracter\u00edstica y una variedad de productos que van desde bolsas y mochilas espaciosas hasta organizadores compactos. Esto hace que podamos ofrecer productos para cada tipo de usuario y ocasi\u00f3n. Ya sea que se trate de viajeros, estudiantes, profesionales, creadores de contenidos o para hacer las compras con mayor comodidad y estilo, todos pueden encontrar el adecuado para su d\u00eda a d\u00eda\u201d, explic\u00f3\u00a0<b>Carolina Freile<\/b>.<\/span><\/p>\n<p class=\"x_MsoNormal\" style=\"text-align: justify;\"><span lang=\"ES\" style=\"color: #000000;\">La l\u00ednea Fashion Bags de Klip Xtreme se distingue por su atenci\u00f3n a la organizaci\u00f3n de dispositivos y accesorios tecnol\u00f3gicos. Cada producto incorpora compartimentos especializados con acolchado protector para laptops y tablets, bolsillos internos estrat\u00e9gicamente ubicados para maximizar el orden, y divisores inteligentes que mantienen cables, cargadores y gadgets siempre accesibles. Los organizadores incluyen correas el\u00e1sticas, bolsillos de malla y sistemas de sujeci\u00f3n con mosquet\u00f3n que garantizan que cada elemento tenga su lugar espec\u00edfico, eliminando el caos de buscar accesorios en el momento menos indicado.<\/span><\/p>\n<p class=\"x_MsoNormal\" style=\"text-align: justify;\"><span lang=\"ES\" style=\"color: #000000;\">\u201cLa calidad de los materiales es un pilar fundamental de Fashion Bags. Toda la l\u00ednea est\u00e1 fabricada con nylon de alta resistencia que combina durabilidad con ligereza, complementado con acabados repelentes al agua que protegen el contenido contra imprevistos clim\u00e1ticos. Las cremalleras de acci\u00f3n suave garantizan acceso r\u00e1pido y seguro, mientras que las costuras reforzadas soportan el uso intensivo diario. Detalles como correas de hombro acolchadas, correas traseras para sujetar al equipaje y capacidades de carga robustas demuestran que estos productos est\u00e1n dise\u00f1ados para acompa\u00f1ar cualquier estilo de vida activo, desde el traj\u00edn urbano hasta los viajes frecuentes, sin comprometer ni la protecci\u00f3n de los dispositivos ni el confort del usuario\u201d, detall\u00f3\u00a0<b>Carolina Freile<\/b>, quien dijo para concluir: \u201cCon el lanzamiento de Fashion Bags, Klip Xtreme reafirma su compromiso de desarrollar soluciones que respondan a las necesidades del usuario moderno. Estos productos no son solo accesorios, son aliados diarios que protegen la tecnolog\u00eda, mantienen la organizaci\u00f3n y reflejan el estilo personal de quienes los usan. Ya no hay que elegir entre funcional o con onda: Fashion Bags lo tiene todo\u201d.<\/span><\/p>\n<p><img decoding=\"async\" class=\"aligncenter size-full wp-image-138122\" src=\"https:\/\/www.quebakan.com\/v15\/wp-content\/uploads\/2025\/12\/Klip_Xtreme_Fashion_Bags2.jpg\" alt=\"\" width=\"700\" height=\"394\" \/><\/p>\n<p>&nbsp;<\/p>\n<p><img decoding=\"async\" class=\"aligncenter size-full wp-image-138123\" src=\"https:\/\/www.quebakan.com\/v15\/wp-content\/uploads\/2025\/12\/Klip_Xtreme_Fashion_Bags3.jpg\" alt=\"\" width=\"700\" height=\"394\" \/><\/p>\n<p>&nbsp;<\/p>\n<p><img loading=\"lazy\" decoding=\"async\" class=\"aligncenter size-full wp-image-138124\" src=\"https:\/\/www.quebakan.com\/v15\/wp-content\/uploads\/2025\/12\/Klip_Xtreme_Fashion_Bags4.jpg\" alt=\"\" width=\"700\" height=\"394\" \/><\/p>\n<p>&nbsp;<\/p>\n<p><img loading=\"lazy\" decoding=\"async\" class=\"aligncenter size-full wp-image-138125\" src=\"https:\/\/www.quebakan.com\/v15\/wp-content\/uploads\/2025\/12\/Klip_Xtreme_Fashion_Bags.jpg\" alt=\"\" width=\"700\" height=\"394\" \/><\/p>\n","protected":false},"excerpt":{"rendered":"<p>La marca anunci\u00f3 el lanzamiento de su nueva colecci\u00f3n de mochilas, bolsos y organizadores tecnol\u00f3gicos que combinan dise\u00f1o sofisticado con funcionalidad inteligente. La l\u00ednea Fashion Bags incluye las familias Ada, Isa, Eva, Sam y Val, dise\u00f1adas para quienes buscan dise\u00f1o sin sacrificar funcionalidad. Guayaquil, 3 de diciembre de 2025.- Klip Xtreme, la marca de audio, [&hellip;]<\/p>\n","protected":false},"author":4,"featured_media":0,"comment_status":"closed","ping_status":"closed","sticky":false,"template":"","format":"standard","meta":{"_bbp_topic_count":0,"_bbp_reply_count":0,"_bbp_total_topic_count":0,"_bbp_total_reply_count":0,"_bbp_voice_count":0,"_bbp_anonymous_reply_count":0,"_bbp_topic_count_hidden":0,"_bbp_reply_count_hidden":0,"_bbp_forum_subforum_count":0,"buzzeditor_post_format":"","footnotes":""},"categories":[2],"tags":[],"class_list":["post-138120","post","type-post","status-publish","format-standard","hentry","category-noticias"],"yoast_head":"<!-- This site is optimized with the Yoast SEO plugin v27.5 - https:\/\/yoast.com\/product\/yoast-seo-wordpress\/ -->\n<title>Estilo y practicidad tech en Ecuador: Klip Xtreme present\u00f3 su l\u00ednea Fashion Bags &#8211; QUEBAKAN.COM 2026: Noticias, Eventos, Conciertos y mucho m\u00e1s....<\/title>\n<meta name=\"robots\" content=\"index, follow, max-snippet:-1, max-image-preview:large, max-video-preview:-1\" \/>\n<link rel=\"canonical\" href=\"https:\/\/www.quebakan.com\/v15\/estilo-y-practicidad-tech-en-ecuador-klip-xtreme-presento-su-linea-fashion-bags\/\" \/>\n<meta property=\"og:locale\" content=\"es_ES\" \/>\n<meta property=\"og:type\" content=\"article\" \/>\n<meta property=\"og:title\" content=\"Estilo y practicidad tech en Ecuador: Klip Xtreme present\u00f3 su l\u00ednea Fashion Bags &#8211; QUEBAKAN.COM 2026: Noticias, Eventos, Conciertos y mucho m\u00e1s....\" \/>\n<meta property=\"og:description\" content=\"La marca anunci\u00f3 el lanzamiento de su nueva colecci\u00f3n de mochilas, bolsos y organizadores tecnol\u00f3gicos que combinan dise\u00f1o sofisticado con funcionalidad inteligente. La l\u00ednea Fashion Bags incluye las familias Ada, Isa, Eva, Sam y Val, dise\u00f1adas para quienes buscan dise\u00f1o sin sacrificar funcionalidad. Guayaquil, 3 de diciembre de 2025.- Klip Xtreme, la marca de audio, [&hellip;]\" \/>\n<meta property=\"og:url\" content=\"https:\/\/www.quebakan.com\/v15\/estilo-y-practicidad-tech-en-ecuador-klip-xtreme-presento-su-linea-fashion-bags\/\" \/>\n<meta property=\"og:site_name\" content=\"QUEBAKAN.COM 2026: Noticias, Eventos, Conciertos y mucho m\u00e1s....\" \/>\n<meta property=\"article:publisher\" content=\"http:\/\/www.facebook.com\/quebakan\" \/>\n<meta property=\"article:published_time\" content=\"2025-12-04T16:44:55+00:00\" \/>\n<meta property=\"og:image\" content=\"https:\/\/www.quebakan.com\/v15\/wp-content\/uploads\/2025\/12\/Carolina-Freile-Territory-Manager-para-Colombia-Ecuador-y-Venezuela-de-Klip-Xtreme-y-Xtech2.jpg\" \/>\n\t<meta property=\"og:image:width\" content=\"700\" \/>\n\t<meta property=\"og:image:height\" content=\"415\" \/>\n\t<meta property=\"og:image:type\" content=\"image\/jpeg\" \/>\n<meta name=\"author\" content=\"Erick Villafuerte\" \/>\n<meta name=\"twitter:card\" content=\"summary_large_image\" \/>\n<meta name=\"twitter:creator\" content=\"@quebakanec\" \/>\n<meta name=\"twitter:site\" content=\"@quebakanec\" \/>\n<meta name=\"twitter:label1\" content=\"Escrito por\" \/>\n\t<meta name=\"twitter:data1\" content=\"Erick Villafuerte\" \/>\n\t<meta name=\"twitter:label2\" content=\"Tiempo de lectura\" \/>\n\t<meta name=\"twitter:data2\" content=\"4 minutos\" \/>\n<script type=\"application\/ld+json\" class=\"yoast-schema-graph\">{\"@context\":\"https:\\\/\\\/schema.org\",\"@graph\":[{\"@type\":\"Article\",\"@id\":\"https:\\\/\\\/www.quebakan.com\\\/v15\\\/estilo-y-practicidad-tech-en-ecuador-klip-xtreme-presento-su-linea-fashion-bags\\\/#article\",\"isPartOf\":{\"@id\":\"https:\\\/\\\/www.quebakan.com\\\/v15\\\/estilo-y-practicidad-tech-en-ecuador-klip-xtreme-presento-su-linea-fashion-bags\\\/\"},\"author\":{\"name\":\"Erick Villafuerte\",\"@id\":\"https:\\\/\\\/www.quebakan.com\\\/v15\\\/#\\\/schema\\\/person\\\/d90fa9f9cfa81eb8ace9811e5b7b9118\"},\"headline\":\"Estilo y practicidad tech en Ecuador: Klip Xtreme present\u00f3 su l\u00ednea Fashion Bags\",\"datePublished\":\"2025-12-04T16:44:55+00:00\",\"mainEntityOfPage\":{\"@id\":\"https:\\\/\\\/www.quebakan.com\\\/v15\\\/estilo-y-practicidad-tech-en-ecuador-klip-xtreme-presento-su-linea-fashion-bags\\\/\"},\"wordCount\":635,\"publisher\":{\"@id\":\"https:\\\/\\\/www.quebakan.com\\\/v15\\\/#organization\"},\"image\":{\"@id\":\"https:\\\/\\\/www.quebakan.com\\\/v15\\\/estilo-y-practicidad-tech-en-ecuador-klip-xtreme-presento-su-linea-fashion-bags\\\/#primaryimage\"},\"thumbnailUrl\":\"https:\\\/\\\/www.quebakan.com\\\/v15\\\/wp-content\\\/uploads\\\/2025\\\/12\\\/Carolina-Freile-Territory-Manager-para-Colombia-Ecuador-y-Venezuela-de-Klip-Xtreme-y-Xtech2.jpg\",\"articleSection\":[\"Noticias\"],\"inLanguage\":\"es\"},{\"@type\":\"WebPage\",\"@id\":\"https:\\\/\\\/www.quebakan.com\\\/v15\\\/estilo-y-practicidad-tech-en-ecuador-klip-xtreme-presento-su-linea-fashion-bags\\\/\",\"url\":\"https:\\\/\\\/www.quebakan.com\\\/v15\\\/estilo-y-practicidad-tech-en-ecuador-klip-xtreme-presento-su-linea-fashion-bags\\\/\",\"name\":\"Estilo y practicidad tech en Ecuador: Klip Xtreme present\u00f3 su l\u00ednea Fashion Bags &#8211; QUEBAKAN.COM 2026: Noticias, Eventos, Conciertos y mucho m\u00e1s....\",\"isPartOf\":{\"@id\":\"https:\\\/\\\/www.quebakan.com\\\/v15\\\/#website\"},\"primaryImageOfPage\":{\"@id\":\"https:\\\/\\\/www.quebakan.com\\\/v15\\\/estilo-y-practicidad-tech-en-ecuador-klip-xtreme-presento-su-linea-fashion-bags\\\/#primaryimage\"},\"image\":{\"@id\":\"https:\\\/\\\/www.quebakan.com\\\/v15\\\/estilo-y-practicidad-tech-en-ecuador-klip-xtreme-presento-su-linea-fashion-bags\\\/#primaryimage\"},\"thumbnailUrl\":\"https:\\\/\\\/www.quebakan.com\\\/v15\\\/wp-content\\\/uploads\\\/2025\\\/12\\\/Carolina-Freile-Territory-Manager-para-Colombia-Ecuador-y-Venezuela-de-Klip-Xtreme-y-Xtech2.jpg\",\"datePublished\":\"2025-12-04T16:44:55+00:00\",\"breadcrumb\":{\"@id\":\"https:\\\/\\\/www.quebakan.com\\\/v15\\\/estilo-y-practicidad-tech-en-ecuador-klip-xtreme-presento-su-linea-fashion-bags\\\/#breadcrumb\"},\"inLanguage\":\"es\",\"potentialAction\":[{\"@type\":\"ReadAction\",\"target\":[\"https:\\\/\\\/www.quebakan.com\\\/v15\\\/estilo-y-practicidad-tech-en-ecuador-klip-xtreme-presento-su-linea-fashion-bags\\\/\"]}]},{\"@type\":\"ImageObject\",\"inLanguage\":\"es\",\"@id\":\"https:\\\/\\\/www.quebakan.com\\\/v15\\\/estilo-y-practicidad-tech-en-ecuador-klip-xtreme-presento-su-linea-fashion-bags\\\/#primaryimage\",\"url\":\"https:\\\/\\\/www.quebakan.com\\\/v15\\\/wp-content\\\/uploads\\\/2025\\\/12\\\/Carolina-Freile-Territory-Manager-para-Colombia-Ecuador-y-Venezuela-de-Klip-Xtreme-y-Xtech2.jpg\",\"contentUrl\":\"https:\\\/\\\/www.quebakan.com\\\/v15\\\/wp-content\\\/uploads\\\/2025\\\/12\\\/Carolina-Freile-Territory-Manager-para-Colombia-Ecuador-y-Venezuela-de-Klip-Xtreme-y-Xtech2.jpg\",\"width\":700,\"height\":415},{\"@type\":\"BreadcrumbList\",\"@id\":\"https:\\\/\\\/www.quebakan.com\\\/v15\\\/estilo-y-practicidad-tech-en-ecuador-klip-xtreme-presento-su-linea-fashion-bags\\\/#breadcrumb\",\"itemListElement\":[{\"@type\":\"ListItem\",\"position\":1,\"name\":\"Portada\",\"item\":\"https:\\\/\\\/www.quebakan.com\\\/v15\\\/\"},{\"@type\":\"ListItem\",\"position\":2,\"name\":\"Estilo y practicidad tech en Ecuador: Klip Xtreme present\u00f3 su l\u00ednea Fashion Bags\"}]},{\"@type\":\"WebSite\",\"@id\":\"https:\\\/\\\/www.quebakan.com\\\/v15\\\/#website\",\"url\":\"https:\\\/\\\/www.quebakan.com\\\/v15\\\/\",\"name\":\"QUEBAKAN\",\"description\":\"..\",\"publisher\":{\"@id\":\"https:\\\/\\\/www.quebakan.com\\\/v15\\\/#organization\"},\"potentialAction\":[{\"@type\":\"SearchAction\",\"target\":{\"@type\":\"EntryPoint\",\"urlTemplate\":\"https:\\\/\\\/www.quebakan.com\\\/v15\\\/?s={search_term_string}\"},\"query-input\":{\"@type\":\"PropertyValueSpecification\",\"valueRequired\":true,\"valueName\":\"search_term_string\"}}],\"inLanguage\":\"es\"},{\"@type\":\"Organization\",\"@id\":\"https:\\\/\\\/www.quebakan.com\\\/v15\\\/#organization\",\"name\":\"Quebakan.com\",\"url\":\"https:\\\/\\\/www.quebakan.com\\\/v15\\\/\",\"logo\":{\"@type\":\"ImageObject\",\"inLanguage\":\"es\",\"@id\":\"https:\\\/\\\/www.quebakan.com\\\/v15\\\/#\\\/schema\\\/logo\\\/image\\\/\",\"url\":\"https:\\\/\\\/www.quebakan.com\\\/v15\\\/wp-content\\\/uploads\\\/2023\\\/07\\\/logoquebakanenero2021.jpg\",\"contentUrl\":\"https:\\\/\\\/www.quebakan.com\\\/v15\\\/wp-content\\\/uploads\\\/2023\\\/07\\\/logoquebakanenero2021.jpg\",\"width\":1920,\"height\":1080,\"caption\":\"Quebakan.com\"},\"image\":{\"@id\":\"https:\\\/\\\/www.quebakan.com\\\/v15\\\/#\\\/schema\\\/logo\\\/image\\\/\"},\"sameAs\":[\"http:\\\/\\\/www.facebook.com\\\/quebakan\",\"https:\\\/\\\/x.com\\\/quebakanec\",\"http:\\\/\\\/www.instagram.com\\\/quebakan\",\"http:\\\/\\\/www.youtube.com\\\/quebakan1\"]},{\"@type\":\"Person\",\"@id\":\"https:\\\/\\\/www.quebakan.com\\\/v15\\\/#\\\/schema\\\/person\\\/d90fa9f9cfa81eb8ace9811e5b7b9118\",\"name\":\"Erick Villafuerte\",\"image\":{\"@type\":\"ImageObject\",\"inLanguage\":\"es\",\"@id\":\"https:\\\/\\\/www.quebakan.com\\\/v15\\\/wp-content\\\/uploads\\\/avatars\\\/4\\\/1731297654-bpfull.png\",\"url\":\"https:\\\/\\\/www.quebakan.com\\\/v15\\\/wp-content\\\/uploads\\\/avatars\\\/4\\\/1731297654-bpfull.png\",\"contentUrl\":\"https:\\\/\\\/www.quebakan.com\\\/v15\\\/wp-content\\\/uploads\\\/avatars\\\/4\\\/1731297654-bpfull.png\",\"caption\":\"Erick Villafuerte\"}}]}<\/script>\n<!-- \/ Yoast SEO plugin. -->","yoast_head_json":{"title":"Estilo y practicidad tech en Ecuador: Klip Xtreme present\u00f3 su l\u00ednea Fashion Bags &#8211; QUEBAKAN.COM 2026: Noticias, Eventos, Conciertos y mucho m\u00e1s....","robots":{"index":"index","follow":"follow","max-snippet":"max-snippet:-1","max-image-preview":"max-image-preview:large","max-video-preview":"max-video-preview:-1"},"canonical":"https:\/\/www.quebakan.com\/v15\/estilo-y-practicidad-tech-en-ecuador-klip-xtreme-presento-su-linea-fashion-bags\/","og_locale":"es_ES","og_type":"article","og_title":"Estilo y practicidad tech en Ecuador: Klip Xtreme present\u00f3 su l\u00ednea Fashion Bags &#8211; QUEBAKAN.COM 2026: Noticias, Eventos, Conciertos y mucho m\u00e1s....","og_description":"La marca anunci\u00f3 el lanzamiento de su nueva colecci\u00f3n de mochilas, bolsos y organizadores tecnol\u00f3gicos que combinan dise\u00f1o sofisticado con funcionalidad inteligente. La l\u00ednea Fashion Bags incluye las familias Ada, Isa, Eva, Sam y Val, dise\u00f1adas para quienes buscan dise\u00f1o sin sacrificar funcionalidad. Guayaquil, 3 de diciembre de 2025.- Klip Xtreme, la marca de audio, [&hellip;]","og_url":"https:\/\/www.quebakan.com\/v15\/estilo-y-practicidad-tech-en-ecuador-klip-xtreme-presento-su-linea-fashion-bags\/","og_site_name":"QUEBAKAN.COM 2026: Noticias, Eventos, Conciertos y mucho m\u00e1s....","article_publisher":"http:\/\/www.facebook.com\/quebakan","article_published_time":"2025-12-04T16:44:55+00:00","og_image":[{"width":700,"height":415,"url":"https:\/\/www.quebakan.com\/v15\/wp-content\/uploads\/2025\/12\/Carolina-Freile-Territory-Manager-para-Colombia-Ecuador-y-Venezuela-de-Klip-Xtreme-y-Xtech2.jpg","type":"image\/jpeg"}],"author":"Erick Villafuerte","twitter_card":"summary_large_image","twitter_creator":"@quebakanec","twitter_site":"@quebakanec","twitter_misc":{"Escrito por":"Erick Villafuerte","Tiempo de lectura":"4 minutos"},"schema":{"@context":"https:\/\/schema.org","@graph":[{"@type":"Article","@id":"https:\/\/www.quebakan.com\/v15\/estilo-y-practicidad-tech-en-ecuador-klip-xtreme-presento-su-linea-fashion-bags\/#article","isPartOf":{"@id":"https:\/\/www.quebakan.com\/v15\/estilo-y-practicidad-tech-en-ecuador-klip-xtreme-presento-su-linea-fashion-bags\/"},"author":{"name":"Erick Villafuerte","@id":"https:\/\/www.quebakan.com\/v15\/#\/schema\/person\/d90fa9f9cfa81eb8ace9811e5b7b9118"},"headline":"Estilo y practicidad tech en Ecuador: Klip Xtreme present\u00f3 su l\u00ednea Fashion Bags","datePublished":"2025-12-04T16:44:55+00:00","mainEntityOfPage":{"@id":"https:\/\/www.quebakan.com\/v15\/estilo-y-practicidad-tech-en-ecuador-klip-xtreme-presento-su-linea-fashion-bags\/"},"wordCount":635,"publisher":{"@id":"https:\/\/www.quebakan.com\/v15\/#organization"},"image":{"@id":"https:\/\/www.quebakan.com\/v15\/estilo-y-practicidad-tech-en-ecuador-klip-xtreme-presento-su-linea-fashion-bags\/#primaryimage"},"thumbnailUrl":"https:\/\/www.quebakan.com\/v15\/wp-content\/uploads\/2025\/12\/Carolina-Freile-Territory-Manager-para-Colombia-Ecuador-y-Venezuela-de-Klip-Xtreme-y-Xtech2.jpg","articleSection":["Noticias"],"inLanguage":"es"},{"@type":"WebPage","@id":"https:\/\/www.quebakan.com\/v15\/estilo-y-practicidad-tech-en-ecuador-klip-xtreme-presento-su-linea-fashion-bags\/","url":"https:\/\/www.quebakan.com\/v15\/estilo-y-practicidad-tech-en-ecuador-klip-xtreme-presento-su-linea-fashion-bags\/","name":"Estilo y practicidad tech en Ecuador: Klip Xtreme present\u00f3 su l\u00ednea Fashion Bags &#8211; QUEBAKAN.COM 2026: Noticias, Eventos, Conciertos y mucho m\u00e1s....","isPartOf":{"@id":"https:\/\/www.quebakan.com\/v15\/#website"},"primaryImageOfPage":{"@id":"https:\/\/www.quebakan.com\/v15\/estilo-y-practicidad-tech-en-ecuador-klip-xtreme-presento-su-linea-fashion-bags\/#primaryimage"},"image":{"@id":"https:\/\/www.quebakan.com\/v15\/estilo-y-practicidad-tech-en-ecuador-klip-xtreme-presento-su-linea-fashion-bags\/#primaryimage"},"thumbnailUrl":"https:\/\/www.quebakan.com\/v15\/wp-content\/uploads\/2025\/12\/Carolina-Freile-Territory-Manager-para-Colombia-Ecuador-y-Venezuela-de-Klip-Xtreme-y-Xtech2.jpg","datePublished":"2025-12-04T16:44:55+00:00","breadcrumb":{"@id":"https:\/\/www.quebakan.com\/v15\/estilo-y-practicidad-tech-en-ecuador-klip-xtreme-presento-su-linea-fashion-bags\/#breadcrumb"},"inLanguage":"es","potentialAction":[{"@type":"ReadAction","target":["https:\/\/www.quebakan.com\/v15\/estilo-y-practicidad-tech-en-ecuador-klip-xtreme-presento-su-linea-fashion-bags\/"]}]},{"@type":"ImageObject","inLanguage":"es","@id":"https:\/\/www.quebakan.com\/v15\/estilo-y-practicidad-tech-en-ecuador-klip-xtreme-presento-su-linea-fashion-bags\/#primaryimage","url":"https:\/\/www.quebakan.com\/v15\/wp-content\/uploads\/2025\/12\/Carolina-Freile-Territory-Manager-para-Colombia-Ecuador-y-Venezuela-de-Klip-Xtreme-y-Xtech2.jpg","contentUrl":"https:\/\/www.quebakan.com\/v15\/wp-content\/uploads\/2025\/12\/Carolina-Freile-Territory-Manager-para-Colombia-Ecuador-y-Venezuela-de-Klip-Xtreme-y-Xtech2.jpg","width":700,"height":415},{"@type":"BreadcrumbList","@id":"https:\/\/www.quebakan.com\/v15\/estilo-y-practicidad-tech-en-ecuador-klip-xtreme-presento-su-linea-fashion-bags\/#breadcrumb","itemListElement":[{"@type":"ListItem","position":1,"name":"Portada","item":"https:\/\/www.quebakan.com\/v15\/"},{"@type":"ListItem","position":2,"name":"Estilo y practicidad tech en Ecuador: Klip Xtreme present\u00f3 su l\u00ednea Fashion Bags"}]},{"@type":"WebSite","@id":"https:\/\/www.quebakan.com\/v15\/#website","url":"https:\/\/www.quebakan.com\/v15\/","name":"QUEBAKAN","description":"..","publisher":{"@id":"https:\/\/www.quebakan.com\/v15\/#organization"},"potentialAction":[{"@type":"SearchAction","target":{"@type":"EntryPoint","urlTemplate":"https:\/\/www.quebakan.com\/v15\/?s={search_term_string}"},"query-input":{"@type":"PropertyValueSpecification","valueRequired":true,"valueName":"search_term_string"}}],"inLanguage":"es"},{"@type":"Organization","@id":"https:\/\/www.quebakan.com\/v15\/#organization","name":"Quebakan.com","url":"https:\/\/www.quebakan.com\/v15\/","logo":{"@type":"ImageObject","inLanguage":"es","@id":"https:\/\/www.quebakan.com\/v15\/#\/schema\/logo\/image\/","url":"https:\/\/www.quebakan.com\/v15\/wp-content\/uploads\/2023\/07\/logoquebakanenero2021.jpg","contentUrl":"https:\/\/www.quebakan.com\/v15\/wp-content\/uploads\/2023\/07\/logoquebakanenero2021.jpg","width":1920,"height":1080,"caption":"Quebakan.com"},"image":{"@id":"https:\/\/www.quebakan.com\/v15\/#\/schema\/logo\/image\/"},"sameAs":["http:\/\/www.facebook.com\/quebakan","https:\/\/x.com\/quebakanec","http:\/\/www.instagram.com\/quebakan","http:\/\/www.youtube.com\/quebakan1"]},{"@type":"Person","@id":"https:\/\/www.quebakan.com\/v15\/#\/schema\/person\/d90fa9f9cfa81eb8ace9811e5b7b9118","name":"Erick Villafuerte","image":{"@type":"ImageObject","inLanguage":"es","@id":"https:\/\/www.quebakan.com\/v15\/wp-content\/uploads\/avatars\/4\/1731297654-bpfull.png","url":"https:\/\/www.quebakan.com\/v15\/wp-content\/uploads\/avatars\/4\/1731297654-bpfull.png","contentUrl":"https:\/\/www.quebakan.com\/v15\/wp-content\/uploads\/avatars\/4\/1731297654-bpfull.png","caption":"Erick Villafuerte"}}]}},"_links":{"self":[{"href":"https:\/\/www.quebakan.com\/v15\/wp-json\/wp\/v2\/posts\/138120","targetHints":{"allow":["GET"]}}],"collection":[{"href":"https:\/\/www.quebakan.com\/v15\/wp-json\/wp\/v2\/posts"}],"about":[{"href":"https:\/\/www.quebakan.com\/v15\/wp-json\/wp\/v2\/types\/post"}],"author":[{"embeddable":true,"href":"https:\/\/www.quebakan.com\/v15\/wp-json\/wp\/v2\/users\/4"}],"replies":[{"embeddable":true,"href":"https:\/\/www.quebakan.com\/v15\/wp-json\/wp\/v2\/comments?post=138120"}],"version-history":[{"count":1,"href":"https:\/\/www.quebakan.com\/v15\/wp-json\/wp\/v2\/posts\/138120\/revisions"}],"predecessor-version":[{"id":138126,"href":"https:\/\/www.quebakan.com\/v15\/wp-json\/wp\/v2\/posts\/138120\/revisions\/138126"}],"wp:attachment":[{"href":"https:\/\/www.quebakan.com\/v15\/wp-json\/wp\/v2\/media?parent=138120"}],"wp:term":[{"taxonomy":"category","embeddable":true,"href":"https:\/\/www.quebakan.com\/v15\/wp-json\/wp\/v2\/categories?post=138120"},{"taxonomy":"post_tag","embeddable":true,"href":"https:\/\/www.quebakan.com\/v15\/wp-json\/wp\/v2\/tags?post=138120"}],"curies":[{"name":"wp","href":"https:\/\/api.w.org\/{rel}","templated":true}]}}