{"id":138148,"date":"2025-12-04T21:34:28","date_gmt":"2025-12-05T02:34:28","guid":{"rendered":"https:\/\/www.quebakan.com\/v15\/?p=138148"},"modified":"2025-12-04T21:34:28","modified_gmt":"2025-12-05T02:34:28","slug":"en-mall-del-sol-se-apertura-el-primer-concept-store-de-roland-consolidando-un-nuevo-estandar-de-experiencia-de-compras","status":"publish","type":"post","link":"https:\/\/www.quebakan.com\/v15\/en-mall-del-sol-se-apertura-el-primer-concept-store-de-roland-consolidando-un-nuevo-estandar-de-experiencia-de-compras\/","title":{"rendered":"En Mall del Sol se apertura el primer Concept Store de Roland,  consolidando un nuevo est\u00e1ndar de experiencia de compras"},"content":{"rendered":"<p style=\"text-align: justify;\"><span style=\"color: #000000;\">La nueva tienda integra dise\u00f1o, tecnolog\u00eda y un amplio portafolio de marcas que fortalece la oferta dentro del centro comercial.<\/span><\/p>\n<p><img fetchpriority=\"high\" decoding=\"async\" class=\"aligncenter size-full wp-image-138149\" src=\"https:\/\/www.quebakan.com\/v15\/wp-content\/uploads\/2025\/12\/FROLAND2.jpg\" alt=\"\" width=\"700\" height=\"463\" \/><\/p>\n<div style=\"text-align: justify;\"><span style=\"color: #000000; font-family: arial, sans-serif;\"><b data-olk-copy-source=\"MessageBody\">De izquierda a derecha:\u00a0<\/b><\/span><span style=\"color: #000000; font-family: arial, sans-serif;\">Bruno Zavala, Apoderado General Mobilsol,\u00a0<\/span><span style=\"color: #000000; font-family: arial, sans-serif;\">Cristina Montero, Gerente General Mabel Trading,\u00a0<\/span><span style=\"color: #000000; font-family: arial, sans-serif;\">Sof\u00eda Naranjo, Gerente Comercial y Desarrollo Corporativo Mobilsol,\u00a0<\/span><span style=\"color: #000000; font-family: arial, sans-serif;\">Ma. Fernanda Pacheco, Gerente Corporativa Mabel Group.<\/span><\/div>\n<p style=\"text-align: justify;\"><span style=\"color: #000000;\"><strong>Guayaquil, 03 de diciembre de 2025. \u2013<\/strong> Mall del Sol fortalece su propuesta comercial con la incorporaci\u00f3n de nuevos conceptos que elevan la experiencia de sus visitantes. Este nuevo Concept Store\/Tienda Gran Formato de Roland, con m\u00e1s de 2.000 m\u00b2, se convierte en la primera macrotienda desarrollada por la marca ecuatoriana.<\/span><\/p>\n<p style=\"text-align: justify;\"><span style=\"color: #000000;\">La llegada de este formato responde al crecimiento sostenido que Roland ha tenido en el pa\u00eds y a lagran acogida dentro del centro comercial. La tienda se presenta como un espacio inmersivo donde la arquitectura, iluminaci\u00f3n, creatividad y la asesor\u00eda personalizada se fusionan para transformar la manera en que los clientes interact\u00faan con la marca. Con ambientes tem\u00e1ticos y zonas dise\u00f1adas para explorar nuevas categor\u00edas, la propuesta introduce un estilo de retail que prioriza la inspiraci\u00f3n y la conexi\u00f3n emocional con los productos.<\/span><\/p>\n<p style=\"text-align: justify;\"><span style=\"color: #000000;\">\u201cIncorporar propuestas que conecten con los intereses de nuestros visitantes siempre es motivo de satisfacci\u00f3n. Este nuevo espacio refleja la evoluci\u00f3n del comercio, donde el cliente se sentir\u00e1 <\/span><br \/>\n<span style=\"color: #000000;\">inspirado y acompa\u00f1ado. La apertura de la tienda m\u00e1s grande de Roland es un hito y reafirma nuestro compromiso de seguir impulsando el crecimiento de marcas locales\u201d, expres\u00f3 Sof\u00eda Naranjo, <\/span><br \/>\n<span style=\"color: #000000;\">Gerente Comercial y Desarrollo Corporativo de Mobilsol.<\/span><\/p>\n<p style=\"text-align: justify;\"><span style=\"color: #000000;\">El nuevo local simboliza un logro importante para Roland dentro de su plan de desarrollo comercial. La tienda integra tecnolog\u00eda orientada al bienestar inteligente, decoraci\u00f3n y art\u00edculos para el hogar, adem\u00e1s de una ampliaci\u00f3n significativa de sus l\u00edneas de moda, belleza, calzado y accesorios. Esta expansi\u00f3n complementa las colecciones esenciales con las que la marca inici\u00f3 su historia hace m\u00e1s de 45 a\u00f1os, reafirmando su visi\u00f3n de evolucionar hacia un portafolio m\u00e1s integral y contempor\u00e1neo.<\/span><\/p>\n<p style=\"text-align: justify;\"><span style=\"color: #000000;\">\u201cEste formato es la manifestaci\u00f3n de lo que consideramos que debe ser el retail hoy, espacios que inspiren, conecten y eleven la experiencia de los usuarios. Con esta apertura queremos demostrar <\/span><br \/>\n<span style=\"color: #000000;\">que el retail ecuatoriano puede estar a la altura de cualquier mercado internacional, compitiendo en dise\u00f1o, tendencia y calidad. Este nuevo local refleja nuestra pasi\u00f3n, nuestro proceso y la esencia de lo que somos como marca\u201d, mencion\u00f3 Cristina Montero, gerente general de Roland.<\/span><\/p>\n<p style=\"text-align: justify;\"><span style=\"color: #000000;\">Con la inauguraci\u00f3n de esta tienda, Mall del Sol refuerza su posici\u00f3n como un destino comercial de referencia en Guayaquil, impulsando nuevas experiencias de compra y promoviendo la llegada de propuestas que suman dinamismo, estilo y modernidad al mercado ecuatoriano.<\/span><\/p>\n<p><img decoding=\"async\" class=\"aligncenter size-full wp-image-138150\" src=\"https:\/\/www.quebakan.com\/v15\/wp-content\/uploads\/2025\/12\/FROLAND6.jpg\" alt=\"\" width=\"700\" height=\"394\" \/><\/p>\n","protected":false},"excerpt":{"rendered":"<p>La nueva tienda integra dise\u00f1o, tecnolog\u00eda y un amplio portafolio de marcas que fortalece la oferta dentro del centro comercial. De izquierda a derecha:\u00a0Bruno Zavala, Apoderado General Mobilsol,\u00a0Cristina Montero, Gerente General Mabel Trading,\u00a0Sof\u00eda Naranjo, Gerente Comercial y Desarrollo Corporativo Mobilsol,\u00a0Ma. Fernanda Pacheco, Gerente Corporativa Mabel Group. Guayaquil, 03 de diciembre de 2025. \u2013 Mall del [&hellip;]<\/p>\n","protected":false},"author":4,"featured_media":138149,"comment_status":"closed","ping_status":"closed","sticky":false,"template":"","format":"standard","meta":{"_bbp_topic_count":0,"_bbp_reply_count":0,"_bbp_total_topic_count":0,"_bbp_total_reply_count":0,"_bbp_voice_count":0,"_bbp_anonymous_reply_count":0,"_bbp_topic_count_hidden":0,"_bbp_reply_count_hidden":0,"_bbp_forum_subforum_count":0,"buzzeditor_post_format":"","footnotes":""},"categories":[2],"tags":[],"class_list":["post-138148","post","type-post","status-publish","format-standard","has-post-thumbnail","hentry","category-noticias"],"yoast_head":"<!-- This site is optimized with the Yoast SEO plugin v27.5 - https:\/\/yoast.com\/product\/yoast-seo-wordpress\/ -->\n<title>En Mall del Sol se apertura el primer Concept Store de Roland, consolidando un nuevo est\u00e1ndar de experiencia de compras &#8211; QUEBAKAN.COM 2026: Noticias, Eventos, Conciertos y mucho m\u00e1s....<\/title>\n<meta name=\"robots\" content=\"index, follow, max-snippet:-1, max-image-preview:large, max-video-preview:-1\" \/>\n<link rel=\"canonical\" href=\"https:\/\/www.quebakan.com\/v15\/en-mall-del-sol-se-apertura-el-primer-concept-store-de-roland-consolidando-un-nuevo-estandar-de-experiencia-de-compras\/\" \/>\n<meta property=\"og:locale\" content=\"es_ES\" \/>\n<meta property=\"og:type\" content=\"article\" \/>\n<meta property=\"og:title\" content=\"En Mall del Sol se apertura el primer Concept Store de Roland, consolidando un nuevo est\u00e1ndar de experiencia de compras &#8211; QUEBAKAN.COM 2026: Noticias, Eventos, Conciertos y mucho m\u00e1s....\" \/>\n<meta property=\"og:description\" content=\"La nueva tienda integra dise\u00f1o, tecnolog\u00eda y un amplio portafolio de marcas que fortalece la oferta dentro del centro comercial. De izquierda a derecha:\u00a0Bruno Zavala, Apoderado General Mobilsol,\u00a0Cristina Montero, Gerente General Mabel Trading,\u00a0Sof\u00eda Naranjo, Gerente Comercial y Desarrollo Corporativo Mobilsol,\u00a0Ma. Fernanda Pacheco, Gerente Corporativa Mabel Group. Guayaquil, 03 de diciembre de 2025. \u2013 Mall del [&hellip;]\" \/>\n<meta property=\"og:url\" content=\"https:\/\/www.quebakan.com\/v15\/en-mall-del-sol-se-apertura-el-primer-concept-store-de-roland-consolidando-un-nuevo-estandar-de-experiencia-de-compras\/\" \/>\n<meta property=\"og:site_name\" content=\"QUEBAKAN.COM 2026: Noticias, Eventos, Conciertos y mucho m\u00e1s....\" \/>\n<meta property=\"article:publisher\" content=\"http:\/\/www.facebook.com\/quebakan\" \/>\n<meta property=\"article:published_time\" content=\"2025-12-05T02:34:28+00:00\" \/>\n<meta property=\"og:image\" content=\"https:\/\/www.quebakan.com\/v15\/wp-content\/uploads\/2025\/12\/FROLAND2.jpg\" \/>\n\t<meta property=\"og:image:width\" content=\"700\" \/>\n\t<meta property=\"og:image:height\" content=\"463\" \/>\n\t<meta property=\"og:image:type\" content=\"image\/jpeg\" \/>\n<meta name=\"author\" content=\"Erick Villafuerte\" \/>\n<meta name=\"twitter:card\" content=\"summary_large_image\" \/>\n<meta name=\"twitter:creator\" content=\"@quebakanec\" \/>\n<meta name=\"twitter:site\" content=\"@quebakanec\" \/>\n<meta name=\"twitter:label1\" content=\"Escrito por\" \/>\n\t<meta name=\"twitter:data1\" content=\"Erick Villafuerte\" \/>\n\t<meta name=\"twitter:label2\" content=\"Tiempo de lectura\" \/>\n\t<meta name=\"twitter:data2\" content=\"3 minutos\" \/>\n<script type=\"application\/ld+json\" class=\"yoast-schema-graph\">{\"@context\":\"https:\\\/\\\/schema.org\",\"@graph\":[{\"@type\":\"Article\",\"@id\":\"https:\\\/\\\/www.quebakan.com\\\/v15\\\/en-mall-del-sol-se-apertura-el-primer-concept-store-de-roland-consolidando-un-nuevo-estandar-de-experiencia-de-compras\\\/#article\",\"isPartOf\":{\"@id\":\"https:\\\/\\\/www.quebakan.com\\\/v15\\\/en-mall-del-sol-se-apertura-el-primer-concept-store-de-roland-consolidando-un-nuevo-estandar-de-experiencia-de-compras\\\/\"},\"author\":{\"name\":\"Erick Villafuerte\",\"@id\":\"https:\\\/\\\/www.quebakan.com\\\/v15\\\/#\\\/schema\\\/person\\\/d90fa9f9cfa81eb8ace9811e5b7b9118\"},\"headline\":\"En Mall del Sol se apertura el primer Concept Store de Roland, consolidando un nuevo est\u00e1ndar de experiencia de compras\",\"datePublished\":\"2025-12-05T02:34:28+00:00\",\"mainEntityOfPage\":{\"@id\":\"https:\\\/\\\/www.quebakan.com\\\/v15\\\/en-mall-del-sol-se-apertura-el-primer-concept-store-de-roland-consolidando-un-nuevo-estandar-de-experiencia-de-compras\\\/\"},\"wordCount\":491,\"publisher\":{\"@id\":\"https:\\\/\\\/www.quebakan.com\\\/v15\\\/#organization\"},\"image\":{\"@id\":\"https:\\\/\\\/www.quebakan.com\\\/v15\\\/en-mall-del-sol-se-apertura-el-primer-concept-store-de-roland-consolidando-un-nuevo-estandar-de-experiencia-de-compras\\\/#primaryimage\"},\"thumbnailUrl\":\"https:\\\/\\\/www.quebakan.com\\\/v15\\\/wp-content\\\/uploads\\\/2025\\\/12\\\/FROLAND2.jpg\",\"articleSection\":[\"Noticias\"],\"inLanguage\":\"es\"},{\"@type\":\"WebPage\",\"@id\":\"https:\\\/\\\/www.quebakan.com\\\/v15\\\/en-mall-del-sol-se-apertura-el-primer-concept-store-de-roland-consolidando-un-nuevo-estandar-de-experiencia-de-compras\\\/\",\"url\":\"https:\\\/\\\/www.quebakan.com\\\/v15\\\/en-mall-del-sol-se-apertura-el-primer-concept-store-de-roland-consolidando-un-nuevo-estandar-de-experiencia-de-compras\\\/\",\"name\":\"En Mall del Sol se apertura el primer Concept Store de Roland, consolidando un nuevo est\u00e1ndar de experiencia de compras &#8211; QUEBAKAN.COM 2026: Noticias, Eventos, Conciertos y mucho m\u00e1s....\",\"isPartOf\":{\"@id\":\"https:\\\/\\\/www.quebakan.com\\\/v15\\\/#website\"},\"primaryImageOfPage\":{\"@id\":\"https:\\\/\\\/www.quebakan.com\\\/v15\\\/en-mall-del-sol-se-apertura-el-primer-concept-store-de-roland-consolidando-un-nuevo-estandar-de-experiencia-de-compras\\\/#primaryimage\"},\"image\":{\"@id\":\"https:\\\/\\\/www.quebakan.com\\\/v15\\\/en-mall-del-sol-se-apertura-el-primer-concept-store-de-roland-consolidando-un-nuevo-estandar-de-experiencia-de-compras\\\/#primaryimage\"},\"thumbnailUrl\":\"https:\\\/\\\/www.quebakan.com\\\/v15\\\/wp-content\\\/uploads\\\/2025\\\/12\\\/FROLAND2.jpg\",\"datePublished\":\"2025-12-05T02:34:28+00:00\",\"breadcrumb\":{\"@id\":\"https:\\\/\\\/www.quebakan.com\\\/v15\\\/en-mall-del-sol-se-apertura-el-primer-concept-store-de-roland-consolidando-un-nuevo-estandar-de-experiencia-de-compras\\\/#breadcrumb\"},\"inLanguage\":\"es\",\"potentialAction\":[{\"@type\":\"ReadAction\",\"target\":[\"https:\\\/\\\/www.quebakan.com\\\/v15\\\/en-mall-del-sol-se-apertura-el-primer-concept-store-de-roland-consolidando-un-nuevo-estandar-de-experiencia-de-compras\\\/\"]}]},{\"@type\":\"ImageObject\",\"inLanguage\":\"es\",\"@id\":\"https:\\\/\\\/www.quebakan.com\\\/v15\\\/en-mall-del-sol-se-apertura-el-primer-concept-store-de-roland-consolidando-un-nuevo-estandar-de-experiencia-de-compras\\\/#primaryimage\",\"url\":\"https:\\\/\\\/www.quebakan.com\\\/v15\\\/wp-content\\\/uploads\\\/2025\\\/12\\\/FROLAND2.jpg\",\"contentUrl\":\"https:\\\/\\\/www.quebakan.com\\\/v15\\\/wp-content\\\/uploads\\\/2025\\\/12\\\/FROLAND2.jpg\",\"width\":700,\"height\":463},{\"@type\":\"BreadcrumbList\",\"@id\":\"https:\\\/\\\/www.quebakan.com\\\/v15\\\/en-mall-del-sol-se-apertura-el-primer-concept-store-de-roland-consolidando-un-nuevo-estandar-de-experiencia-de-compras\\\/#breadcrumb\",\"itemListElement\":[{\"@type\":\"ListItem\",\"position\":1,\"name\":\"Portada\",\"item\":\"https:\\\/\\\/www.quebakan.com\\\/v15\\\/\"},{\"@type\":\"ListItem\",\"position\":2,\"name\":\"En Mall del Sol se apertura el primer Concept Store de Roland, consolidando un nuevo est\u00e1ndar de experiencia de compras\"}]},{\"@type\":\"WebSite\",\"@id\":\"https:\\\/\\\/www.quebakan.com\\\/v15\\\/#website\",\"url\":\"https:\\\/\\\/www.quebakan.com\\\/v15\\\/\",\"name\":\"QUEBAKAN\",\"description\":\"..\",\"publisher\":{\"@id\":\"https:\\\/\\\/www.quebakan.com\\\/v15\\\/#organization\"},\"potentialAction\":[{\"@type\":\"SearchAction\",\"target\":{\"@type\":\"EntryPoint\",\"urlTemplate\":\"https:\\\/\\\/www.quebakan.com\\\/v15\\\/?s={search_term_string}\"},\"query-input\":{\"@type\":\"PropertyValueSpecification\",\"valueRequired\":true,\"valueName\":\"search_term_string\"}}],\"inLanguage\":\"es\"},{\"@type\":\"Organization\",\"@id\":\"https:\\\/\\\/www.quebakan.com\\\/v15\\\/#organization\",\"name\":\"Quebakan.com\",\"url\":\"https:\\\/\\\/www.quebakan.com\\\/v15\\\/\",\"logo\":{\"@type\":\"ImageObject\",\"inLanguage\":\"es\",\"@id\":\"https:\\\/\\\/www.quebakan.com\\\/v15\\\/#\\\/schema\\\/logo\\\/image\\\/\",\"url\":\"https:\\\/\\\/www.quebakan.com\\\/v15\\\/wp-content\\\/uploads\\\/2023\\\/07\\\/logoquebakanenero2021.jpg\",\"contentUrl\":\"https:\\\/\\\/www.quebakan.com\\\/v15\\\/wp-content\\\/uploads\\\/2023\\\/07\\\/logoquebakanenero2021.jpg\",\"width\":1920,\"height\":1080,\"caption\":\"Quebakan.com\"},\"image\":{\"@id\":\"https:\\\/\\\/www.quebakan.com\\\/v15\\\/#\\\/schema\\\/logo\\\/image\\\/\"},\"sameAs\":[\"http:\\\/\\\/www.facebook.com\\\/quebakan\",\"https:\\\/\\\/x.com\\\/quebakanec\",\"http:\\\/\\\/www.instagram.com\\\/quebakan\",\"http:\\\/\\\/www.youtube.com\\\/quebakan1\"]},{\"@type\":\"Person\",\"@id\":\"https:\\\/\\\/www.quebakan.com\\\/v15\\\/#\\\/schema\\\/person\\\/d90fa9f9cfa81eb8ace9811e5b7b9118\",\"name\":\"Erick Villafuerte\",\"image\":{\"@type\":\"ImageObject\",\"inLanguage\":\"es\",\"@id\":\"https:\\\/\\\/www.quebakan.com\\\/v15\\\/wp-content\\\/uploads\\\/avatars\\\/4\\\/1731297654-bpfull.png\",\"url\":\"https:\\\/\\\/www.quebakan.com\\\/v15\\\/wp-content\\\/uploads\\\/avatars\\\/4\\\/1731297654-bpfull.png\",\"contentUrl\":\"https:\\\/\\\/www.quebakan.com\\\/v15\\\/wp-content\\\/uploads\\\/avatars\\\/4\\\/1731297654-bpfull.png\",\"caption\":\"Erick Villafuerte\"}}]}<\/script>\n<!-- \/ Yoast SEO plugin. -->","yoast_head_json":{"title":"En Mall del Sol se apertura el primer Concept Store de Roland, consolidando un nuevo est\u00e1ndar de experiencia de compras &#8211; QUEBAKAN.COM 2026: Noticias, Eventos, Conciertos y mucho m\u00e1s....","robots":{"index":"index","follow":"follow","max-snippet":"max-snippet:-1","max-image-preview":"max-image-preview:large","max-video-preview":"max-video-preview:-1"},"canonical":"https:\/\/www.quebakan.com\/v15\/en-mall-del-sol-se-apertura-el-primer-concept-store-de-roland-consolidando-un-nuevo-estandar-de-experiencia-de-compras\/","og_locale":"es_ES","og_type":"article","og_title":"En Mall del Sol se apertura el primer Concept Store de Roland, consolidando un nuevo est\u00e1ndar de experiencia de compras &#8211; QUEBAKAN.COM 2026: Noticias, Eventos, Conciertos y mucho m\u00e1s....","og_description":"La nueva tienda integra dise\u00f1o, tecnolog\u00eda y un amplio portafolio de marcas que fortalece la oferta dentro del centro comercial. De izquierda a derecha:\u00a0Bruno Zavala, Apoderado General Mobilsol,\u00a0Cristina Montero, Gerente General Mabel Trading,\u00a0Sof\u00eda Naranjo, Gerente Comercial y Desarrollo Corporativo Mobilsol,\u00a0Ma. Fernanda Pacheco, Gerente Corporativa Mabel Group. Guayaquil, 03 de diciembre de 2025. \u2013 Mall del [&hellip;]","og_url":"https:\/\/www.quebakan.com\/v15\/en-mall-del-sol-se-apertura-el-primer-concept-store-de-roland-consolidando-un-nuevo-estandar-de-experiencia-de-compras\/","og_site_name":"QUEBAKAN.COM 2026: Noticias, Eventos, Conciertos y mucho m\u00e1s....","article_publisher":"http:\/\/www.facebook.com\/quebakan","article_published_time":"2025-12-05T02:34:28+00:00","og_image":[{"width":700,"height":463,"url":"https:\/\/www.quebakan.com\/v15\/wp-content\/uploads\/2025\/12\/FROLAND2.jpg","type":"image\/jpeg"}],"author":"Erick Villafuerte","twitter_card":"summary_large_image","twitter_creator":"@quebakanec","twitter_site":"@quebakanec","twitter_misc":{"Escrito por":"Erick Villafuerte","Tiempo de lectura":"3 minutos"},"schema":{"@context":"https:\/\/schema.org","@graph":[{"@type":"Article","@id":"https:\/\/www.quebakan.com\/v15\/en-mall-del-sol-se-apertura-el-primer-concept-store-de-roland-consolidando-un-nuevo-estandar-de-experiencia-de-compras\/#article","isPartOf":{"@id":"https:\/\/www.quebakan.com\/v15\/en-mall-del-sol-se-apertura-el-primer-concept-store-de-roland-consolidando-un-nuevo-estandar-de-experiencia-de-compras\/"},"author":{"name":"Erick Villafuerte","@id":"https:\/\/www.quebakan.com\/v15\/#\/schema\/person\/d90fa9f9cfa81eb8ace9811e5b7b9118"},"headline":"En Mall del Sol se apertura el primer Concept Store de Roland, consolidando un nuevo est\u00e1ndar de experiencia de compras","datePublished":"2025-12-05T02:34:28+00:00","mainEntityOfPage":{"@id":"https:\/\/www.quebakan.com\/v15\/en-mall-del-sol-se-apertura-el-primer-concept-store-de-roland-consolidando-un-nuevo-estandar-de-experiencia-de-compras\/"},"wordCount":491,"publisher":{"@id":"https:\/\/www.quebakan.com\/v15\/#organization"},"image":{"@id":"https:\/\/www.quebakan.com\/v15\/en-mall-del-sol-se-apertura-el-primer-concept-store-de-roland-consolidando-un-nuevo-estandar-de-experiencia-de-compras\/#primaryimage"},"thumbnailUrl":"https:\/\/www.quebakan.com\/v15\/wp-content\/uploads\/2025\/12\/FROLAND2.jpg","articleSection":["Noticias"],"inLanguage":"es"},{"@type":"WebPage","@id":"https:\/\/www.quebakan.com\/v15\/en-mall-del-sol-se-apertura-el-primer-concept-store-de-roland-consolidando-un-nuevo-estandar-de-experiencia-de-compras\/","url":"https:\/\/www.quebakan.com\/v15\/en-mall-del-sol-se-apertura-el-primer-concept-store-de-roland-consolidando-un-nuevo-estandar-de-experiencia-de-compras\/","name":"En Mall del Sol se apertura el primer Concept Store de Roland, consolidando un nuevo est\u00e1ndar de experiencia de compras &#8211; QUEBAKAN.COM 2026: Noticias, Eventos, Conciertos y mucho m\u00e1s....","isPartOf":{"@id":"https:\/\/www.quebakan.com\/v15\/#website"},"primaryImageOfPage":{"@id":"https:\/\/www.quebakan.com\/v15\/en-mall-del-sol-se-apertura-el-primer-concept-store-de-roland-consolidando-un-nuevo-estandar-de-experiencia-de-compras\/#primaryimage"},"image":{"@id":"https:\/\/www.quebakan.com\/v15\/en-mall-del-sol-se-apertura-el-primer-concept-store-de-roland-consolidando-un-nuevo-estandar-de-experiencia-de-compras\/#primaryimage"},"thumbnailUrl":"https:\/\/www.quebakan.com\/v15\/wp-content\/uploads\/2025\/12\/FROLAND2.jpg","datePublished":"2025-12-05T02:34:28+00:00","breadcrumb":{"@id":"https:\/\/www.quebakan.com\/v15\/en-mall-del-sol-se-apertura-el-primer-concept-store-de-roland-consolidando-un-nuevo-estandar-de-experiencia-de-compras\/#breadcrumb"},"inLanguage":"es","potentialAction":[{"@type":"ReadAction","target":["https:\/\/www.quebakan.com\/v15\/en-mall-del-sol-se-apertura-el-primer-concept-store-de-roland-consolidando-un-nuevo-estandar-de-experiencia-de-compras\/"]}]},{"@type":"ImageObject","inLanguage":"es","@id":"https:\/\/www.quebakan.com\/v15\/en-mall-del-sol-se-apertura-el-primer-concept-store-de-roland-consolidando-un-nuevo-estandar-de-experiencia-de-compras\/#primaryimage","url":"https:\/\/www.quebakan.com\/v15\/wp-content\/uploads\/2025\/12\/FROLAND2.jpg","contentUrl":"https:\/\/www.quebakan.com\/v15\/wp-content\/uploads\/2025\/12\/FROLAND2.jpg","width":700,"height":463},{"@type":"BreadcrumbList","@id":"https:\/\/www.quebakan.com\/v15\/en-mall-del-sol-se-apertura-el-primer-concept-store-de-roland-consolidando-un-nuevo-estandar-de-experiencia-de-compras\/#breadcrumb","itemListElement":[{"@type":"ListItem","position":1,"name":"Portada","item":"https:\/\/www.quebakan.com\/v15\/"},{"@type":"ListItem","position":2,"name":"En Mall del Sol se apertura el primer Concept Store de Roland, consolidando un nuevo est\u00e1ndar de experiencia de compras"}]},{"@type":"WebSite","@id":"https:\/\/www.quebakan.com\/v15\/#website","url":"https:\/\/www.quebakan.com\/v15\/","name":"QUEBAKAN","description":"..","publisher":{"@id":"https:\/\/www.quebakan.com\/v15\/#organization"},"potentialAction":[{"@type":"SearchAction","target":{"@type":"EntryPoint","urlTemplate":"https:\/\/www.quebakan.com\/v15\/?s={search_term_string}"},"query-input":{"@type":"PropertyValueSpecification","valueRequired":true,"valueName":"search_term_string"}}],"inLanguage":"es"},{"@type":"Organization","@id":"https:\/\/www.quebakan.com\/v15\/#organization","name":"Quebakan.com","url":"https:\/\/www.quebakan.com\/v15\/","logo":{"@type":"ImageObject","inLanguage":"es","@id":"https:\/\/www.quebakan.com\/v15\/#\/schema\/logo\/image\/","url":"https:\/\/www.quebakan.com\/v15\/wp-content\/uploads\/2023\/07\/logoquebakanenero2021.jpg","contentUrl":"https:\/\/www.quebakan.com\/v15\/wp-content\/uploads\/2023\/07\/logoquebakanenero2021.jpg","width":1920,"height":1080,"caption":"Quebakan.com"},"image":{"@id":"https:\/\/www.quebakan.com\/v15\/#\/schema\/logo\/image\/"},"sameAs":["http:\/\/www.facebook.com\/quebakan","https:\/\/x.com\/quebakanec","http:\/\/www.instagram.com\/quebakan","http:\/\/www.youtube.com\/quebakan1"]},{"@type":"Person","@id":"https:\/\/www.quebakan.com\/v15\/#\/schema\/person\/d90fa9f9cfa81eb8ace9811e5b7b9118","name":"Erick Villafuerte","image":{"@type":"ImageObject","inLanguage":"es","@id":"https:\/\/www.quebakan.com\/v15\/wp-content\/uploads\/avatars\/4\/1731297654-bpfull.png","url":"https:\/\/www.quebakan.com\/v15\/wp-content\/uploads\/avatars\/4\/1731297654-bpfull.png","contentUrl":"https:\/\/www.quebakan.com\/v15\/wp-content\/uploads\/avatars\/4\/1731297654-bpfull.png","caption":"Erick Villafuerte"}}]}},"_links":{"self":[{"href":"https:\/\/www.quebakan.com\/v15\/wp-json\/wp\/v2\/posts\/138148","targetHints":{"allow":["GET"]}}],"collection":[{"href":"https:\/\/www.quebakan.com\/v15\/wp-json\/wp\/v2\/posts"}],"about":[{"href":"https:\/\/www.quebakan.com\/v15\/wp-json\/wp\/v2\/types\/post"}],"author":[{"embeddable":true,"href":"https:\/\/www.quebakan.com\/v15\/wp-json\/wp\/v2\/users\/4"}],"replies":[{"embeddable":true,"href":"https:\/\/www.quebakan.com\/v15\/wp-json\/wp\/v2\/comments?post=138148"}],"version-history":[{"count":1,"href":"https:\/\/www.quebakan.com\/v15\/wp-json\/wp\/v2\/posts\/138148\/revisions"}],"predecessor-version":[{"id":138151,"href":"https:\/\/www.quebakan.com\/v15\/wp-json\/wp\/v2\/posts\/138148\/revisions\/138151"}],"wp:featuredmedia":[{"embeddable":true,"href":"https:\/\/www.quebakan.com\/v15\/wp-json\/wp\/v2\/media\/138149"}],"wp:attachment":[{"href":"https:\/\/www.quebakan.com\/v15\/wp-json\/wp\/v2\/media?parent=138148"}],"wp:term":[{"taxonomy":"category","embeddable":true,"href":"https:\/\/www.quebakan.com\/v15\/wp-json\/wp\/v2\/categories?post=138148"},{"taxonomy":"post_tag","embeddable":true,"href":"https:\/\/www.quebakan.com\/v15\/wp-json\/wp\/v2\/tags?post=138148"}],"curies":[{"name":"wp","href":"https:\/\/api.w.org\/{rel}","templated":true}]}}