{"id":138159,"date":"2025-12-04T22:15:05","date_gmt":"2025-12-05T03:15:05","guid":{"rendered":"https:\/\/www.quebakan.com\/v15\/?p=138159"},"modified":"2025-12-04T22:15:05","modified_gmt":"2025-12-05T03:15:05","slug":"en-ecuador-aumenta-la-generacion-de-residuos-durante-la-temporada-navidena","status":"publish","type":"post","link":"https:\/\/www.quebakan.com\/v15\/en-ecuador-aumenta-la-generacion-de-residuos-durante-la-temporada-navidena\/","title":{"rendered":"EN ECUADOR AUMENTA LA GENERACI\u00d3N DE RESIDUOS DURANTE LA TEMPORADA NAVIDE\u00d1A\u200b"},"content":{"rendered":"<p><img fetchpriority=\"high\" decoding=\"async\" class=\"aligncenter size-full wp-image-138160\" src=\"https:\/\/www.quebakan.com\/v15\/wp-content\/uploads\/2025\/12\/DSC08912.jpg\" alt=\"\" width=\"700\" height=\"467\" \/><\/p>\n<p style=\"font-weight: 400; text-align: justify;\"><strong><span style=\"color: #000000;\">LAS FESTIVIDADES DE DICIEMBRE ELEVAN DE MANERA SOSTENIDA LA CARGA DE RESIDUOS EN LAS PRINCIPALES CIUDADES DEL PA\u00cdS<\/span><\/strong><\/p>\n<p style=\"font-weight: 400; text-align: justify;\"><span style=\"color: #000000;\">La producci\u00f3n de residuos s\u00f3lidos en las principales ciudades del pa\u00eds registra un incremento notable durante diciembre, seg\u00fan reportes municipales y estimaciones de entidades ambientales. La Direcci\u00f3n de Aseo Cantonal, Mercados y Servicios Especiales report\u00f3 que en Guayaquil, la recolecci\u00f3n diaria supera las\u00a0<strong>2.600 toneladas<\/strong>, mientras que en Quito seg\u00fan la Empresa P\u00fablica Metropolitana de Gesti\u00f3n Integral de Residuos S\u00f3lidos bordea las\u00a0<strong>2.000 toneladas por d\u00eda<\/strong>, para esta \u00e9poca se espera un incremento en la producci\u00f3n de desechos.<\/span><\/p>\n<p style=\"font-weight: 400; text-align: justify;\"><span style=\"color: #000000;\">De acuerdo con especialistas, la temporada navide\u00f1a concentra un comportamiento de consumo que intensifica el uso de empaques, envoltorios, desechos alimentarios y materiales de un solo uso asociados a celebraciones, intercambios y compras de fin de a\u00f1o. Aunque varias municipalidades implementan operativos reforzados para responder a este volumen adicional, la cantidad de materiales que efectivamente se recuperan o reciclan contin\u00faa siendo limitada en relaci\u00f3n con el total generado.<\/span><\/p>\n<p style=\"font-weight: 400; text-align: justify;\"><span style=\"color: #000000;\">Mar\u00eda Fernanda Rumbea, directora ejecutiva de Recicla LATAM Ecuador, se\u00f1ala que la tendencia estacional demanda una respuesta m\u00e1s amplia, no solo institucional sino tambi\u00e9n ciudadana y empresarial.\u00a0<em>\u201cLa temporada navide\u00f1a pone en evidencia que la gesti\u00f3n de residuos no depende solo de los municipios. Necesitamos una ciudadan\u00eda m\u00e1s consciente, que reduzca el uso de materiales desechables, elija opciones reutilizables y entregue los residuos limpios y separados. Son acciones simples, pero determinan el impacto real que dejamos en nuestras ciudades durante estas semanas\u201d.<\/em><\/span><\/p>\n<p style=\"font-weight: 400; text-align: justify;\"><span style=\"color: #000000;\">La falta de separaci\u00f3n en la fuente contin\u00faa siendo uno de los principales desaf\u00edos. Sin clasificaci\u00f3n adecuada en los hogares, la recuperaci\u00f3n de materiales aprovechables se reduce significativamente, incluso cuando existen programas activos de reciclaje. A esto se suma la necesidad de que el sector productivo, especialmente las industrias de retail y alimentos, revise el impacto de sus empaques e incorpore alternativas que faciliten su reutilizaci\u00f3n o reciclaje.<\/span><\/p>\n<p style=\"font-weight: 400; text-align: justify;\"><span style=\"color: #000000;\"><em>\u201cLa temporada navide\u00f1a nos exige campa\u00f1as informativas m\u00e1s sostenidas, que orienten a la ciudadan\u00eda hacia pr\u00e1cticas simples y efectivas: reducir el uso de materiales desechables, reutilizar envoltorios y entregar los residuos limpios y secos en puntos autorizados. Son acciones b\u00e1sicas, pero determinantes para disminuir la presi\u00f3n que diciembre ejerce sobre las ciudades\u201d.\u00a0<\/em>\u00a0Afirma Mar\u00eda Fernanda Rumbea<\/span><\/p>\n<p style=\"font-weight: 400; text-align: justify;\"><span style=\"color: #000000;\">Durante este periodo, el rol de los recicladores de base adquiere especial relevancia, ya que su labor evita que grandes vol\u00famenes de papel, cart\u00f3n y pl\u00e1stico terminan en rellenos sanitarios o en sistemas de disposici\u00f3n informal.<\/span><\/p>\n<p style=\"font-weight: 400; text-align: justify;\"><span style=\"color: #000000;\">El comportamiento de diciembre confirma que es uno de los meses de mayor presi\u00f3n ambiental en las zonas urbanas del pa\u00eds. Frente a este escenario, la articulaci\u00f3n entre ciudadan\u00eda, empresas y autoridades locales se vuelve clave para reducir el impacto que deja la temporada festiva en el manejo de residuos.<\/span><\/p>\n<p><img decoding=\"async\" class=\"aligncenter size-full wp-image-138161\" src=\"https:\/\/www.quebakan.com\/v15\/wp-content\/uploads\/2025\/12\/DSC09006-1.jpg\" alt=\"\" width=\"700\" height=\"467\" \/><\/p>\n","protected":false},"excerpt":{"rendered":"<p>LAS FESTIVIDADES DE DICIEMBRE ELEVAN DE MANERA SOSTENIDA LA CARGA DE RESIDUOS EN LAS PRINCIPALES CIUDADES DEL PA\u00cdS La producci\u00f3n de residuos s\u00f3lidos en las principales ciudades del pa\u00eds registra un incremento notable durante diciembre, seg\u00fan reportes municipales y estimaciones de entidades ambientales. La Direcci\u00f3n de Aseo Cantonal, Mercados y Servicios Especiales report\u00f3 que en [&hellip;]<\/p>\n","protected":false},"author":4,"featured_media":138160,"comment_status":"closed","ping_status":"closed","sticky":false,"template":"","format":"standard","meta":{"_bbp_topic_count":0,"_bbp_reply_count":0,"_bbp_total_topic_count":0,"_bbp_total_reply_count":0,"_bbp_voice_count":0,"_bbp_anonymous_reply_count":0,"_bbp_topic_count_hidden":0,"_bbp_reply_count_hidden":0,"_bbp_forum_subforum_count":0,"buzzeditor_post_format":"","footnotes":""},"categories":[2],"tags":[],"class_list":["post-138159","post","type-post","status-publish","format-standard","has-post-thumbnail","hentry","category-noticias"],"yoast_head":"<!-- This site is optimized with the Yoast SEO plugin v27.5 - https:\/\/yoast.com\/product\/yoast-seo-wordpress\/ -->\n<title>EN ECUADOR AUMENTA LA GENERACI\u00d3N DE RESIDUOS DURANTE LA TEMPORADA NAVIDE\u00d1A\u200b &#8211; QUEBAKAN.COM 2026: Noticias, Eventos, Conciertos y mucho m\u00e1s....<\/title>\n<meta name=\"robots\" content=\"index, follow, max-snippet:-1, max-image-preview:large, max-video-preview:-1\" \/>\n<link rel=\"canonical\" href=\"https:\/\/www.quebakan.com\/v15\/en-ecuador-aumenta-la-generacion-de-residuos-durante-la-temporada-navidena\/\" \/>\n<meta property=\"og:locale\" content=\"es_ES\" \/>\n<meta property=\"og:type\" content=\"article\" \/>\n<meta property=\"og:title\" content=\"EN ECUADOR AUMENTA LA GENERACI\u00d3N DE RESIDUOS DURANTE LA TEMPORADA NAVIDE\u00d1A\u200b &#8211; QUEBAKAN.COM 2026: Noticias, Eventos, Conciertos y mucho m\u00e1s....\" \/>\n<meta property=\"og:description\" content=\"LAS FESTIVIDADES DE DICIEMBRE ELEVAN DE MANERA SOSTENIDA LA CARGA DE RESIDUOS EN LAS PRINCIPALES CIUDADES DEL PA\u00cdS La producci\u00f3n de residuos s\u00f3lidos en las principales ciudades del pa\u00eds registra un incremento notable durante diciembre, seg\u00fan reportes municipales y estimaciones de entidades ambientales. La Direcci\u00f3n de Aseo Cantonal, Mercados y Servicios Especiales report\u00f3 que en [&hellip;]\" \/>\n<meta property=\"og:url\" content=\"https:\/\/www.quebakan.com\/v15\/en-ecuador-aumenta-la-generacion-de-residuos-durante-la-temporada-navidena\/\" \/>\n<meta property=\"og:site_name\" content=\"QUEBAKAN.COM 2026: Noticias, Eventos, Conciertos y mucho m\u00e1s....\" \/>\n<meta property=\"article:publisher\" content=\"http:\/\/www.facebook.com\/quebakan\" \/>\n<meta property=\"article:published_time\" content=\"2025-12-05T03:15:05+00:00\" \/>\n<meta property=\"og:image\" content=\"https:\/\/www.quebakan.com\/v15\/wp-content\/uploads\/2025\/12\/DSC08912.jpg\" \/>\n\t<meta property=\"og:image:width\" content=\"700\" \/>\n\t<meta property=\"og:image:height\" content=\"467\" \/>\n\t<meta property=\"og:image:type\" content=\"image\/jpeg\" \/>\n<meta name=\"author\" content=\"Erick Villafuerte\" \/>\n<meta name=\"twitter:card\" content=\"summary_large_image\" \/>\n<meta name=\"twitter:creator\" content=\"@quebakanec\" \/>\n<meta name=\"twitter:site\" content=\"@quebakanec\" \/>\n<meta name=\"twitter:label1\" content=\"Escrito por\" \/>\n\t<meta name=\"twitter:data1\" content=\"Erick Villafuerte\" \/>\n\t<meta name=\"twitter:label2\" content=\"Tiempo de lectura\" \/>\n\t<meta name=\"twitter:data2\" content=\"3 minutos\" \/>\n<script type=\"application\/ld+json\" class=\"yoast-schema-graph\">{\"@context\":\"https:\\\/\\\/schema.org\",\"@graph\":[{\"@type\":\"Article\",\"@id\":\"https:\\\/\\\/www.quebakan.com\\\/v15\\\/en-ecuador-aumenta-la-generacion-de-residuos-durante-la-temporada-navidena\\\/#article\",\"isPartOf\":{\"@id\":\"https:\\\/\\\/www.quebakan.com\\\/v15\\\/en-ecuador-aumenta-la-generacion-de-residuos-durante-la-temporada-navidena\\\/\"},\"author\":{\"name\":\"Erick Villafuerte\",\"@id\":\"https:\\\/\\\/www.quebakan.com\\\/v15\\\/#\\\/schema\\\/person\\\/d90fa9f9cfa81eb8ace9811e5b7b9118\"},\"headline\":\"EN ECUADOR AUMENTA LA GENERACI\u00d3N DE RESIDUOS DURANTE LA TEMPORADA NAVIDE\u00d1A\u200b\",\"datePublished\":\"2025-12-05T03:15:05+00:00\",\"mainEntityOfPage\":{\"@id\":\"https:\\\/\\\/www.quebakan.com\\\/v15\\\/en-ecuador-aumenta-la-generacion-de-residuos-durante-la-temporada-navidena\\\/\"},\"wordCount\":514,\"publisher\":{\"@id\":\"https:\\\/\\\/www.quebakan.com\\\/v15\\\/#organization\"},\"image\":{\"@id\":\"https:\\\/\\\/www.quebakan.com\\\/v15\\\/en-ecuador-aumenta-la-generacion-de-residuos-durante-la-temporada-navidena\\\/#primaryimage\"},\"thumbnailUrl\":\"https:\\\/\\\/www.quebakan.com\\\/v15\\\/wp-content\\\/uploads\\\/2025\\\/12\\\/DSC08912.jpg\",\"articleSection\":[\"Noticias\"],\"inLanguage\":\"es\"},{\"@type\":\"WebPage\",\"@id\":\"https:\\\/\\\/www.quebakan.com\\\/v15\\\/en-ecuador-aumenta-la-generacion-de-residuos-durante-la-temporada-navidena\\\/\",\"url\":\"https:\\\/\\\/www.quebakan.com\\\/v15\\\/en-ecuador-aumenta-la-generacion-de-residuos-durante-la-temporada-navidena\\\/\",\"name\":\"EN ECUADOR AUMENTA LA GENERACI\u00d3N DE RESIDUOS DURANTE LA TEMPORADA NAVIDE\u00d1A\u200b &#8211; QUEBAKAN.COM 2026: Noticias, Eventos, Conciertos y mucho m\u00e1s....\",\"isPartOf\":{\"@id\":\"https:\\\/\\\/www.quebakan.com\\\/v15\\\/#website\"},\"primaryImageOfPage\":{\"@id\":\"https:\\\/\\\/www.quebakan.com\\\/v15\\\/en-ecuador-aumenta-la-generacion-de-residuos-durante-la-temporada-navidena\\\/#primaryimage\"},\"image\":{\"@id\":\"https:\\\/\\\/www.quebakan.com\\\/v15\\\/en-ecuador-aumenta-la-generacion-de-residuos-durante-la-temporada-navidena\\\/#primaryimage\"},\"thumbnailUrl\":\"https:\\\/\\\/www.quebakan.com\\\/v15\\\/wp-content\\\/uploads\\\/2025\\\/12\\\/DSC08912.jpg\",\"datePublished\":\"2025-12-05T03:15:05+00:00\",\"breadcrumb\":{\"@id\":\"https:\\\/\\\/www.quebakan.com\\\/v15\\\/en-ecuador-aumenta-la-generacion-de-residuos-durante-la-temporada-navidena\\\/#breadcrumb\"},\"inLanguage\":\"es\",\"potentialAction\":[{\"@type\":\"ReadAction\",\"target\":[\"https:\\\/\\\/www.quebakan.com\\\/v15\\\/en-ecuador-aumenta-la-generacion-de-residuos-durante-la-temporada-navidena\\\/\"]}]},{\"@type\":\"ImageObject\",\"inLanguage\":\"es\",\"@id\":\"https:\\\/\\\/www.quebakan.com\\\/v15\\\/en-ecuador-aumenta-la-generacion-de-residuos-durante-la-temporada-navidena\\\/#primaryimage\",\"url\":\"https:\\\/\\\/www.quebakan.com\\\/v15\\\/wp-content\\\/uploads\\\/2025\\\/12\\\/DSC08912.jpg\",\"contentUrl\":\"https:\\\/\\\/www.quebakan.com\\\/v15\\\/wp-content\\\/uploads\\\/2025\\\/12\\\/DSC08912.jpg\",\"width\":700,\"height\":467},{\"@type\":\"BreadcrumbList\",\"@id\":\"https:\\\/\\\/www.quebakan.com\\\/v15\\\/en-ecuador-aumenta-la-generacion-de-residuos-durante-la-temporada-navidena\\\/#breadcrumb\",\"itemListElement\":[{\"@type\":\"ListItem\",\"position\":1,\"name\":\"Portada\",\"item\":\"https:\\\/\\\/www.quebakan.com\\\/v15\\\/\"},{\"@type\":\"ListItem\",\"position\":2,\"name\":\"EN ECUADOR AUMENTA LA GENERACI\u00d3N DE RESIDUOS DURANTE LA TEMPORADA NAVIDE\u00d1A\u200b\"}]},{\"@type\":\"WebSite\",\"@id\":\"https:\\\/\\\/www.quebakan.com\\\/v15\\\/#website\",\"url\":\"https:\\\/\\\/www.quebakan.com\\\/v15\\\/\",\"name\":\"QUEBAKAN\",\"description\":\"..\",\"publisher\":{\"@id\":\"https:\\\/\\\/www.quebakan.com\\\/v15\\\/#organization\"},\"potentialAction\":[{\"@type\":\"SearchAction\",\"target\":{\"@type\":\"EntryPoint\",\"urlTemplate\":\"https:\\\/\\\/www.quebakan.com\\\/v15\\\/?s={search_term_string}\"},\"query-input\":{\"@type\":\"PropertyValueSpecification\",\"valueRequired\":true,\"valueName\":\"search_term_string\"}}],\"inLanguage\":\"es\"},{\"@type\":\"Organization\",\"@id\":\"https:\\\/\\\/www.quebakan.com\\\/v15\\\/#organization\",\"name\":\"Quebakan.com\",\"url\":\"https:\\\/\\\/www.quebakan.com\\\/v15\\\/\",\"logo\":{\"@type\":\"ImageObject\",\"inLanguage\":\"es\",\"@id\":\"https:\\\/\\\/www.quebakan.com\\\/v15\\\/#\\\/schema\\\/logo\\\/image\\\/\",\"url\":\"https:\\\/\\\/www.quebakan.com\\\/v15\\\/wp-content\\\/uploads\\\/2023\\\/07\\\/logoquebakanenero2021.jpg\",\"contentUrl\":\"https:\\\/\\\/www.quebakan.com\\\/v15\\\/wp-content\\\/uploads\\\/2023\\\/07\\\/logoquebakanenero2021.jpg\",\"width\":1920,\"height\":1080,\"caption\":\"Quebakan.com\"},\"image\":{\"@id\":\"https:\\\/\\\/www.quebakan.com\\\/v15\\\/#\\\/schema\\\/logo\\\/image\\\/\"},\"sameAs\":[\"http:\\\/\\\/www.facebook.com\\\/quebakan\",\"https:\\\/\\\/x.com\\\/quebakanec\",\"http:\\\/\\\/www.instagram.com\\\/quebakan\",\"http:\\\/\\\/www.youtube.com\\\/quebakan1\"]},{\"@type\":\"Person\",\"@id\":\"https:\\\/\\\/www.quebakan.com\\\/v15\\\/#\\\/schema\\\/person\\\/d90fa9f9cfa81eb8ace9811e5b7b9118\",\"name\":\"Erick Villafuerte\",\"image\":{\"@type\":\"ImageObject\",\"inLanguage\":\"es\",\"@id\":\"https:\\\/\\\/www.quebakan.com\\\/v15\\\/wp-content\\\/uploads\\\/avatars\\\/4\\\/1731297654-bpfull.png\",\"url\":\"https:\\\/\\\/www.quebakan.com\\\/v15\\\/wp-content\\\/uploads\\\/avatars\\\/4\\\/1731297654-bpfull.png\",\"contentUrl\":\"https:\\\/\\\/www.quebakan.com\\\/v15\\\/wp-content\\\/uploads\\\/avatars\\\/4\\\/1731297654-bpfull.png\",\"caption\":\"Erick Villafuerte\"}}]}<\/script>\n<!-- \/ Yoast SEO plugin. -->","yoast_head_json":{"title":"EN ECUADOR AUMENTA LA GENERACI\u00d3N DE RESIDUOS DURANTE LA TEMPORADA NAVIDE\u00d1A\u200b &#8211; QUEBAKAN.COM 2026: Noticias, Eventos, Conciertos y mucho m\u00e1s....","robots":{"index":"index","follow":"follow","max-snippet":"max-snippet:-1","max-image-preview":"max-image-preview:large","max-video-preview":"max-video-preview:-1"},"canonical":"https:\/\/www.quebakan.com\/v15\/en-ecuador-aumenta-la-generacion-de-residuos-durante-la-temporada-navidena\/","og_locale":"es_ES","og_type":"article","og_title":"EN ECUADOR AUMENTA LA GENERACI\u00d3N DE RESIDUOS DURANTE LA TEMPORADA NAVIDE\u00d1A\u200b &#8211; QUEBAKAN.COM 2026: Noticias, Eventos, Conciertos y mucho m\u00e1s....","og_description":"LAS FESTIVIDADES DE DICIEMBRE ELEVAN DE MANERA SOSTENIDA LA CARGA DE RESIDUOS EN LAS PRINCIPALES CIUDADES DEL PA\u00cdS La producci\u00f3n de residuos s\u00f3lidos en las principales ciudades del pa\u00eds registra un incremento notable durante diciembre, seg\u00fan reportes municipales y estimaciones de entidades ambientales. La Direcci\u00f3n de Aseo Cantonal, Mercados y Servicios Especiales report\u00f3 que en [&hellip;]","og_url":"https:\/\/www.quebakan.com\/v15\/en-ecuador-aumenta-la-generacion-de-residuos-durante-la-temporada-navidena\/","og_site_name":"QUEBAKAN.COM 2026: Noticias, Eventos, Conciertos y mucho m\u00e1s....","article_publisher":"http:\/\/www.facebook.com\/quebakan","article_published_time":"2025-12-05T03:15:05+00:00","og_image":[{"width":700,"height":467,"url":"https:\/\/www.quebakan.com\/v15\/wp-content\/uploads\/2025\/12\/DSC08912.jpg","type":"image\/jpeg"}],"author":"Erick Villafuerte","twitter_card":"summary_large_image","twitter_creator":"@quebakanec","twitter_site":"@quebakanec","twitter_misc":{"Escrito por":"Erick Villafuerte","Tiempo de lectura":"3 minutos"},"schema":{"@context":"https:\/\/schema.org","@graph":[{"@type":"Article","@id":"https:\/\/www.quebakan.com\/v15\/en-ecuador-aumenta-la-generacion-de-residuos-durante-la-temporada-navidena\/#article","isPartOf":{"@id":"https:\/\/www.quebakan.com\/v15\/en-ecuador-aumenta-la-generacion-de-residuos-durante-la-temporada-navidena\/"},"author":{"name":"Erick Villafuerte","@id":"https:\/\/www.quebakan.com\/v15\/#\/schema\/person\/d90fa9f9cfa81eb8ace9811e5b7b9118"},"headline":"EN ECUADOR AUMENTA LA GENERACI\u00d3N DE RESIDUOS DURANTE LA TEMPORADA NAVIDE\u00d1A\u200b","datePublished":"2025-12-05T03:15:05+00:00","mainEntityOfPage":{"@id":"https:\/\/www.quebakan.com\/v15\/en-ecuador-aumenta-la-generacion-de-residuos-durante-la-temporada-navidena\/"},"wordCount":514,"publisher":{"@id":"https:\/\/www.quebakan.com\/v15\/#organization"},"image":{"@id":"https:\/\/www.quebakan.com\/v15\/en-ecuador-aumenta-la-generacion-de-residuos-durante-la-temporada-navidena\/#primaryimage"},"thumbnailUrl":"https:\/\/www.quebakan.com\/v15\/wp-content\/uploads\/2025\/12\/DSC08912.jpg","articleSection":["Noticias"],"inLanguage":"es"},{"@type":"WebPage","@id":"https:\/\/www.quebakan.com\/v15\/en-ecuador-aumenta-la-generacion-de-residuos-durante-la-temporada-navidena\/","url":"https:\/\/www.quebakan.com\/v15\/en-ecuador-aumenta-la-generacion-de-residuos-durante-la-temporada-navidena\/","name":"EN ECUADOR AUMENTA LA GENERACI\u00d3N DE RESIDUOS DURANTE LA TEMPORADA NAVIDE\u00d1A\u200b &#8211; QUEBAKAN.COM 2026: Noticias, Eventos, Conciertos y mucho m\u00e1s....","isPartOf":{"@id":"https:\/\/www.quebakan.com\/v15\/#website"},"primaryImageOfPage":{"@id":"https:\/\/www.quebakan.com\/v15\/en-ecuador-aumenta-la-generacion-de-residuos-durante-la-temporada-navidena\/#primaryimage"},"image":{"@id":"https:\/\/www.quebakan.com\/v15\/en-ecuador-aumenta-la-generacion-de-residuos-durante-la-temporada-navidena\/#primaryimage"},"thumbnailUrl":"https:\/\/www.quebakan.com\/v15\/wp-content\/uploads\/2025\/12\/DSC08912.jpg","datePublished":"2025-12-05T03:15:05+00:00","breadcrumb":{"@id":"https:\/\/www.quebakan.com\/v15\/en-ecuador-aumenta-la-generacion-de-residuos-durante-la-temporada-navidena\/#breadcrumb"},"inLanguage":"es","potentialAction":[{"@type":"ReadAction","target":["https:\/\/www.quebakan.com\/v15\/en-ecuador-aumenta-la-generacion-de-residuos-durante-la-temporada-navidena\/"]}]},{"@type":"ImageObject","inLanguage":"es","@id":"https:\/\/www.quebakan.com\/v15\/en-ecuador-aumenta-la-generacion-de-residuos-durante-la-temporada-navidena\/#primaryimage","url":"https:\/\/www.quebakan.com\/v15\/wp-content\/uploads\/2025\/12\/DSC08912.jpg","contentUrl":"https:\/\/www.quebakan.com\/v15\/wp-content\/uploads\/2025\/12\/DSC08912.jpg","width":700,"height":467},{"@type":"BreadcrumbList","@id":"https:\/\/www.quebakan.com\/v15\/en-ecuador-aumenta-la-generacion-de-residuos-durante-la-temporada-navidena\/#breadcrumb","itemListElement":[{"@type":"ListItem","position":1,"name":"Portada","item":"https:\/\/www.quebakan.com\/v15\/"},{"@type":"ListItem","position":2,"name":"EN ECUADOR AUMENTA LA GENERACI\u00d3N DE RESIDUOS DURANTE LA TEMPORADA NAVIDE\u00d1A\u200b"}]},{"@type":"WebSite","@id":"https:\/\/www.quebakan.com\/v15\/#website","url":"https:\/\/www.quebakan.com\/v15\/","name":"QUEBAKAN","description":"..","publisher":{"@id":"https:\/\/www.quebakan.com\/v15\/#organization"},"potentialAction":[{"@type":"SearchAction","target":{"@type":"EntryPoint","urlTemplate":"https:\/\/www.quebakan.com\/v15\/?s={search_term_string}"},"query-input":{"@type":"PropertyValueSpecification","valueRequired":true,"valueName":"search_term_string"}}],"inLanguage":"es"},{"@type":"Organization","@id":"https:\/\/www.quebakan.com\/v15\/#organization","name":"Quebakan.com","url":"https:\/\/www.quebakan.com\/v15\/","logo":{"@type":"ImageObject","inLanguage":"es","@id":"https:\/\/www.quebakan.com\/v15\/#\/schema\/logo\/image\/","url":"https:\/\/www.quebakan.com\/v15\/wp-content\/uploads\/2023\/07\/logoquebakanenero2021.jpg","contentUrl":"https:\/\/www.quebakan.com\/v15\/wp-content\/uploads\/2023\/07\/logoquebakanenero2021.jpg","width":1920,"height":1080,"caption":"Quebakan.com"},"image":{"@id":"https:\/\/www.quebakan.com\/v15\/#\/schema\/logo\/image\/"},"sameAs":["http:\/\/www.facebook.com\/quebakan","https:\/\/x.com\/quebakanec","http:\/\/www.instagram.com\/quebakan","http:\/\/www.youtube.com\/quebakan1"]},{"@type":"Person","@id":"https:\/\/www.quebakan.com\/v15\/#\/schema\/person\/d90fa9f9cfa81eb8ace9811e5b7b9118","name":"Erick Villafuerte","image":{"@type":"ImageObject","inLanguage":"es","@id":"https:\/\/www.quebakan.com\/v15\/wp-content\/uploads\/avatars\/4\/1731297654-bpfull.png","url":"https:\/\/www.quebakan.com\/v15\/wp-content\/uploads\/avatars\/4\/1731297654-bpfull.png","contentUrl":"https:\/\/www.quebakan.com\/v15\/wp-content\/uploads\/avatars\/4\/1731297654-bpfull.png","caption":"Erick Villafuerte"}}]}},"_links":{"self":[{"href":"https:\/\/www.quebakan.com\/v15\/wp-json\/wp\/v2\/posts\/138159","targetHints":{"allow":["GET"]}}],"collection":[{"href":"https:\/\/www.quebakan.com\/v15\/wp-json\/wp\/v2\/posts"}],"about":[{"href":"https:\/\/www.quebakan.com\/v15\/wp-json\/wp\/v2\/types\/post"}],"author":[{"embeddable":true,"href":"https:\/\/www.quebakan.com\/v15\/wp-json\/wp\/v2\/users\/4"}],"replies":[{"embeddable":true,"href":"https:\/\/www.quebakan.com\/v15\/wp-json\/wp\/v2\/comments?post=138159"}],"version-history":[{"count":1,"href":"https:\/\/www.quebakan.com\/v15\/wp-json\/wp\/v2\/posts\/138159\/revisions"}],"predecessor-version":[{"id":138162,"href":"https:\/\/www.quebakan.com\/v15\/wp-json\/wp\/v2\/posts\/138159\/revisions\/138162"}],"wp:featuredmedia":[{"embeddable":true,"href":"https:\/\/www.quebakan.com\/v15\/wp-json\/wp\/v2\/media\/138160"}],"wp:attachment":[{"href":"https:\/\/www.quebakan.com\/v15\/wp-json\/wp\/v2\/media?parent=138159"}],"wp:term":[{"taxonomy":"category","embeddable":true,"href":"https:\/\/www.quebakan.com\/v15\/wp-json\/wp\/v2\/categories?post=138159"},{"taxonomy":"post_tag","embeddable":true,"href":"https:\/\/www.quebakan.com\/v15\/wp-json\/wp\/v2\/tags?post=138159"}],"curies":[{"name":"wp","href":"https:\/\/api.w.org\/{rel}","templated":true}]}}