{"id":138169,"date":"2025-12-04T22:37:07","date_gmt":"2025-12-05T03:37:07","guid":{"rendered":"https:\/\/www.quebakan.com\/v15\/?p=138169"},"modified":"2025-12-04T22:37:07","modified_gmt":"2025-12-05T03:37:07","slug":"dia-del-camion-foton-resalta-el-rol-estrategico-del-transporte-de-carga-en-ecuador","status":"publish","type":"post","link":"https:\/\/www.quebakan.com\/v15\/dia-del-camion-foton-resalta-el-rol-estrategico-del-transporte-de-carga-en-ecuador\/","title":{"rendered":"D\u00cdA DEL CAMI\u00d3N: FOTON RESALTA EL ROL ESTRAT\u00c9GICO DEL TRANSPORTE DE CARGA EN ECUADOR"},"content":{"rendered":"<p><img fetchpriority=\"high\" decoding=\"async\" class=\"aligncenter size-full wp-image-138170\" src=\"https:\/\/www.quebakan.com\/v15\/wp-content\/uploads\/2025\/12\/IMG_5275.jpg\" alt=\"\" width=\"710\" height=\"315\" \/><\/p>\n<p style=\"text-align: justify;\"><span style=\"color: #000000;\"><b><span lang=\"fr\" data-olk-copy-source=\"MessageBody\">Ecuador, 03 de diciembre de 2025.- <\/span><\/b>Cada <b>5 de diciembre<\/b>, Am\u00e9rica Latina conmemora el\u00a0<b>D\u00eda del Cami\u00f3n<\/b>, una fecha que destaca la importancia del transporte de carga para el crecimiento econ\u00f3mico y la continuidad de las operaciones productivas a nivel regional. En este contexto, FOTON, representada en Ecuador por Automotores y Anexos S.A., se consolida dentro del Top 5 de marcas de camiones m\u00e1s vendidas del pa\u00eds, reafirmando su papel como un aliado estrat\u00e9gico para las empresas y los sectores productivos nacionales.<\/span><\/p>\n<p style=\"text-align: justify;\"><span style=\"color: #000000;\">En un mercado donde las soluciones de movilidad deben ser cada vez m\u00e1s eficientes, seguras y tecnol\u00f3gicamente avanzadas, FOTON contin\u00faa ganando protagonismo. Su crecimiento interanual del\u00a0<b>43%<\/b>\u00a0evidencian la preferencia del mercado y el fortalecimiento de la marca en segmentos clave que impulsan la log\u00edstica y la distribuci\u00f3n en Ecuador.<\/span><\/p>\n<p style=\"text-align: justify;\"><span style=\"color: #000000;\">Gracias a esta evoluci\u00f3n, la marca se proyecta hoy como un actor determinante dentro de la industria, aportando veh\u00edculos que facilitan la operaci\u00f3n diaria de negocios de todos los tama\u00f1os, desde la\u00a0<b>distribuci\u00f3n urbana de \u00faltima milla hasta trabajos de alta exigencia en sectores como construcci\u00f3n, miner\u00eda, comercio y log\u00edstica.<\/b><\/span><\/p>\n<p style=\"text-align: justify;\"><span style=\"color: #000000;\">Como parte de su estrategia de expansi\u00f3n, la automotriz ha incorporado nuevos modelos que hacen de su portafolio uno de los m\u00e1s robustos y vers\u00e1tiles del mercado ecuatoriano, respondiendo a las necesidades actuales de productividad, ahorro operativo y rendimiento.<\/span><\/p>\n<p style=\"text-align: justify;\"><span style=\"color: #000000;\"><b>Entre estos destacan:<\/b><\/span><\/p>\n<ol style=\"text-align: justify;\" start=\"1\" type=\"1\">\n<li><span style=\"color: #000000;\"><b>Miler 2.5 Ton \u2013 Movilidad urbana \u00e1gil y econ\u00f3mica<\/b><\/span><\/li>\n<\/ol>\n<p style=\"text-align: justify;\"><span style=\"color: #000000;\">Consumo de 37 km\/gal\u00f3n, motor Turbo Di\u00e9sel Aucan 2.5L Euro III y transmisi\u00f3n ZF de 5 velocidades. Ideal para distribuci\u00f3n urbana y log\u00edstica de \u00faltima milla.<\/span><\/p>\n<ol style=\"text-align: justify;\" start=\"2\" type=\"1\">\n<li><span style=\"color: #000000;\"><b>Aumark S 3.5 Ton \u2013 Desempe\u00f1o superior con cabina premium<\/b><\/span><\/li>\n<\/ol>\n<p style=\"text-align: justify;\"><span style=\"color: #000000;\">Motor Aucan 2.5L, 156 HP, 400 Nm, aire acondicionado, control crucero y sistemas de asistencia que optimizan las jornadas diarias.<\/span><\/p>\n<ol style=\"text-align: justify;\" start=\"3\" type=\"1\">\n<li><span style=\"color: #000000;\"><b>Aumark E 3.5 Ton \u2013 Versatilidad para cargas livianas y pesadas<\/b><\/span><\/li>\n<\/ol>\n<p style=\"text-align: justify;\"><span style=\"color: #000000;\">Capacidad de carga de 3.870 kg, frenos neum\u00e1ticos, ABS + EBD y consumo de 32 km\/gal\u00f3n.<\/span><\/p>\n<ol style=\"text-align: justify;\" start=\"4\" type=\"1\">\n<li><span style=\"color: #000000;\"><b>\u201cTit\u00e1n\u201d Auman EST 48 Ton \u2013 La m\u00e1xima potencia del segmento<\/b><\/span><\/li>\n<\/ol>\n<p style=\"text-align: justify;\"><span style=\"color: #000000;\">Motor Cummins de 560 HP, tracci\u00f3n 6&#215;4 y capacidad de arrastre de 48.000 kg, para operaciones de alto desempe\u00f1o.<\/span><\/p>\n<ol style=\"text-align: justify;\" start=\"5\" type=\"1\">\n<li><span style=\"color: #000000;\"><b>Volqueta Auman EST 8&#215;4 \u2013 Potencia y durabilidad para construcci\u00f3n<\/b><\/span><\/li>\n<\/ol>\n<p style=\"text-align: justify;\"><span style=\"color: #000000;\">Motor de 460 HP, capacidad de 22 m\u00b3 y dise\u00f1o robusto para obra y miner\u00eda.<\/span><\/p>\n<p style=\"text-align: justify;\"><span style=\"color: #000000;\">En este d\u00eda, FOTON destaca que la fortaleza de esta industria depende de veh\u00edculos capaces de adaptarse a distintas realidades, optimizar costos y garantizar continuidad operativa. Este compromiso se fortalece con su red de servicio posventa, que incluye atenci\u00f3n especializada, talleres certificados y disponibilidad de repuestos originales a nivel nacional, asegurando un soporte permanente para que las flotas se mantengan siempre en movimiento.<\/span><\/p>\n","protected":false},"excerpt":{"rendered":"<p>Ecuador, 03 de diciembre de 2025.- Cada 5 de diciembre, Am\u00e9rica Latina conmemora el\u00a0D\u00eda del Cami\u00f3n, una fecha que destaca la importancia del transporte de carga para el crecimiento econ\u00f3mico y la continuidad de las operaciones productivas a nivel regional. En este contexto, FOTON, representada en Ecuador por Automotores y Anexos S.A., se consolida dentro [&hellip;]<\/p>\n","protected":false},"author":4,"featured_media":138170,"comment_status":"closed","ping_status":"closed","sticky":false,"template":"","format":"standard","meta":{"_bbp_topic_count":0,"_bbp_reply_count":0,"_bbp_total_topic_count":0,"_bbp_total_reply_count":0,"_bbp_voice_count":0,"_bbp_anonymous_reply_count":0,"_bbp_topic_count_hidden":0,"_bbp_reply_count_hidden":0,"_bbp_forum_subforum_count":0,"buzzeditor_post_format":"","footnotes":""},"categories":[2],"tags":[],"class_list":["post-138169","post","type-post","status-publish","format-standard","has-post-thumbnail","hentry","category-noticias"],"yoast_head":"<!-- This site is optimized with the Yoast SEO plugin v27.5 - https:\/\/yoast.com\/product\/yoast-seo-wordpress\/ -->\n<title>D\u00cdA DEL CAMI\u00d3N: FOTON RESALTA EL ROL ESTRAT\u00c9GICO DEL TRANSPORTE DE CARGA EN ECUADOR &#8211; QUEBAKAN.COM 2026: Noticias, Eventos, Conciertos y mucho m\u00e1s....<\/title>\n<meta name=\"robots\" content=\"index, follow, max-snippet:-1, max-image-preview:large, max-video-preview:-1\" \/>\n<link rel=\"canonical\" href=\"https:\/\/www.quebakan.com\/v15\/dia-del-camion-foton-resalta-el-rol-estrategico-del-transporte-de-carga-en-ecuador\/\" \/>\n<meta property=\"og:locale\" content=\"es_ES\" \/>\n<meta property=\"og:type\" content=\"article\" \/>\n<meta property=\"og:title\" content=\"D\u00cdA DEL CAMI\u00d3N: FOTON RESALTA EL ROL ESTRAT\u00c9GICO DEL TRANSPORTE DE CARGA EN ECUADOR &#8211; QUEBAKAN.COM 2026: Noticias, Eventos, Conciertos y mucho m\u00e1s....\" \/>\n<meta property=\"og:description\" content=\"Ecuador, 03 de diciembre de 2025.- Cada 5 de diciembre, Am\u00e9rica Latina conmemora el\u00a0D\u00eda del Cami\u00f3n, una fecha que destaca la importancia del transporte de carga para el crecimiento econ\u00f3mico y la continuidad de las operaciones productivas a nivel regional. En este contexto, FOTON, representada en Ecuador por Automotores y Anexos S.A., se consolida dentro [&hellip;]\" \/>\n<meta property=\"og:url\" content=\"https:\/\/www.quebakan.com\/v15\/dia-del-camion-foton-resalta-el-rol-estrategico-del-transporte-de-carga-en-ecuador\/\" \/>\n<meta property=\"og:site_name\" content=\"QUEBAKAN.COM 2026: Noticias, Eventos, Conciertos y mucho m\u00e1s....\" \/>\n<meta property=\"article:publisher\" content=\"http:\/\/www.facebook.com\/quebakan\" \/>\n<meta property=\"article:published_time\" content=\"2025-12-05T03:37:07+00:00\" \/>\n<meta property=\"og:image\" content=\"https:\/\/www.quebakan.com\/v15\/wp-content\/uploads\/2025\/12\/IMG_5275.jpg\" \/>\n\t<meta property=\"og:image:width\" content=\"710\" \/>\n\t<meta property=\"og:image:height\" content=\"315\" \/>\n\t<meta property=\"og:image:type\" content=\"image\/jpeg\" \/>\n<meta name=\"author\" content=\"Erick Villafuerte\" \/>\n<meta name=\"twitter:card\" content=\"summary_large_image\" \/>\n<meta name=\"twitter:creator\" content=\"@quebakanec\" \/>\n<meta name=\"twitter:site\" content=\"@quebakanec\" \/>\n<meta name=\"twitter:label1\" content=\"Escrito por\" \/>\n\t<meta name=\"twitter:data1\" content=\"Erick Villafuerte\" \/>\n\t<meta name=\"twitter:label2\" content=\"Tiempo de lectura\" \/>\n\t<meta name=\"twitter:data2\" content=\"3 minutos\" \/>\n<script type=\"application\/ld+json\" class=\"yoast-schema-graph\">{\"@context\":\"https:\\\/\\\/schema.org\",\"@graph\":[{\"@type\":\"Article\",\"@id\":\"https:\\\/\\\/www.quebakan.com\\\/v15\\\/dia-del-camion-foton-resalta-el-rol-estrategico-del-transporte-de-carga-en-ecuador\\\/#article\",\"isPartOf\":{\"@id\":\"https:\\\/\\\/www.quebakan.com\\\/v15\\\/dia-del-camion-foton-resalta-el-rol-estrategico-del-transporte-de-carga-en-ecuador\\\/\"},\"author\":{\"name\":\"Erick Villafuerte\",\"@id\":\"https:\\\/\\\/www.quebakan.com\\\/v15\\\/#\\\/schema\\\/person\\\/d90fa9f9cfa81eb8ace9811e5b7b9118\"},\"headline\":\"D\u00cdA DEL CAMI\u00d3N: FOTON RESALTA EL ROL ESTRAT\u00c9GICO DEL TRANSPORTE DE CARGA EN ECUADOR\",\"datePublished\":\"2025-12-05T03:37:07+00:00\",\"mainEntityOfPage\":{\"@id\":\"https:\\\/\\\/www.quebakan.com\\\/v15\\\/dia-del-camion-foton-resalta-el-rol-estrategico-del-transporte-de-carga-en-ecuador\\\/\"},\"wordCount\":472,\"publisher\":{\"@id\":\"https:\\\/\\\/www.quebakan.com\\\/v15\\\/#organization\"},\"image\":{\"@id\":\"https:\\\/\\\/www.quebakan.com\\\/v15\\\/dia-del-camion-foton-resalta-el-rol-estrategico-del-transporte-de-carga-en-ecuador\\\/#primaryimage\"},\"thumbnailUrl\":\"https:\\\/\\\/www.quebakan.com\\\/v15\\\/wp-content\\\/uploads\\\/2025\\\/12\\\/IMG_5275.jpg\",\"articleSection\":[\"Noticias\"],\"inLanguage\":\"es\"},{\"@type\":\"WebPage\",\"@id\":\"https:\\\/\\\/www.quebakan.com\\\/v15\\\/dia-del-camion-foton-resalta-el-rol-estrategico-del-transporte-de-carga-en-ecuador\\\/\",\"url\":\"https:\\\/\\\/www.quebakan.com\\\/v15\\\/dia-del-camion-foton-resalta-el-rol-estrategico-del-transporte-de-carga-en-ecuador\\\/\",\"name\":\"D\u00cdA DEL CAMI\u00d3N: FOTON RESALTA EL ROL ESTRAT\u00c9GICO DEL TRANSPORTE DE CARGA EN ECUADOR &#8211; QUEBAKAN.COM 2026: Noticias, Eventos, Conciertos y mucho m\u00e1s....\",\"isPartOf\":{\"@id\":\"https:\\\/\\\/www.quebakan.com\\\/v15\\\/#website\"},\"primaryImageOfPage\":{\"@id\":\"https:\\\/\\\/www.quebakan.com\\\/v15\\\/dia-del-camion-foton-resalta-el-rol-estrategico-del-transporte-de-carga-en-ecuador\\\/#primaryimage\"},\"image\":{\"@id\":\"https:\\\/\\\/www.quebakan.com\\\/v15\\\/dia-del-camion-foton-resalta-el-rol-estrategico-del-transporte-de-carga-en-ecuador\\\/#primaryimage\"},\"thumbnailUrl\":\"https:\\\/\\\/www.quebakan.com\\\/v15\\\/wp-content\\\/uploads\\\/2025\\\/12\\\/IMG_5275.jpg\",\"datePublished\":\"2025-12-05T03:37:07+00:00\",\"breadcrumb\":{\"@id\":\"https:\\\/\\\/www.quebakan.com\\\/v15\\\/dia-del-camion-foton-resalta-el-rol-estrategico-del-transporte-de-carga-en-ecuador\\\/#breadcrumb\"},\"inLanguage\":\"es\",\"potentialAction\":[{\"@type\":\"ReadAction\",\"target\":[\"https:\\\/\\\/www.quebakan.com\\\/v15\\\/dia-del-camion-foton-resalta-el-rol-estrategico-del-transporte-de-carga-en-ecuador\\\/\"]}]},{\"@type\":\"ImageObject\",\"inLanguage\":\"es\",\"@id\":\"https:\\\/\\\/www.quebakan.com\\\/v15\\\/dia-del-camion-foton-resalta-el-rol-estrategico-del-transporte-de-carga-en-ecuador\\\/#primaryimage\",\"url\":\"https:\\\/\\\/www.quebakan.com\\\/v15\\\/wp-content\\\/uploads\\\/2025\\\/12\\\/IMG_5275.jpg\",\"contentUrl\":\"https:\\\/\\\/www.quebakan.com\\\/v15\\\/wp-content\\\/uploads\\\/2025\\\/12\\\/IMG_5275.jpg\",\"width\":710,\"height\":315},{\"@type\":\"BreadcrumbList\",\"@id\":\"https:\\\/\\\/www.quebakan.com\\\/v15\\\/dia-del-camion-foton-resalta-el-rol-estrategico-del-transporte-de-carga-en-ecuador\\\/#breadcrumb\",\"itemListElement\":[{\"@type\":\"ListItem\",\"position\":1,\"name\":\"Portada\",\"item\":\"https:\\\/\\\/www.quebakan.com\\\/v15\\\/\"},{\"@type\":\"ListItem\",\"position\":2,\"name\":\"D\u00cdA DEL CAMI\u00d3N: FOTON RESALTA EL ROL ESTRAT\u00c9GICO DEL TRANSPORTE DE CARGA EN ECUADOR\"}]},{\"@type\":\"WebSite\",\"@id\":\"https:\\\/\\\/www.quebakan.com\\\/v15\\\/#website\",\"url\":\"https:\\\/\\\/www.quebakan.com\\\/v15\\\/\",\"name\":\"QUEBAKAN\",\"description\":\"..\",\"publisher\":{\"@id\":\"https:\\\/\\\/www.quebakan.com\\\/v15\\\/#organization\"},\"potentialAction\":[{\"@type\":\"SearchAction\",\"target\":{\"@type\":\"EntryPoint\",\"urlTemplate\":\"https:\\\/\\\/www.quebakan.com\\\/v15\\\/?s={search_term_string}\"},\"query-input\":{\"@type\":\"PropertyValueSpecification\",\"valueRequired\":true,\"valueName\":\"search_term_string\"}}],\"inLanguage\":\"es\"},{\"@type\":\"Organization\",\"@id\":\"https:\\\/\\\/www.quebakan.com\\\/v15\\\/#organization\",\"name\":\"Quebakan.com\",\"url\":\"https:\\\/\\\/www.quebakan.com\\\/v15\\\/\",\"logo\":{\"@type\":\"ImageObject\",\"inLanguage\":\"es\",\"@id\":\"https:\\\/\\\/www.quebakan.com\\\/v15\\\/#\\\/schema\\\/logo\\\/image\\\/\",\"url\":\"https:\\\/\\\/www.quebakan.com\\\/v15\\\/wp-content\\\/uploads\\\/2023\\\/07\\\/logoquebakanenero2021.jpg\",\"contentUrl\":\"https:\\\/\\\/www.quebakan.com\\\/v15\\\/wp-content\\\/uploads\\\/2023\\\/07\\\/logoquebakanenero2021.jpg\",\"width\":1920,\"height\":1080,\"caption\":\"Quebakan.com\"},\"image\":{\"@id\":\"https:\\\/\\\/www.quebakan.com\\\/v15\\\/#\\\/schema\\\/logo\\\/image\\\/\"},\"sameAs\":[\"http:\\\/\\\/www.facebook.com\\\/quebakan\",\"https:\\\/\\\/x.com\\\/quebakanec\",\"http:\\\/\\\/www.instagram.com\\\/quebakan\",\"http:\\\/\\\/www.youtube.com\\\/quebakan1\"]},{\"@type\":\"Person\",\"@id\":\"https:\\\/\\\/www.quebakan.com\\\/v15\\\/#\\\/schema\\\/person\\\/d90fa9f9cfa81eb8ace9811e5b7b9118\",\"name\":\"Erick Villafuerte\",\"image\":{\"@type\":\"ImageObject\",\"inLanguage\":\"es\",\"@id\":\"https:\\\/\\\/www.quebakan.com\\\/v15\\\/wp-content\\\/uploads\\\/avatars\\\/4\\\/1731297654-bpfull.png\",\"url\":\"https:\\\/\\\/www.quebakan.com\\\/v15\\\/wp-content\\\/uploads\\\/avatars\\\/4\\\/1731297654-bpfull.png\",\"contentUrl\":\"https:\\\/\\\/www.quebakan.com\\\/v15\\\/wp-content\\\/uploads\\\/avatars\\\/4\\\/1731297654-bpfull.png\",\"caption\":\"Erick Villafuerte\"}}]}<\/script>\n<!-- \/ Yoast SEO plugin. -->","yoast_head_json":{"title":"D\u00cdA DEL CAMI\u00d3N: FOTON RESALTA EL ROL ESTRAT\u00c9GICO DEL TRANSPORTE DE CARGA EN ECUADOR &#8211; QUEBAKAN.COM 2026: Noticias, Eventos, Conciertos y mucho m\u00e1s....","robots":{"index":"index","follow":"follow","max-snippet":"max-snippet:-1","max-image-preview":"max-image-preview:large","max-video-preview":"max-video-preview:-1"},"canonical":"https:\/\/www.quebakan.com\/v15\/dia-del-camion-foton-resalta-el-rol-estrategico-del-transporte-de-carga-en-ecuador\/","og_locale":"es_ES","og_type":"article","og_title":"D\u00cdA DEL CAMI\u00d3N: FOTON RESALTA EL ROL ESTRAT\u00c9GICO DEL TRANSPORTE DE CARGA EN ECUADOR &#8211; QUEBAKAN.COM 2026: Noticias, Eventos, Conciertos y mucho m\u00e1s....","og_description":"Ecuador, 03 de diciembre de 2025.- Cada 5 de diciembre, Am\u00e9rica Latina conmemora el\u00a0D\u00eda del Cami\u00f3n, una fecha que destaca la importancia del transporte de carga para el crecimiento econ\u00f3mico y la continuidad de las operaciones productivas a nivel regional. En este contexto, FOTON, representada en Ecuador por Automotores y Anexos S.A., se consolida dentro [&hellip;]","og_url":"https:\/\/www.quebakan.com\/v15\/dia-del-camion-foton-resalta-el-rol-estrategico-del-transporte-de-carga-en-ecuador\/","og_site_name":"QUEBAKAN.COM 2026: Noticias, Eventos, Conciertos y mucho m\u00e1s....","article_publisher":"http:\/\/www.facebook.com\/quebakan","article_published_time":"2025-12-05T03:37:07+00:00","og_image":[{"width":710,"height":315,"url":"https:\/\/www.quebakan.com\/v15\/wp-content\/uploads\/2025\/12\/IMG_5275.jpg","type":"image\/jpeg"}],"author":"Erick Villafuerte","twitter_card":"summary_large_image","twitter_creator":"@quebakanec","twitter_site":"@quebakanec","twitter_misc":{"Escrito por":"Erick Villafuerte","Tiempo de lectura":"3 minutos"},"schema":{"@context":"https:\/\/schema.org","@graph":[{"@type":"Article","@id":"https:\/\/www.quebakan.com\/v15\/dia-del-camion-foton-resalta-el-rol-estrategico-del-transporte-de-carga-en-ecuador\/#article","isPartOf":{"@id":"https:\/\/www.quebakan.com\/v15\/dia-del-camion-foton-resalta-el-rol-estrategico-del-transporte-de-carga-en-ecuador\/"},"author":{"name":"Erick Villafuerte","@id":"https:\/\/www.quebakan.com\/v15\/#\/schema\/person\/d90fa9f9cfa81eb8ace9811e5b7b9118"},"headline":"D\u00cdA DEL CAMI\u00d3N: FOTON RESALTA EL ROL ESTRAT\u00c9GICO DEL TRANSPORTE DE CARGA EN ECUADOR","datePublished":"2025-12-05T03:37:07+00:00","mainEntityOfPage":{"@id":"https:\/\/www.quebakan.com\/v15\/dia-del-camion-foton-resalta-el-rol-estrategico-del-transporte-de-carga-en-ecuador\/"},"wordCount":472,"publisher":{"@id":"https:\/\/www.quebakan.com\/v15\/#organization"},"image":{"@id":"https:\/\/www.quebakan.com\/v15\/dia-del-camion-foton-resalta-el-rol-estrategico-del-transporte-de-carga-en-ecuador\/#primaryimage"},"thumbnailUrl":"https:\/\/www.quebakan.com\/v15\/wp-content\/uploads\/2025\/12\/IMG_5275.jpg","articleSection":["Noticias"],"inLanguage":"es"},{"@type":"WebPage","@id":"https:\/\/www.quebakan.com\/v15\/dia-del-camion-foton-resalta-el-rol-estrategico-del-transporte-de-carga-en-ecuador\/","url":"https:\/\/www.quebakan.com\/v15\/dia-del-camion-foton-resalta-el-rol-estrategico-del-transporte-de-carga-en-ecuador\/","name":"D\u00cdA DEL CAMI\u00d3N: FOTON RESALTA EL ROL ESTRAT\u00c9GICO DEL TRANSPORTE DE CARGA EN ECUADOR &#8211; QUEBAKAN.COM 2026: Noticias, Eventos, Conciertos y mucho m\u00e1s....","isPartOf":{"@id":"https:\/\/www.quebakan.com\/v15\/#website"},"primaryImageOfPage":{"@id":"https:\/\/www.quebakan.com\/v15\/dia-del-camion-foton-resalta-el-rol-estrategico-del-transporte-de-carga-en-ecuador\/#primaryimage"},"image":{"@id":"https:\/\/www.quebakan.com\/v15\/dia-del-camion-foton-resalta-el-rol-estrategico-del-transporte-de-carga-en-ecuador\/#primaryimage"},"thumbnailUrl":"https:\/\/www.quebakan.com\/v15\/wp-content\/uploads\/2025\/12\/IMG_5275.jpg","datePublished":"2025-12-05T03:37:07+00:00","breadcrumb":{"@id":"https:\/\/www.quebakan.com\/v15\/dia-del-camion-foton-resalta-el-rol-estrategico-del-transporte-de-carga-en-ecuador\/#breadcrumb"},"inLanguage":"es","potentialAction":[{"@type":"ReadAction","target":["https:\/\/www.quebakan.com\/v15\/dia-del-camion-foton-resalta-el-rol-estrategico-del-transporte-de-carga-en-ecuador\/"]}]},{"@type":"ImageObject","inLanguage":"es","@id":"https:\/\/www.quebakan.com\/v15\/dia-del-camion-foton-resalta-el-rol-estrategico-del-transporte-de-carga-en-ecuador\/#primaryimage","url":"https:\/\/www.quebakan.com\/v15\/wp-content\/uploads\/2025\/12\/IMG_5275.jpg","contentUrl":"https:\/\/www.quebakan.com\/v15\/wp-content\/uploads\/2025\/12\/IMG_5275.jpg","width":710,"height":315},{"@type":"BreadcrumbList","@id":"https:\/\/www.quebakan.com\/v15\/dia-del-camion-foton-resalta-el-rol-estrategico-del-transporte-de-carga-en-ecuador\/#breadcrumb","itemListElement":[{"@type":"ListItem","position":1,"name":"Portada","item":"https:\/\/www.quebakan.com\/v15\/"},{"@type":"ListItem","position":2,"name":"D\u00cdA DEL CAMI\u00d3N: FOTON RESALTA EL ROL ESTRAT\u00c9GICO DEL TRANSPORTE DE CARGA EN ECUADOR"}]},{"@type":"WebSite","@id":"https:\/\/www.quebakan.com\/v15\/#website","url":"https:\/\/www.quebakan.com\/v15\/","name":"QUEBAKAN","description":"..","publisher":{"@id":"https:\/\/www.quebakan.com\/v15\/#organization"},"potentialAction":[{"@type":"SearchAction","target":{"@type":"EntryPoint","urlTemplate":"https:\/\/www.quebakan.com\/v15\/?s={search_term_string}"},"query-input":{"@type":"PropertyValueSpecification","valueRequired":true,"valueName":"search_term_string"}}],"inLanguage":"es"},{"@type":"Organization","@id":"https:\/\/www.quebakan.com\/v15\/#organization","name":"Quebakan.com","url":"https:\/\/www.quebakan.com\/v15\/","logo":{"@type":"ImageObject","inLanguage":"es","@id":"https:\/\/www.quebakan.com\/v15\/#\/schema\/logo\/image\/","url":"https:\/\/www.quebakan.com\/v15\/wp-content\/uploads\/2023\/07\/logoquebakanenero2021.jpg","contentUrl":"https:\/\/www.quebakan.com\/v15\/wp-content\/uploads\/2023\/07\/logoquebakanenero2021.jpg","width":1920,"height":1080,"caption":"Quebakan.com"},"image":{"@id":"https:\/\/www.quebakan.com\/v15\/#\/schema\/logo\/image\/"},"sameAs":["http:\/\/www.facebook.com\/quebakan","https:\/\/x.com\/quebakanec","http:\/\/www.instagram.com\/quebakan","http:\/\/www.youtube.com\/quebakan1"]},{"@type":"Person","@id":"https:\/\/www.quebakan.com\/v15\/#\/schema\/person\/d90fa9f9cfa81eb8ace9811e5b7b9118","name":"Erick Villafuerte","image":{"@type":"ImageObject","inLanguage":"es","@id":"https:\/\/www.quebakan.com\/v15\/wp-content\/uploads\/avatars\/4\/1731297654-bpfull.png","url":"https:\/\/www.quebakan.com\/v15\/wp-content\/uploads\/avatars\/4\/1731297654-bpfull.png","contentUrl":"https:\/\/www.quebakan.com\/v15\/wp-content\/uploads\/avatars\/4\/1731297654-bpfull.png","caption":"Erick Villafuerte"}}]}},"_links":{"self":[{"href":"https:\/\/www.quebakan.com\/v15\/wp-json\/wp\/v2\/posts\/138169","targetHints":{"allow":["GET"]}}],"collection":[{"href":"https:\/\/www.quebakan.com\/v15\/wp-json\/wp\/v2\/posts"}],"about":[{"href":"https:\/\/www.quebakan.com\/v15\/wp-json\/wp\/v2\/types\/post"}],"author":[{"embeddable":true,"href":"https:\/\/www.quebakan.com\/v15\/wp-json\/wp\/v2\/users\/4"}],"replies":[{"embeddable":true,"href":"https:\/\/www.quebakan.com\/v15\/wp-json\/wp\/v2\/comments?post=138169"}],"version-history":[{"count":1,"href":"https:\/\/www.quebakan.com\/v15\/wp-json\/wp\/v2\/posts\/138169\/revisions"}],"predecessor-version":[{"id":138171,"href":"https:\/\/www.quebakan.com\/v15\/wp-json\/wp\/v2\/posts\/138169\/revisions\/138171"}],"wp:featuredmedia":[{"embeddable":true,"href":"https:\/\/www.quebakan.com\/v15\/wp-json\/wp\/v2\/media\/138170"}],"wp:attachment":[{"href":"https:\/\/www.quebakan.com\/v15\/wp-json\/wp\/v2\/media?parent=138169"}],"wp:term":[{"taxonomy":"category","embeddable":true,"href":"https:\/\/www.quebakan.com\/v15\/wp-json\/wp\/v2\/categories?post=138169"},{"taxonomy":"post_tag","embeddable":true,"href":"https:\/\/www.quebakan.com\/v15\/wp-json\/wp\/v2\/tags?post=138169"}],"curies":[{"name":"wp","href":"https:\/\/api.w.org\/{rel}","templated":true}]}}