{"id":138172,"date":"2025-12-04T22:49:22","date_gmt":"2025-12-05T03:49:22","guid":{"rendered":"https:\/\/www.quebakan.com\/v15\/?p=138172"},"modified":"2025-12-04T22:49:22","modified_gmt":"2025-12-05T03:49:22","slug":"grupo-veris-destaca-la-transformacion-digital-en-salud-durante-el-evento-exposalud-bienestar-2025","status":"publish","type":"post","link":"https:\/\/www.quebakan.com\/v15\/grupo-veris-destaca-la-transformacion-digital-en-salud-durante-el-evento-exposalud-bienestar-2025\/","title":{"rendered":"Grupo Veris destaca la transformaci\u00f3n digital en salud  durante el evento ExpoSalud &#038; Bienestar 2025"},"content":{"rendered":"<p style=\"text-align: justify;\"><span style=\"color: #000000;\"><em>La vicepresidenta de la empresa expuso sobre el rol de la IA en la prevenci\u00f3n y el manejo de enfermedades cr\u00f3nicas.<\/em><\/span><\/p>\n<p style=\"text-align: justify;\"><span style=\"color: #000000;\">Grupo Veris S.A. particip\u00f3 en la ExpoSalud &amp; Bienestar 2025 que se desarroll\u00f3 en el Centro de Convenciones de Guayaquil. El evento, organizado por la Junta de Beneficencia de Guayaquil, es el <strong>m\u00e1s importante del sector<\/strong> porque re\u00fane en un mismo espacio a todo el ecosistema de salud del pa\u00eds.<\/span><\/p>\n<p style=\"text-align: justify;\"><span style=\"color: #000000;\">En ese contexto, la vicepresidenta de Gesti\u00f3n Cl\u00ednica, Operaciones y Experiencia de Grupo Veris S.A., <strong>Dra. Yenny Mej\u00eda Osorio, estuvo como conferencista<\/strong> con la ponencia \u201cTransformaci\u00f3n digital e IA en el ecosistema del cuidado de la salud, desde la prevenci\u00f3n hasta el manejo eficaz de enfermedades cr\u00f3nicas\u201d.<\/span><\/p>\n<p style=\"text-align: justify;\"><span style=\"color: #000000;\">Durante su intervenci\u00f3n, abord\u00f3 c\u00f3mo la tecnolog\u00eda y la inteligencia artificial han impulsado avances significativos en la atenci\u00f3n m\u00e9dica, especialmente en la <strong>medicina preventiva<\/strong>. Destac\u00f3 que la tecnolog\u00eda -entre ellas la IA- puede potenciar y mejorar los procesos para permitir la detecci\u00f3n temprana de un cuadro y la toma de decisiones m\u00e1s acertadas para el control de enfermedades cr\u00f3nicas. Y consider\u00f3 que la tecnolog\u00eda no reemplaza en la actualidad ni reemplazar\u00e1 en un futuro a los profesionales de la medicina y salud, porque son ellos quienes poseen la preparaci\u00f3n acad\u00e9mica y de campo, el criterio cl\u00ednico y la visi\u00f3n humana.<\/span><\/p>\n<p style=\"text-align: justify;\"><span style=\"color: #000000;\">Adem\u00e1s de ser <em>speaker<\/em>, la vicepresidenta de Gesti\u00f3n Cl\u00ednica, Operaciones y Experiencia de Grupo Veris S.A. fue invitada al acto de inauguraci\u00f3n de ExpoSalud &amp; Bienestar 2025, que cont\u00f3 con la asistencia del ministro de Salud, Jimmy Mart\u00edn, y los directivos de la Junta de Beneficencia de Guayaquil.<\/span><\/p>\n<p style=\"text-align: justify;\"><span style=\"color: #000000;\">Grupo Veris S.A. es un conglomerado compuesto por Centrales M\u00e9dicas, Centros M\u00e9dicos Convenientes ParaM\u00ed y Veris Urgencias Ambulatorias (VUA). Su participaci\u00f3n en el evento refleja su compromiso por promover la cultura de la prevenci\u00f3n y autocuidado para que las personas vivan m\u00e1s y vivan mejor.<\/span><\/p>\n<p><img fetchpriority=\"high\" decoding=\"async\" class=\"aligncenter size-full wp-image-138173\" src=\"https:\/\/www.quebakan.com\/v15\/wp-content\/uploads\/2025\/12\/DSC09922.jpg\" alt=\"\" width=\"700\" height=\"467\" \/><\/p>\n<p style=\"text-align: justify;\"><span style=\"color: #000000;\">Director de la Junta de Beneficencia de Guayaquil, Juan Xavier Cordovez Ortega, junto a la Dra. Yenny Mej\u00eda Osorio, Vicepresidente de Gesti\u00f3n Cl\u00ednica Operaciones y Experiencias de Veris S.A.<\/span><\/p>\n<p><img decoding=\"async\" class=\"aligncenter size-full wp-image-138174\" src=\"https:\/\/www.quebakan.com\/v15\/wp-content\/uploads\/2025\/12\/DSC09990.jpg\" alt=\"\" width=\"700\" height=\"466\" \/><\/p>\n<p style=\"text-align: justify;\"><span style=\"color: #000000;\">La Dra. Yenny Mej\u00eda Osorio, Vicepresidente de Gesti\u00f3n Cl\u00ednica Operaciones y Experiencias de Veris S.A., particip\u00f3 en la ExpoSalud &amp; Bienestar 2025, brindando la charla de \u201cTransformaci\u00f3n Digital e IA en el ecosistema del cuidado de la salud\u201d.<\/span><\/p>\n","protected":false},"excerpt":{"rendered":"<p>La vicepresidenta de la empresa expuso sobre el rol de la IA en la prevenci\u00f3n y el manejo de enfermedades cr\u00f3nicas. Grupo Veris S.A. particip\u00f3 en la ExpoSalud &amp; Bienestar 2025 que se desarroll\u00f3 en el Centro de Convenciones de Guayaquil. El evento, organizado por la Junta de Beneficencia de Guayaquil, es el m\u00e1s importante [&hellip;]<\/p>\n","protected":false},"author":4,"featured_media":138173,"comment_status":"closed","ping_status":"closed","sticky":false,"template":"","format":"standard","meta":{"_bbp_topic_count":0,"_bbp_reply_count":0,"_bbp_total_topic_count":0,"_bbp_total_reply_count":0,"_bbp_voice_count":0,"_bbp_anonymous_reply_count":0,"_bbp_topic_count_hidden":0,"_bbp_reply_count_hidden":0,"_bbp_forum_subforum_count":0,"buzzeditor_post_format":"","footnotes":""},"categories":[2],"tags":[],"class_list":["post-138172","post","type-post","status-publish","format-standard","has-post-thumbnail","hentry","category-noticias"],"yoast_head":"<!-- This site is optimized with the Yoast SEO plugin v27.5 - https:\/\/yoast.com\/product\/yoast-seo-wordpress\/ -->\n<title>Grupo Veris destaca la transformaci\u00f3n digital en salud durante el evento ExpoSalud &amp; Bienestar 2025 &#8211; QUEBAKAN.COM 2026: Noticias, Eventos, Conciertos y mucho m\u00e1s....<\/title>\n<meta name=\"robots\" content=\"index, follow, max-snippet:-1, max-image-preview:large, max-video-preview:-1\" \/>\n<link rel=\"canonical\" href=\"https:\/\/www.quebakan.com\/v15\/grupo-veris-destaca-la-transformacion-digital-en-salud-durante-el-evento-exposalud-bienestar-2025\/\" \/>\n<meta property=\"og:locale\" content=\"es_ES\" \/>\n<meta property=\"og:type\" content=\"article\" \/>\n<meta property=\"og:title\" content=\"Grupo Veris destaca la transformaci\u00f3n digital en salud durante el evento ExpoSalud &amp; Bienestar 2025 &#8211; QUEBAKAN.COM 2026: Noticias, Eventos, Conciertos y mucho m\u00e1s....\" \/>\n<meta property=\"og:description\" content=\"La vicepresidenta de la empresa expuso sobre el rol de la IA en la prevenci\u00f3n y el manejo de enfermedades cr\u00f3nicas. Grupo Veris S.A. particip\u00f3 en la ExpoSalud &amp; Bienestar 2025 que se desarroll\u00f3 en el Centro de Convenciones de Guayaquil. El evento, organizado por la Junta de Beneficencia de Guayaquil, es el m\u00e1s importante [&hellip;]\" \/>\n<meta property=\"og:url\" content=\"https:\/\/www.quebakan.com\/v15\/grupo-veris-destaca-la-transformacion-digital-en-salud-durante-el-evento-exposalud-bienestar-2025\/\" \/>\n<meta property=\"og:site_name\" content=\"QUEBAKAN.COM 2026: Noticias, Eventos, Conciertos y mucho m\u00e1s....\" \/>\n<meta property=\"article:publisher\" content=\"http:\/\/www.facebook.com\/quebakan\" \/>\n<meta property=\"article:published_time\" content=\"2025-12-05T03:49:22+00:00\" \/>\n<meta property=\"og:image\" content=\"https:\/\/www.quebakan.com\/v15\/wp-content\/uploads\/2025\/12\/DSC09922.jpg\" \/>\n\t<meta property=\"og:image:width\" content=\"700\" \/>\n\t<meta property=\"og:image:height\" content=\"467\" \/>\n\t<meta property=\"og:image:type\" content=\"image\/jpeg\" \/>\n<meta name=\"author\" content=\"Erick Villafuerte\" \/>\n<meta name=\"twitter:card\" content=\"summary_large_image\" \/>\n<meta name=\"twitter:creator\" content=\"@quebakanec\" \/>\n<meta name=\"twitter:site\" content=\"@quebakanec\" \/>\n<meta name=\"twitter:label1\" content=\"Escrito por\" \/>\n\t<meta name=\"twitter:data1\" content=\"Erick Villafuerte\" \/>\n\t<meta name=\"twitter:label2\" content=\"Tiempo de lectura\" \/>\n\t<meta name=\"twitter:data2\" content=\"3 minutos\" \/>\n<script type=\"application\/ld+json\" class=\"yoast-schema-graph\">{\"@context\":\"https:\\\/\\\/schema.org\",\"@graph\":[{\"@type\":\"Article\",\"@id\":\"https:\\\/\\\/www.quebakan.com\\\/v15\\\/grupo-veris-destaca-la-transformacion-digital-en-salud-durante-el-evento-exposalud-bienestar-2025\\\/#article\",\"isPartOf\":{\"@id\":\"https:\\\/\\\/www.quebakan.com\\\/v15\\\/grupo-veris-destaca-la-transformacion-digital-en-salud-durante-el-evento-exposalud-bienestar-2025\\\/\"},\"author\":{\"name\":\"Erick Villafuerte\",\"@id\":\"https:\\\/\\\/www.quebakan.com\\\/v15\\\/#\\\/schema\\\/person\\\/d90fa9f9cfa81eb8ace9811e5b7b9118\"},\"headline\":\"Grupo Veris destaca la transformaci\u00f3n digital en salud durante el evento ExpoSalud &#038; Bienestar 2025\",\"datePublished\":\"2025-12-05T03:49:22+00:00\",\"mainEntityOfPage\":{\"@id\":\"https:\\\/\\\/www.quebakan.com\\\/v15\\\/grupo-veris-destaca-la-transformacion-digital-en-salud-durante-el-evento-exposalud-bienestar-2025\\\/\"},\"wordCount\":437,\"publisher\":{\"@id\":\"https:\\\/\\\/www.quebakan.com\\\/v15\\\/#organization\"},\"image\":{\"@id\":\"https:\\\/\\\/www.quebakan.com\\\/v15\\\/grupo-veris-destaca-la-transformacion-digital-en-salud-durante-el-evento-exposalud-bienestar-2025\\\/#primaryimage\"},\"thumbnailUrl\":\"https:\\\/\\\/www.quebakan.com\\\/v15\\\/wp-content\\\/uploads\\\/2025\\\/12\\\/DSC09922.jpg\",\"articleSection\":[\"Noticias\"],\"inLanguage\":\"es\"},{\"@type\":\"WebPage\",\"@id\":\"https:\\\/\\\/www.quebakan.com\\\/v15\\\/grupo-veris-destaca-la-transformacion-digital-en-salud-durante-el-evento-exposalud-bienestar-2025\\\/\",\"url\":\"https:\\\/\\\/www.quebakan.com\\\/v15\\\/grupo-veris-destaca-la-transformacion-digital-en-salud-durante-el-evento-exposalud-bienestar-2025\\\/\",\"name\":\"Grupo Veris destaca la transformaci\u00f3n digital en salud durante el evento ExpoSalud & Bienestar 2025 &#8211; QUEBAKAN.COM 2026: Noticias, Eventos, Conciertos y mucho m\u00e1s....\",\"isPartOf\":{\"@id\":\"https:\\\/\\\/www.quebakan.com\\\/v15\\\/#website\"},\"primaryImageOfPage\":{\"@id\":\"https:\\\/\\\/www.quebakan.com\\\/v15\\\/grupo-veris-destaca-la-transformacion-digital-en-salud-durante-el-evento-exposalud-bienestar-2025\\\/#primaryimage\"},\"image\":{\"@id\":\"https:\\\/\\\/www.quebakan.com\\\/v15\\\/grupo-veris-destaca-la-transformacion-digital-en-salud-durante-el-evento-exposalud-bienestar-2025\\\/#primaryimage\"},\"thumbnailUrl\":\"https:\\\/\\\/www.quebakan.com\\\/v15\\\/wp-content\\\/uploads\\\/2025\\\/12\\\/DSC09922.jpg\",\"datePublished\":\"2025-12-05T03:49:22+00:00\",\"breadcrumb\":{\"@id\":\"https:\\\/\\\/www.quebakan.com\\\/v15\\\/grupo-veris-destaca-la-transformacion-digital-en-salud-durante-el-evento-exposalud-bienestar-2025\\\/#breadcrumb\"},\"inLanguage\":\"es\",\"potentialAction\":[{\"@type\":\"ReadAction\",\"target\":[\"https:\\\/\\\/www.quebakan.com\\\/v15\\\/grupo-veris-destaca-la-transformacion-digital-en-salud-durante-el-evento-exposalud-bienestar-2025\\\/\"]}]},{\"@type\":\"ImageObject\",\"inLanguage\":\"es\",\"@id\":\"https:\\\/\\\/www.quebakan.com\\\/v15\\\/grupo-veris-destaca-la-transformacion-digital-en-salud-durante-el-evento-exposalud-bienestar-2025\\\/#primaryimage\",\"url\":\"https:\\\/\\\/www.quebakan.com\\\/v15\\\/wp-content\\\/uploads\\\/2025\\\/12\\\/DSC09922.jpg\",\"contentUrl\":\"https:\\\/\\\/www.quebakan.com\\\/v15\\\/wp-content\\\/uploads\\\/2025\\\/12\\\/DSC09922.jpg\",\"width\":700,\"height\":467},{\"@type\":\"BreadcrumbList\",\"@id\":\"https:\\\/\\\/www.quebakan.com\\\/v15\\\/grupo-veris-destaca-la-transformacion-digital-en-salud-durante-el-evento-exposalud-bienestar-2025\\\/#breadcrumb\",\"itemListElement\":[{\"@type\":\"ListItem\",\"position\":1,\"name\":\"Portada\",\"item\":\"https:\\\/\\\/www.quebakan.com\\\/v15\\\/\"},{\"@type\":\"ListItem\",\"position\":2,\"name\":\"Grupo Veris destaca la transformaci\u00f3n digital en salud durante el evento ExpoSalud &#038; Bienestar 2025\"}]},{\"@type\":\"WebSite\",\"@id\":\"https:\\\/\\\/www.quebakan.com\\\/v15\\\/#website\",\"url\":\"https:\\\/\\\/www.quebakan.com\\\/v15\\\/\",\"name\":\"QUEBAKAN\",\"description\":\"..\",\"publisher\":{\"@id\":\"https:\\\/\\\/www.quebakan.com\\\/v15\\\/#organization\"},\"potentialAction\":[{\"@type\":\"SearchAction\",\"target\":{\"@type\":\"EntryPoint\",\"urlTemplate\":\"https:\\\/\\\/www.quebakan.com\\\/v15\\\/?s={search_term_string}\"},\"query-input\":{\"@type\":\"PropertyValueSpecification\",\"valueRequired\":true,\"valueName\":\"search_term_string\"}}],\"inLanguage\":\"es\"},{\"@type\":\"Organization\",\"@id\":\"https:\\\/\\\/www.quebakan.com\\\/v15\\\/#organization\",\"name\":\"Quebakan.com\",\"url\":\"https:\\\/\\\/www.quebakan.com\\\/v15\\\/\",\"logo\":{\"@type\":\"ImageObject\",\"inLanguage\":\"es\",\"@id\":\"https:\\\/\\\/www.quebakan.com\\\/v15\\\/#\\\/schema\\\/logo\\\/image\\\/\",\"url\":\"https:\\\/\\\/www.quebakan.com\\\/v15\\\/wp-content\\\/uploads\\\/2023\\\/07\\\/logoquebakanenero2021.jpg\",\"contentUrl\":\"https:\\\/\\\/www.quebakan.com\\\/v15\\\/wp-content\\\/uploads\\\/2023\\\/07\\\/logoquebakanenero2021.jpg\",\"width\":1920,\"height\":1080,\"caption\":\"Quebakan.com\"},\"image\":{\"@id\":\"https:\\\/\\\/www.quebakan.com\\\/v15\\\/#\\\/schema\\\/logo\\\/image\\\/\"},\"sameAs\":[\"http:\\\/\\\/www.facebook.com\\\/quebakan\",\"https:\\\/\\\/x.com\\\/quebakanec\",\"http:\\\/\\\/www.instagram.com\\\/quebakan\",\"http:\\\/\\\/www.youtube.com\\\/quebakan1\"]},{\"@type\":\"Person\",\"@id\":\"https:\\\/\\\/www.quebakan.com\\\/v15\\\/#\\\/schema\\\/person\\\/d90fa9f9cfa81eb8ace9811e5b7b9118\",\"name\":\"Erick Villafuerte\",\"image\":{\"@type\":\"ImageObject\",\"inLanguage\":\"es\",\"@id\":\"https:\\\/\\\/www.quebakan.com\\\/v15\\\/wp-content\\\/uploads\\\/avatars\\\/4\\\/1731297654-bpfull.png\",\"url\":\"https:\\\/\\\/www.quebakan.com\\\/v15\\\/wp-content\\\/uploads\\\/avatars\\\/4\\\/1731297654-bpfull.png\",\"contentUrl\":\"https:\\\/\\\/www.quebakan.com\\\/v15\\\/wp-content\\\/uploads\\\/avatars\\\/4\\\/1731297654-bpfull.png\",\"caption\":\"Erick Villafuerte\"}}]}<\/script>\n<!-- \/ Yoast SEO plugin. -->","yoast_head_json":{"title":"Grupo Veris destaca la transformaci\u00f3n digital en salud durante el evento ExpoSalud & Bienestar 2025 &#8211; QUEBAKAN.COM 2026: Noticias, Eventos, Conciertos y mucho m\u00e1s....","robots":{"index":"index","follow":"follow","max-snippet":"max-snippet:-1","max-image-preview":"max-image-preview:large","max-video-preview":"max-video-preview:-1"},"canonical":"https:\/\/www.quebakan.com\/v15\/grupo-veris-destaca-la-transformacion-digital-en-salud-durante-el-evento-exposalud-bienestar-2025\/","og_locale":"es_ES","og_type":"article","og_title":"Grupo Veris destaca la transformaci\u00f3n digital en salud durante el evento ExpoSalud & Bienestar 2025 &#8211; QUEBAKAN.COM 2026: Noticias, Eventos, Conciertos y mucho m\u00e1s....","og_description":"La vicepresidenta de la empresa expuso sobre el rol de la IA en la prevenci\u00f3n y el manejo de enfermedades cr\u00f3nicas. Grupo Veris S.A. particip\u00f3 en la ExpoSalud &amp; Bienestar 2025 que se desarroll\u00f3 en el Centro de Convenciones de Guayaquil. El evento, organizado por la Junta de Beneficencia de Guayaquil, es el m\u00e1s importante [&hellip;]","og_url":"https:\/\/www.quebakan.com\/v15\/grupo-veris-destaca-la-transformacion-digital-en-salud-durante-el-evento-exposalud-bienestar-2025\/","og_site_name":"QUEBAKAN.COM 2026: Noticias, Eventos, Conciertos y mucho m\u00e1s....","article_publisher":"http:\/\/www.facebook.com\/quebakan","article_published_time":"2025-12-05T03:49:22+00:00","og_image":[{"width":700,"height":467,"url":"https:\/\/www.quebakan.com\/v15\/wp-content\/uploads\/2025\/12\/DSC09922.jpg","type":"image\/jpeg"}],"author":"Erick Villafuerte","twitter_card":"summary_large_image","twitter_creator":"@quebakanec","twitter_site":"@quebakanec","twitter_misc":{"Escrito por":"Erick Villafuerte","Tiempo de lectura":"3 minutos"},"schema":{"@context":"https:\/\/schema.org","@graph":[{"@type":"Article","@id":"https:\/\/www.quebakan.com\/v15\/grupo-veris-destaca-la-transformacion-digital-en-salud-durante-el-evento-exposalud-bienestar-2025\/#article","isPartOf":{"@id":"https:\/\/www.quebakan.com\/v15\/grupo-veris-destaca-la-transformacion-digital-en-salud-durante-el-evento-exposalud-bienestar-2025\/"},"author":{"name":"Erick Villafuerte","@id":"https:\/\/www.quebakan.com\/v15\/#\/schema\/person\/d90fa9f9cfa81eb8ace9811e5b7b9118"},"headline":"Grupo Veris destaca la transformaci\u00f3n digital en salud durante el evento ExpoSalud &#038; Bienestar 2025","datePublished":"2025-12-05T03:49:22+00:00","mainEntityOfPage":{"@id":"https:\/\/www.quebakan.com\/v15\/grupo-veris-destaca-la-transformacion-digital-en-salud-durante-el-evento-exposalud-bienestar-2025\/"},"wordCount":437,"publisher":{"@id":"https:\/\/www.quebakan.com\/v15\/#organization"},"image":{"@id":"https:\/\/www.quebakan.com\/v15\/grupo-veris-destaca-la-transformacion-digital-en-salud-durante-el-evento-exposalud-bienestar-2025\/#primaryimage"},"thumbnailUrl":"https:\/\/www.quebakan.com\/v15\/wp-content\/uploads\/2025\/12\/DSC09922.jpg","articleSection":["Noticias"],"inLanguage":"es"},{"@type":"WebPage","@id":"https:\/\/www.quebakan.com\/v15\/grupo-veris-destaca-la-transformacion-digital-en-salud-durante-el-evento-exposalud-bienestar-2025\/","url":"https:\/\/www.quebakan.com\/v15\/grupo-veris-destaca-la-transformacion-digital-en-salud-durante-el-evento-exposalud-bienestar-2025\/","name":"Grupo Veris destaca la transformaci\u00f3n digital en salud durante el evento ExpoSalud & Bienestar 2025 &#8211; QUEBAKAN.COM 2026: Noticias, Eventos, Conciertos y mucho m\u00e1s....","isPartOf":{"@id":"https:\/\/www.quebakan.com\/v15\/#website"},"primaryImageOfPage":{"@id":"https:\/\/www.quebakan.com\/v15\/grupo-veris-destaca-la-transformacion-digital-en-salud-durante-el-evento-exposalud-bienestar-2025\/#primaryimage"},"image":{"@id":"https:\/\/www.quebakan.com\/v15\/grupo-veris-destaca-la-transformacion-digital-en-salud-durante-el-evento-exposalud-bienestar-2025\/#primaryimage"},"thumbnailUrl":"https:\/\/www.quebakan.com\/v15\/wp-content\/uploads\/2025\/12\/DSC09922.jpg","datePublished":"2025-12-05T03:49:22+00:00","breadcrumb":{"@id":"https:\/\/www.quebakan.com\/v15\/grupo-veris-destaca-la-transformacion-digital-en-salud-durante-el-evento-exposalud-bienestar-2025\/#breadcrumb"},"inLanguage":"es","potentialAction":[{"@type":"ReadAction","target":["https:\/\/www.quebakan.com\/v15\/grupo-veris-destaca-la-transformacion-digital-en-salud-durante-el-evento-exposalud-bienestar-2025\/"]}]},{"@type":"ImageObject","inLanguage":"es","@id":"https:\/\/www.quebakan.com\/v15\/grupo-veris-destaca-la-transformacion-digital-en-salud-durante-el-evento-exposalud-bienestar-2025\/#primaryimage","url":"https:\/\/www.quebakan.com\/v15\/wp-content\/uploads\/2025\/12\/DSC09922.jpg","contentUrl":"https:\/\/www.quebakan.com\/v15\/wp-content\/uploads\/2025\/12\/DSC09922.jpg","width":700,"height":467},{"@type":"BreadcrumbList","@id":"https:\/\/www.quebakan.com\/v15\/grupo-veris-destaca-la-transformacion-digital-en-salud-durante-el-evento-exposalud-bienestar-2025\/#breadcrumb","itemListElement":[{"@type":"ListItem","position":1,"name":"Portada","item":"https:\/\/www.quebakan.com\/v15\/"},{"@type":"ListItem","position":2,"name":"Grupo Veris destaca la transformaci\u00f3n digital en salud durante el evento ExpoSalud &#038; Bienestar 2025"}]},{"@type":"WebSite","@id":"https:\/\/www.quebakan.com\/v15\/#website","url":"https:\/\/www.quebakan.com\/v15\/","name":"QUEBAKAN","description":"..","publisher":{"@id":"https:\/\/www.quebakan.com\/v15\/#organization"},"potentialAction":[{"@type":"SearchAction","target":{"@type":"EntryPoint","urlTemplate":"https:\/\/www.quebakan.com\/v15\/?s={search_term_string}"},"query-input":{"@type":"PropertyValueSpecification","valueRequired":true,"valueName":"search_term_string"}}],"inLanguage":"es"},{"@type":"Organization","@id":"https:\/\/www.quebakan.com\/v15\/#organization","name":"Quebakan.com","url":"https:\/\/www.quebakan.com\/v15\/","logo":{"@type":"ImageObject","inLanguage":"es","@id":"https:\/\/www.quebakan.com\/v15\/#\/schema\/logo\/image\/","url":"https:\/\/www.quebakan.com\/v15\/wp-content\/uploads\/2023\/07\/logoquebakanenero2021.jpg","contentUrl":"https:\/\/www.quebakan.com\/v15\/wp-content\/uploads\/2023\/07\/logoquebakanenero2021.jpg","width":1920,"height":1080,"caption":"Quebakan.com"},"image":{"@id":"https:\/\/www.quebakan.com\/v15\/#\/schema\/logo\/image\/"},"sameAs":["http:\/\/www.facebook.com\/quebakan","https:\/\/x.com\/quebakanec","http:\/\/www.instagram.com\/quebakan","http:\/\/www.youtube.com\/quebakan1"]},{"@type":"Person","@id":"https:\/\/www.quebakan.com\/v15\/#\/schema\/person\/d90fa9f9cfa81eb8ace9811e5b7b9118","name":"Erick Villafuerte","image":{"@type":"ImageObject","inLanguage":"es","@id":"https:\/\/www.quebakan.com\/v15\/wp-content\/uploads\/avatars\/4\/1731297654-bpfull.png","url":"https:\/\/www.quebakan.com\/v15\/wp-content\/uploads\/avatars\/4\/1731297654-bpfull.png","contentUrl":"https:\/\/www.quebakan.com\/v15\/wp-content\/uploads\/avatars\/4\/1731297654-bpfull.png","caption":"Erick Villafuerte"}}]}},"_links":{"self":[{"href":"https:\/\/www.quebakan.com\/v15\/wp-json\/wp\/v2\/posts\/138172","targetHints":{"allow":["GET"]}}],"collection":[{"href":"https:\/\/www.quebakan.com\/v15\/wp-json\/wp\/v2\/posts"}],"about":[{"href":"https:\/\/www.quebakan.com\/v15\/wp-json\/wp\/v2\/types\/post"}],"author":[{"embeddable":true,"href":"https:\/\/www.quebakan.com\/v15\/wp-json\/wp\/v2\/users\/4"}],"replies":[{"embeddable":true,"href":"https:\/\/www.quebakan.com\/v15\/wp-json\/wp\/v2\/comments?post=138172"}],"version-history":[{"count":1,"href":"https:\/\/www.quebakan.com\/v15\/wp-json\/wp\/v2\/posts\/138172\/revisions"}],"predecessor-version":[{"id":138175,"href":"https:\/\/www.quebakan.com\/v15\/wp-json\/wp\/v2\/posts\/138172\/revisions\/138175"}],"wp:featuredmedia":[{"embeddable":true,"href":"https:\/\/www.quebakan.com\/v15\/wp-json\/wp\/v2\/media\/138173"}],"wp:attachment":[{"href":"https:\/\/www.quebakan.com\/v15\/wp-json\/wp\/v2\/media?parent=138172"}],"wp:term":[{"taxonomy":"category","embeddable":true,"href":"https:\/\/www.quebakan.com\/v15\/wp-json\/wp\/v2\/categories?post=138172"},{"taxonomy":"post_tag","embeddable":true,"href":"https:\/\/www.quebakan.com\/v15\/wp-json\/wp\/v2\/tags?post=138172"}],"curies":[{"name":"wp","href":"https:\/\/api.w.org\/{rel}","templated":true}]}}