{"id":138176,"date":"2025-12-04T22:59:09","date_gmt":"2025-12-05T03:59:09","guid":{"rendered":"https:\/\/www.quebakan.com\/v15\/?p=138176"},"modified":"2025-12-04T22:59:09","modified_gmt":"2025-12-05T03:59:09","slug":"brenda-representara-a-ecuador-en-el-festival-vina-del-mar-2026","status":"publish","type":"post","link":"https:\/\/www.quebakan.com\/v15\/brenda-representara-a-ecuador-en-el-festival-vina-del-mar-2026\/","title":{"rendered":"BRENDA REPRESENTAR\u00c1 A ECUADOR EN EL FESTIVAL VI\u00d1A DEL MAR 2026"},"content":{"rendered":"<p><img fetchpriority=\"high\" decoding=\"async\" class=\"aligncenter size-full wp-image-138177\" src=\"https:\/\/www.quebakan.com\/v15\/wp-content\/uploads\/2025\/12\/ECUADOR-FOLK-2-POST.jpg\" alt=\"\" width=\"572\" height=\"715\" \/><\/p>\n<p class=\"x_gmail-MsoNoSpacing\" style=\"text-align: justify;\"><span style=\"color: #000000;\" data-olk-copy-source=\"MessageBody\">Brenda, una de las voces emergentes m\u00e1s prometedoras del pa\u00eds, ha sido seleccionada para representar a Ecuador en la categor\u00eda Folcl\u00f3rica del Festival Internacional de la Canci\u00f3n de Vi\u00f1a del Mar 2026, uno de los escenarios musicales m\u00e1s prestigiosos de Latinoam\u00e9rica.<\/span><\/p>\n<p class=\"x_gmail-MsoNoSpacing\" style=\"text-align: justify;\"><span style=\"color: #000000;\">Su participaci\u00f3n estar\u00e1 enmarcada en la presentaci\u00f3n de su nuevo tema\u00a0<strong>\u201cCapullito\u201d<\/strong>, una composici\u00f3n que fusiona ra\u00edces tradicionales con ritmos contempor\u00e1neos. La canci\u00f3n rinde homenaje a la esencia de la identidad ecuatoriana al integrar sonoridades ancestrales, melod\u00edas andinas y elementos modernos que reflejan la evoluci\u00f3n del folclore nacional. Con una interpretaci\u00f3n cargada de sensibilidad, fuerza y autenticidad, la cantautora busca llevar a Vi\u00f1a del Mar un mensaje de renovaci\u00f3n y profundo orgullo cultural.<\/span><\/p>\n<p class=\"x_gmail-MsoNoSpacing\" style=\"text-align: justify;\"><span style=\"color: #000000;\">Nacida en Guayaquil hace 29 a\u00f1os, de padre otavale\u00f1o y madre guayaquile\u00f1a, Brenda ha crecido entre la Sierra y la Costa; entre la machica y el ceviche; entre relatos de abuelos y canciones de la tierra. Desde temprana edad encontr\u00f3 en la m\u00fasica un puente para honrar esta dualidad cultural, que hoy florece en melod\u00edas donde sanjuanitos, bombas, boleros y pasillos dialogan con una producci\u00f3n contempor\u00e1nea.<\/span><\/p>\n<p class=\"x_gmail-MsoNoSpacing\" style=\"text-align: justify;\"><span style=\"color: #000000;\">Tras el anuncio oficial por parte de la organizaci\u00f3n, la artista expres\u00f3 su emoci\u00f3n: <strong>\u201cRepresentar a mi pa\u00eds en un festival tan emblem\u00e1tico es un sue\u00f1o hecho realidad.\u00a0<\/strong><em><b>Capullito<\/b><\/em><strong>\u00a0nace desde lo m\u00e1s profundo de mis ra\u00edces, y espero que el p\u00fablico latinoamericano pueda sentir esa conexi\u00f3n y esa historia\u201d.<\/strong><\/span><\/p>\n<p class=\"x_gmail-MsoNoSpacing\" style=\"text-align: justify;\"><span style=\"color: #000000;\">Con una trayectoria en constante crecimiento, Brenda se ha consolidado como una artista vers\u00e1til, reconocida por su voz c\u00e1lida, su compromiso con la m\u00fasica ecuatoriana y su capacidad para unir tradici\u00f3n y modernidad. Su participaci\u00f3n en Vi\u00f1a del Mar 2026 marcar\u00e1 un hito en su carrera y contribuir\u00e1 a la proyecci\u00f3n internacional del folklore ecuatoriano.<\/span><\/p>\n<p class=\"x_gmail-MsoNoSpacing\" style=\"text-align: justify;\"><span style=\"color: #000000;\">El Festival Internacional de la Canci\u00f3n de Vi\u00f1a del Mar, que se celebrar\u00e1 en febrero de 2026, reunir\u00e1 a artistas de toda Iberoam\u00e9rica en un encuentro musical dedicado a la diversidad cultural y a las nuevas propuestas art\u00edsticas del continente.<\/span><\/p>\n","protected":false},"excerpt":{"rendered":"<p>Brenda, una de las voces emergentes m\u00e1s prometedoras del pa\u00eds, ha sido seleccionada para representar a Ecuador en la categor\u00eda Folcl\u00f3rica del Festival Internacional de la Canci\u00f3n de Vi\u00f1a del Mar 2026, uno de los escenarios musicales m\u00e1s prestigiosos de Latinoam\u00e9rica. Su participaci\u00f3n estar\u00e1 enmarcada en la presentaci\u00f3n de su nuevo tema\u00a0\u201cCapullito\u201d, una composici\u00f3n que [&hellip;]<\/p>\n","protected":false},"author":4,"featured_media":138177,"comment_status":"closed","ping_status":"closed","sticky":false,"template":"","format":"standard","meta":{"_bbp_topic_count":0,"_bbp_reply_count":0,"_bbp_total_topic_count":0,"_bbp_total_reply_count":0,"_bbp_voice_count":0,"_bbp_anonymous_reply_count":0,"_bbp_topic_count_hidden":0,"_bbp_reply_count_hidden":0,"_bbp_forum_subforum_count":0,"buzzeditor_post_format":"","footnotes":""},"categories":[2],"tags":[],"class_list":["post-138176","post","type-post","status-publish","format-standard","has-post-thumbnail","hentry","category-noticias"],"yoast_head":"<!-- This site is optimized with the Yoast SEO plugin v27.5 - https:\/\/yoast.com\/product\/yoast-seo-wordpress\/ -->\n<title>BRENDA REPRESENTAR\u00c1 A ECUADOR EN EL FESTIVAL VI\u00d1A DEL MAR 2026 &#8211; QUEBAKAN.COM 2026: Noticias, Eventos, Conciertos y mucho m\u00e1s....<\/title>\n<meta name=\"robots\" content=\"index, follow, max-snippet:-1, max-image-preview:large, max-video-preview:-1\" \/>\n<link rel=\"canonical\" href=\"https:\/\/www.quebakan.com\/v15\/brenda-representara-a-ecuador-en-el-festival-vina-del-mar-2026\/\" \/>\n<meta property=\"og:locale\" content=\"es_ES\" \/>\n<meta property=\"og:type\" content=\"article\" \/>\n<meta property=\"og:title\" content=\"BRENDA REPRESENTAR\u00c1 A ECUADOR EN EL FESTIVAL VI\u00d1A DEL MAR 2026 &#8211; QUEBAKAN.COM 2026: Noticias, Eventos, Conciertos y mucho m\u00e1s....\" \/>\n<meta property=\"og:description\" content=\"Brenda, una de las voces emergentes m\u00e1s prometedoras del pa\u00eds, ha sido seleccionada para representar a Ecuador en la categor\u00eda Folcl\u00f3rica del Festival Internacional de la Canci\u00f3n de Vi\u00f1a del Mar 2026, uno de los escenarios musicales m\u00e1s prestigiosos de Latinoam\u00e9rica. Su participaci\u00f3n estar\u00e1 enmarcada en la presentaci\u00f3n de su nuevo tema\u00a0\u201cCapullito\u201d, una composici\u00f3n que [&hellip;]\" \/>\n<meta property=\"og:url\" content=\"https:\/\/www.quebakan.com\/v15\/brenda-representara-a-ecuador-en-el-festival-vina-del-mar-2026\/\" \/>\n<meta property=\"og:site_name\" content=\"QUEBAKAN.COM 2026: Noticias, Eventos, Conciertos y mucho m\u00e1s....\" \/>\n<meta property=\"article:publisher\" content=\"http:\/\/www.facebook.com\/quebakan\" \/>\n<meta property=\"article:published_time\" content=\"2025-12-05T03:59:09+00:00\" \/>\n<meta property=\"og:image\" content=\"https:\/\/www.quebakan.com\/v15\/wp-content\/uploads\/2025\/12\/ECUADOR-FOLK-2-POST.jpg\" \/>\n\t<meta property=\"og:image:width\" content=\"572\" \/>\n\t<meta property=\"og:image:height\" content=\"715\" \/>\n\t<meta property=\"og:image:type\" content=\"image\/jpeg\" \/>\n<meta name=\"author\" content=\"Erick Villafuerte\" \/>\n<meta name=\"twitter:card\" content=\"summary_large_image\" \/>\n<meta name=\"twitter:creator\" content=\"@quebakanec\" \/>\n<meta name=\"twitter:site\" content=\"@quebakanec\" \/>\n<meta name=\"twitter:label1\" content=\"Escrito por\" \/>\n\t<meta name=\"twitter:data1\" content=\"Erick Villafuerte\" \/>\n\t<meta name=\"twitter:label2\" content=\"Tiempo de lectura\" \/>\n\t<meta name=\"twitter:data2\" content=\"2 minutos\" \/>\n<script type=\"application\/ld+json\" class=\"yoast-schema-graph\">{\"@context\":\"https:\\\/\\\/schema.org\",\"@graph\":[{\"@type\":\"Article\",\"@id\":\"https:\\\/\\\/www.quebakan.com\\\/v15\\\/brenda-representara-a-ecuador-en-el-festival-vina-del-mar-2026\\\/#article\",\"isPartOf\":{\"@id\":\"https:\\\/\\\/www.quebakan.com\\\/v15\\\/brenda-representara-a-ecuador-en-el-festival-vina-del-mar-2026\\\/\"},\"author\":{\"name\":\"Erick Villafuerte\",\"@id\":\"https:\\\/\\\/www.quebakan.com\\\/v15\\\/#\\\/schema\\\/person\\\/d90fa9f9cfa81eb8ace9811e5b7b9118\"},\"headline\":\"BRENDA REPRESENTAR\u00c1 A ECUADOR EN EL FESTIVAL VI\u00d1A DEL MAR 2026\",\"datePublished\":\"2025-12-05T03:59:09+00:00\",\"mainEntityOfPage\":{\"@id\":\"https:\\\/\\\/www.quebakan.com\\\/v15\\\/brenda-representara-a-ecuador-en-el-festival-vina-del-mar-2026\\\/\"},\"wordCount\":378,\"publisher\":{\"@id\":\"https:\\\/\\\/www.quebakan.com\\\/v15\\\/#organization\"},\"image\":{\"@id\":\"https:\\\/\\\/www.quebakan.com\\\/v15\\\/brenda-representara-a-ecuador-en-el-festival-vina-del-mar-2026\\\/#primaryimage\"},\"thumbnailUrl\":\"https:\\\/\\\/www.quebakan.com\\\/v15\\\/wp-content\\\/uploads\\\/2025\\\/12\\\/ECUADOR-FOLK-2-POST.jpg\",\"articleSection\":[\"Noticias\"],\"inLanguage\":\"es\"},{\"@type\":\"WebPage\",\"@id\":\"https:\\\/\\\/www.quebakan.com\\\/v15\\\/brenda-representara-a-ecuador-en-el-festival-vina-del-mar-2026\\\/\",\"url\":\"https:\\\/\\\/www.quebakan.com\\\/v15\\\/brenda-representara-a-ecuador-en-el-festival-vina-del-mar-2026\\\/\",\"name\":\"BRENDA REPRESENTAR\u00c1 A ECUADOR EN EL FESTIVAL VI\u00d1A DEL MAR 2026 &#8211; QUEBAKAN.COM 2026: Noticias, Eventos, Conciertos y mucho m\u00e1s....\",\"isPartOf\":{\"@id\":\"https:\\\/\\\/www.quebakan.com\\\/v15\\\/#website\"},\"primaryImageOfPage\":{\"@id\":\"https:\\\/\\\/www.quebakan.com\\\/v15\\\/brenda-representara-a-ecuador-en-el-festival-vina-del-mar-2026\\\/#primaryimage\"},\"image\":{\"@id\":\"https:\\\/\\\/www.quebakan.com\\\/v15\\\/brenda-representara-a-ecuador-en-el-festival-vina-del-mar-2026\\\/#primaryimage\"},\"thumbnailUrl\":\"https:\\\/\\\/www.quebakan.com\\\/v15\\\/wp-content\\\/uploads\\\/2025\\\/12\\\/ECUADOR-FOLK-2-POST.jpg\",\"datePublished\":\"2025-12-05T03:59:09+00:00\",\"breadcrumb\":{\"@id\":\"https:\\\/\\\/www.quebakan.com\\\/v15\\\/brenda-representara-a-ecuador-en-el-festival-vina-del-mar-2026\\\/#breadcrumb\"},\"inLanguage\":\"es\",\"potentialAction\":[{\"@type\":\"ReadAction\",\"target\":[\"https:\\\/\\\/www.quebakan.com\\\/v15\\\/brenda-representara-a-ecuador-en-el-festival-vina-del-mar-2026\\\/\"]}]},{\"@type\":\"ImageObject\",\"inLanguage\":\"es\",\"@id\":\"https:\\\/\\\/www.quebakan.com\\\/v15\\\/brenda-representara-a-ecuador-en-el-festival-vina-del-mar-2026\\\/#primaryimage\",\"url\":\"https:\\\/\\\/www.quebakan.com\\\/v15\\\/wp-content\\\/uploads\\\/2025\\\/12\\\/ECUADOR-FOLK-2-POST.jpg\",\"contentUrl\":\"https:\\\/\\\/www.quebakan.com\\\/v15\\\/wp-content\\\/uploads\\\/2025\\\/12\\\/ECUADOR-FOLK-2-POST.jpg\",\"width\":572,\"height\":715},{\"@type\":\"BreadcrumbList\",\"@id\":\"https:\\\/\\\/www.quebakan.com\\\/v15\\\/brenda-representara-a-ecuador-en-el-festival-vina-del-mar-2026\\\/#breadcrumb\",\"itemListElement\":[{\"@type\":\"ListItem\",\"position\":1,\"name\":\"Portada\",\"item\":\"https:\\\/\\\/www.quebakan.com\\\/v15\\\/\"},{\"@type\":\"ListItem\",\"position\":2,\"name\":\"BRENDA REPRESENTAR\u00c1 A ECUADOR EN EL FESTIVAL VI\u00d1A DEL MAR 2026\"}]},{\"@type\":\"WebSite\",\"@id\":\"https:\\\/\\\/www.quebakan.com\\\/v15\\\/#website\",\"url\":\"https:\\\/\\\/www.quebakan.com\\\/v15\\\/\",\"name\":\"QUEBAKAN\",\"description\":\"..\",\"publisher\":{\"@id\":\"https:\\\/\\\/www.quebakan.com\\\/v15\\\/#organization\"},\"potentialAction\":[{\"@type\":\"SearchAction\",\"target\":{\"@type\":\"EntryPoint\",\"urlTemplate\":\"https:\\\/\\\/www.quebakan.com\\\/v15\\\/?s={search_term_string}\"},\"query-input\":{\"@type\":\"PropertyValueSpecification\",\"valueRequired\":true,\"valueName\":\"search_term_string\"}}],\"inLanguage\":\"es\"},{\"@type\":\"Organization\",\"@id\":\"https:\\\/\\\/www.quebakan.com\\\/v15\\\/#organization\",\"name\":\"Quebakan.com\",\"url\":\"https:\\\/\\\/www.quebakan.com\\\/v15\\\/\",\"logo\":{\"@type\":\"ImageObject\",\"inLanguage\":\"es\",\"@id\":\"https:\\\/\\\/www.quebakan.com\\\/v15\\\/#\\\/schema\\\/logo\\\/image\\\/\",\"url\":\"https:\\\/\\\/www.quebakan.com\\\/v15\\\/wp-content\\\/uploads\\\/2023\\\/07\\\/logoquebakanenero2021.jpg\",\"contentUrl\":\"https:\\\/\\\/www.quebakan.com\\\/v15\\\/wp-content\\\/uploads\\\/2023\\\/07\\\/logoquebakanenero2021.jpg\",\"width\":1920,\"height\":1080,\"caption\":\"Quebakan.com\"},\"image\":{\"@id\":\"https:\\\/\\\/www.quebakan.com\\\/v15\\\/#\\\/schema\\\/logo\\\/image\\\/\"},\"sameAs\":[\"http:\\\/\\\/www.facebook.com\\\/quebakan\",\"https:\\\/\\\/x.com\\\/quebakanec\",\"http:\\\/\\\/www.instagram.com\\\/quebakan\",\"http:\\\/\\\/www.youtube.com\\\/quebakan1\"]},{\"@type\":\"Person\",\"@id\":\"https:\\\/\\\/www.quebakan.com\\\/v15\\\/#\\\/schema\\\/person\\\/d90fa9f9cfa81eb8ace9811e5b7b9118\",\"name\":\"Erick Villafuerte\",\"image\":{\"@type\":\"ImageObject\",\"inLanguage\":\"es\",\"@id\":\"https:\\\/\\\/www.quebakan.com\\\/v15\\\/wp-content\\\/uploads\\\/avatars\\\/4\\\/1731297654-bpfull.png\",\"url\":\"https:\\\/\\\/www.quebakan.com\\\/v15\\\/wp-content\\\/uploads\\\/avatars\\\/4\\\/1731297654-bpfull.png\",\"contentUrl\":\"https:\\\/\\\/www.quebakan.com\\\/v15\\\/wp-content\\\/uploads\\\/avatars\\\/4\\\/1731297654-bpfull.png\",\"caption\":\"Erick Villafuerte\"}}]}<\/script>\n<!-- \/ Yoast SEO plugin. -->","yoast_head_json":{"title":"BRENDA REPRESENTAR\u00c1 A ECUADOR EN EL FESTIVAL VI\u00d1A DEL MAR 2026 &#8211; QUEBAKAN.COM 2026: Noticias, Eventos, Conciertos y mucho m\u00e1s....","robots":{"index":"index","follow":"follow","max-snippet":"max-snippet:-1","max-image-preview":"max-image-preview:large","max-video-preview":"max-video-preview:-1"},"canonical":"https:\/\/www.quebakan.com\/v15\/brenda-representara-a-ecuador-en-el-festival-vina-del-mar-2026\/","og_locale":"es_ES","og_type":"article","og_title":"BRENDA REPRESENTAR\u00c1 A ECUADOR EN EL FESTIVAL VI\u00d1A DEL MAR 2026 &#8211; QUEBAKAN.COM 2026: Noticias, Eventos, Conciertos y mucho m\u00e1s....","og_description":"Brenda, una de las voces emergentes m\u00e1s prometedoras del pa\u00eds, ha sido seleccionada para representar a Ecuador en la categor\u00eda Folcl\u00f3rica del Festival Internacional de la Canci\u00f3n de Vi\u00f1a del Mar 2026, uno de los escenarios musicales m\u00e1s prestigiosos de Latinoam\u00e9rica. Su participaci\u00f3n estar\u00e1 enmarcada en la presentaci\u00f3n de su nuevo tema\u00a0\u201cCapullito\u201d, una composici\u00f3n que [&hellip;]","og_url":"https:\/\/www.quebakan.com\/v15\/brenda-representara-a-ecuador-en-el-festival-vina-del-mar-2026\/","og_site_name":"QUEBAKAN.COM 2026: Noticias, Eventos, Conciertos y mucho m\u00e1s....","article_publisher":"http:\/\/www.facebook.com\/quebakan","article_published_time":"2025-12-05T03:59:09+00:00","og_image":[{"width":572,"height":715,"url":"https:\/\/www.quebakan.com\/v15\/wp-content\/uploads\/2025\/12\/ECUADOR-FOLK-2-POST.jpg","type":"image\/jpeg"}],"author":"Erick Villafuerte","twitter_card":"summary_large_image","twitter_creator":"@quebakanec","twitter_site":"@quebakanec","twitter_misc":{"Escrito por":"Erick Villafuerte","Tiempo de lectura":"2 minutos"},"schema":{"@context":"https:\/\/schema.org","@graph":[{"@type":"Article","@id":"https:\/\/www.quebakan.com\/v15\/brenda-representara-a-ecuador-en-el-festival-vina-del-mar-2026\/#article","isPartOf":{"@id":"https:\/\/www.quebakan.com\/v15\/brenda-representara-a-ecuador-en-el-festival-vina-del-mar-2026\/"},"author":{"name":"Erick Villafuerte","@id":"https:\/\/www.quebakan.com\/v15\/#\/schema\/person\/d90fa9f9cfa81eb8ace9811e5b7b9118"},"headline":"BRENDA REPRESENTAR\u00c1 A ECUADOR EN EL FESTIVAL VI\u00d1A DEL MAR 2026","datePublished":"2025-12-05T03:59:09+00:00","mainEntityOfPage":{"@id":"https:\/\/www.quebakan.com\/v15\/brenda-representara-a-ecuador-en-el-festival-vina-del-mar-2026\/"},"wordCount":378,"publisher":{"@id":"https:\/\/www.quebakan.com\/v15\/#organization"},"image":{"@id":"https:\/\/www.quebakan.com\/v15\/brenda-representara-a-ecuador-en-el-festival-vina-del-mar-2026\/#primaryimage"},"thumbnailUrl":"https:\/\/www.quebakan.com\/v15\/wp-content\/uploads\/2025\/12\/ECUADOR-FOLK-2-POST.jpg","articleSection":["Noticias"],"inLanguage":"es"},{"@type":"WebPage","@id":"https:\/\/www.quebakan.com\/v15\/brenda-representara-a-ecuador-en-el-festival-vina-del-mar-2026\/","url":"https:\/\/www.quebakan.com\/v15\/brenda-representara-a-ecuador-en-el-festival-vina-del-mar-2026\/","name":"BRENDA REPRESENTAR\u00c1 A ECUADOR EN EL FESTIVAL VI\u00d1A DEL MAR 2026 &#8211; QUEBAKAN.COM 2026: Noticias, Eventos, Conciertos y mucho m\u00e1s....","isPartOf":{"@id":"https:\/\/www.quebakan.com\/v15\/#website"},"primaryImageOfPage":{"@id":"https:\/\/www.quebakan.com\/v15\/brenda-representara-a-ecuador-en-el-festival-vina-del-mar-2026\/#primaryimage"},"image":{"@id":"https:\/\/www.quebakan.com\/v15\/brenda-representara-a-ecuador-en-el-festival-vina-del-mar-2026\/#primaryimage"},"thumbnailUrl":"https:\/\/www.quebakan.com\/v15\/wp-content\/uploads\/2025\/12\/ECUADOR-FOLK-2-POST.jpg","datePublished":"2025-12-05T03:59:09+00:00","breadcrumb":{"@id":"https:\/\/www.quebakan.com\/v15\/brenda-representara-a-ecuador-en-el-festival-vina-del-mar-2026\/#breadcrumb"},"inLanguage":"es","potentialAction":[{"@type":"ReadAction","target":["https:\/\/www.quebakan.com\/v15\/brenda-representara-a-ecuador-en-el-festival-vina-del-mar-2026\/"]}]},{"@type":"ImageObject","inLanguage":"es","@id":"https:\/\/www.quebakan.com\/v15\/brenda-representara-a-ecuador-en-el-festival-vina-del-mar-2026\/#primaryimage","url":"https:\/\/www.quebakan.com\/v15\/wp-content\/uploads\/2025\/12\/ECUADOR-FOLK-2-POST.jpg","contentUrl":"https:\/\/www.quebakan.com\/v15\/wp-content\/uploads\/2025\/12\/ECUADOR-FOLK-2-POST.jpg","width":572,"height":715},{"@type":"BreadcrumbList","@id":"https:\/\/www.quebakan.com\/v15\/brenda-representara-a-ecuador-en-el-festival-vina-del-mar-2026\/#breadcrumb","itemListElement":[{"@type":"ListItem","position":1,"name":"Portada","item":"https:\/\/www.quebakan.com\/v15\/"},{"@type":"ListItem","position":2,"name":"BRENDA REPRESENTAR\u00c1 A ECUADOR EN EL FESTIVAL VI\u00d1A DEL MAR 2026"}]},{"@type":"WebSite","@id":"https:\/\/www.quebakan.com\/v15\/#website","url":"https:\/\/www.quebakan.com\/v15\/","name":"QUEBAKAN","description":"..","publisher":{"@id":"https:\/\/www.quebakan.com\/v15\/#organization"},"potentialAction":[{"@type":"SearchAction","target":{"@type":"EntryPoint","urlTemplate":"https:\/\/www.quebakan.com\/v15\/?s={search_term_string}"},"query-input":{"@type":"PropertyValueSpecification","valueRequired":true,"valueName":"search_term_string"}}],"inLanguage":"es"},{"@type":"Organization","@id":"https:\/\/www.quebakan.com\/v15\/#organization","name":"Quebakan.com","url":"https:\/\/www.quebakan.com\/v15\/","logo":{"@type":"ImageObject","inLanguage":"es","@id":"https:\/\/www.quebakan.com\/v15\/#\/schema\/logo\/image\/","url":"https:\/\/www.quebakan.com\/v15\/wp-content\/uploads\/2023\/07\/logoquebakanenero2021.jpg","contentUrl":"https:\/\/www.quebakan.com\/v15\/wp-content\/uploads\/2023\/07\/logoquebakanenero2021.jpg","width":1920,"height":1080,"caption":"Quebakan.com"},"image":{"@id":"https:\/\/www.quebakan.com\/v15\/#\/schema\/logo\/image\/"},"sameAs":["http:\/\/www.facebook.com\/quebakan","https:\/\/x.com\/quebakanec","http:\/\/www.instagram.com\/quebakan","http:\/\/www.youtube.com\/quebakan1"]},{"@type":"Person","@id":"https:\/\/www.quebakan.com\/v15\/#\/schema\/person\/d90fa9f9cfa81eb8ace9811e5b7b9118","name":"Erick Villafuerte","image":{"@type":"ImageObject","inLanguage":"es","@id":"https:\/\/www.quebakan.com\/v15\/wp-content\/uploads\/avatars\/4\/1731297654-bpfull.png","url":"https:\/\/www.quebakan.com\/v15\/wp-content\/uploads\/avatars\/4\/1731297654-bpfull.png","contentUrl":"https:\/\/www.quebakan.com\/v15\/wp-content\/uploads\/avatars\/4\/1731297654-bpfull.png","caption":"Erick Villafuerte"}}]}},"_links":{"self":[{"href":"https:\/\/www.quebakan.com\/v15\/wp-json\/wp\/v2\/posts\/138176","targetHints":{"allow":["GET"]}}],"collection":[{"href":"https:\/\/www.quebakan.com\/v15\/wp-json\/wp\/v2\/posts"}],"about":[{"href":"https:\/\/www.quebakan.com\/v15\/wp-json\/wp\/v2\/types\/post"}],"author":[{"embeddable":true,"href":"https:\/\/www.quebakan.com\/v15\/wp-json\/wp\/v2\/users\/4"}],"replies":[{"embeddable":true,"href":"https:\/\/www.quebakan.com\/v15\/wp-json\/wp\/v2\/comments?post=138176"}],"version-history":[{"count":1,"href":"https:\/\/www.quebakan.com\/v15\/wp-json\/wp\/v2\/posts\/138176\/revisions"}],"predecessor-version":[{"id":138178,"href":"https:\/\/www.quebakan.com\/v15\/wp-json\/wp\/v2\/posts\/138176\/revisions\/138178"}],"wp:featuredmedia":[{"embeddable":true,"href":"https:\/\/www.quebakan.com\/v15\/wp-json\/wp\/v2\/media\/138177"}],"wp:attachment":[{"href":"https:\/\/www.quebakan.com\/v15\/wp-json\/wp\/v2\/media?parent=138176"}],"wp:term":[{"taxonomy":"category","embeddable":true,"href":"https:\/\/www.quebakan.com\/v15\/wp-json\/wp\/v2\/categories?post=138176"},{"taxonomy":"post_tag","embeddable":true,"href":"https:\/\/www.quebakan.com\/v15\/wp-json\/wp\/v2\/tags?post=138176"}],"curies":[{"name":"wp","href":"https:\/\/api.w.org\/{rel}","templated":true}]}}