{"id":138183,"date":"2025-12-05T20:46:07","date_gmt":"2025-12-06T01:46:07","guid":{"rendered":"https:\/\/www.quebakan.com\/v15\/?p=138183"},"modified":"2025-12-05T20:46:07","modified_gmt":"2025-12-06T01:46:07","slug":"gourmandises-celebra-la-navidad-con-arte-sabor-y-elegancia","status":"publish","type":"post","link":"https:\/\/www.quebakan.com\/v15\/gourmandises-celebra-la-navidad-con-arte-sabor-y-elegancia\/","title":{"rendered":"Gourmandises celebra la Navidad con arte, sabor y elegancia"},"content":{"rendered":"<ul>\n<li style=\"text-align: justify;\"><span style=\"color: #000000;\"><em>La marca inaugura su nueva boutique en Hipermarket Buijo y presenta su exquisita colecci\u00f3n navide\u00f1a para las celebraciones de diciembre.<\/em><\/span><\/li>\n<li style=\"text-align: justify;\"><span style=\"color: #000000;\"><em>Panetones, troncos, chocolates y postres ic\u00f3nicos conforman una propuesta de m\u00e1s de 30 delicias artesanales.<\/em><\/span><\/li>\n<\/ul>\n<p style=\"text-align: justify;\"><span style=\"color: #000000;\"><em>Guayaquil, diciembre del 2025. \u2013<\/em> Gourmandises, sin\u00f3nimo de alta reposter\u00eda y elegancia artesanal, celebra esta Navidad con una propuesta que combina arte, sabor y emoci\u00f3n. Inspirada en la tradici\u00f3n pastelera europea y enriquecida con el alma ecuatoriana, la boutique reafirma su vocaci\u00f3n por crear experiencias sensoriales que trascienden el paladar.<\/span><\/p>\n<p style=\"text-align: justify;\"><span style=\"color: #000000;\">La marca inaugura su nueva boutique en Hipermarket Buijo, un espacio que mantiene la est\u00e9tica chic y vers\u00e1til que la distingue: un ambiente pensado para disfrutar, descubrir y vivir el universo Gourmandises. Desde este escenario, presenta su Colecci\u00f3n Navidad 2025, una selecci\u00f3n creada para celebrar el gusto por lo artesanal con un toque contempor\u00e1neo: panetones de chocolate con naranja, pistacho y el cl\u00e1sico tradicional; troncos, guirnaldas y \u00e1rboles de chocolate; tortas, galletas y canastas gourmet, adem\u00e1s de sus ic\u00f3nicos postres \u2014Torta \u00d3pera, Tarte au Citron y Fleur de Pistache\u2014 que consolidan su prestigio en la pasteler\u00eda de autor.<\/span><\/p>\n<p style=\"text-align: justify;\"><span style=\"color: #000000;\"><em>\u201cCada a\u00f1o buscamos que nuestras creaciones despierten nuevas emociones. Esta colecci\u00f3n rinde homenaje a la reposter\u00eda europea, reinterpretada con el alma ecuatoriana. Queremos que las familias vivan una Navidad llena de sabor, belleza y encanto\u201d, <\/em>expres\u00f3 Yves Revelly, chef ejecutivo de Gourmandises.<\/span><\/p>\n<p style=\"text-align: justify;\"><span style=\"color: #000000;\">La propuesta navide\u00f1a ofrece una amplia gama de precios y formatos: panetones artesanales desde $10,78, disponibles en sabores como chocolate al 70%, frutos tropicales, pistacho, pralin\u00e9 y cappuccino; bombones, galletas y macarons desde $2,50; figuras de chocolate decorativas \u2014\u00e1rboles, guirnaldas, duendes y Pap\u00e1 Noel\u2014 con precios entre $6 y $24; y las canastas gourmet corporativas, totalmente personalizables, desde $35.<\/span><\/p>\n<p style=\"text-align: justify;\"><span style=\"color: #000000;\"><em>\u201cLa Navidad es una \u00e9poca para compartir lo mejor de nosotros. En Gourmandises cuidamos cada textura, aroma y presentaci\u00f3n para que cada producto sea una experiencia \u00fanica pensada para sorprender y emocionar\u201d, <\/em>coment\u00f3 Santiago Parra, gerente general de la marca.<\/span><\/p>\n<p style=\"text-align: justify;\"><span style=\"color: #000000;\">La Colecci\u00f3n Navidad 2025 est\u00e1 disponible en todas las boutiques de Gourmandises: Alhambra (Samborond\u00f3n), su tienda insigne y elegante sal\u00f3n de t\u00e9; Village Plaza, Riocentro Los Ceibos, Riocentro El Dorado y ahora tambi\u00e9n en su nueva locaci\u00f3n en Hipermarket Buijo. Los pedidos pueden realizarse directamente en tienda o a trav\u00e9s de los canales digitales de la marca.<\/span><\/p>\n<p style=\"text-align: justify;\"><span style=\"color: #000000;\">Gourmandises reafirma su promesa: ofrecer experiencias que van m\u00e1s all\u00e1 del sabor, donde la t\u00e9cnica, la belleza y la autenticidad se encuentran en perfecta armon\u00eda. Gourmandises: tradici\u00f3n europea, alma ecuatoriana.<\/span><\/p>\n<p style=\"text-align: justify;\"><img fetchpriority=\"high\" decoding=\"async\" class=\"aligncenter size-full wp-image-138184\" src=\"https:\/\/www.quebakan.com\/v15\/wp-content\/uploads\/2025\/12\/Gourmandise-1.jpg\" alt=\"\" width=\"581\" height=\"700\" \/><\/p>\n<p style=\"text-align: center;\"><span style=\"color: #000000;\">Santiago Parra, gerente general de Gourmandises e Yves Revelly, chef ejecutivo de Gourmandises.<\/span><\/p>\n<p><img decoding=\"async\" class=\"aligncenter size-full wp-image-138185\" src=\"https:\/\/www.quebakan.com\/v15\/wp-content\/uploads\/2025\/12\/Gourmandise-2.jpg\" alt=\"\" width=\"700\" height=\"525\" \/><\/p>\n<p style=\"text-align: center;\"><span style=\"color: #000000;\">Local Hipermarket El Buijo<\/span><\/p>\n<p><img decoding=\"async\" class=\"aligncenter size-full wp-image-138186\" src=\"https:\/\/www.quebakan.com\/v15\/wp-content\/uploads\/2025\/12\/Gourmandise-4.jpg\" alt=\"\" width=\"525\" height=\"700\" \/><\/p>\n<p>&nbsp;<\/p>\n<p><img loading=\"lazy\" decoding=\"async\" class=\"aligncenter size-full wp-image-138187\" src=\"https:\/\/www.quebakan.com\/v15\/wp-content\/uploads\/2025\/12\/Gourmandise-3.jpg\" alt=\"\" width=\"700\" height=\"467\" \/><\/p>\n","protected":false},"excerpt":{"rendered":"<p>La marca inaugura su nueva boutique en Hipermarket Buijo y presenta su exquisita colecci\u00f3n navide\u00f1a para las celebraciones de diciembre. Panetones, troncos, chocolates y postres ic\u00f3nicos conforman una propuesta de m\u00e1s de 30 delicias artesanales. Guayaquil, diciembre del 2025. \u2013 Gourmandises, sin\u00f3nimo de alta reposter\u00eda y elegancia artesanal, celebra esta Navidad con una propuesta que [&hellip;]<\/p>\n","protected":false},"author":4,"featured_media":138184,"comment_status":"closed","ping_status":"closed","sticky":false,"template":"","format":"standard","meta":{"_bbp_topic_count":0,"_bbp_reply_count":0,"_bbp_total_topic_count":0,"_bbp_total_reply_count":0,"_bbp_voice_count":0,"_bbp_anonymous_reply_count":0,"_bbp_topic_count_hidden":0,"_bbp_reply_count_hidden":0,"_bbp_forum_subforum_count":0,"buzzeditor_post_format":"","footnotes":""},"categories":[2],"tags":[],"class_list":["post-138183","post","type-post","status-publish","format-standard","has-post-thumbnail","hentry","category-noticias"],"yoast_head":"<!-- This site is optimized with the Yoast SEO plugin v27.5 - https:\/\/yoast.com\/product\/yoast-seo-wordpress\/ -->\n<title>Gourmandises celebra la Navidad con arte, sabor y elegancia &#8211; QUEBAKAN.COM 2026: Noticias, Eventos, Conciertos y mucho m\u00e1s....<\/title>\n<meta name=\"robots\" content=\"index, follow, max-snippet:-1, max-image-preview:large, max-video-preview:-1\" \/>\n<link rel=\"canonical\" href=\"https:\/\/www.quebakan.com\/v15\/gourmandises-celebra-la-navidad-con-arte-sabor-y-elegancia\/\" \/>\n<meta property=\"og:locale\" content=\"es_ES\" \/>\n<meta property=\"og:type\" content=\"article\" \/>\n<meta property=\"og:title\" content=\"Gourmandises celebra la Navidad con arte, sabor y elegancia &#8211; QUEBAKAN.COM 2026: Noticias, Eventos, Conciertos y mucho m\u00e1s....\" \/>\n<meta property=\"og:description\" content=\"La marca inaugura su nueva boutique en Hipermarket Buijo y presenta su exquisita colecci\u00f3n navide\u00f1a para las celebraciones de diciembre. Panetones, troncos, chocolates y postres ic\u00f3nicos conforman una propuesta de m\u00e1s de 30 delicias artesanales. Guayaquil, diciembre del 2025. \u2013 Gourmandises, sin\u00f3nimo de alta reposter\u00eda y elegancia artesanal, celebra esta Navidad con una propuesta que [&hellip;]\" \/>\n<meta property=\"og:url\" content=\"https:\/\/www.quebakan.com\/v15\/gourmandises-celebra-la-navidad-con-arte-sabor-y-elegancia\/\" \/>\n<meta property=\"og:site_name\" content=\"QUEBAKAN.COM 2026: Noticias, Eventos, Conciertos y mucho m\u00e1s....\" \/>\n<meta property=\"article:publisher\" content=\"http:\/\/www.facebook.com\/quebakan\" \/>\n<meta property=\"article:published_time\" content=\"2025-12-06T01:46:07+00:00\" \/>\n<meta property=\"og:image\" content=\"https:\/\/www.quebakan.com\/v15\/wp-content\/uploads\/2025\/12\/Gourmandise-1.jpg\" \/>\n\t<meta property=\"og:image:width\" content=\"581\" \/>\n\t<meta property=\"og:image:height\" content=\"700\" \/>\n\t<meta property=\"og:image:type\" content=\"image\/jpeg\" \/>\n<meta name=\"author\" content=\"Erick Villafuerte\" \/>\n<meta name=\"twitter:card\" content=\"summary_large_image\" \/>\n<meta name=\"twitter:creator\" content=\"@quebakanec\" \/>\n<meta name=\"twitter:site\" content=\"@quebakanec\" \/>\n<meta name=\"twitter:label1\" content=\"Escrito por\" \/>\n\t<meta name=\"twitter:data1\" content=\"Erick Villafuerte\" \/>\n\t<meta name=\"twitter:label2\" content=\"Tiempo de lectura\" \/>\n\t<meta name=\"twitter:data2\" content=\"3 minutos\" \/>\n<script type=\"application\/ld+json\" class=\"yoast-schema-graph\">{\"@context\":\"https:\\\/\\\/schema.org\",\"@graph\":[{\"@type\":\"Article\",\"@id\":\"https:\\\/\\\/www.quebakan.com\\\/v15\\\/gourmandises-celebra-la-navidad-con-arte-sabor-y-elegancia\\\/#article\",\"isPartOf\":{\"@id\":\"https:\\\/\\\/www.quebakan.com\\\/v15\\\/gourmandises-celebra-la-navidad-con-arte-sabor-y-elegancia\\\/\"},\"author\":{\"name\":\"Erick Villafuerte\",\"@id\":\"https:\\\/\\\/www.quebakan.com\\\/v15\\\/#\\\/schema\\\/person\\\/d90fa9f9cfa81eb8ace9811e5b7b9118\"},\"headline\":\"Gourmandises celebra la Navidad con arte, sabor y elegancia\",\"datePublished\":\"2025-12-06T01:46:07+00:00\",\"mainEntityOfPage\":{\"@id\":\"https:\\\/\\\/www.quebakan.com\\\/v15\\\/gourmandises-celebra-la-navidad-con-arte-sabor-y-elegancia\\\/\"},\"wordCount\":460,\"publisher\":{\"@id\":\"https:\\\/\\\/www.quebakan.com\\\/v15\\\/#organization\"},\"image\":{\"@id\":\"https:\\\/\\\/www.quebakan.com\\\/v15\\\/gourmandises-celebra-la-navidad-con-arte-sabor-y-elegancia\\\/#primaryimage\"},\"thumbnailUrl\":\"https:\\\/\\\/www.quebakan.com\\\/v15\\\/wp-content\\\/uploads\\\/2025\\\/12\\\/Gourmandise-1.jpg\",\"articleSection\":[\"Noticias\"],\"inLanguage\":\"es\"},{\"@type\":\"WebPage\",\"@id\":\"https:\\\/\\\/www.quebakan.com\\\/v15\\\/gourmandises-celebra-la-navidad-con-arte-sabor-y-elegancia\\\/\",\"url\":\"https:\\\/\\\/www.quebakan.com\\\/v15\\\/gourmandises-celebra-la-navidad-con-arte-sabor-y-elegancia\\\/\",\"name\":\"Gourmandises celebra la Navidad con arte, sabor y elegancia &#8211; QUEBAKAN.COM 2026: Noticias, Eventos, Conciertos y mucho m\u00e1s....\",\"isPartOf\":{\"@id\":\"https:\\\/\\\/www.quebakan.com\\\/v15\\\/#website\"},\"primaryImageOfPage\":{\"@id\":\"https:\\\/\\\/www.quebakan.com\\\/v15\\\/gourmandises-celebra-la-navidad-con-arte-sabor-y-elegancia\\\/#primaryimage\"},\"image\":{\"@id\":\"https:\\\/\\\/www.quebakan.com\\\/v15\\\/gourmandises-celebra-la-navidad-con-arte-sabor-y-elegancia\\\/#primaryimage\"},\"thumbnailUrl\":\"https:\\\/\\\/www.quebakan.com\\\/v15\\\/wp-content\\\/uploads\\\/2025\\\/12\\\/Gourmandise-1.jpg\",\"datePublished\":\"2025-12-06T01:46:07+00:00\",\"breadcrumb\":{\"@id\":\"https:\\\/\\\/www.quebakan.com\\\/v15\\\/gourmandises-celebra-la-navidad-con-arte-sabor-y-elegancia\\\/#breadcrumb\"},\"inLanguage\":\"es\",\"potentialAction\":[{\"@type\":\"ReadAction\",\"target\":[\"https:\\\/\\\/www.quebakan.com\\\/v15\\\/gourmandises-celebra-la-navidad-con-arte-sabor-y-elegancia\\\/\"]}]},{\"@type\":\"ImageObject\",\"inLanguage\":\"es\",\"@id\":\"https:\\\/\\\/www.quebakan.com\\\/v15\\\/gourmandises-celebra-la-navidad-con-arte-sabor-y-elegancia\\\/#primaryimage\",\"url\":\"https:\\\/\\\/www.quebakan.com\\\/v15\\\/wp-content\\\/uploads\\\/2025\\\/12\\\/Gourmandise-1.jpg\",\"contentUrl\":\"https:\\\/\\\/www.quebakan.com\\\/v15\\\/wp-content\\\/uploads\\\/2025\\\/12\\\/Gourmandise-1.jpg\",\"width\":581,\"height\":700},{\"@type\":\"BreadcrumbList\",\"@id\":\"https:\\\/\\\/www.quebakan.com\\\/v15\\\/gourmandises-celebra-la-navidad-con-arte-sabor-y-elegancia\\\/#breadcrumb\",\"itemListElement\":[{\"@type\":\"ListItem\",\"position\":1,\"name\":\"Portada\",\"item\":\"https:\\\/\\\/www.quebakan.com\\\/v15\\\/\"},{\"@type\":\"ListItem\",\"position\":2,\"name\":\"Gourmandises celebra la Navidad con arte, sabor y elegancia\"}]},{\"@type\":\"WebSite\",\"@id\":\"https:\\\/\\\/www.quebakan.com\\\/v15\\\/#website\",\"url\":\"https:\\\/\\\/www.quebakan.com\\\/v15\\\/\",\"name\":\"QUEBAKAN\",\"description\":\"..\",\"publisher\":{\"@id\":\"https:\\\/\\\/www.quebakan.com\\\/v15\\\/#organization\"},\"potentialAction\":[{\"@type\":\"SearchAction\",\"target\":{\"@type\":\"EntryPoint\",\"urlTemplate\":\"https:\\\/\\\/www.quebakan.com\\\/v15\\\/?s={search_term_string}\"},\"query-input\":{\"@type\":\"PropertyValueSpecification\",\"valueRequired\":true,\"valueName\":\"search_term_string\"}}],\"inLanguage\":\"es\"},{\"@type\":\"Organization\",\"@id\":\"https:\\\/\\\/www.quebakan.com\\\/v15\\\/#organization\",\"name\":\"Quebakan.com\",\"url\":\"https:\\\/\\\/www.quebakan.com\\\/v15\\\/\",\"logo\":{\"@type\":\"ImageObject\",\"inLanguage\":\"es\",\"@id\":\"https:\\\/\\\/www.quebakan.com\\\/v15\\\/#\\\/schema\\\/logo\\\/image\\\/\",\"url\":\"https:\\\/\\\/www.quebakan.com\\\/v15\\\/wp-content\\\/uploads\\\/2023\\\/07\\\/logoquebakanenero2021.jpg\",\"contentUrl\":\"https:\\\/\\\/www.quebakan.com\\\/v15\\\/wp-content\\\/uploads\\\/2023\\\/07\\\/logoquebakanenero2021.jpg\",\"width\":1920,\"height\":1080,\"caption\":\"Quebakan.com\"},\"image\":{\"@id\":\"https:\\\/\\\/www.quebakan.com\\\/v15\\\/#\\\/schema\\\/logo\\\/image\\\/\"},\"sameAs\":[\"http:\\\/\\\/www.facebook.com\\\/quebakan\",\"https:\\\/\\\/x.com\\\/quebakanec\",\"http:\\\/\\\/www.instagram.com\\\/quebakan\",\"http:\\\/\\\/www.youtube.com\\\/quebakan1\"]},{\"@type\":\"Person\",\"@id\":\"https:\\\/\\\/www.quebakan.com\\\/v15\\\/#\\\/schema\\\/person\\\/d90fa9f9cfa81eb8ace9811e5b7b9118\",\"name\":\"Erick Villafuerte\",\"image\":{\"@type\":\"ImageObject\",\"inLanguage\":\"es\",\"@id\":\"https:\\\/\\\/www.quebakan.com\\\/v15\\\/wp-content\\\/uploads\\\/avatars\\\/4\\\/1731297654-bpfull.png\",\"url\":\"https:\\\/\\\/www.quebakan.com\\\/v15\\\/wp-content\\\/uploads\\\/avatars\\\/4\\\/1731297654-bpfull.png\",\"contentUrl\":\"https:\\\/\\\/www.quebakan.com\\\/v15\\\/wp-content\\\/uploads\\\/avatars\\\/4\\\/1731297654-bpfull.png\",\"caption\":\"Erick Villafuerte\"}}]}<\/script>\n<!-- \/ Yoast SEO plugin. -->","yoast_head_json":{"title":"Gourmandises celebra la Navidad con arte, sabor y elegancia &#8211; QUEBAKAN.COM 2026: Noticias, Eventos, Conciertos y mucho m\u00e1s....","robots":{"index":"index","follow":"follow","max-snippet":"max-snippet:-1","max-image-preview":"max-image-preview:large","max-video-preview":"max-video-preview:-1"},"canonical":"https:\/\/www.quebakan.com\/v15\/gourmandises-celebra-la-navidad-con-arte-sabor-y-elegancia\/","og_locale":"es_ES","og_type":"article","og_title":"Gourmandises celebra la Navidad con arte, sabor y elegancia &#8211; QUEBAKAN.COM 2026: Noticias, Eventos, Conciertos y mucho m\u00e1s....","og_description":"La marca inaugura su nueva boutique en Hipermarket Buijo y presenta su exquisita colecci\u00f3n navide\u00f1a para las celebraciones de diciembre. Panetones, troncos, chocolates y postres ic\u00f3nicos conforman una propuesta de m\u00e1s de 30 delicias artesanales. Guayaquil, diciembre del 2025. \u2013 Gourmandises, sin\u00f3nimo de alta reposter\u00eda y elegancia artesanal, celebra esta Navidad con una propuesta que [&hellip;]","og_url":"https:\/\/www.quebakan.com\/v15\/gourmandises-celebra-la-navidad-con-arte-sabor-y-elegancia\/","og_site_name":"QUEBAKAN.COM 2026: Noticias, Eventos, Conciertos y mucho m\u00e1s....","article_publisher":"http:\/\/www.facebook.com\/quebakan","article_published_time":"2025-12-06T01:46:07+00:00","og_image":[{"width":581,"height":700,"url":"https:\/\/www.quebakan.com\/v15\/wp-content\/uploads\/2025\/12\/Gourmandise-1.jpg","type":"image\/jpeg"}],"author":"Erick Villafuerte","twitter_card":"summary_large_image","twitter_creator":"@quebakanec","twitter_site":"@quebakanec","twitter_misc":{"Escrito por":"Erick Villafuerte","Tiempo de lectura":"3 minutos"},"schema":{"@context":"https:\/\/schema.org","@graph":[{"@type":"Article","@id":"https:\/\/www.quebakan.com\/v15\/gourmandises-celebra-la-navidad-con-arte-sabor-y-elegancia\/#article","isPartOf":{"@id":"https:\/\/www.quebakan.com\/v15\/gourmandises-celebra-la-navidad-con-arte-sabor-y-elegancia\/"},"author":{"name":"Erick Villafuerte","@id":"https:\/\/www.quebakan.com\/v15\/#\/schema\/person\/d90fa9f9cfa81eb8ace9811e5b7b9118"},"headline":"Gourmandises celebra la Navidad con arte, sabor y elegancia","datePublished":"2025-12-06T01:46:07+00:00","mainEntityOfPage":{"@id":"https:\/\/www.quebakan.com\/v15\/gourmandises-celebra-la-navidad-con-arte-sabor-y-elegancia\/"},"wordCount":460,"publisher":{"@id":"https:\/\/www.quebakan.com\/v15\/#organization"},"image":{"@id":"https:\/\/www.quebakan.com\/v15\/gourmandises-celebra-la-navidad-con-arte-sabor-y-elegancia\/#primaryimage"},"thumbnailUrl":"https:\/\/www.quebakan.com\/v15\/wp-content\/uploads\/2025\/12\/Gourmandise-1.jpg","articleSection":["Noticias"],"inLanguage":"es"},{"@type":"WebPage","@id":"https:\/\/www.quebakan.com\/v15\/gourmandises-celebra-la-navidad-con-arte-sabor-y-elegancia\/","url":"https:\/\/www.quebakan.com\/v15\/gourmandises-celebra-la-navidad-con-arte-sabor-y-elegancia\/","name":"Gourmandises celebra la Navidad con arte, sabor y elegancia &#8211; QUEBAKAN.COM 2026: Noticias, Eventos, Conciertos y mucho m\u00e1s....","isPartOf":{"@id":"https:\/\/www.quebakan.com\/v15\/#website"},"primaryImageOfPage":{"@id":"https:\/\/www.quebakan.com\/v15\/gourmandises-celebra-la-navidad-con-arte-sabor-y-elegancia\/#primaryimage"},"image":{"@id":"https:\/\/www.quebakan.com\/v15\/gourmandises-celebra-la-navidad-con-arte-sabor-y-elegancia\/#primaryimage"},"thumbnailUrl":"https:\/\/www.quebakan.com\/v15\/wp-content\/uploads\/2025\/12\/Gourmandise-1.jpg","datePublished":"2025-12-06T01:46:07+00:00","breadcrumb":{"@id":"https:\/\/www.quebakan.com\/v15\/gourmandises-celebra-la-navidad-con-arte-sabor-y-elegancia\/#breadcrumb"},"inLanguage":"es","potentialAction":[{"@type":"ReadAction","target":["https:\/\/www.quebakan.com\/v15\/gourmandises-celebra-la-navidad-con-arte-sabor-y-elegancia\/"]}]},{"@type":"ImageObject","inLanguage":"es","@id":"https:\/\/www.quebakan.com\/v15\/gourmandises-celebra-la-navidad-con-arte-sabor-y-elegancia\/#primaryimage","url":"https:\/\/www.quebakan.com\/v15\/wp-content\/uploads\/2025\/12\/Gourmandise-1.jpg","contentUrl":"https:\/\/www.quebakan.com\/v15\/wp-content\/uploads\/2025\/12\/Gourmandise-1.jpg","width":581,"height":700},{"@type":"BreadcrumbList","@id":"https:\/\/www.quebakan.com\/v15\/gourmandises-celebra-la-navidad-con-arte-sabor-y-elegancia\/#breadcrumb","itemListElement":[{"@type":"ListItem","position":1,"name":"Portada","item":"https:\/\/www.quebakan.com\/v15\/"},{"@type":"ListItem","position":2,"name":"Gourmandises celebra la Navidad con arte, sabor y elegancia"}]},{"@type":"WebSite","@id":"https:\/\/www.quebakan.com\/v15\/#website","url":"https:\/\/www.quebakan.com\/v15\/","name":"QUEBAKAN","description":"..","publisher":{"@id":"https:\/\/www.quebakan.com\/v15\/#organization"},"potentialAction":[{"@type":"SearchAction","target":{"@type":"EntryPoint","urlTemplate":"https:\/\/www.quebakan.com\/v15\/?s={search_term_string}"},"query-input":{"@type":"PropertyValueSpecification","valueRequired":true,"valueName":"search_term_string"}}],"inLanguage":"es"},{"@type":"Organization","@id":"https:\/\/www.quebakan.com\/v15\/#organization","name":"Quebakan.com","url":"https:\/\/www.quebakan.com\/v15\/","logo":{"@type":"ImageObject","inLanguage":"es","@id":"https:\/\/www.quebakan.com\/v15\/#\/schema\/logo\/image\/","url":"https:\/\/www.quebakan.com\/v15\/wp-content\/uploads\/2023\/07\/logoquebakanenero2021.jpg","contentUrl":"https:\/\/www.quebakan.com\/v15\/wp-content\/uploads\/2023\/07\/logoquebakanenero2021.jpg","width":1920,"height":1080,"caption":"Quebakan.com"},"image":{"@id":"https:\/\/www.quebakan.com\/v15\/#\/schema\/logo\/image\/"},"sameAs":["http:\/\/www.facebook.com\/quebakan","https:\/\/x.com\/quebakanec","http:\/\/www.instagram.com\/quebakan","http:\/\/www.youtube.com\/quebakan1"]},{"@type":"Person","@id":"https:\/\/www.quebakan.com\/v15\/#\/schema\/person\/d90fa9f9cfa81eb8ace9811e5b7b9118","name":"Erick Villafuerte","image":{"@type":"ImageObject","inLanguage":"es","@id":"https:\/\/www.quebakan.com\/v15\/wp-content\/uploads\/avatars\/4\/1731297654-bpfull.png","url":"https:\/\/www.quebakan.com\/v15\/wp-content\/uploads\/avatars\/4\/1731297654-bpfull.png","contentUrl":"https:\/\/www.quebakan.com\/v15\/wp-content\/uploads\/avatars\/4\/1731297654-bpfull.png","caption":"Erick Villafuerte"}}]}},"_links":{"self":[{"href":"https:\/\/www.quebakan.com\/v15\/wp-json\/wp\/v2\/posts\/138183","targetHints":{"allow":["GET"]}}],"collection":[{"href":"https:\/\/www.quebakan.com\/v15\/wp-json\/wp\/v2\/posts"}],"about":[{"href":"https:\/\/www.quebakan.com\/v15\/wp-json\/wp\/v2\/types\/post"}],"author":[{"embeddable":true,"href":"https:\/\/www.quebakan.com\/v15\/wp-json\/wp\/v2\/users\/4"}],"replies":[{"embeddable":true,"href":"https:\/\/www.quebakan.com\/v15\/wp-json\/wp\/v2\/comments?post=138183"}],"version-history":[{"count":1,"href":"https:\/\/www.quebakan.com\/v15\/wp-json\/wp\/v2\/posts\/138183\/revisions"}],"predecessor-version":[{"id":138188,"href":"https:\/\/www.quebakan.com\/v15\/wp-json\/wp\/v2\/posts\/138183\/revisions\/138188"}],"wp:featuredmedia":[{"embeddable":true,"href":"https:\/\/www.quebakan.com\/v15\/wp-json\/wp\/v2\/media\/138184"}],"wp:attachment":[{"href":"https:\/\/www.quebakan.com\/v15\/wp-json\/wp\/v2\/media?parent=138183"}],"wp:term":[{"taxonomy":"category","embeddable":true,"href":"https:\/\/www.quebakan.com\/v15\/wp-json\/wp\/v2\/categories?post=138183"},{"taxonomy":"post_tag","embeddable":true,"href":"https:\/\/www.quebakan.com\/v15\/wp-json\/wp\/v2\/tags?post=138183"}],"curies":[{"name":"wp","href":"https:\/\/api.w.org\/{rel}","templated":true}]}}